{"id":32598,"date":"2024-10-25T01:02:24","date_gmt":"2024-10-25T01:02:24","guid":{"rendered":"https:\/\/noti-america.com\/site\/ecuador\/?p=32598"},"modified":"2024-10-25T01:02:24","modified_gmt":"2024-10-25T01:02:24","slug":"ambato-busca-convertirse-en-un-referente-turistico-del-ecuador","status":"publish","type":"post","link":"https:\/\/noti-america.com\/site\/ecuador\/2024\/10\/25\/ambato-busca-convertirse-en-un-referente-turistico-del-ecuador\/","title":{"rendered":"Ambato busca convertirse en un referente tur\u00edstico del Ecuador"},"content":{"rendered":"<p><strong>REDACCI\u00d3N NOTI-AM\u00c9RICA (ECUADOR).<\/strong><\/p>\n<p style=\"text-align: justify\"><img loading=\"lazy\" decoding=\"async\" class=\"size-medium wp-image-32600 aligncenter\" src=\"https:\/\/noti-america.com\/site\/ecuador\/wp-content\/uploads\/sites\/18\/2024\/10\/Ambato-2-300x200.jpg\" alt=\"\" width=\"300\" height=\"200\" srcset=\"https:\/\/noti-america.com\/site\/ecuador\/wp-content\/uploads\/sites\/18\/2024\/10\/Ambato-2-300x200.jpg 300w, https:\/\/noti-america.com\/site\/ecuador\/wp-content\/uploads\/sites\/18\/2024\/10\/Ambato-2-768x512.jpg 768w, https:\/\/noti-america.com\/site\/ecuador\/wp-content\/uploads\/sites\/18\/2024\/10\/Ambato-2-272x182.jpg 272w, https:\/\/noti-america.com\/site\/ecuador\/wp-content\/uploads\/sites\/18\/2024\/10\/Ambato-2.jpg 960w\" sizes=\"auto, (max-width: 300px) 100vw, 300px\" \/>El Municipio de Ambato, en la provincia de Tungurahua, realizar\u00e1 una serie de actividades durante el pr\u00f3ximo feriado que vivir\u00e1n los ecuatorianos durante un fin de semana largo desde el viernes 1 de noviembre al lunes 4, al celebrase el D\u00eda de los Difuntos y la Independencia de Cuenca.<\/p>\n<p style=\"text-align: justify\">La campa\u00f1a denominada \u2018Ambato es tu destino, colores de nuestra tierra\u2019 fue presentada por las autoridades de la Direcci\u00f3n de Cultura y Turismo de ese Municipio este jueves, 24 de octubre 2024, en la ciudad de Guayaquil.<\/p>\n<p style=\"text-align: justify\">Fausto Velarde, especialista en gesti\u00f3n tur\u00edstica del Municipio de Ambato, dijo que esta iniciativa tiene un enfoque integral que busca posesionar tur\u00edsticamente al cant\u00f3n para que la gente conozca la oferta tur\u00edstica ya existente y tambi\u00e9n la nueva.<\/p>\n<p style=\"text-align: justify\">Adem\u00e1s, las autoridades buscan convertir a la ciudad en un referente tur\u00edstico impulsando sus \u201cRincones M\u00e1gicos\u201d, cuya denominaci\u00f3n fue entregada en septiembre por el Ministerio de Turismo.<\/p>\n","protected":false},"excerpt":{"rendered":"<p>REDACCI\u00d3N NOTI-AM\u00c9RICA (ECUADOR). El Municipio de Ambato, en la provincia de Tungurahua, realizar\u00e1 una serie de actividades durante el pr\u00f3ximo feriado que vivir\u00e1n los ecuatorianos durante un fin de semana largo desde el viernes&#46;&#46;&#46;<\/p>\n","protected":false},"author":144,"featured_media":32600,"comment_status":"open","ping_status":"open","sticky":false,"template":"","format":"standard","meta":{"_acf_changed":false,"om_disable_all_campaigns":false,"rop_custom_images_group":[],"rop_custom_messages_group":[],"rop_publish_now":"initial","rop_publish_now_accounts":{"twitter_242054905_242054905":""},"rop_publish_now_history":[],"rop_publish_now_status":"pending","_uf_show_specific_survey":0,"_uf_disable_surveys":false,"footnotes":""},"categories":[36],"tags":[],"class_list":["post-32598","post","type-post","status-publish","format-standard","has-post-thumbnail","hentry","category-turismo"],"acf":[],"aioseo_notices":[],"yoast_head":"<!-- This site is optimized with the Yoast SEO Premium plugin v24.9 (Yoast SEO v27.2) - https:\/\/yoast.com\/product\/yoast-seo-premium-wordpress\/ -->\n<title>Ambato busca convertirse en un referente tur\u00edstico del Ecuador - Ecuador | Noti-America.com<\/title>\n<meta name=\"robots\" content=\"index, follow, max-snippet:-1, max-image-preview:large, max-video-preview:-1\" \/>\n<link rel=\"canonical\" href=\"https:\/\/noti-america.com\/site\/ecuador\/2024\/10\/25\/ambato-busca-convertirse-en-un-referente-turistico-del-ecuador\/\" \/>\n<meta property=\"og:locale\" content=\"es_ES\" \/>\n<meta property=\"og:type\" content=\"article\" \/>\n<meta property=\"og:title\" content=\"Ambato busca convertirse en un referente tur\u00edstico del Ecuador\" \/>\n<meta property=\"og:description\" content=\"REDACCI\u00d3N NOTI-AM\u00c9RICA (ECUADOR). El Municipio de Ambato, en la provincia de Tungurahua, realizar\u00e1 una serie de actividades durante el pr\u00f3ximo feriado que vivir\u00e1n los ecuatorianos durante un fin de semana largo desde el viernes&#046;&#046;&#046;\" \/>\n<meta property=\"og:url\" content=\"https:\/\/noti-america.com\/site\/ecuador\/2024\/10\/25\/ambato-busca-convertirse-en-un-referente-turistico-del-ecuador\/\" \/>\n<meta property=\"og:site_name\" content=\"Ecuador | Noti-America.com\" \/>\n<meta property=\"article:published_time\" content=\"2024-10-25T01:02:24+00:00\" \/>\n<meta property=\"og:image\" content=\"https:\/\/noti-america.com\/site\/ecuador\/wp-content\/uploads\/sites\/18\/2024\/10\/Ambato-2.jpg\" \/>\n\t<meta property=\"og:image:width\" content=\"960\" \/>\n\t<meta property=\"og:image:height\" content=\"640\" \/>\n\t<meta property=\"og:image:type\" content=\"image\/jpeg\" \/>\n<meta name=\"author\" content=\"Henry Garrido\" \/>\n<meta name=\"twitter:card\" content=\"summary_large_image\" \/>\n<meta name=\"twitter:creator\" content=\"@notiamerica\" \/>\n<meta name=\"twitter:site\" content=\"@notiamerica\" \/>\n<meta name=\"twitter:label1\" content=\"Escrito por\" \/>\n\t<meta name=\"twitter:data1\" content=\"Henry Garrido\" \/>\n\t<meta name=\"twitter:label2\" content=\"Tiempo estimado de lectura\" \/>\n\t<meta name=\"twitter:data2\" content=\"2 minutos\" \/>\n<script type=\"application\/ld+json\" class=\"yoast-schema-graph\">{\"@context\":\"https:\/\/schema.org\",\"@graph\":[{\"@type\":\"Article\",\"@id\":\"https:\/\/noti-america.com\/site\/ecuador\/2024\/10\/25\/ambato-busca-convertirse-en-un-referente-turistico-del-ecuador\/#article\",\"isPartOf\":{\"@id\":\"https:\/\/noti-america.com\/site\/ecuador\/2024\/10\/25\/ambato-busca-convertirse-en-un-referente-turistico-del-ecuador\/\"},\"author\":{\"name\":\"Henry Garrido\",\"@id\":\"https:\/\/noti-america.com\/site\/ecuador\/#\/schema\/person\/00042412cfa9ecf98077f847ffadda4a\"},\"headline\":\"Ambato busca convertirse en un referente tur\u00edstico del Ecuador\",\"datePublished\":\"2024-10-25T01:02:24+00:00\",\"mainEntityOfPage\":{\"@id\":\"https:\/\/noti-america.com\/site\/ecuador\/2024\/10\/25\/ambato-busca-convertirse-en-un-referente-turistico-del-ecuador\/\"},\"wordCount\":177,\"commentCount\":0,\"publisher\":{\"@id\":\"https:\/\/noti-america.com\/site\/ecuador\/#organization\"},\"image\":{\"@id\":\"https:\/\/noti-america.com\/site\/ecuador\/2024\/10\/25\/ambato-busca-convertirse-en-un-referente-turistico-del-ecuador\/#primaryimage\"},\"thumbnailUrl\":\"https:\/\/noti-america.com\/site\/ecuador\/wp-content\/uploads\/sites\/18\/2024\/10\/Ambato-2.jpg\",\"articleSection\":[\"Turismo\"],\"inLanguage\":\"es\",\"potentialAction\":[{\"@type\":\"CommentAction\",\"name\":\"Comment\",\"target\":[\"https:\/\/noti-america.com\/site\/ecuador\/2024\/10\/25\/ambato-busca-convertirse-en-un-referente-turistico-del-ecuador\/#respond\"]}]},{\"@type\":\"WebPage\",\"@id\":\"https:\/\/noti-america.com\/site\/ecuador\/2024\/10\/25\/ambato-busca-convertirse-en-un-referente-turistico-del-ecuador\/\",\"url\":\"https:\/\/noti-america.com\/site\/ecuador\/2024\/10\/25\/ambato-busca-convertirse-en-un-referente-turistico-del-ecuador\/\",\"name\":\"Ambato busca convertirse en un referente tur\u00edstico del Ecuador - Ecuador | Noti-America.com\",\"isPartOf\":{\"@id\":\"https:\/\/noti-america.com\/site\/ecuador\/#website\"},\"primaryImageOfPage\":{\"@id\":\"https:\/\/noti-america.com\/site\/ecuador\/2024\/10\/25\/ambato-busca-convertirse-en-un-referente-turistico-del-ecuador\/#primaryimage\"},\"image\":{\"@id\":\"https:\/\/noti-america.com\/site\/ecuador\/2024\/10\/25\/ambato-busca-convertirse-en-un-referente-turistico-del-ecuador\/#primaryimage\"},\"thumbnailUrl\":\"https:\/\/noti-america.com\/site\/ecuador\/wp-content\/uploads\/sites\/18\/2024\/10\/Ambato-2.jpg\",\"datePublished\":\"2024-10-25T01:02:24+00:00\",\"breadcrumb\":{\"@id\":\"https:\/\/noti-america.com\/site\/ecuador\/2024\/10\/25\/ambato-busca-convertirse-en-un-referente-turistico-del-ecuador\/#breadcrumb\"},\"inLanguage\":\"es\",\"potentialAction\":[{\"@type\":\"ReadAction\",\"target\":[\"https:\/\/noti-america.com\/site\/ecuador\/2024\/10\/25\/ambato-busca-convertirse-en-un-referente-turistico-del-ecuador\/\"]}]},{\"@type\":\"ImageObject\",\"inLanguage\":\"es\",\"@id\":\"https:\/\/noti-america.com\/site\/ecuador\/2024\/10\/25\/ambato-busca-convertirse-en-un-referente-turistico-del-ecuador\/#primaryimage\",\"url\":\"https:\/\/noti-america.com\/site\/ecuador\/wp-content\/uploads\/sites\/18\/2024\/10\/Ambato-2.jpg\",\"contentUrl\":\"https:\/\/noti-america.com\/site\/ecuador\/wp-content\/uploads\/sites\/18\/2024\/10\/Ambato-2.jpg\",\"width\":960,\"height\":640},{\"@type\":\"BreadcrumbList\",\"@id\":\"https:\/\/noti-america.com\/site\/ecuador\/2024\/10\/25\/ambato-busca-convertirse-en-un-referente-turistico-del-ecuador\/#breadcrumb\",\"itemListElement\":[{\"@type\":\"ListItem\",\"position\":1,\"name\":\"Portada\",\"item\":\"https:\/\/noti-america.com\/site\/ecuador\/\"},{\"@type\":\"ListItem\",\"position\":2,\"name\":\"Ambato busca convertirse en un referente tur\u00edstico del Ecuador\"}]},{\"@type\":\"WebSite\",\"@id\":\"https:\/\/noti-america.com\/site\/ecuador\/#website\",\"url\":\"https:\/\/noti-america.com\/site\/ecuador\/\",\"name\":\"Ecuador | Noti-America.com\",\"description\":\"\",\"publisher\":{\"@id\":\"https:\/\/noti-america.com\/site\/ecuador\/#organization\"},\"potentialAction\":[{\"@type\":\"SearchAction\",\"target\":{\"@type\":\"EntryPoint\",\"urlTemplate\":\"https:\/\/noti-america.com\/site\/ecuador\/?s={search_term_string}\"},\"query-input\":{\"@type\":\"PropertyValueSpecification\",\"valueRequired\":true,\"valueName\":\"search_term_string\"}}],\"inLanguage\":\"es\"},{\"@type\":\"Organization\",\"@id\":\"https:\/\/noti-america.com\/site\/ecuador\/#organization\",\"name\":\"Noti-America LLC | Ecuador\",\"url\":\"https:\/\/noti-america.com\/site\/ecuador\/\",\"logo\":{\"@type\":\"ImageObject\",\"inLanguage\":\"es\",\"@id\":\"https:\/\/noti-america.com\/site\/ecuador\/#\/schema\/logo\/image\/\",\"url\":\"https:\/\/noti-america.com\/site\/ecuador\/wp-content\/uploads\/sites\/18\/2020\/07\/LogoNA-4x3-1.jpg\",\"contentUrl\":\"https:\/\/noti-america.com\/site\/ecuador\/wp-content\/uploads\/sites\/18\/2020\/07\/LogoNA-4x3-1.jpg\",\"width\":1236,\"height\":1080,\"caption\":\"Noti-America LLC | Ecuador\"},\"image\":{\"@id\":\"https:\/\/noti-america.com\/site\/ecuador\/#\/schema\/logo\/image\/\"},\"sameAs\":[\"https:\/\/x.com\/notiamerica\"]},{\"@type\":\"Person\",\"@id\":\"https:\/\/noti-america.com\/site\/ecuador\/#\/schema\/person\/00042412cfa9ecf98077f847ffadda4a\",\"name\":\"Henry Garrido\",\"image\":{\"@type\":\"ImageObject\",\"inLanguage\":\"es\",\"@id\":\"https:\/\/secure.gravatar.com\/avatar\/749ae5a1e6f22cf042f04b9f3f0a22732ae36970ccfd5c54a0a2ac3c4e1166ed?s=96&d=mm&r=g\",\"url\":\"https:\/\/secure.gravatar.com\/avatar\/749ae5a1e6f22cf042f04b9f3f0a22732ae36970ccfd5c54a0a2ac3c4e1166ed?s=96&d=mm&r=g\",\"contentUrl\":\"https:\/\/secure.gravatar.com\/avatar\/749ae5a1e6f22cf042f04b9f3f0a22732ae36970ccfd5c54a0a2ac3c4e1166ed?s=96&d=mm&r=g\",\"caption\":\"Henry Garrido\"},\"url\":\"https:\/\/noti-america.com\/site\/ecuador\/author\/hgarrido\/\"}]}<\/script>\n<!-- \/ Yoast SEO Premium plugin. -->","yoast_head_json":{"title":"Ambato busca convertirse en un referente tur\u00edstico del Ecuador - Ecuador | Noti-America.com","robots":{"index":"index","follow":"follow","max-snippet":"max-snippet:-1","max-image-preview":"max-image-preview:large","max-video-preview":"max-video-preview:-1"},"canonical":"https:\/\/noti-america.com\/site\/ecuador\/2024\/10\/25\/ambato-busca-convertirse-en-un-referente-turistico-del-ecuador\/","og_locale":"es_ES","og_type":"article","og_title":"Ambato busca convertirse en un referente tur\u00edstico del Ecuador","og_description":"REDACCI\u00d3N NOTI-AM\u00c9RICA (ECUADOR). El Municipio de Ambato, en la provincia de Tungurahua, realizar\u00e1 una serie de actividades durante el pr\u00f3ximo feriado que vivir\u00e1n los ecuatorianos durante un fin de semana largo desde el viernes&#46;&#46;&#46;","og_url":"https:\/\/noti-america.com\/site\/ecuador\/2024\/10\/25\/ambato-busca-convertirse-en-un-referente-turistico-del-ecuador\/","og_site_name":"Ecuador | Noti-America.com","article_published_time":"2024-10-25T01:02:24+00:00","og_image":[{"width":960,"height":640,"url":"https:\/\/noti-america.com\/site\/ecuador\/wp-content\/uploads\/sites\/18\/2024\/10\/Ambato-2.jpg","type":"image\/jpeg"}],"author":"Henry Garrido","twitter_card":"summary_large_image","twitter_creator":"@notiamerica","twitter_site":"@notiamerica","twitter_misc":{"Escrito por":"Henry Garrido","Tiempo estimado de lectura":"2 minutos"},"schema":{"@context":"https:\/\/schema.org","@graph":[{"@type":"Article","@id":"https:\/\/noti-america.com\/site\/ecuador\/2024\/10\/25\/ambato-busca-convertirse-en-un-referente-turistico-del-ecuador\/#article","isPartOf":{"@id":"https:\/\/noti-america.com\/site\/ecuador\/2024\/10\/25\/ambato-busca-convertirse-en-un-referente-turistico-del-ecuador\/"},"author":{"name":"Henry Garrido","@id":"https:\/\/noti-america.com\/site\/ecuador\/#\/schema\/person\/00042412cfa9ecf98077f847ffadda4a"},"headline":"Ambato busca convertirse en un referente tur\u00edstico del Ecuador","datePublished":"2024-10-25T01:02:24+00:00","mainEntityOfPage":{"@id":"https:\/\/noti-america.com\/site\/ecuador\/2024\/10\/25\/ambato-busca-convertirse-en-un-referente-turistico-del-ecuador\/"},"wordCount":177,"commentCount":0,"publisher":{"@id":"https:\/\/noti-america.com\/site\/ecuador\/#organization"},"image":{"@id":"https:\/\/noti-america.com\/site\/ecuador\/2024\/10\/25\/ambato-busca-convertirse-en-un-referente-turistico-del-ecuador\/#primaryimage"},"thumbnailUrl":"https:\/\/noti-america.com\/site\/ecuador\/wp-content\/uploads\/sites\/18\/2024\/10\/Ambato-2.jpg","articleSection":["Turismo"],"inLanguage":"es","potentialAction":[{"@type":"CommentAction","name":"Comment","target":["https:\/\/noti-america.com\/site\/ecuador\/2024\/10\/25\/ambato-busca-convertirse-en-un-referente-turistico-del-ecuador\/#respond"]}]},{"@type":"WebPage","@id":"https:\/\/noti-america.com\/site\/ecuador\/2024\/10\/25\/ambato-busca-convertirse-en-un-referente-turistico-del-ecuador\/","url":"https:\/\/noti-america.com\/site\/ecuador\/2024\/10\/25\/ambato-busca-convertirse-en-un-referente-turistico-del-ecuador\/","name":"Ambato busca convertirse en un referente tur\u00edstico del Ecuador - Ecuador | Noti-America.com","isPartOf":{"@id":"https:\/\/noti-america.com\/site\/ecuador\/#website"},"primaryImageOfPage":{"@id":"https:\/\/noti-america.com\/site\/ecuador\/2024\/10\/25\/ambato-busca-convertirse-en-un-referente-turistico-del-ecuador\/#primaryimage"},"image":{"@id":"https:\/\/noti-america.com\/site\/ecuador\/2024\/10\/25\/ambato-busca-convertirse-en-un-referente-turistico-del-ecuador\/#primaryimage"},"thumbnailUrl":"https:\/\/noti-america.com\/site\/ecuador\/wp-content\/uploads\/sites\/18\/2024\/10\/Ambato-2.jpg","datePublished":"2024-10-25T01:02:24+00:00","breadcrumb":{"@id":"https:\/\/noti-america.com\/site\/ecuador\/2024\/10\/25\/ambato-busca-convertirse-en-un-referente-turistico-del-ecuador\/#breadcrumb"},"inLanguage":"es","potentialAction":[{"@type":"ReadAction","target":["https:\/\/noti-america.com\/site\/ecuador\/2024\/10\/25\/ambato-busca-convertirse-en-un-referente-turistico-del-ecuador\/"]}]},{"@type":"ImageObject","inLanguage":"es","@id":"https:\/\/noti-america.com\/site\/ecuador\/2024\/10\/25\/ambato-busca-convertirse-en-un-referente-turistico-del-ecuador\/#primaryimage","url":"https:\/\/noti-america.com\/site\/ecuador\/wp-content\/uploads\/sites\/18\/2024\/10\/Ambato-2.jpg","contentUrl":"https:\/\/noti-america.com\/site\/ecuador\/wp-content\/uploads\/sites\/18\/2024\/10\/Ambato-2.jpg","width":960,"height":640},{"@type":"BreadcrumbList","@id":"https:\/\/noti-america.com\/site\/ecuador\/2024\/10\/25\/ambato-busca-convertirse-en-un-referente-turistico-del-ecuador\/#breadcrumb","itemListElement":[{"@type":"ListItem","position":1,"name":"Portada","item":"https:\/\/noti-america.com\/site\/ecuador\/"},{"@type":"ListItem","position":2,"name":"Ambato busca convertirse en un referente tur\u00edstico del Ecuador"}]},{"@type":"WebSite","@id":"https:\/\/noti-america.com\/site\/ecuador\/#website","url":"https:\/\/noti-america.com\/site\/ecuador\/","name":"Ecuador | Noti-America.com","description":"","publisher":{"@id":"https:\/\/noti-america.com\/site\/ecuador\/#organization"},"potentialAction":[{"@type":"SearchAction","target":{"@type":"EntryPoint","urlTemplate":"https:\/\/noti-america.com\/site\/ecuador\/?s={search_term_string}"},"query-input":{"@type":"PropertyValueSpecification","valueRequired":true,"valueName":"search_term_string"}}],"inLanguage":"es"},{"@type":"Organization","@id":"https:\/\/noti-america.com\/site\/ecuador\/#organization","name":"Noti-America LLC | Ecuador","url":"https:\/\/noti-america.com\/site\/ecuador\/","logo":{"@type":"ImageObject","inLanguage":"es","@id":"https:\/\/noti-america.com\/site\/ecuador\/#\/schema\/logo\/image\/","url":"https:\/\/noti-america.com\/site\/ecuador\/wp-content\/uploads\/sites\/18\/2020\/07\/LogoNA-4x3-1.jpg","contentUrl":"https:\/\/noti-america.com\/site\/ecuador\/wp-content\/uploads\/sites\/18\/2020\/07\/LogoNA-4x3-1.jpg","width":1236,"height":1080,"caption":"Noti-America LLC | Ecuador"},"image":{"@id":"https:\/\/noti-america.com\/site\/ecuador\/#\/schema\/logo\/image\/"},"sameAs":["https:\/\/x.com\/notiamerica"]},{"@type":"Person","@id":"https:\/\/noti-america.com\/site\/ecuador\/#\/schema\/person\/00042412cfa9ecf98077f847ffadda4a","name":"Henry Garrido","image":{"@type":"ImageObject","inLanguage":"es","@id":"https:\/\/secure.gravatar.com\/avatar\/749ae5a1e6f22cf042f04b9f3f0a22732ae36970ccfd5c54a0a2ac3c4e1166ed?s=96&d=mm&r=g","url":"https:\/\/secure.gravatar.com\/avatar\/749ae5a1e6f22cf042f04b9f3f0a22732ae36970ccfd5c54a0a2ac3c4e1166ed?s=96&d=mm&r=g","contentUrl":"https:\/\/secure.gravatar.com\/avatar\/749ae5a1e6f22cf042f04b9f3f0a22732ae36970ccfd5c54a0a2ac3c4e1166ed?s=96&d=mm&r=g","caption":"Henry Garrido"},"url":"https:\/\/noti-america.com\/site\/ecuador\/author\/hgarrido\/"}]}},"_links":{"self":[{"href":"https:\/\/noti-america.com\/site\/ecuador\/wp-json\/wp\/v2\/posts\/32598","targetHints":{"allow":["GET"]}}],"collection":[{"href":"https:\/\/noti-america.com\/site\/ecuador\/wp-json\/wp\/v2\/posts"}],"about":[{"href":"https:\/\/noti-america.com\/site\/ecuador\/wp-json\/wp\/v2\/types\/post"}],"author":[{"embeddable":true,"href":"https:\/\/noti-america.com\/site\/ecuador\/wp-json\/wp\/v2\/users\/144"}],"replies":[{"embeddable":true,"href":"https:\/\/noti-america.com\/site\/ecuador\/wp-json\/wp\/v2\/comments?post=32598"}],"version-history":[{"count":1,"href":"https:\/\/noti-america.com\/site\/ecuador\/wp-json\/wp\/v2\/posts\/32598\/revisions"}],"predecessor-version":[{"id":32601,"href":"https:\/\/noti-america.com\/site\/ecuador\/wp-json\/wp\/v2\/posts\/32598\/revisions\/32601"}],"wp:featuredmedia":[{"embeddable":true,"href":"https:\/\/noti-america.com\/site\/ecuador\/wp-json\/wp\/v2\/media\/32600"}],"wp:attachment":[{"href":"https:\/\/noti-america.com\/site\/ecuador\/wp-json\/wp\/v2\/media?parent=32598"}],"wp:term":[{"taxonomy":"category","embeddable":true,"href":"https:\/\/noti-america.com\/site\/ecuador\/wp-json\/wp\/v2\/categories?post=32598"},{"taxonomy":"post_tag","embeddable":true,"href":"https:\/\/noti-america.com\/site\/ecuador\/wp-json\/wp\/v2\/tags?post=32598"}],"curies":[{"name":"wp","href":"https:\/\/api.w.org\/{rel}","templated":true}]}}