{"id":3250,"date":"2019-02-01T01:24:37","date_gmt":"2019-02-01T01:24:37","guid":{"rendered":"http:\/\/noti-america.com\/site\/ecuador\/?p=3250"},"modified":"2019-02-01T01:24:37","modified_gmt":"2019-02-01T01:24:37","slug":"ecuador-emitio-865-visas-electronicas-a-extranjeros","status":"publish","type":"post","link":"https:\/\/noti-america.com\/site\/ecuador\/2019\/02\/01\/ecuador-emitio-865-visas-electronicas-a-extranjeros\/","title":{"rendered":"Ecuador emiti\u00f3 865 visas electr\u00f3nicas a extranjeros"},"content":{"rendered":"<p>REDACCI\u00d3N NOTI-AM\u00c9RICA (ECUADOR)<\/p>\n<p style=\"text-align: justify\">El Ecuador emiti\u00f3 865 visas electr\u00f3nicas a ciudadanos extranjeros desde su puesta en vigencia, el 28 de enero. \u201cEs un hito, constituye algo especial. Los ecuatorianos debemos estar orgullosos e ir avanzando con un componente tecnol\u00f3gico que nos ubica entre los pa\u00edses de la regi\u00f3n que m\u00e1s est\u00e1n desarrollando estos servicios\u201d, manifest\u00f3 el viceministro de Movilidad Humana, Santiago Ch\u00e1vez.<\/p>\n<p style=\"text-align: justify\">La idea es que a finales del 2019, en una tercera etapa, se implemente la digitalizaci\u00f3n total de la visa y no sea necesaria la presencia del usuario. \u201cEsto va en concordancia con el objetivo de la Canciller\u00eda, que es modernizar los servicios. Hay que tratar de simplificar los procesos y que los usuarios tengan m\u00e1s facilidades\u201d, agreg\u00f3 el viceministro.<\/p>\n<p style=\"text-align: justify\">Entre los procedimientos en los que se ha trabajado es la interoperabilidad entre diferentes instituciones del Estado, especialmente aquellas relacionadas con asuntos de migraci\u00f3n.<\/p>\n<p style=\"text-align: justify\">El subsecretario de Asuntos Consulares y Migratorios, Carlos Alberto Velastegu\u00ed, destac\u00f3 la capacidad tecnol\u00f3gica \u201cnacional\u201d del Ministerio de Relaciones Exteriores y Movilidad Humana, ha venido desarrollando mejoras en el sistema de validaci\u00f3n y seguridad en las visas que se otorgan. \u201cNos coloca en un cambio cultural, en un proceso diferente. De ahora en adelante vamos a usar los medios digitales, somos parte de la innovaci\u00f3n, de un nuevo siglo\u201d, afirm\u00f3.<\/p>\n<p style=\"text-align: justify\">El coordinador de Tecnolog\u00eda, \u00d3scar Fuertes, reiter\u00f3 que entre las ventajas se toma en cuenta que el ciudadano extranjero recibir\u00e1 su visa en el correo electr\u00f3nico personal, contar\u00e1 con seguridades y un sistema de validaci\u00f3n; adem\u00e1s de recibir alertas sobre la caducidad o informaci\u00f3n en diferentes \u00e1mbitos: turismo, normativa, entre otros.<\/p>\n<p style=\"text-align: justify\">A ello se suma el ahorro directo que le significa al estado de alrededor de 500.000 d\u00f3lares que se invert\u00eda principalmente en autoadhesivos para las antiguas visas- y que seg\u00fan Velastegu\u00ed se incrementar\u00e1 en el tiempo.<\/p>\n","protected":false},"excerpt":{"rendered":"<p>REDACCI\u00d3N NOTI-AM\u00c9RICA (ECUADOR) El Ecuador emiti\u00f3 865 visas electr\u00f3nicas a ciudadanos extranjeros desde su puesta en vigencia, el 28 de enero. \u201cEs un hito, constituye algo especial. Los ecuatorianos debemos estar orgullosos e ir&#46;&#46;&#46;<\/p>\n","protected":false},"author":17,"featured_media":3251,"comment_status":"open","ping_status":"open","sticky":false,"template":"","format":"standard","meta":{"_acf_changed":false,"om_disable_all_campaigns":false,"rop_custom_images_group":[],"rop_custom_messages_group":[],"rop_publish_now":"initial","rop_publish_now_accounts":{"twitter_242054905_242054905":""},"rop_publish_now_history":[],"rop_publish_now_status":"pending","_uf_show_specific_survey":0,"_uf_disable_surveys":false,"footnotes":""},"categories":[42],"tags":[],"class_list":["post-3250","post","type-post","status-publish","format-standard","has-post-thumbnail","hentry","category-noticias"],"acf":[],"aioseo_notices":[],"yoast_head":"<!-- This site is optimized with the Yoast SEO Premium plugin v24.9 (Yoast SEO v27.2) - https:\/\/yoast.com\/product\/yoast-seo-premium-wordpress\/ -->\n<title>Ecuador emiti\u00f3 865 visas electr\u00f3nicas a extranjeros - Ecuador | Noti-America.com<\/title>\n<meta name=\"robots\" content=\"index, follow, max-snippet:-1, max-image-preview:large, max-video-preview:-1\" \/>\n<link rel=\"canonical\" href=\"https:\/\/noti-america.com\/site\/ecuador\/2019\/02\/01\/ecuador-emitio-865-visas-electronicas-a-extranjeros\/\" \/>\n<meta property=\"og:locale\" content=\"es_ES\" \/>\n<meta property=\"og:type\" content=\"article\" \/>\n<meta property=\"og:title\" content=\"Ecuador emiti\u00f3 865 visas electr\u00f3nicas a extranjeros\" \/>\n<meta property=\"og:description\" content=\"REDACCI\u00d3N NOTI-AM\u00c9RICA (ECUADOR) El Ecuador emiti\u00f3 865 visas electr\u00f3nicas a ciudadanos extranjeros desde su puesta en vigencia, el 28 de enero. \u201cEs un hito, constituye algo especial. Los ecuatorianos debemos estar orgullosos e ir&#046;&#046;&#046;\" \/>\n<meta property=\"og:url\" content=\"https:\/\/noti-america.com\/site\/ecuador\/2019\/02\/01\/ecuador-emitio-865-visas-electronicas-a-extranjeros\/\" \/>\n<meta property=\"og:site_name\" content=\"Ecuador | Noti-America.com\" \/>\n<meta property=\"article:published_time\" content=\"2019-02-01T01:24:37+00:00\" \/>\n<meta property=\"og:image\" content=\"https:\/\/noti-america.com\/site\/ecuador\/wp-content\/uploads\/sites\/18\/2019\/02\/ECUADOR-EMITI\u00d3-865-VISAS-ELECTRONICAS.jpg\" \/>\n\t<meta property=\"og:image:width\" content=\"1280\" \/>\n\t<meta property=\"og:image:height\" content=\"560\" \/>\n\t<meta property=\"og:image:type\" content=\"image\/jpeg\" \/>\n<meta name=\"author\" content=\"Gregory Quintana Montiel\" \/>\n<meta name=\"twitter:card\" content=\"summary_large_image\" \/>\n<meta name=\"twitter:creator\" content=\"@gdgregori1\" \/>\n<meta name=\"twitter:site\" content=\"@notiamerica\" \/>\n<meta name=\"twitter:label1\" content=\"Escrito por\" \/>\n\t<meta name=\"twitter:data1\" content=\"Gregory Quintana Montiel\" \/>\n\t<meta name=\"twitter:label2\" content=\"Tiempo estimado de lectura\" \/>\n\t<meta name=\"twitter:data2\" content=\"2 minutos\" \/>\n<script type=\"application\/ld+json\" class=\"yoast-schema-graph\">{\"@context\":\"https:\/\/schema.org\",\"@graph\":[{\"@type\":\"Article\",\"@id\":\"https:\/\/noti-america.com\/site\/ecuador\/2019\/02\/01\/ecuador-emitio-865-visas-electronicas-a-extranjeros\/#article\",\"isPartOf\":{\"@id\":\"https:\/\/noti-america.com\/site\/ecuador\/2019\/02\/01\/ecuador-emitio-865-visas-electronicas-a-extranjeros\/\"},\"author\":{\"name\":\"Gregory Quintana Montiel\",\"@id\":\"https:\/\/noti-america.com\/site\/ecuador\/#\/schema\/person\/3b975e42f15abfe64bfe3abdd916efda\"},\"headline\":\"Ecuador emiti\u00f3 865 visas electr\u00f3nicas a extranjeros\",\"datePublished\":\"2019-02-01T01:24:37+00:00\",\"mainEntityOfPage\":{\"@id\":\"https:\/\/noti-america.com\/site\/ecuador\/2019\/02\/01\/ecuador-emitio-865-visas-electronicas-a-extranjeros\/\"},\"wordCount\":330,\"commentCount\":0,\"publisher\":{\"@id\":\"https:\/\/noti-america.com\/site\/ecuador\/#organization\"},\"image\":{\"@id\":\"https:\/\/noti-america.com\/site\/ecuador\/2019\/02\/01\/ecuador-emitio-865-visas-electronicas-a-extranjeros\/#primaryimage\"},\"thumbnailUrl\":\"https:\/\/noti-america.com\/site\/ecuador\/wp-content\/uploads\/sites\/18\/2019\/02\/ECUADOR-EMITI\u00d3-865-VISAS-ELECTRONICAS.jpg\",\"articleSection\":[\"Noticias\"],\"inLanguage\":\"es\",\"potentialAction\":[{\"@type\":\"CommentAction\",\"name\":\"Comment\",\"target\":[\"https:\/\/noti-america.com\/site\/ecuador\/2019\/02\/01\/ecuador-emitio-865-visas-electronicas-a-extranjeros\/#respond\"]}]},{\"@type\":\"WebPage\",\"@id\":\"https:\/\/noti-america.com\/site\/ecuador\/2019\/02\/01\/ecuador-emitio-865-visas-electronicas-a-extranjeros\/\",\"url\":\"https:\/\/noti-america.com\/site\/ecuador\/2019\/02\/01\/ecuador-emitio-865-visas-electronicas-a-extranjeros\/\",\"name\":\"Ecuador emiti\u00f3 865 visas electr\u00f3nicas a extranjeros - Ecuador | Noti-America.com\",\"isPartOf\":{\"@id\":\"https:\/\/noti-america.com\/site\/ecuador\/#website\"},\"primaryImageOfPage\":{\"@id\":\"https:\/\/noti-america.com\/site\/ecuador\/2019\/02\/01\/ecuador-emitio-865-visas-electronicas-a-extranjeros\/#primaryimage\"},\"image\":{\"@id\":\"https:\/\/noti-america.com\/site\/ecuador\/2019\/02\/01\/ecuador-emitio-865-visas-electronicas-a-extranjeros\/#primaryimage\"},\"thumbnailUrl\":\"https:\/\/noti-america.com\/site\/ecuador\/wp-content\/uploads\/sites\/18\/2019\/02\/ECUADOR-EMITI\u00d3-865-VISAS-ELECTRONICAS.jpg\",\"datePublished\":\"2019-02-01T01:24:37+00:00\",\"breadcrumb\":{\"@id\":\"https:\/\/noti-america.com\/site\/ecuador\/2019\/02\/01\/ecuador-emitio-865-visas-electronicas-a-extranjeros\/#breadcrumb\"},\"inLanguage\":\"es\",\"potentialAction\":[{\"@type\":\"ReadAction\",\"target\":[\"https:\/\/noti-america.com\/site\/ecuador\/2019\/02\/01\/ecuador-emitio-865-visas-electronicas-a-extranjeros\/\"]}]},{\"@type\":\"ImageObject\",\"inLanguage\":\"es\",\"@id\":\"https:\/\/noti-america.com\/site\/ecuador\/2019\/02\/01\/ecuador-emitio-865-visas-electronicas-a-extranjeros\/#primaryimage\",\"url\":\"https:\/\/noti-america.com\/site\/ecuador\/wp-content\/uploads\/sites\/18\/2019\/02\/ECUADOR-EMITI\u00d3-865-VISAS-ELECTRONICAS.jpg\",\"contentUrl\":\"https:\/\/noti-america.com\/site\/ecuador\/wp-content\/uploads\/sites\/18\/2019\/02\/ECUADOR-EMITI\u00d3-865-VISAS-ELECTRONICAS.jpg\",\"width\":1280,\"height\":560,\"caption\":\"El Ecuador emiti\u00f3 865 visas electr\u00f3nicas a ciudadanos extranjeros desde su puesta en vigencia, el 28 de enero\"},{\"@type\":\"BreadcrumbList\",\"@id\":\"https:\/\/noti-america.com\/site\/ecuador\/2019\/02\/01\/ecuador-emitio-865-visas-electronicas-a-extranjeros\/#breadcrumb\",\"itemListElement\":[{\"@type\":\"ListItem\",\"position\":1,\"name\":\"Portada\",\"item\":\"https:\/\/noti-america.com\/site\/ecuador\/\"},{\"@type\":\"ListItem\",\"position\":2,\"name\":\"Ecuador emiti\u00f3 865 visas electr\u00f3nicas a extranjeros\"}]},{\"@type\":\"WebSite\",\"@id\":\"https:\/\/noti-america.com\/site\/ecuador\/#website\",\"url\":\"https:\/\/noti-america.com\/site\/ecuador\/\",\"name\":\"Ecuador | Noti-America.com\",\"description\":\"\",\"publisher\":{\"@id\":\"https:\/\/noti-america.com\/site\/ecuador\/#organization\"},\"potentialAction\":[{\"@type\":\"SearchAction\",\"target\":{\"@type\":\"EntryPoint\",\"urlTemplate\":\"https:\/\/noti-america.com\/site\/ecuador\/?s={search_term_string}\"},\"query-input\":{\"@type\":\"PropertyValueSpecification\",\"valueRequired\":true,\"valueName\":\"search_term_string\"}}],\"inLanguage\":\"es\"},{\"@type\":\"Organization\",\"@id\":\"https:\/\/noti-america.com\/site\/ecuador\/#organization\",\"name\":\"Noti-America LLC | Ecuador\",\"url\":\"https:\/\/noti-america.com\/site\/ecuador\/\",\"logo\":{\"@type\":\"ImageObject\",\"inLanguage\":\"es\",\"@id\":\"https:\/\/noti-america.com\/site\/ecuador\/#\/schema\/logo\/image\/\",\"url\":\"https:\/\/noti-america.com\/site\/ecuador\/wp-content\/uploads\/sites\/18\/2020\/07\/LogoNA-4x3-1.jpg\",\"contentUrl\":\"https:\/\/noti-america.com\/site\/ecuador\/wp-content\/uploads\/sites\/18\/2020\/07\/LogoNA-4x3-1.jpg\",\"width\":1236,\"height\":1080,\"caption\":\"Noti-America LLC | Ecuador\"},\"image\":{\"@id\":\"https:\/\/noti-america.com\/site\/ecuador\/#\/schema\/logo\/image\/\"},\"sameAs\":[\"https:\/\/x.com\/notiamerica\"]},{\"@type\":\"Person\",\"@id\":\"https:\/\/noti-america.com\/site\/ecuador\/#\/schema\/person\/3b975e42f15abfe64bfe3abdd916efda\",\"name\":\"Gregory Quintana Montiel\",\"image\":{\"@type\":\"ImageObject\",\"inLanguage\":\"es\",\"@id\":\"https:\/\/secure.gravatar.com\/avatar\/2d6b802f7720c2ec7744dcbe608cc2f3417aeb964d58b443c6d612b77531de1d?s=96&d=mm&r=g\",\"url\":\"https:\/\/secure.gravatar.com\/avatar\/2d6b802f7720c2ec7744dcbe608cc2f3417aeb964d58b443c6d612b77531de1d?s=96&d=mm&r=g\",\"contentUrl\":\"https:\/\/secure.gravatar.com\/avatar\/2d6b802f7720c2ec7744dcbe608cc2f3417aeb964d58b443c6d612b77531de1d?s=96&d=mm&r=g\",\"caption\":\"Gregory Quintana Montiel\"},\"description\":\"Licenciatura en Ciencias de la Comunicaci\u00f3n Social, egresado en la Especializaci\u00f3n Derecho Ambiental Desarrollo Sostenible y Sustentable, Miembro de la Comunidad de profesionales y experto para Latinoam\u00e9rica y el Caribe en Gesti\u00f3n por Resultado en el Desarrollo (COPLAC - GpRD) del Banco Interamericano de Desarrollo, experiencia en medios radiales y escritos.\",\"sameAs\":[\"https:\/\/x.com\/gdgregori1\",\"gquintana\"],\"url\":\"https:\/\/noti-america.com\/site\/ecuador\/author\/gquintana\/\"}]}<\/script>\n<!-- \/ Yoast SEO Premium plugin. -->","yoast_head_json":{"title":"Ecuador emiti\u00f3 865 visas electr\u00f3nicas a extranjeros - Ecuador | Noti-America.com","robots":{"index":"index","follow":"follow","max-snippet":"max-snippet:-1","max-image-preview":"max-image-preview:large","max-video-preview":"max-video-preview:-1"},"canonical":"https:\/\/noti-america.com\/site\/ecuador\/2019\/02\/01\/ecuador-emitio-865-visas-electronicas-a-extranjeros\/","og_locale":"es_ES","og_type":"article","og_title":"Ecuador emiti\u00f3 865 visas electr\u00f3nicas a extranjeros","og_description":"REDACCI\u00d3N NOTI-AM\u00c9RICA (ECUADOR) El Ecuador emiti\u00f3 865 visas electr\u00f3nicas a ciudadanos extranjeros desde su puesta en vigencia, el 28 de enero. \u201cEs un hito, constituye algo especial. Los ecuatorianos debemos estar orgullosos e ir&#46;&#46;&#46;","og_url":"https:\/\/noti-america.com\/site\/ecuador\/2019\/02\/01\/ecuador-emitio-865-visas-electronicas-a-extranjeros\/","og_site_name":"Ecuador | Noti-America.com","article_published_time":"2019-02-01T01:24:37+00:00","og_image":[{"width":1280,"height":560,"url":"https:\/\/noti-america.com\/site\/ecuador\/wp-content\/uploads\/sites\/18\/2019\/02\/ECUADOR-EMITI\u00d3-865-VISAS-ELECTRONICAS.jpg","type":"image\/jpeg"}],"author":"Gregory Quintana Montiel","twitter_card":"summary_large_image","twitter_creator":"@gdgregori1","twitter_site":"@notiamerica","twitter_misc":{"Escrito por":"Gregory Quintana Montiel","Tiempo estimado de lectura":"2 minutos"},"schema":{"@context":"https:\/\/schema.org","@graph":[{"@type":"Article","@id":"https:\/\/noti-america.com\/site\/ecuador\/2019\/02\/01\/ecuador-emitio-865-visas-electronicas-a-extranjeros\/#article","isPartOf":{"@id":"https:\/\/noti-america.com\/site\/ecuador\/2019\/02\/01\/ecuador-emitio-865-visas-electronicas-a-extranjeros\/"},"author":{"name":"Gregory Quintana Montiel","@id":"https:\/\/noti-america.com\/site\/ecuador\/#\/schema\/person\/3b975e42f15abfe64bfe3abdd916efda"},"headline":"Ecuador emiti\u00f3 865 visas electr\u00f3nicas a extranjeros","datePublished":"2019-02-01T01:24:37+00:00","mainEntityOfPage":{"@id":"https:\/\/noti-america.com\/site\/ecuador\/2019\/02\/01\/ecuador-emitio-865-visas-electronicas-a-extranjeros\/"},"wordCount":330,"commentCount":0,"publisher":{"@id":"https:\/\/noti-america.com\/site\/ecuador\/#organization"},"image":{"@id":"https:\/\/noti-america.com\/site\/ecuador\/2019\/02\/01\/ecuador-emitio-865-visas-electronicas-a-extranjeros\/#primaryimage"},"thumbnailUrl":"https:\/\/noti-america.com\/site\/ecuador\/wp-content\/uploads\/sites\/18\/2019\/02\/ECUADOR-EMITI\u00d3-865-VISAS-ELECTRONICAS.jpg","articleSection":["Noticias"],"inLanguage":"es","potentialAction":[{"@type":"CommentAction","name":"Comment","target":["https:\/\/noti-america.com\/site\/ecuador\/2019\/02\/01\/ecuador-emitio-865-visas-electronicas-a-extranjeros\/#respond"]}]},{"@type":"WebPage","@id":"https:\/\/noti-america.com\/site\/ecuador\/2019\/02\/01\/ecuador-emitio-865-visas-electronicas-a-extranjeros\/","url":"https:\/\/noti-america.com\/site\/ecuador\/2019\/02\/01\/ecuador-emitio-865-visas-electronicas-a-extranjeros\/","name":"Ecuador emiti\u00f3 865 visas electr\u00f3nicas a extranjeros - Ecuador | Noti-America.com","isPartOf":{"@id":"https:\/\/noti-america.com\/site\/ecuador\/#website"},"primaryImageOfPage":{"@id":"https:\/\/noti-america.com\/site\/ecuador\/2019\/02\/01\/ecuador-emitio-865-visas-electronicas-a-extranjeros\/#primaryimage"},"image":{"@id":"https:\/\/noti-america.com\/site\/ecuador\/2019\/02\/01\/ecuador-emitio-865-visas-electronicas-a-extranjeros\/#primaryimage"},"thumbnailUrl":"https:\/\/noti-america.com\/site\/ecuador\/wp-content\/uploads\/sites\/18\/2019\/02\/ECUADOR-EMITI\u00d3-865-VISAS-ELECTRONICAS.jpg","datePublished":"2019-02-01T01:24:37+00:00","breadcrumb":{"@id":"https:\/\/noti-america.com\/site\/ecuador\/2019\/02\/01\/ecuador-emitio-865-visas-electronicas-a-extranjeros\/#breadcrumb"},"inLanguage":"es","potentialAction":[{"@type":"ReadAction","target":["https:\/\/noti-america.com\/site\/ecuador\/2019\/02\/01\/ecuador-emitio-865-visas-electronicas-a-extranjeros\/"]}]},{"@type":"ImageObject","inLanguage":"es","@id":"https:\/\/noti-america.com\/site\/ecuador\/2019\/02\/01\/ecuador-emitio-865-visas-electronicas-a-extranjeros\/#primaryimage","url":"https:\/\/noti-america.com\/site\/ecuador\/wp-content\/uploads\/sites\/18\/2019\/02\/ECUADOR-EMITI\u00d3-865-VISAS-ELECTRONICAS.jpg","contentUrl":"https:\/\/noti-america.com\/site\/ecuador\/wp-content\/uploads\/sites\/18\/2019\/02\/ECUADOR-EMITI\u00d3-865-VISAS-ELECTRONICAS.jpg","width":1280,"height":560,"caption":"El Ecuador emiti\u00f3 865 visas electr\u00f3nicas a ciudadanos extranjeros desde su puesta en vigencia, el 28 de enero"},{"@type":"BreadcrumbList","@id":"https:\/\/noti-america.com\/site\/ecuador\/2019\/02\/01\/ecuador-emitio-865-visas-electronicas-a-extranjeros\/#breadcrumb","itemListElement":[{"@type":"ListItem","position":1,"name":"Portada","item":"https:\/\/noti-america.com\/site\/ecuador\/"},{"@type":"ListItem","position":2,"name":"Ecuador emiti\u00f3 865 visas electr\u00f3nicas a extranjeros"}]},{"@type":"WebSite","@id":"https:\/\/noti-america.com\/site\/ecuador\/#website","url":"https:\/\/noti-america.com\/site\/ecuador\/","name":"Ecuador | Noti-America.com","description":"","publisher":{"@id":"https:\/\/noti-america.com\/site\/ecuador\/#organization"},"potentialAction":[{"@type":"SearchAction","target":{"@type":"EntryPoint","urlTemplate":"https:\/\/noti-america.com\/site\/ecuador\/?s={search_term_string}"},"query-input":{"@type":"PropertyValueSpecification","valueRequired":true,"valueName":"search_term_string"}}],"inLanguage":"es"},{"@type":"Organization","@id":"https:\/\/noti-america.com\/site\/ecuador\/#organization","name":"Noti-America LLC | Ecuador","url":"https:\/\/noti-america.com\/site\/ecuador\/","logo":{"@type":"ImageObject","inLanguage":"es","@id":"https:\/\/noti-america.com\/site\/ecuador\/#\/schema\/logo\/image\/","url":"https:\/\/noti-america.com\/site\/ecuador\/wp-content\/uploads\/sites\/18\/2020\/07\/LogoNA-4x3-1.jpg","contentUrl":"https:\/\/noti-america.com\/site\/ecuador\/wp-content\/uploads\/sites\/18\/2020\/07\/LogoNA-4x3-1.jpg","width":1236,"height":1080,"caption":"Noti-America LLC | Ecuador"},"image":{"@id":"https:\/\/noti-america.com\/site\/ecuador\/#\/schema\/logo\/image\/"},"sameAs":["https:\/\/x.com\/notiamerica"]},{"@type":"Person","@id":"https:\/\/noti-america.com\/site\/ecuador\/#\/schema\/person\/3b975e42f15abfe64bfe3abdd916efda","name":"Gregory Quintana Montiel","image":{"@type":"ImageObject","inLanguage":"es","@id":"https:\/\/secure.gravatar.com\/avatar\/2d6b802f7720c2ec7744dcbe608cc2f3417aeb964d58b443c6d612b77531de1d?s=96&d=mm&r=g","url":"https:\/\/secure.gravatar.com\/avatar\/2d6b802f7720c2ec7744dcbe608cc2f3417aeb964d58b443c6d612b77531de1d?s=96&d=mm&r=g","contentUrl":"https:\/\/secure.gravatar.com\/avatar\/2d6b802f7720c2ec7744dcbe608cc2f3417aeb964d58b443c6d612b77531de1d?s=96&d=mm&r=g","caption":"Gregory Quintana Montiel"},"description":"Licenciatura en Ciencias de la Comunicaci\u00f3n Social, egresado en la Especializaci\u00f3n Derecho Ambiental Desarrollo Sostenible y Sustentable, Miembro de la Comunidad de profesionales y experto para Latinoam\u00e9rica y el Caribe en Gesti\u00f3n por Resultado en el Desarrollo (COPLAC - GpRD) del Banco Interamericano de Desarrollo, experiencia en medios radiales y escritos.","sameAs":["https:\/\/x.com\/gdgregori1","gquintana"],"url":"https:\/\/noti-america.com\/site\/ecuador\/author\/gquintana\/"}]}},"_links":{"self":[{"href":"https:\/\/noti-america.com\/site\/ecuador\/wp-json\/wp\/v2\/posts\/3250","targetHints":{"allow":["GET"]}}],"collection":[{"href":"https:\/\/noti-america.com\/site\/ecuador\/wp-json\/wp\/v2\/posts"}],"about":[{"href":"https:\/\/noti-america.com\/site\/ecuador\/wp-json\/wp\/v2\/types\/post"}],"author":[{"embeddable":true,"href":"https:\/\/noti-america.com\/site\/ecuador\/wp-json\/wp\/v2\/users\/17"}],"replies":[{"embeddable":true,"href":"https:\/\/noti-america.com\/site\/ecuador\/wp-json\/wp\/v2\/comments?post=3250"}],"version-history":[{"count":1,"href":"https:\/\/noti-america.com\/site\/ecuador\/wp-json\/wp\/v2\/posts\/3250\/revisions"}],"predecessor-version":[{"id":3252,"href":"https:\/\/noti-america.com\/site\/ecuador\/wp-json\/wp\/v2\/posts\/3250\/revisions\/3252"}],"wp:featuredmedia":[{"embeddable":true,"href":"https:\/\/noti-america.com\/site\/ecuador\/wp-json\/wp\/v2\/media\/3251"}],"wp:attachment":[{"href":"https:\/\/noti-america.com\/site\/ecuador\/wp-json\/wp\/v2\/media?parent=3250"}],"wp:term":[{"taxonomy":"category","embeddable":true,"href":"https:\/\/noti-america.com\/site\/ecuador\/wp-json\/wp\/v2\/categories?post=3250"},{"taxonomy":"post_tag","embeddable":true,"href":"https:\/\/noti-america.com\/site\/ecuador\/wp-json\/wp\/v2\/tags?post=3250"}],"curies":[{"name":"wp","href":"https:\/\/api.w.org\/{rel}","templated":true}]}}