{"id":32499,"date":"2024-10-17T02:24:32","date_gmt":"2024-10-17T02:24:32","guid":{"rendered":"https:\/\/noti-america.com\/site\/ecuador\/?p=32499"},"modified":"2024-10-17T02:24:32","modified_gmt":"2024-10-17T02:24:32","slug":"programa-un-gol-por-la-seguridad-otorga-becas-academicas-a-jovenes-vulnerables","status":"publish","type":"post","link":"https:\/\/noti-america.com\/site\/ecuador\/2024\/10\/17\/programa-un-gol-por-la-seguridad-otorga-becas-academicas-a-jovenes-vulnerables\/","title":{"rendered":"Programa &#8216;Un gol por la Seguridad&#8217; otorga becas acad\u00e9micas a j\u00f3venes vulnerables"},"content":{"rendered":"<p style=\"text-align: justify\">REDACCI\u00d3N NOTI AM\u00c9RICA (ECUADOR)<\/p>\n<p style=\"text-align: justify\"><img loading=\"lazy\" decoding=\"async\" class=\"wp-image-32501 alignleft\" src=\"https:\/\/noti-america.com\/site\/ecuador\/wp-content\/uploads\/sites\/18\/2024\/10\/WhatsApp-Image-2024-10-15-at-16.23.25-300x169.jpeg\" alt=\"\" width=\"540\" height=\"304\" srcset=\"https:\/\/noti-america.com\/site\/ecuador\/wp-content\/uploads\/sites\/18\/2024\/10\/WhatsApp-Image-2024-10-15-at-16.23.25-300x169.jpeg 300w, https:\/\/noti-america.com\/site\/ecuador\/wp-content\/uploads\/sites\/18\/2024\/10\/WhatsApp-Image-2024-10-15-at-16.23.25-1024x577.jpeg 1024w, https:\/\/noti-america.com\/site\/ecuador\/wp-content\/uploads\/sites\/18\/2024\/10\/WhatsApp-Image-2024-10-15-at-16.23.25-768x432.jpeg 768w, https:\/\/noti-america.com\/site\/ecuador\/wp-content\/uploads\/sites\/18\/2024\/10\/WhatsApp-Image-2024-10-15-at-16.23.25-1536x865.jpeg 1536w, https:\/\/noti-america.com\/site\/ecuador\/wp-content\/uploads\/sites\/18\/2024\/10\/WhatsApp-Image-2024-10-15-at-16.23.25-2048x1153.jpeg 2048w\" sizes=\"auto, (max-width: 540px) 100vw, 540px\" \/><\/p>\n<p style=\"text-align: justify\">&#8216;Un gol por la seguridad&#8217; es la iniciativa que nace del proyecto \u00abMenos Palabras, M\u00e1s Deporte\u00bb que lidera el gerente general del Liceo Los Delfines, Carlos Bermeo, el cual busca erradicar la violencia de las calles manteniendo ocupados a los j\u00f3venes otorg\u00e1ndoles un proyecto de vida, sustentados y acompa\u00f1ados por las familias.<\/p>\n<p style=\"text-align: justify\">El lanzamiento oficial del proyecto se realiz\u00f3 el fin de semana en el cant\u00f3n Daule.<\/p>\n<p style=\"text-align: justify\">\u00abEs el momento de unirnos y hacer un gol por la seguridad, apadrinaremos escuelas y eventos deportivos, en cada barrio o cant\u00f3n que visitar\u00e9, patear\u00e9 un penal, y la gente tambi\u00e9n tendr\u00e1 la oportunidad para hacer un gol para poder\u00a0 acceder al programa de becas acad\u00e9micas\u00bb, sostuvo Bermeo, director general de la iniciativa.<\/p>\n<p style=\"text-align: justify\">Asever\u00f3 que los adolescentes est\u00e1n siendo reclutados para ser sicarios y traficantes de drogas. La iniciativa \u00abUn gol por la seguridad\u00bb es un proyecto palpable que brindar\u00e1 oportunidades, compromiso y proyecto de vida a las familias , \u00aben cada recorrido que realicemos, juntos con la comunidad tendremos\u00a0 la oportunidad de patear un penal y hacer un gol para acceder a beneficios acad\u00e9micos\u00bb.<\/p>\n","protected":false},"excerpt":{"rendered":"<p>REDACCI\u00d3N NOTI AM\u00c9RICA (ECUADOR) &#8216;Un gol por la seguridad&#8217; es la iniciativa que nace del proyecto \u00abMenos Palabras, M\u00e1s Deporte\u00bb que lidera el gerente general del Liceo Los Delfines, Carlos Bermeo, el cual busca&#46;&#46;&#46;<\/p>\n","protected":false},"author":113,"featured_media":32501,"comment_status":"open","ping_status":"open","sticky":false,"template":"","format":"standard","meta":{"_acf_changed":false,"om_disable_all_campaigns":false,"rop_custom_images_group":[],"rop_custom_messages_group":[],"rop_publish_now":"initial","rop_publish_now_accounts":{"twitter_242054905_242054905":""},"rop_publish_now_history":[],"rop_publish_now_status":"pending","_uf_show_specific_survey":0,"_uf_disable_surveys":false,"footnotes":""},"categories":[42],"tags":[],"class_list":["post-32499","post","type-post","status-publish","format-standard","has-post-thumbnail","hentry","category-noticias"],"acf":[],"aioseo_notices":[],"yoast_head":"<!-- This site is optimized with the Yoast SEO Premium plugin v24.9 (Yoast SEO v27.2) - https:\/\/yoast.com\/product\/yoast-seo-premium-wordpress\/ -->\n<title>Programa &#039;Un gol por la Seguridad&#039; otorga becas acad\u00e9micas a j\u00f3venes vulnerables - Ecuador | Noti-America.com<\/title>\n<meta name=\"robots\" content=\"index, follow, max-snippet:-1, max-image-preview:large, max-video-preview:-1\" \/>\n<link rel=\"canonical\" href=\"https:\/\/noti-america.com\/site\/ecuador\/2024\/10\/17\/programa-un-gol-por-la-seguridad-otorga-becas-academicas-a-jovenes-vulnerables\/\" \/>\n<meta property=\"og:locale\" content=\"es_ES\" \/>\n<meta property=\"og:type\" content=\"article\" \/>\n<meta property=\"og:title\" content=\"Programa &#039;Un gol por la Seguridad&#039; otorga becas acad\u00e9micas a j\u00f3venes vulnerables\" \/>\n<meta property=\"og:description\" content=\"REDACCI\u00d3N NOTI AM\u00c9RICA (ECUADOR) &#8216;Un gol por la seguridad&#8217; es la iniciativa que nace del proyecto \u00abMenos Palabras, M\u00e1s Deporte\u00bb que lidera el gerente general del Liceo Los Delfines, Carlos Bermeo, el cual busca&#046;&#046;&#046;\" \/>\n<meta property=\"og:url\" content=\"https:\/\/noti-america.com\/site\/ecuador\/2024\/10\/17\/programa-un-gol-por-la-seguridad-otorga-becas-academicas-a-jovenes-vulnerables\/\" \/>\n<meta property=\"og:site_name\" content=\"Ecuador | Noti-America.com\" \/>\n<meta property=\"article:published_time\" content=\"2024-10-17T02:24:32+00:00\" \/>\n<meta property=\"og:image\" content=\"https:\/\/noti-america.com\/site\/ecuador\/wp-content\/uploads\/sites\/18\/2024\/10\/WhatsApp-Image-2024-10-15-at-16.23.25-scaled.jpeg\" \/>\n\t<meta property=\"og:image:width\" content=\"2560\" \/>\n\t<meta property=\"og:image:height\" content=\"1441\" \/>\n\t<meta property=\"og:image:type\" content=\"image\/jpeg\" \/>\n<meta name=\"author\" content=\"Henry Ortiz\" \/>\n<meta name=\"twitter:card\" content=\"summary_large_image\" \/>\n<meta name=\"twitter:creator\" content=\"@notiamerica\" \/>\n<meta name=\"twitter:site\" content=\"@notiamerica\" \/>\n<meta name=\"twitter:label1\" content=\"Escrito por\" \/>\n\t<meta name=\"twitter:data1\" content=\"Henry Ortiz\" \/>\n\t<meta name=\"twitter:label2\" content=\"Tiempo estimado de lectura\" \/>\n\t<meta name=\"twitter:data2\" content=\"2 minutos\" \/>\n<script type=\"application\/ld+json\" class=\"yoast-schema-graph\">{\"@context\":\"https:\/\/schema.org\",\"@graph\":[{\"@type\":\"Article\",\"@id\":\"https:\/\/noti-america.com\/site\/ecuador\/2024\/10\/17\/programa-un-gol-por-la-seguridad-otorga-becas-academicas-a-jovenes-vulnerables\/#article\",\"isPartOf\":{\"@id\":\"https:\/\/noti-america.com\/site\/ecuador\/2024\/10\/17\/programa-un-gol-por-la-seguridad-otorga-becas-academicas-a-jovenes-vulnerables\/\"},\"author\":{\"name\":\"Henry Ortiz\",\"@id\":\"https:\/\/noti-america.com\/site\/ecuador\/#\/schema\/person\/b9d1630cc6598af759d45c790a347283\"},\"headline\":\"Programa &#8216;Un gol por la Seguridad&#8217; otorga becas acad\u00e9micas a j\u00f3venes vulnerables\",\"datePublished\":\"2024-10-17T02:24:32+00:00\",\"mainEntityOfPage\":{\"@id\":\"https:\/\/noti-america.com\/site\/ecuador\/2024\/10\/17\/programa-un-gol-por-la-seguridad-otorga-becas-academicas-a-jovenes-vulnerables\/\"},\"wordCount\":211,\"commentCount\":0,\"publisher\":{\"@id\":\"https:\/\/noti-america.com\/site\/ecuador\/#organization\"},\"image\":{\"@id\":\"https:\/\/noti-america.com\/site\/ecuador\/2024\/10\/17\/programa-un-gol-por-la-seguridad-otorga-becas-academicas-a-jovenes-vulnerables\/#primaryimage\"},\"thumbnailUrl\":\"https:\/\/noti-america.com\/site\/ecuador\/wp-content\/uploads\/sites\/18\/2024\/10\/WhatsApp-Image-2024-10-15-at-16.23.25-scaled.jpeg\",\"articleSection\":[\"Noticias\"],\"inLanguage\":\"es\",\"potentialAction\":[{\"@type\":\"CommentAction\",\"name\":\"Comment\",\"target\":[\"https:\/\/noti-america.com\/site\/ecuador\/2024\/10\/17\/programa-un-gol-por-la-seguridad-otorga-becas-academicas-a-jovenes-vulnerables\/#respond\"]}]},{\"@type\":\"WebPage\",\"@id\":\"https:\/\/noti-america.com\/site\/ecuador\/2024\/10\/17\/programa-un-gol-por-la-seguridad-otorga-becas-academicas-a-jovenes-vulnerables\/\",\"url\":\"https:\/\/noti-america.com\/site\/ecuador\/2024\/10\/17\/programa-un-gol-por-la-seguridad-otorga-becas-academicas-a-jovenes-vulnerables\/\",\"name\":\"Programa 'Un gol por la Seguridad' otorga becas acad\u00e9micas a j\u00f3venes vulnerables - Ecuador | Noti-America.com\",\"isPartOf\":{\"@id\":\"https:\/\/noti-america.com\/site\/ecuador\/#website\"},\"primaryImageOfPage\":{\"@id\":\"https:\/\/noti-america.com\/site\/ecuador\/2024\/10\/17\/programa-un-gol-por-la-seguridad-otorga-becas-academicas-a-jovenes-vulnerables\/#primaryimage\"},\"image\":{\"@id\":\"https:\/\/noti-america.com\/site\/ecuador\/2024\/10\/17\/programa-un-gol-por-la-seguridad-otorga-becas-academicas-a-jovenes-vulnerables\/#primaryimage\"},\"thumbnailUrl\":\"https:\/\/noti-america.com\/site\/ecuador\/wp-content\/uploads\/sites\/18\/2024\/10\/WhatsApp-Image-2024-10-15-at-16.23.25-scaled.jpeg\",\"datePublished\":\"2024-10-17T02:24:32+00:00\",\"breadcrumb\":{\"@id\":\"https:\/\/noti-america.com\/site\/ecuador\/2024\/10\/17\/programa-un-gol-por-la-seguridad-otorga-becas-academicas-a-jovenes-vulnerables\/#breadcrumb\"},\"inLanguage\":\"es\",\"potentialAction\":[{\"@type\":\"ReadAction\",\"target\":[\"https:\/\/noti-america.com\/site\/ecuador\/2024\/10\/17\/programa-un-gol-por-la-seguridad-otorga-becas-academicas-a-jovenes-vulnerables\/\"]}]},{\"@type\":\"ImageObject\",\"inLanguage\":\"es\",\"@id\":\"https:\/\/noti-america.com\/site\/ecuador\/2024\/10\/17\/programa-un-gol-por-la-seguridad-otorga-becas-academicas-a-jovenes-vulnerables\/#primaryimage\",\"url\":\"https:\/\/noti-america.com\/site\/ecuador\/wp-content\/uploads\/sites\/18\/2024\/10\/WhatsApp-Image-2024-10-15-at-16.23.25-scaled.jpeg\",\"contentUrl\":\"https:\/\/noti-america.com\/site\/ecuador\/wp-content\/uploads\/sites\/18\/2024\/10\/WhatsApp-Image-2024-10-15-at-16.23.25-scaled.jpeg\",\"width\":2560,\"height\":1441},{\"@type\":\"BreadcrumbList\",\"@id\":\"https:\/\/noti-america.com\/site\/ecuador\/2024\/10\/17\/programa-un-gol-por-la-seguridad-otorga-becas-academicas-a-jovenes-vulnerables\/#breadcrumb\",\"itemListElement\":[{\"@type\":\"ListItem\",\"position\":1,\"name\":\"Portada\",\"item\":\"https:\/\/noti-america.com\/site\/ecuador\/\"},{\"@type\":\"ListItem\",\"position\":2,\"name\":\"Programa &#8216;Un gol por la Seguridad&#8217; otorga becas acad\u00e9micas a j\u00f3venes vulnerables\"}]},{\"@type\":\"WebSite\",\"@id\":\"https:\/\/noti-america.com\/site\/ecuador\/#website\",\"url\":\"https:\/\/noti-america.com\/site\/ecuador\/\",\"name\":\"Ecuador | Noti-America.com\",\"description\":\"\",\"publisher\":{\"@id\":\"https:\/\/noti-america.com\/site\/ecuador\/#organization\"},\"potentialAction\":[{\"@type\":\"SearchAction\",\"target\":{\"@type\":\"EntryPoint\",\"urlTemplate\":\"https:\/\/noti-america.com\/site\/ecuador\/?s={search_term_string}\"},\"query-input\":{\"@type\":\"PropertyValueSpecification\",\"valueRequired\":true,\"valueName\":\"search_term_string\"}}],\"inLanguage\":\"es\"},{\"@type\":\"Organization\",\"@id\":\"https:\/\/noti-america.com\/site\/ecuador\/#organization\",\"name\":\"Noti-America LLC | Ecuador\",\"url\":\"https:\/\/noti-america.com\/site\/ecuador\/\",\"logo\":{\"@type\":\"ImageObject\",\"inLanguage\":\"es\",\"@id\":\"https:\/\/noti-america.com\/site\/ecuador\/#\/schema\/logo\/image\/\",\"url\":\"https:\/\/noti-america.com\/site\/ecuador\/wp-content\/uploads\/sites\/18\/2020\/07\/LogoNA-4x3-1.jpg\",\"contentUrl\":\"https:\/\/noti-america.com\/site\/ecuador\/wp-content\/uploads\/sites\/18\/2020\/07\/LogoNA-4x3-1.jpg\",\"width\":1236,\"height\":1080,\"caption\":\"Noti-America LLC | Ecuador\"},\"image\":{\"@id\":\"https:\/\/noti-america.com\/site\/ecuador\/#\/schema\/logo\/image\/\"},\"sameAs\":[\"https:\/\/x.com\/notiamerica\"]},{\"@type\":\"Person\",\"@id\":\"https:\/\/noti-america.com\/site\/ecuador\/#\/schema\/person\/b9d1630cc6598af759d45c790a347283\",\"name\":\"Henry Ortiz\",\"image\":{\"@type\":\"ImageObject\",\"inLanguage\":\"es\",\"@id\":\"https:\/\/secure.gravatar.com\/avatar\/0b5407b5b302fbb6a578e625dca512ac2983ee5fa9ea941d581b83c40212e4c8?s=96&d=mm&r=g\",\"url\":\"https:\/\/secure.gravatar.com\/avatar\/0b5407b5b302fbb6a578e625dca512ac2983ee5fa9ea941d581b83c40212e4c8?s=96&d=mm&r=g\",\"contentUrl\":\"https:\/\/secure.gravatar.com\/avatar\/0b5407b5b302fbb6a578e625dca512ac2983ee5fa9ea941d581b83c40212e4c8?s=96&d=mm&r=g\",\"caption\":\"Henry Ortiz\"},\"url\":\"https:\/\/noti-america.com\/site\/ecuador\/author\/hortiz\/\"}]}<\/script>\n<!-- \/ Yoast SEO Premium plugin. -->","yoast_head_json":{"title":"Programa 'Un gol por la Seguridad' otorga becas acad\u00e9micas a j\u00f3venes vulnerables - Ecuador | Noti-America.com","robots":{"index":"index","follow":"follow","max-snippet":"max-snippet:-1","max-image-preview":"max-image-preview:large","max-video-preview":"max-video-preview:-1"},"canonical":"https:\/\/noti-america.com\/site\/ecuador\/2024\/10\/17\/programa-un-gol-por-la-seguridad-otorga-becas-academicas-a-jovenes-vulnerables\/","og_locale":"es_ES","og_type":"article","og_title":"Programa 'Un gol por la Seguridad' otorga becas acad\u00e9micas a j\u00f3venes vulnerables","og_description":"REDACCI\u00d3N NOTI AM\u00c9RICA (ECUADOR) &#8216;Un gol por la seguridad&#8217; es la iniciativa que nace del proyecto \u00abMenos Palabras, M\u00e1s Deporte\u00bb que lidera el gerente general del Liceo Los Delfines, Carlos Bermeo, el cual busca&#46;&#46;&#46;","og_url":"https:\/\/noti-america.com\/site\/ecuador\/2024\/10\/17\/programa-un-gol-por-la-seguridad-otorga-becas-academicas-a-jovenes-vulnerables\/","og_site_name":"Ecuador | Noti-America.com","article_published_time":"2024-10-17T02:24:32+00:00","og_image":[{"width":2560,"height":1441,"url":"https:\/\/noti-america.com\/site\/ecuador\/wp-content\/uploads\/sites\/18\/2024\/10\/WhatsApp-Image-2024-10-15-at-16.23.25-scaled.jpeg","type":"image\/jpeg"}],"author":"Henry Ortiz","twitter_card":"summary_large_image","twitter_creator":"@notiamerica","twitter_site":"@notiamerica","twitter_misc":{"Escrito por":"Henry Ortiz","Tiempo estimado de lectura":"2 minutos"},"schema":{"@context":"https:\/\/schema.org","@graph":[{"@type":"Article","@id":"https:\/\/noti-america.com\/site\/ecuador\/2024\/10\/17\/programa-un-gol-por-la-seguridad-otorga-becas-academicas-a-jovenes-vulnerables\/#article","isPartOf":{"@id":"https:\/\/noti-america.com\/site\/ecuador\/2024\/10\/17\/programa-un-gol-por-la-seguridad-otorga-becas-academicas-a-jovenes-vulnerables\/"},"author":{"name":"Henry Ortiz","@id":"https:\/\/noti-america.com\/site\/ecuador\/#\/schema\/person\/b9d1630cc6598af759d45c790a347283"},"headline":"Programa &#8216;Un gol por la Seguridad&#8217; otorga becas acad\u00e9micas a j\u00f3venes vulnerables","datePublished":"2024-10-17T02:24:32+00:00","mainEntityOfPage":{"@id":"https:\/\/noti-america.com\/site\/ecuador\/2024\/10\/17\/programa-un-gol-por-la-seguridad-otorga-becas-academicas-a-jovenes-vulnerables\/"},"wordCount":211,"commentCount":0,"publisher":{"@id":"https:\/\/noti-america.com\/site\/ecuador\/#organization"},"image":{"@id":"https:\/\/noti-america.com\/site\/ecuador\/2024\/10\/17\/programa-un-gol-por-la-seguridad-otorga-becas-academicas-a-jovenes-vulnerables\/#primaryimage"},"thumbnailUrl":"https:\/\/noti-america.com\/site\/ecuador\/wp-content\/uploads\/sites\/18\/2024\/10\/WhatsApp-Image-2024-10-15-at-16.23.25-scaled.jpeg","articleSection":["Noticias"],"inLanguage":"es","potentialAction":[{"@type":"CommentAction","name":"Comment","target":["https:\/\/noti-america.com\/site\/ecuador\/2024\/10\/17\/programa-un-gol-por-la-seguridad-otorga-becas-academicas-a-jovenes-vulnerables\/#respond"]}]},{"@type":"WebPage","@id":"https:\/\/noti-america.com\/site\/ecuador\/2024\/10\/17\/programa-un-gol-por-la-seguridad-otorga-becas-academicas-a-jovenes-vulnerables\/","url":"https:\/\/noti-america.com\/site\/ecuador\/2024\/10\/17\/programa-un-gol-por-la-seguridad-otorga-becas-academicas-a-jovenes-vulnerables\/","name":"Programa 'Un gol por la Seguridad' otorga becas acad\u00e9micas a j\u00f3venes vulnerables - Ecuador | Noti-America.com","isPartOf":{"@id":"https:\/\/noti-america.com\/site\/ecuador\/#website"},"primaryImageOfPage":{"@id":"https:\/\/noti-america.com\/site\/ecuador\/2024\/10\/17\/programa-un-gol-por-la-seguridad-otorga-becas-academicas-a-jovenes-vulnerables\/#primaryimage"},"image":{"@id":"https:\/\/noti-america.com\/site\/ecuador\/2024\/10\/17\/programa-un-gol-por-la-seguridad-otorga-becas-academicas-a-jovenes-vulnerables\/#primaryimage"},"thumbnailUrl":"https:\/\/noti-america.com\/site\/ecuador\/wp-content\/uploads\/sites\/18\/2024\/10\/WhatsApp-Image-2024-10-15-at-16.23.25-scaled.jpeg","datePublished":"2024-10-17T02:24:32+00:00","breadcrumb":{"@id":"https:\/\/noti-america.com\/site\/ecuador\/2024\/10\/17\/programa-un-gol-por-la-seguridad-otorga-becas-academicas-a-jovenes-vulnerables\/#breadcrumb"},"inLanguage":"es","potentialAction":[{"@type":"ReadAction","target":["https:\/\/noti-america.com\/site\/ecuador\/2024\/10\/17\/programa-un-gol-por-la-seguridad-otorga-becas-academicas-a-jovenes-vulnerables\/"]}]},{"@type":"ImageObject","inLanguage":"es","@id":"https:\/\/noti-america.com\/site\/ecuador\/2024\/10\/17\/programa-un-gol-por-la-seguridad-otorga-becas-academicas-a-jovenes-vulnerables\/#primaryimage","url":"https:\/\/noti-america.com\/site\/ecuador\/wp-content\/uploads\/sites\/18\/2024\/10\/WhatsApp-Image-2024-10-15-at-16.23.25-scaled.jpeg","contentUrl":"https:\/\/noti-america.com\/site\/ecuador\/wp-content\/uploads\/sites\/18\/2024\/10\/WhatsApp-Image-2024-10-15-at-16.23.25-scaled.jpeg","width":2560,"height":1441},{"@type":"BreadcrumbList","@id":"https:\/\/noti-america.com\/site\/ecuador\/2024\/10\/17\/programa-un-gol-por-la-seguridad-otorga-becas-academicas-a-jovenes-vulnerables\/#breadcrumb","itemListElement":[{"@type":"ListItem","position":1,"name":"Portada","item":"https:\/\/noti-america.com\/site\/ecuador\/"},{"@type":"ListItem","position":2,"name":"Programa &#8216;Un gol por la Seguridad&#8217; otorga becas acad\u00e9micas a j\u00f3venes vulnerables"}]},{"@type":"WebSite","@id":"https:\/\/noti-america.com\/site\/ecuador\/#website","url":"https:\/\/noti-america.com\/site\/ecuador\/","name":"Ecuador | Noti-America.com","description":"","publisher":{"@id":"https:\/\/noti-america.com\/site\/ecuador\/#organization"},"potentialAction":[{"@type":"SearchAction","target":{"@type":"EntryPoint","urlTemplate":"https:\/\/noti-america.com\/site\/ecuador\/?s={search_term_string}"},"query-input":{"@type":"PropertyValueSpecification","valueRequired":true,"valueName":"search_term_string"}}],"inLanguage":"es"},{"@type":"Organization","@id":"https:\/\/noti-america.com\/site\/ecuador\/#organization","name":"Noti-America LLC | Ecuador","url":"https:\/\/noti-america.com\/site\/ecuador\/","logo":{"@type":"ImageObject","inLanguage":"es","@id":"https:\/\/noti-america.com\/site\/ecuador\/#\/schema\/logo\/image\/","url":"https:\/\/noti-america.com\/site\/ecuador\/wp-content\/uploads\/sites\/18\/2020\/07\/LogoNA-4x3-1.jpg","contentUrl":"https:\/\/noti-america.com\/site\/ecuador\/wp-content\/uploads\/sites\/18\/2020\/07\/LogoNA-4x3-1.jpg","width":1236,"height":1080,"caption":"Noti-America LLC | Ecuador"},"image":{"@id":"https:\/\/noti-america.com\/site\/ecuador\/#\/schema\/logo\/image\/"},"sameAs":["https:\/\/x.com\/notiamerica"]},{"@type":"Person","@id":"https:\/\/noti-america.com\/site\/ecuador\/#\/schema\/person\/b9d1630cc6598af759d45c790a347283","name":"Henry Ortiz","image":{"@type":"ImageObject","inLanguage":"es","@id":"https:\/\/secure.gravatar.com\/avatar\/0b5407b5b302fbb6a578e625dca512ac2983ee5fa9ea941d581b83c40212e4c8?s=96&d=mm&r=g","url":"https:\/\/secure.gravatar.com\/avatar\/0b5407b5b302fbb6a578e625dca512ac2983ee5fa9ea941d581b83c40212e4c8?s=96&d=mm&r=g","contentUrl":"https:\/\/secure.gravatar.com\/avatar\/0b5407b5b302fbb6a578e625dca512ac2983ee5fa9ea941d581b83c40212e4c8?s=96&d=mm&r=g","caption":"Henry Ortiz"},"url":"https:\/\/noti-america.com\/site\/ecuador\/author\/hortiz\/"}]}},"_links":{"self":[{"href":"https:\/\/noti-america.com\/site\/ecuador\/wp-json\/wp\/v2\/posts\/32499","targetHints":{"allow":["GET"]}}],"collection":[{"href":"https:\/\/noti-america.com\/site\/ecuador\/wp-json\/wp\/v2\/posts"}],"about":[{"href":"https:\/\/noti-america.com\/site\/ecuador\/wp-json\/wp\/v2\/types\/post"}],"author":[{"embeddable":true,"href":"https:\/\/noti-america.com\/site\/ecuador\/wp-json\/wp\/v2\/users\/113"}],"replies":[{"embeddable":true,"href":"https:\/\/noti-america.com\/site\/ecuador\/wp-json\/wp\/v2\/comments?post=32499"}],"version-history":[{"count":1,"href":"https:\/\/noti-america.com\/site\/ecuador\/wp-json\/wp\/v2\/posts\/32499\/revisions"}],"predecessor-version":[{"id":32502,"href":"https:\/\/noti-america.com\/site\/ecuador\/wp-json\/wp\/v2\/posts\/32499\/revisions\/32502"}],"wp:featuredmedia":[{"embeddable":true,"href":"https:\/\/noti-america.com\/site\/ecuador\/wp-json\/wp\/v2\/media\/32501"}],"wp:attachment":[{"href":"https:\/\/noti-america.com\/site\/ecuador\/wp-json\/wp\/v2\/media?parent=32499"}],"wp:term":[{"taxonomy":"category","embeddable":true,"href":"https:\/\/noti-america.com\/site\/ecuador\/wp-json\/wp\/v2\/categories?post=32499"},{"taxonomy":"post_tag","embeddable":true,"href":"https:\/\/noti-america.com\/site\/ecuador\/wp-json\/wp\/v2\/tags?post=32499"}],"curies":[{"name":"wp","href":"https:\/\/api.w.org\/{rel}","templated":true}]}}