{"id":32409,"date":"2024-10-10T23:54:14","date_gmt":"2024-10-10T23:54:14","guid":{"rendered":"https:\/\/noti-america.com\/site\/ecuador\/2024\/10\/10\/expresidente-gutierrez-el-correismo-es-uno-de-los-mayores-culpables-por-los-apagones-2\/"},"modified":"2024-10-10T23:54:14","modified_gmt":"2024-10-10T23:54:14","slug":"expresidente-gutierrez-el-correismo-es-uno-de-los-mayores-culpables-por-los-apagones-2","status":"publish","type":"post","link":"https:\/\/noti-america.com\/site\/ecuador\/2024\/10\/10\/expresidente-gutierrez-el-correismo-es-uno-de-los-mayores-culpables-por-los-apagones-2\/","title":{"rendered":"Expresidente Guti\u00e9rrez: El corre\u00edsmo es uno de los mayores culpables por los apagones"},"content":{"rendered":"<p>REDACCI\u00d3N NOTI-AM\u00c9RICA\u00a0<strong>(ECUADOR).<\/strong><\/p>\n<div id=\"attachment_32408\" style=\"width: 2570px\" class=\"wp-caption alignnone\"><img loading=\"lazy\" decoding=\"async\" aria-describedby=\"caption-attachment-32408\" class=\"size-full wp-image-32408\" src=\"https:\/\/noti-america.com\/site\/ecuador\/wp-content\/uploads\/sites\/18\/2024\/10\/IMG_8958-scaled.jpeg\" alt=\"Lucio Guti\u00e9rrez (izquierda) junto \u00c1lex B\u00f3squez.\" width=\"2560\" height=\"1920\" srcset=\"https:\/\/noti-america.com\/site\/ecuador\/wp-content\/uploads\/sites\/18\/2024\/10\/IMG_8958-scaled.jpeg 2560w, https:\/\/noti-america.com\/site\/ecuador\/wp-content\/uploads\/sites\/18\/2024\/10\/IMG_8958-300x225.jpeg 300w, https:\/\/noti-america.com\/site\/ecuador\/wp-content\/uploads\/sites\/18\/2024\/10\/IMG_8958-1024x768.jpeg 1024w, https:\/\/noti-america.com\/site\/ecuador\/wp-content\/uploads\/sites\/18\/2024\/10\/IMG_8958-768x576.jpeg 768w, https:\/\/noti-america.com\/site\/ecuador\/wp-content\/uploads\/sites\/18\/2024\/10\/IMG_8958-1536x1152.jpeg 1536w, https:\/\/noti-america.com\/site\/ecuador\/wp-content\/uploads\/sites\/18\/2024\/10\/IMG_8958-2048x1536.jpeg 2048w\" sizes=\"auto, (max-width: 2560px) 100vw, 2560px\" \/><p id=\"caption-attachment-32408\" class=\"wp-caption-text\">Lucio Guti\u00e9rrez (izquierda) junto \u00c1lex B\u00f3squez.<\/p><\/div>\n<p style=\"text-align: justify\">El expresidente Lucio Guti\u00e9rrez, quien encabeza la lista de candidatos a asamble\u00edstas nacionales por el Partido Sociedad Patri\u00f3tica (PSP), responsabiliz\u00f3 al corre\u00edsmo de los apagones que actualmente enfrenta el pa\u00eds y denunci\u00f3 un perjuicio al Estado de 800 millones de d\u00f3lares debido a la sobrevaloraci\u00f3n del proyecto hidroel\u00e9ctrico Toachi Pilat\u00f3n.<\/p>\n<p style=\"text-align: justify\">Seg\u00fan Guti\u00e9rrez, el actual Gobierno tambi\u00e9n tiene responsabilidad en esta crisis, ya que, antes de la posesi\u00f3n de Daniel Noboa, debi\u00f3 haberse realizado un estudio previo sobre la situaci\u00f3n energ\u00e9tica, que se ha visto afectada por dos d\u00e9cadas debido a la escasez de lluvias y la falta de mantenimiento de las termoel\u00e9ctricas.<\/p>\n<p style=\"text-align: justify\">Sobre la decisi\u00f3n del gobierno de Estados Unidos de declarar inelegibles para ingresar a su pa\u00eds al expresidente Rafael Correa y el exvicepresidente Jorge Glas, sostuvo que \u201cesto no hace m\u00e1s que confirmar lo que todos sab\u00edamos, es decir, el alto nivel de corrupci\u00f3n que ambos practicaron\u201d.<\/p>\n<p style=\"text-align: justify\">Por su parte, \u00c1lex B\u00f3squez, candidato a tercer asamble\u00edsta nacional y director nacional de pol\u00edtica del PSP, anunci\u00f3 que para las pr\u00f3ximas elecciones se est\u00e1n preparando nuevas alianzas. Adem\u00e1s, destac\u00f3 que la lista de candidatos que lo acompa\u00f1ar\u00e1n en la Asamblea cuenta con un s\u00f3lido respaldo.<\/p>\n","protected":false},"excerpt":{"rendered":"<p>REDACCI\u00d3N NOTI-AM\u00c9RICA\u00a0(ECUADOR). El expresidente Lucio Guti\u00e9rrez, quien encabeza la lista de candidatos a asamble\u00edstas nacionales por el Partido Sociedad Patri\u00f3tica (PSP), responsabiliz\u00f3 al corre\u00edsmo de los apagones que actualmente enfrenta el pa\u00eds y denunci\u00f3&#46;&#46;&#46;<\/p>\n","protected":false},"author":81,"featured_media":32410,"comment_status":"open","ping_status":"open","sticky":false,"template":"","format":"standard","meta":{"_acf_changed":false,"om_disable_all_campaigns":false,"rop_custom_images_group":[],"rop_custom_messages_group":[],"rop_publish_now":"initial","rop_publish_now_accounts":{"twitter_242054905_242054905":""},"rop_publish_now_history":[],"rop_publish_now_status":"pending","_uf_show_specific_survey":0,"_uf_disable_surveys":false,"footnotes":""},"categories":[34],"tags":[],"class_list":["post-32409","post","type-post","status-publish","format-standard","has-post-thumbnail","hentry","category-politica-opinion"],"acf":[],"aioseo_notices":[],"yoast_head":"<!-- This site is optimized with the Yoast SEO Premium plugin v24.9 (Yoast SEO v27.2) - https:\/\/yoast.com\/product\/yoast-seo-premium-wordpress\/ -->\n<title>Expresidente Guti\u00e9rrez: El corre\u00edsmo es uno de los mayores culpables por los apagones - Ecuador | Noti-America.com<\/title>\n<meta name=\"robots\" content=\"index, follow, max-snippet:-1, max-image-preview:large, max-video-preview:-1\" \/>\n<link rel=\"canonical\" href=\"https:\/\/noti-america.com\/site\/ecuador\/2024\/10\/10\/expresidente-gutierrez-el-correismo-es-uno-de-los-mayores-culpables-por-los-apagones-2\/\" \/>\n<meta property=\"og:locale\" content=\"es_ES\" \/>\n<meta property=\"og:type\" content=\"article\" \/>\n<meta property=\"og:title\" content=\"Expresidente Guti\u00e9rrez: El corre\u00edsmo es uno de los mayores culpables por los apagones\" \/>\n<meta property=\"og:description\" content=\"REDACCI\u00d3N NOTI-AM\u00c9RICA\u00a0(ECUADOR). El expresidente Lucio Guti\u00e9rrez, quien encabeza la lista de candidatos a asamble\u00edstas nacionales por el Partido Sociedad Patri\u00f3tica (PSP), responsabiliz\u00f3 al corre\u00edsmo de los apagones que actualmente enfrenta el pa\u00eds y denunci\u00f3&#046;&#046;&#046;\" \/>\n<meta property=\"og:url\" content=\"https:\/\/noti-america.com\/site\/ecuador\/2024\/10\/10\/expresidente-gutierrez-el-correismo-es-uno-de-los-mayores-culpables-por-los-apagones-2\/\" \/>\n<meta property=\"og:site_name\" content=\"Ecuador | Noti-America.com\" \/>\n<meta property=\"article:published_time\" content=\"2024-10-10T23:54:14+00:00\" \/>\n<meta property=\"og:image\" content=\"https:\/\/noti-america.com\/site\/ecuador\/wp-content\/uploads\/sites\/18\/2024\/10\/IMG_8958-scaled.jpeg\" \/>\n\t<meta property=\"og:image:width\" content=\"2560\" \/>\n\t<meta property=\"og:image:height\" content=\"1920\" \/>\n\t<meta property=\"og:image:type\" content=\"image\/jpeg\" \/>\n<meta name=\"author\" content=\"Boris Moyano\" \/>\n<meta name=\"twitter:card\" content=\"summary_large_image\" \/>\n<meta name=\"twitter:creator\" content=\"@notiamerica\" \/>\n<meta name=\"twitter:site\" content=\"@notiamerica\" \/>\n<meta name=\"twitter:label1\" content=\"Escrito por\" \/>\n\t<meta name=\"twitter:data1\" content=\"Boris Moyano\" \/>\n\t<meta name=\"twitter:label2\" content=\"Tiempo estimado de lectura\" \/>\n\t<meta name=\"twitter:data2\" content=\"1 minuto\" \/>\n<script type=\"application\/ld+json\" class=\"yoast-schema-graph\">{\"@context\":\"https:\/\/schema.org\",\"@graph\":[{\"@type\":\"Article\",\"@id\":\"https:\/\/noti-america.com\/site\/ecuador\/2024\/10\/10\/expresidente-gutierrez-el-correismo-es-uno-de-los-mayores-culpables-por-los-apagones-2\/#article\",\"isPartOf\":{\"@id\":\"https:\/\/noti-america.com\/site\/ecuador\/2024\/10\/10\/expresidente-gutierrez-el-correismo-es-uno-de-los-mayores-culpables-por-los-apagones-2\/\"},\"author\":{\"name\":\"Boris Moyano\",\"@id\":\"https:\/\/noti-america.com\/site\/ecuador\/#\/schema\/person\/063740b70e1baad7ce400b3b8bd8b8e3\"},\"headline\":\"Expresidente Guti\u00e9rrez: El corre\u00edsmo es uno de los mayores culpables por los apagones\",\"datePublished\":\"2024-10-10T23:54:14+00:00\",\"mainEntityOfPage\":{\"@id\":\"https:\/\/noti-america.com\/site\/ecuador\/2024\/10\/10\/expresidente-gutierrez-el-correismo-es-uno-de-los-mayores-culpables-por-los-apagones-2\/\"},\"wordCount\":260,\"commentCount\":0,\"publisher\":{\"@id\":\"https:\/\/noti-america.com\/site\/ecuador\/#organization\"},\"image\":{\"@id\":\"https:\/\/noti-america.com\/site\/ecuador\/2024\/10\/10\/expresidente-gutierrez-el-correismo-es-uno-de-los-mayores-culpables-por-los-apagones-2\/#primaryimage\"},\"thumbnailUrl\":\"https:\/\/noti-america.com\/site\/ecuador\/wp-content\/uploads\/sites\/18\/2024\/10\/IMG_8958-scaled.jpeg\",\"articleSection\":[\"Pol\u00edtica\"],\"inLanguage\":\"es\",\"potentialAction\":[{\"@type\":\"CommentAction\",\"name\":\"Comment\",\"target\":[\"https:\/\/noti-america.com\/site\/ecuador\/2024\/10\/10\/expresidente-gutierrez-el-correismo-es-uno-de-los-mayores-culpables-por-los-apagones-2\/#respond\"]}]},{\"@type\":\"WebPage\",\"@id\":\"https:\/\/noti-america.com\/site\/ecuador\/2024\/10\/10\/expresidente-gutierrez-el-correismo-es-uno-de-los-mayores-culpables-por-los-apagones-2\/\",\"url\":\"https:\/\/noti-america.com\/site\/ecuador\/2024\/10\/10\/expresidente-gutierrez-el-correismo-es-uno-de-los-mayores-culpables-por-los-apagones-2\/\",\"name\":\"Expresidente Guti\u00e9rrez: El corre\u00edsmo es uno de los mayores culpables por los apagones - Ecuador | Noti-America.com\",\"isPartOf\":{\"@id\":\"https:\/\/noti-america.com\/site\/ecuador\/#website\"},\"primaryImageOfPage\":{\"@id\":\"https:\/\/noti-america.com\/site\/ecuador\/2024\/10\/10\/expresidente-gutierrez-el-correismo-es-uno-de-los-mayores-culpables-por-los-apagones-2\/#primaryimage\"},\"image\":{\"@id\":\"https:\/\/noti-america.com\/site\/ecuador\/2024\/10\/10\/expresidente-gutierrez-el-correismo-es-uno-de-los-mayores-culpables-por-los-apagones-2\/#primaryimage\"},\"thumbnailUrl\":\"https:\/\/noti-america.com\/site\/ecuador\/wp-content\/uploads\/sites\/18\/2024\/10\/IMG_8958-scaled.jpeg\",\"datePublished\":\"2024-10-10T23:54:14+00:00\",\"breadcrumb\":{\"@id\":\"https:\/\/noti-america.com\/site\/ecuador\/2024\/10\/10\/expresidente-gutierrez-el-correismo-es-uno-de-los-mayores-culpables-por-los-apagones-2\/#breadcrumb\"},\"inLanguage\":\"es\",\"potentialAction\":[{\"@type\":\"ReadAction\",\"target\":[\"https:\/\/noti-america.com\/site\/ecuador\/2024\/10\/10\/expresidente-gutierrez-el-correismo-es-uno-de-los-mayores-culpables-por-los-apagones-2\/\"]}]},{\"@type\":\"ImageObject\",\"inLanguage\":\"es\",\"@id\":\"https:\/\/noti-america.com\/site\/ecuador\/2024\/10\/10\/expresidente-gutierrez-el-correismo-es-uno-de-los-mayores-culpables-por-los-apagones-2\/#primaryimage\",\"url\":\"https:\/\/noti-america.com\/site\/ecuador\/wp-content\/uploads\/sites\/18\/2024\/10\/IMG_8958-scaled.jpeg\",\"contentUrl\":\"https:\/\/noti-america.com\/site\/ecuador\/wp-content\/uploads\/sites\/18\/2024\/10\/IMG_8958-scaled.jpeg\",\"width\":2560,\"height\":1920,\"caption\":\"Lucio Guti\u00e9rrez (izquierda) junto \u00c1lex B\u00f3squez.\"},{\"@type\":\"BreadcrumbList\",\"@id\":\"https:\/\/noti-america.com\/site\/ecuador\/2024\/10\/10\/expresidente-gutierrez-el-correismo-es-uno-de-los-mayores-culpables-por-los-apagones-2\/#breadcrumb\",\"itemListElement\":[{\"@type\":\"ListItem\",\"position\":1,\"name\":\"Portada\",\"item\":\"https:\/\/noti-america.com\/site\/ecuador\/\"},{\"@type\":\"ListItem\",\"position\":2,\"name\":\"Expresidente Guti\u00e9rrez: El corre\u00edsmo es uno de los mayores culpables por los apagones\"}]},{\"@type\":\"WebSite\",\"@id\":\"https:\/\/noti-america.com\/site\/ecuador\/#website\",\"url\":\"https:\/\/noti-america.com\/site\/ecuador\/\",\"name\":\"Ecuador | Noti-America.com\",\"description\":\"\",\"publisher\":{\"@id\":\"https:\/\/noti-america.com\/site\/ecuador\/#organization\"},\"potentialAction\":[{\"@type\":\"SearchAction\",\"target\":{\"@type\":\"EntryPoint\",\"urlTemplate\":\"https:\/\/noti-america.com\/site\/ecuador\/?s={search_term_string}\"},\"query-input\":{\"@type\":\"PropertyValueSpecification\",\"valueRequired\":true,\"valueName\":\"search_term_string\"}}],\"inLanguage\":\"es\"},{\"@type\":\"Organization\",\"@id\":\"https:\/\/noti-america.com\/site\/ecuador\/#organization\",\"name\":\"Noti-America LLC | Ecuador\",\"url\":\"https:\/\/noti-america.com\/site\/ecuador\/\",\"logo\":{\"@type\":\"ImageObject\",\"inLanguage\":\"es\",\"@id\":\"https:\/\/noti-america.com\/site\/ecuador\/#\/schema\/logo\/image\/\",\"url\":\"https:\/\/noti-america.com\/site\/ecuador\/wp-content\/uploads\/sites\/18\/2020\/07\/LogoNA-4x3-1.jpg\",\"contentUrl\":\"https:\/\/noti-america.com\/site\/ecuador\/wp-content\/uploads\/sites\/18\/2020\/07\/LogoNA-4x3-1.jpg\",\"width\":1236,\"height\":1080,\"caption\":\"Noti-America LLC | Ecuador\"},\"image\":{\"@id\":\"https:\/\/noti-america.com\/site\/ecuador\/#\/schema\/logo\/image\/\"},\"sameAs\":[\"https:\/\/x.com\/notiamerica\"]},{\"@type\":\"Person\",\"@id\":\"https:\/\/noti-america.com\/site\/ecuador\/#\/schema\/person\/063740b70e1baad7ce400b3b8bd8b8e3\",\"name\":\"Boris Moyano\",\"image\":{\"@type\":\"ImageObject\",\"inLanguage\":\"es\",\"@id\":\"https:\/\/secure.gravatar.com\/avatar\/1635fd8d206bae736e855dfe91602736d1ea92af1a7f3fa7f62c848f245a1404?s=96&d=mm&r=g\",\"url\":\"https:\/\/secure.gravatar.com\/avatar\/1635fd8d206bae736e855dfe91602736d1ea92af1a7f3fa7f62c848f245a1404?s=96&d=mm&r=g\",\"contentUrl\":\"https:\/\/secure.gravatar.com\/avatar\/1635fd8d206bae736e855dfe91602736d1ea92af1a7f3fa7f62c848f245a1404?s=96&d=mm&r=g\",\"caption\":\"Boris Moyano\"},\"url\":\"https:\/\/noti-america.com\/site\/ecuador\/author\/bmoyano\/\"}]}<\/script>\n<!-- \/ Yoast SEO Premium plugin. -->","yoast_head_json":{"title":"Expresidente Guti\u00e9rrez: El corre\u00edsmo es uno de los mayores culpables por los apagones - Ecuador | Noti-America.com","robots":{"index":"index","follow":"follow","max-snippet":"max-snippet:-1","max-image-preview":"max-image-preview:large","max-video-preview":"max-video-preview:-1"},"canonical":"https:\/\/noti-america.com\/site\/ecuador\/2024\/10\/10\/expresidente-gutierrez-el-correismo-es-uno-de-los-mayores-culpables-por-los-apagones-2\/","og_locale":"es_ES","og_type":"article","og_title":"Expresidente Guti\u00e9rrez: El corre\u00edsmo es uno de los mayores culpables por los apagones","og_description":"REDACCI\u00d3N NOTI-AM\u00c9RICA\u00a0(ECUADOR). El expresidente Lucio Guti\u00e9rrez, quien encabeza la lista de candidatos a asamble\u00edstas nacionales por el Partido Sociedad Patri\u00f3tica (PSP), responsabiliz\u00f3 al corre\u00edsmo de los apagones que actualmente enfrenta el pa\u00eds y denunci\u00f3&#46;&#46;&#46;","og_url":"https:\/\/noti-america.com\/site\/ecuador\/2024\/10\/10\/expresidente-gutierrez-el-correismo-es-uno-de-los-mayores-culpables-por-los-apagones-2\/","og_site_name":"Ecuador | Noti-America.com","article_published_time":"2024-10-10T23:54:14+00:00","og_image":[{"width":2560,"height":1920,"url":"https:\/\/noti-america.com\/site\/ecuador\/wp-content\/uploads\/sites\/18\/2024\/10\/IMG_8958-scaled.jpeg","type":"image\/jpeg"}],"author":"Boris Moyano","twitter_card":"summary_large_image","twitter_creator":"@notiamerica","twitter_site":"@notiamerica","twitter_misc":{"Escrito por":"Boris Moyano","Tiempo estimado de lectura":"1 minuto"},"schema":{"@context":"https:\/\/schema.org","@graph":[{"@type":"Article","@id":"https:\/\/noti-america.com\/site\/ecuador\/2024\/10\/10\/expresidente-gutierrez-el-correismo-es-uno-de-los-mayores-culpables-por-los-apagones-2\/#article","isPartOf":{"@id":"https:\/\/noti-america.com\/site\/ecuador\/2024\/10\/10\/expresidente-gutierrez-el-correismo-es-uno-de-los-mayores-culpables-por-los-apagones-2\/"},"author":{"name":"Boris Moyano","@id":"https:\/\/noti-america.com\/site\/ecuador\/#\/schema\/person\/063740b70e1baad7ce400b3b8bd8b8e3"},"headline":"Expresidente Guti\u00e9rrez: El corre\u00edsmo es uno de los mayores culpables por los apagones","datePublished":"2024-10-10T23:54:14+00:00","mainEntityOfPage":{"@id":"https:\/\/noti-america.com\/site\/ecuador\/2024\/10\/10\/expresidente-gutierrez-el-correismo-es-uno-de-los-mayores-culpables-por-los-apagones-2\/"},"wordCount":260,"commentCount":0,"publisher":{"@id":"https:\/\/noti-america.com\/site\/ecuador\/#organization"},"image":{"@id":"https:\/\/noti-america.com\/site\/ecuador\/2024\/10\/10\/expresidente-gutierrez-el-correismo-es-uno-de-los-mayores-culpables-por-los-apagones-2\/#primaryimage"},"thumbnailUrl":"https:\/\/noti-america.com\/site\/ecuador\/wp-content\/uploads\/sites\/18\/2024\/10\/IMG_8958-scaled.jpeg","articleSection":["Pol\u00edtica"],"inLanguage":"es","potentialAction":[{"@type":"CommentAction","name":"Comment","target":["https:\/\/noti-america.com\/site\/ecuador\/2024\/10\/10\/expresidente-gutierrez-el-correismo-es-uno-de-los-mayores-culpables-por-los-apagones-2\/#respond"]}]},{"@type":"WebPage","@id":"https:\/\/noti-america.com\/site\/ecuador\/2024\/10\/10\/expresidente-gutierrez-el-correismo-es-uno-de-los-mayores-culpables-por-los-apagones-2\/","url":"https:\/\/noti-america.com\/site\/ecuador\/2024\/10\/10\/expresidente-gutierrez-el-correismo-es-uno-de-los-mayores-culpables-por-los-apagones-2\/","name":"Expresidente Guti\u00e9rrez: El corre\u00edsmo es uno de los mayores culpables por los apagones - Ecuador | Noti-America.com","isPartOf":{"@id":"https:\/\/noti-america.com\/site\/ecuador\/#website"},"primaryImageOfPage":{"@id":"https:\/\/noti-america.com\/site\/ecuador\/2024\/10\/10\/expresidente-gutierrez-el-correismo-es-uno-de-los-mayores-culpables-por-los-apagones-2\/#primaryimage"},"image":{"@id":"https:\/\/noti-america.com\/site\/ecuador\/2024\/10\/10\/expresidente-gutierrez-el-correismo-es-uno-de-los-mayores-culpables-por-los-apagones-2\/#primaryimage"},"thumbnailUrl":"https:\/\/noti-america.com\/site\/ecuador\/wp-content\/uploads\/sites\/18\/2024\/10\/IMG_8958-scaled.jpeg","datePublished":"2024-10-10T23:54:14+00:00","breadcrumb":{"@id":"https:\/\/noti-america.com\/site\/ecuador\/2024\/10\/10\/expresidente-gutierrez-el-correismo-es-uno-de-los-mayores-culpables-por-los-apagones-2\/#breadcrumb"},"inLanguage":"es","potentialAction":[{"@type":"ReadAction","target":["https:\/\/noti-america.com\/site\/ecuador\/2024\/10\/10\/expresidente-gutierrez-el-correismo-es-uno-de-los-mayores-culpables-por-los-apagones-2\/"]}]},{"@type":"ImageObject","inLanguage":"es","@id":"https:\/\/noti-america.com\/site\/ecuador\/2024\/10\/10\/expresidente-gutierrez-el-correismo-es-uno-de-los-mayores-culpables-por-los-apagones-2\/#primaryimage","url":"https:\/\/noti-america.com\/site\/ecuador\/wp-content\/uploads\/sites\/18\/2024\/10\/IMG_8958-scaled.jpeg","contentUrl":"https:\/\/noti-america.com\/site\/ecuador\/wp-content\/uploads\/sites\/18\/2024\/10\/IMG_8958-scaled.jpeg","width":2560,"height":1920,"caption":"Lucio Guti\u00e9rrez (izquierda) junto \u00c1lex B\u00f3squez."},{"@type":"BreadcrumbList","@id":"https:\/\/noti-america.com\/site\/ecuador\/2024\/10\/10\/expresidente-gutierrez-el-correismo-es-uno-de-los-mayores-culpables-por-los-apagones-2\/#breadcrumb","itemListElement":[{"@type":"ListItem","position":1,"name":"Portada","item":"https:\/\/noti-america.com\/site\/ecuador\/"},{"@type":"ListItem","position":2,"name":"Expresidente Guti\u00e9rrez: El corre\u00edsmo es uno de los mayores culpables por los apagones"}]},{"@type":"WebSite","@id":"https:\/\/noti-america.com\/site\/ecuador\/#website","url":"https:\/\/noti-america.com\/site\/ecuador\/","name":"Ecuador | Noti-America.com","description":"","publisher":{"@id":"https:\/\/noti-america.com\/site\/ecuador\/#organization"},"potentialAction":[{"@type":"SearchAction","target":{"@type":"EntryPoint","urlTemplate":"https:\/\/noti-america.com\/site\/ecuador\/?s={search_term_string}"},"query-input":{"@type":"PropertyValueSpecification","valueRequired":true,"valueName":"search_term_string"}}],"inLanguage":"es"},{"@type":"Organization","@id":"https:\/\/noti-america.com\/site\/ecuador\/#organization","name":"Noti-America LLC | Ecuador","url":"https:\/\/noti-america.com\/site\/ecuador\/","logo":{"@type":"ImageObject","inLanguage":"es","@id":"https:\/\/noti-america.com\/site\/ecuador\/#\/schema\/logo\/image\/","url":"https:\/\/noti-america.com\/site\/ecuador\/wp-content\/uploads\/sites\/18\/2020\/07\/LogoNA-4x3-1.jpg","contentUrl":"https:\/\/noti-america.com\/site\/ecuador\/wp-content\/uploads\/sites\/18\/2020\/07\/LogoNA-4x3-1.jpg","width":1236,"height":1080,"caption":"Noti-America LLC | Ecuador"},"image":{"@id":"https:\/\/noti-america.com\/site\/ecuador\/#\/schema\/logo\/image\/"},"sameAs":["https:\/\/x.com\/notiamerica"]},{"@type":"Person","@id":"https:\/\/noti-america.com\/site\/ecuador\/#\/schema\/person\/063740b70e1baad7ce400b3b8bd8b8e3","name":"Boris Moyano","image":{"@type":"ImageObject","inLanguage":"es","@id":"https:\/\/secure.gravatar.com\/avatar\/1635fd8d206bae736e855dfe91602736d1ea92af1a7f3fa7f62c848f245a1404?s=96&d=mm&r=g","url":"https:\/\/secure.gravatar.com\/avatar\/1635fd8d206bae736e855dfe91602736d1ea92af1a7f3fa7f62c848f245a1404?s=96&d=mm&r=g","contentUrl":"https:\/\/secure.gravatar.com\/avatar\/1635fd8d206bae736e855dfe91602736d1ea92af1a7f3fa7f62c848f245a1404?s=96&d=mm&r=g","caption":"Boris Moyano"},"url":"https:\/\/noti-america.com\/site\/ecuador\/author\/bmoyano\/"}]}},"_links":{"self":[{"href":"https:\/\/noti-america.com\/site\/ecuador\/wp-json\/wp\/v2\/posts\/32409","targetHints":{"allow":["GET"]}}],"collection":[{"href":"https:\/\/noti-america.com\/site\/ecuador\/wp-json\/wp\/v2\/posts"}],"about":[{"href":"https:\/\/noti-america.com\/site\/ecuador\/wp-json\/wp\/v2\/types\/post"}],"author":[{"embeddable":true,"href":"https:\/\/noti-america.com\/site\/ecuador\/wp-json\/wp\/v2\/users\/81"}],"replies":[{"embeddable":true,"href":"https:\/\/noti-america.com\/site\/ecuador\/wp-json\/wp\/v2\/comments?post=32409"}],"version-history":[{"count":0,"href":"https:\/\/noti-america.com\/site\/ecuador\/wp-json\/wp\/v2\/posts\/32409\/revisions"}],"wp:featuredmedia":[{"embeddable":true,"href":"https:\/\/noti-america.com\/site\/ecuador\/wp-json\/wp\/v2\/media\/32410"}],"wp:attachment":[{"href":"https:\/\/noti-america.com\/site\/ecuador\/wp-json\/wp\/v2\/media?parent=32409"}],"wp:term":[{"taxonomy":"category","embeddable":true,"href":"https:\/\/noti-america.com\/site\/ecuador\/wp-json\/wp\/v2\/categories?post=32409"},{"taxonomy":"post_tag","embeddable":true,"href":"https:\/\/noti-america.com\/site\/ecuador\/wp-json\/wp\/v2\/tags?post=32409"}],"curies":[{"name":"wp","href":"https:\/\/api.w.org\/{rel}","templated":true}]}}