{"id":32142,"date":"2024-09-24T02:26:33","date_gmt":"2024-09-24T02:26:33","guid":{"rendered":"https:\/\/noti-america.com\/site\/ecuador\/?p=32142"},"modified":"2024-09-24T02:26:33","modified_gmt":"2024-09-24T02:26:33","slug":"avicolas-alertan-posible-incremento-de-precios-por-falta-de-maiz","status":"publish","type":"post","link":"https:\/\/noti-america.com\/site\/ecuador\/2024\/09\/24\/avicolas-alertan-posible-incremento-de-precios-por-falta-de-maiz\/","title":{"rendered":"Av\u00edcolas alertan posible incremento de precios por falta de ma\u00edz"},"content":{"rendered":"<p><strong>REDACCI\u00d3N NOTI-AM\u00c9RICA (ECUADOR).<\/strong><\/p>\n<p style=\"text-align: justify\"><img loading=\"lazy\" decoding=\"async\" class=\"size-medium wp-image-32143 aligncenter\" src=\"https:\/\/noti-america.com\/site\/ecuador\/wp-content\/uploads\/sites\/18\/2024\/09\/Maiz-amarillo-1-300x191.jpg\" alt=\"\" width=\"300\" height=\"191\" srcset=\"https:\/\/noti-america.com\/site\/ecuador\/wp-content\/uploads\/sites\/18\/2024\/09\/Maiz-amarillo-1-300x191.jpg 300w, https:\/\/noti-america.com\/site\/ecuador\/wp-content\/uploads\/sites\/18\/2024\/09\/Maiz-amarillo-1-1024x652.jpg 1024w, https:\/\/noti-america.com\/site\/ecuador\/wp-content\/uploads\/sites\/18\/2024\/09\/Maiz-amarillo-1-768x489.jpg 768w, https:\/\/noti-america.com\/site\/ecuador\/wp-content\/uploads\/sites\/18\/2024\/09\/Maiz-amarillo-1.jpg 1323w\" sizes=\"auto, (max-width: 300px) 100vw, 300px\" \/>Las industrias del sector av\u00edcola, acu\u00edcola, balanceados y el porc\u00edcola, estan preocupados por la escasez y los altos precios del quintal de ma\u00edz que est\u00e1 disponible en el mercado ecuatoriano.<\/p>\n<p style=\"text-align: justify\">La demanda anual de ma\u00edz en Ecuador es de 1&#8217;560.000 toneladas, pero la cosecha de este a\u00f1o alcanzar\u00e1 solo un mill\u00f3n de toneladas, lo que resulta en un d\u00e9ficit de 560.000 toneladas. Estos son los c\u00e1lculos que realiz\u00f3 la Asociaci\u00f3n de Productores de Alimentos Balanceados (Aprobal)<\/p>\n<p style=\"text-align: justify\">La baja cosecha a nivel nacional, el aumento a 20 d\u00f3lares y m\u00e1s por quintal del grano y la falta de esta materia prima, advierte el gremio, han llevado a muchas empresas a reducir o detener la producci\u00f3n de aves, cerdos y de piensos.<\/p>\n<p style=\"text-align: justify\">La asociaci\u00f3n aseguran que ya est\u00e1n en escasez para alimentar a 2 millones 800 mil cerdos y a 15 millones de aves ponedoras de huevo. Por eso piden al Gobierno que les permita importar maiz desde Argentina o Brasil, una medida que ya buscaban en julio.<\/p>\n<p style=\"text-align: justify\">Jorge Josse, director ejecutivo de Aprobal, solicita al Ministerio de Agricultura y Ganader\u00eda (MAG) apruebe lo antes posible la importaci\u00f3n de por lo menos 300.000 toneladas de ma\u00edz para cubrir la demanda interna hasta la pr\u00f3xima cosecha, en abril del 2025.<\/p>\n<p style=\"text-align: justify\">Uno de los sectores m\u00e1s golpeados ser\u00eda el de los huevos de mesa. Marisol Molina, directora de la Uni\u00f3n de Productores de Huevos (Uniproh), asegur\u00f3 que al momento tienen una producci\u00f3n de 14 millones de huevos diarios, pero el ma\u00edz representa el 65 % de la alimentaci\u00f3n de las 15 millones de aves ponedoras que se alimentan todos los d\u00edas.<\/p>\n<p style=\"text-align: justify\">De acuerdo con el gremio en los \u00faltimos d\u00edas se not\u00f3 un incremento del 23% en el costo del grano. Esto podr\u00eda significar un impacto directo en el costo de producci\u00f3n y de venta al p\u00fablico de las carnes de pollo, cerdo y huevos.<\/p>\n","protected":false},"excerpt":{"rendered":"<p>REDACCI\u00d3N NOTI-AM\u00c9RICA (ECUADOR). Las industrias del sector av\u00edcola, acu\u00edcola, balanceados y el porc\u00edcola, estan preocupados por la escasez y los altos precios del quintal de ma\u00edz que est\u00e1 disponible en el mercado ecuatoriano. La&#46;&#46;&#46;<\/p>\n","protected":false},"author":144,"featured_media":32143,"comment_status":"open","ping_status":"open","sticky":false,"template":"","format":"standard","meta":{"_acf_changed":false,"om_disable_all_campaigns":false,"rop_custom_images_group":[],"rop_custom_messages_group":[],"rop_publish_now":"initial","rop_publish_now_accounts":{"twitter_242054905_242054905":""},"rop_publish_now_history":[],"rop_publish_now_status":"pending","_uf_show_specific_survey":0,"_uf_disable_surveys":false,"footnotes":""},"categories":[125],"tags":[],"class_list":["post-32142","post","type-post","status-publish","format-standard","has-post-thumbnail","hentry","category-actualidad"],"acf":[],"aioseo_notices":[],"yoast_head":"<!-- This site is optimized with the Yoast SEO Premium plugin v24.9 (Yoast SEO v27.2) - https:\/\/yoast.com\/product\/yoast-seo-premium-wordpress\/ -->\n<title>Av\u00edcolas alertan posible incremento de precios por falta de ma\u00edz - Ecuador | Noti-America.com<\/title>\n<meta name=\"robots\" content=\"index, follow, max-snippet:-1, max-image-preview:large, max-video-preview:-1\" \/>\n<link rel=\"canonical\" href=\"https:\/\/noti-america.com\/site\/ecuador\/2024\/09\/24\/avicolas-alertan-posible-incremento-de-precios-por-falta-de-maiz\/\" \/>\n<meta property=\"og:locale\" content=\"es_ES\" \/>\n<meta property=\"og:type\" content=\"article\" \/>\n<meta property=\"og:title\" content=\"Av\u00edcolas alertan posible incremento de precios por falta de ma\u00edz\" \/>\n<meta property=\"og:description\" content=\"REDACCI\u00d3N NOTI-AM\u00c9RICA (ECUADOR). Las industrias del sector av\u00edcola, acu\u00edcola, balanceados y el porc\u00edcola, estan preocupados por la escasez y los altos precios del quintal de ma\u00edz que est\u00e1 disponible en el mercado ecuatoriano. La&#046;&#046;&#046;\" \/>\n<meta property=\"og:url\" content=\"https:\/\/noti-america.com\/site\/ecuador\/2024\/09\/24\/avicolas-alertan-posible-incremento-de-precios-por-falta-de-maiz\/\" \/>\n<meta property=\"og:site_name\" content=\"Ecuador | Noti-America.com\" \/>\n<meta property=\"article:published_time\" content=\"2024-09-24T02:26:33+00:00\" \/>\n<meta property=\"og:image\" content=\"https:\/\/noti-america.com\/site\/ecuador\/wp-content\/uploads\/sites\/18\/2024\/09\/Maiz-amarillo-1.jpg\" \/>\n\t<meta property=\"og:image:width\" content=\"1323\" \/>\n\t<meta property=\"og:image:height\" content=\"842\" \/>\n\t<meta property=\"og:image:type\" content=\"image\/jpeg\" \/>\n<meta name=\"author\" content=\"Henry Garrido\" \/>\n<meta name=\"twitter:card\" content=\"summary_large_image\" \/>\n<meta name=\"twitter:creator\" content=\"@notiamerica\" \/>\n<meta name=\"twitter:site\" content=\"@notiamerica\" \/>\n<meta name=\"twitter:label1\" content=\"Escrito por\" \/>\n\t<meta name=\"twitter:data1\" content=\"Henry Garrido\" \/>\n\t<meta name=\"twitter:label2\" content=\"Tiempo estimado de lectura\" \/>\n\t<meta name=\"twitter:data2\" content=\"2 minutos\" \/>\n<script type=\"application\/ld+json\" class=\"yoast-schema-graph\">{\"@context\":\"https:\/\/schema.org\",\"@graph\":[{\"@type\":\"Article\",\"@id\":\"https:\/\/noti-america.com\/site\/ecuador\/2024\/09\/24\/avicolas-alertan-posible-incremento-de-precios-por-falta-de-maiz\/#article\",\"isPartOf\":{\"@id\":\"https:\/\/noti-america.com\/site\/ecuador\/2024\/09\/24\/avicolas-alertan-posible-incremento-de-precios-por-falta-de-maiz\/\"},\"author\":{\"name\":\"Henry Garrido\",\"@id\":\"https:\/\/noti-america.com\/site\/ecuador\/#\/schema\/person\/00042412cfa9ecf98077f847ffadda4a\"},\"headline\":\"Av\u00edcolas alertan posible incremento de precios por falta de ma\u00edz\",\"datePublished\":\"2024-09-24T02:26:33+00:00\",\"mainEntityOfPage\":{\"@id\":\"https:\/\/noti-america.com\/site\/ecuador\/2024\/09\/24\/avicolas-alertan-posible-incremento-de-precios-por-falta-de-maiz\/\"},\"wordCount\":345,\"commentCount\":0,\"publisher\":{\"@id\":\"https:\/\/noti-america.com\/site\/ecuador\/#organization\"},\"image\":{\"@id\":\"https:\/\/noti-america.com\/site\/ecuador\/2024\/09\/24\/avicolas-alertan-posible-incremento-de-precios-por-falta-de-maiz\/#primaryimage\"},\"thumbnailUrl\":\"https:\/\/noti-america.com\/site\/ecuador\/wp-content\/uploads\/sites\/18\/2024\/09\/Maiz-amarillo-1.jpg\",\"articleSection\":[\"Actualidad\"],\"inLanguage\":\"es\",\"potentialAction\":[{\"@type\":\"CommentAction\",\"name\":\"Comment\",\"target\":[\"https:\/\/noti-america.com\/site\/ecuador\/2024\/09\/24\/avicolas-alertan-posible-incremento-de-precios-por-falta-de-maiz\/#respond\"]}]},{\"@type\":\"WebPage\",\"@id\":\"https:\/\/noti-america.com\/site\/ecuador\/2024\/09\/24\/avicolas-alertan-posible-incremento-de-precios-por-falta-de-maiz\/\",\"url\":\"https:\/\/noti-america.com\/site\/ecuador\/2024\/09\/24\/avicolas-alertan-posible-incremento-de-precios-por-falta-de-maiz\/\",\"name\":\"Av\u00edcolas alertan posible incremento de precios por falta de ma\u00edz - Ecuador | Noti-America.com\",\"isPartOf\":{\"@id\":\"https:\/\/noti-america.com\/site\/ecuador\/#website\"},\"primaryImageOfPage\":{\"@id\":\"https:\/\/noti-america.com\/site\/ecuador\/2024\/09\/24\/avicolas-alertan-posible-incremento-de-precios-por-falta-de-maiz\/#primaryimage\"},\"image\":{\"@id\":\"https:\/\/noti-america.com\/site\/ecuador\/2024\/09\/24\/avicolas-alertan-posible-incremento-de-precios-por-falta-de-maiz\/#primaryimage\"},\"thumbnailUrl\":\"https:\/\/noti-america.com\/site\/ecuador\/wp-content\/uploads\/sites\/18\/2024\/09\/Maiz-amarillo-1.jpg\",\"datePublished\":\"2024-09-24T02:26:33+00:00\",\"breadcrumb\":{\"@id\":\"https:\/\/noti-america.com\/site\/ecuador\/2024\/09\/24\/avicolas-alertan-posible-incremento-de-precios-por-falta-de-maiz\/#breadcrumb\"},\"inLanguage\":\"es\",\"potentialAction\":[{\"@type\":\"ReadAction\",\"target\":[\"https:\/\/noti-america.com\/site\/ecuador\/2024\/09\/24\/avicolas-alertan-posible-incremento-de-precios-por-falta-de-maiz\/\"]}]},{\"@type\":\"ImageObject\",\"inLanguage\":\"es\",\"@id\":\"https:\/\/noti-america.com\/site\/ecuador\/2024\/09\/24\/avicolas-alertan-posible-incremento-de-precios-por-falta-de-maiz\/#primaryimage\",\"url\":\"https:\/\/noti-america.com\/site\/ecuador\/wp-content\/uploads\/sites\/18\/2024\/09\/Maiz-amarillo-1.jpg\",\"contentUrl\":\"https:\/\/noti-america.com\/site\/ecuador\/wp-content\/uploads\/sites\/18\/2024\/09\/Maiz-amarillo-1.jpg\",\"width\":1323,\"height\":842},{\"@type\":\"BreadcrumbList\",\"@id\":\"https:\/\/noti-america.com\/site\/ecuador\/2024\/09\/24\/avicolas-alertan-posible-incremento-de-precios-por-falta-de-maiz\/#breadcrumb\",\"itemListElement\":[{\"@type\":\"ListItem\",\"position\":1,\"name\":\"Portada\",\"item\":\"https:\/\/noti-america.com\/site\/ecuador\/\"},{\"@type\":\"ListItem\",\"position\":2,\"name\":\"Av\u00edcolas alertan posible incremento de precios por falta de ma\u00edz\"}]},{\"@type\":\"WebSite\",\"@id\":\"https:\/\/noti-america.com\/site\/ecuador\/#website\",\"url\":\"https:\/\/noti-america.com\/site\/ecuador\/\",\"name\":\"Ecuador | Noti-America.com\",\"description\":\"\",\"publisher\":{\"@id\":\"https:\/\/noti-america.com\/site\/ecuador\/#organization\"},\"potentialAction\":[{\"@type\":\"SearchAction\",\"target\":{\"@type\":\"EntryPoint\",\"urlTemplate\":\"https:\/\/noti-america.com\/site\/ecuador\/?s={search_term_string}\"},\"query-input\":{\"@type\":\"PropertyValueSpecification\",\"valueRequired\":true,\"valueName\":\"search_term_string\"}}],\"inLanguage\":\"es\"},{\"@type\":\"Organization\",\"@id\":\"https:\/\/noti-america.com\/site\/ecuador\/#organization\",\"name\":\"Noti-America LLC | Ecuador\",\"url\":\"https:\/\/noti-america.com\/site\/ecuador\/\",\"logo\":{\"@type\":\"ImageObject\",\"inLanguage\":\"es\",\"@id\":\"https:\/\/noti-america.com\/site\/ecuador\/#\/schema\/logo\/image\/\",\"url\":\"https:\/\/noti-america.com\/site\/ecuador\/wp-content\/uploads\/sites\/18\/2020\/07\/LogoNA-4x3-1.jpg\",\"contentUrl\":\"https:\/\/noti-america.com\/site\/ecuador\/wp-content\/uploads\/sites\/18\/2020\/07\/LogoNA-4x3-1.jpg\",\"width\":1236,\"height\":1080,\"caption\":\"Noti-America LLC | Ecuador\"},\"image\":{\"@id\":\"https:\/\/noti-america.com\/site\/ecuador\/#\/schema\/logo\/image\/\"},\"sameAs\":[\"https:\/\/x.com\/notiamerica\"]},{\"@type\":\"Person\",\"@id\":\"https:\/\/noti-america.com\/site\/ecuador\/#\/schema\/person\/00042412cfa9ecf98077f847ffadda4a\",\"name\":\"Henry Garrido\",\"image\":{\"@type\":\"ImageObject\",\"inLanguage\":\"es\",\"@id\":\"https:\/\/secure.gravatar.com\/avatar\/749ae5a1e6f22cf042f04b9f3f0a22732ae36970ccfd5c54a0a2ac3c4e1166ed?s=96&d=mm&r=g\",\"url\":\"https:\/\/secure.gravatar.com\/avatar\/749ae5a1e6f22cf042f04b9f3f0a22732ae36970ccfd5c54a0a2ac3c4e1166ed?s=96&d=mm&r=g\",\"contentUrl\":\"https:\/\/secure.gravatar.com\/avatar\/749ae5a1e6f22cf042f04b9f3f0a22732ae36970ccfd5c54a0a2ac3c4e1166ed?s=96&d=mm&r=g\",\"caption\":\"Henry Garrido\"},\"url\":\"https:\/\/noti-america.com\/site\/ecuador\/author\/hgarrido\/\"}]}<\/script>\n<!-- \/ Yoast SEO Premium plugin. -->","yoast_head_json":{"title":"Av\u00edcolas alertan posible incremento de precios por falta de ma\u00edz - Ecuador | Noti-America.com","robots":{"index":"index","follow":"follow","max-snippet":"max-snippet:-1","max-image-preview":"max-image-preview:large","max-video-preview":"max-video-preview:-1"},"canonical":"https:\/\/noti-america.com\/site\/ecuador\/2024\/09\/24\/avicolas-alertan-posible-incremento-de-precios-por-falta-de-maiz\/","og_locale":"es_ES","og_type":"article","og_title":"Av\u00edcolas alertan posible incremento de precios por falta de ma\u00edz","og_description":"REDACCI\u00d3N NOTI-AM\u00c9RICA (ECUADOR). Las industrias del sector av\u00edcola, acu\u00edcola, balanceados y el porc\u00edcola, estan preocupados por la escasez y los altos precios del quintal de ma\u00edz que est\u00e1 disponible en el mercado ecuatoriano. La&#46;&#46;&#46;","og_url":"https:\/\/noti-america.com\/site\/ecuador\/2024\/09\/24\/avicolas-alertan-posible-incremento-de-precios-por-falta-de-maiz\/","og_site_name":"Ecuador | Noti-America.com","article_published_time":"2024-09-24T02:26:33+00:00","og_image":[{"width":1323,"height":842,"url":"https:\/\/noti-america.com\/site\/ecuador\/wp-content\/uploads\/sites\/18\/2024\/09\/Maiz-amarillo-1.jpg","type":"image\/jpeg"}],"author":"Henry Garrido","twitter_card":"summary_large_image","twitter_creator":"@notiamerica","twitter_site":"@notiamerica","twitter_misc":{"Escrito por":"Henry Garrido","Tiempo estimado de lectura":"2 minutos"},"schema":{"@context":"https:\/\/schema.org","@graph":[{"@type":"Article","@id":"https:\/\/noti-america.com\/site\/ecuador\/2024\/09\/24\/avicolas-alertan-posible-incremento-de-precios-por-falta-de-maiz\/#article","isPartOf":{"@id":"https:\/\/noti-america.com\/site\/ecuador\/2024\/09\/24\/avicolas-alertan-posible-incremento-de-precios-por-falta-de-maiz\/"},"author":{"name":"Henry Garrido","@id":"https:\/\/noti-america.com\/site\/ecuador\/#\/schema\/person\/00042412cfa9ecf98077f847ffadda4a"},"headline":"Av\u00edcolas alertan posible incremento de precios por falta de ma\u00edz","datePublished":"2024-09-24T02:26:33+00:00","mainEntityOfPage":{"@id":"https:\/\/noti-america.com\/site\/ecuador\/2024\/09\/24\/avicolas-alertan-posible-incremento-de-precios-por-falta-de-maiz\/"},"wordCount":345,"commentCount":0,"publisher":{"@id":"https:\/\/noti-america.com\/site\/ecuador\/#organization"},"image":{"@id":"https:\/\/noti-america.com\/site\/ecuador\/2024\/09\/24\/avicolas-alertan-posible-incremento-de-precios-por-falta-de-maiz\/#primaryimage"},"thumbnailUrl":"https:\/\/noti-america.com\/site\/ecuador\/wp-content\/uploads\/sites\/18\/2024\/09\/Maiz-amarillo-1.jpg","articleSection":["Actualidad"],"inLanguage":"es","potentialAction":[{"@type":"CommentAction","name":"Comment","target":["https:\/\/noti-america.com\/site\/ecuador\/2024\/09\/24\/avicolas-alertan-posible-incremento-de-precios-por-falta-de-maiz\/#respond"]}]},{"@type":"WebPage","@id":"https:\/\/noti-america.com\/site\/ecuador\/2024\/09\/24\/avicolas-alertan-posible-incremento-de-precios-por-falta-de-maiz\/","url":"https:\/\/noti-america.com\/site\/ecuador\/2024\/09\/24\/avicolas-alertan-posible-incremento-de-precios-por-falta-de-maiz\/","name":"Av\u00edcolas alertan posible incremento de precios por falta de ma\u00edz - Ecuador | Noti-America.com","isPartOf":{"@id":"https:\/\/noti-america.com\/site\/ecuador\/#website"},"primaryImageOfPage":{"@id":"https:\/\/noti-america.com\/site\/ecuador\/2024\/09\/24\/avicolas-alertan-posible-incremento-de-precios-por-falta-de-maiz\/#primaryimage"},"image":{"@id":"https:\/\/noti-america.com\/site\/ecuador\/2024\/09\/24\/avicolas-alertan-posible-incremento-de-precios-por-falta-de-maiz\/#primaryimage"},"thumbnailUrl":"https:\/\/noti-america.com\/site\/ecuador\/wp-content\/uploads\/sites\/18\/2024\/09\/Maiz-amarillo-1.jpg","datePublished":"2024-09-24T02:26:33+00:00","breadcrumb":{"@id":"https:\/\/noti-america.com\/site\/ecuador\/2024\/09\/24\/avicolas-alertan-posible-incremento-de-precios-por-falta-de-maiz\/#breadcrumb"},"inLanguage":"es","potentialAction":[{"@type":"ReadAction","target":["https:\/\/noti-america.com\/site\/ecuador\/2024\/09\/24\/avicolas-alertan-posible-incremento-de-precios-por-falta-de-maiz\/"]}]},{"@type":"ImageObject","inLanguage":"es","@id":"https:\/\/noti-america.com\/site\/ecuador\/2024\/09\/24\/avicolas-alertan-posible-incremento-de-precios-por-falta-de-maiz\/#primaryimage","url":"https:\/\/noti-america.com\/site\/ecuador\/wp-content\/uploads\/sites\/18\/2024\/09\/Maiz-amarillo-1.jpg","contentUrl":"https:\/\/noti-america.com\/site\/ecuador\/wp-content\/uploads\/sites\/18\/2024\/09\/Maiz-amarillo-1.jpg","width":1323,"height":842},{"@type":"BreadcrumbList","@id":"https:\/\/noti-america.com\/site\/ecuador\/2024\/09\/24\/avicolas-alertan-posible-incremento-de-precios-por-falta-de-maiz\/#breadcrumb","itemListElement":[{"@type":"ListItem","position":1,"name":"Portada","item":"https:\/\/noti-america.com\/site\/ecuador\/"},{"@type":"ListItem","position":2,"name":"Av\u00edcolas alertan posible incremento de precios por falta de ma\u00edz"}]},{"@type":"WebSite","@id":"https:\/\/noti-america.com\/site\/ecuador\/#website","url":"https:\/\/noti-america.com\/site\/ecuador\/","name":"Ecuador | Noti-America.com","description":"","publisher":{"@id":"https:\/\/noti-america.com\/site\/ecuador\/#organization"},"potentialAction":[{"@type":"SearchAction","target":{"@type":"EntryPoint","urlTemplate":"https:\/\/noti-america.com\/site\/ecuador\/?s={search_term_string}"},"query-input":{"@type":"PropertyValueSpecification","valueRequired":true,"valueName":"search_term_string"}}],"inLanguage":"es"},{"@type":"Organization","@id":"https:\/\/noti-america.com\/site\/ecuador\/#organization","name":"Noti-America LLC | Ecuador","url":"https:\/\/noti-america.com\/site\/ecuador\/","logo":{"@type":"ImageObject","inLanguage":"es","@id":"https:\/\/noti-america.com\/site\/ecuador\/#\/schema\/logo\/image\/","url":"https:\/\/noti-america.com\/site\/ecuador\/wp-content\/uploads\/sites\/18\/2020\/07\/LogoNA-4x3-1.jpg","contentUrl":"https:\/\/noti-america.com\/site\/ecuador\/wp-content\/uploads\/sites\/18\/2020\/07\/LogoNA-4x3-1.jpg","width":1236,"height":1080,"caption":"Noti-America LLC | Ecuador"},"image":{"@id":"https:\/\/noti-america.com\/site\/ecuador\/#\/schema\/logo\/image\/"},"sameAs":["https:\/\/x.com\/notiamerica"]},{"@type":"Person","@id":"https:\/\/noti-america.com\/site\/ecuador\/#\/schema\/person\/00042412cfa9ecf98077f847ffadda4a","name":"Henry Garrido","image":{"@type":"ImageObject","inLanguage":"es","@id":"https:\/\/secure.gravatar.com\/avatar\/749ae5a1e6f22cf042f04b9f3f0a22732ae36970ccfd5c54a0a2ac3c4e1166ed?s=96&d=mm&r=g","url":"https:\/\/secure.gravatar.com\/avatar\/749ae5a1e6f22cf042f04b9f3f0a22732ae36970ccfd5c54a0a2ac3c4e1166ed?s=96&d=mm&r=g","contentUrl":"https:\/\/secure.gravatar.com\/avatar\/749ae5a1e6f22cf042f04b9f3f0a22732ae36970ccfd5c54a0a2ac3c4e1166ed?s=96&d=mm&r=g","caption":"Henry Garrido"},"url":"https:\/\/noti-america.com\/site\/ecuador\/author\/hgarrido\/"}]}},"_links":{"self":[{"href":"https:\/\/noti-america.com\/site\/ecuador\/wp-json\/wp\/v2\/posts\/32142","targetHints":{"allow":["GET"]}}],"collection":[{"href":"https:\/\/noti-america.com\/site\/ecuador\/wp-json\/wp\/v2\/posts"}],"about":[{"href":"https:\/\/noti-america.com\/site\/ecuador\/wp-json\/wp\/v2\/types\/post"}],"author":[{"embeddable":true,"href":"https:\/\/noti-america.com\/site\/ecuador\/wp-json\/wp\/v2\/users\/144"}],"replies":[{"embeddable":true,"href":"https:\/\/noti-america.com\/site\/ecuador\/wp-json\/wp\/v2\/comments?post=32142"}],"version-history":[{"count":1,"href":"https:\/\/noti-america.com\/site\/ecuador\/wp-json\/wp\/v2\/posts\/32142\/revisions"}],"predecessor-version":[{"id":32144,"href":"https:\/\/noti-america.com\/site\/ecuador\/wp-json\/wp\/v2\/posts\/32142\/revisions\/32144"}],"wp:featuredmedia":[{"embeddable":true,"href":"https:\/\/noti-america.com\/site\/ecuador\/wp-json\/wp\/v2\/media\/32143"}],"wp:attachment":[{"href":"https:\/\/noti-america.com\/site\/ecuador\/wp-json\/wp\/v2\/media?parent=32142"}],"wp:term":[{"taxonomy":"category","embeddable":true,"href":"https:\/\/noti-america.com\/site\/ecuador\/wp-json\/wp\/v2\/categories?post=32142"},{"taxonomy":"post_tag","embeddable":true,"href":"https:\/\/noti-america.com\/site\/ecuador\/wp-json\/wp\/v2\/tags?post=32142"}],"curies":[{"name":"wp","href":"https:\/\/api.w.org\/{rel}","templated":true}]}}