{"id":31968,"date":"2024-09-11T04:30:07","date_gmt":"2024-09-11T04:30:07","guid":{"rendered":"https:\/\/noti-america.com\/site\/ecuador\/?p=31968"},"modified":"2024-09-11T04:52:20","modified_gmt":"2024-09-11T04:52:20","slug":"el-sector-cacaotero-exhibe-su-potencial-en-chokao-2024","status":"publish","type":"post","link":"https:\/\/noti-america.com\/site\/ecuador\/2024\/09\/11\/el-sector-cacaotero-exhibe-su-potencial-en-chokao-2024\/","title":{"rendered":"El sector cacaotero exhibe su potencial en Chokao 2024"},"content":{"rendered":"<p><strong>REDACCI\u00d3N NOTI-AM\u00c9RICA (ECUADOR).<\/strong><\/p>\n<div id=\"attachment_31969\" style=\"width: 310px\" class=\"wp-caption aligncenter\"><img loading=\"lazy\" decoding=\"async\" aria-describedby=\"caption-attachment-31969\" class=\"size-medium wp-image-31969\" src=\"https:\/\/noti-america.com\/site\/ecuador\/wp-content\/uploads\/sites\/18\/2024\/09\/IMG_20240910_202658_1-300x225.jpg\" alt=\"\" width=\"300\" height=\"225\" srcset=\"https:\/\/noti-america.com\/site\/ecuador\/wp-content\/uploads\/sites\/18\/2024\/09\/IMG_20240910_202658_1-300x225.jpg 300w, https:\/\/noti-america.com\/site\/ecuador\/wp-content\/uploads\/sites\/18\/2024\/09\/IMG_20240910_202658_1-1024x768.jpg 1024w, https:\/\/noti-america.com\/site\/ecuador\/wp-content\/uploads\/sites\/18\/2024\/09\/IMG_20240910_202658_1-768x576.jpg 768w, https:\/\/noti-america.com\/site\/ecuador\/wp-content\/uploads\/sites\/18\/2024\/09\/IMG_20240910_202658_1-1536x1152.jpg 1536w, https:\/\/noti-america.com\/site\/ecuador\/wp-content\/uploads\/sites\/18\/2024\/09\/IMG_20240910_202658_1-2048x1536.jpg 2048w\" sizes=\"auto, (max-width: 300px) 100vw, 300px\" \/><p id=\"caption-attachment-31969\" class=\"wp-caption-text\"><strong>Directivos de Nestl\u00e9 en la presentaci\u00f3n de la nueva tableta de chocolate.<\/strong><\/p><\/div>\n<p style=\"text-align: justify\">La Asociaci\u00f3n Nacional del Cacao (Anecacao) celebra la tercera edici\u00f3n de la feria Chokao 2024, en el Centro de Convenciones de la UEES de Samborond\u00f3n, donde asisten representantes de esta industria de Am\u00e9rica, Europa, \u00c1frica y Asia.<\/p>\n<p style=\"text-align: justify\">Chokao ofrece una experiencia \u00fanica para resaltar la integraci\u00f3n y representaci\u00f3n de todo el sector cacaotero, adem\u00e1s de fortalecer el sitial del Ecuador como el tercer pa\u00eds productor y exportador mundial de cacao y como epicentro productor.<\/p>\n<p style=\"text-align: justify\">La feria que inici\u00f3 hoy y culminar\u00e1 el 12 de septiembre, participan m\u00e1s de 90 marcas de empresas productoras, exportadoras, proveedoras de bienes y servicios relacionados con la industria.<\/p>\n<p style=\"text-align: justify\">Una de las empresas que participa del evento es Nestl\u00e9 Ecuador, qui\u00e9n anunci\u00f3 el lanzamiento de su nueva l\u00ednea de tabletas de chocolate que est\u00e1n elaboradas con cacao 100% ecuatoriano, resaltando la producci\u00f3n de chocolates de alta calidad.<\/p>\n<p style=\"text-align: justify\">Las nuevas tabletas de Nestl\u00e9, chocolate con leche y chocolate con man\u00ed, forma parte del Plan Cacao que es una iniciativa que beneficia a m\u00e1s de 6.000 agricultores ecuatorianos, asegurando su desarrollo sostenible con la\u00a0 excelencia en la selecci\u00f3n de materias primas. Adem\u00e1s, reflejan el compromiso de la empresa con la sostenibilidad y la calidad en la producci\u00f3n de sus chocolates.<\/p>\n<p style=\"text-align: justify\">Con esta nueva edici\u00f3n, Anecacao espera la llegada de al menos 5.000 personas al encuentro ferial y tiene previsto que \u00abse generen m\u00e1s de 15 millones de d\u00f3lares en negocios\u00bb.<\/p>\n","protected":false},"excerpt":{"rendered":"<p>REDACCI\u00d3N NOTI-AM\u00c9RICA (ECUADOR). La Asociaci\u00f3n Nacional del Cacao (Anecacao) celebra la tercera edici\u00f3n de la feria Chokao 2024, en el Centro de Convenciones de la UEES de Samborond\u00f3n, donde asisten representantes de esta industria&#46;&#46;&#46;<\/p>\n","protected":false},"author":144,"featured_media":31969,"comment_status":"open","ping_status":"open","sticky":false,"template":"","format":"standard","meta":{"_acf_changed":false,"om_disable_all_campaigns":false,"rop_custom_images_group":[],"rop_custom_messages_group":[],"rop_publish_now":"initial","rop_publish_now_accounts":{"twitter_242054905_242054905":""},"rop_publish_now_history":[],"rop_publish_now_status":"pending","_uf_show_specific_survey":0,"_uf_disable_surveys":false,"footnotes":""},"categories":[125],"tags":[],"class_list":["post-31968","post","type-post","status-publish","format-standard","has-post-thumbnail","hentry","category-actualidad"],"acf":[],"aioseo_notices":[],"yoast_head":"<!-- This site is optimized with the Yoast SEO Premium plugin v24.9 (Yoast SEO v27.2) - https:\/\/yoast.com\/product\/yoast-seo-premium-wordpress\/ -->\n<title>El sector cacaotero exhibe su potencial en Chokao 2024 - Ecuador | Noti-America.com<\/title>\n<meta name=\"robots\" content=\"index, follow, max-snippet:-1, max-image-preview:large, max-video-preview:-1\" \/>\n<link rel=\"canonical\" href=\"https:\/\/noti-america.com\/site\/ecuador\/2024\/09\/11\/el-sector-cacaotero-exhibe-su-potencial-en-chokao-2024\/\" \/>\n<meta property=\"og:locale\" content=\"es_ES\" \/>\n<meta property=\"og:type\" content=\"article\" \/>\n<meta property=\"og:title\" content=\"El sector cacaotero exhibe su potencial en Chokao 2024\" \/>\n<meta property=\"og:description\" content=\"REDACCI\u00d3N NOTI-AM\u00c9RICA (ECUADOR). La Asociaci\u00f3n Nacional del Cacao (Anecacao) celebra la tercera edici\u00f3n de la feria Chokao 2024, en el Centro de Convenciones de la UEES de Samborond\u00f3n, donde asisten representantes de esta industria&#046;&#046;&#046;\" \/>\n<meta property=\"og:url\" content=\"https:\/\/noti-america.com\/site\/ecuador\/2024\/09\/11\/el-sector-cacaotero-exhibe-su-potencial-en-chokao-2024\/\" \/>\n<meta property=\"og:site_name\" content=\"Ecuador | Noti-America.com\" \/>\n<meta property=\"article:published_time\" content=\"2024-09-11T04:30:07+00:00\" \/>\n<meta property=\"article:modified_time\" content=\"2024-09-11T04:52:20+00:00\" \/>\n<meta property=\"og:image\" content=\"https:\/\/noti-america.com\/site\/ecuador\/wp-content\/uploads\/sites\/18\/2024\/09\/IMG_20240910_202658_1-scaled.jpg\" \/>\n\t<meta property=\"og:image:width\" content=\"2560\" \/>\n\t<meta property=\"og:image:height\" content=\"1920\" \/>\n\t<meta property=\"og:image:type\" content=\"image\/jpeg\" \/>\n<meta name=\"author\" content=\"Henry Garrido\" \/>\n<meta name=\"twitter:card\" content=\"summary_large_image\" \/>\n<meta name=\"twitter:creator\" content=\"@notiamerica\" \/>\n<meta name=\"twitter:site\" content=\"@notiamerica\" \/>\n<meta name=\"twitter:label1\" content=\"Escrito por\" \/>\n\t<meta name=\"twitter:data1\" content=\"Henry Garrido\" \/>\n\t<meta name=\"twitter:label2\" content=\"Tiempo estimado de lectura\" \/>\n\t<meta name=\"twitter:data2\" content=\"2 minutos\" \/>\n<script type=\"application\/ld+json\" class=\"yoast-schema-graph\">{\"@context\":\"https:\/\/schema.org\",\"@graph\":[{\"@type\":\"Article\",\"@id\":\"https:\/\/noti-america.com\/site\/ecuador\/2024\/09\/11\/el-sector-cacaotero-exhibe-su-potencial-en-chokao-2024\/#article\",\"isPartOf\":{\"@id\":\"https:\/\/noti-america.com\/site\/ecuador\/2024\/09\/11\/el-sector-cacaotero-exhibe-su-potencial-en-chokao-2024\/\"},\"author\":{\"name\":\"Henry Garrido\",\"@id\":\"https:\/\/noti-america.com\/site\/ecuador\/#\/schema\/person\/00042412cfa9ecf98077f847ffadda4a\"},\"headline\":\"El sector cacaotero exhibe su potencial en Chokao 2024\",\"datePublished\":\"2024-09-11T04:30:07+00:00\",\"dateModified\":\"2024-09-11T04:52:20+00:00\",\"mainEntityOfPage\":{\"@id\":\"https:\/\/noti-america.com\/site\/ecuador\/2024\/09\/11\/el-sector-cacaotero-exhibe-su-potencial-en-chokao-2024\/\"},\"wordCount\":278,\"commentCount\":0,\"publisher\":{\"@id\":\"https:\/\/noti-america.com\/site\/ecuador\/#organization\"},\"image\":{\"@id\":\"https:\/\/noti-america.com\/site\/ecuador\/2024\/09\/11\/el-sector-cacaotero-exhibe-su-potencial-en-chokao-2024\/#primaryimage\"},\"thumbnailUrl\":\"https:\/\/noti-america.com\/site\/ecuador\/wp-content\/uploads\/sites\/18\/2024\/09\/IMG_20240910_202658_1-scaled.jpg\",\"articleSection\":[\"Actualidad\"],\"inLanguage\":\"es\",\"potentialAction\":[{\"@type\":\"CommentAction\",\"name\":\"Comment\",\"target\":[\"https:\/\/noti-america.com\/site\/ecuador\/2024\/09\/11\/el-sector-cacaotero-exhibe-su-potencial-en-chokao-2024\/#respond\"]}]},{\"@type\":\"WebPage\",\"@id\":\"https:\/\/noti-america.com\/site\/ecuador\/2024\/09\/11\/el-sector-cacaotero-exhibe-su-potencial-en-chokao-2024\/\",\"url\":\"https:\/\/noti-america.com\/site\/ecuador\/2024\/09\/11\/el-sector-cacaotero-exhibe-su-potencial-en-chokao-2024\/\",\"name\":\"El sector cacaotero exhibe su potencial en Chokao 2024 - Ecuador | Noti-America.com\",\"isPartOf\":{\"@id\":\"https:\/\/noti-america.com\/site\/ecuador\/#website\"},\"primaryImageOfPage\":{\"@id\":\"https:\/\/noti-america.com\/site\/ecuador\/2024\/09\/11\/el-sector-cacaotero-exhibe-su-potencial-en-chokao-2024\/#primaryimage\"},\"image\":{\"@id\":\"https:\/\/noti-america.com\/site\/ecuador\/2024\/09\/11\/el-sector-cacaotero-exhibe-su-potencial-en-chokao-2024\/#primaryimage\"},\"thumbnailUrl\":\"https:\/\/noti-america.com\/site\/ecuador\/wp-content\/uploads\/sites\/18\/2024\/09\/IMG_20240910_202658_1-scaled.jpg\",\"datePublished\":\"2024-09-11T04:30:07+00:00\",\"dateModified\":\"2024-09-11T04:52:20+00:00\",\"breadcrumb\":{\"@id\":\"https:\/\/noti-america.com\/site\/ecuador\/2024\/09\/11\/el-sector-cacaotero-exhibe-su-potencial-en-chokao-2024\/#breadcrumb\"},\"inLanguage\":\"es\",\"potentialAction\":[{\"@type\":\"ReadAction\",\"target\":[\"https:\/\/noti-america.com\/site\/ecuador\/2024\/09\/11\/el-sector-cacaotero-exhibe-su-potencial-en-chokao-2024\/\"]}]},{\"@type\":\"ImageObject\",\"inLanguage\":\"es\",\"@id\":\"https:\/\/noti-america.com\/site\/ecuador\/2024\/09\/11\/el-sector-cacaotero-exhibe-su-potencial-en-chokao-2024\/#primaryimage\",\"url\":\"https:\/\/noti-america.com\/site\/ecuador\/wp-content\/uploads\/sites\/18\/2024\/09\/IMG_20240910_202658_1-scaled.jpg\",\"contentUrl\":\"https:\/\/noti-america.com\/site\/ecuador\/wp-content\/uploads\/sites\/18\/2024\/09\/IMG_20240910_202658_1-scaled.jpg\",\"width\":2560,\"height\":1920,\"caption\":\"Directivos de Nestl\u00e9 en la presentaci\u00f3n de la nueva tableta de chocolate.\"},{\"@type\":\"BreadcrumbList\",\"@id\":\"https:\/\/noti-america.com\/site\/ecuador\/2024\/09\/11\/el-sector-cacaotero-exhibe-su-potencial-en-chokao-2024\/#breadcrumb\",\"itemListElement\":[{\"@type\":\"ListItem\",\"position\":1,\"name\":\"Portada\",\"item\":\"https:\/\/noti-america.com\/site\/ecuador\/\"},{\"@type\":\"ListItem\",\"position\":2,\"name\":\"El sector cacaotero exhibe su potencial en Chokao 2024\"}]},{\"@type\":\"WebSite\",\"@id\":\"https:\/\/noti-america.com\/site\/ecuador\/#website\",\"url\":\"https:\/\/noti-america.com\/site\/ecuador\/\",\"name\":\"Ecuador | Noti-America.com\",\"description\":\"\",\"publisher\":{\"@id\":\"https:\/\/noti-america.com\/site\/ecuador\/#organization\"},\"potentialAction\":[{\"@type\":\"SearchAction\",\"target\":{\"@type\":\"EntryPoint\",\"urlTemplate\":\"https:\/\/noti-america.com\/site\/ecuador\/?s={search_term_string}\"},\"query-input\":{\"@type\":\"PropertyValueSpecification\",\"valueRequired\":true,\"valueName\":\"search_term_string\"}}],\"inLanguage\":\"es\"},{\"@type\":\"Organization\",\"@id\":\"https:\/\/noti-america.com\/site\/ecuador\/#organization\",\"name\":\"Noti-America LLC | Ecuador\",\"url\":\"https:\/\/noti-america.com\/site\/ecuador\/\",\"logo\":{\"@type\":\"ImageObject\",\"inLanguage\":\"es\",\"@id\":\"https:\/\/noti-america.com\/site\/ecuador\/#\/schema\/logo\/image\/\",\"url\":\"https:\/\/noti-america.com\/site\/ecuador\/wp-content\/uploads\/sites\/18\/2020\/07\/LogoNA-4x3-1.jpg\",\"contentUrl\":\"https:\/\/noti-america.com\/site\/ecuador\/wp-content\/uploads\/sites\/18\/2020\/07\/LogoNA-4x3-1.jpg\",\"width\":1236,\"height\":1080,\"caption\":\"Noti-America LLC | Ecuador\"},\"image\":{\"@id\":\"https:\/\/noti-america.com\/site\/ecuador\/#\/schema\/logo\/image\/\"},\"sameAs\":[\"https:\/\/x.com\/notiamerica\"]},{\"@type\":\"Person\",\"@id\":\"https:\/\/noti-america.com\/site\/ecuador\/#\/schema\/person\/00042412cfa9ecf98077f847ffadda4a\",\"name\":\"Henry Garrido\",\"image\":{\"@type\":\"ImageObject\",\"inLanguage\":\"es\",\"@id\":\"https:\/\/secure.gravatar.com\/avatar\/749ae5a1e6f22cf042f04b9f3f0a22732ae36970ccfd5c54a0a2ac3c4e1166ed?s=96&d=mm&r=g\",\"url\":\"https:\/\/secure.gravatar.com\/avatar\/749ae5a1e6f22cf042f04b9f3f0a22732ae36970ccfd5c54a0a2ac3c4e1166ed?s=96&d=mm&r=g\",\"contentUrl\":\"https:\/\/secure.gravatar.com\/avatar\/749ae5a1e6f22cf042f04b9f3f0a22732ae36970ccfd5c54a0a2ac3c4e1166ed?s=96&d=mm&r=g\",\"caption\":\"Henry Garrido\"},\"url\":\"https:\/\/noti-america.com\/site\/ecuador\/author\/hgarrido\/\"}]}<\/script>\n<!-- \/ Yoast SEO Premium plugin. -->","yoast_head_json":{"title":"El sector cacaotero exhibe su potencial en Chokao 2024 - Ecuador | Noti-America.com","robots":{"index":"index","follow":"follow","max-snippet":"max-snippet:-1","max-image-preview":"max-image-preview:large","max-video-preview":"max-video-preview:-1"},"canonical":"https:\/\/noti-america.com\/site\/ecuador\/2024\/09\/11\/el-sector-cacaotero-exhibe-su-potencial-en-chokao-2024\/","og_locale":"es_ES","og_type":"article","og_title":"El sector cacaotero exhibe su potencial en Chokao 2024","og_description":"REDACCI\u00d3N NOTI-AM\u00c9RICA (ECUADOR). La Asociaci\u00f3n Nacional del Cacao (Anecacao) celebra la tercera edici\u00f3n de la feria Chokao 2024, en el Centro de Convenciones de la UEES de Samborond\u00f3n, donde asisten representantes de esta industria&#46;&#46;&#46;","og_url":"https:\/\/noti-america.com\/site\/ecuador\/2024\/09\/11\/el-sector-cacaotero-exhibe-su-potencial-en-chokao-2024\/","og_site_name":"Ecuador | Noti-America.com","article_published_time":"2024-09-11T04:30:07+00:00","article_modified_time":"2024-09-11T04:52:20+00:00","og_image":[{"width":2560,"height":1920,"url":"https:\/\/noti-america.com\/site\/ecuador\/wp-content\/uploads\/sites\/18\/2024\/09\/IMG_20240910_202658_1-scaled.jpg","type":"image\/jpeg"}],"author":"Henry Garrido","twitter_card":"summary_large_image","twitter_creator":"@notiamerica","twitter_site":"@notiamerica","twitter_misc":{"Escrito por":"Henry Garrido","Tiempo estimado de lectura":"2 minutos"},"schema":{"@context":"https:\/\/schema.org","@graph":[{"@type":"Article","@id":"https:\/\/noti-america.com\/site\/ecuador\/2024\/09\/11\/el-sector-cacaotero-exhibe-su-potencial-en-chokao-2024\/#article","isPartOf":{"@id":"https:\/\/noti-america.com\/site\/ecuador\/2024\/09\/11\/el-sector-cacaotero-exhibe-su-potencial-en-chokao-2024\/"},"author":{"name":"Henry Garrido","@id":"https:\/\/noti-america.com\/site\/ecuador\/#\/schema\/person\/00042412cfa9ecf98077f847ffadda4a"},"headline":"El sector cacaotero exhibe su potencial en Chokao 2024","datePublished":"2024-09-11T04:30:07+00:00","dateModified":"2024-09-11T04:52:20+00:00","mainEntityOfPage":{"@id":"https:\/\/noti-america.com\/site\/ecuador\/2024\/09\/11\/el-sector-cacaotero-exhibe-su-potencial-en-chokao-2024\/"},"wordCount":278,"commentCount":0,"publisher":{"@id":"https:\/\/noti-america.com\/site\/ecuador\/#organization"},"image":{"@id":"https:\/\/noti-america.com\/site\/ecuador\/2024\/09\/11\/el-sector-cacaotero-exhibe-su-potencial-en-chokao-2024\/#primaryimage"},"thumbnailUrl":"https:\/\/noti-america.com\/site\/ecuador\/wp-content\/uploads\/sites\/18\/2024\/09\/IMG_20240910_202658_1-scaled.jpg","articleSection":["Actualidad"],"inLanguage":"es","potentialAction":[{"@type":"CommentAction","name":"Comment","target":["https:\/\/noti-america.com\/site\/ecuador\/2024\/09\/11\/el-sector-cacaotero-exhibe-su-potencial-en-chokao-2024\/#respond"]}]},{"@type":"WebPage","@id":"https:\/\/noti-america.com\/site\/ecuador\/2024\/09\/11\/el-sector-cacaotero-exhibe-su-potencial-en-chokao-2024\/","url":"https:\/\/noti-america.com\/site\/ecuador\/2024\/09\/11\/el-sector-cacaotero-exhibe-su-potencial-en-chokao-2024\/","name":"El sector cacaotero exhibe su potencial en Chokao 2024 - Ecuador | Noti-America.com","isPartOf":{"@id":"https:\/\/noti-america.com\/site\/ecuador\/#website"},"primaryImageOfPage":{"@id":"https:\/\/noti-america.com\/site\/ecuador\/2024\/09\/11\/el-sector-cacaotero-exhibe-su-potencial-en-chokao-2024\/#primaryimage"},"image":{"@id":"https:\/\/noti-america.com\/site\/ecuador\/2024\/09\/11\/el-sector-cacaotero-exhibe-su-potencial-en-chokao-2024\/#primaryimage"},"thumbnailUrl":"https:\/\/noti-america.com\/site\/ecuador\/wp-content\/uploads\/sites\/18\/2024\/09\/IMG_20240910_202658_1-scaled.jpg","datePublished":"2024-09-11T04:30:07+00:00","dateModified":"2024-09-11T04:52:20+00:00","breadcrumb":{"@id":"https:\/\/noti-america.com\/site\/ecuador\/2024\/09\/11\/el-sector-cacaotero-exhibe-su-potencial-en-chokao-2024\/#breadcrumb"},"inLanguage":"es","potentialAction":[{"@type":"ReadAction","target":["https:\/\/noti-america.com\/site\/ecuador\/2024\/09\/11\/el-sector-cacaotero-exhibe-su-potencial-en-chokao-2024\/"]}]},{"@type":"ImageObject","inLanguage":"es","@id":"https:\/\/noti-america.com\/site\/ecuador\/2024\/09\/11\/el-sector-cacaotero-exhibe-su-potencial-en-chokao-2024\/#primaryimage","url":"https:\/\/noti-america.com\/site\/ecuador\/wp-content\/uploads\/sites\/18\/2024\/09\/IMG_20240910_202658_1-scaled.jpg","contentUrl":"https:\/\/noti-america.com\/site\/ecuador\/wp-content\/uploads\/sites\/18\/2024\/09\/IMG_20240910_202658_1-scaled.jpg","width":2560,"height":1920,"caption":"Directivos de Nestl\u00e9 en la presentaci\u00f3n de la nueva tableta de chocolate."},{"@type":"BreadcrumbList","@id":"https:\/\/noti-america.com\/site\/ecuador\/2024\/09\/11\/el-sector-cacaotero-exhibe-su-potencial-en-chokao-2024\/#breadcrumb","itemListElement":[{"@type":"ListItem","position":1,"name":"Portada","item":"https:\/\/noti-america.com\/site\/ecuador\/"},{"@type":"ListItem","position":2,"name":"El sector cacaotero exhibe su potencial en Chokao 2024"}]},{"@type":"WebSite","@id":"https:\/\/noti-america.com\/site\/ecuador\/#website","url":"https:\/\/noti-america.com\/site\/ecuador\/","name":"Ecuador | Noti-America.com","description":"","publisher":{"@id":"https:\/\/noti-america.com\/site\/ecuador\/#organization"},"potentialAction":[{"@type":"SearchAction","target":{"@type":"EntryPoint","urlTemplate":"https:\/\/noti-america.com\/site\/ecuador\/?s={search_term_string}"},"query-input":{"@type":"PropertyValueSpecification","valueRequired":true,"valueName":"search_term_string"}}],"inLanguage":"es"},{"@type":"Organization","@id":"https:\/\/noti-america.com\/site\/ecuador\/#organization","name":"Noti-America LLC | Ecuador","url":"https:\/\/noti-america.com\/site\/ecuador\/","logo":{"@type":"ImageObject","inLanguage":"es","@id":"https:\/\/noti-america.com\/site\/ecuador\/#\/schema\/logo\/image\/","url":"https:\/\/noti-america.com\/site\/ecuador\/wp-content\/uploads\/sites\/18\/2020\/07\/LogoNA-4x3-1.jpg","contentUrl":"https:\/\/noti-america.com\/site\/ecuador\/wp-content\/uploads\/sites\/18\/2020\/07\/LogoNA-4x3-1.jpg","width":1236,"height":1080,"caption":"Noti-America LLC | Ecuador"},"image":{"@id":"https:\/\/noti-america.com\/site\/ecuador\/#\/schema\/logo\/image\/"},"sameAs":["https:\/\/x.com\/notiamerica"]},{"@type":"Person","@id":"https:\/\/noti-america.com\/site\/ecuador\/#\/schema\/person\/00042412cfa9ecf98077f847ffadda4a","name":"Henry Garrido","image":{"@type":"ImageObject","inLanguage":"es","@id":"https:\/\/secure.gravatar.com\/avatar\/749ae5a1e6f22cf042f04b9f3f0a22732ae36970ccfd5c54a0a2ac3c4e1166ed?s=96&d=mm&r=g","url":"https:\/\/secure.gravatar.com\/avatar\/749ae5a1e6f22cf042f04b9f3f0a22732ae36970ccfd5c54a0a2ac3c4e1166ed?s=96&d=mm&r=g","contentUrl":"https:\/\/secure.gravatar.com\/avatar\/749ae5a1e6f22cf042f04b9f3f0a22732ae36970ccfd5c54a0a2ac3c4e1166ed?s=96&d=mm&r=g","caption":"Henry Garrido"},"url":"https:\/\/noti-america.com\/site\/ecuador\/author\/hgarrido\/"}]}},"_links":{"self":[{"href":"https:\/\/noti-america.com\/site\/ecuador\/wp-json\/wp\/v2\/posts\/31968","targetHints":{"allow":["GET"]}}],"collection":[{"href":"https:\/\/noti-america.com\/site\/ecuador\/wp-json\/wp\/v2\/posts"}],"about":[{"href":"https:\/\/noti-america.com\/site\/ecuador\/wp-json\/wp\/v2\/types\/post"}],"author":[{"embeddable":true,"href":"https:\/\/noti-america.com\/site\/ecuador\/wp-json\/wp\/v2\/users\/144"}],"replies":[{"embeddable":true,"href":"https:\/\/noti-america.com\/site\/ecuador\/wp-json\/wp\/v2\/comments?post=31968"}],"version-history":[{"count":4,"href":"https:\/\/noti-america.com\/site\/ecuador\/wp-json\/wp\/v2\/posts\/31968\/revisions"}],"predecessor-version":[{"id":31973,"href":"https:\/\/noti-america.com\/site\/ecuador\/wp-json\/wp\/v2\/posts\/31968\/revisions\/31973"}],"wp:featuredmedia":[{"embeddable":true,"href":"https:\/\/noti-america.com\/site\/ecuador\/wp-json\/wp\/v2\/media\/31969"}],"wp:attachment":[{"href":"https:\/\/noti-america.com\/site\/ecuador\/wp-json\/wp\/v2\/media?parent=31968"}],"wp:term":[{"taxonomy":"category","embeddable":true,"href":"https:\/\/noti-america.com\/site\/ecuador\/wp-json\/wp\/v2\/categories?post=31968"},{"taxonomy":"post_tag","embeddable":true,"href":"https:\/\/noti-america.com\/site\/ecuador\/wp-json\/wp\/v2\/tags?post=31968"}],"curies":[{"name":"wp","href":"https:\/\/api.w.org\/{rel}","templated":true}]}}