{"id":3192,"date":"2019-01-25T00:47:32","date_gmt":"2019-01-25T00:47:32","guid":{"rendered":"http:\/\/noti-america.com\/site\/ecuador\/?p=3192"},"modified":"2019-01-25T20:07:37","modified_gmt":"2019-01-25T20:07:37","slug":"armada-inauguro-puesto-de-auxilio-maritimo-en-isla-matorrillos","status":"publish","type":"post","link":"https:\/\/noti-america.com\/site\/ecuador\/2019\/01\/25\/armada-inauguro-puesto-de-auxilio-maritimo-en-isla-matorrillos\/","title":{"rendered":"ARMADA INAUGUR\u00d3 PUESTO DE AUXILIO MAR\u00cdTIMO EN ISLA MATORRILLOS"},"content":{"rendered":"<p>REDACCI\u00d3N NOTI- AM\u00c9RICA (ECUADOR) Por. Fabrizzio Obando<\/p>\n<div>\n<div>\n<p>El\u00a0 Contralmirante Jorge Cabrera Espinosa, Director Nacional de los Espacios Acu\u00e1ticos (Dirnea) inaugur\u00f3 el sexto Puesto de Auxilio Mar\u00edtimo (PAM) en Isla Matorrillos. La isla Matorrillos est\u00e1 ubicada al sureste del r\u00edo Guayas. Brindar seguridad al tr\u00e1fico mar\u00edtimo y fluvial en los ramales del estero Salado es la finalidad del puesto estrat\u00e9gico es dar seguridad al tr\u00e1fico mar\u00edtimo y fluvial.<\/p>\n<p>Adem\u00e1s, el puesto de seguridad permitir\u00e1 tener una mayor capacidad de reacci\u00f3n y respuesta al momento de suscitarse actividades il\u00edcitas o situaciones que pongan en riesgo la seguridad de la vida humana. Tambi\u00e9n\u00a0 se contribuir\u00e1 con el Plan de Ruta Segura en el Golfo de Guayaquil.<\/p>\n<p>Este es el sexto de siete puestos de Auxilio\u00a0 Mar\u00edtimo, cinco en el Estero Salado de acceso al Puerto de Guayaquil y los otros dos en el r\u00edo Guayas, el s\u00e9ptimo ser\u00e1 inaugurado en marzo de este a\u00f1o y estar\u00e1 ubicado m\u00e1s al sur del puesto de Auxilio de Isla Matorrillos.<\/p>\n<p>Los Puestos de Auxilio se\u00a0 han creado para mantener presencia y permanencia de unidades Guardacostas y de la Capitania de Puerto de Guayaquil a fin de garantizar la seguridad de las actividades mar\u00edtimas y fluviales en cada una de las \u00e1reas.<\/p>\n<\/div>\n<\/div>\n<div id=\"yiv1448735568composer_signature\"><\/div>\n","protected":false},"excerpt":{"rendered":"<p>REDACCI\u00d3N NOTI- AM\u00c9RICA (ECUADOR) Por. Fabrizzio Obando El\u00a0 Contralmirante Jorge Cabrera Espinosa, Director Nacional de los Espacios Acu\u00e1ticos (Dirnea) inaugur\u00f3 el sexto Puesto de Auxilio Mar\u00edtimo (PAM) en Isla Matorrillos. La isla Matorrillos est\u00e1&#46;&#46;&#46;<\/p>\n","protected":false},"author":17,"featured_media":3193,"comment_status":"open","ping_status":"open","sticky":false,"template":"","format":"standard","meta":{"_acf_changed":false,"om_disable_all_campaigns":false,"rop_custom_images_group":[],"rop_custom_messages_group":[],"rop_publish_now":"initial","rop_publish_now_accounts":{"twitter_242054905_242054905":""},"rop_publish_now_history":[],"rop_publish_now_status":"pending","_uf_show_specific_survey":0,"_uf_disable_surveys":false,"footnotes":""},"categories":[42],"tags":[],"class_list":["post-3192","post","type-post","status-publish","format-standard","has-post-thumbnail","hentry","category-noticias"],"acf":[],"aioseo_notices":[],"yoast_head":"<!-- This site is optimized with the Yoast SEO Premium plugin v24.9 (Yoast SEO v27.2) - https:\/\/yoast.com\/product\/yoast-seo-premium-wordpress\/ -->\n<title>ARMADA INAUGUR\u00d3 PUESTO DE AUXILIO MAR\u00cdTIMO EN ISLA MATORRILLOS - Ecuador | Noti-America.com<\/title>\n<meta name=\"robots\" content=\"index, follow, max-snippet:-1, max-image-preview:large, max-video-preview:-1\" \/>\n<link rel=\"canonical\" href=\"https:\/\/noti-america.com\/site\/ecuador\/2019\/01\/25\/armada-inauguro-puesto-de-auxilio-maritimo-en-isla-matorrillos\/\" \/>\n<meta property=\"og:locale\" content=\"es_ES\" \/>\n<meta property=\"og:type\" content=\"article\" \/>\n<meta property=\"og:title\" content=\"ARMADA INAUGUR\u00d3 PUESTO DE AUXILIO MAR\u00cdTIMO EN ISLA MATORRILLOS\" \/>\n<meta property=\"og:description\" content=\"REDACCI\u00d3N NOTI- AM\u00c9RICA (ECUADOR) Por. Fabrizzio Obando El\u00a0 Contralmirante Jorge Cabrera Espinosa, Director Nacional de los Espacios Acu\u00e1ticos (Dirnea) inaugur\u00f3 el sexto Puesto de Auxilio Mar\u00edtimo (PAM) en Isla Matorrillos. La isla Matorrillos est\u00e1&#046;&#046;&#046;\" \/>\n<meta property=\"og:url\" content=\"https:\/\/noti-america.com\/site\/ecuador\/2019\/01\/25\/armada-inauguro-puesto-de-auxilio-maritimo-en-isla-matorrillos\/\" \/>\n<meta property=\"og:site_name\" content=\"Ecuador | Noti-America.com\" \/>\n<meta property=\"article:published_time\" content=\"2019-01-25T00:47:32+00:00\" \/>\n<meta property=\"article:modified_time\" content=\"2019-01-25T20:07:37+00:00\" \/>\n<meta property=\"og:image\" content=\"https:\/\/noti-america.com\/site\/ecuador\/wp-content\/uploads\/sites\/18\/2019\/01\/ARMADA-DEL-ECUADOR-INAHUGURA-PUESTO-DE-AUXILIO.jpg\" \/>\n\t<meta property=\"og:image:width\" content=\"960\" \/>\n\t<meta property=\"og:image:height\" content=\"1280\" \/>\n\t<meta property=\"og:image:type\" content=\"image\/jpeg\" \/>\n<meta name=\"author\" content=\"Gregory Quintana Montiel\" \/>\n<meta name=\"twitter:card\" content=\"summary_large_image\" \/>\n<meta name=\"twitter:creator\" content=\"@gdgregori1\" \/>\n<meta name=\"twitter:site\" content=\"@notiamerica\" \/>\n<meta name=\"twitter:label1\" content=\"Escrito por\" \/>\n\t<meta name=\"twitter:data1\" content=\"Gregory Quintana Montiel\" \/>\n\t<meta name=\"twitter:label2\" content=\"Tiempo estimado de lectura\" \/>\n\t<meta name=\"twitter:data2\" content=\"1 minuto\" \/>\n<script type=\"application\/ld+json\" class=\"yoast-schema-graph\">{\"@context\":\"https:\/\/schema.org\",\"@graph\":[{\"@type\":\"Article\",\"@id\":\"https:\/\/noti-america.com\/site\/ecuador\/2019\/01\/25\/armada-inauguro-puesto-de-auxilio-maritimo-en-isla-matorrillos\/#article\",\"isPartOf\":{\"@id\":\"https:\/\/noti-america.com\/site\/ecuador\/2019\/01\/25\/armada-inauguro-puesto-de-auxilio-maritimo-en-isla-matorrillos\/\"},\"author\":{\"name\":\"Gregory Quintana Montiel\",\"@id\":\"https:\/\/noti-america.com\/site\/ecuador\/#\/schema\/person\/3b975e42f15abfe64bfe3abdd916efda\"},\"headline\":\"ARMADA INAUGUR\u00d3 PUESTO DE AUXILIO MAR\u00cdTIMO EN ISLA MATORRILLOS\",\"datePublished\":\"2019-01-25T00:47:32+00:00\",\"dateModified\":\"2019-01-25T20:07:37+00:00\",\"mainEntityOfPage\":{\"@id\":\"https:\/\/noti-america.com\/site\/ecuador\/2019\/01\/25\/armada-inauguro-puesto-de-auxilio-maritimo-en-isla-matorrillos\/\"},\"wordCount\":235,\"commentCount\":0,\"publisher\":{\"@id\":\"https:\/\/noti-america.com\/site\/ecuador\/#organization\"},\"image\":{\"@id\":\"https:\/\/noti-america.com\/site\/ecuador\/2019\/01\/25\/armada-inauguro-puesto-de-auxilio-maritimo-en-isla-matorrillos\/#primaryimage\"},\"thumbnailUrl\":\"https:\/\/noti-america.com\/site\/ecuador\/wp-content\/uploads\/sites\/18\/2019\/01\/ARMADA-DEL-ECUADOR-INAHUGURA-PUESTO-DE-AUXILIO.jpg\",\"articleSection\":[\"Noticias\"],\"inLanguage\":\"es\",\"potentialAction\":[{\"@type\":\"CommentAction\",\"name\":\"Comment\",\"target\":[\"https:\/\/noti-america.com\/site\/ecuador\/2019\/01\/25\/armada-inauguro-puesto-de-auxilio-maritimo-en-isla-matorrillos\/#respond\"]}]},{\"@type\":\"WebPage\",\"@id\":\"https:\/\/noti-america.com\/site\/ecuador\/2019\/01\/25\/armada-inauguro-puesto-de-auxilio-maritimo-en-isla-matorrillos\/\",\"url\":\"https:\/\/noti-america.com\/site\/ecuador\/2019\/01\/25\/armada-inauguro-puesto-de-auxilio-maritimo-en-isla-matorrillos\/\",\"name\":\"ARMADA INAUGUR\u00d3 PUESTO DE AUXILIO MAR\u00cdTIMO EN ISLA MATORRILLOS - Ecuador | Noti-America.com\",\"isPartOf\":{\"@id\":\"https:\/\/noti-america.com\/site\/ecuador\/#website\"},\"primaryImageOfPage\":{\"@id\":\"https:\/\/noti-america.com\/site\/ecuador\/2019\/01\/25\/armada-inauguro-puesto-de-auxilio-maritimo-en-isla-matorrillos\/#primaryimage\"},\"image\":{\"@id\":\"https:\/\/noti-america.com\/site\/ecuador\/2019\/01\/25\/armada-inauguro-puesto-de-auxilio-maritimo-en-isla-matorrillos\/#primaryimage\"},\"thumbnailUrl\":\"https:\/\/noti-america.com\/site\/ecuador\/wp-content\/uploads\/sites\/18\/2019\/01\/ARMADA-DEL-ECUADOR-INAHUGURA-PUESTO-DE-AUXILIO.jpg\",\"datePublished\":\"2019-01-25T00:47:32+00:00\",\"dateModified\":\"2019-01-25T20:07:37+00:00\",\"breadcrumb\":{\"@id\":\"https:\/\/noti-america.com\/site\/ecuador\/2019\/01\/25\/armada-inauguro-puesto-de-auxilio-maritimo-en-isla-matorrillos\/#breadcrumb\"},\"inLanguage\":\"es\",\"potentialAction\":[{\"@type\":\"ReadAction\",\"target\":[\"https:\/\/noti-america.com\/site\/ecuador\/2019\/01\/25\/armada-inauguro-puesto-de-auxilio-maritimo-en-isla-matorrillos\/\"]}]},{\"@type\":\"ImageObject\",\"inLanguage\":\"es\",\"@id\":\"https:\/\/noti-america.com\/site\/ecuador\/2019\/01\/25\/armada-inauguro-puesto-de-auxilio-maritimo-en-isla-matorrillos\/#primaryimage\",\"url\":\"https:\/\/noti-america.com\/site\/ecuador\/wp-content\/uploads\/sites\/18\/2019\/01\/ARMADA-DEL-ECUADOR-INAHUGURA-PUESTO-DE-AUXILIO.jpg\",\"contentUrl\":\"https:\/\/noti-america.com\/site\/ecuador\/wp-content\/uploads\/sites\/18\/2019\/01\/ARMADA-DEL-ECUADOR-INAHUGURA-PUESTO-DE-AUXILIO.jpg\",\"width\":960,\"height\":1280,\"caption\":\"El Contralmirante Jorge Cabrera Espinosa, Director Nacional de los Espacios Acu\u00e1ticos (Dirnea) inaugur\u00f3 el sexto Puesto de Auxilio Mar\u00edtimo (PAM) en Isla Matorrillos.\"},{\"@type\":\"BreadcrumbList\",\"@id\":\"https:\/\/noti-america.com\/site\/ecuador\/2019\/01\/25\/armada-inauguro-puesto-de-auxilio-maritimo-en-isla-matorrillos\/#breadcrumb\",\"itemListElement\":[{\"@type\":\"ListItem\",\"position\":1,\"name\":\"Portada\",\"item\":\"https:\/\/noti-america.com\/site\/ecuador\/\"},{\"@type\":\"ListItem\",\"position\":2,\"name\":\"ARMADA INAUGUR\u00d3 PUESTO DE AUXILIO MAR\u00cdTIMO EN ISLA MATORRILLOS\"}]},{\"@type\":\"WebSite\",\"@id\":\"https:\/\/noti-america.com\/site\/ecuador\/#website\",\"url\":\"https:\/\/noti-america.com\/site\/ecuador\/\",\"name\":\"Ecuador | Noti-America.com\",\"description\":\"\",\"publisher\":{\"@id\":\"https:\/\/noti-america.com\/site\/ecuador\/#organization\"},\"potentialAction\":[{\"@type\":\"SearchAction\",\"target\":{\"@type\":\"EntryPoint\",\"urlTemplate\":\"https:\/\/noti-america.com\/site\/ecuador\/?s={search_term_string}\"},\"query-input\":{\"@type\":\"PropertyValueSpecification\",\"valueRequired\":true,\"valueName\":\"search_term_string\"}}],\"inLanguage\":\"es\"},{\"@type\":\"Organization\",\"@id\":\"https:\/\/noti-america.com\/site\/ecuador\/#organization\",\"name\":\"Noti-America LLC | Ecuador\",\"url\":\"https:\/\/noti-america.com\/site\/ecuador\/\",\"logo\":{\"@type\":\"ImageObject\",\"inLanguage\":\"es\",\"@id\":\"https:\/\/noti-america.com\/site\/ecuador\/#\/schema\/logo\/image\/\",\"url\":\"https:\/\/noti-america.com\/site\/ecuador\/wp-content\/uploads\/sites\/18\/2020\/07\/LogoNA-4x3-1.jpg\",\"contentUrl\":\"https:\/\/noti-america.com\/site\/ecuador\/wp-content\/uploads\/sites\/18\/2020\/07\/LogoNA-4x3-1.jpg\",\"width\":1236,\"height\":1080,\"caption\":\"Noti-America LLC | Ecuador\"},\"image\":{\"@id\":\"https:\/\/noti-america.com\/site\/ecuador\/#\/schema\/logo\/image\/\"},\"sameAs\":[\"https:\/\/x.com\/notiamerica\"]},{\"@type\":\"Person\",\"@id\":\"https:\/\/noti-america.com\/site\/ecuador\/#\/schema\/person\/3b975e42f15abfe64bfe3abdd916efda\",\"name\":\"Gregory Quintana Montiel\",\"image\":{\"@type\":\"ImageObject\",\"inLanguage\":\"es\",\"@id\":\"https:\/\/secure.gravatar.com\/avatar\/2d6b802f7720c2ec7744dcbe608cc2f3417aeb964d58b443c6d612b77531de1d?s=96&d=mm&r=g\",\"url\":\"https:\/\/secure.gravatar.com\/avatar\/2d6b802f7720c2ec7744dcbe608cc2f3417aeb964d58b443c6d612b77531de1d?s=96&d=mm&r=g\",\"contentUrl\":\"https:\/\/secure.gravatar.com\/avatar\/2d6b802f7720c2ec7744dcbe608cc2f3417aeb964d58b443c6d612b77531de1d?s=96&d=mm&r=g\",\"caption\":\"Gregory Quintana Montiel\"},\"description\":\"Licenciatura en Ciencias de la Comunicaci\u00f3n Social, egresado en la Especializaci\u00f3n Derecho Ambiental Desarrollo Sostenible y Sustentable, Miembro de la Comunidad de profesionales y experto para Latinoam\u00e9rica y el Caribe en Gesti\u00f3n por Resultado en el Desarrollo (COPLAC - GpRD) del Banco Interamericano de Desarrollo, experiencia en medios radiales y escritos.\",\"sameAs\":[\"https:\/\/x.com\/gdgregori1\",\"gquintana\"],\"url\":\"https:\/\/noti-america.com\/site\/ecuador\/author\/gquintana\/\"}]}<\/script>\n<!-- \/ Yoast SEO Premium plugin. -->","yoast_head_json":{"title":"ARMADA INAUGUR\u00d3 PUESTO DE AUXILIO MAR\u00cdTIMO EN ISLA MATORRILLOS - Ecuador | Noti-America.com","robots":{"index":"index","follow":"follow","max-snippet":"max-snippet:-1","max-image-preview":"max-image-preview:large","max-video-preview":"max-video-preview:-1"},"canonical":"https:\/\/noti-america.com\/site\/ecuador\/2019\/01\/25\/armada-inauguro-puesto-de-auxilio-maritimo-en-isla-matorrillos\/","og_locale":"es_ES","og_type":"article","og_title":"ARMADA INAUGUR\u00d3 PUESTO DE AUXILIO MAR\u00cdTIMO EN ISLA MATORRILLOS","og_description":"REDACCI\u00d3N NOTI- AM\u00c9RICA (ECUADOR) Por. Fabrizzio Obando El\u00a0 Contralmirante Jorge Cabrera Espinosa, Director Nacional de los Espacios Acu\u00e1ticos (Dirnea) inaugur\u00f3 el sexto Puesto de Auxilio Mar\u00edtimo (PAM) en Isla Matorrillos. La isla Matorrillos est\u00e1&#46;&#46;&#46;","og_url":"https:\/\/noti-america.com\/site\/ecuador\/2019\/01\/25\/armada-inauguro-puesto-de-auxilio-maritimo-en-isla-matorrillos\/","og_site_name":"Ecuador | Noti-America.com","article_published_time":"2019-01-25T00:47:32+00:00","article_modified_time":"2019-01-25T20:07:37+00:00","og_image":[{"width":960,"height":1280,"url":"https:\/\/noti-america.com\/site\/ecuador\/wp-content\/uploads\/sites\/18\/2019\/01\/ARMADA-DEL-ECUADOR-INAHUGURA-PUESTO-DE-AUXILIO.jpg","type":"image\/jpeg"}],"author":"Gregory Quintana Montiel","twitter_card":"summary_large_image","twitter_creator":"@gdgregori1","twitter_site":"@notiamerica","twitter_misc":{"Escrito por":"Gregory Quintana Montiel","Tiempo estimado de lectura":"1 minuto"},"schema":{"@context":"https:\/\/schema.org","@graph":[{"@type":"Article","@id":"https:\/\/noti-america.com\/site\/ecuador\/2019\/01\/25\/armada-inauguro-puesto-de-auxilio-maritimo-en-isla-matorrillos\/#article","isPartOf":{"@id":"https:\/\/noti-america.com\/site\/ecuador\/2019\/01\/25\/armada-inauguro-puesto-de-auxilio-maritimo-en-isla-matorrillos\/"},"author":{"name":"Gregory Quintana Montiel","@id":"https:\/\/noti-america.com\/site\/ecuador\/#\/schema\/person\/3b975e42f15abfe64bfe3abdd916efda"},"headline":"ARMADA INAUGUR\u00d3 PUESTO DE AUXILIO MAR\u00cdTIMO EN ISLA MATORRILLOS","datePublished":"2019-01-25T00:47:32+00:00","dateModified":"2019-01-25T20:07:37+00:00","mainEntityOfPage":{"@id":"https:\/\/noti-america.com\/site\/ecuador\/2019\/01\/25\/armada-inauguro-puesto-de-auxilio-maritimo-en-isla-matorrillos\/"},"wordCount":235,"commentCount":0,"publisher":{"@id":"https:\/\/noti-america.com\/site\/ecuador\/#organization"},"image":{"@id":"https:\/\/noti-america.com\/site\/ecuador\/2019\/01\/25\/armada-inauguro-puesto-de-auxilio-maritimo-en-isla-matorrillos\/#primaryimage"},"thumbnailUrl":"https:\/\/noti-america.com\/site\/ecuador\/wp-content\/uploads\/sites\/18\/2019\/01\/ARMADA-DEL-ECUADOR-INAHUGURA-PUESTO-DE-AUXILIO.jpg","articleSection":["Noticias"],"inLanguage":"es","potentialAction":[{"@type":"CommentAction","name":"Comment","target":["https:\/\/noti-america.com\/site\/ecuador\/2019\/01\/25\/armada-inauguro-puesto-de-auxilio-maritimo-en-isla-matorrillos\/#respond"]}]},{"@type":"WebPage","@id":"https:\/\/noti-america.com\/site\/ecuador\/2019\/01\/25\/armada-inauguro-puesto-de-auxilio-maritimo-en-isla-matorrillos\/","url":"https:\/\/noti-america.com\/site\/ecuador\/2019\/01\/25\/armada-inauguro-puesto-de-auxilio-maritimo-en-isla-matorrillos\/","name":"ARMADA INAUGUR\u00d3 PUESTO DE AUXILIO MAR\u00cdTIMO EN ISLA MATORRILLOS - Ecuador | Noti-America.com","isPartOf":{"@id":"https:\/\/noti-america.com\/site\/ecuador\/#website"},"primaryImageOfPage":{"@id":"https:\/\/noti-america.com\/site\/ecuador\/2019\/01\/25\/armada-inauguro-puesto-de-auxilio-maritimo-en-isla-matorrillos\/#primaryimage"},"image":{"@id":"https:\/\/noti-america.com\/site\/ecuador\/2019\/01\/25\/armada-inauguro-puesto-de-auxilio-maritimo-en-isla-matorrillos\/#primaryimage"},"thumbnailUrl":"https:\/\/noti-america.com\/site\/ecuador\/wp-content\/uploads\/sites\/18\/2019\/01\/ARMADA-DEL-ECUADOR-INAHUGURA-PUESTO-DE-AUXILIO.jpg","datePublished":"2019-01-25T00:47:32+00:00","dateModified":"2019-01-25T20:07:37+00:00","breadcrumb":{"@id":"https:\/\/noti-america.com\/site\/ecuador\/2019\/01\/25\/armada-inauguro-puesto-de-auxilio-maritimo-en-isla-matorrillos\/#breadcrumb"},"inLanguage":"es","potentialAction":[{"@type":"ReadAction","target":["https:\/\/noti-america.com\/site\/ecuador\/2019\/01\/25\/armada-inauguro-puesto-de-auxilio-maritimo-en-isla-matorrillos\/"]}]},{"@type":"ImageObject","inLanguage":"es","@id":"https:\/\/noti-america.com\/site\/ecuador\/2019\/01\/25\/armada-inauguro-puesto-de-auxilio-maritimo-en-isla-matorrillos\/#primaryimage","url":"https:\/\/noti-america.com\/site\/ecuador\/wp-content\/uploads\/sites\/18\/2019\/01\/ARMADA-DEL-ECUADOR-INAHUGURA-PUESTO-DE-AUXILIO.jpg","contentUrl":"https:\/\/noti-america.com\/site\/ecuador\/wp-content\/uploads\/sites\/18\/2019\/01\/ARMADA-DEL-ECUADOR-INAHUGURA-PUESTO-DE-AUXILIO.jpg","width":960,"height":1280,"caption":"El Contralmirante Jorge Cabrera Espinosa, Director Nacional de los Espacios Acu\u00e1ticos (Dirnea) inaugur\u00f3 el sexto Puesto de Auxilio Mar\u00edtimo (PAM) en Isla Matorrillos."},{"@type":"BreadcrumbList","@id":"https:\/\/noti-america.com\/site\/ecuador\/2019\/01\/25\/armada-inauguro-puesto-de-auxilio-maritimo-en-isla-matorrillos\/#breadcrumb","itemListElement":[{"@type":"ListItem","position":1,"name":"Portada","item":"https:\/\/noti-america.com\/site\/ecuador\/"},{"@type":"ListItem","position":2,"name":"ARMADA INAUGUR\u00d3 PUESTO DE AUXILIO MAR\u00cdTIMO EN ISLA MATORRILLOS"}]},{"@type":"WebSite","@id":"https:\/\/noti-america.com\/site\/ecuador\/#website","url":"https:\/\/noti-america.com\/site\/ecuador\/","name":"Ecuador | Noti-America.com","description":"","publisher":{"@id":"https:\/\/noti-america.com\/site\/ecuador\/#organization"},"potentialAction":[{"@type":"SearchAction","target":{"@type":"EntryPoint","urlTemplate":"https:\/\/noti-america.com\/site\/ecuador\/?s={search_term_string}"},"query-input":{"@type":"PropertyValueSpecification","valueRequired":true,"valueName":"search_term_string"}}],"inLanguage":"es"},{"@type":"Organization","@id":"https:\/\/noti-america.com\/site\/ecuador\/#organization","name":"Noti-America LLC | Ecuador","url":"https:\/\/noti-america.com\/site\/ecuador\/","logo":{"@type":"ImageObject","inLanguage":"es","@id":"https:\/\/noti-america.com\/site\/ecuador\/#\/schema\/logo\/image\/","url":"https:\/\/noti-america.com\/site\/ecuador\/wp-content\/uploads\/sites\/18\/2020\/07\/LogoNA-4x3-1.jpg","contentUrl":"https:\/\/noti-america.com\/site\/ecuador\/wp-content\/uploads\/sites\/18\/2020\/07\/LogoNA-4x3-1.jpg","width":1236,"height":1080,"caption":"Noti-America LLC | Ecuador"},"image":{"@id":"https:\/\/noti-america.com\/site\/ecuador\/#\/schema\/logo\/image\/"},"sameAs":["https:\/\/x.com\/notiamerica"]},{"@type":"Person","@id":"https:\/\/noti-america.com\/site\/ecuador\/#\/schema\/person\/3b975e42f15abfe64bfe3abdd916efda","name":"Gregory Quintana Montiel","image":{"@type":"ImageObject","inLanguage":"es","@id":"https:\/\/secure.gravatar.com\/avatar\/2d6b802f7720c2ec7744dcbe608cc2f3417aeb964d58b443c6d612b77531de1d?s=96&d=mm&r=g","url":"https:\/\/secure.gravatar.com\/avatar\/2d6b802f7720c2ec7744dcbe608cc2f3417aeb964d58b443c6d612b77531de1d?s=96&d=mm&r=g","contentUrl":"https:\/\/secure.gravatar.com\/avatar\/2d6b802f7720c2ec7744dcbe608cc2f3417aeb964d58b443c6d612b77531de1d?s=96&d=mm&r=g","caption":"Gregory Quintana Montiel"},"description":"Licenciatura en Ciencias de la Comunicaci\u00f3n Social, egresado en la Especializaci\u00f3n Derecho Ambiental Desarrollo Sostenible y Sustentable, Miembro de la Comunidad de profesionales y experto para Latinoam\u00e9rica y el Caribe en Gesti\u00f3n por Resultado en el Desarrollo (COPLAC - GpRD) del Banco Interamericano de Desarrollo, experiencia en medios radiales y escritos.","sameAs":["https:\/\/x.com\/gdgregori1","gquintana"],"url":"https:\/\/noti-america.com\/site\/ecuador\/author\/gquintana\/"}]}},"_links":{"self":[{"href":"https:\/\/noti-america.com\/site\/ecuador\/wp-json\/wp\/v2\/posts\/3192","targetHints":{"allow":["GET"]}}],"collection":[{"href":"https:\/\/noti-america.com\/site\/ecuador\/wp-json\/wp\/v2\/posts"}],"about":[{"href":"https:\/\/noti-america.com\/site\/ecuador\/wp-json\/wp\/v2\/types\/post"}],"author":[{"embeddable":true,"href":"https:\/\/noti-america.com\/site\/ecuador\/wp-json\/wp\/v2\/users\/17"}],"replies":[{"embeddable":true,"href":"https:\/\/noti-america.com\/site\/ecuador\/wp-json\/wp\/v2\/comments?post=3192"}],"version-history":[{"count":2,"href":"https:\/\/noti-america.com\/site\/ecuador\/wp-json\/wp\/v2\/posts\/3192\/revisions"}],"predecessor-version":[{"id":3195,"href":"https:\/\/noti-america.com\/site\/ecuador\/wp-json\/wp\/v2\/posts\/3192\/revisions\/3195"}],"wp:featuredmedia":[{"embeddable":true,"href":"https:\/\/noti-america.com\/site\/ecuador\/wp-json\/wp\/v2\/media\/3193"}],"wp:attachment":[{"href":"https:\/\/noti-america.com\/site\/ecuador\/wp-json\/wp\/v2\/media?parent=3192"}],"wp:term":[{"taxonomy":"category","embeddable":true,"href":"https:\/\/noti-america.com\/site\/ecuador\/wp-json\/wp\/v2\/categories?post=3192"},{"taxonomy":"post_tag","embeddable":true,"href":"https:\/\/noti-america.com\/site\/ecuador\/wp-json\/wp\/v2\/tags?post=3192"}],"curies":[{"name":"wp","href":"https:\/\/api.w.org\/{rel}","templated":true}]}}