{"id":31872,"date":"2024-09-01T16:56:09","date_gmt":"2024-09-01T16:56:09","guid":{"rendered":"https:\/\/noti-america.com\/site\/ecuador\/?p=31872"},"modified":"2024-09-03T01:04:30","modified_gmt":"2024-09-03T01:04:30","slug":"incautan-de-1-3-toneladas-de-cocaina-puerto-bolivar","status":"publish","type":"post","link":"https:\/\/noti-america.com\/site\/ecuador\/2024\/09\/01\/incautan-de-1-3-toneladas-de-cocaina-puerto-bolivar\/","title":{"rendered":"Incautan 1.3 toneladas de coca\u00edna Puerto Bol\u00edvar"},"content":{"rendered":"<p><strong>REDACCI\u00d3N NOTI-AM\u00c9RICA\u00a0(ECUADOR).<\/strong><\/p>\n<p style=\"text-align: justify\"><img loading=\"lazy\" decoding=\"async\" class=\"size-medium wp-image-31873 aligncenter\" src=\"https:\/\/noti-america.com\/site\/ecuador\/wp-content\/uploads\/sites\/18\/2024\/09\/7186a535-a3d3-4570-ba0f-8db997f643cd_1723633_20240831110554-300x150.jpg\" alt=\"\" width=\"300\" height=\"150\" srcset=\"https:\/\/noti-america.com\/site\/ecuador\/wp-content\/uploads\/sites\/18\/2024\/09\/7186a535-a3d3-4570-ba0f-8db997f643cd_1723633_20240831110554-300x150.jpg 300w, https:\/\/noti-america.com\/site\/ecuador\/wp-content\/uploads\/sites\/18\/2024\/09\/7186a535-a3d3-4570-ba0f-8db997f643cd_1723633_20240831110554-1024x512.jpg 1024w, https:\/\/noti-america.com\/site\/ecuador\/wp-content\/uploads\/sites\/18\/2024\/09\/7186a535-a3d3-4570-ba0f-8db997f643cd_1723633_20240831110554-768x384.jpg 768w, https:\/\/noti-america.com\/site\/ecuador\/wp-content\/uploads\/sites\/18\/2024\/09\/7186a535-a3d3-4570-ba0f-8db997f643cd_1723633_20240831110554.jpg 1200w\" sizes=\"auto, (max-width: 300px) 100vw, 300px\" \/>La Polic\u00eda Nacional y las Fuerzas Armadas de Ecuador incautaron 1.3 toneladas de clorhidrato de coca\u00edna en sacos de yute y cajas con banano en una vivienda del barrio Amazonas en Puerto Bol\u00edvar, Machala.<\/p>\n<p style=\"text-align: justify\">Cuatro hombres fueron detenidos, entre ellos, alias L, brazo ejecutor para el narcotr\u00e1fico de la banda Sao-Box, una facci\u00f3n del grupo terrorista Los Lobos.<\/p>\n<p style=\"text-align: justify\">Una semana le tom\u00f3 a la inteligencia militar detectar este inmueble, que serv\u00eda de centro de acopio para contaminar contenedores, ubicado a 300 metros del terminal de Puerto Bol\u00edvar y del estero Huayla.<\/p>\n<p style=\"text-align: justify\">Los aprehendidos se encuentran identificados como: Mauricio M., Leonardo O., Jimmy C., Steeven B., y fueron puestos a \u00f3rdenes de las autoridades competentes.<\/p>\n<p style=\"text-align: justify\">Sospechan que los diferentes logotipos que tienen los bloques evidencian que esta carga estaba destinada para diferentes usuarios o diferentes clientes.<\/p>\n","protected":false},"excerpt":{"rendered":"<p>REDACCI\u00d3N NOTI-AM\u00c9RICA\u00a0(ECUADOR). La Polic\u00eda Nacional y las Fuerzas Armadas de Ecuador incautaron 1.3 toneladas de clorhidrato de coca\u00edna en sacos de yute y cajas con banano en una vivienda del barrio Amazonas en Puerto&#46;&#46;&#46;<\/p>\n","protected":false},"author":113,"featured_media":31873,"comment_status":"open","ping_status":"open","sticky":false,"template":"","format":"standard","meta":{"_acf_changed":false,"om_disable_all_campaigns":false,"rop_custom_images_group":[],"rop_custom_messages_group":[],"rop_publish_now":"initial","rop_publish_now_accounts":{"twitter_242054905_242054905":""},"rop_publish_now_history":[],"rop_publish_now_status":"pending","_uf_show_specific_survey":0,"_uf_disable_surveys":false,"footnotes":""},"categories":[125],"tags":[],"class_list":["post-31872","post","type-post","status-publish","format-standard","has-post-thumbnail","hentry","category-actualidad"],"acf":[],"aioseo_notices":[],"yoast_head":"<!-- This site is optimized with the Yoast SEO Premium plugin v24.9 (Yoast SEO v27.2) - https:\/\/yoast.com\/product\/yoast-seo-premium-wordpress\/ -->\n<title>Incautan 1.3 toneladas de coca\u00edna Puerto Bol\u00edvar - Ecuador | Noti-America.com<\/title>\n<meta name=\"robots\" content=\"index, follow, max-snippet:-1, max-image-preview:large, max-video-preview:-1\" \/>\n<link rel=\"canonical\" href=\"https:\/\/noti-america.com\/site\/ecuador\/2024\/09\/01\/incautan-de-1-3-toneladas-de-cocaina-puerto-bolivar\/\" \/>\n<meta property=\"og:locale\" content=\"es_ES\" \/>\n<meta property=\"og:type\" content=\"article\" \/>\n<meta property=\"og:title\" content=\"Incautan 1.3 toneladas de coca\u00edna Puerto Bol\u00edvar\" \/>\n<meta property=\"og:description\" content=\"REDACCI\u00d3N NOTI-AM\u00c9RICA\u00a0(ECUADOR). La Polic\u00eda Nacional y las Fuerzas Armadas de Ecuador incautaron 1.3 toneladas de clorhidrato de coca\u00edna en sacos de yute y cajas con banano en una vivienda del barrio Amazonas en Puerto&#046;&#046;&#046;\" \/>\n<meta property=\"og:url\" content=\"https:\/\/noti-america.com\/site\/ecuador\/2024\/09\/01\/incautan-de-1-3-toneladas-de-cocaina-puerto-bolivar\/\" \/>\n<meta property=\"og:site_name\" content=\"Ecuador | Noti-America.com\" \/>\n<meta property=\"article:published_time\" content=\"2024-09-01T16:56:09+00:00\" \/>\n<meta property=\"article:modified_time\" content=\"2024-09-03T01:04:30+00:00\" \/>\n<meta property=\"og:image\" content=\"https:\/\/noti-america.com\/site\/ecuador\/wp-content\/uploads\/sites\/18\/2024\/09\/7186a535-a3d3-4570-ba0f-8db997f643cd_1723633_20240831110554.jpg\" \/>\n\t<meta property=\"og:image:width\" content=\"1200\" \/>\n\t<meta property=\"og:image:height\" content=\"600\" \/>\n\t<meta property=\"og:image:type\" content=\"image\/jpeg\" \/>\n<meta name=\"author\" content=\"Henry Ortiz\" \/>\n<meta name=\"twitter:card\" content=\"summary_large_image\" \/>\n<meta name=\"twitter:creator\" content=\"@notiamerica\" \/>\n<meta name=\"twitter:site\" content=\"@notiamerica\" \/>\n<meta name=\"twitter:label1\" content=\"Escrito por\" \/>\n\t<meta name=\"twitter:data1\" content=\"Henry Ortiz\" \/>\n\t<meta name=\"twitter:label2\" content=\"Tiempo estimado de lectura\" \/>\n\t<meta name=\"twitter:data2\" content=\"2 minutos\" \/>\n<script type=\"application\/ld+json\" class=\"yoast-schema-graph\">{\"@context\":\"https:\/\/schema.org\",\"@graph\":[{\"@type\":\"Article\",\"@id\":\"https:\/\/noti-america.com\/site\/ecuador\/2024\/09\/01\/incautan-de-1-3-toneladas-de-cocaina-puerto-bolivar\/#article\",\"isPartOf\":{\"@id\":\"https:\/\/noti-america.com\/site\/ecuador\/2024\/09\/01\/incautan-de-1-3-toneladas-de-cocaina-puerto-bolivar\/\"},\"author\":{\"name\":\"Henry Ortiz\",\"@id\":\"https:\/\/noti-america.com\/site\/ecuador\/#\/schema\/person\/b9d1630cc6598af759d45c790a347283\"},\"headline\":\"Incautan 1.3 toneladas de coca\u00edna Puerto Bol\u00edvar\",\"datePublished\":\"2024-09-01T16:56:09+00:00\",\"dateModified\":\"2024-09-03T01:04:30+00:00\",\"mainEntityOfPage\":{\"@id\":\"https:\/\/noti-america.com\/site\/ecuador\/2024\/09\/01\/incautan-de-1-3-toneladas-de-cocaina-puerto-bolivar\/\"},\"wordCount\":153,\"commentCount\":0,\"publisher\":{\"@id\":\"https:\/\/noti-america.com\/site\/ecuador\/#organization\"},\"image\":{\"@id\":\"https:\/\/noti-america.com\/site\/ecuador\/2024\/09\/01\/incautan-de-1-3-toneladas-de-cocaina-puerto-bolivar\/#primaryimage\"},\"thumbnailUrl\":\"https:\/\/noti-america.com\/site\/ecuador\/wp-content\/uploads\/sites\/18\/2024\/09\/7186a535-a3d3-4570-ba0f-8db997f643cd_1723633_20240831110554.jpg\",\"articleSection\":[\"Actualidad\"],\"inLanguage\":\"es\",\"potentialAction\":[{\"@type\":\"CommentAction\",\"name\":\"Comment\",\"target\":[\"https:\/\/noti-america.com\/site\/ecuador\/2024\/09\/01\/incautan-de-1-3-toneladas-de-cocaina-puerto-bolivar\/#respond\"]}]},{\"@type\":\"WebPage\",\"@id\":\"https:\/\/noti-america.com\/site\/ecuador\/2024\/09\/01\/incautan-de-1-3-toneladas-de-cocaina-puerto-bolivar\/\",\"url\":\"https:\/\/noti-america.com\/site\/ecuador\/2024\/09\/01\/incautan-de-1-3-toneladas-de-cocaina-puerto-bolivar\/\",\"name\":\"Incautan 1.3 toneladas de coca\u00edna Puerto Bol\u00edvar - Ecuador | Noti-America.com\",\"isPartOf\":{\"@id\":\"https:\/\/noti-america.com\/site\/ecuador\/#website\"},\"primaryImageOfPage\":{\"@id\":\"https:\/\/noti-america.com\/site\/ecuador\/2024\/09\/01\/incautan-de-1-3-toneladas-de-cocaina-puerto-bolivar\/#primaryimage\"},\"image\":{\"@id\":\"https:\/\/noti-america.com\/site\/ecuador\/2024\/09\/01\/incautan-de-1-3-toneladas-de-cocaina-puerto-bolivar\/#primaryimage\"},\"thumbnailUrl\":\"https:\/\/noti-america.com\/site\/ecuador\/wp-content\/uploads\/sites\/18\/2024\/09\/7186a535-a3d3-4570-ba0f-8db997f643cd_1723633_20240831110554.jpg\",\"datePublished\":\"2024-09-01T16:56:09+00:00\",\"dateModified\":\"2024-09-03T01:04:30+00:00\",\"breadcrumb\":{\"@id\":\"https:\/\/noti-america.com\/site\/ecuador\/2024\/09\/01\/incautan-de-1-3-toneladas-de-cocaina-puerto-bolivar\/#breadcrumb\"},\"inLanguage\":\"es\",\"potentialAction\":[{\"@type\":\"ReadAction\",\"target\":[\"https:\/\/noti-america.com\/site\/ecuador\/2024\/09\/01\/incautan-de-1-3-toneladas-de-cocaina-puerto-bolivar\/\"]}]},{\"@type\":\"ImageObject\",\"inLanguage\":\"es\",\"@id\":\"https:\/\/noti-america.com\/site\/ecuador\/2024\/09\/01\/incautan-de-1-3-toneladas-de-cocaina-puerto-bolivar\/#primaryimage\",\"url\":\"https:\/\/noti-america.com\/site\/ecuador\/wp-content\/uploads\/sites\/18\/2024\/09\/7186a535-a3d3-4570-ba0f-8db997f643cd_1723633_20240831110554.jpg\",\"contentUrl\":\"https:\/\/noti-america.com\/site\/ecuador\/wp-content\/uploads\/sites\/18\/2024\/09\/7186a535-a3d3-4570-ba0f-8db997f643cd_1723633_20240831110554.jpg\",\"width\":1200,\"height\":600},{\"@type\":\"BreadcrumbList\",\"@id\":\"https:\/\/noti-america.com\/site\/ecuador\/2024\/09\/01\/incautan-de-1-3-toneladas-de-cocaina-puerto-bolivar\/#breadcrumb\",\"itemListElement\":[{\"@type\":\"ListItem\",\"position\":1,\"name\":\"Portada\",\"item\":\"https:\/\/noti-america.com\/site\/ecuador\/\"},{\"@type\":\"ListItem\",\"position\":2,\"name\":\"Incautan 1.3 toneladas de coca\u00edna Puerto Bol\u00edvar\"}]},{\"@type\":\"WebSite\",\"@id\":\"https:\/\/noti-america.com\/site\/ecuador\/#website\",\"url\":\"https:\/\/noti-america.com\/site\/ecuador\/\",\"name\":\"Ecuador | Noti-America.com\",\"description\":\"\",\"publisher\":{\"@id\":\"https:\/\/noti-america.com\/site\/ecuador\/#organization\"},\"potentialAction\":[{\"@type\":\"SearchAction\",\"target\":{\"@type\":\"EntryPoint\",\"urlTemplate\":\"https:\/\/noti-america.com\/site\/ecuador\/?s={search_term_string}\"},\"query-input\":{\"@type\":\"PropertyValueSpecification\",\"valueRequired\":true,\"valueName\":\"search_term_string\"}}],\"inLanguage\":\"es\"},{\"@type\":\"Organization\",\"@id\":\"https:\/\/noti-america.com\/site\/ecuador\/#organization\",\"name\":\"Noti-America LLC | Ecuador\",\"url\":\"https:\/\/noti-america.com\/site\/ecuador\/\",\"logo\":{\"@type\":\"ImageObject\",\"inLanguage\":\"es\",\"@id\":\"https:\/\/noti-america.com\/site\/ecuador\/#\/schema\/logo\/image\/\",\"url\":\"https:\/\/noti-america.com\/site\/ecuador\/wp-content\/uploads\/sites\/18\/2020\/07\/LogoNA-4x3-1.jpg\",\"contentUrl\":\"https:\/\/noti-america.com\/site\/ecuador\/wp-content\/uploads\/sites\/18\/2020\/07\/LogoNA-4x3-1.jpg\",\"width\":1236,\"height\":1080,\"caption\":\"Noti-America LLC | Ecuador\"},\"image\":{\"@id\":\"https:\/\/noti-america.com\/site\/ecuador\/#\/schema\/logo\/image\/\"},\"sameAs\":[\"https:\/\/x.com\/notiamerica\"]},{\"@type\":\"Person\",\"@id\":\"https:\/\/noti-america.com\/site\/ecuador\/#\/schema\/person\/b9d1630cc6598af759d45c790a347283\",\"name\":\"Henry Ortiz\",\"image\":{\"@type\":\"ImageObject\",\"inLanguage\":\"es\",\"@id\":\"https:\/\/secure.gravatar.com\/avatar\/0b5407b5b302fbb6a578e625dca512ac2983ee5fa9ea941d581b83c40212e4c8?s=96&d=mm&r=g\",\"url\":\"https:\/\/secure.gravatar.com\/avatar\/0b5407b5b302fbb6a578e625dca512ac2983ee5fa9ea941d581b83c40212e4c8?s=96&d=mm&r=g\",\"contentUrl\":\"https:\/\/secure.gravatar.com\/avatar\/0b5407b5b302fbb6a578e625dca512ac2983ee5fa9ea941d581b83c40212e4c8?s=96&d=mm&r=g\",\"caption\":\"Henry Ortiz\"},\"url\":\"https:\/\/noti-america.com\/site\/ecuador\/author\/hortiz\/\"}]}<\/script>\n<!-- \/ Yoast SEO Premium plugin. -->","yoast_head_json":{"title":"Incautan 1.3 toneladas de coca\u00edna Puerto Bol\u00edvar - Ecuador | Noti-America.com","robots":{"index":"index","follow":"follow","max-snippet":"max-snippet:-1","max-image-preview":"max-image-preview:large","max-video-preview":"max-video-preview:-1"},"canonical":"https:\/\/noti-america.com\/site\/ecuador\/2024\/09\/01\/incautan-de-1-3-toneladas-de-cocaina-puerto-bolivar\/","og_locale":"es_ES","og_type":"article","og_title":"Incautan 1.3 toneladas de coca\u00edna Puerto Bol\u00edvar","og_description":"REDACCI\u00d3N NOTI-AM\u00c9RICA\u00a0(ECUADOR). La Polic\u00eda Nacional y las Fuerzas Armadas de Ecuador incautaron 1.3 toneladas de clorhidrato de coca\u00edna en sacos de yute y cajas con banano en una vivienda del barrio Amazonas en Puerto&#46;&#46;&#46;","og_url":"https:\/\/noti-america.com\/site\/ecuador\/2024\/09\/01\/incautan-de-1-3-toneladas-de-cocaina-puerto-bolivar\/","og_site_name":"Ecuador | Noti-America.com","article_published_time":"2024-09-01T16:56:09+00:00","article_modified_time":"2024-09-03T01:04:30+00:00","og_image":[{"width":1200,"height":600,"url":"https:\/\/noti-america.com\/site\/ecuador\/wp-content\/uploads\/sites\/18\/2024\/09\/7186a535-a3d3-4570-ba0f-8db997f643cd_1723633_20240831110554.jpg","type":"image\/jpeg"}],"author":"Henry Ortiz","twitter_card":"summary_large_image","twitter_creator":"@notiamerica","twitter_site":"@notiamerica","twitter_misc":{"Escrito por":"Henry Ortiz","Tiempo estimado de lectura":"2 minutos"},"schema":{"@context":"https:\/\/schema.org","@graph":[{"@type":"Article","@id":"https:\/\/noti-america.com\/site\/ecuador\/2024\/09\/01\/incautan-de-1-3-toneladas-de-cocaina-puerto-bolivar\/#article","isPartOf":{"@id":"https:\/\/noti-america.com\/site\/ecuador\/2024\/09\/01\/incautan-de-1-3-toneladas-de-cocaina-puerto-bolivar\/"},"author":{"name":"Henry Ortiz","@id":"https:\/\/noti-america.com\/site\/ecuador\/#\/schema\/person\/b9d1630cc6598af759d45c790a347283"},"headline":"Incautan 1.3 toneladas de coca\u00edna Puerto Bol\u00edvar","datePublished":"2024-09-01T16:56:09+00:00","dateModified":"2024-09-03T01:04:30+00:00","mainEntityOfPage":{"@id":"https:\/\/noti-america.com\/site\/ecuador\/2024\/09\/01\/incautan-de-1-3-toneladas-de-cocaina-puerto-bolivar\/"},"wordCount":153,"commentCount":0,"publisher":{"@id":"https:\/\/noti-america.com\/site\/ecuador\/#organization"},"image":{"@id":"https:\/\/noti-america.com\/site\/ecuador\/2024\/09\/01\/incautan-de-1-3-toneladas-de-cocaina-puerto-bolivar\/#primaryimage"},"thumbnailUrl":"https:\/\/noti-america.com\/site\/ecuador\/wp-content\/uploads\/sites\/18\/2024\/09\/7186a535-a3d3-4570-ba0f-8db997f643cd_1723633_20240831110554.jpg","articleSection":["Actualidad"],"inLanguage":"es","potentialAction":[{"@type":"CommentAction","name":"Comment","target":["https:\/\/noti-america.com\/site\/ecuador\/2024\/09\/01\/incautan-de-1-3-toneladas-de-cocaina-puerto-bolivar\/#respond"]}]},{"@type":"WebPage","@id":"https:\/\/noti-america.com\/site\/ecuador\/2024\/09\/01\/incautan-de-1-3-toneladas-de-cocaina-puerto-bolivar\/","url":"https:\/\/noti-america.com\/site\/ecuador\/2024\/09\/01\/incautan-de-1-3-toneladas-de-cocaina-puerto-bolivar\/","name":"Incautan 1.3 toneladas de coca\u00edna Puerto Bol\u00edvar - Ecuador | Noti-America.com","isPartOf":{"@id":"https:\/\/noti-america.com\/site\/ecuador\/#website"},"primaryImageOfPage":{"@id":"https:\/\/noti-america.com\/site\/ecuador\/2024\/09\/01\/incautan-de-1-3-toneladas-de-cocaina-puerto-bolivar\/#primaryimage"},"image":{"@id":"https:\/\/noti-america.com\/site\/ecuador\/2024\/09\/01\/incautan-de-1-3-toneladas-de-cocaina-puerto-bolivar\/#primaryimage"},"thumbnailUrl":"https:\/\/noti-america.com\/site\/ecuador\/wp-content\/uploads\/sites\/18\/2024\/09\/7186a535-a3d3-4570-ba0f-8db997f643cd_1723633_20240831110554.jpg","datePublished":"2024-09-01T16:56:09+00:00","dateModified":"2024-09-03T01:04:30+00:00","breadcrumb":{"@id":"https:\/\/noti-america.com\/site\/ecuador\/2024\/09\/01\/incautan-de-1-3-toneladas-de-cocaina-puerto-bolivar\/#breadcrumb"},"inLanguage":"es","potentialAction":[{"@type":"ReadAction","target":["https:\/\/noti-america.com\/site\/ecuador\/2024\/09\/01\/incautan-de-1-3-toneladas-de-cocaina-puerto-bolivar\/"]}]},{"@type":"ImageObject","inLanguage":"es","@id":"https:\/\/noti-america.com\/site\/ecuador\/2024\/09\/01\/incautan-de-1-3-toneladas-de-cocaina-puerto-bolivar\/#primaryimage","url":"https:\/\/noti-america.com\/site\/ecuador\/wp-content\/uploads\/sites\/18\/2024\/09\/7186a535-a3d3-4570-ba0f-8db997f643cd_1723633_20240831110554.jpg","contentUrl":"https:\/\/noti-america.com\/site\/ecuador\/wp-content\/uploads\/sites\/18\/2024\/09\/7186a535-a3d3-4570-ba0f-8db997f643cd_1723633_20240831110554.jpg","width":1200,"height":600},{"@type":"BreadcrumbList","@id":"https:\/\/noti-america.com\/site\/ecuador\/2024\/09\/01\/incautan-de-1-3-toneladas-de-cocaina-puerto-bolivar\/#breadcrumb","itemListElement":[{"@type":"ListItem","position":1,"name":"Portada","item":"https:\/\/noti-america.com\/site\/ecuador\/"},{"@type":"ListItem","position":2,"name":"Incautan 1.3 toneladas de coca\u00edna Puerto Bol\u00edvar"}]},{"@type":"WebSite","@id":"https:\/\/noti-america.com\/site\/ecuador\/#website","url":"https:\/\/noti-america.com\/site\/ecuador\/","name":"Ecuador | Noti-America.com","description":"","publisher":{"@id":"https:\/\/noti-america.com\/site\/ecuador\/#organization"},"potentialAction":[{"@type":"SearchAction","target":{"@type":"EntryPoint","urlTemplate":"https:\/\/noti-america.com\/site\/ecuador\/?s={search_term_string}"},"query-input":{"@type":"PropertyValueSpecification","valueRequired":true,"valueName":"search_term_string"}}],"inLanguage":"es"},{"@type":"Organization","@id":"https:\/\/noti-america.com\/site\/ecuador\/#organization","name":"Noti-America LLC | Ecuador","url":"https:\/\/noti-america.com\/site\/ecuador\/","logo":{"@type":"ImageObject","inLanguage":"es","@id":"https:\/\/noti-america.com\/site\/ecuador\/#\/schema\/logo\/image\/","url":"https:\/\/noti-america.com\/site\/ecuador\/wp-content\/uploads\/sites\/18\/2020\/07\/LogoNA-4x3-1.jpg","contentUrl":"https:\/\/noti-america.com\/site\/ecuador\/wp-content\/uploads\/sites\/18\/2020\/07\/LogoNA-4x3-1.jpg","width":1236,"height":1080,"caption":"Noti-America LLC | Ecuador"},"image":{"@id":"https:\/\/noti-america.com\/site\/ecuador\/#\/schema\/logo\/image\/"},"sameAs":["https:\/\/x.com\/notiamerica"]},{"@type":"Person","@id":"https:\/\/noti-america.com\/site\/ecuador\/#\/schema\/person\/b9d1630cc6598af759d45c790a347283","name":"Henry Ortiz","image":{"@type":"ImageObject","inLanguage":"es","@id":"https:\/\/secure.gravatar.com\/avatar\/0b5407b5b302fbb6a578e625dca512ac2983ee5fa9ea941d581b83c40212e4c8?s=96&d=mm&r=g","url":"https:\/\/secure.gravatar.com\/avatar\/0b5407b5b302fbb6a578e625dca512ac2983ee5fa9ea941d581b83c40212e4c8?s=96&d=mm&r=g","contentUrl":"https:\/\/secure.gravatar.com\/avatar\/0b5407b5b302fbb6a578e625dca512ac2983ee5fa9ea941d581b83c40212e4c8?s=96&d=mm&r=g","caption":"Henry Ortiz"},"url":"https:\/\/noti-america.com\/site\/ecuador\/author\/hortiz\/"}]}},"_links":{"self":[{"href":"https:\/\/noti-america.com\/site\/ecuador\/wp-json\/wp\/v2\/posts\/31872","targetHints":{"allow":["GET"]}}],"collection":[{"href":"https:\/\/noti-america.com\/site\/ecuador\/wp-json\/wp\/v2\/posts"}],"about":[{"href":"https:\/\/noti-america.com\/site\/ecuador\/wp-json\/wp\/v2\/types\/post"}],"author":[{"embeddable":true,"href":"https:\/\/noti-america.com\/site\/ecuador\/wp-json\/wp\/v2\/users\/113"}],"replies":[{"embeddable":true,"href":"https:\/\/noti-america.com\/site\/ecuador\/wp-json\/wp\/v2\/comments?post=31872"}],"version-history":[{"count":2,"href":"https:\/\/noti-america.com\/site\/ecuador\/wp-json\/wp\/v2\/posts\/31872\/revisions"}],"predecessor-version":[{"id":31878,"href":"https:\/\/noti-america.com\/site\/ecuador\/wp-json\/wp\/v2\/posts\/31872\/revisions\/31878"}],"wp:featuredmedia":[{"embeddable":true,"href":"https:\/\/noti-america.com\/site\/ecuador\/wp-json\/wp\/v2\/media\/31873"}],"wp:attachment":[{"href":"https:\/\/noti-america.com\/site\/ecuador\/wp-json\/wp\/v2\/media?parent=31872"}],"wp:term":[{"taxonomy":"category","embeddable":true,"href":"https:\/\/noti-america.com\/site\/ecuador\/wp-json\/wp\/v2\/categories?post=31872"},{"taxonomy":"post_tag","embeddable":true,"href":"https:\/\/noti-america.com\/site\/ecuador\/wp-json\/wp\/v2\/tags?post=31872"}],"curies":[{"name":"wp","href":"https:\/\/api.w.org\/{rel}","templated":true}]}}