{"id":31688,"date":"2024-08-22T04:01:51","date_gmt":"2024-08-22T04:01:51","guid":{"rendered":"https:\/\/noti-america.com\/site\/ecuador\/?p=31688"},"modified":"2024-08-22T04:42:14","modified_gmt":"2024-08-22T04:42:14","slug":"nestle-ecuador","status":"publish","type":"post","link":"https:\/\/noti-america.com\/site\/ecuador\/2024\/08\/22\/nestle-ecuador\/","title":{"rendered":"Nestl\u00e9 Ecuador afianza su compromiso con la educaci\u00f3n"},"content":{"rendered":"<p><strong>REDACCI\u00d3N NOTI-AM\u00c9RICA (ECUADOR).<\/strong><\/p>\n<p style=\"text-align: justify\"><img loading=\"lazy\" decoding=\"async\" class=\"size-medium wp-image-31698 aligncenter\" src=\"https:\/\/noti-america.com\/site\/ecuador\/wp-content\/uploads\/sites\/18\/2024\/08\/IMG_20240821_232924-300x217.jpg\" alt=\"\" width=\"300\" height=\"217\" srcset=\"https:\/\/noti-america.com\/site\/ecuador\/wp-content\/uploads\/sites\/18\/2024\/08\/IMG_20240821_232924-300x217.jpg 300w, https:\/\/noti-america.com\/site\/ecuador\/wp-content\/uploads\/sites\/18\/2024\/08\/IMG_20240821_232924.jpg 720w\" sizes=\"auto, (max-width: 300px) 100vw, 300px\" \/>En un evento lleno de diversi\u00f3n y aprendizaje, Nestl\u00e9 Ecuador, lanz\u00f3 este mi\u00e9rcoles 21 de agosto, su programa educativo, \u00abNescuelita\u00bb, un espacio \u00fanico y gratuito de ense\u00f1anza, dise\u00f1ado para promover h\u00e1bitos saludables en ni\u00f1os de entre 6 y 12 a\u00f1os.<\/p>\n<p style=\"text-align: justify\">C\u00f3mo parte de su compromiso con la comunidad ecuatoriana, la multinacional apertur\u00f3 un espacio en su f\u00e1brica, ubicada al sur de Guayaquil, d\u00f3nde los alumnos escolares de los establecimientos educativos fiscales de la ciudad, podr\u00e1n conocer de cerca el proceso de producci\u00f3n de los chocolates Nestl\u00e9. Adem\u00e1s, se les ense\u00f1ar\u00e1 la importancia de tener buenos h\u00e1bitos alimenticios, nutrici\u00f3n, higiene, reciclaje, cocina y actividades f\u00edsica.<\/p>\n<p style=\"text-align: justify\">Seg\u00fan Viviana Valdivieso, vicepresidenta de Marketing y Comunicaciones de Nestl\u00e9 Ecuador, la idea naci\u00f3 por los altos \u00edndices de desnutrici\u00f3n que existen en el pa\u00eds. \u00abEl proyecto Nescuelita es un espacio gratuito y \u00fanico en el pa\u00eds, dise\u00f1ado para promover y afianzar h\u00e1bitos saludables en ni\u00f1os y ni\u00f1as en edad preescolar, donde Guayaquil ser\u00e1 la sede de este hito\u00bb sostuvo.<\/p>\n<p style=\"text-align: justify\">Valdivieso asegur\u00f3, que el programa buscar\u00e1 beneficiar a m\u00e1s de 1.000 ni\u00f1os en este 2024, a trav\u00e9s, de la Alianza Unidos por la Educaci\u00f3n y el Ministerio de Educaci\u00f3n, que son las entidades encargadas de seleccionar a las escuelas.<\/p>\n<p style=\"text-align: justify\">El evento de inauguraci\u00f3n cont\u00f3 con la presencia de la subsecretaria de Educaci\u00f3n del Distrito de Guayaquil, Daniela Febres Cordero y el presidente Ejecutivo de Nestl\u00e9 Ecuador, Josu\u00e9 De la Maza.<\/p>\n","protected":false},"excerpt":{"rendered":"<p>REDACCI\u00d3N NOTI-AM\u00c9RICA (ECUADOR). En un evento lleno de diversi\u00f3n y aprendizaje, Nestl\u00e9 Ecuador, lanz\u00f3 este mi\u00e9rcoles 21 de agosto, su programa educativo, \u00abNescuelita\u00bb, un espacio \u00fanico y gratuito de ense\u00f1anza, dise\u00f1ado para promover h\u00e1bitos&#46;&#46;&#46;<\/p>\n","protected":false},"author":144,"featured_media":31698,"comment_status":"open","ping_status":"open","sticky":false,"template":"","format":"standard","meta":{"_acf_changed":false,"om_disable_all_campaigns":false,"rop_custom_images_group":[],"rop_custom_messages_group":[],"rop_publish_now":"initial","rop_publish_now_accounts":{"twitter_242054905_242054905":""},"rop_publish_now_history":[],"rop_publish_now_status":"pending","_uf_show_specific_survey":0,"_uf_disable_surveys":false,"footnotes":""},"categories":[108],"tags":[],"class_list":["post-31688","post","type-post","status-publish","format-standard","has-post-thumbnail","hentry","category-responsabilidad-social-empresarial"],"acf":[],"aioseo_notices":[],"yoast_head":"<!-- This site is optimized with the Yoast SEO Premium plugin v24.9 (Yoast SEO v27.2) - https:\/\/yoast.com\/product\/yoast-seo-premium-wordpress\/ -->\n<title>Nestl\u00e9 Ecuador afianza su compromiso con la educaci\u00f3n - Ecuador | Noti-America.com<\/title>\n<meta name=\"robots\" content=\"index, follow, max-snippet:-1, max-image-preview:large, max-video-preview:-1\" \/>\n<link rel=\"canonical\" href=\"https:\/\/noti-america.com\/site\/ecuador\/2024\/08\/22\/nestle-ecuador\/\" \/>\n<meta property=\"og:locale\" content=\"es_ES\" \/>\n<meta property=\"og:type\" content=\"article\" \/>\n<meta property=\"og:title\" content=\"Nestl\u00e9 Ecuador afianza su compromiso con la educaci\u00f3n\" \/>\n<meta property=\"og:description\" content=\"REDACCI\u00d3N NOTI-AM\u00c9RICA (ECUADOR). En un evento lleno de diversi\u00f3n y aprendizaje, Nestl\u00e9 Ecuador, lanz\u00f3 este mi\u00e9rcoles 21 de agosto, su programa educativo, \u00abNescuelita\u00bb, un espacio \u00fanico y gratuito de ense\u00f1anza, dise\u00f1ado para promover h\u00e1bitos&#046;&#046;&#046;\" \/>\n<meta property=\"og:url\" content=\"https:\/\/noti-america.com\/site\/ecuador\/2024\/08\/22\/nestle-ecuador\/\" \/>\n<meta property=\"og:site_name\" content=\"Ecuador | Noti-America.com\" \/>\n<meta property=\"article:published_time\" content=\"2024-08-22T04:01:51+00:00\" \/>\n<meta property=\"article:modified_time\" content=\"2024-08-22T04:42:14+00:00\" \/>\n<meta property=\"og:image\" content=\"https:\/\/noti-america.com\/site\/ecuador\/wp-content\/uploads\/sites\/18\/2024\/08\/IMG_20240821_232924.jpg\" \/>\n\t<meta property=\"og:image:width\" content=\"720\" \/>\n\t<meta property=\"og:image:height\" content=\"521\" \/>\n\t<meta property=\"og:image:type\" content=\"image\/jpeg\" \/>\n<meta name=\"author\" content=\"Henry Garrido\" \/>\n<meta name=\"twitter:card\" content=\"summary_large_image\" \/>\n<meta name=\"twitter:creator\" content=\"@notiamerica\" \/>\n<meta name=\"twitter:site\" content=\"@notiamerica\" \/>\n<meta name=\"twitter:label1\" content=\"Escrito por\" \/>\n\t<meta name=\"twitter:data1\" content=\"Henry Garrido\" \/>\n\t<meta name=\"twitter:label2\" content=\"Tiempo estimado de lectura\" \/>\n\t<meta name=\"twitter:data2\" content=\"2 minutos\" \/>\n<script type=\"application\/ld+json\" class=\"yoast-schema-graph\">{\"@context\":\"https:\/\/schema.org\",\"@graph\":[{\"@type\":\"Article\",\"@id\":\"https:\/\/noti-america.com\/site\/ecuador\/2024\/08\/22\/nestle-ecuador\/#article\",\"isPartOf\":{\"@id\":\"https:\/\/noti-america.com\/site\/ecuador\/2024\/08\/22\/nestle-ecuador\/\"},\"author\":{\"name\":\"Henry Garrido\",\"@id\":\"https:\/\/noti-america.com\/site\/ecuador\/#\/schema\/person\/00042412cfa9ecf98077f847ffadda4a\"},\"headline\":\"Nestl\u00e9 Ecuador afianza su compromiso con la educaci\u00f3n\",\"datePublished\":\"2024-08-22T04:01:51+00:00\",\"dateModified\":\"2024-08-22T04:42:14+00:00\",\"mainEntityOfPage\":{\"@id\":\"https:\/\/noti-america.com\/site\/ecuador\/2024\/08\/22\/nestle-ecuador\/\"},\"wordCount\":275,\"commentCount\":0,\"publisher\":{\"@id\":\"https:\/\/noti-america.com\/site\/ecuador\/#organization\"},\"image\":{\"@id\":\"https:\/\/noti-america.com\/site\/ecuador\/2024\/08\/22\/nestle-ecuador\/#primaryimage\"},\"thumbnailUrl\":\"https:\/\/noti-america.com\/site\/ecuador\/wp-content\/uploads\/sites\/18\/2024\/08\/IMG_20240821_232924.jpg\",\"articleSection\":[\"Responsabilidad Social Empresarial\"],\"inLanguage\":\"es\",\"potentialAction\":[{\"@type\":\"CommentAction\",\"name\":\"Comment\",\"target\":[\"https:\/\/noti-america.com\/site\/ecuador\/2024\/08\/22\/nestle-ecuador\/#respond\"]}]},{\"@type\":\"WebPage\",\"@id\":\"https:\/\/noti-america.com\/site\/ecuador\/2024\/08\/22\/nestle-ecuador\/\",\"url\":\"https:\/\/noti-america.com\/site\/ecuador\/2024\/08\/22\/nestle-ecuador\/\",\"name\":\"Nestl\u00e9 Ecuador afianza su compromiso con la educaci\u00f3n - Ecuador | Noti-America.com\",\"isPartOf\":{\"@id\":\"https:\/\/noti-america.com\/site\/ecuador\/#website\"},\"primaryImageOfPage\":{\"@id\":\"https:\/\/noti-america.com\/site\/ecuador\/2024\/08\/22\/nestle-ecuador\/#primaryimage\"},\"image\":{\"@id\":\"https:\/\/noti-america.com\/site\/ecuador\/2024\/08\/22\/nestle-ecuador\/#primaryimage\"},\"thumbnailUrl\":\"https:\/\/noti-america.com\/site\/ecuador\/wp-content\/uploads\/sites\/18\/2024\/08\/IMG_20240821_232924.jpg\",\"datePublished\":\"2024-08-22T04:01:51+00:00\",\"dateModified\":\"2024-08-22T04:42:14+00:00\",\"breadcrumb\":{\"@id\":\"https:\/\/noti-america.com\/site\/ecuador\/2024\/08\/22\/nestle-ecuador\/#breadcrumb\"},\"inLanguage\":\"es\",\"potentialAction\":[{\"@type\":\"ReadAction\",\"target\":[\"https:\/\/noti-america.com\/site\/ecuador\/2024\/08\/22\/nestle-ecuador\/\"]}]},{\"@type\":\"ImageObject\",\"inLanguage\":\"es\",\"@id\":\"https:\/\/noti-america.com\/site\/ecuador\/2024\/08\/22\/nestle-ecuador\/#primaryimage\",\"url\":\"https:\/\/noti-america.com\/site\/ecuador\/wp-content\/uploads\/sites\/18\/2024\/08\/IMG_20240821_232924.jpg\",\"contentUrl\":\"https:\/\/noti-america.com\/site\/ecuador\/wp-content\/uploads\/sites\/18\/2024\/08\/IMG_20240821_232924.jpg\",\"width\":720,\"height\":521},{\"@type\":\"BreadcrumbList\",\"@id\":\"https:\/\/noti-america.com\/site\/ecuador\/2024\/08\/22\/nestle-ecuador\/#breadcrumb\",\"itemListElement\":[{\"@type\":\"ListItem\",\"position\":1,\"name\":\"Portada\",\"item\":\"https:\/\/noti-america.com\/site\/ecuador\/\"},{\"@type\":\"ListItem\",\"position\":2,\"name\":\"Nestl\u00e9 Ecuador afianza su compromiso con la educaci\u00f3n\"}]},{\"@type\":\"WebSite\",\"@id\":\"https:\/\/noti-america.com\/site\/ecuador\/#website\",\"url\":\"https:\/\/noti-america.com\/site\/ecuador\/\",\"name\":\"Ecuador | Noti-America.com\",\"description\":\"\",\"publisher\":{\"@id\":\"https:\/\/noti-america.com\/site\/ecuador\/#organization\"},\"potentialAction\":[{\"@type\":\"SearchAction\",\"target\":{\"@type\":\"EntryPoint\",\"urlTemplate\":\"https:\/\/noti-america.com\/site\/ecuador\/?s={search_term_string}\"},\"query-input\":{\"@type\":\"PropertyValueSpecification\",\"valueRequired\":true,\"valueName\":\"search_term_string\"}}],\"inLanguage\":\"es\"},{\"@type\":\"Organization\",\"@id\":\"https:\/\/noti-america.com\/site\/ecuador\/#organization\",\"name\":\"Noti-America LLC | Ecuador\",\"url\":\"https:\/\/noti-america.com\/site\/ecuador\/\",\"logo\":{\"@type\":\"ImageObject\",\"inLanguage\":\"es\",\"@id\":\"https:\/\/noti-america.com\/site\/ecuador\/#\/schema\/logo\/image\/\",\"url\":\"https:\/\/noti-america.com\/site\/ecuador\/wp-content\/uploads\/sites\/18\/2020\/07\/LogoNA-4x3-1.jpg\",\"contentUrl\":\"https:\/\/noti-america.com\/site\/ecuador\/wp-content\/uploads\/sites\/18\/2020\/07\/LogoNA-4x3-1.jpg\",\"width\":1236,\"height\":1080,\"caption\":\"Noti-America LLC | Ecuador\"},\"image\":{\"@id\":\"https:\/\/noti-america.com\/site\/ecuador\/#\/schema\/logo\/image\/\"},\"sameAs\":[\"https:\/\/x.com\/notiamerica\"]},{\"@type\":\"Person\",\"@id\":\"https:\/\/noti-america.com\/site\/ecuador\/#\/schema\/person\/00042412cfa9ecf98077f847ffadda4a\",\"name\":\"Henry Garrido\",\"image\":{\"@type\":\"ImageObject\",\"inLanguage\":\"es\",\"@id\":\"https:\/\/secure.gravatar.com\/avatar\/749ae5a1e6f22cf042f04b9f3f0a22732ae36970ccfd5c54a0a2ac3c4e1166ed?s=96&d=mm&r=g\",\"url\":\"https:\/\/secure.gravatar.com\/avatar\/749ae5a1e6f22cf042f04b9f3f0a22732ae36970ccfd5c54a0a2ac3c4e1166ed?s=96&d=mm&r=g\",\"contentUrl\":\"https:\/\/secure.gravatar.com\/avatar\/749ae5a1e6f22cf042f04b9f3f0a22732ae36970ccfd5c54a0a2ac3c4e1166ed?s=96&d=mm&r=g\",\"caption\":\"Henry Garrido\"},\"url\":\"https:\/\/noti-america.com\/site\/ecuador\/author\/hgarrido\/\"}]}<\/script>\n<!-- \/ Yoast SEO Premium plugin. -->","yoast_head_json":{"title":"Nestl\u00e9 Ecuador afianza su compromiso con la educaci\u00f3n - Ecuador | Noti-America.com","robots":{"index":"index","follow":"follow","max-snippet":"max-snippet:-1","max-image-preview":"max-image-preview:large","max-video-preview":"max-video-preview:-1"},"canonical":"https:\/\/noti-america.com\/site\/ecuador\/2024\/08\/22\/nestle-ecuador\/","og_locale":"es_ES","og_type":"article","og_title":"Nestl\u00e9 Ecuador afianza su compromiso con la educaci\u00f3n","og_description":"REDACCI\u00d3N NOTI-AM\u00c9RICA (ECUADOR). En un evento lleno de diversi\u00f3n y aprendizaje, Nestl\u00e9 Ecuador, lanz\u00f3 este mi\u00e9rcoles 21 de agosto, su programa educativo, \u00abNescuelita\u00bb, un espacio \u00fanico y gratuito de ense\u00f1anza, dise\u00f1ado para promover h\u00e1bitos&#46;&#46;&#46;","og_url":"https:\/\/noti-america.com\/site\/ecuador\/2024\/08\/22\/nestle-ecuador\/","og_site_name":"Ecuador | Noti-America.com","article_published_time":"2024-08-22T04:01:51+00:00","article_modified_time":"2024-08-22T04:42:14+00:00","og_image":[{"width":720,"height":521,"url":"https:\/\/noti-america.com\/site\/ecuador\/wp-content\/uploads\/sites\/18\/2024\/08\/IMG_20240821_232924.jpg","type":"image\/jpeg"}],"author":"Henry Garrido","twitter_card":"summary_large_image","twitter_creator":"@notiamerica","twitter_site":"@notiamerica","twitter_misc":{"Escrito por":"Henry Garrido","Tiempo estimado de lectura":"2 minutos"},"schema":{"@context":"https:\/\/schema.org","@graph":[{"@type":"Article","@id":"https:\/\/noti-america.com\/site\/ecuador\/2024\/08\/22\/nestle-ecuador\/#article","isPartOf":{"@id":"https:\/\/noti-america.com\/site\/ecuador\/2024\/08\/22\/nestle-ecuador\/"},"author":{"name":"Henry Garrido","@id":"https:\/\/noti-america.com\/site\/ecuador\/#\/schema\/person\/00042412cfa9ecf98077f847ffadda4a"},"headline":"Nestl\u00e9 Ecuador afianza su compromiso con la educaci\u00f3n","datePublished":"2024-08-22T04:01:51+00:00","dateModified":"2024-08-22T04:42:14+00:00","mainEntityOfPage":{"@id":"https:\/\/noti-america.com\/site\/ecuador\/2024\/08\/22\/nestle-ecuador\/"},"wordCount":275,"commentCount":0,"publisher":{"@id":"https:\/\/noti-america.com\/site\/ecuador\/#organization"},"image":{"@id":"https:\/\/noti-america.com\/site\/ecuador\/2024\/08\/22\/nestle-ecuador\/#primaryimage"},"thumbnailUrl":"https:\/\/noti-america.com\/site\/ecuador\/wp-content\/uploads\/sites\/18\/2024\/08\/IMG_20240821_232924.jpg","articleSection":["Responsabilidad Social Empresarial"],"inLanguage":"es","potentialAction":[{"@type":"CommentAction","name":"Comment","target":["https:\/\/noti-america.com\/site\/ecuador\/2024\/08\/22\/nestle-ecuador\/#respond"]}]},{"@type":"WebPage","@id":"https:\/\/noti-america.com\/site\/ecuador\/2024\/08\/22\/nestle-ecuador\/","url":"https:\/\/noti-america.com\/site\/ecuador\/2024\/08\/22\/nestle-ecuador\/","name":"Nestl\u00e9 Ecuador afianza su compromiso con la educaci\u00f3n - Ecuador | Noti-America.com","isPartOf":{"@id":"https:\/\/noti-america.com\/site\/ecuador\/#website"},"primaryImageOfPage":{"@id":"https:\/\/noti-america.com\/site\/ecuador\/2024\/08\/22\/nestle-ecuador\/#primaryimage"},"image":{"@id":"https:\/\/noti-america.com\/site\/ecuador\/2024\/08\/22\/nestle-ecuador\/#primaryimage"},"thumbnailUrl":"https:\/\/noti-america.com\/site\/ecuador\/wp-content\/uploads\/sites\/18\/2024\/08\/IMG_20240821_232924.jpg","datePublished":"2024-08-22T04:01:51+00:00","dateModified":"2024-08-22T04:42:14+00:00","breadcrumb":{"@id":"https:\/\/noti-america.com\/site\/ecuador\/2024\/08\/22\/nestle-ecuador\/#breadcrumb"},"inLanguage":"es","potentialAction":[{"@type":"ReadAction","target":["https:\/\/noti-america.com\/site\/ecuador\/2024\/08\/22\/nestle-ecuador\/"]}]},{"@type":"ImageObject","inLanguage":"es","@id":"https:\/\/noti-america.com\/site\/ecuador\/2024\/08\/22\/nestle-ecuador\/#primaryimage","url":"https:\/\/noti-america.com\/site\/ecuador\/wp-content\/uploads\/sites\/18\/2024\/08\/IMG_20240821_232924.jpg","contentUrl":"https:\/\/noti-america.com\/site\/ecuador\/wp-content\/uploads\/sites\/18\/2024\/08\/IMG_20240821_232924.jpg","width":720,"height":521},{"@type":"BreadcrumbList","@id":"https:\/\/noti-america.com\/site\/ecuador\/2024\/08\/22\/nestle-ecuador\/#breadcrumb","itemListElement":[{"@type":"ListItem","position":1,"name":"Portada","item":"https:\/\/noti-america.com\/site\/ecuador\/"},{"@type":"ListItem","position":2,"name":"Nestl\u00e9 Ecuador afianza su compromiso con la educaci\u00f3n"}]},{"@type":"WebSite","@id":"https:\/\/noti-america.com\/site\/ecuador\/#website","url":"https:\/\/noti-america.com\/site\/ecuador\/","name":"Ecuador | Noti-America.com","description":"","publisher":{"@id":"https:\/\/noti-america.com\/site\/ecuador\/#organization"},"potentialAction":[{"@type":"SearchAction","target":{"@type":"EntryPoint","urlTemplate":"https:\/\/noti-america.com\/site\/ecuador\/?s={search_term_string}"},"query-input":{"@type":"PropertyValueSpecification","valueRequired":true,"valueName":"search_term_string"}}],"inLanguage":"es"},{"@type":"Organization","@id":"https:\/\/noti-america.com\/site\/ecuador\/#organization","name":"Noti-America LLC | Ecuador","url":"https:\/\/noti-america.com\/site\/ecuador\/","logo":{"@type":"ImageObject","inLanguage":"es","@id":"https:\/\/noti-america.com\/site\/ecuador\/#\/schema\/logo\/image\/","url":"https:\/\/noti-america.com\/site\/ecuador\/wp-content\/uploads\/sites\/18\/2020\/07\/LogoNA-4x3-1.jpg","contentUrl":"https:\/\/noti-america.com\/site\/ecuador\/wp-content\/uploads\/sites\/18\/2020\/07\/LogoNA-4x3-1.jpg","width":1236,"height":1080,"caption":"Noti-America LLC | Ecuador"},"image":{"@id":"https:\/\/noti-america.com\/site\/ecuador\/#\/schema\/logo\/image\/"},"sameAs":["https:\/\/x.com\/notiamerica"]},{"@type":"Person","@id":"https:\/\/noti-america.com\/site\/ecuador\/#\/schema\/person\/00042412cfa9ecf98077f847ffadda4a","name":"Henry Garrido","image":{"@type":"ImageObject","inLanguage":"es","@id":"https:\/\/secure.gravatar.com\/avatar\/749ae5a1e6f22cf042f04b9f3f0a22732ae36970ccfd5c54a0a2ac3c4e1166ed?s=96&d=mm&r=g","url":"https:\/\/secure.gravatar.com\/avatar\/749ae5a1e6f22cf042f04b9f3f0a22732ae36970ccfd5c54a0a2ac3c4e1166ed?s=96&d=mm&r=g","contentUrl":"https:\/\/secure.gravatar.com\/avatar\/749ae5a1e6f22cf042f04b9f3f0a22732ae36970ccfd5c54a0a2ac3c4e1166ed?s=96&d=mm&r=g","caption":"Henry Garrido"},"url":"https:\/\/noti-america.com\/site\/ecuador\/author\/hgarrido\/"}]}},"_links":{"self":[{"href":"https:\/\/noti-america.com\/site\/ecuador\/wp-json\/wp\/v2\/posts\/31688","targetHints":{"allow":["GET"]}}],"collection":[{"href":"https:\/\/noti-america.com\/site\/ecuador\/wp-json\/wp\/v2\/posts"}],"about":[{"href":"https:\/\/noti-america.com\/site\/ecuador\/wp-json\/wp\/v2\/types\/post"}],"author":[{"embeddable":true,"href":"https:\/\/noti-america.com\/site\/ecuador\/wp-json\/wp\/v2\/users\/144"}],"replies":[{"embeddable":true,"href":"https:\/\/noti-america.com\/site\/ecuador\/wp-json\/wp\/v2\/comments?post=31688"}],"version-history":[{"count":5,"href":"https:\/\/noti-america.com\/site\/ecuador\/wp-json\/wp\/v2\/posts\/31688\/revisions"}],"predecessor-version":[{"id":31700,"href":"https:\/\/noti-america.com\/site\/ecuador\/wp-json\/wp\/v2\/posts\/31688\/revisions\/31700"}],"wp:featuredmedia":[{"embeddable":true,"href":"https:\/\/noti-america.com\/site\/ecuador\/wp-json\/wp\/v2\/media\/31698"}],"wp:attachment":[{"href":"https:\/\/noti-america.com\/site\/ecuador\/wp-json\/wp\/v2\/media?parent=31688"}],"wp:term":[{"taxonomy":"category","embeddable":true,"href":"https:\/\/noti-america.com\/site\/ecuador\/wp-json\/wp\/v2\/categories?post=31688"},{"taxonomy":"post_tag","embeddable":true,"href":"https:\/\/noti-america.com\/site\/ecuador\/wp-json\/wp\/v2\/tags?post=31688"}],"curies":[{"name":"wp","href":"https:\/\/api.w.org\/{rel}","templated":true}]}}