{"id":3160,"date":"2019-01-24T00:35:18","date_gmt":"2019-01-24T00:35:18","guid":{"rendered":"http:\/\/noti-america.com\/site\/ecuador\/?p=3160"},"modified":"2019-01-24T00:35:18","modified_gmt":"2019-01-24T00:35:18","slug":"mas-de-141-mil-personas-se-benefician-de-los-servicios-del-ssc","status":"publish","type":"post","link":"https:\/\/noti-america.com\/site\/ecuador\/2019\/01\/24\/mas-de-141-mil-personas-se-benefician-de-los-servicios-del-ssc\/","title":{"rendered":"M\u00e1s de 141 mil personas se benefician de los servicios del SSC"},"content":{"rendered":"<p>REDACCI\u00d3N NOTI-AM\u00c9RICA (ECUADOR)<\/p>\n<p style=\"text-align: justify\">Cobertura de enfermedad y maternidad; pensi\u00f3n por vejez, invalidez, discapacidad o muerte, auxilios funerales; entre otros, son algunos de los servicios con los que cuenta el afiliado y jubilado cotizante del Seguro Social Campesino (SSC) en Guayas.<\/p>\n<p>La poblaci\u00f3n beneficiada es de 141.654; actualmente, las estad\u00edsticas muestran que existen 45.438 jefes de familia afiliados, 2.281 jubilados cotizantes, 3.008 jubilados pensionistas y 90.927 dependientes del grupo familiar que tienen acceso a atenci\u00f3n integral de salud.<\/p>\n<p>Guayas, es la segunda provincia con mayor poblaci\u00f3n que labora en el campo y realiza pesca artesanal; por esta raz\u00f3n el Instituto Ecuatoriano de Seguridad Social (IESS) tiene 42 dispensarios m\u00e9dicos; ubicados en diversas parroquias de los cantones: Salitre, Balzar, El Empalme, San Jacinto de Yaguachi, Pedro Carbo, Naranjal, Guayaquil, Santa Lucia, Alfredo Baquerizo Moreno (Jujan), Naranjito, Crnel. Marcelino Maridue\u00f1a, Milagro, Daule, Sim\u00f3n Bol\u00edvar y El Triunfo.<\/p>\n<p>Los dispensarios se enfocan en la prevenci\u00f3n de enfermedades de su comunidad; por ello, su cartera de servicio ofrece: Medicina General, Odontolog\u00eda, Farmacia, Enfermer\u00eda e incluso M\u00e9dico a Domicilio para las personas con movilidad reducida, tercera edad o discapacidad; y, en algunas ocasiones, realiza brigadas m\u00e9dicas para dar seguimiento a mujeres durante su etapa de embarazo y postparto.<\/p>\n<p>Magali L., jefe de familia, afiliada al SSC, se encuentra agradecida por la atenci\u00f3n que recibi\u00f3 su hija, Mar\u00eda V., de 16 a\u00f1os en el Dispensario Nueva Uni\u00f3n Campesina, ubicado en Naranjal, \u201cLlev\u00e9 a mi hija porque le dol\u00eda mucho el pecho, presentaba fatigas constantes y ten\u00eda dificultad para respirar, pero gracias al doctor del dispensario que la evalu\u00f3, se pudo diagnosticar que ten\u00eda Neumon\u00eda e inmediatamente le dieron la referencia al Hospital del IESS Los Ceibos en Guayaquil, donde fue internada y nunca le falt\u00f3 ni un solo medicamento\u201d, expres\u00f3.<\/p>\n<p>Todos los pescadores artesanales, agricultores y ganaderos, que habitan y trabajan en el sector rural; y que no est\u00e1n registrados en el seguro general, pueden afiliarse al Seguro Social Campesino del IESS.<\/p>\n","protected":false},"excerpt":{"rendered":"<p>REDACCI\u00d3N NOTI-AM\u00c9RICA (ECUADOR) Cobertura de enfermedad y maternidad; pensi\u00f3n por vejez, invalidez, discapacidad o muerte, auxilios funerales; entre otros, son algunos de los servicios con los que cuenta el afiliado y jubilado cotizante del&#46;&#46;&#46;<\/p>\n","protected":false},"author":17,"featured_media":3161,"comment_status":"open","ping_status":"open","sticky":false,"template":"","format":"standard","meta":{"_acf_changed":false,"om_disable_all_campaigns":false,"rop_custom_images_group":[],"rop_custom_messages_group":[],"rop_publish_now":"initial","rop_publish_now_accounts":{"twitter_242054905_242054905":""},"rop_publish_now_history":[],"rop_publish_now_status":"pending","_uf_show_specific_survey":0,"_uf_disable_surveys":false,"footnotes":""},"categories":[35],"tags":[],"class_list":["post-3160","post","type-post","status-publish","format-standard","has-post-thumbnail","hentry","category-salud"],"acf":[],"aioseo_notices":[],"yoast_head":"<!-- This site is optimized with the Yoast SEO Premium plugin v24.9 (Yoast SEO v27.2) - https:\/\/yoast.com\/product\/yoast-seo-premium-wordpress\/ -->\n<title>M\u00e1s de 141 mil personas se benefician de los servicios del SSC - Ecuador | Noti-America.com<\/title>\n<meta name=\"robots\" content=\"index, follow, max-snippet:-1, max-image-preview:large, max-video-preview:-1\" \/>\n<link rel=\"canonical\" href=\"https:\/\/noti-america.com\/site\/ecuador\/2019\/01\/24\/mas-de-141-mil-personas-se-benefician-de-los-servicios-del-ssc\/\" \/>\n<meta property=\"og:locale\" content=\"es_ES\" \/>\n<meta property=\"og:type\" content=\"article\" \/>\n<meta property=\"og:title\" content=\"M\u00e1s de 141 mil personas se benefician de los servicios del SSC\" \/>\n<meta property=\"og:description\" content=\"REDACCI\u00d3N NOTI-AM\u00c9RICA (ECUADOR) Cobertura de enfermedad y maternidad; pensi\u00f3n por vejez, invalidez, discapacidad o muerte, auxilios funerales; entre otros, son algunos de los servicios con los que cuenta el afiliado y jubilado cotizante del&#046;&#046;&#046;\" \/>\n<meta property=\"og:url\" content=\"https:\/\/noti-america.com\/site\/ecuador\/2019\/01\/24\/mas-de-141-mil-personas-se-benefician-de-los-servicios-del-ssc\/\" \/>\n<meta property=\"og:site_name\" content=\"Ecuador | Noti-America.com\" \/>\n<meta property=\"article:published_time\" content=\"2019-01-24T00:35:18+00:00\" \/>\n<meta property=\"og:image\" content=\"https:\/\/noti-america.com\/site\/ecuador\/wp-content\/uploads\/sites\/18\/2019\/01\/DOCTOR-DEL-IESS-ATIEDE-A-NI\u00d1A.jpg\" \/>\n\t<meta property=\"og:image:width\" content=\"724\" \/>\n\t<meta property=\"og:image:height\" content=\"1224\" \/>\n\t<meta property=\"og:image:type\" content=\"image\/jpeg\" \/>\n<meta name=\"author\" content=\"Gregory Quintana Montiel\" \/>\n<meta name=\"twitter:card\" content=\"summary_large_image\" \/>\n<meta name=\"twitter:creator\" content=\"@gdgregori1\" \/>\n<meta name=\"twitter:site\" content=\"@notiamerica\" \/>\n<meta name=\"twitter:label1\" content=\"Escrito por\" \/>\n\t<meta name=\"twitter:data1\" content=\"Gregory Quintana Montiel\" \/>\n\t<meta name=\"twitter:label2\" content=\"Tiempo estimado de lectura\" \/>\n\t<meta name=\"twitter:data2\" content=\"2 minutos\" \/>\n<script type=\"application\/ld+json\" class=\"yoast-schema-graph\">{\"@context\":\"https:\/\/schema.org\",\"@graph\":[{\"@type\":\"Article\",\"@id\":\"https:\/\/noti-america.com\/site\/ecuador\/2019\/01\/24\/mas-de-141-mil-personas-se-benefician-de-los-servicios-del-ssc\/#article\",\"isPartOf\":{\"@id\":\"https:\/\/noti-america.com\/site\/ecuador\/2019\/01\/24\/mas-de-141-mil-personas-se-benefician-de-los-servicios-del-ssc\/\"},\"author\":{\"name\":\"Gregory Quintana Montiel\",\"@id\":\"https:\/\/noti-america.com\/site\/ecuador\/#\/schema\/person\/3b975e42f15abfe64bfe3abdd916efda\"},\"headline\":\"M\u00e1s de 141 mil personas se benefician de los servicios del SSC\",\"datePublished\":\"2019-01-24T00:35:18+00:00\",\"mainEntityOfPage\":{\"@id\":\"https:\/\/noti-america.com\/site\/ecuador\/2019\/01\/24\/mas-de-141-mil-personas-se-benefician-de-los-servicios-del-ssc\/\"},\"wordCount\":356,\"commentCount\":0,\"publisher\":{\"@id\":\"https:\/\/noti-america.com\/site\/ecuador\/#organization\"},\"image\":{\"@id\":\"https:\/\/noti-america.com\/site\/ecuador\/2019\/01\/24\/mas-de-141-mil-personas-se-benefician-de-los-servicios-del-ssc\/#primaryimage\"},\"thumbnailUrl\":\"https:\/\/noti-america.com\/site\/ecuador\/wp-content\/uploads\/sites\/18\/2019\/01\/DOCTOR-DEL-IESS-ATIEDE-A-NI\u00d1A.jpg\",\"articleSection\":[\"Salud\"],\"inLanguage\":\"es\",\"potentialAction\":[{\"@type\":\"CommentAction\",\"name\":\"Comment\",\"target\":[\"https:\/\/noti-america.com\/site\/ecuador\/2019\/01\/24\/mas-de-141-mil-personas-se-benefician-de-los-servicios-del-ssc\/#respond\"]}]},{\"@type\":\"WebPage\",\"@id\":\"https:\/\/noti-america.com\/site\/ecuador\/2019\/01\/24\/mas-de-141-mil-personas-se-benefician-de-los-servicios-del-ssc\/\",\"url\":\"https:\/\/noti-america.com\/site\/ecuador\/2019\/01\/24\/mas-de-141-mil-personas-se-benefician-de-los-servicios-del-ssc\/\",\"name\":\"M\u00e1s de 141 mil personas se benefician de los servicios del SSC - Ecuador | Noti-America.com\",\"isPartOf\":{\"@id\":\"https:\/\/noti-america.com\/site\/ecuador\/#website\"},\"primaryImageOfPage\":{\"@id\":\"https:\/\/noti-america.com\/site\/ecuador\/2019\/01\/24\/mas-de-141-mil-personas-se-benefician-de-los-servicios-del-ssc\/#primaryimage\"},\"image\":{\"@id\":\"https:\/\/noti-america.com\/site\/ecuador\/2019\/01\/24\/mas-de-141-mil-personas-se-benefician-de-los-servicios-del-ssc\/#primaryimage\"},\"thumbnailUrl\":\"https:\/\/noti-america.com\/site\/ecuador\/wp-content\/uploads\/sites\/18\/2019\/01\/DOCTOR-DEL-IESS-ATIEDE-A-NI\u00d1A.jpg\",\"datePublished\":\"2019-01-24T00:35:18+00:00\",\"breadcrumb\":{\"@id\":\"https:\/\/noti-america.com\/site\/ecuador\/2019\/01\/24\/mas-de-141-mil-personas-se-benefician-de-los-servicios-del-ssc\/#breadcrumb\"},\"inLanguage\":\"es\",\"potentialAction\":[{\"@type\":\"ReadAction\",\"target\":[\"https:\/\/noti-america.com\/site\/ecuador\/2019\/01\/24\/mas-de-141-mil-personas-se-benefician-de-los-servicios-del-ssc\/\"]}]},{\"@type\":\"ImageObject\",\"inLanguage\":\"es\",\"@id\":\"https:\/\/noti-america.com\/site\/ecuador\/2019\/01\/24\/mas-de-141-mil-personas-se-benefician-de-los-servicios-del-ssc\/#primaryimage\",\"url\":\"https:\/\/noti-america.com\/site\/ecuador\/wp-content\/uploads\/sites\/18\/2019\/01\/DOCTOR-DEL-IESS-ATIEDE-A-NI\u00d1A.jpg\",\"contentUrl\":\"https:\/\/noti-america.com\/site\/ecuador\/wp-content\/uploads\/sites\/18\/2019\/01\/DOCTOR-DEL-IESS-ATIEDE-A-NI\u00d1A.jpg\",\"width\":724,\"height\":1224,\"caption\":\"La poblaci\u00f3n beneficiada es de 141.654; actualmente, las estad\u00edsticas muestran que existen 45.438 jefes de familia afiliados, 2.281 jubilados cotizantes, 3.008 jubilados pensionistas y 90.927\"},{\"@type\":\"BreadcrumbList\",\"@id\":\"https:\/\/noti-america.com\/site\/ecuador\/2019\/01\/24\/mas-de-141-mil-personas-se-benefician-de-los-servicios-del-ssc\/#breadcrumb\",\"itemListElement\":[{\"@type\":\"ListItem\",\"position\":1,\"name\":\"Portada\",\"item\":\"https:\/\/noti-america.com\/site\/ecuador\/\"},{\"@type\":\"ListItem\",\"position\":2,\"name\":\"M\u00e1s de 141 mil personas se benefician de los servicios del SSC\"}]},{\"@type\":\"WebSite\",\"@id\":\"https:\/\/noti-america.com\/site\/ecuador\/#website\",\"url\":\"https:\/\/noti-america.com\/site\/ecuador\/\",\"name\":\"Ecuador | Noti-America.com\",\"description\":\"\",\"publisher\":{\"@id\":\"https:\/\/noti-america.com\/site\/ecuador\/#organization\"},\"potentialAction\":[{\"@type\":\"SearchAction\",\"target\":{\"@type\":\"EntryPoint\",\"urlTemplate\":\"https:\/\/noti-america.com\/site\/ecuador\/?s={search_term_string}\"},\"query-input\":{\"@type\":\"PropertyValueSpecification\",\"valueRequired\":true,\"valueName\":\"search_term_string\"}}],\"inLanguage\":\"es\"},{\"@type\":\"Organization\",\"@id\":\"https:\/\/noti-america.com\/site\/ecuador\/#organization\",\"name\":\"Noti-America LLC | Ecuador\",\"url\":\"https:\/\/noti-america.com\/site\/ecuador\/\",\"logo\":{\"@type\":\"ImageObject\",\"inLanguage\":\"es\",\"@id\":\"https:\/\/noti-america.com\/site\/ecuador\/#\/schema\/logo\/image\/\",\"url\":\"https:\/\/noti-america.com\/site\/ecuador\/wp-content\/uploads\/sites\/18\/2020\/07\/LogoNA-4x3-1.jpg\",\"contentUrl\":\"https:\/\/noti-america.com\/site\/ecuador\/wp-content\/uploads\/sites\/18\/2020\/07\/LogoNA-4x3-1.jpg\",\"width\":1236,\"height\":1080,\"caption\":\"Noti-America LLC | Ecuador\"},\"image\":{\"@id\":\"https:\/\/noti-america.com\/site\/ecuador\/#\/schema\/logo\/image\/\"},\"sameAs\":[\"https:\/\/x.com\/notiamerica\"]},{\"@type\":\"Person\",\"@id\":\"https:\/\/noti-america.com\/site\/ecuador\/#\/schema\/person\/3b975e42f15abfe64bfe3abdd916efda\",\"name\":\"Gregory Quintana Montiel\",\"image\":{\"@type\":\"ImageObject\",\"inLanguage\":\"es\",\"@id\":\"https:\/\/secure.gravatar.com\/avatar\/2d6b802f7720c2ec7744dcbe608cc2f3417aeb964d58b443c6d612b77531de1d?s=96&d=mm&r=g\",\"url\":\"https:\/\/secure.gravatar.com\/avatar\/2d6b802f7720c2ec7744dcbe608cc2f3417aeb964d58b443c6d612b77531de1d?s=96&d=mm&r=g\",\"contentUrl\":\"https:\/\/secure.gravatar.com\/avatar\/2d6b802f7720c2ec7744dcbe608cc2f3417aeb964d58b443c6d612b77531de1d?s=96&d=mm&r=g\",\"caption\":\"Gregory Quintana Montiel\"},\"description\":\"Licenciatura en Ciencias de la Comunicaci\u00f3n Social, egresado en la Especializaci\u00f3n Derecho Ambiental Desarrollo Sostenible y Sustentable, Miembro de la Comunidad de profesionales y experto para Latinoam\u00e9rica y el Caribe en Gesti\u00f3n por Resultado en el Desarrollo (COPLAC - GpRD) del Banco Interamericano de Desarrollo, experiencia en medios radiales y escritos.\",\"sameAs\":[\"https:\/\/x.com\/gdgregori1\",\"gquintana\"],\"url\":\"https:\/\/noti-america.com\/site\/ecuador\/author\/gquintana\/\"}]}<\/script>\n<!-- \/ Yoast SEO Premium plugin. -->","yoast_head_json":{"title":"M\u00e1s de 141 mil personas se benefician de los servicios del SSC - Ecuador | Noti-America.com","robots":{"index":"index","follow":"follow","max-snippet":"max-snippet:-1","max-image-preview":"max-image-preview:large","max-video-preview":"max-video-preview:-1"},"canonical":"https:\/\/noti-america.com\/site\/ecuador\/2019\/01\/24\/mas-de-141-mil-personas-se-benefician-de-los-servicios-del-ssc\/","og_locale":"es_ES","og_type":"article","og_title":"M\u00e1s de 141 mil personas se benefician de los servicios del SSC","og_description":"REDACCI\u00d3N NOTI-AM\u00c9RICA (ECUADOR) Cobertura de enfermedad y maternidad; pensi\u00f3n por vejez, invalidez, discapacidad o muerte, auxilios funerales; entre otros, son algunos de los servicios con los que cuenta el afiliado y jubilado cotizante del&#46;&#46;&#46;","og_url":"https:\/\/noti-america.com\/site\/ecuador\/2019\/01\/24\/mas-de-141-mil-personas-se-benefician-de-los-servicios-del-ssc\/","og_site_name":"Ecuador | Noti-America.com","article_published_time":"2019-01-24T00:35:18+00:00","og_image":[{"width":724,"height":1224,"url":"https:\/\/noti-america.com\/site\/ecuador\/wp-content\/uploads\/sites\/18\/2019\/01\/DOCTOR-DEL-IESS-ATIEDE-A-NI\u00d1A.jpg","type":"image\/jpeg"}],"author":"Gregory Quintana Montiel","twitter_card":"summary_large_image","twitter_creator":"@gdgregori1","twitter_site":"@notiamerica","twitter_misc":{"Escrito por":"Gregory Quintana Montiel","Tiempo estimado de lectura":"2 minutos"},"schema":{"@context":"https:\/\/schema.org","@graph":[{"@type":"Article","@id":"https:\/\/noti-america.com\/site\/ecuador\/2019\/01\/24\/mas-de-141-mil-personas-se-benefician-de-los-servicios-del-ssc\/#article","isPartOf":{"@id":"https:\/\/noti-america.com\/site\/ecuador\/2019\/01\/24\/mas-de-141-mil-personas-se-benefician-de-los-servicios-del-ssc\/"},"author":{"name":"Gregory Quintana Montiel","@id":"https:\/\/noti-america.com\/site\/ecuador\/#\/schema\/person\/3b975e42f15abfe64bfe3abdd916efda"},"headline":"M\u00e1s de 141 mil personas se benefician de los servicios del SSC","datePublished":"2019-01-24T00:35:18+00:00","mainEntityOfPage":{"@id":"https:\/\/noti-america.com\/site\/ecuador\/2019\/01\/24\/mas-de-141-mil-personas-se-benefician-de-los-servicios-del-ssc\/"},"wordCount":356,"commentCount":0,"publisher":{"@id":"https:\/\/noti-america.com\/site\/ecuador\/#organization"},"image":{"@id":"https:\/\/noti-america.com\/site\/ecuador\/2019\/01\/24\/mas-de-141-mil-personas-se-benefician-de-los-servicios-del-ssc\/#primaryimage"},"thumbnailUrl":"https:\/\/noti-america.com\/site\/ecuador\/wp-content\/uploads\/sites\/18\/2019\/01\/DOCTOR-DEL-IESS-ATIEDE-A-NI\u00d1A.jpg","articleSection":["Salud"],"inLanguage":"es","potentialAction":[{"@type":"CommentAction","name":"Comment","target":["https:\/\/noti-america.com\/site\/ecuador\/2019\/01\/24\/mas-de-141-mil-personas-se-benefician-de-los-servicios-del-ssc\/#respond"]}]},{"@type":"WebPage","@id":"https:\/\/noti-america.com\/site\/ecuador\/2019\/01\/24\/mas-de-141-mil-personas-se-benefician-de-los-servicios-del-ssc\/","url":"https:\/\/noti-america.com\/site\/ecuador\/2019\/01\/24\/mas-de-141-mil-personas-se-benefician-de-los-servicios-del-ssc\/","name":"M\u00e1s de 141 mil personas se benefician de los servicios del SSC - Ecuador | Noti-America.com","isPartOf":{"@id":"https:\/\/noti-america.com\/site\/ecuador\/#website"},"primaryImageOfPage":{"@id":"https:\/\/noti-america.com\/site\/ecuador\/2019\/01\/24\/mas-de-141-mil-personas-se-benefician-de-los-servicios-del-ssc\/#primaryimage"},"image":{"@id":"https:\/\/noti-america.com\/site\/ecuador\/2019\/01\/24\/mas-de-141-mil-personas-se-benefician-de-los-servicios-del-ssc\/#primaryimage"},"thumbnailUrl":"https:\/\/noti-america.com\/site\/ecuador\/wp-content\/uploads\/sites\/18\/2019\/01\/DOCTOR-DEL-IESS-ATIEDE-A-NI\u00d1A.jpg","datePublished":"2019-01-24T00:35:18+00:00","breadcrumb":{"@id":"https:\/\/noti-america.com\/site\/ecuador\/2019\/01\/24\/mas-de-141-mil-personas-se-benefician-de-los-servicios-del-ssc\/#breadcrumb"},"inLanguage":"es","potentialAction":[{"@type":"ReadAction","target":["https:\/\/noti-america.com\/site\/ecuador\/2019\/01\/24\/mas-de-141-mil-personas-se-benefician-de-los-servicios-del-ssc\/"]}]},{"@type":"ImageObject","inLanguage":"es","@id":"https:\/\/noti-america.com\/site\/ecuador\/2019\/01\/24\/mas-de-141-mil-personas-se-benefician-de-los-servicios-del-ssc\/#primaryimage","url":"https:\/\/noti-america.com\/site\/ecuador\/wp-content\/uploads\/sites\/18\/2019\/01\/DOCTOR-DEL-IESS-ATIEDE-A-NI\u00d1A.jpg","contentUrl":"https:\/\/noti-america.com\/site\/ecuador\/wp-content\/uploads\/sites\/18\/2019\/01\/DOCTOR-DEL-IESS-ATIEDE-A-NI\u00d1A.jpg","width":724,"height":1224,"caption":"La poblaci\u00f3n beneficiada es de 141.654; actualmente, las estad\u00edsticas muestran que existen 45.438 jefes de familia afiliados, 2.281 jubilados cotizantes, 3.008 jubilados pensionistas y 90.927"},{"@type":"BreadcrumbList","@id":"https:\/\/noti-america.com\/site\/ecuador\/2019\/01\/24\/mas-de-141-mil-personas-se-benefician-de-los-servicios-del-ssc\/#breadcrumb","itemListElement":[{"@type":"ListItem","position":1,"name":"Portada","item":"https:\/\/noti-america.com\/site\/ecuador\/"},{"@type":"ListItem","position":2,"name":"M\u00e1s de 141 mil personas se benefician de los servicios del SSC"}]},{"@type":"WebSite","@id":"https:\/\/noti-america.com\/site\/ecuador\/#website","url":"https:\/\/noti-america.com\/site\/ecuador\/","name":"Ecuador | Noti-America.com","description":"","publisher":{"@id":"https:\/\/noti-america.com\/site\/ecuador\/#organization"},"potentialAction":[{"@type":"SearchAction","target":{"@type":"EntryPoint","urlTemplate":"https:\/\/noti-america.com\/site\/ecuador\/?s={search_term_string}"},"query-input":{"@type":"PropertyValueSpecification","valueRequired":true,"valueName":"search_term_string"}}],"inLanguage":"es"},{"@type":"Organization","@id":"https:\/\/noti-america.com\/site\/ecuador\/#organization","name":"Noti-America LLC | Ecuador","url":"https:\/\/noti-america.com\/site\/ecuador\/","logo":{"@type":"ImageObject","inLanguage":"es","@id":"https:\/\/noti-america.com\/site\/ecuador\/#\/schema\/logo\/image\/","url":"https:\/\/noti-america.com\/site\/ecuador\/wp-content\/uploads\/sites\/18\/2020\/07\/LogoNA-4x3-1.jpg","contentUrl":"https:\/\/noti-america.com\/site\/ecuador\/wp-content\/uploads\/sites\/18\/2020\/07\/LogoNA-4x3-1.jpg","width":1236,"height":1080,"caption":"Noti-America LLC | Ecuador"},"image":{"@id":"https:\/\/noti-america.com\/site\/ecuador\/#\/schema\/logo\/image\/"},"sameAs":["https:\/\/x.com\/notiamerica"]},{"@type":"Person","@id":"https:\/\/noti-america.com\/site\/ecuador\/#\/schema\/person\/3b975e42f15abfe64bfe3abdd916efda","name":"Gregory Quintana Montiel","image":{"@type":"ImageObject","inLanguage":"es","@id":"https:\/\/secure.gravatar.com\/avatar\/2d6b802f7720c2ec7744dcbe608cc2f3417aeb964d58b443c6d612b77531de1d?s=96&d=mm&r=g","url":"https:\/\/secure.gravatar.com\/avatar\/2d6b802f7720c2ec7744dcbe608cc2f3417aeb964d58b443c6d612b77531de1d?s=96&d=mm&r=g","contentUrl":"https:\/\/secure.gravatar.com\/avatar\/2d6b802f7720c2ec7744dcbe608cc2f3417aeb964d58b443c6d612b77531de1d?s=96&d=mm&r=g","caption":"Gregory Quintana Montiel"},"description":"Licenciatura en Ciencias de la Comunicaci\u00f3n Social, egresado en la Especializaci\u00f3n Derecho Ambiental Desarrollo Sostenible y Sustentable, Miembro de la Comunidad de profesionales y experto para Latinoam\u00e9rica y el Caribe en Gesti\u00f3n por Resultado en el Desarrollo (COPLAC - GpRD) del Banco Interamericano de Desarrollo, experiencia en medios radiales y escritos.","sameAs":["https:\/\/x.com\/gdgregori1","gquintana"],"url":"https:\/\/noti-america.com\/site\/ecuador\/author\/gquintana\/"}]}},"_links":{"self":[{"href":"https:\/\/noti-america.com\/site\/ecuador\/wp-json\/wp\/v2\/posts\/3160","targetHints":{"allow":["GET"]}}],"collection":[{"href":"https:\/\/noti-america.com\/site\/ecuador\/wp-json\/wp\/v2\/posts"}],"about":[{"href":"https:\/\/noti-america.com\/site\/ecuador\/wp-json\/wp\/v2\/types\/post"}],"author":[{"embeddable":true,"href":"https:\/\/noti-america.com\/site\/ecuador\/wp-json\/wp\/v2\/users\/17"}],"replies":[{"embeddable":true,"href":"https:\/\/noti-america.com\/site\/ecuador\/wp-json\/wp\/v2\/comments?post=3160"}],"version-history":[{"count":1,"href":"https:\/\/noti-america.com\/site\/ecuador\/wp-json\/wp\/v2\/posts\/3160\/revisions"}],"predecessor-version":[{"id":3162,"href":"https:\/\/noti-america.com\/site\/ecuador\/wp-json\/wp\/v2\/posts\/3160\/revisions\/3162"}],"wp:featuredmedia":[{"embeddable":true,"href":"https:\/\/noti-america.com\/site\/ecuador\/wp-json\/wp\/v2\/media\/3161"}],"wp:attachment":[{"href":"https:\/\/noti-america.com\/site\/ecuador\/wp-json\/wp\/v2\/media?parent=3160"}],"wp:term":[{"taxonomy":"category","embeddable":true,"href":"https:\/\/noti-america.com\/site\/ecuador\/wp-json\/wp\/v2\/categories?post=3160"},{"taxonomy":"post_tag","embeddable":true,"href":"https:\/\/noti-america.com\/site\/ecuador\/wp-json\/wp\/v2\/tags?post=3160"}],"curies":[{"name":"wp","href":"https:\/\/api.w.org\/{rel}","templated":true}]}}