{"id":31522,"date":"2024-08-14T02:21:52","date_gmt":"2024-08-14T02:21:52","guid":{"rendered":"https:\/\/noti-america.com\/site\/ecuador\/?p=31522"},"modified":"2024-08-14T02:21:52","modified_gmt":"2024-08-14T02:21:52","slug":"bloque-de-seguridad-confirma-disminucion-del-18-de-violencia-a-nivel-nacional","status":"publish","type":"post","link":"https:\/\/noti-america.com\/site\/ecuador\/2024\/08\/14\/bloque-de-seguridad-confirma-disminucion-del-18-de-violencia-a-nivel-nacional\/","title":{"rendered":"Bloque de Seguridad confirma disminuci\u00f3n del 18 % de violencia a nivel nacional"},"content":{"rendered":"<p><span style=\"color: #000000\"><strong>REDACCI\u00d3N NOTI-AM\u00c9RICA (ECUADOR)<\/strong><\/span><\/p>\n<div id=\"attachment_31527\" style=\"width: 310px\" class=\"wp-caption alignleft\"><img loading=\"lazy\" decoding=\"async\" aria-describedby=\"caption-attachment-31527\" class=\"wp-image-31527 size-medium\" src=\"https:\/\/noti-america.com\/site\/ecuador\/wp-content\/uploads\/sites\/18\/2024\/08\/Bloque-de-seguridad-300x147.jpg\" alt=\"\" width=\"300\" height=\"147\" srcset=\"https:\/\/noti-america.com\/site\/ecuador\/wp-content\/uploads\/sites\/18\/2024\/08\/Bloque-de-seguridad-300x147.jpg 300w, https:\/\/noti-america.com\/site\/ecuador\/wp-content\/uploads\/sites\/18\/2024\/08\/Bloque-de-seguridad-768x377.jpg 768w, https:\/\/noti-america.com\/site\/ecuador\/wp-content\/uploads\/sites\/18\/2024\/08\/Bloque-de-seguridad.jpg 1024w\" sizes=\"auto, (max-width: 300px) 100vw, 300px\" \/><p id=\"caption-attachment-31527\" class=\"wp-caption-text\">Bloque de seguridad<\/p><\/div>\n<p style=\"text-align: justify\">Las acciones coordinadas del Bloque de Seguridad lograron una reducci\u00f3n de 804 homicidios intencionales en lo que va del 2024, en comparaci\u00f3n con el mismo periodo del a\u00f1o anterior. Este resultado fue confirmado por las autoridades del ramo este lunes 12 de agosto de 2024 durante una rueda de prensa realizada en la Unidad de Vigilancia Comunitaria (UVC) del cant\u00f3n Dur\u00e1n.<\/p>\n<p style=\"text-align: justify\">Durante su intervenci\u00f3n, Lyonel Calder\u00f3n, viceministro de Seguridad Ciudadana del Ministerio del Interior, se\u00f1al\u00f3 que\u00a0<em>\u201cal comparar el per\u00edodo del 1 de enero al 11 de agosto de 2024 con el a\u00f1o anterior, existe una reducci\u00f3n del 18 % en los niveles de violencia\u201d<\/em>, a escala nacional. Asimismo, indic\u00f3 que nueve de cada 10 eventos de este tipo est\u00e1n vinculados a la violencia criminal.<\/p>\n<p style=\"text-align: justify\">La evaluaci\u00f3n de estrategias implementadas es constante pues permiten reflejar el arduo trabajo y la eficiencia de estas. Por ejemplo, se\u00f1al\u00f3 el viceministro Calder\u00f3n,\u00a0<em>\u201cdel 1 de enero al 31 de julio de 2024 se han decomisado casi 170 toneladas de sustancias sujetas a fiscalizaci\u00f3n, un 34 % m\u00e1s en relaci\u00f3n con las toneladas decomisadas en 2023\u201d<\/em>. Acot\u00f3 que, se reforzar\u00e1n acciones entre las FF.AA. y la instituci\u00f3n policial para contrarrestar las extorsiones en el Ecuador.<\/p>\n<p style=\"text-align: justify\">De la intervenci\u00f3n en Dur\u00e1n, el ministro de Defensa Nacional, Gian Carlo Loffredo, destac\u00f3 que, junto con la Secretaria T\u00e9cnica del Comit\u00e9 de Prevenci\u00f3n de Asentamientos Humanos Irregulares, se recuperaron\u00a0<em>\u201c146 viviendas que estaban en manos de los delincuentes a sus respectivos due\u00f1os. Adem\u00e1s, destruimos 82 estructuras que presuntamente eran utilizadas como guarida de delincuentes o para mantener a personas secuestradas en ese lugar\u201d<\/em>.<\/p>\n<p style=\"text-align: justify\">Jaime Vela, jefe del Comando Conjunto de las Fuerzas Armadas, acot\u00f3 que los operativos estrat\u00e9gicos en Dur\u00e1n se desarrollan empleando 27 veh\u00edculos t\u00e1cticos por tierra, dos unidades fluviales y dos helic\u00f3pteros, adem\u00e1s de los cientos de uniformados del bloque desplegados en la zona.<\/p>\n<p style=\"text-align: justify\">A escala nacional, se\u00f1al\u00f3 que ya suman 195.000 operaciones militares efectuadas en espacios terrestres, mar\u00edtimos y a\u00e9reos.\u00a0<em>\u201cSe han incrementado los controles de los ejes viales y las operaciones de protecci\u00f3n de fronteras con la Fuerza Terrestre. En el \u00e1mbito mar\u00edtimo, hemos bloqueado contaminaci\u00f3n de buques con sustancias sujetas a fiscalizaci\u00f3n (\u2026). Tenemos patrullajes permanentes en los puertos con el personal de FF.AA.. En control de vigilancia del espacio a\u00e9reo se identifican y se destruyen pistas clandestinas. Tambi\u00e9n se hacen reconocimientos diarios de miner\u00eda ilegal y de seguridad hidrocarbur\u00edfera\u201d<\/em>.<\/p>\n<p style=\"text-align: justify\">Por su parte, el GraD. V\u00edctor Hugo Z\u00e1rate, Comandante General de la Polic\u00eda Nacional inform\u00f3 que, en Manab\u00ed, una provincia priorizada, se registr\u00f3 la disminuci\u00f3n del 10 % en muertes violentas, desde el 01 de enero hasta el 11 de agosto del 2024.\u00a0<em>\u201cEstamos trabajando en territorio y no escatimamos ning\u00fan esfuerzo para devolver la paz y la tranquilidad al territorio ecuatoriano\u201d<\/em>, asever\u00f3 Z\u00e1rate.<\/p>\n<p style=\"text-align: justify\">La autoridad policial dio a conocer que la Polic\u00eda Nacional ha ejecutado m\u00e1s de 494.350 operativos en lo que va del a\u00f1o a nivel nacional, a trav\u00e9s de los cuales tambi\u00e9n se ha logrado capturar a nueve objetivos de alto valor y otros 133 de intermedio valor, afectando a 12 Grupos Armados Organizados (GAO).<\/p>\n<p style=\"text-align: justify\">Adem\u00e1s, en lo que va del a\u00f1o, registran m\u00e1s de 6.778 aprehendidos en la Zona 8 (198 en Dur\u00e1n), 6.720 armas de fuego decomisadas a escala nacional (1.425 Zona 8 \/ 34 Dur\u00e1n) y 9.556 veh\u00edculos recuperados (1.860 Zona 8 \/ 47 Dur\u00e1n).<\/p>\n<p style=\"text-align: justify\">De esta forma se demuestra el compromiso del Bloque de Seguridad por garantizar el bienestar de las familias ecuatorianas. Se exhorta a la ciudadan\u00eda a denunciar cualquier hecho delictivo al 1800 DELITO, a fin de construir juntos un pa\u00eds m\u00e1s seguro.<\/p>\n","protected":false},"excerpt":{"rendered":"<p>REDACCI\u00d3N NOTI-AM\u00c9RICA (ECUADOR) Las acciones coordinadas del Bloque de Seguridad lograron una reducci\u00f3n de 804 homicidios intencionales en lo que va del 2024, en comparaci\u00f3n con el mismo periodo del a\u00f1o anterior. Este resultado&#46;&#46;&#46;<\/p>\n","protected":false},"author":17,"featured_media":31527,"comment_status":"open","ping_status":"open","sticky":false,"template":"","format":"standard","meta":{"_acf_changed":false,"om_disable_all_campaigns":false,"rop_custom_images_group":[],"rop_custom_messages_group":[],"rop_publish_now":"initial","rop_publish_now_accounts":{"twitter_242054905_242054905":""},"rop_publish_now_history":[],"rop_publish_now_status":"pending","_uf_show_specific_survey":0,"_uf_disable_surveys":false,"footnotes":""},"categories":[109],"tags":[],"class_list":["post-31522","post","type-post","status-publish","format-standard","has-post-thumbnail","hentry","category-seguridad"],"acf":[],"aioseo_notices":[],"yoast_head":"<!-- This site is optimized with the Yoast SEO Premium plugin v24.9 (Yoast SEO v27.2) - https:\/\/yoast.com\/product\/yoast-seo-premium-wordpress\/ -->\n<title>Bloque de Seguridad confirma disminuci\u00f3n del 18 % de violencia a nivel nacional - Ecuador | Noti-America.com<\/title>\n<meta name=\"robots\" content=\"index, follow, max-snippet:-1, max-image-preview:large, max-video-preview:-1\" \/>\n<link rel=\"canonical\" href=\"https:\/\/noti-america.com\/site\/ecuador\/2024\/08\/14\/bloque-de-seguridad-confirma-disminucion-del-18-de-violencia-a-nivel-nacional\/\" \/>\n<meta property=\"og:locale\" content=\"es_ES\" \/>\n<meta property=\"og:type\" content=\"article\" \/>\n<meta property=\"og:title\" content=\"Bloque de Seguridad confirma disminuci\u00f3n del 18 % de violencia a nivel nacional\" \/>\n<meta property=\"og:description\" content=\"REDACCI\u00d3N NOTI-AM\u00c9RICA (ECUADOR) Las acciones coordinadas del Bloque de Seguridad lograron una reducci\u00f3n de 804 homicidios intencionales en lo que va del 2024, en comparaci\u00f3n con el mismo periodo del a\u00f1o anterior. Este resultado&#046;&#046;&#046;\" \/>\n<meta property=\"og:url\" content=\"https:\/\/noti-america.com\/site\/ecuador\/2024\/08\/14\/bloque-de-seguridad-confirma-disminucion-del-18-de-violencia-a-nivel-nacional\/\" \/>\n<meta property=\"og:site_name\" content=\"Ecuador | Noti-America.com\" \/>\n<meta property=\"article:published_time\" content=\"2024-08-14T02:21:52+00:00\" \/>\n<meta property=\"og:image\" content=\"https:\/\/noti-america.com\/site\/ecuador\/wp-content\/uploads\/sites\/18\/2024\/08\/Bloque-de-seguridad.jpg\" \/>\n\t<meta property=\"og:image:width\" content=\"1024\" \/>\n\t<meta property=\"og:image:height\" content=\"503\" \/>\n\t<meta property=\"og:image:type\" content=\"image\/jpeg\" \/>\n<meta name=\"author\" content=\"Gregory Quintana Montiel\" \/>\n<meta name=\"twitter:card\" content=\"summary_large_image\" \/>\n<meta name=\"twitter:creator\" content=\"@gdgregori1\" \/>\n<meta name=\"twitter:site\" content=\"@notiamerica\" \/>\n<meta name=\"twitter:label1\" content=\"Escrito por\" \/>\n\t<meta name=\"twitter:data1\" content=\"Gregory Quintana Montiel\" \/>\n\t<meta name=\"twitter:label2\" content=\"Tiempo estimado de lectura\" \/>\n\t<meta name=\"twitter:data2\" content=\"4 minutos\" \/>\n<script type=\"application\/ld+json\" class=\"yoast-schema-graph\">{\"@context\":\"https:\/\/schema.org\",\"@graph\":[{\"@type\":\"Article\",\"@id\":\"https:\/\/noti-america.com\/site\/ecuador\/2024\/08\/14\/bloque-de-seguridad-confirma-disminucion-del-18-de-violencia-a-nivel-nacional\/#article\",\"isPartOf\":{\"@id\":\"https:\/\/noti-america.com\/site\/ecuador\/2024\/08\/14\/bloque-de-seguridad-confirma-disminucion-del-18-de-violencia-a-nivel-nacional\/\"},\"author\":{\"name\":\"Gregory Quintana Montiel\",\"@id\":\"https:\/\/noti-america.com\/site\/ecuador\/#\/schema\/person\/3b975e42f15abfe64bfe3abdd916efda\"},\"headline\":\"Bloque de Seguridad confirma disminuci\u00f3n del 18 % de violencia a nivel nacional\",\"datePublished\":\"2024-08-14T02:21:52+00:00\",\"mainEntityOfPage\":{\"@id\":\"https:\/\/noti-america.com\/site\/ecuador\/2024\/08\/14\/bloque-de-seguridad-confirma-disminucion-del-18-de-violencia-a-nivel-nacional\/\"},\"wordCount\":648,\"commentCount\":0,\"publisher\":{\"@id\":\"https:\/\/noti-america.com\/site\/ecuador\/#organization\"},\"image\":{\"@id\":\"https:\/\/noti-america.com\/site\/ecuador\/2024\/08\/14\/bloque-de-seguridad-confirma-disminucion-del-18-de-violencia-a-nivel-nacional\/#primaryimage\"},\"thumbnailUrl\":\"https:\/\/noti-america.com\/site\/ecuador\/wp-content\/uploads\/sites\/18\/2024\/08\/Bloque-de-seguridad.jpg\",\"articleSection\":[\"Seguridad\"],\"inLanguage\":\"es\",\"potentialAction\":[{\"@type\":\"CommentAction\",\"name\":\"Comment\",\"target\":[\"https:\/\/noti-america.com\/site\/ecuador\/2024\/08\/14\/bloque-de-seguridad-confirma-disminucion-del-18-de-violencia-a-nivel-nacional\/#respond\"]}]},{\"@type\":\"WebPage\",\"@id\":\"https:\/\/noti-america.com\/site\/ecuador\/2024\/08\/14\/bloque-de-seguridad-confirma-disminucion-del-18-de-violencia-a-nivel-nacional\/\",\"url\":\"https:\/\/noti-america.com\/site\/ecuador\/2024\/08\/14\/bloque-de-seguridad-confirma-disminucion-del-18-de-violencia-a-nivel-nacional\/\",\"name\":\"Bloque de Seguridad confirma disminuci\u00f3n del 18 % de violencia a nivel nacional - Ecuador | Noti-America.com\",\"isPartOf\":{\"@id\":\"https:\/\/noti-america.com\/site\/ecuador\/#website\"},\"primaryImageOfPage\":{\"@id\":\"https:\/\/noti-america.com\/site\/ecuador\/2024\/08\/14\/bloque-de-seguridad-confirma-disminucion-del-18-de-violencia-a-nivel-nacional\/#primaryimage\"},\"image\":{\"@id\":\"https:\/\/noti-america.com\/site\/ecuador\/2024\/08\/14\/bloque-de-seguridad-confirma-disminucion-del-18-de-violencia-a-nivel-nacional\/#primaryimage\"},\"thumbnailUrl\":\"https:\/\/noti-america.com\/site\/ecuador\/wp-content\/uploads\/sites\/18\/2024\/08\/Bloque-de-seguridad.jpg\",\"datePublished\":\"2024-08-14T02:21:52+00:00\",\"breadcrumb\":{\"@id\":\"https:\/\/noti-america.com\/site\/ecuador\/2024\/08\/14\/bloque-de-seguridad-confirma-disminucion-del-18-de-violencia-a-nivel-nacional\/#breadcrumb\"},\"inLanguage\":\"es\",\"potentialAction\":[{\"@type\":\"ReadAction\",\"target\":[\"https:\/\/noti-america.com\/site\/ecuador\/2024\/08\/14\/bloque-de-seguridad-confirma-disminucion-del-18-de-violencia-a-nivel-nacional\/\"]}]},{\"@type\":\"ImageObject\",\"inLanguage\":\"es\",\"@id\":\"https:\/\/noti-america.com\/site\/ecuador\/2024\/08\/14\/bloque-de-seguridad-confirma-disminucion-del-18-de-violencia-a-nivel-nacional\/#primaryimage\",\"url\":\"https:\/\/noti-america.com\/site\/ecuador\/wp-content\/uploads\/sites\/18\/2024\/08\/Bloque-de-seguridad.jpg\",\"contentUrl\":\"https:\/\/noti-america.com\/site\/ecuador\/wp-content\/uploads\/sites\/18\/2024\/08\/Bloque-de-seguridad.jpg\",\"width\":1024,\"height\":503},{\"@type\":\"BreadcrumbList\",\"@id\":\"https:\/\/noti-america.com\/site\/ecuador\/2024\/08\/14\/bloque-de-seguridad-confirma-disminucion-del-18-de-violencia-a-nivel-nacional\/#breadcrumb\",\"itemListElement\":[{\"@type\":\"ListItem\",\"position\":1,\"name\":\"Portada\",\"item\":\"https:\/\/noti-america.com\/site\/ecuador\/\"},{\"@type\":\"ListItem\",\"position\":2,\"name\":\"Bloque de Seguridad confirma disminuci\u00f3n del 18 % de violencia a nivel nacional\"}]},{\"@type\":\"WebSite\",\"@id\":\"https:\/\/noti-america.com\/site\/ecuador\/#website\",\"url\":\"https:\/\/noti-america.com\/site\/ecuador\/\",\"name\":\"Ecuador | Noti-America.com\",\"description\":\"\",\"publisher\":{\"@id\":\"https:\/\/noti-america.com\/site\/ecuador\/#organization\"},\"potentialAction\":[{\"@type\":\"SearchAction\",\"target\":{\"@type\":\"EntryPoint\",\"urlTemplate\":\"https:\/\/noti-america.com\/site\/ecuador\/?s={search_term_string}\"},\"query-input\":{\"@type\":\"PropertyValueSpecification\",\"valueRequired\":true,\"valueName\":\"search_term_string\"}}],\"inLanguage\":\"es\"},{\"@type\":\"Organization\",\"@id\":\"https:\/\/noti-america.com\/site\/ecuador\/#organization\",\"name\":\"Noti-America LLC | Ecuador\",\"url\":\"https:\/\/noti-america.com\/site\/ecuador\/\",\"logo\":{\"@type\":\"ImageObject\",\"inLanguage\":\"es\",\"@id\":\"https:\/\/noti-america.com\/site\/ecuador\/#\/schema\/logo\/image\/\",\"url\":\"https:\/\/noti-america.com\/site\/ecuador\/wp-content\/uploads\/sites\/18\/2020\/07\/LogoNA-4x3-1.jpg\",\"contentUrl\":\"https:\/\/noti-america.com\/site\/ecuador\/wp-content\/uploads\/sites\/18\/2020\/07\/LogoNA-4x3-1.jpg\",\"width\":1236,\"height\":1080,\"caption\":\"Noti-America LLC | Ecuador\"},\"image\":{\"@id\":\"https:\/\/noti-america.com\/site\/ecuador\/#\/schema\/logo\/image\/\"},\"sameAs\":[\"https:\/\/x.com\/notiamerica\"]},{\"@type\":\"Person\",\"@id\":\"https:\/\/noti-america.com\/site\/ecuador\/#\/schema\/person\/3b975e42f15abfe64bfe3abdd916efda\",\"name\":\"Gregory Quintana Montiel\",\"image\":{\"@type\":\"ImageObject\",\"inLanguage\":\"es\",\"@id\":\"https:\/\/secure.gravatar.com\/avatar\/2d6b802f7720c2ec7744dcbe608cc2f3417aeb964d58b443c6d612b77531de1d?s=96&d=mm&r=g\",\"url\":\"https:\/\/secure.gravatar.com\/avatar\/2d6b802f7720c2ec7744dcbe608cc2f3417aeb964d58b443c6d612b77531de1d?s=96&d=mm&r=g\",\"contentUrl\":\"https:\/\/secure.gravatar.com\/avatar\/2d6b802f7720c2ec7744dcbe608cc2f3417aeb964d58b443c6d612b77531de1d?s=96&d=mm&r=g\",\"caption\":\"Gregory Quintana Montiel\"},\"description\":\"Licenciatura en Ciencias de la Comunicaci\u00f3n Social, egresado en la Especializaci\u00f3n Derecho Ambiental Desarrollo Sostenible y Sustentable, Miembro de la Comunidad de profesionales y experto para Latinoam\u00e9rica y el Caribe en Gesti\u00f3n por Resultado en el Desarrollo (COPLAC - GpRD) del Banco Interamericano de Desarrollo, experiencia en medios radiales y escritos.\",\"sameAs\":[\"https:\/\/x.com\/gdgregori1\",\"gquintana\"],\"url\":\"https:\/\/noti-america.com\/site\/ecuador\/author\/gquintana\/\"}]}<\/script>\n<!-- \/ Yoast SEO Premium plugin. -->","yoast_head_json":{"title":"Bloque de Seguridad confirma disminuci\u00f3n del 18 % de violencia a nivel nacional - Ecuador | Noti-America.com","robots":{"index":"index","follow":"follow","max-snippet":"max-snippet:-1","max-image-preview":"max-image-preview:large","max-video-preview":"max-video-preview:-1"},"canonical":"https:\/\/noti-america.com\/site\/ecuador\/2024\/08\/14\/bloque-de-seguridad-confirma-disminucion-del-18-de-violencia-a-nivel-nacional\/","og_locale":"es_ES","og_type":"article","og_title":"Bloque de Seguridad confirma disminuci\u00f3n del 18 % de violencia a nivel nacional","og_description":"REDACCI\u00d3N NOTI-AM\u00c9RICA (ECUADOR) Las acciones coordinadas del Bloque de Seguridad lograron una reducci\u00f3n de 804 homicidios intencionales en lo que va del 2024, en comparaci\u00f3n con el mismo periodo del a\u00f1o anterior. Este resultado&#46;&#46;&#46;","og_url":"https:\/\/noti-america.com\/site\/ecuador\/2024\/08\/14\/bloque-de-seguridad-confirma-disminucion-del-18-de-violencia-a-nivel-nacional\/","og_site_name":"Ecuador | Noti-America.com","article_published_time":"2024-08-14T02:21:52+00:00","og_image":[{"width":1024,"height":503,"url":"https:\/\/noti-america.com\/site\/ecuador\/wp-content\/uploads\/sites\/18\/2024\/08\/Bloque-de-seguridad.jpg","type":"image\/jpeg"}],"author":"Gregory Quintana Montiel","twitter_card":"summary_large_image","twitter_creator":"@gdgregori1","twitter_site":"@notiamerica","twitter_misc":{"Escrito por":"Gregory Quintana Montiel","Tiempo estimado de lectura":"4 minutos"},"schema":{"@context":"https:\/\/schema.org","@graph":[{"@type":"Article","@id":"https:\/\/noti-america.com\/site\/ecuador\/2024\/08\/14\/bloque-de-seguridad-confirma-disminucion-del-18-de-violencia-a-nivel-nacional\/#article","isPartOf":{"@id":"https:\/\/noti-america.com\/site\/ecuador\/2024\/08\/14\/bloque-de-seguridad-confirma-disminucion-del-18-de-violencia-a-nivel-nacional\/"},"author":{"name":"Gregory Quintana Montiel","@id":"https:\/\/noti-america.com\/site\/ecuador\/#\/schema\/person\/3b975e42f15abfe64bfe3abdd916efda"},"headline":"Bloque de Seguridad confirma disminuci\u00f3n del 18 % de violencia a nivel nacional","datePublished":"2024-08-14T02:21:52+00:00","mainEntityOfPage":{"@id":"https:\/\/noti-america.com\/site\/ecuador\/2024\/08\/14\/bloque-de-seguridad-confirma-disminucion-del-18-de-violencia-a-nivel-nacional\/"},"wordCount":648,"commentCount":0,"publisher":{"@id":"https:\/\/noti-america.com\/site\/ecuador\/#organization"},"image":{"@id":"https:\/\/noti-america.com\/site\/ecuador\/2024\/08\/14\/bloque-de-seguridad-confirma-disminucion-del-18-de-violencia-a-nivel-nacional\/#primaryimage"},"thumbnailUrl":"https:\/\/noti-america.com\/site\/ecuador\/wp-content\/uploads\/sites\/18\/2024\/08\/Bloque-de-seguridad.jpg","articleSection":["Seguridad"],"inLanguage":"es","potentialAction":[{"@type":"CommentAction","name":"Comment","target":["https:\/\/noti-america.com\/site\/ecuador\/2024\/08\/14\/bloque-de-seguridad-confirma-disminucion-del-18-de-violencia-a-nivel-nacional\/#respond"]}]},{"@type":"WebPage","@id":"https:\/\/noti-america.com\/site\/ecuador\/2024\/08\/14\/bloque-de-seguridad-confirma-disminucion-del-18-de-violencia-a-nivel-nacional\/","url":"https:\/\/noti-america.com\/site\/ecuador\/2024\/08\/14\/bloque-de-seguridad-confirma-disminucion-del-18-de-violencia-a-nivel-nacional\/","name":"Bloque de Seguridad confirma disminuci\u00f3n del 18 % de violencia a nivel nacional - Ecuador | Noti-America.com","isPartOf":{"@id":"https:\/\/noti-america.com\/site\/ecuador\/#website"},"primaryImageOfPage":{"@id":"https:\/\/noti-america.com\/site\/ecuador\/2024\/08\/14\/bloque-de-seguridad-confirma-disminucion-del-18-de-violencia-a-nivel-nacional\/#primaryimage"},"image":{"@id":"https:\/\/noti-america.com\/site\/ecuador\/2024\/08\/14\/bloque-de-seguridad-confirma-disminucion-del-18-de-violencia-a-nivel-nacional\/#primaryimage"},"thumbnailUrl":"https:\/\/noti-america.com\/site\/ecuador\/wp-content\/uploads\/sites\/18\/2024\/08\/Bloque-de-seguridad.jpg","datePublished":"2024-08-14T02:21:52+00:00","breadcrumb":{"@id":"https:\/\/noti-america.com\/site\/ecuador\/2024\/08\/14\/bloque-de-seguridad-confirma-disminucion-del-18-de-violencia-a-nivel-nacional\/#breadcrumb"},"inLanguage":"es","potentialAction":[{"@type":"ReadAction","target":["https:\/\/noti-america.com\/site\/ecuador\/2024\/08\/14\/bloque-de-seguridad-confirma-disminucion-del-18-de-violencia-a-nivel-nacional\/"]}]},{"@type":"ImageObject","inLanguage":"es","@id":"https:\/\/noti-america.com\/site\/ecuador\/2024\/08\/14\/bloque-de-seguridad-confirma-disminucion-del-18-de-violencia-a-nivel-nacional\/#primaryimage","url":"https:\/\/noti-america.com\/site\/ecuador\/wp-content\/uploads\/sites\/18\/2024\/08\/Bloque-de-seguridad.jpg","contentUrl":"https:\/\/noti-america.com\/site\/ecuador\/wp-content\/uploads\/sites\/18\/2024\/08\/Bloque-de-seguridad.jpg","width":1024,"height":503},{"@type":"BreadcrumbList","@id":"https:\/\/noti-america.com\/site\/ecuador\/2024\/08\/14\/bloque-de-seguridad-confirma-disminucion-del-18-de-violencia-a-nivel-nacional\/#breadcrumb","itemListElement":[{"@type":"ListItem","position":1,"name":"Portada","item":"https:\/\/noti-america.com\/site\/ecuador\/"},{"@type":"ListItem","position":2,"name":"Bloque de Seguridad confirma disminuci\u00f3n del 18 % de violencia a nivel nacional"}]},{"@type":"WebSite","@id":"https:\/\/noti-america.com\/site\/ecuador\/#website","url":"https:\/\/noti-america.com\/site\/ecuador\/","name":"Ecuador | Noti-America.com","description":"","publisher":{"@id":"https:\/\/noti-america.com\/site\/ecuador\/#organization"},"potentialAction":[{"@type":"SearchAction","target":{"@type":"EntryPoint","urlTemplate":"https:\/\/noti-america.com\/site\/ecuador\/?s={search_term_string}"},"query-input":{"@type":"PropertyValueSpecification","valueRequired":true,"valueName":"search_term_string"}}],"inLanguage":"es"},{"@type":"Organization","@id":"https:\/\/noti-america.com\/site\/ecuador\/#organization","name":"Noti-America LLC | Ecuador","url":"https:\/\/noti-america.com\/site\/ecuador\/","logo":{"@type":"ImageObject","inLanguage":"es","@id":"https:\/\/noti-america.com\/site\/ecuador\/#\/schema\/logo\/image\/","url":"https:\/\/noti-america.com\/site\/ecuador\/wp-content\/uploads\/sites\/18\/2020\/07\/LogoNA-4x3-1.jpg","contentUrl":"https:\/\/noti-america.com\/site\/ecuador\/wp-content\/uploads\/sites\/18\/2020\/07\/LogoNA-4x3-1.jpg","width":1236,"height":1080,"caption":"Noti-America LLC | Ecuador"},"image":{"@id":"https:\/\/noti-america.com\/site\/ecuador\/#\/schema\/logo\/image\/"},"sameAs":["https:\/\/x.com\/notiamerica"]},{"@type":"Person","@id":"https:\/\/noti-america.com\/site\/ecuador\/#\/schema\/person\/3b975e42f15abfe64bfe3abdd916efda","name":"Gregory Quintana Montiel","image":{"@type":"ImageObject","inLanguage":"es","@id":"https:\/\/secure.gravatar.com\/avatar\/2d6b802f7720c2ec7744dcbe608cc2f3417aeb964d58b443c6d612b77531de1d?s=96&d=mm&r=g","url":"https:\/\/secure.gravatar.com\/avatar\/2d6b802f7720c2ec7744dcbe608cc2f3417aeb964d58b443c6d612b77531de1d?s=96&d=mm&r=g","contentUrl":"https:\/\/secure.gravatar.com\/avatar\/2d6b802f7720c2ec7744dcbe608cc2f3417aeb964d58b443c6d612b77531de1d?s=96&d=mm&r=g","caption":"Gregory Quintana Montiel"},"description":"Licenciatura en Ciencias de la Comunicaci\u00f3n Social, egresado en la Especializaci\u00f3n Derecho Ambiental Desarrollo Sostenible y Sustentable, Miembro de la Comunidad de profesionales y experto para Latinoam\u00e9rica y el Caribe en Gesti\u00f3n por Resultado en el Desarrollo (COPLAC - GpRD) del Banco Interamericano de Desarrollo, experiencia en medios radiales y escritos.","sameAs":["https:\/\/x.com\/gdgregori1","gquintana"],"url":"https:\/\/noti-america.com\/site\/ecuador\/author\/gquintana\/"}]}},"_links":{"self":[{"href":"https:\/\/noti-america.com\/site\/ecuador\/wp-json\/wp\/v2\/posts\/31522","targetHints":{"allow":["GET"]}}],"collection":[{"href":"https:\/\/noti-america.com\/site\/ecuador\/wp-json\/wp\/v2\/posts"}],"about":[{"href":"https:\/\/noti-america.com\/site\/ecuador\/wp-json\/wp\/v2\/types\/post"}],"author":[{"embeddable":true,"href":"https:\/\/noti-america.com\/site\/ecuador\/wp-json\/wp\/v2\/users\/17"}],"replies":[{"embeddable":true,"href":"https:\/\/noti-america.com\/site\/ecuador\/wp-json\/wp\/v2\/comments?post=31522"}],"version-history":[{"count":1,"href":"https:\/\/noti-america.com\/site\/ecuador\/wp-json\/wp\/v2\/posts\/31522\/revisions"}],"predecessor-version":[{"id":31528,"href":"https:\/\/noti-america.com\/site\/ecuador\/wp-json\/wp\/v2\/posts\/31522\/revisions\/31528"}],"wp:featuredmedia":[{"embeddable":true,"href":"https:\/\/noti-america.com\/site\/ecuador\/wp-json\/wp\/v2\/media\/31527"}],"wp:attachment":[{"href":"https:\/\/noti-america.com\/site\/ecuador\/wp-json\/wp\/v2\/media?parent=31522"}],"wp:term":[{"taxonomy":"category","embeddable":true,"href":"https:\/\/noti-america.com\/site\/ecuador\/wp-json\/wp\/v2\/categories?post=31522"},{"taxonomy":"post_tag","embeddable":true,"href":"https:\/\/noti-america.com\/site\/ecuador\/wp-json\/wp\/v2\/tags?post=31522"}],"curies":[{"name":"wp","href":"https:\/\/api.w.org\/{rel}","templated":true}]}}