{"id":31520,"date":"2024-08-14T02:07:21","date_gmt":"2024-08-14T02:07:21","guid":{"rendered":"https:\/\/noti-america.com\/site\/ecuador\/?p=31520"},"modified":"2024-08-14T02:10:31","modified_gmt":"2024-08-14T02:10:31","slug":"estudiantes-conmemoran-el-dia-de-la-juventud-a-traves-de-espacios-de-dialogos","status":"publish","type":"post","link":"https:\/\/noti-america.com\/site\/ecuador\/2024\/08\/14\/estudiantes-conmemoran-el-dia-de-la-juventud-a-traves-de-espacios-de-dialogos\/","title":{"rendered":"Estudiantes conmemoran el D\u00eda de la Juventud a trav\u00e9s de espacios de di\u00e1logos"},"content":{"rendered":"<p><strong>REDACCI\u00d3N NOTI-AM\u00c9RICA (ECUADOR).<\/strong><\/p>\n<p style=\"text-align: justify\"><img loading=\"lazy\" decoding=\"async\" class=\"size-medium wp-image-31523 aligncenter\" src=\"https:\/\/noti-america.com\/site\/ecuador\/wp-content\/uploads\/sites\/18\/2024\/08\/IMG-20240813-WA0097-300x169.jpg\" alt=\"\" width=\"300\" height=\"169\" srcset=\"https:\/\/noti-america.com\/site\/ecuador\/wp-content\/uploads\/sites\/18\/2024\/08\/IMG-20240813-WA0097-300x169.jpg 300w, https:\/\/noti-america.com\/site\/ecuador\/wp-content\/uploads\/sites\/18\/2024\/08\/IMG-20240813-WA0097-1024x576.jpg 1024w, https:\/\/noti-america.com\/site\/ecuador\/wp-content\/uploads\/sites\/18\/2024\/08\/IMG-20240813-WA0097-768x432.jpg 768w, https:\/\/noti-america.com\/site\/ecuador\/wp-content\/uploads\/sites\/18\/2024\/08\/IMG-20240813-WA0097-1536x864.jpg 1536w, https:\/\/noti-america.com\/site\/ecuador\/wp-content\/uploads\/sites\/18\/2024\/08\/IMG-20240813-WA0097.jpg 1600w\" sizes=\"auto, (max-width: 300px) 100vw, 300px\" \/>Mil estudiantes, que pertenecientes a 16 unidades educativas fiscales de la zona 8, conmemoraron el D\u00eda Internacional de la Juventud a trav\u00e9s de espacios de di\u00e1logo en el que expusieron exponiendo los desaf\u00edos que tienen como j\u00f3venes y c\u00f3mo superarlos.<\/p>\n<p style=\"text-align: justify\">La subsecretaria de Educaci\u00f3n, Daniela Febres Cordero, visit\u00f3 la unidad Educativa Jaime Rold\u00f3s Aguilera, donde los alumnos de bachillerato formaron mesas de trabajo para tratar varias problem\u00e1ticas: \u00bfCu\u00e1les son los desaf\u00edos actuales de ser joven en nuestra sociedad?; \u00bfQu\u00e9 soluciones se pueden proponer para estos desaf\u00edos \u00bfC\u00f3mo pueden los j\u00f3venes participar en la promoci\u00f3n de la paz y la erradicaci\u00f3n de la violencia en las aulas?; entre otros temas.<\/p>\n<p style=\"text-align: justify\">Durante su intervenci\u00f3n, la subsecretaria de Educaci\u00f3n comparti\u00f3 su experiencia en la secundaria y motiv\u00f3 a los j\u00f3venes a hacer el cambio. \u201cMuchas veces pensamos que no podemos hacer grandes cosas, pero s\u00ed lo podemos hacer. Ustedes tienen que preguntarse qu\u00e9 est\u00e1n haciendo, acot\u00f3 la funcionar\u00eda.<\/p>\n<p style=\"text-align: justify\">Entre los objetivos de estos espacios constan: promover la toma de conciencia sobre la importancia del rol de los j\u00f3venes en la construcci\u00f3n de un futuro m\u00e1s pac\u00edfico, inclusivo y sostenible; fortalecer sostenible; fortalecer valores y principios \u00e9ticos en la juventud, fomentando la formaci\u00f3n de l\u00edderes comprometidos con la paz, la justicia y la legalidad y fomentar la participaci\u00f3n y liderazgo juvenil en la comunidad.<\/p>\n<p style=\"text-align: justify\">El Ministerio de Educaci\u00f3n promueve espacios de di\u00e1logo para la juventud, expresando sus principales inquietudes y desaf\u00edos para lograr espacios educativos seguros, inclusivos y una convivencia arm\u00f3nica libre de violencia. La actividad tambi\u00e9n se cumpli\u00f3 en otras 14 unidades educativas fiscales de la zona 8.<\/p>\n","protected":false},"excerpt":{"rendered":"<p>REDACCI\u00d3N NOTI-AM\u00c9RICA (ECUADOR). Mil estudiantes, que pertenecientes a 16 unidades educativas fiscales de la zona 8, conmemoraron el D\u00eda Internacional de la Juventud a trav\u00e9s de espacios de di\u00e1logo en el que expusieron exponiendo&#46;&#46;&#46;<\/p>\n","protected":false},"author":144,"featured_media":31523,"comment_status":"open","ping_status":"open","sticky":false,"template":"","format":"standard","meta":{"_acf_changed":false,"om_disable_all_campaigns":false,"rop_custom_images_group":[],"rop_custom_messages_group":[],"rop_publish_now":"initial","rop_publish_now_accounts":{"twitter_242054905_242054905":""},"rop_publish_now_history":[],"rop_publish_now_status":"pending","_uf_show_specific_survey":0,"_uf_disable_surveys":false,"footnotes":""},"categories":[103],"tags":[],"class_list":["post-31520","post","type-post","status-publish","format-standard","has-post-thumbnail","hentry","category-educacion"],"acf":[],"aioseo_notices":[],"yoast_head":"<!-- This site is optimized with the Yoast SEO Premium plugin v24.9 (Yoast SEO v27.2) - https:\/\/yoast.com\/product\/yoast-seo-premium-wordpress\/ -->\n<title>Estudiantes conmemoran el D\u00eda de la Juventud a trav\u00e9s de espacios de di\u00e1logos - Ecuador | Noti-America.com<\/title>\n<meta name=\"robots\" content=\"index, follow, max-snippet:-1, max-image-preview:large, max-video-preview:-1\" \/>\n<link rel=\"canonical\" href=\"https:\/\/noti-america.com\/site\/ecuador\/2024\/08\/14\/estudiantes-conmemoran-el-dia-de-la-juventud-a-traves-de-espacios-de-dialogos\/\" \/>\n<meta property=\"og:locale\" content=\"es_ES\" \/>\n<meta property=\"og:type\" content=\"article\" \/>\n<meta property=\"og:title\" content=\"Estudiantes conmemoran el D\u00eda de la Juventud a trav\u00e9s de espacios de di\u00e1logos\" \/>\n<meta property=\"og:description\" content=\"REDACCI\u00d3N NOTI-AM\u00c9RICA (ECUADOR). Mil estudiantes, que pertenecientes a 16 unidades educativas fiscales de la zona 8, conmemoraron el D\u00eda Internacional de la Juventud a trav\u00e9s de espacios de di\u00e1logo en el que expusieron exponiendo&#046;&#046;&#046;\" \/>\n<meta property=\"og:url\" content=\"https:\/\/noti-america.com\/site\/ecuador\/2024\/08\/14\/estudiantes-conmemoran-el-dia-de-la-juventud-a-traves-de-espacios-de-dialogos\/\" \/>\n<meta property=\"og:site_name\" content=\"Ecuador | Noti-America.com\" \/>\n<meta property=\"article:published_time\" content=\"2024-08-14T02:07:21+00:00\" \/>\n<meta property=\"article:modified_time\" content=\"2024-08-14T02:10:31+00:00\" \/>\n<meta property=\"og:image\" content=\"https:\/\/noti-america.com\/site\/ecuador\/wp-content\/uploads\/sites\/18\/2024\/08\/IMG-20240813-WA0097.jpg\" \/>\n\t<meta property=\"og:image:width\" content=\"1600\" \/>\n\t<meta property=\"og:image:height\" content=\"900\" \/>\n\t<meta property=\"og:image:type\" content=\"image\/jpeg\" \/>\n<meta name=\"author\" content=\"Henry Garrido\" \/>\n<meta name=\"twitter:card\" content=\"summary_large_image\" \/>\n<meta name=\"twitter:creator\" content=\"@notiamerica\" \/>\n<meta name=\"twitter:site\" content=\"@notiamerica\" \/>\n<meta name=\"twitter:label1\" content=\"Escrito por\" \/>\n\t<meta name=\"twitter:data1\" content=\"Henry Garrido\" \/>\n\t<meta name=\"twitter:label2\" content=\"Tiempo estimado de lectura\" \/>\n\t<meta name=\"twitter:data2\" content=\"2 minutos\" \/>\n<script type=\"application\/ld+json\" class=\"yoast-schema-graph\">{\"@context\":\"https:\/\/schema.org\",\"@graph\":[{\"@type\":\"Article\",\"@id\":\"https:\/\/noti-america.com\/site\/ecuador\/2024\/08\/14\/estudiantes-conmemoran-el-dia-de-la-juventud-a-traves-de-espacios-de-dialogos\/#article\",\"isPartOf\":{\"@id\":\"https:\/\/noti-america.com\/site\/ecuador\/2024\/08\/14\/estudiantes-conmemoran-el-dia-de-la-juventud-a-traves-de-espacios-de-dialogos\/\"},\"author\":{\"name\":\"Henry Garrido\",\"@id\":\"https:\/\/noti-america.com\/site\/ecuador\/#\/schema\/person\/00042412cfa9ecf98077f847ffadda4a\"},\"headline\":\"Estudiantes conmemoran el D\u00eda de la Juventud a trav\u00e9s de espacios de di\u00e1logos\",\"datePublished\":\"2024-08-14T02:07:21+00:00\",\"dateModified\":\"2024-08-14T02:10:31+00:00\",\"mainEntityOfPage\":{\"@id\":\"https:\/\/noti-america.com\/site\/ecuador\/2024\/08\/14\/estudiantes-conmemoran-el-dia-de-la-juventud-a-traves-de-espacios-de-dialogos\/\"},\"wordCount\":315,\"commentCount\":0,\"publisher\":{\"@id\":\"https:\/\/noti-america.com\/site\/ecuador\/#organization\"},\"image\":{\"@id\":\"https:\/\/noti-america.com\/site\/ecuador\/2024\/08\/14\/estudiantes-conmemoran-el-dia-de-la-juventud-a-traves-de-espacios-de-dialogos\/#primaryimage\"},\"thumbnailUrl\":\"https:\/\/noti-america.com\/site\/ecuador\/wp-content\/uploads\/sites\/18\/2024\/08\/IMG-20240813-WA0097.jpg\",\"articleSection\":[\"Educaci\u00f3n\"],\"inLanguage\":\"es\",\"potentialAction\":[{\"@type\":\"CommentAction\",\"name\":\"Comment\",\"target\":[\"https:\/\/noti-america.com\/site\/ecuador\/2024\/08\/14\/estudiantes-conmemoran-el-dia-de-la-juventud-a-traves-de-espacios-de-dialogos\/#respond\"]}]},{\"@type\":\"WebPage\",\"@id\":\"https:\/\/noti-america.com\/site\/ecuador\/2024\/08\/14\/estudiantes-conmemoran-el-dia-de-la-juventud-a-traves-de-espacios-de-dialogos\/\",\"url\":\"https:\/\/noti-america.com\/site\/ecuador\/2024\/08\/14\/estudiantes-conmemoran-el-dia-de-la-juventud-a-traves-de-espacios-de-dialogos\/\",\"name\":\"Estudiantes conmemoran el D\u00eda de la Juventud a trav\u00e9s de espacios de di\u00e1logos - Ecuador | Noti-America.com\",\"isPartOf\":{\"@id\":\"https:\/\/noti-america.com\/site\/ecuador\/#website\"},\"primaryImageOfPage\":{\"@id\":\"https:\/\/noti-america.com\/site\/ecuador\/2024\/08\/14\/estudiantes-conmemoran-el-dia-de-la-juventud-a-traves-de-espacios-de-dialogos\/#primaryimage\"},\"image\":{\"@id\":\"https:\/\/noti-america.com\/site\/ecuador\/2024\/08\/14\/estudiantes-conmemoran-el-dia-de-la-juventud-a-traves-de-espacios-de-dialogos\/#primaryimage\"},\"thumbnailUrl\":\"https:\/\/noti-america.com\/site\/ecuador\/wp-content\/uploads\/sites\/18\/2024\/08\/IMG-20240813-WA0097.jpg\",\"datePublished\":\"2024-08-14T02:07:21+00:00\",\"dateModified\":\"2024-08-14T02:10:31+00:00\",\"breadcrumb\":{\"@id\":\"https:\/\/noti-america.com\/site\/ecuador\/2024\/08\/14\/estudiantes-conmemoran-el-dia-de-la-juventud-a-traves-de-espacios-de-dialogos\/#breadcrumb\"},\"inLanguage\":\"es\",\"potentialAction\":[{\"@type\":\"ReadAction\",\"target\":[\"https:\/\/noti-america.com\/site\/ecuador\/2024\/08\/14\/estudiantes-conmemoran-el-dia-de-la-juventud-a-traves-de-espacios-de-dialogos\/\"]}]},{\"@type\":\"ImageObject\",\"inLanguage\":\"es\",\"@id\":\"https:\/\/noti-america.com\/site\/ecuador\/2024\/08\/14\/estudiantes-conmemoran-el-dia-de-la-juventud-a-traves-de-espacios-de-dialogos\/#primaryimage\",\"url\":\"https:\/\/noti-america.com\/site\/ecuador\/wp-content\/uploads\/sites\/18\/2024\/08\/IMG-20240813-WA0097.jpg\",\"contentUrl\":\"https:\/\/noti-america.com\/site\/ecuador\/wp-content\/uploads\/sites\/18\/2024\/08\/IMG-20240813-WA0097.jpg\",\"width\":1600,\"height\":900},{\"@type\":\"BreadcrumbList\",\"@id\":\"https:\/\/noti-america.com\/site\/ecuador\/2024\/08\/14\/estudiantes-conmemoran-el-dia-de-la-juventud-a-traves-de-espacios-de-dialogos\/#breadcrumb\",\"itemListElement\":[{\"@type\":\"ListItem\",\"position\":1,\"name\":\"Portada\",\"item\":\"https:\/\/noti-america.com\/site\/ecuador\/\"},{\"@type\":\"ListItem\",\"position\":2,\"name\":\"Estudiantes conmemoran el D\u00eda de la Juventud a trav\u00e9s de espacios de di\u00e1logos\"}]},{\"@type\":\"WebSite\",\"@id\":\"https:\/\/noti-america.com\/site\/ecuador\/#website\",\"url\":\"https:\/\/noti-america.com\/site\/ecuador\/\",\"name\":\"Ecuador | Noti-America.com\",\"description\":\"\",\"publisher\":{\"@id\":\"https:\/\/noti-america.com\/site\/ecuador\/#organization\"},\"potentialAction\":[{\"@type\":\"SearchAction\",\"target\":{\"@type\":\"EntryPoint\",\"urlTemplate\":\"https:\/\/noti-america.com\/site\/ecuador\/?s={search_term_string}\"},\"query-input\":{\"@type\":\"PropertyValueSpecification\",\"valueRequired\":true,\"valueName\":\"search_term_string\"}}],\"inLanguage\":\"es\"},{\"@type\":\"Organization\",\"@id\":\"https:\/\/noti-america.com\/site\/ecuador\/#organization\",\"name\":\"Noti-America LLC | Ecuador\",\"url\":\"https:\/\/noti-america.com\/site\/ecuador\/\",\"logo\":{\"@type\":\"ImageObject\",\"inLanguage\":\"es\",\"@id\":\"https:\/\/noti-america.com\/site\/ecuador\/#\/schema\/logo\/image\/\",\"url\":\"https:\/\/noti-america.com\/site\/ecuador\/wp-content\/uploads\/sites\/18\/2020\/07\/LogoNA-4x3-1.jpg\",\"contentUrl\":\"https:\/\/noti-america.com\/site\/ecuador\/wp-content\/uploads\/sites\/18\/2020\/07\/LogoNA-4x3-1.jpg\",\"width\":1236,\"height\":1080,\"caption\":\"Noti-America LLC | Ecuador\"},\"image\":{\"@id\":\"https:\/\/noti-america.com\/site\/ecuador\/#\/schema\/logo\/image\/\"},\"sameAs\":[\"https:\/\/x.com\/notiamerica\"]},{\"@type\":\"Person\",\"@id\":\"https:\/\/noti-america.com\/site\/ecuador\/#\/schema\/person\/00042412cfa9ecf98077f847ffadda4a\",\"name\":\"Henry Garrido\",\"image\":{\"@type\":\"ImageObject\",\"inLanguage\":\"es\",\"@id\":\"https:\/\/secure.gravatar.com\/avatar\/749ae5a1e6f22cf042f04b9f3f0a22732ae36970ccfd5c54a0a2ac3c4e1166ed?s=96&d=mm&r=g\",\"url\":\"https:\/\/secure.gravatar.com\/avatar\/749ae5a1e6f22cf042f04b9f3f0a22732ae36970ccfd5c54a0a2ac3c4e1166ed?s=96&d=mm&r=g\",\"contentUrl\":\"https:\/\/secure.gravatar.com\/avatar\/749ae5a1e6f22cf042f04b9f3f0a22732ae36970ccfd5c54a0a2ac3c4e1166ed?s=96&d=mm&r=g\",\"caption\":\"Henry Garrido\"},\"url\":\"https:\/\/noti-america.com\/site\/ecuador\/author\/hgarrido\/\"}]}<\/script>\n<!-- \/ Yoast SEO Premium plugin. -->","yoast_head_json":{"title":"Estudiantes conmemoran el D\u00eda de la Juventud a trav\u00e9s de espacios de di\u00e1logos - Ecuador | Noti-America.com","robots":{"index":"index","follow":"follow","max-snippet":"max-snippet:-1","max-image-preview":"max-image-preview:large","max-video-preview":"max-video-preview:-1"},"canonical":"https:\/\/noti-america.com\/site\/ecuador\/2024\/08\/14\/estudiantes-conmemoran-el-dia-de-la-juventud-a-traves-de-espacios-de-dialogos\/","og_locale":"es_ES","og_type":"article","og_title":"Estudiantes conmemoran el D\u00eda de la Juventud a trav\u00e9s de espacios de di\u00e1logos","og_description":"REDACCI\u00d3N NOTI-AM\u00c9RICA (ECUADOR). Mil estudiantes, que pertenecientes a 16 unidades educativas fiscales de la zona 8, conmemoraron el D\u00eda Internacional de la Juventud a trav\u00e9s de espacios de di\u00e1logo en el que expusieron exponiendo&#46;&#46;&#46;","og_url":"https:\/\/noti-america.com\/site\/ecuador\/2024\/08\/14\/estudiantes-conmemoran-el-dia-de-la-juventud-a-traves-de-espacios-de-dialogos\/","og_site_name":"Ecuador | Noti-America.com","article_published_time":"2024-08-14T02:07:21+00:00","article_modified_time":"2024-08-14T02:10:31+00:00","og_image":[{"width":1600,"height":900,"url":"https:\/\/noti-america.com\/site\/ecuador\/wp-content\/uploads\/sites\/18\/2024\/08\/IMG-20240813-WA0097.jpg","type":"image\/jpeg"}],"author":"Henry Garrido","twitter_card":"summary_large_image","twitter_creator":"@notiamerica","twitter_site":"@notiamerica","twitter_misc":{"Escrito por":"Henry Garrido","Tiempo estimado de lectura":"2 minutos"},"schema":{"@context":"https:\/\/schema.org","@graph":[{"@type":"Article","@id":"https:\/\/noti-america.com\/site\/ecuador\/2024\/08\/14\/estudiantes-conmemoran-el-dia-de-la-juventud-a-traves-de-espacios-de-dialogos\/#article","isPartOf":{"@id":"https:\/\/noti-america.com\/site\/ecuador\/2024\/08\/14\/estudiantes-conmemoran-el-dia-de-la-juventud-a-traves-de-espacios-de-dialogos\/"},"author":{"name":"Henry Garrido","@id":"https:\/\/noti-america.com\/site\/ecuador\/#\/schema\/person\/00042412cfa9ecf98077f847ffadda4a"},"headline":"Estudiantes conmemoran el D\u00eda de la Juventud a trav\u00e9s de espacios de di\u00e1logos","datePublished":"2024-08-14T02:07:21+00:00","dateModified":"2024-08-14T02:10:31+00:00","mainEntityOfPage":{"@id":"https:\/\/noti-america.com\/site\/ecuador\/2024\/08\/14\/estudiantes-conmemoran-el-dia-de-la-juventud-a-traves-de-espacios-de-dialogos\/"},"wordCount":315,"commentCount":0,"publisher":{"@id":"https:\/\/noti-america.com\/site\/ecuador\/#organization"},"image":{"@id":"https:\/\/noti-america.com\/site\/ecuador\/2024\/08\/14\/estudiantes-conmemoran-el-dia-de-la-juventud-a-traves-de-espacios-de-dialogos\/#primaryimage"},"thumbnailUrl":"https:\/\/noti-america.com\/site\/ecuador\/wp-content\/uploads\/sites\/18\/2024\/08\/IMG-20240813-WA0097.jpg","articleSection":["Educaci\u00f3n"],"inLanguage":"es","potentialAction":[{"@type":"CommentAction","name":"Comment","target":["https:\/\/noti-america.com\/site\/ecuador\/2024\/08\/14\/estudiantes-conmemoran-el-dia-de-la-juventud-a-traves-de-espacios-de-dialogos\/#respond"]}]},{"@type":"WebPage","@id":"https:\/\/noti-america.com\/site\/ecuador\/2024\/08\/14\/estudiantes-conmemoran-el-dia-de-la-juventud-a-traves-de-espacios-de-dialogos\/","url":"https:\/\/noti-america.com\/site\/ecuador\/2024\/08\/14\/estudiantes-conmemoran-el-dia-de-la-juventud-a-traves-de-espacios-de-dialogos\/","name":"Estudiantes conmemoran el D\u00eda de la Juventud a trav\u00e9s de espacios de di\u00e1logos - Ecuador | Noti-America.com","isPartOf":{"@id":"https:\/\/noti-america.com\/site\/ecuador\/#website"},"primaryImageOfPage":{"@id":"https:\/\/noti-america.com\/site\/ecuador\/2024\/08\/14\/estudiantes-conmemoran-el-dia-de-la-juventud-a-traves-de-espacios-de-dialogos\/#primaryimage"},"image":{"@id":"https:\/\/noti-america.com\/site\/ecuador\/2024\/08\/14\/estudiantes-conmemoran-el-dia-de-la-juventud-a-traves-de-espacios-de-dialogos\/#primaryimage"},"thumbnailUrl":"https:\/\/noti-america.com\/site\/ecuador\/wp-content\/uploads\/sites\/18\/2024\/08\/IMG-20240813-WA0097.jpg","datePublished":"2024-08-14T02:07:21+00:00","dateModified":"2024-08-14T02:10:31+00:00","breadcrumb":{"@id":"https:\/\/noti-america.com\/site\/ecuador\/2024\/08\/14\/estudiantes-conmemoran-el-dia-de-la-juventud-a-traves-de-espacios-de-dialogos\/#breadcrumb"},"inLanguage":"es","potentialAction":[{"@type":"ReadAction","target":["https:\/\/noti-america.com\/site\/ecuador\/2024\/08\/14\/estudiantes-conmemoran-el-dia-de-la-juventud-a-traves-de-espacios-de-dialogos\/"]}]},{"@type":"ImageObject","inLanguage":"es","@id":"https:\/\/noti-america.com\/site\/ecuador\/2024\/08\/14\/estudiantes-conmemoran-el-dia-de-la-juventud-a-traves-de-espacios-de-dialogos\/#primaryimage","url":"https:\/\/noti-america.com\/site\/ecuador\/wp-content\/uploads\/sites\/18\/2024\/08\/IMG-20240813-WA0097.jpg","contentUrl":"https:\/\/noti-america.com\/site\/ecuador\/wp-content\/uploads\/sites\/18\/2024\/08\/IMG-20240813-WA0097.jpg","width":1600,"height":900},{"@type":"BreadcrumbList","@id":"https:\/\/noti-america.com\/site\/ecuador\/2024\/08\/14\/estudiantes-conmemoran-el-dia-de-la-juventud-a-traves-de-espacios-de-dialogos\/#breadcrumb","itemListElement":[{"@type":"ListItem","position":1,"name":"Portada","item":"https:\/\/noti-america.com\/site\/ecuador\/"},{"@type":"ListItem","position":2,"name":"Estudiantes conmemoran el D\u00eda de la Juventud a trav\u00e9s de espacios de di\u00e1logos"}]},{"@type":"WebSite","@id":"https:\/\/noti-america.com\/site\/ecuador\/#website","url":"https:\/\/noti-america.com\/site\/ecuador\/","name":"Ecuador | Noti-America.com","description":"","publisher":{"@id":"https:\/\/noti-america.com\/site\/ecuador\/#organization"},"potentialAction":[{"@type":"SearchAction","target":{"@type":"EntryPoint","urlTemplate":"https:\/\/noti-america.com\/site\/ecuador\/?s={search_term_string}"},"query-input":{"@type":"PropertyValueSpecification","valueRequired":true,"valueName":"search_term_string"}}],"inLanguage":"es"},{"@type":"Organization","@id":"https:\/\/noti-america.com\/site\/ecuador\/#organization","name":"Noti-America LLC | Ecuador","url":"https:\/\/noti-america.com\/site\/ecuador\/","logo":{"@type":"ImageObject","inLanguage":"es","@id":"https:\/\/noti-america.com\/site\/ecuador\/#\/schema\/logo\/image\/","url":"https:\/\/noti-america.com\/site\/ecuador\/wp-content\/uploads\/sites\/18\/2020\/07\/LogoNA-4x3-1.jpg","contentUrl":"https:\/\/noti-america.com\/site\/ecuador\/wp-content\/uploads\/sites\/18\/2020\/07\/LogoNA-4x3-1.jpg","width":1236,"height":1080,"caption":"Noti-America LLC | Ecuador"},"image":{"@id":"https:\/\/noti-america.com\/site\/ecuador\/#\/schema\/logo\/image\/"},"sameAs":["https:\/\/x.com\/notiamerica"]},{"@type":"Person","@id":"https:\/\/noti-america.com\/site\/ecuador\/#\/schema\/person\/00042412cfa9ecf98077f847ffadda4a","name":"Henry Garrido","image":{"@type":"ImageObject","inLanguage":"es","@id":"https:\/\/secure.gravatar.com\/avatar\/749ae5a1e6f22cf042f04b9f3f0a22732ae36970ccfd5c54a0a2ac3c4e1166ed?s=96&d=mm&r=g","url":"https:\/\/secure.gravatar.com\/avatar\/749ae5a1e6f22cf042f04b9f3f0a22732ae36970ccfd5c54a0a2ac3c4e1166ed?s=96&d=mm&r=g","contentUrl":"https:\/\/secure.gravatar.com\/avatar\/749ae5a1e6f22cf042f04b9f3f0a22732ae36970ccfd5c54a0a2ac3c4e1166ed?s=96&d=mm&r=g","caption":"Henry Garrido"},"url":"https:\/\/noti-america.com\/site\/ecuador\/author\/hgarrido\/"}]}},"_links":{"self":[{"href":"https:\/\/noti-america.com\/site\/ecuador\/wp-json\/wp\/v2\/posts\/31520","targetHints":{"allow":["GET"]}}],"collection":[{"href":"https:\/\/noti-america.com\/site\/ecuador\/wp-json\/wp\/v2\/posts"}],"about":[{"href":"https:\/\/noti-america.com\/site\/ecuador\/wp-json\/wp\/v2\/types\/post"}],"author":[{"embeddable":true,"href":"https:\/\/noti-america.com\/site\/ecuador\/wp-json\/wp\/v2\/users\/144"}],"replies":[{"embeddable":true,"href":"https:\/\/noti-america.com\/site\/ecuador\/wp-json\/wp\/v2\/comments?post=31520"}],"version-history":[{"count":3,"href":"https:\/\/noti-america.com\/site\/ecuador\/wp-json\/wp\/v2\/posts\/31520\/revisions"}],"predecessor-version":[{"id":31526,"href":"https:\/\/noti-america.com\/site\/ecuador\/wp-json\/wp\/v2\/posts\/31520\/revisions\/31526"}],"wp:featuredmedia":[{"embeddable":true,"href":"https:\/\/noti-america.com\/site\/ecuador\/wp-json\/wp\/v2\/media\/31523"}],"wp:attachment":[{"href":"https:\/\/noti-america.com\/site\/ecuador\/wp-json\/wp\/v2\/media?parent=31520"}],"wp:term":[{"taxonomy":"category","embeddable":true,"href":"https:\/\/noti-america.com\/site\/ecuador\/wp-json\/wp\/v2\/categories?post=31520"},{"taxonomy":"post_tag","embeddable":true,"href":"https:\/\/noti-america.com\/site\/ecuador\/wp-json\/wp\/v2\/tags?post=31520"}],"curies":[{"name":"wp","href":"https:\/\/api.w.org\/{rel}","templated":true}]}}