{"id":31417,"date":"2024-08-08T04:31:50","date_gmt":"2024-08-08T04:31:50","guid":{"rendered":"https:\/\/noti-america.com\/site\/ecuador\/?p=31417"},"modified":"2024-08-08T04:31:50","modified_gmt":"2024-08-08T04:31:50","slug":"samborondon-presento-candidatura-a-ciudad-americana-del-deporte-2025","status":"publish","type":"post","link":"https:\/\/noti-america.com\/site\/ecuador\/2024\/08\/08\/samborondon-presento-candidatura-a-ciudad-americana-del-deporte-2025\/","title":{"rendered":"Samborond\u00f3n present\u00f3 candidatura a Ciudad Americana del Deporte 2025"},"content":{"rendered":"<p><strong>REDACCI\u00d3N NOTI-AM\u00c9RICA (ECUADOR).<\/strong><\/p>\n<p style=\"text-align: justify\"><img loading=\"lazy\" decoding=\"async\" class=\"size-medium wp-image-31420 aligncenter\" src=\"https:\/\/noti-america.com\/site\/ecuador\/wp-content\/uploads\/sites\/18\/2024\/08\/IMG_20240807_103719-300x225.jpg\" alt=\"\" width=\"300\" height=\"225\" srcset=\"https:\/\/noti-america.com\/site\/ecuador\/wp-content\/uploads\/sites\/18\/2024\/08\/IMG_20240807_103719-300x225.jpg 300w, https:\/\/noti-america.com\/site\/ecuador\/wp-content\/uploads\/sites\/18\/2024\/08\/IMG_20240807_103719-1024x768.jpg 1024w, https:\/\/noti-america.com\/site\/ecuador\/wp-content\/uploads\/sites\/18\/2024\/08\/IMG_20240807_103719-768x576.jpg 768w, https:\/\/noti-america.com\/site\/ecuador\/wp-content\/uploads\/sites\/18\/2024\/08\/IMG_20240807_103719-1536x1152.jpg 1536w, https:\/\/noti-america.com\/site\/ecuador\/wp-content\/uploads\/sites\/18\/2024\/08\/IMG_20240807_103719-2048x1536.jpg 2048w\" sizes=\"auto, (max-width: 300px) 100vw, 300px\" \/>Desde su fundaci\u00f3n en 1999, Aces Europe ha sido un pionero en la promoci\u00f3n del deporte entre todos los ciudadanos de la Uni\u00f3n Europea, pero actualmente tiene presencia en cuatro continentes. Su objetivo es reconocer a las ciudades por sus pol\u00edticas deportivas.<\/p>\n<p style=\"text-align: justify\">Durante un evento realizado este mi\u00e9rcoles, 7 de agosto, en las instalaciones del Parque Hist\u00f3rico, las autoridades del cant\u00f3n Samborond\u00f3n presentaron su postulaci\u00f3n a Ciudad Americana del Deporte 2025 ante representantes de Aces.<\/p>\n<p style=\"text-align: justify\">Juan Jos\u00e9 Y\u00fanez, alcalde de esta localidad de Guayas, manifest\u00f3 que durante su administraci\u00f3n, ha fortalecido las iniciativas para fomentar la actividad f\u00edsica, a trav\u00e9s de las escuelas municipales deportivas que benefician a m\u00e1s de 2.800 personas.<\/p>\n<p style=\"text-align: justify\">Y\u00fanez destac\u00f3, que al fomentar el deporte los municipios contribuyen a luchar contra la delincuencia, \u00abya que eso implica tener m\u00e1s ni\u00f1os en las canchas aprendiendo actividades de su preferencia\u00bb. Adem\u00e1s, se\u00f1al\u00f3 que en esta localidad hay clubes deportivos, entre ellas el golf, h\u00edpica, tenis, entre otros.<\/p>\n<p style=\"text-align: justify\">Por su parte, Hugo Alonso, secretario general de Aces Europa, sostuvo que el deporte se entiende como salud y bienestar, una herramienta de cohesi\u00f3n social y educativa para personas de todas las edades, desde ni\u00f1os hasta adultos mayores.<\/p>\n<p style=\"text-align: justify\">Destac\u00f3 que hoy Aces es la red de ciudades del deporte m\u00e1s grande del mundo, con m\u00e1s de 5.000 municipios.<\/p>\n","protected":false},"excerpt":{"rendered":"<p>REDACCI\u00d3N NOTI-AM\u00c9RICA (ECUADOR). Desde su fundaci\u00f3n en 1999, Aces Europe ha sido un pionero en la promoci\u00f3n del deporte entre todos los ciudadanos de la Uni\u00f3n Europea, pero actualmente tiene presencia en cuatro continentes.&#46;&#46;&#46;<\/p>\n","protected":false},"author":144,"featured_media":31420,"comment_status":"open","ping_status":"open","sticky":false,"template":"","format":"standard","meta":{"_acf_changed":false,"om_disable_all_campaigns":false,"rop_custom_images_group":[],"rop_custom_messages_group":[],"rop_publish_now":"initial","rop_publish_now_accounts":{"twitter_242054905_242054905":""},"rop_publish_now_history":[],"rop_publish_now_status":"pending","_uf_show_specific_survey":0,"_uf_disable_surveys":false,"footnotes":""},"categories":[16,1],"tags":[],"class_list":["post-31417","post","type-post","status-publish","format-standard","has-post-thumbnail","hentry","category-deportes","category-uncategorized"],"acf":[],"aioseo_notices":[],"yoast_head":"<!-- This site is optimized with the Yoast SEO Premium plugin v24.9 (Yoast SEO v27.2) - https:\/\/yoast.com\/product\/yoast-seo-premium-wordpress\/ -->\n<title>Samborond\u00f3n present\u00f3 candidatura a Ciudad Americana del Deporte 2025 - Ecuador | Noti-America.com<\/title>\n<meta name=\"robots\" content=\"index, follow, max-snippet:-1, max-image-preview:large, max-video-preview:-1\" \/>\n<link rel=\"canonical\" href=\"https:\/\/noti-america.com\/site\/ecuador\/2024\/08\/08\/samborondon-presento-candidatura-a-ciudad-americana-del-deporte-2025\/\" \/>\n<meta property=\"og:locale\" content=\"es_ES\" \/>\n<meta property=\"og:type\" content=\"article\" \/>\n<meta property=\"og:title\" content=\"Samborond\u00f3n present\u00f3 candidatura a Ciudad Americana del Deporte 2025\" \/>\n<meta property=\"og:description\" content=\"REDACCI\u00d3N NOTI-AM\u00c9RICA (ECUADOR). Desde su fundaci\u00f3n en 1999, Aces Europe ha sido un pionero en la promoci\u00f3n del deporte entre todos los ciudadanos de la Uni\u00f3n Europea, pero actualmente tiene presencia en cuatro continentes.&#046;&#046;&#046;\" \/>\n<meta property=\"og:url\" content=\"https:\/\/noti-america.com\/site\/ecuador\/2024\/08\/08\/samborondon-presento-candidatura-a-ciudad-americana-del-deporte-2025\/\" \/>\n<meta property=\"og:site_name\" content=\"Ecuador | Noti-America.com\" \/>\n<meta property=\"article:published_time\" content=\"2024-08-08T04:31:50+00:00\" \/>\n<meta property=\"og:image\" content=\"https:\/\/noti-america.com\/site\/ecuador\/wp-content\/uploads\/sites\/18\/2024\/08\/IMG_20240807_103719-scaled.jpg\" \/>\n\t<meta property=\"og:image:width\" content=\"2560\" \/>\n\t<meta property=\"og:image:height\" content=\"1920\" \/>\n\t<meta property=\"og:image:type\" content=\"image\/jpeg\" \/>\n<meta name=\"author\" content=\"Henry Garrido\" \/>\n<meta name=\"twitter:card\" content=\"summary_large_image\" \/>\n<meta name=\"twitter:creator\" content=\"@notiamerica\" \/>\n<meta name=\"twitter:site\" content=\"@notiamerica\" \/>\n<meta name=\"twitter:label1\" content=\"Escrito por\" \/>\n\t<meta name=\"twitter:data1\" content=\"Henry Garrido\" \/>\n\t<meta name=\"twitter:label2\" content=\"Tiempo estimado de lectura\" \/>\n\t<meta name=\"twitter:data2\" content=\"2 minutos\" \/>\n<script type=\"application\/ld+json\" class=\"yoast-schema-graph\">{\"@context\":\"https:\/\/schema.org\",\"@graph\":[{\"@type\":\"Article\",\"@id\":\"https:\/\/noti-america.com\/site\/ecuador\/2024\/08\/08\/samborondon-presento-candidatura-a-ciudad-americana-del-deporte-2025\/#article\",\"isPartOf\":{\"@id\":\"https:\/\/noti-america.com\/site\/ecuador\/2024\/08\/08\/samborondon-presento-candidatura-a-ciudad-americana-del-deporte-2025\/\"},\"author\":{\"name\":\"Henry Garrido\",\"@id\":\"https:\/\/noti-america.com\/site\/ecuador\/#\/schema\/person\/00042412cfa9ecf98077f847ffadda4a\"},\"headline\":\"Samborond\u00f3n present\u00f3 candidatura a Ciudad Americana del Deporte 2025\",\"datePublished\":\"2024-08-08T04:31:50+00:00\",\"mainEntityOfPage\":{\"@id\":\"https:\/\/noti-america.com\/site\/ecuador\/2024\/08\/08\/samborondon-presento-candidatura-a-ciudad-americana-del-deporte-2025\/\"},\"wordCount\":250,\"commentCount\":0,\"publisher\":{\"@id\":\"https:\/\/noti-america.com\/site\/ecuador\/#organization\"},\"image\":{\"@id\":\"https:\/\/noti-america.com\/site\/ecuador\/2024\/08\/08\/samborondon-presento-candidatura-a-ciudad-americana-del-deporte-2025\/#primaryimage\"},\"thumbnailUrl\":\"https:\/\/noti-america.com\/site\/ecuador\/wp-content\/uploads\/sites\/18\/2024\/08\/IMG_20240807_103719-scaled.jpg\",\"articleSection\":[\"Deportes\",\"Uncategorized\"],\"inLanguage\":\"es\",\"potentialAction\":[{\"@type\":\"CommentAction\",\"name\":\"Comment\",\"target\":[\"https:\/\/noti-america.com\/site\/ecuador\/2024\/08\/08\/samborondon-presento-candidatura-a-ciudad-americana-del-deporte-2025\/#respond\"]}]},{\"@type\":\"WebPage\",\"@id\":\"https:\/\/noti-america.com\/site\/ecuador\/2024\/08\/08\/samborondon-presento-candidatura-a-ciudad-americana-del-deporte-2025\/\",\"url\":\"https:\/\/noti-america.com\/site\/ecuador\/2024\/08\/08\/samborondon-presento-candidatura-a-ciudad-americana-del-deporte-2025\/\",\"name\":\"Samborond\u00f3n present\u00f3 candidatura a Ciudad Americana del Deporte 2025 - Ecuador | Noti-America.com\",\"isPartOf\":{\"@id\":\"https:\/\/noti-america.com\/site\/ecuador\/#website\"},\"primaryImageOfPage\":{\"@id\":\"https:\/\/noti-america.com\/site\/ecuador\/2024\/08\/08\/samborondon-presento-candidatura-a-ciudad-americana-del-deporte-2025\/#primaryimage\"},\"image\":{\"@id\":\"https:\/\/noti-america.com\/site\/ecuador\/2024\/08\/08\/samborondon-presento-candidatura-a-ciudad-americana-del-deporte-2025\/#primaryimage\"},\"thumbnailUrl\":\"https:\/\/noti-america.com\/site\/ecuador\/wp-content\/uploads\/sites\/18\/2024\/08\/IMG_20240807_103719-scaled.jpg\",\"datePublished\":\"2024-08-08T04:31:50+00:00\",\"breadcrumb\":{\"@id\":\"https:\/\/noti-america.com\/site\/ecuador\/2024\/08\/08\/samborondon-presento-candidatura-a-ciudad-americana-del-deporte-2025\/#breadcrumb\"},\"inLanguage\":\"es\",\"potentialAction\":[{\"@type\":\"ReadAction\",\"target\":[\"https:\/\/noti-america.com\/site\/ecuador\/2024\/08\/08\/samborondon-presento-candidatura-a-ciudad-americana-del-deporte-2025\/\"]}]},{\"@type\":\"ImageObject\",\"inLanguage\":\"es\",\"@id\":\"https:\/\/noti-america.com\/site\/ecuador\/2024\/08\/08\/samborondon-presento-candidatura-a-ciudad-americana-del-deporte-2025\/#primaryimage\",\"url\":\"https:\/\/noti-america.com\/site\/ecuador\/wp-content\/uploads\/sites\/18\/2024\/08\/IMG_20240807_103719-scaled.jpg\",\"contentUrl\":\"https:\/\/noti-america.com\/site\/ecuador\/wp-content\/uploads\/sites\/18\/2024\/08\/IMG_20240807_103719-scaled.jpg\",\"width\":2560,\"height\":1920},{\"@type\":\"BreadcrumbList\",\"@id\":\"https:\/\/noti-america.com\/site\/ecuador\/2024\/08\/08\/samborondon-presento-candidatura-a-ciudad-americana-del-deporte-2025\/#breadcrumb\",\"itemListElement\":[{\"@type\":\"ListItem\",\"position\":1,\"name\":\"Portada\",\"item\":\"https:\/\/noti-america.com\/site\/ecuador\/\"},{\"@type\":\"ListItem\",\"position\":2,\"name\":\"Samborond\u00f3n present\u00f3 candidatura a Ciudad Americana del Deporte 2025\"}]},{\"@type\":\"WebSite\",\"@id\":\"https:\/\/noti-america.com\/site\/ecuador\/#website\",\"url\":\"https:\/\/noti-america.com\/site\/ecuador\/\",\"name\":\"Ecuador | Noti-America.com\",\"description\":\"\",\"publisher\":{\"@id\":\"https:\/\/noti-america.com\/site\/ecuador\/#organization\"},\"potentialAction\":[{\"@type\":\"SearchAction\",\"target\":{\"@type\":\"EntryPoint\",\"urlTemplate\":\"https:\/\/noti-america.com\/site\/ecuador\/?s={search_term_string}\"},\"query-input\":{\"@type\":\"PropertyValueSpecification\",\"valueRequired\":true,\"valueName\":\"search_term_string\"}}],\"inLanguage\":\"es\"},{\"@type\":\"Organization\",\"@id\":\"https:\/\/noti-america.com\/site\/ecuador\/#organization\",\"name\":\"Noti-America LLC | Ecuador\",\"url\":\"https:\/\/noti-america.com\/site\/ecuador\/\",\"logo\":{\"@type\":\"ImageObject\",\"inLanguage\":\"es\",\"@id\":\"https:\/\/noti-america.com\/site\/ecuador\/#\/schema\/logo\/image\/\",\"url\":\"https:\/\/noti-america.com\/site\/ecuador\/wp-content\/uploads\/sites\/18\/2020\/07\/LogoNA-4x3-1.jpg\",\"contentUrl\":\"https:\/\/noti-america.com\/site\/ecuador\/wp-content\/uploads\/sites\/18\/2020\/07\/LogoNA-4x3-1.jpg\",\"width\":1236,\"height\":1080,\"caption\":\"Noti-America LLC | Ecuador\"},\"image\":{\"@id\":\"https:\/\/noti-america.com\/site\/ecuador\/#\/schema\/logo\/image\/\"},\"sameAs\":[\"https:\/\/x.com\/notiamerica\"]},{\"@type\":\"Person\",\"@id\":\"https:\/\/noti-america.com\/site\/ecuador\/#\/schema\/person\/00042412cfa9ecf98077f847ffadda4a\",\"name\":\"Henry Garrido\",\"image\":{\"@type\":\"ImageObject\",\"inLanguage\":\"es\",\"@id\":\"https:\/\/secure.gravatar.com\/avatar\/749ae5a1e6f22cf042f04b9f3f0a22732ae36970ccfd5c54a0a2ac3c4e1166ed?s=96&d=mm&r=g\",\"url\":\"https:\/\/secure.gravatar.com\/avatar\/749ae5a1e6f22cf042f04b9f3f0a22732ae36970ccfd5c54a0a2ac3c4e1166ed?s=96&d=mm&r=g\",\"contentUrl\":\"https:\/\/secure.gravatar.com\/avatar\/749ae5a1e6f22cf042f04b9f3f0a22732ae36970ccfd5c54a0a2ac3c4e1166ed?s=96&d=mm&r=g\",\"caption\":\"Henry Garrido\"},\"url\":\"https:\/\/noti-america.com\/site\/ecuador\/author\/hgarrido\/\"}]}<\/script>\n<!-- \/ Yoast SEO Premium plugin. -->","yoast_head_json":{"title":"Samborond\u00f3n present\u00f3 candidatura a Ciudad Americana del Deporte 2025 - Ecuador | Noti-America.com","robots":{"index":"index","follow":"follow","max-snippet":"max-snippet:-1","max-image-preview":"max-image-preview:large","max-video-preview":"max-video-preview:-1"},"canonical":"https:\/\/noti-america.com\/site\/ecuador\/2024\/08\/08\/samborondon-presento-candidatura-a-ciudad-americana-del-deporte-2025\/","og_locale":"es_ES","og_type":"article","og_title":"Samborond\u00f3n present\u00f3 candidatura a Ciudad Americana del Deporte 2025","og_description":"REDACCI\u00d3N NOTI-AM\u00c9RICA (ECUADOR). Desde su fundaci\u00f3n en 1999, Aces Europe ha sido un pionero en la promoci\u00f3n del deporte entre todos los ciudadanos de la Uni\u00f3n Europea, pero actualmente tiene presencia en cuatro continentes.&#46;&#46;&#46;","og_url":"https:\/\/noti-america.com\/site\/ecuador\/2024\/08\/08\/samborondon-presento-candidatura-a-ciudad-americana-del-deporte-2025\/","og_site_name":"Ecuador | Noti-America.com","article_published_time":"2024-08-08T04:31:50+00:00","og_image":[{"width":2560,"height":1920,"url":"https:\/\/noti-america.com\/site\/ecuador\/wp-content\/uploads\/sites\/18\/2024\/08\/IMG_20240807_103719-scaled.jpg","type":"image\/jpeg"}],"author":"Henry Garrido","twitter_card":"summary_large_image","twitter_creator":"@notiamerica","twitter_site":"@notiamerica","twitter_misc":{"Escrito por":"Henry Garrido","Tiempo estimado de lectura":"2 minutos"},"schema":{"@context":"https:\/\/schema.org","@graph":[{"@type":"Article","@id":"https:\/\/noti-america.com\/site\/ecuador\/2024\/08\/08\/samborondon-presento-candidatura-a-ciudad-americana-del-deporte-2025\/#article","isPartOf":{"@id":"https:\/\/noti-america.com\/site\/ecuador\/2024\/08\/08\/samborondon-presento-candidatura-a-ciudad-americana-del-deporte-2025\/"},"author":{"name":"Henry Garrido","@id":"https:\/\/noti-america.com\/site\/ecuador\/#\/schema\/person\/00042412cfa9ecf98077f847ffadda4a"},"headline":"Samborond\u00f3n present\u00f3 candidatura a Ciudad Americana del Deporte 2025","datePublished":"2024-08-08T04:31:50+00:00","mainEntityOfPage":{"@id":"https:\/\/noti-america.com\/site\/ecuador\/2024\/08\/08\/samborondon-presento-candidatura-a-ciudad-americana-del-deporte-2025\/"},"wordCount":250,"commentCount":0,"publisher":{"@id":"https:\/\/noti-america.com\/site\/ecuador\/#organization"},"image":{"@id":"https:\/\/noti-america.com\/site\/ecuador\/2024\/08\/08\/samborondon-presento-candidatura-a-ciudad-americana-del-deporte-2025\/#primaryimage"},"thumbnailUrl":"https:\/\/noti-america.com\/site\/ecuador\/wp-content\/uploads\/sites\/18\/2024\/08\/IMG_20240807_103719-scaled.jpg","articleSection":["Deportes","Uncategorized"],"inLanguage":"es","potentialAction":[{"@type":"CommentAction","name":"Comment","target":["https:\/\/noti-america.com\/site\/ecuador\/2024\/08\/08\/samborondon-presento-candidatura-a-ciudad-americana-del-deporte-2025\/#respond"]}]},{"@type":"WebPage","@id":"https:\/\/noti-america.com\/site\/ecuador\/2024\/08\/08\/samborondon-presento-candidatura-a-ciudad-americana-del-deporte-2025\/","url":"https:\/\/noti-america.com\/site\/ecuador\/2024\/08\/08\/samborondon-presento-candidatura-a-ciudad-americana-del-deporte-2025\/","name":"Samborond\u00f3n present\u00f3 candidatura a Ciudad Americana del Deporte 2025 - Ecuador | Noti-America.com","isPartOf":{"@id":"https:\/\/noti-america.com\/site\/ecuador\/#website"},"primaryImageOfPage":{"@id":"https:\/\/noti-america.com\/site\/ecuador\/2024\/08\/08\/samborondon-presento-candidatura-a-ciudad-americana-del-deporte-2025\/#primaryimage"},"image":{"@id":"https:\/\/noti-america.com\/site\/ecuador\/2024\/08\/08\/samborondon-presento-candidatura-a-ciudad-americana-del-deporte-2025\/#primaryimage"},"thumbnailUrl":"https:\/\/noti-america.com\/site\/ecuador\/wp-content\/uploads\/sites\/18\/2024\/08\/IMG_20240807_103719-scaled.jpg","datePublished":"2024-08-08T04:31:50+00:00","breadcrumb":{"@id":"https:\/\/noti-america.com\/site\/ecuador\/2024\/08\/08\/samborondon-presento-candidatura-a-ciudad-americana-del-deporte-2025\/#breadcrumb"},"inLanguage":"es","potentialAction":[{"@type":"ReadAction","target":["https:\/\/noti-america.com\/site\/ecuador\/2024\/08\/08\/samborondon-presento-candidatura-a-ciudad-americana-del-deporte-2025\/"]}]},{"@type":"ImageObject","inLanguage":"es","@id":"https:\/\/noti-america.com\/site\/ecuador\/2024\/08\/08\/samborondon-presento-candidatura-a-ciudad-americana-del-deporte-2025\/#primaryimage","url":"https:\/\/noti-america.com\/site\/ecuador\/wp-content\/uploads\/sites\/18\/2024\/08\/IMG_20240807_103719-scaled.jpg","contentUrl":"https:\/\/noti-america.com\/site\/ecuador\/wp-content\/uploads\/sites\/18\/2024\/08\/IMG_20240807_103719-scaled.jpg","width":2560,"height":1920},{"@type":"BreadcrumbList","@id":"https:\/\/noti-america.com\/site\/ecuador\/2024\/08\/08\/samborondon-presento-candidatura-a-ciudad-americana-del-deporte-2025\/#breadcrumb","itemListElement":[{"@type":"ListItem","position":1,"name":"Portada","item":"https:\/\/noti-america.com\/site\/ecuador\/"},{"@type":"ListItem","position":2,"name":"Samborond\u00f3n present\u00f3 candidatura a Ciudad Americana del Deporte 2025"}]},{"@type":"WebSite","@id":"https:\/\/noti-america.com\/site\/ecuador\/#website","url":"https:\/\/noti-america.com\/site\/ecuador\/","name":"Ecuador | Noti-America.com","description":"","publisher":{"@id":"https:\/\/noti-america.com\/site\/ecuador\/#organization"},"potentialAction":[{"@type":"SearchAction","target":{"@type":"EntryPoint","urlTemplate":"https:\/\/noti-america.com\/site\/ecuador\/?s={search_term_string}"},"query-input":{"@type":"PropertyValueSpecification","valueRequired":true,"valueName":"search_term_string"}}],"inLanguage":"es"},{"@type":"Organization","@id":"https:\/\/noti-america.com\/site\/ecuador\/#organization","name":"Noti-America LLC | Ecuador","url":"https:\/\/noti-america.com\/site\/ecuador\/","logo":{"@type":"ImageObject","inLanguage":"es","@id":"https:\/\/noti-america.com\/site\/ecuador\/#\/schema\/logo\/image\/","url":"https:\/\/noti-america.com\/site\/ecuador\/wp-content\/uploads\/sites\/18\/2020\/07\/LogoNA-4x3-1.jpg","contentUrl":"https:\/\/noti-america.com\/site\/ecuador\/wp-content\/uploads\/sites\/18\/2020\/07\/LogoNA-4x3-1.jpg","width":1236,"height":1080,"caption":"Noti-America LLC | Ecuador"},"image":{"@id":"https:\/\/noti-america.com\/site\/ecuador\/#\/schema\/logo\/image\/"},"sameAs":["https:\/\/x.com\/notiamerica"]},{"@type":"Person","@id":"https:\/\/noti-america.com\/site\/ecuador\/#\/schema\/person\/00042412cfa9ecf98077f847ffadda4a","name":"Henry Garrido","image":{"@type":"ImageObject","inLanguage":"es","@id":"https:\/\/secure.gravatar.com\/avatar\/749ae5a1e6f22cf042f04b9f3f0a22732ae36970ccfd5c54a0a2ac3c4e1166ed?s=96&d=mm&r=g","url":"https:\/\/secure.gravatar.com\/avatar\/749ae5a1e6f22cf042f04b9f3f0a22732ae36970ccfd5c54a0a2ac3c4e1166ed?s=96&d=mm&r=g","contentUrl":"https:\/\/secure.gravatar.com\/avatar\/749ae5a1e6f22cf042f04b9f3f0a22732ae36970ccfd5c54a0a2ac3c4e1166ed?s=96&d=mm&r=g","caption":"Henry Garrido"},"url":"https:\/\/noti-america.com\/site\/ecuador\/author\/hgarrido\/"}]}},"_links":{"self":[{"href":"https:\/\/noti-america.com\/site\/ecuador\/wp-json\/wp\/v2\/posts\/31417","targetHints":{"allow":["GET"]}}],"collection":[{"href":"https:\/\/noti-america.com\/site\/ecuador\/wp-json\/wp\/v2\/posts"}],"about":[{"href":"https:\/\/noti-america.com\/site\/ecuador\/wp-json\/wp\/v2\/types\/post"}],"author":[{"embeddable":true,"href":"https:\/\/noti-america.com\/site\/ecuador\/wp-json\/wp\/v2\/users\/144"}],"replies":[{"embeddable":true,"href":"https:\/\/noti-america.com\/site\/ecuador\/wp-json\/wp\/v2\/comments?post=31417"}],"version-history":[{"count":1,"href":"https:\/\/noti-america.com\/site\/ecuador\/wp-json\/wp\/v2\/posts\/31417\/revisions"}],"predecessor-version":[{"id":31421,"href":"https:\/\/noti-america.com\/site\/ecuador\/wp-json\/wp\/v2\/posts\/31417\/revisions\/31421"}],"wp:featuredmedia":[{"embeddable":true,"href":"https:\/\/noti-america.com\/site\/ecuador\/wp-json\/wp\/v2\/media\/31420"}],"wp:attachment":[{"href":"https:\/\/noti-america.com\/site\/ecuador\/wp-json\/wp\/v2\/media?parent=31417"}],"wp:term":[{"taxonomy":"category","embeddable":true,"href":"https:\/\/noti-america.com\/site\/ecuador\/wp-json\/wp\/v2\/categories?post=31417"},{"taxonomy":"post_tag","embeddable":true,"href":"https:\/\/noti-america.com\/site\/ecuador\/wp-json\/wp\/v2\/tags?post=31417"}],"curies":[{"name":"wp","href":"https:\/\/api.w.org\/{rel}","templated":true}]}}