{"id":31329,"date":"2024-08-02T15:29:50","date_gmt":"2024-08-02T15:29:50","guid":{"rendered":"https:\/\/noti-america.com\/site\/ecuador\/?p=31329"},"modified":"2024-08-02T15:29:50","modified_gmt":"2024-08-02T15:29:50","slug":"mujeres-lideran-la-preservacion-y-cuidado-de-manglares-en-esmeraldas","status":"publish","type":"post","link":"https:\/\/noti-america.com\/site\/ecuador\/2024\/08\/02\/mujeres-lideran-la-preservacion-y-cuidado-de-manglares-en-esmeraldas\/","title":{"rendered":"Mujeres lideran la preservaci\u00f3n y cuidado de manglares en Esmeraldas"},"content":{"rendered":"<p><strong>REDACCI\u00d3N NOTI AM\u00c9RICA (ECUADOR)<\/strong><\/p>\n<p><strong> <img loading=\"lazy\" decoding=\"async\" class=\"wp-image-31330 alignleft\" src=\"https:\/\/noti-america.com\/site\/ecuador\/wp-content\/uploads\/sites\/18\/2024\/08\/WhatsApp-Image-2024-08-02-at-08.32.30-300x225.jpeg\" alt=\"\" width=\"471\" height=\"353\" srcset=\"https:\/\/noti-america.com\/site\/ecuador\/wp-content\/uploads\/sites\/18\/2024\/08\/WhatsApp-Image-2024-08-02-at-08.32.30-300x225.jpeg 300w, https:\/\/noti-america.com\/site\/ecuador\/wp-content\/uploads\/sites\/18\/2024\/08\/WhatsApp-Image-2024-08-02-at-08.32.30-1024x768.jpeg 1024w, https:\/\/noti-america.com\/site\/ecuador\/wp-content\/uploads\/sites\/18\/2024\/08\/WhatsApp-Image-2024-08-02-at-08.32.30-768x576.jpeg 768w, https:\/\/noti-america.com\/site\/ecuador\/wp-content\/uploads\/sites\/18\/2024\/08\/WhatsApp-Image-2024-08-02-at-08.32.30.jpeg 1280w\" sizes=\"auto, (max-width: 471px) 100vw, 471px\" \/><\/strong><\/p>\n<p style=\"text-align: justify\">El empoderamiento de las mujeres es un pilar fundamental del proyecto \u201cMujeres liderando la producci\u00f3n resiliente frente al cambio clim\u00e1tico de los manglares de Bunche, S\u00e1lima y la Reserva Marino Costera Galera San Francisco\u201d del cant\u00f3n Muisne, en Esmeraldas.<\/p>\n<p style=\"text-align: justify\">El proyecto es una iniciativa de Ayuda en Acci\u00f3n financiada por la Generalitat Valenciana. A trav\u00e9s de \u00e9l, se ha promovido el\u00a0liderazgo de las mujeres como agentes de cambio\u00a0y se ha reducido las brechas de g\u00e9nero en los \u00e1mbitos productivo, pol\u00edtico y familiar. Las mujeres de las comunidades de Bunche y S\u00e1lima, as\u00ed como de la Reserva Marino Costera Galera San Francisco, ahora juegan un papel clave en la toma de decisiones y en la implementaci\u00f3n de pr\u00e1cticas sostenibles, fortaleciendo la cohesi\u00f3n social y la equidad de g\u00e9nero.<\/p>\n<p style=\"text-align: justify\">Tambi\u00e9n, las organizaciones Asopesbunche, Asopesarisa, Asopesanjocha y las asociaciones de pesca artesanal, 30 de agosto, 7 de Julio y Cabo San Francisco, participantes en otros proyectos de Ayuda en Acci\u00f3n, han logrado mejorar la productividad del marisco de manglar y la pesca de bajura. Esto, gracias a la implementaci\u00f3n de t\u00e9cnicas sostenibles, sin poner en riesgo el equilibrio ecol\u00f3gico de la zona.<\/p>\n<p style=\"text-align: justify\">Ahora, la comercializaci\u00f3n de estos productos se realiza de manera m\u00e1s eficiente, aumentando los ingresos de las comunidades locales y fomentado pr\u00e1cticas comerciales sostenibles y responsables con el medio ambiente.<\/p>\n<p style=\"text-align: justify\">Los manglares son ecosistemas que realizan un aporte valioso contra la crisis clim\u00e1tica. Estos se constituyen en una barrera natural que protege las costas de los incrementos del nivel del mar; son grandes captores de di\u00f3xido de carbono; protegen la biodiversidad costera e incluso, aportan a la seguridad econ\u00f3mica y alimentaria de las comunidades. Lamentablemente, debido a la sobreexplotaci\u00f3n y contaminaci\u00f3n, ha desaparecido m\u00e1s del 50% de los manglares del mundo en los \u00faltimos 40 a\u00f1os.<\/p>\n<p style=\"text-align: justify\">En este marco, Ayuda en Acci\u00f3n promueve un mensaje de conservaci\u00f3n a trav\u00e9s de su campa\u00f1a \u201cR\u00e9cords que rompen personas\u201d. El objetivo es posicionar aquellas acciones que enfrentan el cambio clim\u00e1tico, mediante respuestas sostenibles y ecol\u00f3gicas que permitan la gesti\u00f3n responsable de los entornos naturales.<\/p>\n<p style=\"text-align: justify\"><strong>\u00a0<\/strong>Los manglares son fundamentales para la pesca local, ya que muchas especies de peces y mariscos dependen de ellos en alguna etapa de su vida. Esto sustenta la pesca comercial y de subsistencia. Adem\u00e1s, proveen madera, productos forestales no maderables y otros recursos que pueden ser utilizados de manera sostenible por las comunidades locales.<\/p>\n<p style=\"text-align: justify\">Actualmente, el proyecto financiado por la Generalitat Valenciana e implementado en conjunto con CEFODI, trabaja en la gesti\u00f3n sostenible de las \u00e1reas de manglar y de reserva marino-costera; el incremento de las oportunidades y creaci\u00f3n de medios de vida sostenibles, especialmente de las mujeres, a trav\u00e9s de la mejora en la cadena de valor del marisco de manglar y de la pesca artesanal; el liderazgo de las mujeres como agentes de cambio y la reducci\u00f3n de las brechas de g\u00e9nero; y, el fortalecimiento de las organizaciones de pesca artesanal, as\u00ed como de la institucionalidad p\u00fablica local responsable de la custodia de los manglares y de la Reserva Marino Costero Galera San Francisco.<\/p>\n<p style=\"text-align: justify\">Tal es la importancia del manglar que, en el segundo semestre de este a\u00f1o, Ayuda en Acci\u00f3n presentar\u00e1 un estudio realizado en conjunto con la Universidad del Valle de Colombia sobre el carbono azul, a trav\u00e9s del cual se busca identificar las oportunidades de desarrollo de las comunidades del manglar a partir de este elemento natural.<\/p>\n<p>Los manglares, que constituyen alrededor del 1% de los bosques tropicales del planeta, son capaces de captar el 15% del carbono de todas las costas. Estos ecosistemas no solo contribuyen a la protecci\u00f3n de la vida, sino que tambi\u00e9n sirven son el h\u00e1bitat principal de diversas especies marinas. Los residentes de las \u00e1reas de Bunche y S\u00e1lima participan en la protecci\u00f3n de estos ecosistemas, a fin de mantener la sostenibilidad de sus recursos naturales.<\/p>\n<p style=\"text-align: justify\">El pasado 26 de julio, Ayuda en Acci\u00f3n particip\u00f3 en una feria gastron\u00f3mica donde se presentaron deliciosos platos elaborados por emprendedores de las diferentes asociaciones pesqueras que pertenecen al proyecto de protecci\u00f3n de los manglares y de la reserva marino-costera financiados por la Generalitat Valenciana. Adem\u00e1s, se difundi\u00f3 el trabajo en torno a derechos de los ni\u00f1os y mujeres, gesti\u00f3n social del agua y cadena de valor del cacao, que buscan generar oportunidades que cambian vidas.<\/p>\n","protected":false},"excerpt":{"rendered":"<p>REDACCI\u00d3N NOTI AM\u00c9RICA (ECUADOR) El empoderamiento de las mujeres es un pilar fundamental del proyecto \u201cMujeres liderando la producci\u00f3n resiliente frente al cambio clim\u00e1tico de los manglares de Bunche, S\u00e1lima y la Reserva Marino&#46;&#46;&#46;<\/p>\n","protected":false},"author":113,"featured_media":31330,"comment_status":"open","ping_status":"open","sticky":false,"template":"","format":"standard","meta":{"_acf_changed":false,"om_disable_all_campaigns":false,"rop_custom_images_group":[],"rop_custom_messages_group":[],"rop_publish_now":"initial","rop_publish_now_accounts":{"twitter_242054905_242054905":""},"rop_publish_now_history":[],"rop_publish_now_status":"pending","_uf_show_specific_survey":0,"_uf_disable_surveys":false,"footnotes":""},"categories":[42],"tags":[],"class_list":["post-31329","post","type-post","status-publish","format-standard","has-post-thumbnail","hentry","category-noticias"],"acf":[],"aioseo_notices":[],"yoast_head":"<!-- This site is optimized with the Yoast SEO Premium plugin v24.9 (Yoast SEO v27.2) - https:\/\/yoast.com\/product\/yoast-seo-premium-wordpress\/ -->\n<title>Mujeres lideran la preservaci\u00f3n y cuidado de manglares en Esmeraldas - Ecuador | Noti-America.com<\/title>\n<meta name=\"robots\" content=\"index, follow, max-snippet:-1, max-image-preview:large, max-video-preview:-1\" \/>\n<link rel=\"canonical\" href=\"https:\/\/noti-america.com\/site\/ecuador\/2024\/08\/02\/mujeres-lideran-la-preservacion-y-cuidado-de-manglares-en-esmeraldas\/\" \/>\n<meta property=\"og:locale\" content=\"es_ES\" \/>\n<meta property=\"og:type\" content=\"article\" \/>\n<meta property=\"og:title\" content=\"Mujeres lideran la preservaci\u00f3n y cuidado de manglares en Esmeraldas\" \/>\n<meta property=\"og:description\" content=\"REDACCI\u00d3N NOTI AM\u00c9RICA (ECUADOR) El empoderamiento de las mujeres es un pilar fundamental del proyecto \u201cMujeres liderando la producci\u00f3n resiliente frente al cambio clim\u00e1tico de los manglares de Bunche, S\u00e1lima y la Reserva Marino&#046;&#046;&#046;\" \/>\n<meta property=\"og:url\" content=\"https:\/\/noti-america.com\/site\/ecuador\/2024\/08\/02\/mujeres-lideran-la-preservacion-y-cuidado-de-manglares-en-esmeraldas\/\" \/>\n<meta property=\"og:site_name\" content=\"Ecuador | Noti-America.com\" \/>\n<meta property=\"article:published_time\" content=\"2024-08-02T15:29:50+00:00\" \/>\n<meta property=\"og:image\" content=\"https:\/\/noti-america.com\/site\/ecuador\/wp-content\/uploads\/sites\/18\/2024\/08\/WhatsApp-Image-2024-08-02-at-08.32.30.jpeg\" \/>\n\t<meta property=\"og:image:width\" content=\"1280\" \/>\n\t<meta property=\"og:image:height\" content=\"960\" \/>\n\t<meta property=\"og:image:type\" content=\"image\/jpeg\" \/>\n<meta name=\"author\" content=\"Henry Ortiz\" \/>\n<meta name=\"twitter:card\" content=\"summary_large_image\" \/>\n<meta name=\"twitter:creator\" content=\"@notiamerica\" \/>\n<meta name=\"twitter:site\" content=\"@notiamerica\" \/>\n<meta name=\"twitter:label1\" content=\"Escrito por\" \/>\n\t<meta name=\"twitter:data1\" content=\"Henry Ortiz\" \/>\n\t<meta name=\"twitter:label2\" content=\"Tiempo estimado de lectura\" \/>\n\t<meta name=\"twitter:data2\" content=\"4 minutos\" \/>\n<script type=\"application\/ld+json\" class=\"yoast-schema-graph\">{\"@context\":\"https:\/\/schema.org\",\"@graph\":[{\"@type\":\"Article\",\"@id\":\"https:\/\/noti-america.com\/site\/ecuador\/2024\/08\/02\/mujeres-lideran-la-preservacion-y-cuidado-de-manglares-en-esmeraldas\/#article\",\"isPartOf\":{\"@id\":\"https:\/\/noti-america.com\/site\/ecuador\/2024\/08\/02\/mujeres-lideran-la-preservacion-y-cuidado-de-manglares-en-esmeraldas\/\"},\"author\":{\"name\":\"Henry Ortiz\",\"@id\":\"https:\/\/noti-america.com\/site\/ecuador\/#\/schema\/person\/b9d1630cc6598af759d45c790a347283\"},\"headline\":\"Mujeres lideran la preservaci\u00f3n y cuidado de manglares en Esmeraldas\",\"datePublished\":\"2024-08-02T15:29:50+00:00\",\"mainEntityOfPage\":{\"@id\":\"https:\/\/noti-america.com\/site\/ecuador\/2024\/08\/02\/mujeres-lideran-la-preservacion-y-cuidado-de-manglares-en-esmeraldas\/\"},\"wordCount\":781,\"commentCount\":0,\"publisher\":{\"@id\":\"https:\/\/noti-america.com\/site\/ecuador\/#organization\"},\"image\":{\"@id\":\"https:\/\/noti-america.com\/site\/ecuador\/2024\/08\/02\/mujeres-lideran-la-preservacion-y-cuidado-de-manglares-en-esmeraldas\/#primaryimage\"},\"thumbnailUrl\":\"https:\/\/noti-america.com\/site\/ecuador\/wp-content\/uploads\/sites\/18\/2024\/08\/WhatsApp-Image-2024-08-02-at-08.32.30.jpeg\",\"articleSection\":[\"Noticias\"],\"inLanguage\":\"es\",\"potentialAction\":[{\"@type\":\"CommentAction\",\"name\":\"Comment\",\"target\":[\"https:\/\/noti-america.com\/site\/ecuador\/2024\/08\/02\/mujeres-lideran-la-preservacion-y-cuidado-de-manglares-en-esmeraldas\/#respond\"]}]},{\"@type\":\"WebPage\",\"@id\":\"https:\/\/noti-america.com\/site\/ecuador\/2024\/08\/02\/mujeres-lideran-la-preservacion-y-cuidado-de-manglares-en-esmeraldas\/\",\"url\":\"https:\/\/noti-america.com\/site\/ecuador\/2024\/08\/02\/mujeres-lideran-la-preservacion-y-cuidado-de-manglares-en-esmeraldas\/\",\"name\":\"Mujeres lideran la preservaci\u00f3n y cuidado de manglares en Esmeraldas - Ecuador | Noti-America.com\",\"isPartOf\":{\"@id\":\"https:\/\/noti-america.com\/site\/ecuador\/#website\"},\"primaryImageOfPage\":{\"@id\":\"https:\/\/noti-america.com\/site\/ecuador\/2024\/08\/02\/mujeres-lideran-la-preservacion-y-cuidado-de-manglares-en-esmeraldas\/#primaryimage\"},\"image\":{\"@id\":\"https:\/\/noti-america.com\/site\/ecuador\/2024\/08\/02\/mujeres-lideran-la-preservacion-y-cuidado-de-manglares-en-esmeraldas\/#primaryimage\"},\"thumbnailUrl\":\"https:\/\/noti-america.com\/site\/ecuador\/wp-content\/uploads\/sites\/18\/2024\/08\/WhatsApp-Image-2024-08-02-at-08.32.30.jpeg\",\"datePublished\":\"2024-08-02T15:29:50+00:00\",\"breadcrumb\":{\"@id\":\"https:\/\/noti-america.com\/site\/ecuador\/2024\/08\/02\/mujeres-lideran-la-preservacion-y-cuidado-de-manglares-en-esmeraldas\/#breadcrumb\"},\"inLanguage\":\"es\",\"potentialAction\":[{\"@type\":\"ReadAction\",\"target\":[\"https:\/\/noti-america.com\/site\/ecuador\/2024\/08\/02\/mujeres-lideran-la-preservacion-y-cuidado-de-manglares-en-esmeraldas\/\"]}]},{\"@type\":\"ImageObject\",\"inLanguage\":\"es\",\"@id\":\"https:\/\/noti-america.com\/site\/ecuador\/2024\/08\/02\/mujeres-lideran-la-preservacion-y-cuidado-de-manglares-en-esmeraldas\/#primaryimage\",\"url\":\"https:\/\/noti-america.com\/site\/ecuador\/wp-content\/uploads\/sites\/18\/2024\/08\/WhatsApp-Image-2024-08-02-at-08.32.30.jpeg\",\"contentUrl\":\"https:\/\/noti-america.com\/site\/ecuador\/wp-content\/uploads\/sites\/18\/2024\/08\/WhatsApp-Image-2024-08-02-at-08.32.30.jpeg\",\"width\":1280,\"height\":960},{\"@type\":\"BreadcrumbList\",\"@id\":\"https:\/\/noti-america.com\/site\/ecuador\/2024\/08\/02\/mujeres-lideran-la-preservacion-y-cuidado-de-manglares-en-esmeraldas\/#breadcrumb\",\"itemListElement\":[{\"@type\":\"ListItem\",\"position\":1,\"name\":\"Portada\",\"item\":\"https:\/\/noti-america.com\/site\/ecuador\/\"},{\"@type\":\"ListItem\",\"position\":2,\"name\":\"Mujeres lideran la preservaci\u00f3n y cuidado de manglares en Esmeraldas\"}]},{\"@type\":\"WebSite\",\"@id\":\"https:\/\/noti-america.com\/site\/ecuador\/#website\",\"url\":\"https:\/\/noti-america.com\/site\/ecuador\/\",\"name\":\"Ecuador | Noti-America.com\",\"description\":\"\",\"publisher\":{\"@id\":\"https:\/\/noti-america.com\/site\/ecuador\/#organization\"},\"potentialAction\":[{\"@type\":\"SearchAction\",\"target\":{\"@type\":\"EntryPoint\",\"urlTemplate\":\"https:\/\/noti-america.com\/site\/ecuador\/?s={search_term_string}\"},\"query-input\":{\"@type\":\"PropertyValueSpecification\",\"valueRequired\":true,\"valueName\":\"search_term_string\"}}],\"inLanguage\":\"es\"},{\"@type\":\"Organization\",\"@id\":\"https:\/\/noti-america.com\/site\/ecuador\/#organization\",\"name\":\"Noti-America LLC | Ecuador\",\"url\":\"https:\/\/noti-america.com\/site\/ecuador\/\",\"logo\":{\"@type\":\"ImageObject\",\"inLanguage\":\"es\",\"@id\":\"https:\/\/noti-america.com\/site\/ecuador\/#\/schema\/logo\/image\/\",\"url\":\"https:\/\/noti-america.com\/site\/ecuador\/wp-content\/uploads\/sites\/18\/2020\/07\/LogoNA-4x3-1.jpg\",\"contentUrl\":\"https:\/\/noti-america.com\/site\/ecuador\/wp-content\/uploads\/sites\/18\/2020\/07\/LogoNA-4x3-1.jpg\",\"width\":1236,\"height\":1080,\"caption\":\"Noti-America LLC | Ecuador\"},\"image\":{\"@id\":\"https:\/\/noti-america.com\/site\/ecuador\/#\/schema\/logo\/image\/\"},\"sameAs\":[\"https:\/\/x.com\/notiamerica\"]},{\"@type\":\"Person\",\"@id\":\"https:\/\/noti-america.com\/site\/ecuador\/#\/schema\/person\/b9d1630cc6598af759d45c790a347283\",\"name\":\"Henry Ortiz\",\"image\":{\"@type\":\"ImageObject\",\"inLanguage\":\"es\",\"@id\":\"https:\/\/secure.gravatar.com\/avatar\/0b5407b5b302fbb6a578e625dca512ac2983ee5fa9ea941d581b83c40212e4c8?s=96&d=mm&r=g\",\"url\":\"https:\/\/secure.gravatar.com\/avatar\/0b5407b5b302fbb6a578e625dca512ac2983ee5fa9ea941d581b83c40212e4c8?s=96&d=mm&r=g\",\"contentUrl\":\"https:\/\/secure.gravatar.com\/avatar\/0b5407b5b302fbb6a578e625dca512ac2983ee5fa9ea941d581b83c40212e4c8?s=96&d=mm&r=g\",\"caption\":\"Henry Ortiz\"},\"url\":\"https:\/\/noti-america.com\/site\/ecuador\/author\/hortiz\/\"}]}<\/script>\n<!-- \/ Yoast SEO Premium plugin. -->","yoast_head_json":{"title":"Mujeres lideran la preservaci\u00f3n y cuidado de manglares en Esmeraldas - Ecuador | Noti-America.com","robots":{"index":"index","follow":"follow","max-snippet":"max-snippet:-1","max-image-preview":"max-image-preview:large","max-video-preview":"max-video-preview:-1"},"canonical":"https:\/\/noti-america.com\/site\/ecuador\/2024\/08\/02\/mujeres-lideran-la-preservacion-y-cuidado-de-manglares-en-esmeraldas\/","og_locale":"es_ES","og_type":"article","og_title":"Mujeres lideran la preservaci\u00f3n y cuidado de manglares en Esmeraldas","og_description":"REDACCI\u00d3N NOTI AM\u00c9RICA (ECUADOR) El empoderamiento de las mujeres es un pilar fundamental del proyecto \u201cMujeres liderando la producci\u00f3n resiliente frente al cambio clim\u00e1tico de los manglares de Bunche, S\u00e1lima y la Reserva Marino&#46;&#46;&#46;","og_url":"https:\/\/noti-america.com\/site\/ecuador\/2024\/08\/02\/mujeres-lideran-la-preservacion-y-cuidado-de-manglares-en-esmeraldas\/","og_site_name":"Ecuador | Noti-America.com","article_published_time":"2024-08-02T15:29:50+00:00","og_image":[{"width":1280,"height":960,"url":"https:\/\/noti-america.com\/site\/ecuador\/wp-content\/uploads\/sites\/18\/2024\/08\/WhatsApp-Image-2024-08-02-at-08.32.30.jpeg","type":"image\/jpeg"}],"author":"Henry Ortiz","twitter_card":"summary_large_image","twitter_creator":"@notiamerica","twitter_site":"@notiamerica","twitter_misc":{"Escrito por":"Henry Ortiz","Tiempo estimado de lectura":"4 minutos"},"schema":{"@context":"https:\/\/schema.org","@graph":[{"@type":"Article","@id":"https:\/\/noti-america.com\/site\/ecuador\/2024\/08\/02\/mujeres-lideran-la-preservacion-y-cuidado-de-manglares-en-esmeraldas\/#article","isPartOf":{"@id":"https:\/\/noti-america.com\/site\/ecuador\/2024\/08\/02\/mujeres-lideran-la-preservacion-y-cuidado-de-manglares-en-esmeraldas\/"},"author":{"name":"Henry Ortiz","@id":"https:\/\/noti-america.com\/site\/ecuador\/#\/schema\/person\/b9d1630cc6598af759d45c790a347283"},"headline":"Mujeres lideran la preservaci\u00f3n y cuidado de manglares en Esmeraldas","datePublished":"2024-08-02T15:29:50+00:00","mainEntityOfPage":{"@id":"https:\/\/noti-america.com\/site\/ecuador\/2024\/08\/02\/mujeres-lideran-la-preservacion-y-cuidado-de-manglares-en-esmeraldas\/"},"wordCount":781,"commentCount":0,"publisher":{"@id":"https:\/\/noti-america.com\/site\/ecuador\/#organization"},"image":{"@id":"https:\/\/noti-america.com\/site\/ecuador\/2024\/08\/02\/mujeres-lideran-la-preservacion-y-cuidado-de-manglares-en-esmeraldas\/#primaryimage"},"thumbnailUrl":"https:\/\/noti-america.com\/site\/ecuador\/wp-content\/uploads\/sites\/18\/2024\/08\/WhatsApp-Image-2024-08-02-at-08.32.30.jpeg","articleSection":["Noticias"],"inLanguage":"es","potentialAction":[{"@type":"CommentAction","name":"Comment","target":["https:\/\/noti-america.com\/site\/ecuador\/2024\/08\/02\/mujeres-lideran-la-preservacion-y-cuidado-de-manglares-en-esmeraldas\/#respond"]}]},{"@type":"WebPage","@id":"https:\/\/noti-america.com\/site\/ecuador\/2024\/08\/02\/mujeres-lideran-la-preservacion-y-cuidado-de-manglares-en-esmeraldas\/","url":"https:\/\/noti-america.com\/site\/ecuador\/2024\/08\/02\/mujeres-lideran-la-preservacion-y-cuidado-de-manglares-en-esmeraldas\/","name":"Mujeres lideran la preservaci\u00f3n y cuidado de manglares en Esmeraldas - Ecuador | Noti-America.com","isPartOf":{"@id":"https:\/\/noti-america.com\/site\/ecuador\/#website"},"primaryImageOfPage":{"@id":"https:\/\/noti-america.com\/site\/ecuador\/2024\/08\/02\/mujeres-lideran-la-preservacion-y-cuidado-de-manglares-en-esmeraldas\/#primaryimage"},"image":{"@id":"https:\/\/noti-america.com\/site\/ecuador\/2024\/08\/02\/mujeres-lideran-la-preservacion-y-cuidado-de-manglares-en-esmeraldas\/#primaryimage"},"thumbnailUrl":"https:\/\/noti-america.com\/site\/ecuador\/wp-content\/uploads\/sites\/18\/2024\/08\/WhatsApp-Image-2024-08-02-at-08.32.30.jpeg","datePublished":"2024-08-02T15:29:50+00:00","breadcrumb":{"@id":"https:\/\/noti-america.com\/site\/ecuador\/2024\/08\/02\/mujeres-lideran-la-preservacion-y-cuidado-de-manglares-en-esmeraldas\/#breadcrumb"},"inLanguage":"es","potentialAction":[{"@type":"ReadAction","target":["https:\/\/noti-america.com\/site\/ecuador\/2024\/08\/02\/mujeres-lideran-la-preservacion-y-cuidado-de-manglares-en-esmeraldas\/"]}]},{"@type":"ImageObject","inLanguage":"es","@id":"https:\/\/noti-america.com\/site\/ecuador\/2024\/08\/02\/mujeres-lideran-la-preservacion-y-cuidado-de-manglares-en-esmeraldas\/#primaryimage","url":"https:\/\/noti-america.com\/site\/ecuador\/wp-content\/uploads\/sites\/18\/2024\/08\/WhatsApp-Image-2024-08-02-at-08.32.30.jpeg","contentUrl":"https:\/\/noti-america.com\/site\/ecuador\/wp-content\/uploads\/sites\/18\/2024\/08\/WhatsApp-Image-2024-08-02-at-08.32.30.jpeg","width":1280,"height":960},{"@type":"BreadcrumbList","@id":"https:\/\/noti-america.com\/site\/ecuador\/2024\/08\/02\/mujeres-lideran-la-preservacion-y-cuidado-de-manglares-en-esmeraldas\/#breadcrumb","itemListElement":[{"@type":"ListItem","position":1,"name":"Portada","item":"https:\/\/noti-america.com\/site\/ecuador\/"},{"@type":"ListItem","position":2,"name":"Mujeres lideran la preservaci\u00f3n y cuidado de manglares en Esmeraldas"}]},{"@type":"WebSite","@id":"https:\/\/noti-america.com\/site\/ecuador\/#website","url":"https:\/\/noti-america.com\/site\/ecuador\/","name":"Ecuador | Noti-America.com","description":"","publisher":{"@id":"https:\/\/noti-america.com\/site\/ecuador\/#organization"},"potentialAction":[{"@type":"SearchAction","target":{"@type":"EntryPoint","urlTemplate":"https:\/\/noti-america.com\/site\/ecuador\/?s={search_term_string}"},"query-input":{"@type":"PropertyValueSpecification","valueRequired":true,"valueName":"search_term_string"}}],"inLanguage":"es"},{"@type":"Organization","@id":"https:\/\/noti-america.com\/site\/ecuador\/#organization","name":"Noti-America LLC | Ecuador","url":"https:\/\/noti-america.com\/site\/ecuador\/","logo":{"@type":"ImageObject","inLanguage":"es","@id":"https:\/\/noti-america.com\/site\/ecuador\/#\/schema\/logo\/image\/","url":"https:\/\/noti-america.com\/site\/ecuador\/wp-content\/uploads\/sites\/18\/2020\/07\/LogoNA-4x3-1.jpg","contentUrl":"https:\/\/noti-america.com\/site\/ecuador\/wp-content\/uploads\/sites\/18\/2020\/07\/LogoNA-4x3-1.jpg","width":1236,"height":1080,"caption":"Noti-America LLC | Ecuador"},"image":{"@id":"https:\/\/noti-america.com\/site\/ecuador\/#\/schema\/logo\/image\/"},"sameAs":["https:\/\/x.com\/notiamerica"]},{"@type":"Person","@id":"https:\/\/noti-america.com\/site\/ecuador\/#\/schema\/person\/b9d1630cc6598af759d45c790a347283","name":"Henry Ortiz","image":{"@type":"ImageObject","inLanguage":"es","@id":"https:\/\/secure.gravatar.com\/avatar\/0b5407b5b302fbb6a578e625dca512ac2983ee5fa9ea941d581b83c40212e4c8?s=96&d=mm&r=g","url":"https:\/\/secure.gravatar.com\/avatar\/0b5407b5b302fbb6a578e625dca512ac2983ee5fa9ea941d581b83c40212e4c8?s=96&d=mm&r=g","contentUrl":"https:\/\/secure.gravatar.com\/avatar\/0b5407b5b302fbb6a578e625dca512ac2983ee5fa9ea941d581b83c40212e4c8?s=96&d=mm&r=g","caption":"Henry Ortiz"},"url":"https:\/\/noti-america.com\/site\/ecuador\/author\/hortiz\/"}]}},"_links":{"self":[{"href":"https:\/\/noti-america.com\/site\/ecuador\/wp-json\/wp\/v2\/posts\/31329","targetHints":{"allow":["GET"]}}],"collection":[{"href":"https:\/\/noti-america.com\/site\/ecuador\/wp-json\/wp\/v2\/posts"}],"about":[{"href":"https:\/\/noti-america.com\/site\/ecuador\/wp-json\/wp\/v2\/types\/post"}],"author":[{"embeddable":true,"href":"https:\/\/noti-america.com\/site\/ecuador\/wp-json\/wp\/v2\/users\/113"}],"replies":[{"embeddable":true,"href":"https:\/\/noti-america.com\/site\/ecuador\/wp-json\/wp\/v2\/comments?post=31329"}],"version-history":[{"count":1,"href":"https:\/\/noti-america.com\/site\/ecuador\/wp-json\/wp\/v2\/posts\/31329\/revisions"}],"predecessor-version":[{"id":31331,"href":"https:\/\/noti-america.com\/site\/ecuador\/wp-json\/wp\/v2\/posts\/31329\/revisions\/31331"}],"wp:featuredmedia":[{"embeddable":true,"href":"https:\/\/noti-america.com\/site\/ecuador\/wp-json\/wp\/v2\/media\/31330"}],"wp:attachment":[{"href":"https:\/\/noti-america.com\/site\/ecuador\/wp-json\/wp\/v2\/media?parent=31329"}],"wp:term":[{"taxonomy":"category","embeddable":true,"href":"https:\/\/noti-america.com\/site\/ecuador\/wp-json\/wp\/v2\/categories?post=31329"},{"taxonomy":"post_tag","embeddable":true,"href":"https:\/\/noti-america.com\/site\/ecuador\/wp-json\/wp\/v2\/tags?post=31329"}],"curies":[{"name":"wp","href":"https:\/\/api.w.org\/{rel}","templated":true}]}}