{"id":31308,"date":"2024-07-31T02:08:17","date_gmt":"2024-07-31T02:08:17","guid":{"rendered":"https:\/\/noti-america.com\/site\/ecuador\/?p=31308"},"modified":"2024-07-31T02:08:17","modified_gmt":"2024-07-31T02:08:17","slug":"utpl-presenta-maestria-en-gestion-integrada-de-recursos-hidricos","status":"publish","type":"post","link":"https:\/\/noti-america.com\/site\/ecuador\/2024\/07\/31\/utpl-presenta-maestria-en-gestion-integrada-de-recursos-hidricos\/","title":{"rendered":"UTPL presenta maestr\u00eda en Gesti\u00f3n Integrada de Recursos H\u00eddricos"},"content":{"rendered":"<p><strong>REDACCI\u00d3N NOTI-AM\u00c9RICA (ECUADOR).<\/strong><\/p>\n<p style=\"text-align: justify\"><img loading=\"lazy\" decoding=\"async\" class=\"size-medium wp-image-31311 aligncenter\" src=\"https:\/\/noti-america.com\/site\/ecuador\/wp-content\/uploads\/sites\/18\/2024\/07\/IMG-20240729-WA00661-300x200.jpg\" alt=\"\" width=\"300\" height=\"200\" srcset=\"https:\/\/noti-america.com\/site\/ecuador\/wp-content\/uploads\/sites\/18\/2024\/07\/IMG-20240729-WA00661-300x200.jpg 300w, https:\/\/noti-america.com\/site\/ecuador\/wp-content\/uploads\/sites\/18\/2024\/07\/IMG-20240729-WA00661-1024x682.jpg 1024w, https:\/\/noti-america.com\/site\/ecuador\/wp-content\/uploads\/sites\/18\/2024\/07\/IMG-20240729-WA00661-768x512.jpg 768w, https:\/\/noti-america.com\/site\/ecuador\/wp-content\/uploads\/sites\/18\/2024\/07\/IMG-20240729-WA00661-272x182.jpg 272w, https:\/\/noti-america.com\/site\/ecuador\/wp-content\/uploads\/sites\/18\/2024\/07\/IMG-20240729-WA00661.jpg 1280w\" sizes=\"auto, (max-width: 300px) 100vw, 300px\" \/>La Universidad T\u00e9cnica Particular de Loja (UTPL), en su af\u00e1n de contribuir con una educaci\u00f3n de calidad y consciente de la realidad social, presenta en su oferta acad\u00e9mica, una nueva opci\u00f3n en posgrados: la maestr\u00eda en Gesti\u00f3n Integrada de Recursos H\u00eddricos.<\/p>\n<p style=\"text-align: justify\">Este programa se impartir\u00e1 de manera virtual y brindar\u00e1 a los estudiantes nuevas y amplias oportunidades laborales. Fernando O\u00f1ate Valdivieso, director de la maestr\u00eda, menciona que el agua es un recurso que debe ser gestionado de la manera correcta para evitar su desperdicio y que este programa es, por ahora, el \u00fanico en la regi\u00f3n sur del Ecuador.<\/p>\n<p style=\"text-align: justify\">El docente manifest\u00f3, que el objetivo de la maestr\u00eda es que los estudiantes desarrollen una visi\u00f3n integral de la gesti\u00f3n del agua, ya que ser\u00e1n los representantes de la universidad ante entidades p\u00fablicas, privadas, educativas y la comunidad. \u201cDeben desarrollar, adem\u00e1s de la parte t\u00e9cnica como ingenieros, la parte social, econ\u00f3mica, el manejo y cuidado del medio ambiente\u201d, agrega O\u00f1ate.<\/p>\n<p style=\"text-align: justify\">El programa de estudios est\u00e1 abierto para estudiantes de \u00e1reas afines a la maestr\u00eda, como Ingenier\u00eda Civil, Geolog\u00eda, Geogr\u00e1fica, Forestal, Agr\u00edcola, Agron\u00f3mica y Ambiental, y est\u00e1 compuesto de dos semestres.<\/p>\n<p style=\"text-align: justify\">Al final de programa, el estudiante deber\u00e1 realizar un proyecto de investigaci\u00f3n en su zona de residencia previo a su graduaci\u00f3n, comenta el catedr\u00e1tico.<\/p>\n<p style=\"text-align: justify\">Para O\u00f1ate Valdivieso, el factor diferenciador de esta maestr\u00eda de la UTPL en relaci\u00f3n con la oferta de otras universidades es que ser\u00e1 impartida por docentes altamente capacitados, con formaci\u00f3n doctoral y experiencia en vinculaci\u00f3n, consultor\u00eda y contacto directo con la comunidad para el dise\u00f1o de obras beneficiosas.<\/p>\n<p style=\"text-align: justify\">Como parte de la formaci\u00f3n de la maestr\u00eda, los estudiantes que ingresen al programa recibir\u00e1n una certificaci\u00f3n internacional en sistemas de informaci\u00f3n geogr\u00e1fica, adem\u00e1s del t\u00edtulo de postgrado, lo cual abrir\u00e1 m\u00e1s puertas en el \u00e1mbito laboral y permitir\u00e1 a los profesionales tener una mayor estabilidad econ\u00f3mica.<\/p>\n","protected":false},"excerpt":{"rendered":"<p>REDACCI\u00d3N NOTI-AM\u00c9RICA (ECUADOR). La Universidad T\u00e9cnica Particular de Loja (UTPL), en su af\u00e1n de contribuir con una educaci\u00f3n de calidad y consciente de la realidad social, presenta en su oferta acad\u00e9mica, una nueva opci\u00f3n&#46;&#46;&#46;<\/p>\n","protected":false},"author":144,"featured_media":31311,"comment_status":"open","ping_status":"open","sticky":false,"template":"","format":"standard","meta":{"_acf_changed":false,"om_disable_all_campaigns":false,"rop_custom_images_group":[],"rop_custom_messages_group":[],"rop_publish_now":"initial","rop_publish_now_accounts":{"twitter_242054905_242054905":""},"rop_publish_now_history":[],"rop_publish_now_status":"pending","_uf_show_specific_survey":0,"_uf_disable_surveys":false,"footnotes":""},"categories":[103,1],"tags":[],"class_list":["post-31308","post","type-post","status-publish","format-standard","has-post-thumbnail","hentry","category-educacion","category-uncategorized"],"acf":[],"aioseo_notices":[],"yoast_head":"<!-- This site is optimized with the Yoast SEO Premium plugin v24.9 (Yoast SEO v27.2) - https:\/\/yoast.com\/product\/yoast-seo-premium-wordpress\/ -->\n<title>UTPL presenta maestr\u00eda en Gesti\u00f3n Integrada de Recursos H\u00eddricos - Ecuador | Noti-America.com<\/title>\n<meta name=\"robots\" content=\"index, follow, max-snippet:-1, max-image-preview:large, max-video-preview:-1\" \/>\n<link rel=\"canonical\" href=\"https:\/\/noti-america.com\/site\/ecuador\/2024\/07\/31\/utpl-presenta-maestria-en-gestion-integrada-de-recursos-hidricos\/\" \/>\n<meta property=\"og:locale\" content=\"es_ES\" \/>\n<meta property=\"og:type\" content=\"article\" \/>\n<meta property=\"og:title\" content=\"UTPL presenta maestr\u00eda en Gesti\u00f3n Integrada de Recursos H\u00eddricos\" \/>\n<meta property=\"og:description\" content=\"REDACCI\u00d3N NOTI-AM\u00c9RICA (ECUADOR). La Universidad T\u00e9cnica Particular de Loja (UTPL), en su af\u00e1n de contribuir con una educaci\u00f3n de calidad y consciente de la realidad social, presenta en su oferta acad\u00e9mica, una nueva opci\u00f3n&#046;&#046;&#046;\" \/>\n<meta property=\"og:url\" content=\"https:\/\/noti-america.com\/site\/ecuador\/2024\/07\/31\/utpl-presenta-maestria-en-gestion-integrada-de-recursos-hidricos\/\" \/>\n<meta property=\"og:site_name\" content=\"Ecuador | Noti-America.com\" \/>\n<meta property=\"article:published_time\" content=\"2024-07-31T02:08:17+00:00\" \/>\n<meta property=\"og:image\" content=\"https:\/\/noti-america.com\/site\/ecuador\/wp-content\/uploads\/sites\/18\/2024\/07\/IMG-20240729-WA00661.jpg\" \/>\n\t<meta property=\"og:image:width\" content=\"1280\" \/>\n\t<meta property=\"og:image:height\" content=\"853\" \/>\n\t<meta property=\"og:image:type\" content=\"image\/jpeg\" \/>\n<meta name=\"author\" content=\"Henry Garrido\" \/>\n<meta name=\"twitter:card\" content=\"summary_large_image\" \/>\n<meta name=\"twitter:creator\" content=\"@notiamerica\" \/>\n<meta name=\"twitter:site\" content=\"@notiamerica\" \/>\n<meta name=\"twitter:label1\" content=\"Escrito por\" \/>\n\t<meta name=\"twitter:data1\" content=\"Henry Garrido\" \/>\n\t<meta name=\"twitter:label2\" content=\"Tiempo estimado de lectura\" \/>\n\t<meta name=\"twitter:data2\" content=\"2 minutos\" \/>\n<script type=\"application\/ld+json\" class=\"yoast-schema-graph\">{\"@context\":\"https:\/\/schema.org\",\"@graph\":[{\"@type\":\"Article\",\"@id\":\"https:\/\/noti-america.com\/site\/ecuador\/2024\/07\/31\/utpl-presenta-maestria-en-gestion-integrada-de-recursos-hidricos\/#article\",\"isPartOf\":{\"@id\":\"https:\/\/noti-america.com\/site\/ecuador\/2024\/07\/31\/utpl-presenta-maestria-en-gestion-integrada-de-recursos-hidricos\/\"},\"author\":{\"name\":\"Henry Garrido\",\"@id\":\"https:\/\/noti-america.com\/site\/ecuador\/#\/schema\/person\/00042412cfa9ecf98077f847ffadda4a\"},\"headline\":\"UTPL presenta maestr\u00eda en Gesti\u00f3n Integrada de Recursos H\u00eddricos\",\"datePublished\":\"2024-07-31T02:08:17+00:00\",\"mainEntityOfPage\":{\"@id\":\"https:\/\/noti-america.com\/site\/ecuador\/2024\/07\/31\/utpl-presenta-maestria-en-gestion-integrada-de-recursos-hidricos\/\"},\"wordCount\":371,\"commentCount\":0,\"publisher\":{\"@id\":\"https:\/\/noti-america.com\/site\/ecuador\/#organization\"},\"image\":{\"@id\":\"https:\/\/noti-america.com\/site\/ecuador\/2024\/07\/31\/utpl-presenta-maestria-en-gestion-integrada-de-recursos-hidricos\/#primaryimage\"},\"thumbnailUrl\":\"https:\/\/noti-america.com\/site\/ecuador\/wp-content\/uploads\/sites\/18\/2024\/07\/IMG-20240729-WA00661.jpg\",\"articleSection\":[\"Educaci\u00f3n\",\"Uncategorized\"],\"inLanguage\":\"es\",\"potentialAction\":[{\"@type\":\"CommentAction\",\"name\":\"Comment\",\"target\":[\"https:\/\/noti-america.com\/site\/ecuador\/2024\/07\/31\/utpl-presenta-maestria-en-gestion-integrada-de-recursos-hidricos\/#respond\"]}]},{\"@type\":\"WebPage\",\"@id\":\"https:\/\/noti-america.com\/site\/ecuador\/2024\/07\/31\/utpl-presenta-maestria-en-gestion-integrada-de-recursos-hidricos\/\",\"url\":\"https:\/\/noti-america.com\/site\/ecuador\/2024\/07\/31\/utpl-presenta-maestria-en-gestion-integrada-de-recursos-hidricos\/\",\"name\":\"UTPL presenta maestr\u00eda en Gesti\u00f3n Integrada de Recursos H\u00eddricos - Ecuador | Noti-America.com\",\"isPartOf\":{\"@id\":\"https:\/\/noti-america.com\/site\/ecuador\/#website\"},\"primaryImageOfPage\":{\"@id\":\"https:\/\/noti-america.com\/site\/ecuador\/2024\/07\/31\/utpl-presenta-maestria-en-gestion-integrada-de-recursos-hidricos\/#primaryimage\"},\"image\":{\"@id\":\"https:\/\/noti-america.com\/site\/ecuador\/2024\/07\/31\/utpl-presenta-maestria-en-gestion-integrada-de-recursos-hidricos\/#primaryimage\"},\"thumbnailUrl\":\"https:\/\/noti-america.com\/site\/ecuador\/wp-content\/uploads\/sites\/18\/2024\/07\/IMG-20240729-WA00661.jpg\",\"datePublished\":\"2024-07-31T02:08:17+00:00\",\"breadcrumb\":{\"@id\":\"https:\/\/noti-america.com\/site\/ecuador\/2024\/07\/31\/utpl-presenta-maestria-en-gestion-integrada-de-recursos-hidricos\/#breadcrumb\"},\"inLanguage\":\"es\",\"potentialAction\":[{\"@type\":\"ReadAction\",\"target\":[\"https:\/\/noti-america.com\/site\/ecuador\/2024\/07\/31\/utpl-presenta-maestria-en-gestion-integrada-de-recursos-hidricos\/\"]}]},{\"@type\":\"ImageObject\",\"inLanguage\":\"es\",\"@id\":\"https:\/\/noti-america.com\/site\/ecuador\/2024\/07\/31\/utpl-presenta-maestria-en-gestion-integrada-de-recursos-hidricos\/#primaryimage\",\"url\":\"https:\/\/noti-america.com\/site\/ecuador\/wp-content\/uploads\/sites\/18\/2024\/07\/IMG-20240729-WA00661.jpg\",\"contentUrl\":\"https:\/\/noti-america.com\/site\/ecuador\/wp-content\/uploads\/sites\/18\/2024\/07\/IMG-20240729-WA00661.jpg\",\"width\":1280,\"height\":853},{\"@type\":\"BreadcrumbList\",\"@id\":\"https:\/\/noti-america.com\/site\/ecuador\/2024\/07\/31\/utpl-presenta-maestria-en-gestion-integrada-de-recursos-hidricos\/#breadcrumb\",\"itemListElement\":[{\"@type\":\"ListItem\",\"position\":1,\"name\":\"Portada\",\"item\":\"https:\/\/noti-america.com\/site\/ecuador\/\"},{\"@type\":\"ListItem\",\"position\":2,\"name\":\"UTPL presenta maestr\u00eda en Gesti\u00f3n Integrada de Recursos H\u00eddricos\"}]},{\"@type\":\"WebSite\",\"@id\":\"https:\/\/noti-america.com\/site\/ecuador\/#website\",\"url\":\"https:\/\/noti-america.com\/site\/ecuador\/\",\"name\":\"Ecuador | Noti-America.com\",\"description\":\"\",\"publisher\":{\"@id\":\"https:\/\/noti-america.com\/site\/ecuador\/#organization\"},\"potentialAction\":[{\"@type\":\"SearchAction\",\"target\":{\"@type\":\"EntryPoint\",\"urlTemplate\":\"https:\/\/noti-america.com\/site\/ecuador\/?s={search_term_string}\"},\"query-input\":{\"@type\":\"PropertyValueSpecification\",\"valueRequired\":true,\"valueName\":\"search_term_string\"}}],\"inLanguage\":\"es\"},{\"@type\":\"Organization\",\"@id\":\"https:\/\/noti-america.com\/site\/ecuador\/#organization\",\"name\":\"Noti-America LLC | Ecuador\",\"url\":\"https:\/\/noti-america.com\/site\/ecuador\/\",\"logo\":{\"@type\":\"ImageObject\",\"inLanguage\":\"es\",\"@id\":\"https:\/\/noti-america.com\/site\/ecuador\/#\/schema\/logo\/image\/\",\"url\":\"https:\/\/noti-america.com\/site\/ecuador\/wp-content\/uploads\/sites\/18\/2020\/07\/LogoNA-4x3-1.jpg\",\"contentUrl\":\"https:\/\/noti-america.com\/site\/ecuador\/wp-content\/uploads\/sites\/18\/2020\/07\/LogoNA-4x3-1.jpg\",\"width\":1236,\"height\":1080,\"caption\":\"Noti-America LLC | Ecuador\"},\"image\":{\"@id\":\"https:\/\/noti-america.com\/site\/ecuador\/#\/schema\/logo\/image\/\"},\"sameAs\":[\"https:\/\/x.com\/notiamerica\"]},{\"@type\":\"Person\",\"@id\":\"https:\/\/noti-america.com\/site\/ecuador\/#\/schema\/person\/00042412cfa9ecf98077f847ffadda4a\",\"name\":\"Henry Garrido\",\"image\":{\"@type\":\"ImageObject\",\"inLanguage\":\"es\",\"@id\":\"https:\/\/secure.gravatar.com\/avatar\/749ae5a1e6f22cf042f04b9f3f0a22732ae36970ccfd5c54a0a2ac3c4e1166ed?s=96&d=mm&r=g\",\"url\":\"https:\/\/secure.gravatar.com\/avatar\/749ae5a1e6f22cf042f04b9f3f0a22732ae36970ccfd5c54a0a2ac3c4e1166ed?s=96&d=mm&r=g\",\"contentUrl\":\"https:\/\/secure.gravatar.com\/avatar\/749ae5a1e6f22cf042f04b9f3f0a22732ae36970ccfd5c54a0a2ac3c4e1166ed?s=96&d=mm&r=g\",\"caption\":\"Henry Garrido\"},\"url\":\"https:\/\/noti-america.com\/site\/ecuador\/author\/hgarrido\/\"}]}<\/script>\n<!-- \/ Yoast SEO Premium plugin. -->","yoast_head_json":{"title":"UTPL presenta maestr\u00eda en Gesti\u00f3n Integrada de Recursos H\u00eddricos - Ecuador | Noti-America.com","robots":{"index":"index","follow":"follow","max-snippet":"max-snippet:-1","max-image-preview":"max-image-preview:large","max-video-preview":"max-video-preview:-1"},"canonical":"https:\/\/noti-america.com\/site\/ecuador\/2024\/07\/31\/utpl-presenta-maestria-en-gestion-integrada-de-recursos-hidricos\/","og_locale":"es_ES","og_type":"article","og_title":"UTPL presenta maestr\u00eda en Gesti\u00f3n Integrada de Recursos H\u00eddricos","og_description":"REDACCI\u00d3N NOTI-AM\u00c9RICA (ECUADOR). La Universidad T\u00e9cnica Particular de Loja (UTPL), en su af\u00e1n de contribuir con una educaci\u00f3n de calidad y consciente de la realidad social, presenta en su oferta acad\u00e9mica, una nueva opci\u00f3n&#46;&#46;&#46;","og_url":"https:\/\/noti-america.com\/site\/ecuador\/2024\/07\/31\/utpl-presenta-maestria-en-gestion-integrada-de-recursos-hidricos\/","og_site_name":"Ecuador | Noti-America.com","article_published_time":"2024-07-31T02:08:17+00:00","og_image":[{"width":1280,"height":853,"url":"https:\/\/noti-america.com\/site\/ecuador\/wp-content\/uploads\/sites\/18\/2024\/07\/IMG-20240729-WA00661.jpg","type":"image\/jpeg"}],"author":"Henry Garrido","twitter_card":"summary_large_image","twitter_creator":"@notiamerica","twitter_site":"@notiamerica","twitter_misc":{"Escrito por":"Henry Garrido","Tiempo estimado de lectura":"2 minutos"},"schema":{"@context":"https:\/\/schema.org","@graph":[{"@type":"Article","@id":"https:\/\/noti-america.com\/site\/ecuador\/2024\/07\/31\/utpl-presenta-maestria-en-gestion-integrada-de-recursos-hidricos\/#article","isPartOf":{"@id":"https:\/\/noti-america.com\/site\/ecuador\/2024\/07\/31\/utpl-presenta-maestria-en-gestion-integrada-de-recursos-hidricos\/"},"author":{"name":"Henry Garrido","@id":"https:\/\/noti-america.com\/site\/ecuador\/#\/schema\/person\/00042412cfa9ecf98077f847ffadda4a"},"headline":"UTPL presenta maestr\u00eda en Gesti\u00f3n Integrada de Recursos H\u00eddricos","datePublished":"2024-07-31T02:08:17+00:00","mainEntityOfPage":{"@id":"https:\/\/noti-america.com\/site\/ecuador\/2024\/07\/31\/utpl-presenta-maestria-en-gestion-integrada-de-recursos-hidricos\/"},"wordCount":371,"commentCount":0,"publisher":{"@id":"https:\/\/noti-america.com\/site\/ecuador\/#organization"},"image":{"@id":"https:\/\/noti-america.com\/site\/ecuador\/2024\/07\/31\/utpl-presenta-maestria-en-gestion-integrada-de-recursos-hidricos\/#primaryimage"},"thumbnailUrl":"https:\/\/noti-america.com\/site\/ecuador\/wp-content\/uploads\/sites\/18\/2024\/07\/IMG-20240729-WA00661.jpg","articleSection":["Educaci\u00f3n","Uncategorized"],"inLanguage":"es","potentialAction":[{"@type":"CommentAction","name":"Comment","target":["https:\/\/noti-america.com\/site\/ecuador\/2024\/07\/31\/utpl-presenta-maestria-en-gestion-integrada-de-recursos-hidricos\/#respond"]}]},{"@type":"WebPage","@id":"https:\/\/noti-america.com\/site\/ecuador\/2024\/07\/31\/utpl-presenta-maestria-en-gestion-integrada-de-recursos-hidricos\/","url":"https:\/\/noti-america.com\/site\/ecuador\/2024\/07\/31\/utpl-presenta-maestria-en-gestion-integrada-de-recursos-hidricos\/","name":"UTPL presenta maestr\u00eda en Gesti\u00f3n Integrada de Recursos H\u00eddricos - Ecuador | Noti-America.com","isPartOf":{"@id":"https:\/\/noti-america.com\/site\/ecuador\/#website"},"primaryImageOfPage":{"@id":"https:\/\/noti-america.com\/site\/ecuador\/2024\/07\/31\/utpl-presenta-maestria-en-gestion-integrada-de-recursos-hidricos\/#primaryimage"},"image":{"@id":"https:\/\/noti-america.com\/site\/ecuador\/2024\/07\/31\/utpl-presenta-maestria-en-gestion-integrada-de-recursos-hidricos\/#primaryimage"},"thumbnailUrl":"https:\/\/noti-america.com\/site\/ecuador\/wp-content\/uploads\/sites\/18\/2024\/07\/IMG-20240729-WA00661.jpg","datePublished":"2024-07-31T02:08:17+00:00","breadcrumb":{"@id":"https:\/\/noti-america.com\/site\/ecuador\/2024\/07\/31\/utpl-presenta-maestria-en-gestion-integrada-de-recursos-hidricos\/#breadcrumb"},"inLanguage":"es","potentialAction":[{"@type":"ReadAction","target":["https:\/\/noti-america.com\/site\/ecuador\/2024\/07\/31\/utpl-presenta-maestria-en-gestion-integrada-de-recursos-hidricos\/"]}]},{"@type":"ImageObject","inLanguage":"es","@id":"https:\/\/noti-america.com\/site\/ecuador\/2024\/07\/31\/utpl-presenta-maestria-en-gestion-integrada-de-recursos-hidricos\/#primaryimage","url":"https:\/\/noti-america.com\/site\/ecuador\/wp-content\/uploads\/sites\/18\/2024\/07\/IMG-20240729-WA00661.jpg","contentUrl":"https:\/\/noti-america.com\/site\/ecuador\/wp-content\/uploads\/sites\/18\/2024\/07\/IMG-20240729-WA00661.jpg","width":1280,"height":853},{"@type":"BreadcrumbList","@id":"https:\/\/noti-america.com\/site\/ecuador\/2024\/07\/31\/utpl-presenta-maestria-en-gestion-integrada-de-recursos-hidricos\/#breadcrumb","itemListElement":[{"@type":"ListItem","position":1,"name":"Portada","item":"https:\/\/noti-america.com\/site\/ecuador\/"},{"@type":"ListItem","position":2,"name":"UTPL presenta maestr\u00eda en Gesti\u00f3n Integrada de Recursos H\u00eddricos"}]},{"@type":"WebSite","@id":"https:\/\/noti-america.com\/site\/ecuador\/#website","url":"https:\/\/noti-america.com\/site\/ecuador\/","name":"Ecuador | Noti-America.com","description":"","publisher":{"@id":"https:\/\/noti-america.com\/site\/ecuador\/#organization"},"potentialAction":[{"@type":"SearchAction","target":{"@type":"EntryPoint","urlTemplate":"https:\/\/noti-america.com\/site\/ecuador\/?s={search_term_string}"},"query-input":{"@type":"PropertyValueSpecification","valueRequired":true,"valueName":"search_term_string"}}],"inLanguage":"es"},{"@type":"Organization","@id":"https:\/\/noti-america.com\/site\/ecuador\/#organization","name":"Noti-America LLC | Ecuador","url":"https:\/\/noti-america.com\/site\/ecuador\/","logo":{"@type":"ImageObject","inLanguage":"es","@id":"https:\/\/noti-america.com\/site\/ecuador\/#\/schema\/logo\/image\/","url":"https:\/\/noti-america.com\/site\/ecuador\/wp-content\/uploads\/sites\/18\/2020\/07\/LogoNA-4x3-1.jpg","contentUrl":"https:\/\/noti-america.com\/site\/ecuador\/wp-content\/uploads\/sites\/18\/2020\/07\/LogoNA-4x3-1.jpg","width":1236,"height":1080,"caption":"Noti-America LLC | Ecuador"},"image":{"@id":"https:\/\/noti-america.com\/site\/ecuador\/#\/schema\/logo\/image\/"},"sameAs":["https:\/\/x.com\/notiamerica"]},{"@type":"Person","@id":"https:\/\/noti-america.com\/site\/ecuador\/#\/schema\/person\/00042412cfa9ecf98077f847ffadda4a","name":"Henry Garrido","image":{"@type":"ImageObject","inLanguage":"es","@id":"https:\/\/secure.gravatar.com\/avatar\/749ae5a1e6f22cf042f04b9f3f0a22732ae36970ccfd5c54a0a2ac3c4e1166ed?s=96&d=mm&r=g","url":"https:\/\/secure.gravatar.com\/avatar\/749ae5a1e6f22cf042f04b9f3f0a22732ae36970ccfd5c54a0a2ac3c4e1166ed?s=96&d=mm&r=g","contentUrl":"https:\/\/secure.gravatar.com\/avatar\/749ae5a1e6f22cf042f04b9f3f0a22732ae36970ccfd5c54a0a2ac3c4e1166ed?s=96&d=mm&r=g","caption":"Henry Garrido"},"url":"https:\/\/noti-america.com\/site\/ecuador\/author\/hgarrido\/"}]}},"_links":{"self":[{"href":"https:\/\/noti-america.com\/site\/ecuador\/wp-json\/wp\/v2\/posts\/31308","targetHints":{"allow":["GET"]}}],"collection":[{"href":"https:\/\/noti-america.com\/site\/ecuador\/wp-json\/wp\/v2\/posts"}],"about":[{"href":"https:\/\/noti-america.com\/site\/ecuador\/wp-json\/wp\/v2\/types\/post"}],"author":[{"embeddable":true,"href":"https:\/\/noti-america.com\/site\/ecuador\/wp-json\/wp\/v2\/users\/144"}],"replies":[{"embeddable":true,"href":"https:\/\/noti-america.com\/site\/ecuador\/wp-json\/wp\/v2\/comments?post=31308"}],"version-history":[{"count":1,"href":"https:\/\/noti-america.com\/site\/ecuador\/wp-json\/wp\/v2\/posts\/31308\/revisions"}],"predecessor-version":[{"id":31312,"href":"https:\/\/noti-america.com\/site\/ecuador\/wp-json\/wp\/v2\/posts\/31308\/revisions\/31312"}],"wp:featuredmedia":[{"embeddable":true,"href":"https:\/\/noti-america.com\/site\/ecuador\/wp-json\/wp\/v2\/media\/31311"}],"wp:attachment":[{"href":"https:\/\/noti-america.com\/site\/ecuador\/wp-json\/wp\/v2\/media?parent=31308"}],"wp:term":[{"taxonomy":"category","embeddable":true,"href":"https:\/\/noti-america.com\/site\/ecuador\/wp-json\/wp\/v2\/categories?post=31308"},{"taxonomy":"post_tag","embeddable":true,"href":"https:\/\/noti-america.com\/site\/ecuador\/wp-json\/wp\/v2\/tags?post=31308"}],"curies":[{"name":"wp","href":"https:\/\/api.w.org\/{rel}","templated":true}]}}