{"id":31294,"date":"2024-07-30T01:40:42","date_gmt":"2024-07-30T01:40:42","guid":{"rendered":"https:\/\/noti-america.com\/site\/ecuador\/?p=31294"},"modified":"2024-07-30T01:40:42","modified_gmt":"2024-07-30T01:40:42","slug":"fontecho-y-electrolux-equiparan-una-cocina-comunitaria-en-el-sur-de-quito","status":"publish","type":"post","link":"https:\/\/noti-america.com\/site\/ecuador\/2024\/07\/30\/fontecho-y-electrolux-equiparan-una-cocina-comunitaria-en-el-sur-de-quito\/","title":{"rendered":"FonTECHO y Electrolux equipar\u00e1n una cocina comunitaria en el sur de Quito"},"content":{"rendered":"<p><strong>REDACCI\u00d3N NOTI-AM\u00c9RICA (ECUADOR).<\/strong><\/p>\n<p style=\"text-align: justify\"><img loading=\"lazy\" decoding=\"async\" class=\"size-medium wp-image-31297 aligncenter\" src=\"https:\/\/noti-america.com\/site\/ecuador\/wp-content\/uploads\/sites\/18\/2024\/07\/IMG-20240729-WA0189-300x225.jpg\" alt=\"\" width=\"300\" height=\"225\" srcset=\"https:\/\/noti-america.com\/site\/ecuador\/wp-content\/uploads\/sites\/18\/2024\/07\/IMG-20240729-WA0189-300x225.jpg 300w, https:\/\/noti-america.com\/site\/ecuador\/wp-content\/uploads\/sites\/18\/2024\/07\/IMG-20240729-WA0189-1024x768.jpg 1024w, https:\/\/noti-america.com\/site\/ecuador\/wp-content\/uploads\/sites\/18\/2024\/07\/IMG-20240729-WA0189-768x576.jpg 768w, https:\/\/noti-america.com\/site\/ecuador\/wp-content\/uploads\/sites\/18\/2024\/07\/IMG-20240729-WA0189-1536x1152.jpg 1536w, https:\/\/noti-america.com\/site\/ecuador\/wp-content\/uploads\/sites\/18\/2024\/07\/IMG-20240729-WA0189.jpg 1600w\" sizes=\"auto, (max-width: 300px) 100vw, 300px\" \/>El programa FonTECHO, liderado por Techo Ecuador, consolid\u00f3 en este 2024 una alianza estrat\u00e9gica con Electrolux para promover un concurso de proyectos comunitarios en dos comunidades de Quito.<\/p>\n<p style=\"text-align: justify\">Tras un proceso de planificaci\u00f3n y evaluaci\u00f3n, la iniciativa \u201cNi\u00f1os Felices del Valle de Santa Clara\u201d de la comunidad de El Tr\u00e1nsito, ubicada al sur de la urbe, fue el proyecto ganador.<\/p>\n<p style=\"text-align: justify\">Es as\u00ed como Electrolux, realiz\u00f3 la donaci\u00f3n de electrodom\u00e9sticos para equipar una cocina comunitaria que beneficiar\u00e1 a m\u00e1s de 50 ni\u00f1os y j\u00f3venes de la zona. Este espacio comunitario contar\u00e1 con electrodom\u00e9sticos como congeladores, refrigeradoras, microondas, Air Fryers, batidores, entre otros, con la finalidad de fortalecer y satisfacer las necesidades integrales y de alimentaci\u00f3n que los ni\u00f1os necesitan en su d\u00eda a d\u00eda.<\/p>\n<p style=\"text-align: justify\">\u00abEs una satisfacci\u00f3n saber que los ni\u00f1os de la comunidad de El Tr\u00e1nsito contar\u00e1n con un espacio \u00f3ptimo para potenciar su desarrollo en distintos campos y que, adem\u00e1s, podr\u00e1n alimentarse correctamente gracias a electrodom\u00e9sticos que facilitar\u00e1n su cotidianidad\u201d, se\u00f1al\u00f3 Christopher Carrera, gerente comercial de Electrolux Ecuador.<\/p>\n<p style=\"text-align: justify\">Por su parte, Daniela Barrag\u00e1n, directora comercial de TECHO Ecuador, sostuvo que el trabajo coordinado con aliados estrat\u00e9gicos es clave para alcanzar los objetivos propuestos por la organizaci\u00f3n.<\/p>\n<p style=\"text-align: justify\">La comunidad de Miravalle, que qued\u00f3 en segundo lugar, tambi\u00e9n recibi\u00f3 apoyo por parte de compa\u00f1\u00eda a trav\u00e9s de la donaci\u00f3n de electrodom\u00e9sticos para implementar su proyecto \u201cRegalo de Dios\u201d, un comedor en la casa comunal para que los miembros de la zona como ni\u00f1os, j\u00f3venes, adultos y adultos mayores puedan hacer uso de este espacio para abastecerse de alimentos.<\/p>\n","protected":false},"excerpt":{"rendered":"<p>REDACCI\u00d3N NOTI-AM\u00c9RICA (ECUADOR). El programa FonTECHO, liderado por Techo Ecuador, consolid\u00f3 en este 2024 una alianza estrat\u00e9gica con Electrolux para promover un concurso de proyectos comunitarios en dos comunidades de Quito. Tras un proceso&#46;&#46;&#46;<\/p>\n","protected":false},"author":144,"featured_media":31297,"comment_status":"open","ping_status":"open","sticky":false,"template":"","format":"standard","meta":{"_acf_changed":false,"om_disable_all_campaigns":false,"rop_custom_images_group":[],"rop_custom_messages_group":[],"rop_publish_now":"initial","rop_publish_now_accounts":{"twitter_242054905_242054905":""},"rop_publish_now_history":[],"rop_publish_now_status":"pending","_uf_show_specific_survey":0,"_uf_disable_surveys":false,"footnotes":""},"categories":[108,1],"tags":[],"class_list":["post-31294","post","type-post","status-publish","format-standard","has-post-thumbnail","hentry","category-responsabilidad-social-empresarial","category-uncategorized"],"acf":[],"aioseo_notices":[],"yoast_head":"<!-- This site is optimized with the Yoast SEO Premium plugin v24.9 (Yoast SEO v27.2) - https:\/\/yoast.com\/product\/yoast-seo-premium-wordpress\/ -->\n<title>FonTECHO y Electrolux equipar\u00e1n una cocina comunitaria en el sur de Quito - Ecuador | Noti-America.com<\/title>\n<meta name=\"robots\" content=\"index, follow, max-snippet:-1, max-image-preview:large, max-video-preview:-1\" \/>\n<link rel=\"canonical\" href=\"https:\/\/noti-america.com\/site\/ecuador\/2024\/07\/30\/fontecho-y-electrolux-equiparan-una-cocina-comunitaria-en-el-sur-de-quito\/\" \/>\n<meta property=\"og:locale\" content=\"es_ES\" \/>\n<meta property=\"og:type\" content=\"article\" \/>\n<meta property=\"og:title\" content=\"FonTECHO y Electrolux equipar\u00e1n una cocina comunitaria en el sur de Quito\" \/>\n<meta property=\"og:description\" content=\"REDACCI\u00d3N NOTI-AM\u00c9RICA (ECUADOR). El programa FonTECHO, liderado por Techo Ecuador, consolid\u00f3 en este 2024 una alianza estrat\u00e9gica con Electrolux para promover un concurso de proyectos comunitarios en dos comunidades de Quito. Tras un proceso&#046;&#046;&#046;\" \/>\n<meta property=\"og:url\" content=\"https:\/\/noti-america.com\/site\/ecuador\/2024\/07\/30\/fontecho-y-electrolux-equiparan-una-cocina-comunitaria-en-el-sur-de-quito\/\" \/>\n<meta property=\"og:site_name\" content=\"Ecuador | Noti-America.com\" \/>\n<meta property=\"article:published_time\" content=\"2024-07-30T01:40:42+00:00\" \/>\n<meta property=\"og:image\" content=\"https:\/\/noti-america.com\/site\/ecuador\/wp-content\/uploads\/sites\/18\/2024\/07\/IMG-20240729-WA0189.jpg\" \/>\n\t<meta property=\"og:image:width\" content=\"1600\" \/>\n\t<meta property=\"og:image:height\" content=\"1200\" \/>\n\t<meta property=\"og:image:type\" content=\"image\/jpeg\" \/>\n<meta name=\"author\" content=\"Henry Garrido\" \/>\n<meta name=\"twitter:card\" content=\"summary_large_image\" \/>\n<meta name=\"twitter:creator\" content=\"@notiamerica\" \/>\n<meta name=\"twitter:site\" content=\"@notiamerica\" \/>\n<meta name=\"twitter:label1\" content=\"Escrito por\" \/>\n\t<meta name=\"twitter:data1\" content=\"Henry Garrido\" \/>\n\t<meta name=\"twitter:label2\" content=\"Tiempo estimado de lectura\" \/>\n\t<meta name=\"twitter:data2\" content=\"2 minutos\" \/>\n<script type=\"application\/ld+json\" class=\"yoast-schema-graph\">{\"@context\":\"https:\/\/schema.org\",\"@graph\":[{\"@type\":\"Article\",\"@id\":\"https:\/\/noti-america.com\/site\/ecuador\/2024\/07\/30\/fontecho-y-electrolux-equiparan-una-cocina-comunitaria-en-el-sur-de-quito\/#article\",\"isPartOf\":{\"@id\":\"https:\/\/noti-america.com\/site\/ecuador\/2024\/07\/30\/fontecho-y-electrolux-equiparan-una-cocina-comunitaria-en-el-sur-de-quito\/\"},\"author\":{\"name\":\"Henry Garrido\",\"@id\":\"https:\/\/noti-america.com\/site\/ecuador\/#\/schema\/person\/00042412cfa9ecf98077f847ffadda4a\"},\"headline\":\"FonTECHO y Electrolux equipar\u00e1n una cocina comunitaria en el sur de Quito\",\"datePublished\":\"2024-07-30T01:40:42+00:00\",\"mainEntityOfPage\":{\"@id\":\"https:\/\/noti-america.com\/site\/ecuador\/2024\/07\/30\/fontecho-y-electrolux-equiparan-una-cocina-comunitaria-en-el-sur-de-quito\/\"},\"wordCount\":307,\"commentCount\":0,\"publisher\":{\"@id\":\"https:\/\/noti-america.com\/site\/ecuador\/#organization\"},\"image\":{\"@id\":\"https:\/\/noti-america.com\/site\/ecuador\/2024\/07\/30\/fontecho-y-electrolux-equiparan-una-cocina-comunitaria-en-el-sur-de-quito\/#primaryimage\"},\"thumbnailUrl\":\"https:\/\/noti-america.com\/site\/ecuador\/wp-content\/uploads\/sites\/18\/2024\/07\/IMG-20240729-WA0189.jpg\",\"articleSection\":[\"Responsabilidad Social Empresarial\",\"Uncategorized\"],\"inLanguage\":\"es\",\"potentialAction\":[{\"@type\":\"CommentAction\",\"name\":\"Comment\",\"target\":[\"https:\/\/noti-america.com\/site\/ecuador\/2024\/07\/30\/fontecho-y-electrolux-equiparan-una-cocina-comunitaria-en-el-sur-de-quito\/#respond\"]}]},{\"@type\":\"WebPage\",\"@id\":\"https:\/\/noti-america.com\/site\/ecuador\/2024\/07\/30\/fontecho-y-electrolux-equiparan-una-cocina-comunitaria-en-el-sur-de-quito\/\",\"url\":\"https:\/\/noti-america.com\/site\/ecuador\/2024\/07\/30\/fontecho-y-electrolux-equiparan-una-cocina-comunitaria-en-el-sur-de-quito\/\",\"name\":\"FonTECHO y Electrolux equipar\u00e1n una cocina comunitaria en el sur de Quito - Ecuador | Noti-America.com\",\"isPartOf\":{\"@id\":\"https:\/\/noti-america.com\/site\/ecuador\/#website\"},\"primaryImageOfPage\":{\"@id\":\"https:\/\/noti-america.com\/site\/ecuador\/2024\/07\/30\/fontecho-y-electrolux-equiparan-una-cocina-comunitaria-en-el-sur-de-quito\/#primaryimage\"},\"image\":{\"@id\":\"https:\/\/noti-america.com\/site\/ecuador\/2024\/07\/30\/fontecho-y-electrolux-equiparan-una-cocina-comunitaria-en-el-sur-de-quito\/#primaryimage\"},\"thumbnailUrl\":\"https:\/\/noti-america.com\/site\/ecuador\/wp-content\/uploads\/sites\/18\/2024\/07\/IMG-20240729-WA0189.jpg\",\"datePublished\":\"2024-07-30T01:40:42+00:00\",\"breadcrumb\":{\"@id\":\"https:\/\/noti-america.com\/site\/ecuador\/2024\/07\/30\/fontecho-y-electrolux-equiparan-una-cocina-comunitaria-en-el-sur-de-quito\/#breadcrumb\"},\"inLanguage\":\"es\",\"potentialAction\":[{\"@type\":\"ReadAction\",\"target\":[\"https:\/\/noti-america.com\/site\/ecuador\/2024\/07\/30\/fontecho-y-electrolux-equiparan-una-cocina-comunitaria-en-el-sur-de-quito\/\"]}]},{\"@type\":\"ImageObject\",\"inLanguage\":\"es\",\"@id\":\"https:\/\/noti-america.com\/site\/ecuador\/2024\/07\/30\/fontecho-y-electrolux-equiparan-una-cocina-comunitaria-en-el-sur-de-quito\/#primaryimage\",\"url\":\"https:\/\/noti-america.com\/site\/ecuador\/wp-content\/uploads\/sites\/18\/2024\/07\/IMG-20240729-WA0189.jpg\",\"contentUrl\":\"https:\/\/noti-america.com\/site\/ecuador\/wp-content\/uploads\/sites\/18\/2024\/07\/IMG-20240729-WA0189.jpg\",\"width\":1600,\"height\":1200},{\"@type\":\"BreadcrumbList\",\"@id\":\"https:\/\/noti-america.com\/site\/ecuador\/2024\/07\/30\/fontecho-y-electrolux-equiparan-una-cocina-comunitaria-en-el-sur-de-quito\/#breadcrumb\",\"itemListElement\":[{\"@type\":\"ListItem\",\"position\":1,\"name\":\"Portada\",\"item\":\"https:\/\/noti-america.com\/site\/ecuador\/\"},{\"@type\":\"ListItem\",\"position\":2,\"name\":\"FonTECHO y Electrolux equipar\u00e1n una cocina comunitaria en el sur de Quito\"}]},{\"@type\":\"WebSite\",\"@id\":\"https:\/\/noti-america.com\/site\/ecuador\/#website\",\"url\":\"https:\/\/noti-america.com\/site\/ecuador\/\",\"name\":\"Ecuador | Noti-America.com\",\"description\":\"\",\"publisher\":{\"@id\":\"https:\/\/noti-america.com\/site\/ecuador\/#organization\"},\"potentialAction\":[{\"@type\":\"SearchAction\",\"target\":{\"@type\":\"EntryPoint\",\"urlTemplate\":\"https:\/\/noti-america.com\/site\/ecuador\/?s={search_term_string}\"},\"query-input\":{\"@type\":\"PropertyValueSpecification\",\"valueRequired\":true,\"valueName\":\"search_term_string\"}}],\"inLanguage\":\"es\"},{\"@type\":\"Organization\",\"@id\":\"https:\/\/noti-america.com\/site\/ecuador\/#organization\",\"name\":\"Noti-America LLC | Ecuador\",\"url\":\"https:\/\/noti-america.com\/site\/ecuador\/\",\"logo\":{\"@type\":\"ImageObject\",\"inLanguage\":\"es\",\"@id\":\"https:\/\/noti-america.com\/site\/ecuador\/#\/schema\/logo\/image\/\",\"url\":\"https:\/\/noti-america.com\/site\/ecuador\/wp-content\/uploads\/sites\/18\/2020\/07\/LogoNA-4x3-1.jpg\",\"contentUrl\":\"https:\/\/noti-america.com\/site\/ecuador\/wp-content\/uploads\/sites\/18\/2020\/07\/LogoNA-4x3-1.jpg\",\"width\":1236,\"height\":1080,\"caption\":\"Noti-America LLC | Ecuador\"},\"image\":{\"@id\":\"https:\/\/noti-america.com\/site\/ecuador\/#\/schema\/logo\/image\/\"},\"sameAs\":[\"https:\/\/x.com\/notiamerica\"]},{\"@type\":\"Person\",\"@id\":\"https:\/\/noti-america.com\/site\/ecuador\/#\/schema\/person\/00042412cfa9ecf98077f847ffadda4a\",\"name\":\"Henry Garrido\",\"image\":{\"@type\":\"ImageObject\",\"inLanguage\":\"es\",\"@id\":\"https:\/\/secure.gravatar.com\/avatar\/749ae5a1e6f22cf042f04b9f3f0a22732ae36970ccfd5c54a0a2ac3c4e1166ed?s=96&d=mm&r=g\",\"url\":\"https:\/\/secure.gravatar.com\/avatar\/749ae5a1e6f22cf042f04b9f3f0a22732ae36970ccfd5c54a0a2ac3c4e1166ed?s=96&d=mm&r=g\",\"contentUrl\":\"https:\/\/secure.gravatar.com\/avatar\/749ae5a1e6f22cf042f04b9f3f0a22732ae36970ccfd5c54a0a2ac3c4e1166ed?s=96&d=mm&r=g\",\"caption\":\"Henry Garrido\"},\"url\":\"https:\/\/noti-america.com\/site\/ecuador\/author\/hgarrido\/\"}]}<\/script>\n<!-- \/ Yoast SEO Premium plugin. -->","yoast_head_json":{"title":"FonTECHO y Electrolux equipar\u00e1n una cocina comunitaria en el sur de Quito - Ecuador | Noti-America.com","robots":{"index":"index","follow":"follow","max-snippet":"max-snippet:-1","max-image-preview":"max-image-preview:large","max-video-preview":"max-video-preview:-1"},"canonical":"https:\/\/noti-america.com\/site\/ecuador\/2024\/07\/30\/fontecho-y-electrolux-equiparan-una-cocina-comunitaria-en-el-sur-de-quito\/","og_locale":"es_ES","og_type":"article","og_title":"FonTECHO y Electrolux equipar\u00e1n una cocina comunitaria en el sur de Quito","og_description":"REDACCI\u00d3N NOTI-AM\u00c9RICA (ECUADOR). El programa FonTECHO, liderado por Techo Ecuador, consolid\u00f3 en este 2024 una alianza estrat\u00e9gica con Electrolux para promover un concurso de proyectos comunitarios en dos comunidades de Quito. Tras un proceso&#46;&#46;&#46;","og_url":"https:\/\/noti-america.com\/site\/ecuador\/2024\/07\/30\/fontecho-y-electrolux-equiparan-una-cocina-comunitaria-en-el-sur-de-quito\/","og_site_name":"Ecuador | Noti-America.com","article_published_time":"2024-07-30T01:40:42+00:00","og_image":[{"width":1600,"height":1200,"url":"https:\/\/noti-america.com\/site\/ecuador\/wp-content\/uploads\/sites\/18\/2024\/07\/IMG-20240729-WA0189.jpg","type":"image\/jpeg"}],"author":"Henry Garrido","twitter_card":"summary_large_image","twitter_creator":"@notiamerica","twitter_site":"@notiamerica","twitter_misc":{"Escrito por":"Henry Garrido","Tiempo estimado de lectura":"2 minutos"},"schema":{"@context":"https:\/\/schema.org","@graph":[{"@type":"Article","@id":"https:\/\/noti-america.com\/site\/ecuador\/2024\/07\/30\/fontecho-y-electrolux-equiparan-una-cocina-comunitaria-en-el-sur-de-quito\/#article","isPartOf":{"@id":"https:\/\/noti-america.com\/site\/ecuador\/2024\/07\/30\/fontecho-y-electrolux-equiparan-una-cocina-comunitaria-en-el-sur-de-quito\/"},"author":{"name":"Henry Garrido","@id":"https:\/\/noti-america.com\/site\/ecuador\/#\/schema\/person\/00042412cfa9ecf98077f847ffadda4a"},"headline":"FonTECHO y Electrolux equipar\u00e1n una cocina comunitaria en el sur de Quito","datePublished":"2024-07-30T01:40:42+00:00","mainEntityOfPage":{"@id":"https:\/\/noti-america.com\/site\/ecuador\/2024\/07\/30\/fontecho-y-electrolux-equiparan-una-cocina-comunitaria-en-el-sur-de-quito\/"},"wordCount":307,"commentCount":0,"publisher":{"@id":"https:\/\/noti-america.com\/site\/ecuador\/#organization"},"image":{"@id":"https:\/\/noti-america.com\/site\/ecuador\/2024\/07\/30\/fontecho-y-electrolux-equiparan-una-cocina-comunitaria-en-el-sur-de-quito\/#primaryimage"},"thumbnailUrl":"https:\/\/noti-america.com\/site\/ecuador\/wp-content\/uploads\/sites\/18\/2024\/07\/IMG-20240729-WA0189.jpg","articleSection":["Responsabilidad Social Empresarial","Uncategorized"],"inLanguage":"es","potentialAction":[{"@type":"CommentAction","name":"Comment","target":["https:\/\/noti-america.com\/site\/ecuador\/2024\/07\/30\/fontecho-y-electrolux-equiparan-una-cocina-comunitaria-en-el-sur-de-quito\/#respond"]}]},{"@type":"WebPage","@id":"https:\/\/noti-america.com\/site\/ecuador\/2024\/07\/30\/fontecho-y-electrolux-equiparan-una-cocina-comunitaria-en-el-sur-de-quito\/","url":"https:\/\/noti-america.com\/site\/ecuador\/2024\/07\/30\/fontecho-y-electrolux-equiparan-una-cocina-comunitaria-en-el-sur-de-quito\/","name":"FonTECHO y Electrolux equipar\u00e1n una cocina comunitaria en el sur de Quito - Ecuador | Noti-America.com","isPartOf":{"@id":"https:\/\/noti-america.com\/site\/ecuador\/#website"},"primaryImageOfPage":{"@id":"https:\/\/noti-america.com\/site\/ecuador\/2024\/07\/30\/fontecho-y-electrolux-equiparan-una-cocina-comunitaria-en-el-sur-de-quito\/#primaryimage"},"image":{"@id":"https:\/\/noti-america.com\/site\/ecuador\/2024\/07\/30\/fontecho-y-electrolux-equiparan-una-cocina-comunitaria-en-el-sur-de-quito\/#primaryimage"},"thumbnailUrl":"https:\/\/noti-america.com\/site\/ecuador\/wp-content\/uploads\/sites\/18\/2024\/07\/IMG-20240729-WA0189.jpg","datePublished":"2024-07-30T01:40:42+00:00","breadcrumb":{"@id":"https:\/\/noti-america.com\/site\/ecuador\/2024\/07\/30\/fontecho-y-electrolux-equiparan-una-cocina-comunitaria-en-el-sur-de-quito\/#breadcrumb"},"inLanguage":"es","potentialAction":[{"@type":"ReadAction","target":["https:\/\/noti-america.com\/site\/ecuador\/2024\/07\/30\/fontecho-y-electrolux-equiparan-una-cocina-comunitaria-en-el-sur-de-quito\/"]}]},{"@type":"ImageObject","inLanguage":"es","@id":"https:\/\/noti-america.com\/site\/ecuador\/2024\/07\/30\/fontecho-y-electrolux-equiparan-una-cocina-comunitaria-en-el-sur-de-quito\/#primaryimage","url":"https:\/\/noti-america.com\/site\/ecuador\/wp-content\/uploads\/sites\/18\/2024\/07\/IMG-20240729-WA0189.jpg","contentUrl":"https:\/\/noti-america.com\/site\/ecuador\/wp-content\/uploads\/sites\/18\/2024\/07\/IMG-20240729-WA0189.jpg","width":1600,"height":1200},{"@type":"BreadcrumbList","@id":"https:\/\/noti-america.com\/site\/ecuador\/2024\/07\/30\/fontecho-y-electrolux-equiparan-una-cocina-comunitaria-en-el-sur-de-quito\/#breadcrumb","itemListElement":[{"@type":"ListItem","position":1,"name":"Portada","item":"https:\/\/noti-america.com\/site\/ecuador\/"},{"@type":"ListItem","position":2,"name":"FonTECHO y Electrolux equipar\u00e1n una cocina comunitaria en el sur de Quito"}]},{"@type":"WebSite","@id":"https:\/\/noti-america.com\/site\/ecuador\/#website","url":"https:\/\/noti-america.com\/site\/ecuador\/","name":"Ecuador | Noti-America.com","description":"","publisher":{"@id":"https:\/\/noti-america.com\/site\/ecuador\/#organization"},"potentialAction":[{"@type":"SearchAction","target":{"@type":"EntryPoint","urlTemplate":"https:\/\/noti-america.com\/site\/ecuador\/?s={search_term_string}"},"query-input":{"@type":"PropertyValueSpecification","valueRequired":true,"valueName":"search_term_string"}}],"inLanguage":"es"},{"@type":"Organization","@id":"https:\/\/noti-america.com\/site\/ecuador\/#organization","name":"Noti-America LLC | Ecuador","url":"https:\/\/noti-america.com\/site\/ecuador\/","logo":{"@type":"ImageObject","inLanguage":"es","@id":"https:\/\/noti-america.com\/site\/ecuador\/#\/schema\/logo\/image\/","url":"https:\/\/noti-america.com\/site\/ecuador\/wp-content\/uploads\/sites\/18\/2020\/07\/LogoNA-4x3-1.jpg","contentUrl":"https:\/\/noti-america.com\/site\/ecuador\/wp-content\/uploads\/sites\/18\/2020\/07\/LogoNA-4x3-1.jpg","width":1236,"height":1080,"caption":"Noti-America LLC | Ecuador"},"image":{"@id":"https:\/\/noti-america.com\/site\/ecuador\/#\/schema\/logo\/image\/"},"sameAs":["https:\/\/x.com\/notiamerica"]},{"@type":"Person","@id":"https:\/\/noti-america.com\/site\/ecuador\/#\/schema\/person\/00042412cfa9ecf98077f847ffadda4a","name":"Henry Garrido","image":{"@type":"ImageObject","inLanguage":"es","@id":"https:\/\/secure.gravatar.com\/avatar\/749ae5a1e6f22cf042f04b9f3f0a22732ae36970ccfd5c54a0a2ac3c4e1166ed?s=96&d=mm&r=g","url":"https:\/\/secure.gravatar.com\/avatar\/749ae5a1e6f22cf042f04b9f3f0a22732ae36970ccfd5c54a0a2ac3c4e1166ed?s=96&d=mm&r=g","contentUrl":"https:\/\/secure.gravatar.com\/avatar\/749ae5a1e6f22cf042f04b9f3f0a22732ae36970ccfd5c54a0a2ac3c4e1166ed?s=96&d=mm&r=g","caption":"Henry Garrido"},"url":"https:\/\/noti-america.com\/site\/ecuador\/author\/hgarrido\/"}]}},"_links":{"self":[{"href":"https:\/\/noti-america.com\/site\/ecuador\/wp-json\/wp\/v2\/posts\/31294","targetHints":{"allow":["GET"]}}],"collection":[{"href":"https:\/\/noti-america.com\/site\/ecuador\/wp-json\/wp\/v2\/posts"}],"about":[{"href":"https:\/\/noti-america.com\/site\/ecuador\/wp-json\/wp\/v2\/types\/post"}],"author":[{"embeddable":true,"href":"https:\/\/noti-america.com\/site\/ecuador\/wp-json\/wp\/v2\/users\/144"}],"replies":[{"embeddable":true,"href":"https:\/\/noti-america.com\/site\/ecuador\/wp-json\/wp\/v2\/comments?post=31294"}],"version-history":[{"count":1,"href":"https:\/\/noti-america.com\/site\/ecuador\/wp-json\/wp\/v2\/posts\/31294\/revisions"}],"predecessor-version":[{"id":31298,"href":"https:\/\/noti-america.com\/site\/ecuador\/wp-json\/wp\/v2\/posts\/31294\/revisions\/31298"}],"wp:featuredmedia":[{"embeddable":true,"href":"https:\/\/noti-america.com\/site\/ecuador\/wp-json\/wp\/v2\/media\/31297"}],"wp:attachment":[{"href":"https:\/\/noti-america.com\/site\/ecuador\/wp-json\/wp\/v2\/media?parent=31294"}],"wp:term":[{"taxonomy":"category","embeddable":true,"href":"https:\/\/noti-america.com\/site\/ecuador\/wp-json\/wp\/v2\/categories?post=31294"},{"taxonomy":"post_tag","embeddable":true,"href":"https:\/\/noti-america.com\/site\/ecuador\/wp-json\/wp\/v2\/tags?post=31294"}],"curies":[{"name":"wp","href":"https:\/\/api.w.org\/{rel}","templated":true}]}}