{"id":31278,"date":"2024-07-26T19:05:23","date_gmt":"2024-07-26T19:05:23","guid":{"rendered":"https:\/\/noti-america.com\/site\/ecuador\/?p=31278"},"modified":"2024-07-26T19:05:23","modified_gmt":"2024-07-26T19:05:23","slug":"ame-firmo-convenios-con-14-municipios-en-azuay","status":"publish","type":"post","link":"https:\/\/noti-america.com\/site\/ecuador\/2024\/07\/26\/ame-firmo-convenios-con-14-municipios-en-azuay\/","title":{"rendered":"AME firm\u00f3 convenios con 14 municipios en Azuay"},"content":{"rendered":"<p><strong>REDACCI\u00d3N NOTI AM\u00c9RICA (ECUADOR)<\/strong><\/p>\n<p><img loading=\"lazy\" decoding=\"async\" class=\"wp-image-31279 alignleft\" src=\"https:\/\/noti-america.com\/site\/ecuador\/wp-content\/uploads\/sites\/18\/2024\/07\/WhatsApp-Image-2024-07-26-at-09.10.02-300x200.jpeg\" alt=\"\" width=\"497\" height=\"331\" srcset=\"https:\/\/noti-america.com\/site\/ecuador\/wp-content\/uploads\/sites\/18\/2024\/07\/WhatsApp-Image-2024-07-26-at-09.10.02-300x200.jpeg 300w, https:\/\/noti-america.com\/site\/ecuador\/wp-content\/uploads\/sites\/18\/2024\/07\/WhatsApp-Image-2024-07-26-at-09.10.02-1024x682.jpeg 1024w, https:\/\/noti-america.com\/site\/ecuador\/wp-content\/uploads\/sites\/18\/2024\/07\/WhatsApp-Image-2024-07-26-at-09.10.02-768x512.jpeg 768w, https:\/\/noti-america.com\/site\/ecuador\/wp-content\/uploads\/sites\/18\/2024\/07\/WhatsApp-Image-2024-07-26-at-09.10.02-1536x1023.jpeg 1536w, https:\/\/noti-america.com\/site\/ecuador\/wp-content\/uploads\/sites\/18\/2024\/07\/WhatsApp-Image-2024-07-26-at-09.10.02-272x182.jpeg 272w, https:\/\/noti-america.com\/site\/ecuador\/wp-content\/uploads\/sites\/18\/2024\/07\/WhatsApp-Image-2024-07-26-at-09.10.02.jpeg 1600w\" sizes=\"auto, (max-width: 497px) 100vw, 497px\" \/><\/p>\n<p style=\"text-align: justify\">El cant\u00f3n azuayo, San Fernando, fue la sede de la tercera edici\u00f3n del \u201cEncuentro de Alcaldes y Alcaldesas\u201d, actividad que busca el intercambio de experiencias entre los alcaldes de pa\u00eds. La laguna de Busa, atractivo tur\u00edstico, acogi\u00f3 a los primeros personeros de diferentes cantones a nivel nacional.<\/p>\n<p style=\"text-align: justify\">En este espacio, la Asociaci\u00f3n de Municipalidades Ecuatorianas (AME) firm\u00f3 14 convenios de cooperaci\u00f3n t\u00e9cnica con Gobiernos Aut\u00f3nomos Descentralizados Municipales, a trav\u00e9s de recursos econ\u00f3micos no reembolsables para la ejecuci\u00f3n de estudios en diferentes \u00e1reas.<\/p>\n<p style=\"text-align: justify\">Los cantones que se benefician de estos acuerdos son: Celica, El Pangui, El Guabo, Buena Fe, El Tambo, Penipe, Sucre, Jipijapa, San Fernando Putumayo, Suc\u00faa Zapotillo, Cotacachi y Macar\u00e1. Los estudios que se ejecutar\u00e1n se basan en: agua potable, alcantarillado, actualizaci\u00f3n de PDOT y PUGS, turismo, relleno sanitario, catastros, e implementaci\u00f3n de procesos.<\/p>\n<p style=\"text-align: justify\">El presidente nacional, Patricio Maldonado, indic\u00f3 que en su administraci\u00f3n al frente de AME, se han firmado 73 convenios.<\/p>\n<p style=\"text-align: justify\">\u201cEsto es la muestra de la empat\u00eda, cari\u00f1o, compromiso y sencillez que tenemos, no solo con los alcaldes y alcaldesas, sino con los ciudadanos que est\u00e1n esperanzados en cada una de nuestras decisiones\u201d, acot\u00f3 el representante del municipalismo ecuatoriano.<\/p>\n<p style=\"text-align: justify\">El presidente nacional anunci\u00f3 el compromiso de gestionar una capacitaci\u00f3n internacional a los representantes de los Benem\u00e9ritos Cuerpos de Bomberos de los cantones: O\u00f1a, Gir\u00f3n, Pucar\u00e1, Nab\u00f3n y Santa Isabel. Cantones que hist\u00f3ricamente han sufrido el embate de los incendios forestales.<\/p>\n<p style=\"text-align: justify\">De esta manera, la AME ha desconcentrado la asistencia t\u00e9cnica para los cantones m\u00e1s peque\u00f1os, que son los que necesitan el apoyo econ\u00f3mico, pero sobre todo el respaldo de una asociaci\u00f3n que tiene como fin que los municipios sean la Patria, dijo.<\/p>\n","protected":false},"excerpt":{"rendered":"<p>REDACCI\u00d3N NOTI AM\u00c9RICA (ECUADOR) El cant\u00f3n azuayo, San Fernando, fue la sede de la tercera edici\u00f3n del \u201cEncuentro de Alcaldes y Alcaldesas\u201d, actividad que busca el intercambio de experiencias entre los alcaldes de pa\u00eds.&#46;&#46;&#46;<\/p>\n","protected":false},"author":113,"featured_media":31279,"comment_status":"open","ping_status":"open","sticky":false,"template":"","format":"standard","meta":{"_acf_changed":false,"om_disable_all_campaigns":false,"rop_custom_images_group":[],"rop_custom_messages_group":[],"rop_publish_now":"initial","rop_publish_now_accounts":{"twitter_242054905_242054905":""},"rop_publish_now_history":[],"rop_publish_now_status":"pending","_uf_show_specific_survey":0,"_uf_disable_surveys":false,"footnotes":""},"categories":[42],"tags":[],"class_list":["post-31278","post","type-post","status-publish","format-standard","has-post-thumbnail","hentry","category-noticias"],"acf":[],"aioseo_notices":[],"yoast_head":"<!-- This site is optimized with the Yoast SEO Premium plugin v24.9 (Yoast SEO v27.2) - https:\/\/yoast.com\/product\/yoast-seo-premium-wordpress\/ -->\n<title>AME firm\u00f3 convenios con 14 municipios en Azuay - Ecuador | Noti-America.com<\/title>\n<meta name=\"robots\" content=\"index, follow, max-snippet:-1, max-image-preview:large, max-video-preview:-1\" \/>\n<link rel=\"canonical\" href=\"https:\/\/noti-america.com\/site\/ecuador\/2024\/07\/26\/ame-firmo-convenios-con-14-municipios-en-azuay\/\" \/>\n<meta property=\"og:locale\" content=\"es_ES\" \/>\n<meta property=\"og:type\" content=\"article\" \/>\n<meta property=\"og:title\" content=\"AME firm\u00f3 convenios con 14 municipios en Azuay\" \/>\n<meta property=\"og:description\" content=\"REDACCI\u00d3N NOTI AM\u00c9RICA (ECUADOR) El cant\u00f3n azuayo, San Fernando, fue la sede de la tercera edici\u00f3n del \u201cEncuentro de Alcaldes y Alcaldesas\u201d, actividad que busca el intercambio de experiencias entre los alcaldes de pa\u00eds.&#046;&#046;&#046;\" \/>\n<meta property=\"og:url\" content=\"https:\/\/noti-america.com\/site\/ecuador\/2024\/07\/26\/ame-firmo-convenios-con-14-municipios-en-azuay\/\" \/>\n<meta property=\"og:site_name\" content=\"Ecuador | Noti-America.com\" \/>\n<meta property=\"article:published_time\" content=\"2024-07-26T19:05:23+00:00\" \/>\n<meta property=\"og:image\" content=\"https:\/\/noti-america.com\/site\/ecuador\/wp-content\/uploads\/sites\/18\/2024\/07\/WhatsApp-Image-2024-07-26-at-09.10.02.jpeg\" \/>\n\t<meta property=\"og:image:width\" content=\"1600\" \/>\n\t<meta property=\"og:image:height\" content=\"1066\" \/>\n\t<meta property=\"og:image:type\" content=\"image\/jpeg\" \/>\n<meta name=\"author\" content=\"Henry Ortiz\" \/>\n<meta name=\"twitter:card\" content=\"summary_large_image\" \/>\n<meta name=\"twitter:creator\" content=\"@notiamerica\" \/>\n<meta name=\"twitter:site\" content=\"@notiamerica\" \/>\n<meta name=\"twitter:label1\" content=\"Escrito por\" \/>\n\t<meta name=\"twitter:data1\" content=\"Henry Ortiz\" \/>\n\t<meta name=\"twitter:label2\" content=\"Tiempo estimado de lectura\" \/>\n\t<meta name=\"twitter:data2\" content=\"2 minutos\" \/>\n<script type=\"application\/ld+json\" class=\"yoast-schema-graph\">{\"@context\":\"https:\/\/schema.org\",\"@graph\":[{\"@type\":\"Article\",\"@id\":\"https:\/\/noti-america.com\/site\/ecuador\/2024\/07\/26\/ame-firmo-convenios-con-14-municipios-en-azuay\/#article\",\"isPartOf\":{\"@id\":\"https:\/\/noti-america.com\/site\/ecuador\/2024\/07\/26\/ame-firmo-convenios-con-14-municipios-en-azuay\/\"},\"author\":{\"name\":\"Henry Ortiz\",\"@id\":\"https:\/\/noti-america.com\/site\/ecuador\/#\/schema\/person\/b9d1630cc6598af759d45c790a347283\"},\"headline\":\"AME firm\u00f3 convenios con 14 municipios en Azuay\",\"datePublished\":\"2024-07-26T19:05:23+00:00\",\"mainEntityOfPage\":{\"@id\":\"https:\/\/noti-america.com\/site\/ecuador\/2024\/07\/26\/ame-firmo-convenios-con-14-municipios-en-azuay\/\"},\"wordCount\":317,\"commentCount\":0,\"publisher\":{\"@id\":\"https:\/\/noti-america.com\/site\/ecuador\/#organization\"},\"image\":{\"@id\":\"https:\/\/noti-america.com\/site\/ecuador\/2024\/07\/26\/ame-firmo-convenios-con-14-municipios-en-azuay\/#primaryimage\"},\"thumbnailUrl\":\"https:\/\/noti-america.com\/site\/ecuador\/wp-content\/uploads\/sites\/18\/2024\/07\/WhatsApp-Image-2024-07-26-at-09.10.02.jpeg\",\"articleSection\":[\"Noticias\"],\"inLanguage\":\"es\",\"potentialAction\":[{\"@type\":\"CommentAction\",\"name\":\"Comment\",\"target\":[\"https:\/\/noti-america.com\/site\/ecuador\/2024\/07\/26\/ame-firmo-convenios-con-14-municipios-en-azuay\/#respond\"]}]},{\"@type\":\"WebPage\",\"@id\":\"https:\/\/noti-america.com\/site\/ecuador\/2024\/07\/26\/ame-firmo-convenios-con-14-municipios-en-azuay\/\",\"url\":\"https:\/\/noti-america.com\/site\/ecuador\/2024\/07\/26\/ame-firmo-convenios-con-14-municipios-en-azuay\/\",\"name\":\"AME firm\u00f3 convenios con 14 municipios en Azuay - Ecuador | Noti-America.com\",\"isPartOf\":{\"@id\":\"https:\/\/noti-america.com\/site\/ecuador\/#website\"},\"primaryImageOfPage\":{\"@id\":\"https:\/\/noti-america.com\/site\/ecuador\/2024\/07\/26\/ame-firmo-convenios-con-14-municipios-en-azuay\/#primaryimage\"},\"image\":{\"@id\":\"https:\/\/noti-america.com\/site\/ecuador\/2024\/07\/26\/ame-firmo-convenios-con-14-municipios-en-azuay\/#primaryimage\"},\"thumbnailUrl\":\"https:\/\/noti-america.com\/site\/ecuador\/wp-content\/uploads\/sites\/18\/2024\/07\/WhatsApp-Image-2024-07-26-at-09.10.02.jpeg\",\"datePublished\":\"2024-07-26T19:05:23+00:00\",\"breadcrumb\":{\"@id\":\"https:\/\/noti-america.com\/site\/ecuador\/2024\/07\/26\/ame-firmo-convenios-con-14-municipios-en-azuay\/#breadcrumb\"},\"inLanguage\":\"es\",\"potentialAction\":[{\"@type\":\"ReadAction\",\"target\":[\"https:\/\/noti-america.com\/site\/ecuador\/2024\/07\/26\/ame-firmo-convenios-con-14-municipios-en-azuay\/\"]}]},{\"@type\":\"ImageObject\",\"inLanguage\":\"es\",\"@id\":\"https:\/\/noti-america.com\/site\/ecuador\/2024\/07\/26\/ame-firmo-convenios-con-14-municipios-en-azuay\/#primaryimage\",\"url\":\"https:\/\/noti-america.com\/site\/ecuador\/wp-content\/uploads\/sites\/18\/2024\/07\/WhatsApp-Image-2024-07-26-at-09.10.02.jpeg\",\"contentUrl\":\"https:\/\/noti-america.com\/site\/ecuador\/wp-content\/uploads\/sites\/18\/2024\/07\/WhatsApp-Image-2024-07-26-at-09.10.02.jpeg\",\"width\":1600,\"height\":1066},{\"@type\":\"BreadcrumbList\",\"@id\":\"https:\/\/noti-america.com\/site\/ecuador\/2024\/07\/26\/ame-firmo-convenios-con-14-municipios-en-azuay\/#breadcrumb\",\"itemListElement\":[{\"@type\":\"ListItem\",\"position\":1,\"name\":\"Portada\",\"item\":\"https:\/\/noti-america.com\/site\/ecuador\/\"},{\"@type\":\"ListItem\",\"position\":2,\"name\":\"AME firm\u00f3 convenios con 14 municipios en Azuay\"}]},{\"@type\":\"WebSite\",\"@id\":\"https:\/\/noti-america.com\/site\/ecuador\/#website\",\"url\":\"https:\/\/noti-america.com\/site\/ecuador\/\",\"name\":\"Ecuador | Noti-America.com\",\"description\":\"\",\"publisher\":{\"@id\":\"https:\/\/noti-america.com\/site\/ecuador\/#organization\"},\"potentialAction\":[{\"@type\":\"SearchAction\",\"target\":{\"@type\":\"EntryPoint\",\"urlTemplate\":\"https:\/\/noti-america.com\/site\/ecuador\/?s={search_term_string}\"},\"query-input\":{\"@type\":\"PropertyValueSpecification\",\"valueRequired\":true,\"valueName\":\"search_term_string\"}}],\"inLanguage\":\"es\"},{\"@type\":\"Organization\",\"@id\":\"https:\/\/noti-america.com\/site\/ecuador\/#organization\",\"name\":\"Noti-America LLC | Ecuador\",\"url\":\"https:\/\/noti-america.com\/site\/ecuador\/\",\"logo\":{\"@type\":\"ImageObject\",\"inLanguage\":\"es\",\"@id\":\"https:\/\/noti-america.com\/site\/ecuador\/#\/schema\/logo\/image\/\",\"url\":\"https:\/\/noti-america.com\/site\/ecuador\/wp-content\/uploads\/sites\/18\/2020\/07\/LogoNA-4x3-1.jpg\",\"contentUrl\":\"https:\/\/noti-america.com\/site\/ecuador\/wp-content\/uploads\/sites\/18\/2020\/07\/LogoNA-4x3-1.jpg\",\"width\":1236,\"height\":1080,\"caption\":\"Noti-America LLC | Ecuador\"},\"image\":{\"@id\":\"https:\/\/noti-america.com\/site\/ecuador\/#\/schema\/logo\/image\/\"},\"sameAs\":[\"https:\/\/x.com\/notiamerica\"]},{\"@type\":\"Person\",\"@id\":\"https:\/\/noti-america.com\/site\/ecuador\/#\/schema\/person\/b9d1630cc6598af759d45c790a347283\",\"name\":\"Henry Ortiz\",\"image\":{\"@type\":\"ImageObject\",\"inLanguage\":\"es\",\"@id\":\"https:\/\/secure.gravatar.com\/avatar\/0b5407b5b302fbb6a578e625dca512ac2983ee5fa9ea941d581b83c40212e4c8?s=96&d=mm&r=g\",\"url\":\"https:\/\/secure.gravatar.com\/avatar\/0b5407b5b302fbb6a578e625dca512ac2983ee5fa9ea941d581b83c40212e4c8?s=96&d=mm&r=g\",\"contentUrl\":\"https:\/\/secure.gravatar.com\/avatar\/0b5407b5b302fbb6a578e625dca512ac2983ee5fa9ea941d581b83c40212e4c8?s=96&d=mm&r=g\",\"caption\":\"Henry Ortiz\"},\"url\":\"https:\/\/noti-america.com\/site\/ecuador\/author\/hortiz\/\"}]}<\/script>\n<!-- \/ Yoast SEO Premium plugin. -->","yoast_head_json":{"title":"AME firm\u00f3 convenios con 14 municipios en Azuay - Ecuador | Noti-America.com","robots":{"index":"index","follow":"follow","max-snippet":"max-snippet:-1","max-image-preview":"max-image-preview:large","max-video-preview":"max-video-preview:-1"},"canonical":"https:\/\/noti-america.com\/site\/ecuador\/2024\/07\/26\/ame-firmo-convenios-con-14-municipios-en-azuay\/","og_locale":"es_ES","og_type":"article","og_title":"AME firm\u00f3 convenios con 14 municipios en Azuay","og_description":"REDACCI\u00d3N NOTI AM\u00c9RICA (ECUADOR) El cant\u00f3n azuayo, San Fernando, fue la sede de la tercera edici\u00f3n del \u201cEncuentro de Alcaldes y Alcaldesas\u201d, actividad que busca el intercambio de experiencias entre los alcaldes de pa\u00eds.&#46;&#46;&#46;","og_url":"https:\/\/noti-america.com\/site\/ecuador\/2024\/07\/26\/ame-firmo-convenios-con-14-municipios-en-azuay\/","og_site_name":"Ecuador | Noti-America.com","article_published_time":"2024-07-26T19:05:23+00:00","og_image":[{"width":1600,"height":1066,"url":"https:\/\/noti-america.com\/site\/ecuador\/wp-content\/uploads\/sites\/18\/2024\/07\/WhatsApp-Image-2024-07-26-at-09.10.02.jpeg","type":"image\/jpeg"}],"author":"Henry Ortiz","twitter_card":"summary_large_image","twitter_creator":"@notiamerica","twitter_site":"@notiamerica","twitter_misc":{"Escrito por":"Henry Ortiz","Tiempo estimado de lectura":"2 minutos"},"schema":{"@context":"https:\/\/schema.org","@graph":[{"@type":"Article","@id":"https:\/\/noti-america.com\/site\/ecuador\/2024\/07\/26\/ame-firmo-convenios-con-14-municipios-en-azuay\/#article","isPartOf":{"@id":"https:\/\/noti-america.com\/site\/ecuador\/2024\/07\/26\/ame-firmo-convenios-con-14-municipios-en-azuay\/"},"author":{"name":"Henry Ortiz","@id":"https:\/\/noti-america.com\/site\/ecuador\/#\/schema\/person\/b9d1630cc6598af759d45c790a347283"},"headline":"AME firm\u00f3 convenios con 14 municipios en Azuay","datePublished":"2024-07-26T19:05:23+00:00","mainEntityOfPage":{"@id":"https:\/\/noti-america.com\/site\/ecuador\/2024\/07\/26\/ame-firmo-convenios-con-14-municipios-en-azuay\/"},"wordCount":317,"commentCount":0,"publisher":{"@id":"https:\/\/noti-america.com\/site\/ecuador\/#organization"},"image":{"@id":"https:\/\/noti-america.com\/site\/ecuador\/2024\/07\/26\/ame-firmo-convenios-con-14-municipios-en-azuay\/#primaryimage"},"thumbnailUrl":"https:\/\/noti-america.com\/site\/ecuador\/wp-content\/uploads\/sites\/18\/2024\/07\/WhatsApp-Image-2024-07-26-at-09.10.02.jpeg","articleSection":["Noticias"],"inLanguage":"es","potentialAction":[{"@type":"CommentAction","name":"Comment","target":["https:\/\/noti-america.com\/site\/ecuador\/2024\/07\/26\/ame-firmo-convenios-con-14-municipios-en-azuay\/#respond"]}]},{"@type":"WebPage","@id":"https:\/\/noti-america.com\/site\/ecuador\/2024\/07\/26\/ame-firmo-convenios-con-14-municipios-en-azuay\/","url":"https:\/\/noti-america.com\/site\/ecuador\/2024\/07\/26\/ame-firmo-convenios-con-14-municipios-en-azuay\/","name":"AME firm\u00f3 convenios con 14 municipios en Azuay - Ecuador | Noti-America.com","isPartOf":{"@id":"https:\/\/noti-america.com\/site\/ecuador\/#website"},"primaryImageOfPage":{"@id":"https:\/\/noti-america.com\/site\/ecuador\/2024\/07\/26\/ame-firmo-convenios-con-14-municipios-en-azuay\/#primaryimage"},"image":{"@id":"https:\/\/noti-america.com\/site\/ecuador\/2024\/07\/26\/ame-firmo-convenios-con-14-municipios-en-azuay\/#primaryimage"},"thumbnailUrl":"https:\/\/noti-america.com\/site\/ecuador\/wp-content\/uploads\/sites\/18\/2024\/07\/WhatsApp-Image-2024-07-26-at-09.10.02.jpeg","datePublished":"2024-07-26T19:05:23+00:00","breadcrumb":{"@id":"https:\/\/noti-america.com\/site\/ecuador\/2024\/07\/26\/ame-firmo-convenios-con-14-municipios-en-azuay\/#breadcrumb"},"inLanguage":"es","potentialAction":[{"@type":"ReadAction","target":["https:\/\/noti-america.com\/site\/ecuador\/2024\/07\/26\/ame-firmo-convenios-con-14-municipios-en-azuay\/"]}]},{"@type":"ImageObject","inLanguage":"es","@id":"https:\/\/noti-america.com\/site\/ecuador\/2024\/07\/26\/ame-firmo-convenios-con-14-municipios-en-azuay\/#primaryimage","url":"https:\/\/noti-america.com\/site\/ecuador\/wp-content\/uploads\/sites\/18\/2024\/07\/WhatsApp-Image-2024-07-26-at-09.10.02.jpeg","contentUrl":"https:\/\/noti-america.com\/site\/ecuador\/wp-content\/uploads\/sites\/18\/2024\/07\/WhatsApp-Image-2024-07-26-at-09.10.02.jpeg","width":1600,"height":1066},{"@type":"BreadcrumbList","@id":"https:\/\/noti-america.com\/site\/ecuador\/2024\/07\/26\/ame-firmo-convenios-con-14-municipios-en-azuay\/#breadcrumb","itemListElement":[{"@type":"ListItem","position":1,"name":"Portada","item":"https:\/\/noti-america.com\/site\/ecuador\/"},{"@type":"ListItem","position":2,"name":"AME firm\u00f3 convenios con 14 municipios en Azuay"}]},{"@type":"WebSite","@id":"https:\/\/noti-america.com\/site\/ecuador\/#website","url":"https:\/\/noti-america.com\/site\/ecuador\/","name":"Ecuador | Noti-America.com","description":"","publisher":{"@id":"https:\/\/noti-america.com\/site\/ecuador\/#organization"},"potentialAction":[{"@type":"SearchAction","target":{"@type":"EntryPoint","urlTemplate":"https:\/\/noti-america.com\/site\/ecuador\/?s={search_term_string}"},"query-input":{"@type":"PropertyValueSpecification","valueRequired":true,"valueName":"search_term_string"}}],"inLanguage":"es"},{"@type":"Organization","@id":"https:\/\/noti-america.com\/site\/ecuador\/#organization","name":"Noti-America LLC | Ecuador","url":"https:\/\/noti-america.com\/site\/ecuador\/","logo":{"@type":"ImageObject","inLanguage":"es","@id":"https:\/\/noti-america.com\/site\/ecuador\/#\/schema\/logo\/image\/","url":"https:\/\/noti-america.com\/site\/ecuador\/wp-content\/uploads\/sites\/18\/2020\/07\/LogoNA-4x3-1.jpg","contentUrl":"https:\/\/noti-america.com\/site\/ecuador\/wp-content\/uploads\/sites\/18\/2020\/07\/LogoNA-4x3-1.jpg","width":1236,"height":1080,"caption":"Noti-America LLC | Ecuador"},"image":{"@id":"https:\/\/noti-america.com\/site\/ecuador\/#\/schema\/logo\/image\/"},"sameAs":["https:\/\/x.com\/notiamerica"]},{"@type":"Person","@id":"https:\/\/noti-america.com\/site\/ecuador\/#\/schema\/person\/b9d1630cc6598af759d45c790a347283","name":"Henry Ortiz","image":{"@type":"ImageObject","inLanguage":"es","@id":"https:\/\/secure.gravatar.com\/avatar\/0b5407b5b302fbb6a578e625dca512ac2983ee5fa9ea941d581b83c40212e4c8?s=96&d=mm&r=g","url":"https:\/\/secure.gravatar.com\/avatar\/0b5407b5b302fbb6a578e625dca512ac2983ee5fa9ea941d581b83c40212e4c8?s=96&d=mm&r=g","contentUrl":"https:\/\/secure.gravatar.com\/avatar\/0b5407b5b302fbb6a578e625dca512ac2983ee5fa9ea941d581b83c40212e4c8?s=96&d=mm&r=g","caption":"Henry Ortiz"},"url":"https:\/\/noti-america.com\/site\/ecuador\/author\/hortiz\/"}]}},"_links":{"self":[{"href":"https:\/\/noti-america.com\/site\/ecuador\/wp-json\/wp\/v2\/posts\/31278","targetHints":{"allow":["GET"]}}],"collection":[{"href":"https:\/\/noti-america.com\/site\/ecuador\/wp-json\/wp\/v2\/posts"}],"about":[{"href":"https:\/\/noti-america.com\/site\/ecuador\/wp-json\/wp\/v2\/types\/post"}],"author":[{"embeddable":true,"href":"https:\/\/noti-america.com\/site\/ecuador\/wp-json\/wp\/v2\/users\/113"}],"replies":[{"embeddable":true,"href":"https:\/\/noti-america.com\/site\/ecuador\/wp-json\/wp\/v2\/comments?post=31278"}],"version-history":[{"count":1,"href":"https:\/\/noti-america.com\/site\/ecuador\/wp-json\/wp\/v2\/posts\/31278\/revisions"}],"predecessor-version":[{"id":31280,"href":"https:\/\/noti-america.com\/site\/ecuador\/wp-json\/wp\/v2\/posts\/31278\/revisions\/31280"}],"wp:featuredmedia":[{"embeddable":true,"href":"https:\/\/noti-america.com\/site\/ecuador\/wp-json\/wp\/v2\/media\/31279"}],"wp:attachment":[{"href":"https:\/\/noti-america.com\/site\/ecuador\/wp-json\/wp\/v2\/media?parent=31278"}],"wp:term":[{"taxonomy":"category","embeddable":true,"href":"https:\/\/noti-america.com\/site\/ecuador\/wp-json\/wp\/v2\/categories?post=31278"},{"taxonomy":"post_tag","embeddable":true,"href":"https:\/\/noti-america.com\/site\/ecuador\/wp-json\/wp\/v2\/tags?post=31278"}],"curies":[{"name":"wp","href":"https:\/\/api.w.org\/{rel}","templated":true}]}}