{"id":31085,"date":"2024-07-16T15:17:48","date_gmt":"2024-07-16T15:17:48","guid":{"rendered":"https:\/\/noti-america.com\/site\/ecuador\/?p=31085"},"modified":"2024-07-16T15:17:48","modified_gmt":"2024-07-16T15:17:48","slug":"mercado-libre-el-marketplace-numero-uno-en-los-ecommerce-awards-2024","status":"publish","type":"post","link":"https:\/\/noti-america.com\/site\/ecuador\/2024\/07\/16\/mercado-libre-el-marketplace-numero-uno-en-los-ecommerce-awards-2024\/","title":{"rendered":"Mercado Libre, el marketplace n\u00famero uno en los eCommerce Awards 2024"},"content":{"rendered":"<p><strong>REDACCI\u00d3N NOTI AM\u00c9RICA (ECUADOR)<\/strong><\/p>\n<div id=\"attachment_31086\" style=\"width: 496px\" class=\"wp-caption alignleft\"><img loading=\"lazy\" decoding=\"async\" aria-describedby=\"caption-attachment-31086\" class=\"wp-image-31086\" src=\"https:\/\/noti-america.com\/site\/ecuador\/wp-content\/uploads\/sites\/18\/2024\/07\/PREMIACION-ECOMMERCE-AWARDS-2024-300x215.jpg\" alt=\"\" width=\"486\" height=\"348\" srcset=\"https:\/\/noti-america.com\/site\/ecuador\/wp-content\/uploads\/sites\/18\/2024\/07\/PREMIACION-ECOMMERCE-AWARDS-2024-300x215.jpg 300w, https:\/\/noti-america.com\/site\/ecuador\/wp-content\/uploads\/sites\/18\/2024\/07\/PREMIACION-ECOMMERCE-AWARDS-2024-1024x735.jpg 1024w, https:\/\/noti-america.com\/site\/ecuador\/wp-content\/uploads\/sites\/18\/2024\/07\/PREMIACION-ECOMMERCE-AWARDS-2024-768x552.jpg 768w, https:\/\/noti-america.com\/site\/ecuador\/wp-content\/uploads\/sites\/18\/2024\/07\/PREMIACION-ECOMMERCE-AWARDS-2024-1536x1103.jpg 1536w, https:\/\/noti-america.com\/site\/ecuador\/wp-content\/uploads\/sites\/18\/2024\/07\/PREMIACION-ECOMMERCE-AWARDS-2024-2048x1471.jpg 2048w\" sizes=\"auto, (max-width: 486px) 100vw, 486px\" \/><p id=\"caption-attachment-31086\" class=\"wp-caption-text\">Leonardo Ottati, presidente de la C\u00e1mara Ecuatoriana de Comercio Electr\u00f3nico, Carlos Cobo, Head of Mercado Libre Ecuador;Rub\u00e9n Sala, Jefe Comercial de Mercado Libre Ecuador; Mar\u00eda Soledad Jalil, Head of Softlines de Mercado Libre Ecuador; Philippe Fossaert, Gerente General de Mercado Libre Ecuador; y, Marcos Pueyrredon, presidente del eCommerce Institute.<\/p><\/div>\n<p style=\"text-align: justify\">En la d\u00e9cimocuarta edici\u00f3n del eCommerce Day Ecuador, Mercado Libre, empresa l\u00edder en comercio electr\u00f3nico en Am\u00e9rica Latina, fue premiada como la mejor empresa del a\u00f1o en la categor\u00eda \u201cServicios y Soluciones Digitales para Ecommerce, Marketplaces y Super Apps\u00bb. Este reconocimiento, otorgado por el eCommerce Institute y la C\u00e1mara Ecuatoriana de Comercio Electr\u00f3nico, resalta el indiscutible papel de la compa\u00f1\u00eda como la n\u00famero uno en el sector en Ecuador, gracias a su modelo de negocio regional, que ha logrado integrar a miles de vendedores y millones de consumidores en el pa\u00eds.<\/p>\n<p style=\"text-align: justify\">Phillippe Fossaert, Gerente General de Mercado Libre en Ecuador, indic\u00f3 que para Mercado Libre es un honor haber alcanzado este premio, el cual refleja la confianza de los m\u00e1s de cuatro millones de usuarios que visitan mes a mes la plataforma y transaccionan en esta.<\/p>\n<p style=\"text-align: justify\">\u201cNuestro compromiso es ofrecer la mejor experiencia y los m\u00e1s altos est\u00e1ndares de seguridad para consumidores y vendedores. Cada d\u00eda, m\u00e1s marcas reconocidas y pymes se integran a nuestro ecosistema, lo que demuestra que Mercado Libre es el lugar donde las personas encuentran no solo productos, sino una alternativa para sus econom\u00edas. El comercio electr\u00f3nico es una v\u00eda fundamental para impulsar el desarrollo de los negocios y fortalecer la econom\u00eda ecuatoriana. En Mercado Libre estamos dedicados a fomentar un entorno digital s\u00f3lido, seguro y en constante evoluci\u00f3n\u201d.<\/p>\n<p style=\"text-align: justify\">Mercado Libre es el principal operador de comercio electr\u00f3nico en Am\u00e9rica Latina, y la plataforma m\u00e1s visitada en Ecuador desde el a\u00f1o 2023, con un importante terreno en los motores de b\u00fasqueda. Actualmente cuenta con m\u00e1s de 28 categor\u00edas de productos, y m\u00e1s de [450] mil \u00edtems publicados. As\u00ed tambi\u00e9n, se han vinculado m\u00e1s de [3] mil negocios entre pymes y emprendimientos para vender en esta plataforma.<\/p>\n<p style=\"text-align: justify\">Los eCommerce Awards son reconocidos premios otorgados por el eCommerce Institute a la industria del comercio digital, que destacan anualmente a las empresas que han demostrado una notable innovaci\u00f3n, visi\u00f3n estrat\u00e9gica y un compromiso excepcional con la satisfacci\u00f3n del cliente en los diferentes pa\u00edses de la regi\u00f3n latinoamericana.<\/p>\n","protected":false},"excerpt":{"rendered":"<p>REDACCI\u00d3N NOTI AM\u00c9RICA (ECUADOR) En la d\u00e9cimocuarta edici\u00f3n del eCommerce Day Ecuador, Mercado Libre, empresa l\u00edder en comercio electr\u00f3nico en Am\u00e9rica Latina, fue premiada como la mejor empresa del a\u00f1o en la categor\u00eda \u201cServicios&#46;&#46;&#46;<\/p>\n","protected":false},"author":113,"featured_media":31086,"comment_status":"open","ping_status":"open","sticky":false,"template":"","format":"standard","meta":{"_acf_changed":false,"om_disable_all_campaigns":false,"rop_custom_images_group":[],"rop_custom_messages_group":[],"rop_publish_now":"initial","rop_publish_now_accounts":{"twitter_242054905_242054905":""},"rop_publish_now_history":[],"rop_publish_now_status":"pending","_uf_show_specific_survey":0,"_uf_disable_surveys":false,"footnotes":""},"categories":[5],"tags":[],"class_list":["post-31085","post","type-post","status-publish","format-standard","has-post-thumbnail","hentry","category-economia"],"acf":[],"aioseo_notices":[],"yoast_head":"<!-- This site is optimized with the Yoast SEO Premium plugin v24.9 (Yoast SEO v27.2) - https:\/\/yoast.com\/product\/yoast-seo-premium-wordpress\/ -->\n<title>Mercado Libre, el marketplace n\u00famero uno en los eCommerce Awards 2024 - Ecuador | Noti-America.com<\/title>\n<meta name=\"robots\" content=\"index, follow, max-snippet:-1, max-image-preview:large, max-video-preview:-1\" \/>\n<link rel=\"canonical\" href=\"https:\/\/noti-america.com\/site\/ecuador\/2024\/07\/16\/mercado-libre-el-marketplace-numero-uno-en-los-ecommerce-awards-2024\/\" \/>\n<meta property=\"og:locale\" content=\"es_ES\" \/>\n<meta property=\"og:type\" content=\"article\" \/>\n<meta property=\"og:title\" content=\"Mercado Libre, el marketplace n\u00famero uno en los eCommerce Awards 2024\" \/>\n<meta property=\"og:description\" content=\"REDACCI\u00d3N NOTI AM\u00c9RICA (ECUADOR) En la d\u00e9cimocuarta edici\u00f3n del eCommerce Day Ecuador, Mercado Libre, empresa l\u00edder en comercio electr\u00f3nico en Am\u00e9rica Latina, fue premiada como la mejor empresa del a\u00f1o en la categor\u00eda \u201cServicios&#046;&#046;&#046;\" \/>\n<meta property=\"og:url\" content=\"https:\/\/noti-america.com\/site\/ecuador\/2024\/07\/16\/mercado-libre-el-marketplace-numero-uno-en-los-ecommerce-awards-2024\/\" \/>\n<meta property=\"og:site_name\" content=\"Ecuador | Noti-America.com\" \/>\n<meta property=\"article:published_time\" content=\"2024-07-16T15:17:48+00:00\" \/>\n<meta property=\"og:image\" content=\"https:\/\/noti-america.com\/site\/ecuador\/wp-content\/uploads\/sites\/18\/2024\/07\/PREMIACION-ECOMMERCE-AWARDS-2024-scaled.jpg\" \/>\n\t<meta property=\"og:image:width\" content=\"2560\" \/>\n\t<meta property=\"og:image:height\" content=\"1839\" \/>\n\t<meta property=\"og:image:type\" content=\"image\/jpeg\" \/>\n<meta name=\"author\" content=\"Henry Ortiz\" \/>\n<meta name=\"twitter:card\" content=\"summary_large_image\" \/>\n<meta name=\"twitter:creator\" content=\"@notiamerica\" \/>\n<meta name=\"twitter:site\" content=\"@notiamerica\" \/>\n<meta name=\"twitter:label1\" content=\"Escrito por\" \/>\n\t<meta name=\"twitter:data1\" content=\"Henry Ortiz\" \/>\n\t<meta name=\"twitter:label2\" content=\"Tiempo estimado de lectura\" \/>\n\t<meta name=\"twitter:data2\" content=\"3 minutos\" \/>\n<script type=\"application\/ld+json\" class=\"yoast-schema-graph\">{\"@context\":\"https:\/\/schema.org\",\"@graph\":[{\"@type\":\"Article\",\"@id\":\"https:\/\/noti-america.com\/site\/ecuador\/2024\/07\/16\/mercado-libre-el-marketplace-numero-uno-en-los-ecommerce-awards-2024\/#article\",\"isPartOf\":{\"@id\":\"https:\/\/noti-america.com\/site\/ecuador\/2024\/07\/16\/mercado-libre-el-marketplace-numero-uno-en-los-ecommerce-awards-2024\/\"},\"author\":{\"name\":\"Henry Ortiz\",\"@id\":\"https:\/\/noti-america.com\/site\/ecuador\/#\/schema\/person\/b9d1630cc6598af759d45c790a347283\"},\"headline\":\"Mercado Libre, el marketplace n\u00famero uno en los eCommerce Awards 2024\",\"datePublished\":\"2024-07-16T15:17:48+00:00\",\"mainEntityOfPage\":{\"@id\":\"https:\/\/noti-america.com\/site\/ecuador\/2024\/07\/16\/mercado-libre-el-marketplace-numero-uno-en-los-ecommerce-awards-2024\/\"},\"wordCount\":451,\"commentCount\":0,\"publisher\":{\"@id\":\"https:\/\/noti-america.com\/site\/ecuador\/#organization\"},\"image\":{\"@id\":\"https:\/\/noti-america.com\/site\/ecuador\/2024\/07\/16\/mercado-libre-el-marketplace-numero-uno-en-los-ecommerce-awards-2024\/#primaryimage\"},\"thumbnailUrl\":\"https:\/\/noti-america.com\/site\/ecuador\/wp-content\/uploads\/sites\/18\/2024\/07\/PREMIACION-ECOMMERCE-AWARDS-2024-scaled.jpg\",\"articleSection\":[\"Econom\u00eda\"],\"inLanguage\":\"es\",\"potentialAction\":[{\"@type\":\"CommentAction\",\"name\":\"Comment\",\"target\":[\"https:\/\/noti-america.com\/site\/ecuador\/2024\/07\/16\/mercado-libre-el-marketplace-numero-uno-en-los-ecommerce-awards-2024\/#respond\"]}]},{\"@type\":\"WebPage\",\"@id\":\"https:\/\/noti-america.com\/site\/ecuador\/2024\/07\/16\/mercado-libre-el-marketplace-numero-uno-en-los-ecommerce-awards-2024\/\",\"url\":\"https:\/\/noti-america.com\/site\/ecuador\/2024\/07\/16\/mercado-libre-el-marketplace-numero-uno-en-los-ecommerce-awards-2024\/\",\"name\":\"Mercado Libre, el marketplace n\u00famero uno en los eCommerce Awards 2024 - Ecuador | Noti-America.com\",\"isPartOf\":{\"@id\":\"https:\/\/noti-america.com\/site\/ecuador\/#website\"},\"primaryImageOfPage\":{\"@id\":\"https:\/\/noti-america.com\/site\/ecuador\/2024\/07\/16\/mercado-libre-el-marketplace-numero-uno-en-los-ecommerce-awards-2024\/#primaryimage\"},\"image\":{\"@id\":\"https:\/\/noti-america.com\/site\/ecuador\/2024\/07\/16\/mercado-libre-el-marketplace-numero-uno-en-los-ecommerce-awards-2024\/#primaryimage\"},\"thumbnailUrl\":\"https:\/\/noti-america.com\/site\/ecuador\/wp-content\/uploads\/sites\/18\/2024\/07\/PREMIACION-ECOMMERCE-AWARDS-2024-scaled.jpg\",\"datePublished\":\"2024-07-16T15:17:48+00:00\",\"breadcrumb\":{\"@id\":\"https:\/\/noti-america.com\/site\/ecuador\/2024\/07\/16\/mercado-libre-el-marketplace-numero-uno-en-los-ecommerce-awards-2024\/#breadcrumb\"},\"inLanguage\":\"es\",\"potentialAction\":[{\"@type\":\"ReadAction\",\"target\":[\"https:\/\/noti-america.com\/site\/ecuador\/2024\/07\/16\/mercado-libre-el-marketplace-numero-uno-en-los-ecommerce-awards-2024\/\"]}]},{\"@type\":\"ImageObject\",\"inLanguage\":\"es\",\"@id\":\"https:\/\/noti-america.com\/site\/ecuador\/2024\/07\/16\/mercado-libre-el-marketplace-numero-uno-en-los-ecommerce-awards-2024\/#primaryimage\",\"url\":\"https:\/\/noti-america.com\/site\/ecuador\/wp-content\/uploads\/sites\/18\/2024\/07\/PREMIACION-ECOMMERCE-AWARDS-2024-scaled.jpg\",\"contentUrl\":\"https:\/\/noti-america.com\/site\/ecuador\/wp-content\/uploads\/sites\/18\/2024\/07\/PREMIACION-ECOMMERCE-AWARDS-2024-scaled.jpg\",\"width\":2560,\"height\":1839},{\"@type\":\"BreadcrumbList\",\"@id\":\"https:\/\/noti-america.com\/site\/ecuador\/2024\/07\/16\/mercado-libre-el-marketplace-numero-uno-en-los-ecommerce-awards-2024\/#breadcrumb\",\"itemListElement\":[{\"@type\":\"ListItem\",\"position\":1,\"name\":\"Portada\",\"item\":\"https:\/\/noti-america.com\/site\/ecuador\/\"},{\"@type\":\"ListItem\",\"position\":2,\"name\":\"Mercado Libre, el marketplace n\u00famero uno en los eCommerce Awards 2024\"}]},{\"@type\":\"WebSite\",\"@id\":\"https:\/\/noti-america.com\/site\/ecuador\/#website\",\"url\":\"https:\/\/noti-america.com\/site\/ecuador\/\",\"name\":\"Ecuador | Noti-America.com\",\"description\":\"\",\"publisher\":{\"@id\":\"https:\/\/noti-america.com\/site\/ecuador\/#organization\"},\"potentialAction\":[{\"@type\":\"SearchAction\",\"target\":{\"@type\":\"EntryPoint\",\"urlTemplate\":\"https:\/\/noti-america.com\/site\/ecuador\/?s={search_term_string}\"},\"query-input\":{\"@type\":\"PropertyValueSpecification\",\"valueRequired\":true,\"valueName\":\"search_term_string\"}}],\"inLanguage\":\"es\"},{\"@type\":\"Organization\",\"@id\":\"https:\/\/noti-america.com\/site\/ecuador\/#organization\",\"name\":\"Noti-America LLC | Ecuador\",\"url\":\"https:\/\/noti-america.com\/site\/ecuador\/\",\"logo\":{\"@type\":\"ImageObject\",\"inLanguage\":\"es\",\"@id\":\"https:\/\/noti-america.com\/site\/ecuador\/#\/schema\/logo\/image\/\",\"url\":\"https:\/\/noti-america.com\/site\/ecuador\/wp-content\/uploads\/sites\/18\/2020\/07\/LogoNA-4x3-1.jpg\",\"contentUrl\":\"https:\/\/noti-america.com\/site\/ecuador\/wp-content\/uploads\/sites\/18\/2020\/07\/LogoNA-4x3-1.jpg\",\"width\":1236,\"height\":1080,\"caption\":\"Noti-America LLC | Ecuador\"},\"image\":{\"@id\":\"https:\/\/noti-america.com\/site\/ecuador\/#\/schema\/logo\/image\/\"},\"sameAs\":[\"https:\/\/x.com\/notiamerica\"]},{\"@type\":\"Person\",\"@id\":\"https:\/\/noti-america.com\/site\/ecuador\/#\/schema\/person\/b9d1630cc6598af759d45c790a347283\",\"name\":\"Henry Ortiz\",\"image\":{\"@type\":\"ImageObject\",\"inLanguage\":\"es\",\"@id\":\"https:\/\/secure.gravatar.com\/avatar\/0b5407b5b302fbb6a578e625dca512ac2983ee5fa9ea941d581b83c40212e4c8?s=96&d=mm&r=g\",\"url\":\"https:\/\/secure.gravatar.com\/avatar\/0b5407b5b302fbb6a578e625dca512ac2983ee5fa9ea941d581b83c40212e4c8?s=96&d=mm&r=g\",\"contentUrl\":\"https:\/\/secure.gravatar.com\/avatar\/0b5407b5b302fbb6a578e625dca512ac2983ee5fa9ea941d581b83c40212e4c8?s=96&d=mm&r=g\",\"caption\":\"Henry Ortiz\"},\"url\":\"https:\/\/noti-america.com\/site\/ecuador\/author\/hortiz\/\"}]}<\/script>\n<!-- \/ Yoast SEO Premium plugin. -->","yoast_head_json":{"title":"Mercado Libre, el marketplace n\u00famero uno en los eCommerce Awards 2024 - Ecuador | Noti-America.com","robots":{"index":"index","follow":"follow","max-snippet":"max-snippet:-1","max-image-preview":"max-image-preview:large","max-video-preview":"max-video-preview:-1"},"canonical":"https:\/\/noti-america.com\/site\/ecuador\/2024\/07\/16\/mercado-libre-el-marketplace-numero-uno-en-los-ecommerce-awards-2024\/","og_locale":"es_ES","og_type":"article","og_title":"Mercado Libre, el marketplace n\u00famero uno en los eCommerce Awards 2024","og_description":"REDACCI\u00d3N NOTI AM\u00c9RICA (ECUADOR) En la d\u00e9cimocuarta edici\u00f3n del eCommerce Day Ecuador, Mercado Libre, empresa l\u00edder en comercio electr\u00f3nico en Am\u00e9rica Latina, fue premiada como la mejor empresa del a\u00f1o en la categor\u00eda \u201cServicios&#46;&#46;&#46;","og_url":"https:\/\/noti-america.com\/site\/ecuador\/2024\/07\/16\/mercado-libre-el-marketplace-numero-uno-en-los-ecommerce-awards-2024\/","og_site_name":"Ecuador | Noti-America.com","article_published_time":"2024-07-16T15:17:48+00:00","og_image":[{"width":2560,"height":1839,"url":"https:\/\/noti-america.com\/site\/ecuador\/wp-content\/uploads\/sites\/18\/2024\/07\/PREMIACION-ECOMMERCE-AWARDS-2024-scaled.jpg","type":"image\/jpeg"}],"author":"Henry Ortiz","twitter_card":"summary_large_image","twitter_creator":"@notiamerica","twitter_site":"@notiamerica","twitter_misc":{"Escrito por":"Henry Ortiz","Tiempo estimado de lectura":"3 minutos"},"schema":{"@context":"https:\/\/schema.org","@graph":[{"@type":"Article","@id":"https:\/\/noti-america.com\/site\/ecuador\/2024\/07\/16\/mercado-libre-el-marketplace-numero-uno-en-los-ecommerce-awards-2024\/#article","isPartOf":{"@id":"https:\/\/noti-america.com\/site\/ecuador\/2024\/07\/16\/mercado-libre-el-marketplace-numero-uno-en-los-ecommerce-awards-2024\/"},"author":{"name":"Henry Ortiz","@id":"https:\/\/noti-america.com\/site\/ecuador\/#\/schema\/person\/b9d1630cc6598af759d45c790a347283"},"headline":"Mercado Libre, el marketplace n\u00famero uno en los eCommerce Awards 2024","datePublished":"2024-07-16T15:17:48+00:00","mainEntityOfPage":{"@id":"https:\/\/noti-america.com\/site\/ecuador\/2024\/07\/16\/mercado-libre-el-marketplace-numero-uno-en-los-ecommerce-awards-2024\/"},"wordCount":451,"commentCount":0,"publisher":{"@id":"https:\/\/noti-america.com\/site\/ecuador\/#organization"},"image":{"@id":"https:\/\/noti-america.com\/site\/ecuador\/2024\/07\/16\/mercado-libre-el-marketplace-numero-uno-en-los-ecommerce-awards-2024\/#primaryimage"},"thumbnailUrl":"https:\/\/noti-america.com\/site\/ecuador\/wp-content\/uploads\/sites\/18\/2024\/07\/PREMIACION-ECOMMERCE-AWARDS-2024-scaled.jpg","articleSection":["Econom\u00eda"],"inLanguage":"es","potentialAction":[{"@type":"CommentAction","name":"Comment","target":["https:\/\/noti-america.com\/site\/ecuador\/2024\/07\/16\/mercado-libre-el-marketplace-numero-uno-en-los-ecommerce-awards-2024\/#respond"]}]},{"@type":"WebPage","@id":"https:\/\/noti-america.com\/site\/ecuador\/2024\/07\/16\/mercado-libre-el-marketplace-numero-uno-en-los-ecommerce-awards-2024\/","url":"https:\/\/noti-america.com\/site\/ecuador\/2024\/07\/16\/mercado-libre-el-marketplace-numero-uno-en-los-ecommerce-awards-2024\/","name":"Mercado Libre, el marketplace n\u00famero uno en los eCommerce Awards 2024 - Ecuador | Noti-America.com","isPartOf":{"@id":"https:\/\/noti-america.com\/site\/ecuador\/#website"},"primaryImageOfPage":{"@id":"https:\/\/noti-america.com\/site\/ecuador\/2024\/07\/16\/mercado-libre-el-marketplace-numero-uno-en-los-ecommerce-awards-2024\/#primaryimage"},"image":{"@id":"https:\/\/noti-america.com\/site\/ecuador\/2024\/07\/16\/mercado-libre-el-marketplace-numero-uno-en-los-ecommerce-awards-2024\/#primaryimage"},"thumbnailUrl":"https:\/\/noti-america.com\/site\/ecuador\/wp-content\/uploads\/sites\/18\/2024\/07\/PREMIACION-ECOMMERCE-AWARDS-2024-scaled.jpg","datePublished":"2024-07-16T15:17:48+00:00","breadcrumb":{"@id":"https:\/\/noti-america.com\/site\/ecuador\/2024\/07\/16\/mercado-libre-el-marketplace-numero-uno-en-los-ecommerce-awards-2024\/#breadcrumb"},"inLanguage":"es","potentialAction":[{"@type":"ReadAction","target":["https:\/\/noti-america.com\/site\/ecuador\/2024\/07\/16\/mercado-libre-el-marketplace-numero-uno-en-los-ecommerce-awards-2024\/"]}]},{"@type":"ImageObject","inLanguage":"es","@id":"https:\/\/noti-america.com\/site\/ecuador\/2024\/07\/16\/mercado-libre-el-marketplace-numero-uno-en-los-ecommerce-awards-2024\/#primaryimage","url":"https:\/\/noti-america.com\/site\/ecuador\/wp-content\/uploads\/sites\/18\/2024\/07\/PREMIACION-ECOMMERCE-AWARDS-2024-scaled.jpg","contentUrl":"https:\/\/noti-america.com\/site\/ecuador\/wp-content\/uploads\/sites\/18\/2024\/07\/PREMIACION-ECOMMERCE-AWARDS-2024-scaled.jpg","width":2560,"height":1839},{"@type":"BreadcrumbList","@id":"https:\/\/noti-america.com\/site\/ecuador\/2024\/07\/16\/mercado-libre-el-marketplace-numero-uno-en-los-ecommerce-awards-2024\/#breadcrumb","itemListElement":[{"@type":"ListItem","position":1,"name":"Portada","item":"https:\/\/noti-america.com\/site\/ecuador\/"},{"@type":"ListItem","position":2,"name":"Mercado Libre, el marketplace n\u00famero uno en los eCommerce Awards 2024"}]},{"@type":"WebSite","@id":"https:\/\/noti-america.com\/site\/ecuador\/#website","url":"https:\/\/noti-america.com\/site\/ecuador\/","name":"Ecuador | Noti-America.com","description":"","publisher":{"@id":"https:\/\/noti-america.com\/site\/ecuador\/#organization"},"potentialAction":[{"@type":"SearchAction","target":{"@type":"EntryPoint","urlTemplate":"https:\/\/noti-america.com\/site\/ecuador\/?s={search_term_string}"},"query-input":{"@type":"PropertyValueSpecification","valueRequired":true,"valueName":"search_term_string"}}],"inLanguage":"es"},{"@type":"Organization","@id":"https:\/\/noti-america.com\/site\/ecuador\/#organization","name":"Noti-America LLC | Ecuador","url":"https:\/\/noti-america.com\/site\/ecuador\/","logo":{"@type":"ImageObject","inLanguage":"es","@id":"https:\/\/noti-america.com\/site\/ecuador\/#\/schema\/logo\/image\/","url":"https:\/\/noti-america.com\/site\/ecuador\/wp-content\/uploads\/sites\/18\/2020\/07\/LogoNA-4x3-1.jpg","contentUrl":"https:\/\/noti-america.com\/site\/ecuador\/wp-content\/uploads\/sites\/18\/2020\/07\/LogoNA-4x3-1.jpg","width":1236,"height":1080,"caption":"Noti-America LLC | Ecuador"},"image":{"@id":"https:\/\/noti-america.com\/site\/ecuador\/#\/schema\/logo\/image\/"},"sameAs":["https:\/\/x.com\/notiamerica"]},{"@type":"Person","@id":"https:\/\/noti-america.com\/site\/ecuador\/#\/schema\/person\/b9d1630cc6598af759d45c790a347283","name":"Henry Ortiz","image":{"@type":"ImageObject","inLanguage":"es","@id":"https:\/\/secure.gravatar.com\/avatar\/0b5407b5b302fbb6a578e625dca512ac2983ee5fa9ea941d581b83c40212e4c8?s=96&d=mm&r=g","url":"https:\/\/secure.gravatar.com\/avatar\/0b5407b5b302fbb6a578e625dca512ac2983ee5fa9ea941d581b83c40212e4c8?s=96&d=mm&r=g","contentUrl":"https:\/\/secure.gravatar.com\/avatar\/0b5407b5b302fbb6a578e625dca512ac2983ee5fa9ea941d581b83c40212e4c8?s=96&d=mm&r=g","caption":"Henry Ortiz"},"url":"https:\/\/noti-america.com\/site\/ecuador\/author\/hortiz\/"}]}},"_links":{"self":[{"href":"https:\/\/noti-america.com\/site\/ecuador\/wp-json\/wp\/v2\/posts\/31085","targetHints":{"allow":["GET"]}}],"collection":[{"href":"https:\/\/noti-america.com\/site\/ecuador\/wp-json\/wp\/v2\/posts"}],"about":[{"href":"https:\/\/noti-america.com\/site\/ecuador\/wp-json\/wp\/v2\/types\/post"}],"author":[{"embeddable":true,"href":"https:\/\/noti-america.com\/site\/ecuador\/wp-json\/wp\/v2\/users\/113"}],"replies":[{"embeddable":true,"href":"https:\/\/noti-america.com\/site\/ecuador\/wp-json\/wp\/v2\/comments?post=31085"}],"version-history":[{"count":1,"href":"https:\/\/noti-america.com\/site\/ecuador\/wp-json\/wp\/v2\/posts\/31085\/revisions"}],"predecessor-version":[{"id":31087,"href":"https:\/\/noti-america.com\/site\/ecuador\/wp-json\/wp\/v2\/posts\/31085\/revisions\/31087"}],"wp:featuredmedia":[{"embeddable":true,"href":"https:\/\/noti-america.com\/site\/ecuador\/wp-json\/wp\/v2\/media\/31086"}],"wp:attachment":[{"href":"https:\/\/noti-america.com\/site\/ecuador\/wp-json\/wp\/v2\/media?parent=31085"}],"wp:term":[{"taxonomy":"category","embeddable":true,"href":"https:\/\/noti-america.com\/site\/ecuador\/wp-json\/wp\/v2\/categories?post=31085"},{"taxonomy":"post_tag","embeddable":true,"href":"https:\/\/noti-america.com\/site\/ecuador\/wp-json\/wp\/v2\/tags?post=31085"}],"curies":[{"name":"wp","href":"https:\/\/api.w.org\/{rel}","templated":true}]}}