{"id":31041,"date":"2024-07-10T05:01:26","date_gmt":"2024-07-10T05:01:26","guid":{"rendered":"https:\/\/noti-america.com\/site\/ecuador\/?p=31041"},"modified":"2024-07-10T05:04:00","modified_gmt":"2024-07-10T05:04:00","slug":"se-inicia-el-autoshow-con-una-exposicion-de-mas-de-50-marcas","status":"publish","type":"post","link":"https:\/\/noti-america.com\/site\/ecuador\/2024\/07\/10\/se-inicia-el-autoshow-con-una-exposicion-de-mas-de-50-marcas\/","title":{"rendered":"Se inicia el Autoshow con una exposici\u00f3n de m\u00e1s de 50 marcas"},"content":{"rendered":"<p><strong>REDACCI\u00d3N NOTI-AM\u00c9RICA (ECUADOR).<\/strong><\/p>\n<p style=\"text-align: justify\"><img loading=\"lazy\" decoding=\"async\" class=\"size-medium wp-image-31042 aligncenter\" src=\"https:\/\/noti-america.com\/site\/ecuador\/wp-content\/uploads\/sites\/18\/2024\/07\/IMG_20240709_171519_1-300x225.jpg\" alt=\"\" width=\"300\" height=\"225\" srcset=\"https:\/\/noti-america.com\/site\/ecuador\/wp-content\/uploads\/sites\/18\/2024\/07\/IMG_20240709_171519_1-300x225.jpg 300w, https:\/\/noti-america.com\/site\/ecuador\/wp-content\/uploads\/sites\/18\/2024\/07\/IMG_20240709_171519_1-1024x768.jpg 1024w, https:\/\/noti-america.com\/site\/ecuador\/wp-content\/uploads\/sites\/18\/2024\/07\/IMG_20240709_171519_1-768x576.jpg 768w, https:\/\/noti-america.com\/site\/ecuador\/wp-content\/uploads\/sites\/18\/2024\/07\/IMG_20240709_171519_1-1536x1152.jpg 1536w, https:\/\/noti-america.com\/site\/ecuador\/wp-content\/uploads\/sites\/18\/2024\/07\/IMG_20240709_171519_1-2048x1536.jpg 2048w\" sizes=\"auto, (max-width: 300px) 100vw, 300px\" \/>En el Centro de Convenciones de Guayaquil, se lleva acabo la feria de Autoshow 2024, que se realiza del 9 al 14 de julio. En esta edici\u00f3n ha convocado a m\u00e1s de 50 marcas.<\/p>\n<p style=\"text-align: justify\">El evento re\u00fane a diferentes modelos de veh\u00edculos y ofrece promociones \u00fanicas durante toda la feria. Seg\u00fan la Asociaci\u00f3n Ecuatoriana Automotriz (AEA), la edici\u00f3n de 2023 registr\u00f3 la venta de un total de 135,250 unidades. Adem\u00e1s, inform\u00f3 de un aumento en las ventas de veh\u00edculos el\u00e9ctricos e h\u00edbridos.<\/p>\n<p style=\"text-align: justify\"><img loading=\"lazy\" decoding=\"async\" class=\"size-medium wp-image-31043 aligncenter\" src=\"https:\/\/noti-america.com\/site\/ecuador\/wp-content\/uploads\/sites\/18\/2024\/07\/IMG_20240709_153543_1-300x225.jpg\" alt=\"\" width=\"300\" height=\"225\" srcset=\"https:\/\/noti-america.com\/site\/ecuador\/wp-content\/uploads\/sites\/18\/2024\/07\/IMG_20240709_153543_1-300x225.jpg 300w, https:\/\/noti-america.com\/site\/ecuador\/wp-content\/uploads\/sites\/18\/2024\/07\/IMG_20240709_153543_1-1024x768.jpg 1024w, https:\/\/noti-america.com\/site\/ecuador\/wp-content\/uploads\/sites\/18\/2024\/07\/IMG_20240709_153543_1-768x576.jpg 768w, https:\/\/noti-america.com\/site\/ecuador\/wp-content\/uploads\/sites\/18\/2024\/07\/IMG_20240709_153543_1-1536x1152.jpg 1536w, https:\/\/noti-america.com\/site\/ecuador\/wp-content\/uploads\/sites\/18\/2024\/07\/IMG_20240709_153543_1-2048x1536.jpg 2048w\" sizes=\"auto, (max-width: 300px) 100vw, 300px\" \/>Entre las novedades de esta nueva edici\u00f3n, se destaca la presencia de marcas como Volkswagen, que ha tra\u00eddo a Ecuador una nueva versi\u00f3n totalmente el\u00e9ctrica de su ic\u00f3nica Combi. Este veh\u00edculo se distingue por utilizar materiales sostenibles, como pl\u00e1stico reciclado procedente de botellas recolectadas en los oc\u00e9anos. El automotor ha captado la atenci\u00f3n de los asistentes por combinar un dise\u00f1o retro con tecnolog\u00edas modernas y ecol\u00f3gicas.<\/p>\n<p style=\"text-align: justify\">Otra de la marcas pero en el segmento de camionetas, que tambi\u00e9n llamo la atenci\u00f3n de los visitantes en este primer d\u00eda, fue Foton, con la presentaci\u00f3n de su camioneta a di\u00e9sel y gasolina, con un dise\u00f1o robusto que combina la potencia y el rendimiento de un cami\u00f3n, para trabajar duro en cualquier tipo de terreno.<\/p>\n<p style=\"text-align: justify\"><img loading=\"lazy\" decoding=\"async\" class=\"size-medium wp-image-31044 alignleft\" src=\"https:\/\/noti-america.com\/site\/ecuador\/wp-content\/uploads\/sites\/18\/2024\/07\/IMG_20240709_165424-300x225.jpg\" alt=\"\" width=\"300\" height=\"225\" srcset=\"https:\/\/noti-america.com\/site\/ecuador\/wp-content\/uploads\/sites\/18\/2024\/07\/IMG_20240709_165424-300x225.jpg 300w, https:\/\/noti-america.com\/site\/ecuador\/wp-content\/uploads\/sites\/18\/2024\/07\/IMG_20240709_165424-1024x768.jpg 1024w, https:\/\/noti-america.com\/site\/ecuador\/wp-content\/uploads\/sites\/18\/2024\/07\/IMG_20240709_165424-768x576.jpg 768w, https:\/\/noti-america.com\/site\/ecuador\/wp-content\/uploads\/sites\/18\/2024\/07\/IMG_20240709_165424-1536x1152.jpg 1536w, https:\/\/noti-america.com\/site\/ecuador\/wp-content\/uploads\/sites\/18\/2024\/07\/IMG_20240709_165424-2048x1536.jpg 2048w\" sizes=\"auto, (max-width: 300px) 100vw, 300px\" \/>De igual forma, otras marcas que tambi\u00e9n captaron la atenci\u00f3n de los presentes fue BYD y Suzuki, que tambi\u00e9n est\u00e1n presentes en el evento. Esteban Acosta, gerente de Suzuki Ecuador, invit\u00f3 a comparar los precios antes de realizar una compra.<\/p>\n<p style=\"text-align: justify\">El evento espera la asistencia de 60.000 visitantes, quienes adem\u00e1s recibir\u00e1n asesoramiento financiero de las entidades bancarias y los programas de compra de veh\u00edculos nuevos.<\/p>\n<p style=\"text-align: justify\">Los horarios ser\u00e1n de martes a viernes, de 12:00 a 21:00, y s\u00e1bado y domingo de 11:00 a 21:00. El valor de la entrada ser\u00e1 de USD 4,00 para adultos, USD 2,00 para tercera edad y ni\u00f1os menores de 5 a\u00f1os.<\/p>\n<p>&nbsp;<\/p>\n","protected":false},"excerpt":{"rendered":"<p>REDACCI\u00d3N NOTI-AM\u00c9RICA (ECUADOR). En el Centro de Convenciones de Guayaquil, se lleva acabo la feria de Autoshow 2024, que se realiza del 9 al 14 de julio. En esta edici\u00f3n ha convocado a m\u00e1s&#46;&#46;&#46;<\/p>\n","protected":false},"author":144,"featured_media":31042,"comment_status":"open","ping_status":"open","sticky":false,"template":"","format":"standard","meta":{"_acf_changed":false,"om_disable_all_campaigns":false,"rop_custom_images_group":[],"rop_custom_messages_group":[],"rop_publish_now":"initial","rop_publish_now_accounts":{"twitter_242054905_242054905":""},"rop_publish_now_history":[],"rop_publish_now_status":"pending","_uf_show_specific_survey":0,"_uf_disable_surveys":false,"footnotes":""},"categories":[42],"tags":[],"class_list":["post-31041","post","type-post","status-publish","format-standard","has-post-thumbnail","hentry","category-noticias"],"acf":[],"aioseo_notices":[],"yoast_head":"<!-- This site is optimized with the Yoast SEO Premium plugin v24.9 (Yoast SEO v27.2) - https:\/\/yoast.com\/product\/yoast-seo-premium-wordpress\/ -->\n<title>Se inicia el Autoshow con una exposici\u00f3n de m\u00e1s de 50 marcas - Ecuador | Noti-America.com<\/title>\n<meta name=\"robots\" content=\"index, follow, max-snippet:-1, max-image-preview:large, max-video-preview:-1\" \/>\n<link rel=\"canonical\" href=\"https:\/\/noti-america.com\/site\/ecuador\/2024\/07\/10\/se-inicia-el-autoshow-con-una-exposicion-de-mas-de-50-marcas\/\" \/>\n<meta property=\"og:locale\" content=\"es_ES\" \/>\n<meta property=\"og:type\" content=\"article\" \/>\n<meta property=\"og:title\" content=\"Se inicia el Autoshow con una exposici\u00f3n de m\u00e1s de 50 marcas\" \/>\n<meta property=\"og:description\" content=\"REDACCI\u00d3N NOTI-AM\u00c9RICA (ECUADOR). En el Centro de Convenciones de Guayaquil, se lleva acabo la feria de Autoshow 2024, que se realiza del 9 al 14 de julio. En esta edici\u00f3n ha convocado a m\u00e1s&#046;&#046;&#046;\" \/>\n<meta property=\"og:url\" content=\"https:\/\/noti-america.com\/site\/ecuador\/2024\/07\/10\/se-inicia-el-autoshow-con-una-exposicion-de-mas-de-50-marcas\/\" \/>\n<meta property=\"og:site_name\" content=\"Ecuador | Noti-America.com\" \/>\n<meta property=\"article:published_time\" content=\"2024-07-10T05:01:26+00:00\" \/>\n<meta property=\"article:modified_time\" content=\"2024-07-10T05:04:00+00:00\" \/>\n<meta property=\"og:image\" content=\"https:\/\/noti-america.com\/site\/ecuador\/wp-content\/uploads\/sites\/18\/2024\/07\/IMG_20240709_171519_1-scaled.jpg\" \/>\n\t<meta property=\"og:image:width\" content=\"2560\" \/>\n\t<meta property=\"og:image:height\" content=\"1920\" \/>\n\t<meta property=\"og:image:type\" content=\"image\/jpeg\" \/>\n<meta name=\"author\" content=\"Henry Garrido\" \/>\n<meta name=\"twitter:card\" content=\"summary_large_image\" \/>\n<meta name=\"twitter:creator\" content=\"@notiamerica\" \/>\n<meta name=\"twitter:site\" content=\"@notiamerica\" \/>\n<meta name=\"twitter:label1\" content=\"Escrito por\" \/>\n\t<meta name=\"twitter:data1\" content=\"Henry Garrido\" \/>\n\t<meta name=\"twitter:label2\" content=\"Tiempo estimado de lectura\" \/>\n\t<meta name=\"twitter:data2\" content=\"3 minutos\" \/>\n<script type=\"application\/ld+json\" class=\"yoast-schema-graph\">{\"@context\":\"https:\/\/schema.org\",\"@graph\":[{\"@type\":\"Article\",\"@id\":\"https:\/\/noti-america.com\/site\/ecuador\/2024\/07\/10\/se-inicia-el-autoshow-con-una-exposicion-de-mas-de-50-marcas\/#article\",\"isPartOf\":{\"@id\":\"https:\/\/noti-america.com\/site\/ecuador\/2024\/07\/10\/se-inicia-el-autoshow-con-una-exposicion-de-mas-de-50-marcas\/\"},\"author\":{\"name\":\"Henry Garrido\",\"@id\":\"https:\/\/noti-america.com\/site\/ecuador\/#\/schema\/person\/00042412cfa9ecf98077f847ffadda4a\"},\"headline\":\"Se inicia el Autoshow con una exposici\u00f3n de m\u00e1s de 50 marcas\",\"datePublished\":\"2024-07-10T05:01:26+00:00\",\"dateModified\":\"2024-07-10T05:04:00+00:00\",\"mainEntityOfPage\":{\"@id\":\"https:\/\/noti-america.com\/site\/ecuador\/2024\/07\/10\/se-inicia-el-autoshow-con-una-exposicion-de-mas-de-50-marcas\/\"},\"wordCount\":356,\"commentCount\":0,\"publisher\":{\"@id\":\"https:\/\/noti-america.com\/site\/ecuador\/#organization\"},\"image\":{\"@id\":\"https:\/\/noti-america.com\/site\/ecuador\/2024\/07\/10\/se-inicia-el-autoshow-con-una-exposicion-de-mas-de-50-marcas\/#primaryimage\"},\"thumbnailUrl\":\"https:\/\/noti-america.com\/site\/ecuador\/wp-content\/uploads\/sites\/18\/2024\/07\/IMG_20240709_171519_1-scaled.jpg\",\"articleSection\":[\"Noticias\"],\"inLanguage\":\"es\",\"potentialAction\":[{\"@type\":\"CommentAction\",\"name\":\"Comment\",\"target\":[\"https:\/\/noti-america.com\/site\/ecuador\/2024\/07\/10\/se-inicia-el-autoshow-con-una-exposicion-de-mas-de-50-marcas\/#respond\"]}]},{\"@type\":\"WebPage\",\"@id\":\"https:\/\/noti-america.com\/site\/ecuador\/2024\/07\/10\/se-inicia-el-autoshow-con-una-exposicion-de-mas-de-50-marcas\/\",\"url\":\"https:\/\/noti-america.com\/site\/ecuador\/2024\/07\/10\/se-inicia-el-autoshow-con-una-exposicion-de-mas-de-50-marcas\/\",\"name\":\"Se inicia el Autoshow con una exposici\u00f3n de m\u00e1s de 50 marcas - Ecuador | Noti-America.com\",\"isPartOf\":{\"@id\":\"https:\/\/noti-america.com\/site\/ecuador\/#website\"},\"primaryImageOfPage\":{\"@id\":\"https:\/\/noti-america.com\/site\/ecuador\/2024\/07\/10\/se-inicia-el-autoshow-con-una-exposicion-de-mas-de-50-marcas\/#primaryimage\"},\"image\":{\"@id\":\"https:\/\/noti-america.com\/site\/ecuador\/2024\/07\/10\/se-inicia-el-autoshow-con-una-exposicion-de-mas-de-50-marcas\/#primaryimage\"},\"thumbnailUrl\":\"https:\/\/noti-america.com\/site\/ecuador\/wp-content\/uploads\/sites\/18\/2024\/07\/IMG_20240709_171519_1-scaled.jpg\",\"datePublished\":\"2024-07-10T05:01:26+00:00\",\"dateModified\":\"2024-07-10T05:04:00+00:00\",\"breadcrumb\":{\"@id\":\"https:\/\/noti-america.com\/site\/ecuador\/2024\/07\/10\/se-inicia-el-autoshow-con-una-exposicion-de-mas-de-50-marcas\/#breadcrumb\"},\"inLanguage\":\"es\",\"potentialAction\":[{\"@type\":\"ReadAction\",\"target\":[\"https:\/\/noti-america.com\/site\/ecuador\/2024\/07\/10\/se-inicia-el-autoshow-con-una-exposicion-de-mas-de-50-marcas\/\"]}]},{\"@type\":\"ImageObject\",\"inLanguage\":\"es\",\"@id\":\"https:\/\/noti-america.com\/site\/ecuador\/2024\/07\/10\/se-inicia-el-autoshow-con-una-exposicion-de-mas-de-50-marcas\/#primaryimage\",\"url\":\"https:\/\/noti-america.com\/site\/ecuador\/wp-content\/uploads\/sites\/18\/2024\/07\/IMG_20240709_171519_1-scaled.jpg\",\"contentUrl\":\"https:\/\/noti-america.com\/site\/ecuador\/wp-content\/uploads\/sites\/18\/2024\/07\/IMG_20240709_171519_1-scaled.jpg\",\"width\":2560,\"height\":1920},{\"@type\":\"BreadcrumbList\",\"@id\":\"https:\/\/noti-america.com\/site\/ecuador\/2024\/07\/10\/se-inicia-el-autoshow-con-una-exposicion-de-mas-de-50-marcas\/#breadcrumb\",\"itemListElement\":[{\"@type\":\"ListItem\",\"position\":1,\"name\":\"Portada\",\"item\":\"https:\/\/noti-america.com\/site\/ecuador\/\"},{\"@type\":\"ListItem\",\"position\":2,\"name\":\"Se inicia el Autoshow con una exposici\u00f3n de m\u00e1s de 50 marcas\"}]},{\"@type\":\"WebSite\",\"@id\":\"https:\/\/noti-america.com\/site\/ecuador\/#website\",\"url\":\"https:\/\/noti-america.com\/site\/ecuador\/\",\"name\":\"Ecuador | Noti-America.com\",\"description\":\"\",\"publisher\":{\"@id\":\"https:\/\/noti-america.com\/site\/ecuador\/#organization\"},\"potentialAction\":[{\"@type\":\"SearchAction\",\"target\":{\"@type\":\"EntryPoint\",\"urlTemplate\":\"https:\/\/noti-america.com\/site\/ecuador\/?s={search_term_string}\"},\"query-input\":{\"@type\":\"PropertyValueSpecification\",\"valueRequired\":true,\"valueName\":\"search_term_string\"}}],\"inLanguage\":\"es\"},{\"@type\":\"Organization\",\"@id\":\"https:\/\/noti-america.com\/site\/ecuador\/#organization\",\"name\":\"Noti-America LLC | Ecuador\",\"url\":\"https:\/\/noti-america.com\/site\/ecuador\/\",\"logo\":{\"@type\":\"ImageObject\",\"inLanguage\":\"es\",\"@id\":\"https:\/\/noti-america.com\/site\/ecuador\/#\/schema\/logo\/image\/\",\"url\":\"https:\/\/noti-america.com\/site\/ecuador\/wp-content\/uploads\/sites\/18\/2020\/07\/LogoNA-4x3-1.jpg\",\"contentUrl\":\"https:\/\/noti-america.com\/site\/ecuador\/wp-content\/uploads\/sites\/18\/2020\/07\/LogoNA-4x3-1.jpg\",\"width\":1236,\"height\":1080,\"caption\":\"Noti-America LLC | Ecuador\"},\"image\":{\"@id\":\"https:\/\/noti-america.com\/site\/ecuador\/#\/schema\/logo\/image\/\"},\"sameAs\":[\"https:\/\/x.com\/notiamerica\"]},{\"@type\":\"Person\",\"@id\":\"https:\/\/noti-america.com\/site\/ecuador\/#\/schema\/person\/00042412cfa9ecf98077f847ffadda4a\",\"name\":\"Henry Garrido\",\"image\":{\"@type\":\"ImageObject\",\"inLanguage\":\"es\",\"@id\":\"https:\/\/secure.gravatar.com\/avatar\/749ae5a1e6f22cf042f04b9f3f0a22732ae36970ccfd5c54a0a2ac3c4e1166ed?s=96&d=mm&r=g\",\"url\":\"https:\/\/secure.gravatar.com\/avatar\/749ae5a1e6f22cf042f04b9f3f0a22732ae36970ccfd5c54a0a2ac3c4e1166ed?s=96&d=mm&r=g\",\"contentUrl\":\"https:\/\/secure.gravatar.com\/avatar\/749ae5a1e6f22cf042f04b9f3f0a22732ae36970ccfd5c54a0a2ac3c4e1166ed?s=96&d=mm&r=g\",\"caption\":\"Henry Garrido\"},\"url\":\"https:\/\/noti-america.com\/site\/ecuador\/author\/hgarrido\/\"}]}<\/script>\n<!-- \/ Yoast SEO Premium plugin. -->","yoast_head_json":{"title":"Se inicia el Autoshow con una exposici\u00f3n de m\u00e1s de 50 marcas - Ecuador | Noti-America.com","robots":{"index":"index","follow":"follow","max-snippet":"max-snippet:-1","max-image-preview":"max-image-preview:large","max-video-preview":"max-video-preview:-1"},"canonical":"https:\/\/noti-america.com\/site\/ecuador\/2024\/07\/10\/se-inicia-el-autoshow-con-una-exposicion-de-mas-de-50-marcas\/","og_locale":"es_ES","og_type":"article","og_title":"Se inicia el Autoshow con una exposici\u00f3n de m\u00e1s de 50 marcas","og_description":"REDACCI\u00d3N NOTI-AM\u00c9RICA (ECUADOR). En el Centro de Convenciones de Guayaquil, se lleva acabo la feria de Autoshow 2024, que se realiza del 9 al 14 de julio. En esta edici\u00f3n ha convocado a m\u00e1s&#46;&#46;&#46;","og_url":"https:\/\/noti-america.com\/site\/ecuador\/2024\/07\/10\/se-inicia-el-autoshow-con-una-exposicion-de-mas-de-50-marcas\/","og_site_name":"Ecuador | Noti-America.com","article_published_time":"2024-07-10T05:01:26+00:00","article_modified_time":"2024-07-10T05:04:00+00:00","og_image":[{"width":2560,"height":1920,"url":"https:\/\/noti-america.com\/site\/ecuador\/wp-content\/uploads\/sites\/18\/2024\/07\/IMG_20240709_171519_1-scaled.jpg","type":"image\/jpeg"}],"author":"Henry Garrido","twitter_card":"summary_large_image","twitter_creator":"@notiamerica","twitter_site":"@notiamerica","twitter_misc":{"Escrito por":"Henry Garrido","Tiempo estimado de lectura":"3 minutos"},"schema":{"@context":"https:\/\/schema.org","@graph":[{"@type":"Article","@id":"https:\/\/noti-america.com\/site\/ecuador\/2024\/07\/10\/se-inicia-el-autoshow-con-una-exposicion-de-mas-de-50-marcas\/#article","isPartOf":{"@id":"https:\/\/noti-america.com\/site\/ecuador\/2024\/07\/10\/se-inicia-el-autoshow-con-una-exposicion-de-mas-de-50-marcas\/"},"author":{"name":"Henry Garrido","@id":"https:\/\/noti-america.com\/site\/ecuador\/#\/schema\/person\/00042412cfa9ecf98077f847ffadda4a"},"headline":"Se inicia el Autoshow con una exposici\u00f3n de m\u00e1s de 50 marcas","datePublished":"2024-07-10T05:01:26+00:00","dateModified":"2024-07-10T05:04:00+00:00","mainEntityOfPage":{"@id":"https:\/\/noti-america.com\/site\/ecuador\/2024\/07\/10\/se-inicia-el-autoshow-con-una-exposicion-de-mas-de-50-marcas\/"},"wordCount":356,"commentCount":0,"publisher":{"@id":"https:\/\/noti-america.com\/site\/ecuador\/#organization"},"image":{"@id":"https:\/\/noti-america.com\/site\/ecuador\/2024\/07\/10\/se-inicia-el-autoshow-con-una-exposicion-de-mas-de-50-marcas\/#primaryimage"},"thumbnailUrl":"https:\/\/noti-america.com\/site\/ecuador\/wp-content\/uploads\/sites\/18\/2024\/07\/IMG_20240709_171519_1-scaled.jpg","articleSection":["Noticias"],"inLanguage":"es","potentialAction":[{"@type":"CommentAction","name":"Comment","target":["https:\/\/noti-america.com\/site\/ecuador\/2024\/07\/10\/se-inicia-el-autoshow-con-una-exposicion-de-mas-de-50-marcas\/#respond"]}]},{"@type":"WebPage","@id":"https:\/\/noti-america.com\/site\/ecuador\/2024\/07\/10\/se-inicia-el-autoshow-con-una-exposicion-de-mas-de-50-marcas\/","url":"https:\/\/noti-america.com\/site\/ecuador\/2024\/07\/10\/se-inicia-el-autoshow-con-una-exposicion-de-mas-de-50-marcas\/","name":"Se inicia el Autoshow con una exposici\u00f3n de m\u00e1s de 50 marcas - Ecuador | Noti-America.com","isPartOf":{"@id":"https:\/\/noti-america.com\/site\/ecuador\/#website"},"primaryImageOfPage":{"@id":"https:\/\/noti-america.com\/site\/ecuador\/2024\/07\/10\/se-inicia-el-autoshow-con-una-exposicion-de-mas-de-50-marcas\/#primaryimage"},"image":{"@id":"https:\/\/noti-america.com\/site\/ecuador\/2024\/07\/10\/se-inicia-el-autoshow-con-una-exposicion-de-mas-de-50-marcas\/#primaryimage"},"thumbnailUrl":"https:\/\/noti-america.com\/site\/ecuador\/wp-content\/uploads\/sites\/18\/2024\/07\/IMG_20240709_171519_1-scaled.jpg","datePublished":"2024-07-10T05:01:26+00:00","dateModified":"2024-07-10T05:04:00+00:00","breadcrumb":{"@id":"https:\/\/noti-america.com\/site\/ecuador\/2024\/07\/10\/se-inicia-el-autoshow-con-una-exposicion-de-mas-de-50-marcas\/#breadcrumb"},"inLanguage":"es","potentialAction":[{"@type":"ReadAction","target":["https:\/\/noti-america.com\/site\/ecuador\/2024\/07\/10\/se-inicia-el-autoshow-con-una-exposicion-de-mas-de-50-marcas\/"]}]},{"@type":"ImageObject","inLanguage":"es","@id":"https:\/\/noti-america.com\/site\/ecuador\/2024\/07\/10\/se-inicia-el-autoshow-con-una-exposicion-de-mas-de-50-marcas\/#primaryimage","url":"https:\/\/noti-america.com\/site\/ecuador\/wp-content\/uploads\/sites\/18\/2024\/07\/IMG_20240709_171519_1-scaled.jpg","contentUrl":"https:\/\/noti-america.com\/site\/ecuador\/wp-content\/uploads\/sites\/18\/2024\/07\/IMG_20240709_171519_1-scaled.jpg","width":2560,"height":1920},{"@type":"BreadcrumbList","@id":"https:\/\/noti-america.com\/site\/ecuador\/2024\/07\/10\/se-inicia-el-autoshow-con-una-exposicion-de-mas-de-50-marcas\/#breadcrumb","itemListElement":[{"@type":"ListItem","position":1,"name":"Portada","item":"https:\/\/noti-america.com\/site\/ecuador\/"},{"@type":"ListItem","position":2,"name":"Se inicia el Autoshow con una exposici\u00f3n de m\u00e1s de 50 marcas"}]},{"@type":"WebSite","@id":"https:\/\/noti-america.com\/site\/ecuador\/#website","url":"https:\/\/noti-america.com\/site\/ecuador\/","name":"Ecuador | Noti-America.com","description":"","publisher":{"@id":"https:\/\/noti-america.com\/site\/ecuador\/#organization"},"potentialAction":[{"@type":"SearchAction","target":{"@type":"EntryPoint","urlTemplate":"https:\/\/noti-america.com\/site\/ecuador\/?s={search_term_string}"},"query-input":{"@type":"PropertyValueSpecification","valueRequired":true,"valueName":"search_term_string"}}],"inLanguage":"es"},{"@type":"Organization","@id":"https:\/\/noti-america.com\/site\/ecuador\/#organization","name":"Noti-America LLC | Ecuador","url":"https:\/\/noti-america.com\/site\/ecuador\/","logo":{"@type":"ImageObject","inLanguage":"es","@id":"https:\/\/noti-america.com\/site\/ecuador\/#\/schema\/logo\/image\/","url":"https:\/\/noti-america.com\/site\/ecuador\/wp-content\/uploads\/sites\/18\/2020\/07\/LogoNA-4x3-1.jpg","contentUrl":"https:\/\/noti-america.com\/site\/ecuador\/wp-content\/uploads\/sites\/18\/2020\/07\/LogoNA-4x3-1.jpg","width":1236,"height":1080,"caption":"Noti-America LLC | Ecuador"},"image":{"@id":"https:\/\/noti-america.com\/site\/ecuador\/#\/schema\/logo\/image\/"},"sameAs":["https:\/\/x.com\/notiamerica"]},{"@type":"Person","@id":"https:\/\/noti-america.com\/site\/ecuador\/#\/schema\/person\/00042412cfa9ecf98077f847ffadda4a","name":"Henry Garrido","image":{"@type":"ImageObject","inLanguage":"es","@id":"https:\/\/secure.gravatar.com\/avatar\/749ae5a1e6f22cf042f04b9f3f0a22732ae36970ccfd5c54a0a2ac3c4e1166ed?s=96&d=mm&r=g","url":"https:\/\/secure.gravatar.com\/avatar\/749ae5a1e6f22cf042f04b9f3f0a22732ae36970ccfd5c54a0a2ac3c4e1166ed?s=96&d=mm&r=g","contentUrl":"https:\/\/secure.gravatar.com\/avatar\/749ae5a1e6f22cf042f04b9f3f0a22732ae36970ccfd5c54a0a2ac3c4e1166ed?s=96&d=mm&r=g","caption":"Henry Garrido"},"url":"https:\/\/noti-america.com\/site\/ecuador\/author\/hgarrido\/"}]}},"_links":{"self":[{"href":"https:\/\/noti-america.com\/site\/ecuador\/wp-json\/wp\/v2\/posts\/31041","targetHints":{"allow":["GET"]}}],"collection":[{"href":"https:\/\/noti-america.com\/site\/ecuador\/wp-json\/wp\/v2\/posts"}],"about":[{"href":"https:\/\/noti-america.com\/site\/ecuador\/wp-json\/wp\/v2\/types\/post"}],"author":[{"embeddable":true,"href":"https:\/\/noti-america.com\/site\/ecuador\/wp-json\/wp\/v2\/users\/144"}],"replies":[{"embeddable":true,"href":"https:\/\/noti-america.com\/site\/ecuador\/wp-json\/wp\/v2\/comments?post=31041"}],"version-history":[{"count":2,"href":"https:\/\/noti-america.com\/site\/ecuador\/wp-json\/wp\/v2\/posts\/31041\/revisions"}],"predecessor-version":[{"id":31046,"href":"https:\/\/noti-america.com\/site\/ecuador\/wp-json\/wp\/v2\/posts\/31041\/revisions\/31046"}],"wp:featuredmedia":[{"embeddable":true,"href":"https:\/\/noti-america.com\/site\/ecuador\/wp-json\/wp\/v2\/media\/31042"}],"wp:attachment":[{"href":"https:\/\/noti-america.com\/site\/ecuador\/wp-json\/wp\/v2\/media?parent=31041"}],"wp:term":[{"taxonomy":"category","embeddable":true,"href":"https:\/\/noti-america.com\/site\/ecuador\/wp-json\/wp\/v2\/categories?post=31041"},{"taxonomy":"post_tag","embeddable":true,"href":"https:\/\/noti-america.com\/site\/ecuador\/wp-json\/wp\/v2\/tags?post=31041"}],"curies":[{"name":"wp","href":"https:\/\/api.w.org\/{rel}","templated":true}]}}