{"id":30895,"date":"2024-06-28T02:13:19","date_gmt":"2024-06-28T02:13:19","guid":{"rendered":"https:\/\/noti-america.com\/site\/ecuador\/?p=30895"},"modified":"2024-06-28T02:13:19","modified_gmt":"2024-06-28T02:13:19","slug":"ecuador-designo-a-cristian-espinosa-canizares-como-embajador-en-los-estados-unidos","status":"publish","type":"post","link":"https:\/\/noti-america.com\/site\/ecuador\/2024\/06\/28\/ecuador-designo-a-cristian-espinosa-canizares-como-embajador-en-los-estados-unidos\/","title":{"rendered":"Ecuador design\u00f3 a Cristian Espinosa Ca\u00f1izares como Embajador en los Estados Unidos"},"content":{"rendered":"<p><span style=\"color: #000000\"><strong>REDACCI\u00d3N NOTI-AM\u00c9RICA (ECUADOR)<\/strong><\/span><\/p>\n<div style=\"width: 359px\" class=\"wp-caption alignleft\"><img loading=\"lazy\" decoding=\"async\" src=\"https:\/\/th.bing.com\/th?id=OIF.D5IKrYWq6LN1P0A9%2fHzcHw&amp;rs=1&amp;pid=ImgDetMain\" alt=\"Cristian Espinosa es el nuevo embajador de Ecuador en Estados Unidos ...\" width=\"349\" height=\"277\" \/><p class=\"wp-caption-text\">Cristian Espinosa es el nuevo embajador de Ecuador en Estados Unidos<\/p><\/div>\n<div class=\"row\">\n<section id=\"postcontent\" class=\"col-md-9 col-sm-6 line-right\">\n<p style=\"text-align: justify\">El Gobierno de los Estados Unidos otorg\u00f3 la aceptaci\u00f3n y benepl\u00e1cito para el se\u00f1or Cristian Espinosa Ca\u00f1izares, designado Embajador Extraordinario y Plenipotenciario de la Rep\u00fablica del Ecuador ante los Estados Unidos de Am\u00e9rica.<\/p>\n<p style=\"text-align: justify\">El Embajador Espinosa es un diplom\u00e1tico de carrera desde 1987, especialista en multilateralismo comercio internacional y negociaciones comerciales.<br \/>\nHa sido Representante Permanente del Ecuador ante las Naciones Unidas y otros Organismos Internacionales en Ginebra, Representante Permanente del Ecuador ante las Naciones Unidas, Nueva York.<\/p>\n<p style=\"text-align: justify\">Ha ocupado, en Canciller\u00eda, los cargos de Viceministro de Relaciones Exteriores, Director de Relacionamiento Interinstitucional y encargado de la Secci\u00f3n Econ\u00f3mica. Adem\u00e1s se desempe\u00f1\u00f3 como Director Metropolitano de Relaciones Internacionales en el Municipio de Quito. Fue Coordinador en representaci\u00f3n de Quito para la Conferencia de NNUU H\u00e1bitat III.<\/p>\n<p style=\"text-align: justify\">As\u00ed mismo, ha sido Presidente del Consejo de C\u00e1maras y Asociaciones de la Producci\u00f3n del Ecuador y Director Ejecutivo de la C\u00e1mara de Comercio Ecuatoriana Americana. Fue Director General la Comunidad Andina y Viceministro de Comercio Exterior e Integraci\u00f3n, encargado de las negociaciones comerciales del Ecuador.<\/p>\n<p style=\"text-align: justify\">El nuevo Embajador en Estados Unidos fue Jefe Negociador del Ecuador para el Tratado de Libre Comercio con los Estados Unidos.<br \/>\nEn su carrera ha ocupado tambi\u00e9n otros cargos relevantes y ha sido acad\u00e9mico.<\/p>\n<p style=\"text-align: justify\">Es Master en Administraci\u00f3n P\u00fablica por la Kennedy School of Government de la Universidad de Harvard y tiene una Licenciatura y Maestr\u00eda (BA\/MA) en Filosof\u00eda y Econom\u00eda por la Universidad de Boston. Habla Espa\u00f1ol, ingl\u00e9s, alem\u00e1n, franc\u00e9s y japon\u00e9s.<\/p>\n<\/section>\n<\/div>\n","protected":false},"excerpt":{"rendered":"<p>REDACCI\u00d3N NOTI-AM\u00c9RICA (ECUADOR) El Gobierno de los Estados Unidos otorg\u00f3 la aceptaci\u00f3n y benepl\u00e1cito para el se\u00f1or Cristian Espinosa Ca\u00f1izares, designado Embajador Extraordinario y Plenipotenciario de la Rep\u00fablica del Ecuador ante los Estados Unidos&#46;&#46;&#46;<\/p>\n","protected":false},"author":17,"featured_media":30897,"comment_status":"open","ping_status":"open","sticky":false,"template":"","format":"standard","meta":{"_acf_changed":false,"om_disable_all_campaigns":false,"rop_custom_images_group":[],"rop_custom_messages_group":[],"rop_publish_now":"initial","rop_publish_now_accounts":{"twitter_242054905_242054905":""},"rop_publish_now_history":[],"rop_publish_now_status":"pending","_uf_show_specific_survey":0,"_uf_disable_surveys":false,"footnotes":""},"categories":[34],"tags":[],"class_list":["post-30895","post","type-post","status-publish","format-standard","has-post-thumbnail","hentry","category-politica-opinion"],"acf":[],"aioseo_notices":[],"yoast_head":"<!-- This site is optimized with the Yoast SEO Premium plugin v24.9 (Yoast SEO v27.2) - https:\/\/yoast.com\/product\/yoast-seo-premium-wordpress\/ -->\n<title>Ecuador design\u00f3 a Cristian Espinosa Ca\u00f1izares como Embajador en los Estados Unidos - Ecuador | Noti-America.com<\/title>\n<meta name=\"robots\" content=\"index, follow, max-snippet:-1, max-image-preview:large, max-video-preview:-1\" \/>\n<link rel=\"canonical\" href=\"https:\/\/noti-america.com\/site\/ecuador\/2024\/06\/28\/ecuador-designo-a-cristian-espinosa-canizares-como-embajador-en-los-estados-unidos\/\" \/>\n<meta property=\"og:locale\" content=\"es_ES\" \/>\n<meta property=\"og:type\" content=\"article\" \/>\n<meta property=\"og:title\" content=\"Ecuador design\u00f3 a Cristian Espinosa Ca\u00f1izares como Embajador en los Estados Unidos\" \/>\n<meta property=\"og:description\" content=\"REDACCI\u00d3N NOTI-AM\u00c9RICA (ECUADOR) El Gobierno de los Estados Unidos otorg\u00f3 la aceptaci\u00f3n y benepl\u00e1cito para el se\u00f1or Cristian Espinosa Ca\u00f1izares, designado Embajador Extraordinario y Plenipotenciario de la Rep\u00fablica del Ecuador ante los Estados Unidos&#046;&#046;&#046;\" \/>\n<meta property=\"og:url\" content=\"https:\/\/noti-america.com\/site\/ecuador\/2024\/06\/28\/ecuador-designo-a-cristian-espinosa-canizares-como-embajador-en-los-estados-unidos\/\" \/>\n<meta property=\"og:site_name\" content=\"Ecuador | Noti-America.com\" \/>\n<meta property=\"article:published_time\" content=\"2024-06-28T02:13:19+00:00\" \/>\n<meta property=\"og:image\" content=\"https:\/\/noti-america.com\/site\/ecuador\/wp-content\/uploads\/sites\/18\/2024\/06\/Embajador.jpg\" \/>\n\t<meta property=\"og:image:width\" content=\"1200\" \/>\n\t<meta property=\"og:image:height\" content=\"810\" \/>\n\t<meta property=\"og:image:type\" content=\"image\/jpeg\" \/>\n<meta name=\"author\" content=\"Gregory Quintana Montiel\" \/>\n<meta name=\"twitter:card\" content=\"summary_large_image\" \/>\n<meta name=\"twitter:creator\" content=\"@gdgregori1\" \/>\n<meta name=\"twitter:site\" content=\"@notiamerica\" \/>\n<meta name=\"twitter:label1\" content=\"Escrito por\" \/>\n\t<meta name=\"twitter:data1\" content=\"Gregory Quintana Montiel\" \/>\n\t<meta name=\"twitter:label2\" content=\"Tiempo estimado de lectura\" \/>\n\t<meta name=\"twitter:data2\" content=\"2 minutos\" \/>\n<script type=\"application\/ld+json\" class=\"yoast-schema-graph\">{\"@context\":\"https:\/\/schema.org\",\"@graph\":[{\"@type\":\"Article\",\"@id\":\"https:\/\/noti-america.com\/site\/ecuador\/2024\/06\/28\/ecuador-designo-a-cristian-espinosa-canizares-como-embajador-en-los-estados-unidos\/#article\",\"isPartOf\":{\"@id\":\"https:\/\/noti-america.com\/site\/ecuador\/2024\/06\/28\/ecuador-designo-a-cristian-espinosa-canizares-como-embajador-en-los-estados-unidos\/\"},\"author\":{\"name\":\"Gregory Quintana Montiel\",\"@id\":\"https:\/\/noti-america.com\/site\/ecuador\/#\/schema\/person\/3b975e42f15abfe64bfe3abdd916efda\"},\"headline\":\"Ecuador design\u00f3 a Cristian Espinosa Ca\u00f1izares como Embajador en los Estados Unidos\",\"datePublished\":\"2024-06-28T02:13:19+00:00\",\"mainEntityOfPage\":{\"@id\":\"https:\/\/noti-america.com\/site\/ecuador\/2024\/06\/28\/ecuador-designo-a-cristian-espinosa-canizares-como-embajador-en-los-estados-unidos\/\"},\"wordCount\":308,\"commentCount\":0,\"publisher\":{\"@id\":\"https:\/\/noti-america.com\/site\/ecuador\/#organization\"},\"image\":{\"@id\":\"https:\/\/noti-america.com\/site\/ecuador\/2024\/06\/28\/ecuador-designo-a-cristian-espinosa-canizares-como-embajador-en-los-estados-unidos\/#primaryimage\"},\"thumbnailUrl\":\"https:\/\/noti-america.com\/site\/ecuador\/wp-content\/uploads\/sites\/18\/2024\/06\/Embajador.jpg\",\"articleSection\":[\"Pol\u00edtica\"],\"inLanguage\":\"es\",\"potentialAction\":[{\"@type\":\"CommentAction\",\"name\":\"Comment\",\"target\":[\"https:\/\/noti-america.com\/site\/ecuador\/2024\/06\/28\/ecuador-designo-a-cristian-espinosa-canizares-como-embajador-en-los-estados-unidos\/#respond\"]}]},{\"@type\":\"WebPage\",\"@id\":\"https:\/\/noti-america.com\/site\/ecuador\/2024\/06\/28\/ecuador-designo-a-cristian-espinosa-canizares-como-embajador-en-los-estados-unidos\/\",\"url\":\"https:\/\/noti-america.com\/site\/ecuador\/2024\/06\/28\/ecuador-designo-a-cristian-espinosa-canizares-como-embajador-en-los-estados-unidos\/\",\"name\":\"Ecuador design\u00f3 a Cristian Espinosa Ca\u00f1izares como Embajador en los Estados Unidos - Ecuador | Noti-America.com\",\"isPartOf\":{\"@id\":\"https:\/\/noti-america.com\/site\/ecuador\/#website\"},\"primaryImageOfPage\":{\"@id\":\"https:\/\/noti-america.com\/site\/ecuador\/2024\/06\/28\/ecuador-designo-a-cristian-espinosa-canizares-como-embajador-en-los-estados-unidos\/#primaryimage\"},\"image\":{\"@id\":\"https:\/\/noti-america.com\/site\/ecuador\/2024\/06\/28\/ecuador-designo-a-cristian-espinosa-canizares-como-embajador-en-los-estados-unidos\/#primaryimage\"},\"thumbnailUrl\":\"https:\/\/noti-america.com\/site\/ecuador\/wp-content\/uploads\/sites\/18\/2024\/06\/Embajador.jpg\",\"datePublished\":\"2024-06-28T02:13:19+00:00\",\"breadcrumb\":{\"@id\":\"https:\/\/noti-america.com\/site\/ecuador\/2024\/06\/28\/ecuador-designo-a-cristian-espinosa-canizares-como-embajador-en-los-estados-unidos\/#breadcrumb\"},\"inLanguage\":\"es\",\"potentialAction\":[{\"@type\":\"ReadAction\",\"target\":[\"https:\/\/noti-america.com\/site\/ecuador\/2024\/06\/28\/ecuador-designo-a-cristian-espinosa-canizares-como-embajador-en-los-estados-unidos\/\"]}]},{\"@type\":\"ImageObject\",\"inLanguage\":\"es\",\"@id\":\"https:\/\/noti-america.com\/site\/ecuador\/2024\/06\/28\/ecuador-designo-a-cristian-espinosa-canizares-como-embajador-en-los-estados-unidos\/#primaryimage\",\"url\":\"https:\/\/noti-america.com\/site\/ecuador\/wp-content\/uploads\/sites\/18\/2024\/06\/Embajador.jpg\",\"contentUrl\":\"https:\/\/noti-america.com\/site\/ecuador\/wp-content\/uploads\/sites\/18\/2024\/06\/Embajador.jpg\",\"width\":1200,\"height\":810},{\"@type\":\"BreadcrumbList\",\"@id\":\"https:\/\/noti-america.com\/site\/ecuador\/2024\/06\/28\/ecuador-designo-a-cristian-espinosa-canizares-como-embajador-en-los-estados-unidos\/#breadcrumb\",\"itemListElement\":[{\"@type\":\"ListItem\",\"position\":1,\"name\":\"Portada\",\"item\":\"https:\/\/noti-america.com\/site\/ecuador\/\"},{\"@type\":\"ListItem\",\"position\":2,\"name\":\"Ecuador design\u00f3 a Cristian Espinosa Ca\u00f1izares como Embajador en los Estados Unidos\"}]},{\"@type\":\"WebSite\",\"@id\":\"https:\/\/noti-america.com\/site\/ecuador\/#website\",\"url\":\"https:\/\/noti-america.com\/site\/ecuador\/\",\"name\":\"Ecuador | Noti-America.com\",\"description\":\"\",\"publisher\":{\"@id\":\"https:\/\/noti-america.com\/site\/ecuador\/#organization\"},\"potentialAction\":[{\"@type\":\"SearchAction\",\"target\":{\"@type\":\"EntryPoint\",\"urlTemplate\":\"https:\/\/noti-america.com\/site\/ecuador\/?s={search_term_string}\"},\"query-input\":{\"@type\":\"PropertyValueSpecification\",\"valueRequired\":true,\"valueName\":\"search_term_string\"}}],\"inLanguage\":\"es\"},{\"@type\":\"Organization\",\"@id\":\"https:\/\/noti-america.com\/site\/ecuador\/#organization\",\"name\":\"Noti-America LLC | Ecuador\",\"url\":\"https:\/\/noti-america.com\/site\/ecuador\/\",\"logo\":{\"@type\":\"ImageObject\",\"inLanguage\":\"es\",\"@id\":\"https:\/\/noti-america.com\/site\/ecuador\/#\/schema\/logo\/image\/\",\"url\":\"https:\/\/noti-america.com\/site\/ecuador\/wp-content\/uploads\/sites\/18\/2020\/07\/LogoNA-4x3-1.jpg\",\"contentUrl\":\"https:\/\/noti-america.com\/site\/ecuador\/wp-content\/uploads\/sites\/18\/2020\/07\/LogoNA-4x3-1.jpg\",\"width\":1236,\"height\":1080,\"caption\":\"Noti-America LLC | Ecuador\"},\"image\":{\"@id\":\"https:\/\/noti-america.com\/site\/ecuador\/#\/schema\/logo\/image\/\"},\"sameAs\":[\"https:\/\/x.com\/notiamerica\"]},{\"@type\":\"Person\",\"@id\":\"https:\/\/noti-america.com\/site\/ecuador\/#\/schema\/person\/3b975e42f15abfe64bfe3abdd916efda\",\"name\":\"Gregory Quintana Montiel\",\"image\":{\"@type\":\"ImageObject\",\"inLanguage\":\"es\",\"@id\":\"https:\/\/secure.gravatar.com\/avatar\/2d6b802f7720c2ec7744dcbe608cc2f3417aeb964d58b443c6d612b77531de1d?s=96&d=mm&r=g\",\"url\":\"https:\/\/secure.gravatar.com\/avatar\/2d6b802f7720c2ec7744dcbe608cc2f3417aeb964d58b443c6d612b77531de1d?s=96&d=mm&r=g\",\"contentUrl\":\"https:\/\/secure.gravatar.com\/avatar\/2d6b802f7720c2ec7744dcbe608cc2f3417aeb964d58b443c6d612b77531de1d?s=96&d=mm&r=g\",\"caption\":\"Gregory Quintana Montiel\"},\"description\":\"Licenciatura en Ciencias de la Comunicaci\u00f3n Social, egresado en la Especializaci\u00f3n Derecho Ambiental Desarrollo Sostenible y Sustentable, Miembro de la Comunidad de profesionales y experto para Latinoam\u00e9rica y el Caribe en Gesti\u00f3n por Resultado en el Desarrollo (COPLAC - GpRD) del Banco Interamericano de Desarrollo, experiencia en medios radiales y escritos.\",\"sameAs\":[\"https:\/\/x.com\/gdgregori1\",\"gquintana\"],\"url\":\"https:\/\/noti-america.com\/site\/ecuador\/author\/gquintana\/\"}]}<\/script>\n<!-- \/ Yoast SEO Premium plugin. -->","yoast_head_json":{"title":"Ecuador design\u00f3 a Cristian Espinosa Ca\u00f1izares como Embajador en los Estados Unidos - Ecuador | Noti-America.com","robots":{"index":"index","follow":"follow","max-snippet":"max-snippet:-1","max-image-preview":"max-image-preview:large","max-video-preview":"max-video-preview:-1"},"canonical":"https:\/\/noti-america.com\/site\/ecuador\/2024\/06\/28\/ecuador-designo-a-cristian-espinosa-canizares-como-embajador-en-los-estados-unidos\/","og_locale":"es_ES","og_type":"article","og_title":"Ecuador design\u00f3 a Cristian Espinosa Ca\u00f1izares como Embajador en los Estados Unidos","og_description":"REDACCI\u00d3N NOTI-AM\u00c9RICA (ECUADOR) El Gobierno de los Estados Unidos otorg\u00f3 la aceptaci\u00f3n y benepl\u00e1cito para el se\u00f1or Cristian Espinosa Ca\u00f1izares, designado Embajador Extraordinario y Plenipotenciario de la Rep\u00fablica del Ecuador ante los Estados Unidos&#46;&#46;&#46;","og_url":"https:\/\/noti-america.com\/site\/ecuador\/2024\/06\/28\/ecuador-designo-a-cristian-espinosa-canizares-como-embajador-en-los-estados-unidos\/","og_site_name":"Ecuador | Noti-America.com","article_published_time":"2024-06-28T02:13:19+00:00","og_image":[{"width":1200,"height":810,"url":"https:\/\/noti-america.com\/site\/ecuador\/wp-content\/uploads\/sites\/18\/2024\/06\/Embajador.jpg","type":"image\/jpeg"}],"author":"Gregory Quintana Montiel","twitter_card":"summary_large_image","twitter_creator":"@gdgregori1","twitter_site":"@notiamerica","twitter_misc":{"Escrito por":"Gregory Quintana Montiel","Tiempo estimado de lectura":"2 minutos"},"schema":{"@context":"https:\/\/schema.org","@graph":[{"@type":"Article","@id":"https:\/\/noti-america.com\/site\/ecuador\/2024\/06\/28\/ecuador-designo-a-cristian-espinosa-canizares-como-embajador-en-los-estados-unidos\/#article","isPartOf":{"@id":"https:\/\/noti-america.com\/site\/ecuador\/2024\/06\/28\/ecuador-designo-a-cristian-espinosa-canizares-como-embajador-en-los-estados-unidos\/"},"author":{"name":"Gregory Quintana Montiel","@id":"https:\/\/noti-america.com\/site\/ecuador\/#\/schema\/person\/3b975e42f15abfe64bfe3abdd916efda"},"headline":"Ecuador design\u00f3 a Cristian Espinosa Ca\u00f1izares como Embajador en los Estados Unidos","datePublished":"2024-06-28T02:13:19+00:00","mainEntityOfPage":{"@id":"https:\/\/noti-america.com\/site\/ecuador\/2024\/06\/28\/ecuador-designo-a-cristian-espinosa-canizares-como-embajador-en-los-estados-unidos\/"},"wordCount":308,"commentCount":0,"publisher":{"@id":"https:\/\/noti-america.com\/site\/ecuador\/#organization"},"image":{"@id":"https:\/\/noti-america.com\/site\/ecuador\/2024\/06\/28\/ecuador-designo-a-cristian-espinosa-canizares-como-embajador-en-los-estados-unidos\/#primaryimage"},"thumbnailUrl":"https:\/\/noti-america.com\/site\/ecuador\/wp-content\/uploads\/sites\/18\/2024\/06\/Embajador.jpg","articleSection":["Pol\u00edtica"],"inLanguage":"es","potentialAction":[{"@type":"CommentAction","name":"Comment","target":["https:\/\/noti-america.com\/site\/ecuador\/2024\/06\/28\/ecuador-designo-a-cristian-espinosa-canizares-como-embajador-en-los-estados-unidos\/#respond"]}]},{"@type":"WebPage","@id":"https:\/\/noti-america.com\/site\/ecuador\/2024\/06\/28\/ecuador-designo-a-cristian-espinosa-canizares-como-embajador-en-los-estados-unidos\/","url":"https:\/\/noti-america.com\/site\/ecuador\/2024\/06\/28\/ecuador-designo-a-cristian-espinosa-canizares-como-embajador-en-los-estados-unidos\/","name":"Ecuador design\u00f3 a Cristian Espinosa Ca\u00f1izares como Embajador en los Estados Unidos - Ecuador | Noti-America.com","isPartOf":{"@id":"https:\/\/noti-america.com\/site\/ecuador\/#website"},"primaryImageOfPage":{"@id":"https:\/\/noti-america.com\/site\/ecuador\/2024\/06\/28\/ecuador-designo-a-cristian-espinosa-canizares-como-embajador-en-los-estados-unidos\/#primaryimage"},"image":{"@id":"https:\/\/noti-america.com\/site\/ecuador\/2024\/06\/28\/ecuador-designo-a-cristian-espinosa-canizares-como-embajador-en-los-estados-unidos\/#primaryimage"},"thumbnailUrl":"https:\/\/noti-america.com\/site\/ecuador\/wp-content\/uploads\/sites\/18\/2024\/06\/Embajador.jpg","datePublished":"2024-06-28T02:13:19+00:00","breadcrumb":{"@id":"https:\/\/noti-america.com\/site\/ecuador\/2024\/06\/28\/ecuador-designo-a-cristian-espinosa-canizares-como-embajador-en-los-estados-unidos\/#breadcrumb"},"inLanguage":"es","potentialAction":[{"@type":"ReadAction","target":["https:\/\/noti-america.com\/site\/ecuador\/2024\/06\/28\/ecuador-designo-a-cristian-espinosa-canizares-como-embajador-en-los-estados-unidos\/"]}]},{"@type":"ImageObject","inLanguage":"es","@id":"https:\/\/noti-america.com\/site\/ecuador\/2024\/06\/28\/ecuador-designo-a-cristian-espinosa-canizares-como-embajador-en-los-estados-unidos\/#primaryimage","url":"https:\/\/noti-america.com\/site\/ecuador\/wp-content\/uploads\/sites\/18\/2024\/06\/Embajador.jpg","contentUrl":"https:\/\/noti-america.com\/site\/ecuador\/wp-content\/uploads\/sites\/18\/2024\/06\/Embajador.jpg","width":1200,"height":810},{"@type":"BreadcrumbList","@id":"https:\/\/noti-america.com\/site\/ecuador\/2024\/06\/28\/ecuador-designo-a-cristian-espinosa-canizares-como-embajador-en-los-estados-unidos\/#breadcrumb","itemListElement":[{"@type":"ListItem","position":1,"name":"Portada","item":"https:\/\/noti-america.com\/site\/ecuador\/"},{"@type":"ListItem","position":2,"name":"Ecuador design\u00f3 a Cristian Espinosa Ca\u00f1izares como Embajador en los Estados Unidos"}]},{"@type":"WebSite","@id":"https:\/\/noti-america.com\/site\/ecuador\/#website","url":"https:\/\/noti-america.com\/site\/ecuador\/","name":"Ecuador | Noti-America.com","description":"","publisher":{"@id":"https:\/\/noti-america.com\/site\/ecuador\/#organization"},"potentialAction":[{"@type":"SearchAction","target":{"@type":"EntryPoint","urlTemplate":"https:\/\/noti-america.com\/site\/ecuador\/?s={search_term_string}"},"query-input":{"@type":"PropertyValueSpecification","valueRequired":true,"valueName":"search_term_string"}}],"inLanguage":"es"},{"@type":"Organization","@id":"https:\/\/noti-america.com\/site\/ecuador\/#organization","name":"Noti-America LLC | Ecuador","url":"https:\/\/noti-america.com\/site\/ecuador\/","logo":{"@type":"ImageObject","inLanguage":"es","@id":"https:\/\/noti-america.com\/site\/ecuador\/#\/schema\/logo\/image\/","url":"https:\/\/noti-america.com\/site\/ecuador\/wp-content\/uploads\/sites\/18\/2020\/07\/LogoNA-4x3-1.jpg","contentUrl":"https:\/\/noti-america.com\/site\/ecuador\/wp-content\/uploads\/sites\/18\/2020\/07\/LogoNA-4x3-1.jpg","width":1236,"height":1080,"caption":"Noti-America LLC | Ecuador"},"image":{"@id":"https:\/\/noti-america.com\/site\/ecuador\/#\/schema\/logo\/image\/"},"sameAs":["https:\/\/x.com\/notiamerica"]},{"@type":"Person","@id":"https:\/\/noti-america.com\/site\/ecuador\/#\/schema\/person\/3b975e42f15abfe64bfe3abdd916efda","name":"Gregory Quintana Montiel","image":{"@type":"ImageObject","inLanguage":"es","@id":"https:\/\/secure.gravatar.com\/avatar\/2d6b802f7720c2ec7744dcbe608cc2f3417aeb964d58b443c6d612b77531de1d?s=96&d=mm&r=g","url":"https:\/\/secure.gravatar.com\/avatar\/2d6b802f7720c2ec7744dcbe608cc2f3417aeb964d58b443c6d612b77531de1d?s=96&d=mm&r=g","contentUrl":"https:\/\/secure.gravatar.com\/avatar\/2d6b802f7720c2ec7744dcbe608cc2f3417aeb964d58b443c6d612b77531de1d?s=96&d=mm&r=g","caption":"Gregory Quintana Montiel"},"description":"Licenciatura en Ciencias de la Comunicaci\u00f3n Social, egresado en la Especializaci\u00f3n Derecho Ambiental Desarrollo Sostenible y Sustentable, Miembro de la Comunidad de profesionales y experto para Latinoam\u00e9rica y el Caribe en Gesti\u00f3n por Resultado en el Desarrollo (COPLAC - GpRD) del Banco Interamericano de Desarrollo, experiencia en medios radiales y escritos.","sameAs":["https:\/\/x.com\/gdgregori1","gquintana"],"url":"https:\/\/noti-america.com\/site\/ecuador\/author\/gquintana\/"}]}},"_links":{"self":[{"href":"https:\/\/noti-america.com\/site\/ecuador\/wp-json\/wp\/v2\/posts\/30895","targetHints":{"allow":["GET"]}}],"collection":[{"href":"https:\/\/noti-america.com\/site\/ecuador\/wp-json\/wp\/v2\/posts"}],"about":[{"href":"https:\/\/noti-america.com\/site\/ecuador\/wp-json\/wp\/v2\/types\/post"}],"author":[{"embeddable":true,"href":"https:\/\/noti-america.com\/site\/ecuador\/wp-json\/wp\/v2\/users\/17"}],"replies":[{"embeddable":true,"href":"https:\/\/noti-america.com\/site\/ecuador\/wp-json\/wp\/v2\/comments?post=30895"}],"version-history":[{"count":1,"href":"https:\/\/noti-america.com\/site\/ecuador\/wp-json\/wp\/v2\/posts\/30895\/revisions"}],"predecessor-version":[{"id":30898,"href":"https:\/\/noti-america.com\/site\/ecuador\/wp-json\/wp\/v2\/posts\/30895\/revisions\/30898"}],"wp:featuredmedia":[{"embeddable":true,"href":"https:\/\/noti-america.com\/site\/ecuador\/wp-json\/wp\/v2\/media\/30897"}],"wp:attachment":[{"href":"https:\/\/noti-america.com\/site\/ecuador\/wp-json\/wp\/v2\/media?parent=30895"}],"wp:term":[{"taxonomy":"category","embeddable":true,"href":"https:\/\/noti-america.com\/site\/ecuador\/wp-json\/wp\/v2\/categories?post=30895"},{"taxonomy":"post_tag","embeddable":true,"href":"https:\/\/noti-america.com\/site\/ecuador\/wp-json\/wp\/v2\/tags?post=30895"}],"curies":[{"name":"wp","href":"https:\/\/api.w.org\/{rel}","templated":true}]}}