{"id":30842,"date":"2024-06-25T15:59:56","date_gmt":"2024-06-25T15:59:56","guid":{"rendered":"https:\/\/noti-america.com\/site\/ecuador\/?p=30842"},"modified":"2024-06-25T16:03:26","modified_gmt":"2024-06-25T16:03:26","slug":"crece-la-preferencia-de-consumidores-a-marcas-comprometidas-con-la-sostenibilidad","status":"publish","type":"post","link":"https:\/\/noti-america.com\/site\/ecuador\/2024\/06\/25\/crece-la-preferencia-de-consumidores-a-marcas-comprometidas-con-la-sostenibilidad\/","title":{"rendered":"Crece la preferencia de consumidores a marcas comprometidas con la sostenibilidad"},"content":{"rendered":"<p><strong>REDACCI\u00d3N NOTI AM\u00c9RICA (ECUADOR)<\/strong><\/p>\n<p><img loading=\"lazy\" decoding=\"async\" class=\"wp-image-30845 alignleft\" src=\"https:\/\/noti-america.com\/site\/ecuador\/wp-content\/uploads\/sites\/18\/2024\/06\/WhatsApp-Image-2024-06-25-at-10.58.42-300x207.jpeg\" alt=\"\" width=\"554\" height=\"382\" srcset=\"https:\/\/noti-america.com\/site\/ecuador\/wp-content\/uploads\/sites\/18\/2024\/06\/WhatsApp-Image-2024-06-25-at-10.58.42-300x207.jpeg 300w, https:\/\/noti-america.com\/site\/ecuador\/wp-content\/uploads\/sites\/18\/2024\/06\/WhatsApp-Image-2024-06-25-at-10.58.42-768x530.jpeg 768w, https:\/\/noti-america.com\/site\/ecuador\/wp-content\/uploads\/sites\/18\/2024\/06\/WhatsApp-Image-2024-06-25-at-10.58.42.jpeg 792w\" sizes=\"auto, (max-width: 554px) 100vw, 554px\" \/><\/p>\n<p style=\"text-align: justify\">La sostenibilidad est\u00e1 ganando relevancia tanto entre las empresas como los consumidores, impulsada por una serie de factores que incluyen la creciente conciencia sobre el cambio clim\u00e1tico y la responsabilidad social corporativa para abordar problemas sociales y mejorar la calidad de vida de las personas y comunidades. Este cambio ha transformado las preferencias de compra y la lealtad hacia las marcas, ya que los consumidores ahora valoran m\u00e1s aquellas que se comprometen con la protecci\u00f3n del planeta y el bienestar humano.<\/p>\n<p style=\"text-align: justify\">Seg\u00fan Francisco Bravo, Director de proyectos en Prodimeda, el estudio de la consultora internacional Nielsen indica que el 66% de los consumidores est\u00e1n dispuestos a pagar m\u00e1s por productos y servicios de empresas comprometidas con el impacto social y ambiental, cifra que supera el 70% entre los consumidores m\u00e1s j\u00f3venes.<\/p>\n<p style=\"text-align: justify\"><strong>El modelo de triple impacto ESG<\/strong><\/p>\n<p style=\"text-align: justify\">Prodimeda, con m\u00e1s de 35 a\u00f1os de experiencia en importaci\u00f3n, comercializaci\u00f3n y distribuci\u00f3n de productos m\u00e9dicos y soluciones complementarias, ha adoptado el modelo ESG (Environmental, Social, and Governance) como parte de su compromiso con la salud humana y animal. Esto implica una evaluaci\u00f3n integral y gesti\u00f3n de su desempe\u00f1o en \u00e1reas ambientales, sociales y de gobernanza.<\/p>\n<p style=\"text-align: justify\">En el \u00e1mbito ambiental, Prodimeda ha implementado iniciativas significativas, incluyendo la reducci\u00f3n de residuos pl\u00e1sticos y de papel en un 50%, as\u00ed como la promoci\u00f3n de empaques fabricados con cart\u00f3n reciclado y el reemplazo de botellas de agua pl\u00e1sticas por vidrio. Estas acciones est\u00e1n dise\u00f1adas para mitigar el impacto ambiental y fomentar pr\u00e1cticas sostenibles dentro de la empresa.<\/p>\n<p style=\"text-align: justify\">Sobre el compromiso social con la comunidad, en 2024, Prodimeda inici\u00f3 el despliegue de brigadas de salud en colaboraci\u00f3n con universidades p\u00fablicas y privadas y otras entidades, con el prop\u00f3sito de promover el enfoque preventivo de la salud. Estas brigadas incluyen la medici\u00f3n de presi\u00f3n arterial, frecuencia card\u00edaca, peso, temperatura corporal, \u00edndice de masa corporal y detecci\u00f3n de enfermedades venosas. Adem\u00e1s, la empresa sostiene programas de apoyo a entidades como la Fundaci\u00f3n Jonathan, respaldando sus esfuerzos continuos en la protecci\u00f3n de los derechos de ni\u00f1os y adultos mayores con discapacidad, con un apoyo ininterrumpido a lo largo de muchos a\u00f1os.<\/p>\n<p style=\"text-align: justify\">En torno a la gobernanza, Prodimeda super\u00f3 con \u00e9xito el proceso de evaluaci\u00f3n y certificaci\u00f3n de la ISO 37001 Antisobornos. Se trata de un hito de compromiso de la empresa con la transparencia y gobernanza, para combatir la corrupci\u00f3n y la prevenci\u00f3n del soborno en sus distintas formas y niveles. Siendo una iniciativa ejemplar en el sector de comercializaci\u00f3n de equipos e insumos m\u00e9dicos.<\/p>\n<p style=\"text-align: justify\"><strong>Compromiso guiado por los ODS: Avanzando hacia un futuro sostenible<\/strong><\/p>\n<p style=\"text-align: justify\">Francisco Bravo enfatiza que las empresas deben integrarse activamente en la transformaci\u00f3n hacia la sostenibilidad. Por este motivo, Prodimeda se compromete a promover buenas pr\u00e1cticas y contribuir al cumplimiento de los Objetivos de Desarrollo Sostenible (ODS) establecidos por las Naciones Unidas.<\/p>\n<p style=\"text-align: justify\">En l\u00ednea con el ODS 3, que aborda Salud y Bienestar, la empresa se dedica a importar y distribuir productos m\u00e9dicos y soluciones complementarias de alta calidad y seguridad, trabajando con marcas reconocidas a nivel mundial como proveedores de soluciones complementarias. Todo esto en cumplimiento con la normativa sanitaria local e internacional. La compa\u00f1\u00eda mantiene desde hace m\u00e1s de una d\u00e9cada la certificaci\u00f3n ISO 9001:2015 en gesti\u00f3n de calidad, reafirmando su compromiso con est\u00e1ndares de calidad.<\/p>\n<p style=\"text-align: justify\">Por \u00faltimo, en concordancia con el ODS 9, que promueve Industria, Innovaci\u00f3n e Infraestructura, Prodimeda impulsa la inversi\u00f3n y desarrollo de servicios m\u00e1s eficientes. A trav\u00e9s de su iniciativa \u00abCultura Tech\u00bb, la empresa optimiza las operaciones log\u00edsticas para mejorar la eficiencia de su cadena de valor y explora opciones para reducir las emisiones de carbono.<\/p>\n","protected":false},"excerpt":{"rendered":"<p>REDACCI\u00d3N NOTI AM\u00c9RICA (ECUADOR) La sostenibilidad est\u00e1 ganando relevancia tanto entre las empresas como los consumidores, impulsada por una serie de factores que incluyen la creciente conciencia sobre el cambio clim\u00e1tico y la responsabilidad&#46;&#46;&#46;<\/p>\n","protected":false},"author":113,"featured_media":30845,"comment_status":"open","ping_status":"open","sticky":false,"template":"","format":"standard","meta":{"_acf_changed":false,"om_disable_all_campaigns":false,"rop_custom_images_group":[],"rop_custom_messages_group":[],"rop_publish_now":"initial","rop_publish_now_accounts":{"twitter_242054905_242054905":""},"rop_publish_now_history":[],"rop_publish_now_status":"pending","_uf_show_specific_survey":0,"_uf_disable_surveys":false,"footnotes":""},"categories":[42],"tags":[],"class_list":["post-30842","post","type-post","status-publish","format-standard","has-post-thumbnail","hentry","category-noticias"],"acf":[],"aioseo_notices":[],"yoast_head":"<!-- This site is optimized with the Yoast SEO Premium plugin v24.9 (Yoast SEO v27.2) - https:\/\/yoast.com\/product\/yoast-seo-premium-wordpress\/ -->\n<title>Crece la preferencia de consumidores a marcas comprometidas con la sostenibilidad - Ecuador | Noti-America.com<\/title>\n<meta name=\"robots\" content=\"index, follow, max-snippet:-1, max-image-preview:large, max-video-preview:-1\" \/>\n<link rel=\"canonical\" href=\"https:\/\/noti-america.com\/site\/ecuador\/2024\/06\/25\/crece-la-preferencia-de-consumidores-a-marcas-comprometidas-con-la-sostenibilidad\/\" \/>\n<meta property=\"og:locale\" content=\"es_ES\" \/>\n<meta property=\"og:type\" content=\"article\" \/>\n<meta property=\"og:title\" content=\"Crece la preferencia de consumidores a marcas comprometidas con la sostenibilidad\" \/>\n<meta property=\"og:description\" content=\"REDACCI\u00d3N NOTI AM\u00c9RICA (ECUADOR) La sostenibilidad est\u00e1 ganando relevancia tanto entre las empresas como los consumidores, impulsada por una serie de factores que incluyen la creciente conciencia sobre el cambio clim\u00e1tico y la responsabilidad&#046;&#046;&#046;\" \/>\n<meta property=\"og:url\" content=\"https:\/\/noti-america.com\/site\/ecuador\/2024\/06\/25\/crece-la-preferencia-de-consumidores-a-marcas-comprometidas-con-la-sostenibilidad\/\" \/>\n<meta property=\"og:site_name\" content=\"Ecuador | Noti-America.com\" \/>\n<meta property=\"article:published_time\" content=\"2024-06-25T15:59:56+00:00\" \/>\n<meta property=\"article:modified_time\" content=\"2024-06-25T16:03:26+00:00\" \/>\n<meta property=\"og:image\" content=\"https:\/\/noti-america.com\/site\/ecuador\/wp-content\/uploads\/sites\/18\/2024\/06\/WhatsApp-Image-2024-06-25-at-10.58.42.jpeg\" \/>\n\t<meta property=\"og:image:width\" content=\"792\" \/>\n\t<meta property=\"og:image:height\" content=\"547\" \/>\n\t<meta property=\"og:image:type\" content=\"image\/jpeg\" \/>\n<meta name=\"author\" content=\"Henry Ortiz\" \/>\n<meta name=\"twitter:card\" content=\"summary_large_image\" \/>\n<meta name=\"twitter:creator\" content=\"@notiamerica\" \/>\n<meta name=\"twitter:site\" content=\"@notiamerica\" \/>\n<meta name=\"twitter:label1\" content=\"Escrito por\" \/>\n\t<meta name=\"twitter:data1\" content=\"Henry Ortiz\" \/>\n\t<meta name=\"twitter:label2\" content=\"Tiempo estimado de lectura\" \/>\n\t<meta name=\"twitter:data2\" content=\"4 minutos\" \/>\n<script type=\"application\/ld+json\" class=\"yoast-schema-graph\">{\"@context\":\"https:\/\/schema.org\",\"@graph\":[{\"@type\":\"Article\",\"@id\":\"https:\/\/noti-america.com\/site\/ecuador\/2024\/06\/25\/crece-la-preferencia-de-consumidores-a-marcas-comprometidas-con-la-sostenibilidad\/#article\",\"isPartOf\":{\"@id\":\"https:\/\/noti-america.com\/site\/ecuador\/2024\/06\/25\/crece-la-preferencia-de-consumidores-a-marcas-comprometidas-con-la-sostenibilidad\/\"},\"author\":{\"name\":\"Henry Ortiz\",\"@id\":\"https:\/\/noti-america.com\/site\/ecuador\/#\/schema\/person\/b9d1630cc6598af759d45c790a347283\"},\"headline\":\"Crece la preferencia de consumidores a marcas comprometidas con la sostenibilidad\",\"datePublished\":\"2024-06-25T15:59:56+00:00\",\"dateModified\":\"2024-06-25T16:03:26+00:00\",\"mainEntityOfPage\":{\"@id\":\"https:\/\/noti-america.com\/site\/ecuador\/2024\/06\/25\/crece-la-preferencia-de-consumidores-a-marcas-comprometidas-con-la-sostenibilidad\/\"},\"wordCount\":663,\"commentCount\":0,\"publisher\":{\"@id\":\"https:\/\/noti-america.com\/site\/ecuador\/#organization\"},\"image\":{\"@id\":\"https:\/\/noti-america.com\/site\/ecuador\/2024\/06\/25\/crece-la-preferencia-de-consumidores-a-marcas-comprometidas-con-la-sostenibilidad\/#primaryimage\"},\"thumbnailUrl\":\"https:\/\/noti-america.com\/site\/ecuador\/wp-content\/uploads\/sites\/18\/2024\/06\/WhatsApp-Image-2024-06-25-at-10.58.42.jpeg\",\"articleSection\":[\"Noticias\"],\"inLanguage\":\"es\",\"potentialAction\":[{\"@type\":\"CommentAction\",\"name\":\"Comment\",\"target\":[\"https:\/\/noti-america.com\/site\/ecuador\/2024\/06\/25\/crece-la-preferencia-de-consumidores-a-marcas-comprometidas-con-la-sostenibilidad\/#respond\"]}]},{\"@type\":\"WebPage\",\"@id\":\"https:\/\/noti-america.com\/site\/ecuador\/2024\/06\/25\/crece-la-preferencia-de-consumidores-a-marcas-comprometidas-con-la-sostenibilidad\/\",\"url\":\"https:\/\/noti-america.com\/site\/ecuador\/2024\/06\/25\/crece-la-preferencia-de-consumidores-a-marcas-comprometidas-con-la-sostenibilidad\/\",\"name\":\"Crece la preferencia de consumidores a marcas comprometidas con la sostenibilidad - Ecuador | Noti-America.com\",\"isPartOf\":{\"@id\":\"https:\/\/noti-america.com\/site\/ecuador\/#website\"},\"primaryImageOfPage\":{\"@id\":\"https:\/\/noti-america.com\/site\/ecuador\/2024\/06\/25\/crece-la-preferencia-de-consumidores-a-marcas-comprometidas-con-la-sostenibilidad\/#primaryimage\"},\"image\":{\"@id\":\"https:\/\/noti-america.com\/site\/ecuador\/2024\/06\/25\/crece-la-preferencia-de-consumidores-a-marcas-comprometidas-con-la-sostenibilidad\/#primaryimage\"},\"thumbnailUrl\":\"https:\/\/noti-america.com\/site\/ecuador\/wp-content\/uploads\/sites\/18\/2024\/06\/WhatsApp-Image-2024-06-25-at-10.58.42.jpeg\",\"datePublished\":\"2024-06-25T15:59:56+00:00\",\"dateModified\":\"2024-06-25T16:03:26+00:00\",\"breadcrumb\":{\"@id\":\"https:\/\/noti-america.com\/site\/ecuador\/2024\/06\/25\/crece-la-preferencia-de-consumidores-a-marcas-comprometidas-con-la-sostenibilidad\/#breadcrumb\"},\"inLanguage\":\"es\",\"potentialAction\":[{\"@type\":\"ReadAction\",\"target\":[\"https:\/\/noti-america.com\/site\/ecuador\/2024\/06\/25\/crece-la-preferencia-de-consumidores-a-marcas-comprometidas-con-la-sostenibilidad\/\"]}]},{\"@type\":\"ImageObject\",\"inLanguage\":\"es\",\"@id\":\"https:\/\/noti-america.com\/site\/ecuador\/2024\/06\/25\/crece-la-preferencia-de-consumidores-a-marcas-comprometidas-con-la-sostenibilidad\/#primaryimage\",\"url\":\"https:\/\/noti-america.com\/site\/ecuador\/wp-content\/uploads\/sites\/18\/2024\/06\/WhatsApp-Image-2024-06-25-at-10.58.42.jpeg\",\"contentUrl\":\"https:\/\/noti-america.com\/site\/ecuador\/wp-content\/uploads\/sites\/18\/2024\/06\/WhatsApp-Image-2024-06-25-at-10.58.42.jpeg\",\"width\":792,\"height\":547},{\"@type\":\"BreadcrumbList\",\"@id\":\"https:\/\/noti-america.com\/site\/ecuador\/2024\/06\/25\/crece-la-preferencia-de-consumidores-a-marcas-comprometidas-con-la-sostenibilidad\/#breadcrumb\",\"itemListElement\":[{\"@type\":\"ListItem\",\"position\":1,\"name\":\"Portada\",\"item\":\"https:\/\/noti-america.com\/site\/ecuador\/\"},{\"@type\":\"ListItem\",\"position\":2,\"name\":\"Crece la preferencia de consumidores a marcas comprometidas con la sostenibilidad\"}]},{\"@type\":\"WebSite\",\"@id\":\"https:\/\/noti-america.com\/site\/ecuador\/#website\",\"url\":\"https:\/\/noti-america.com\/site\/ecuador\/\",\"name\":\"Ecuador | Noti-America.com\",\"description\":\"\",\"publisher\":{\"@id\":\"https:\/\/noti-america.com\/site\/ecuador\/#organization\"},\"potentialAction\":[{\"@type\":\"SearchAction\",\"target\":{\"@type\":\"EntryPoint\",\"urlTemplate\":\"https:\/\/noti-america.com\/site\/ecuador\/?s={search_term_string}\"},\"query-input\":{\"@type\":\"PropertyValueSpecification\",\"valueRequired\":true,\"valueName\":\"search_term_string\"}}],\"inLanguage\":\"es\"},{\"@type\":\"Organization\",\"@id\":\"https:\/\/noti-america.com\/site\/ecuador\/#organization\",\"name\":\"Noti-America LLC | Ecuador\",\"url\":\"https:\/\/noti-america.com\/site\/ecuador\/\",\"logo\":{\"@type\":\"ImageObject\",\"inLanguage\":\"es\",\"@id\":\"https:\/\/noti-america.com\/site\/ecuador\/#\/schema\/logo\/image\/\",\"url\":\"https:\/\/noti-america.com\/site\/ecuador\/wp-content\/uploads\/sites\/18\/2020\/07\/LogoNA-4x3-1.jpg\",\"contentUrl\":\"https:\/\/noti-america.com\/site\/ecuador\/wp-content\/uploads\/sites\/18\/2020\/07\/LogoNA-4x3-1.jpg\",\"width\":1236,\"height\":1080,\"caption\":\"Noti-America LLC | Ecuador\"},\"image\":{\"@id\":\"https:\/\/noti-america.com\/site\/ecuador\/#\/schema\/logo\/image\/\"},\"sameAs\":[\"https:\/\/x.com\/notiamerica\"]},{\"@type\":\"Person\",\"@id\":\"https:\/\/noti-america.com\/site\/ecuador\/#\/schema\/person\/b9d1630cc6598af759d45c790a347283\",\"name\":\"Henry Ortiz\",\"image\":{\"@type\":\"ImageObject\",\"inLanguage\":\"es\",\"@id\":\"https:\/\/secure.gravatar.com\/avatar\/0b5407b5b302fbb6a578e625dca512ac2983ee5fa9ea941d581b83c40212e4c8?s=96&d=mm&r=g\",\"url\":\"https:\/\/secure.gravatar.com\/avatar\/0b5407b5b302fbb6a578e625dca512ac2983ee5fa9ea941d581b83c40212e4c8?s=96&d=mm&r=g\",\"contentUrl\":\"https:\/\/secure.gravatar.com\/avatar\/0b5407b5b302fbb6a578e625dca512ac2983ee5fa9ea941d581b83c40212e4c8?s=96&d=mm&r=g\",\"caption\":\"Henry Ortiz\"},\"url\":\"https:\/\/noti-america.com\/site\/ecuador\/author\/hortiz\/\"}]}<\/script>\n<!-- \/ Yoast SEO Premium plugin. -->","yoast_head_json":{"title":"Crece la preferencia de consumidores a marcas comprometidas con la sostenibilidad - Ecuador | Noti-America.com","robots":{"index":"index","follow":"follow","max-snippet":"max-snippet:-1","max-image-preview":"max-image-preview:large","max-video-preview":"max-video-preview:-1"},"canonical":"https:\/\/noti-america.com\/site\/ecuador\/2024\/06\/25\/crece-la-preferencia-de-consumidores-a-marcas-comprometidas-con-la-sostenibilidad\/","og_locale":"es_ES","og_type":"article","og_title":"Crece la preferencia de consumidores a marcas comprometidas con la sostenibilidad","og_description":"REDACCI\u00d3N NOTI AM\u00c9RICA (ECUADOR) La sostenibilidad est\u00e1 ganando relevancia tanto entre las empresas como los consumidores, impulsada por una serie de factores que incluyen la creciente conciencia sobre el cambio clim\u00e1tico y la responsabilidad&#46;&#46;&#46;","og_url":"https:\/\/noti-america.com\/site\/ecuador\/2024\/06\/25\/crece-la-preferencia-de-consumidores-a-marcas-comprometidas-con-la-sostenibilidad\/","og_site_name":"Ecuador | Noti-America.com","article_published_time":"2024-06-25T15:59:56+00:00","article_modified_time":"2024-06-25T16:03:26+00:00","og_image":[{"width":792,"height":547,"url":"https:\/\/noti-america.com\/site\/ecuador\/wp-content\/uploads\/sites\/18\/2024\/06\/WhatsApp-Image-2024-06-25-at-10.58.42.jpeg","type":"image\/jpeg"}],"author":"Henry Ortiz","twitter_card":"summary_large_image","twitter_creator":"@notiamerica","twitter_site":"@notiamerica","twitter_misc":{"Escrito por":"Henry Ortiz","Tiempo estimado de lectura":"4 minutos"},"schema":{"@context":"https:\/\/schema.org","@graph":[{"@type":"Article","@id":"https:\/\/noti-america.com\/site\/ecuador\/2024\/06\/25\/crece-la-preferencia-de-consumidores-a-marcas-comprometidas-con-la-sostenibilidad\/#article","isPartOf":{"@id":"https:\/\/noti-america.com\/site\/ecuador\/2024\/06\/25\/crece-la-preferencia-de-consumidores-a-marcas-comprometidas-con-la-sostenibilidad\/"},"author":{"name":"Henry Ortiz","@id":"https:\/\/noti-america.com\/site\/ecuador\/#\/schema\/person\/b9d1630cc6598af759d45c790a347283"},"headline":"Crece la preferencia de consumidores a marcas comprometidas con la sostenibilidad","datePublished":"2024-06-25T15:59:56+00:00","dateModified":"2024-06-25T16:03:26+00:00","mainEntityOfPage":{"@id":"https:\/\/noti-america.com\/site\/ecuador\/2024\/06\/25\/crece-la-preferencia-de-consumidores-a-marcas-comprometidas-con-la-sostenibilidad\/"},"wordCount":663,"commentCount":0,"publisher":{"@id":"https:\/\/noti-america.com\/site\/ecuador\/#organization"},"image":{"@id":"https:\/\/noti-america.com\/site\/ecuador\/2024\/06\/25\/crece-la-preferencia-de-consumidores-a-marcas-comprometidas-con-la-sostenibilidad\/#primaryimage"},"thumbnailUrl":"https:\/\/noti-america.com\/site\/ecuador\/wp-content\/uploads\/sites\/18\/2024\/06\/WhatsApp-Image-2024-06-25-at-10.58.42.jpeg","articleSection":["Noticias"],"inLanguage":"es","potentialAction":[{"@type":"CommentAction","name":"Comment","target":["https:\/\/noti-america.com\/site\/ecuador\/2024\/06\/25\/crece-la-preferencia-de-consumidores-a-marcas-comprometidas-con-la-sostenibilidad\/#respond"]}]},{"@type":"WebPage","@id":"https:\/\/noti-america.com\/site\/ecuador\/2024\/06\/25\/crece-la-preferencia-de-consumidores-a-marcas-comprometidas-con-la-sostenibilidad\/","url":"https:\/\/noti-america.com\/site\/ecuador\/2024\/06\/25\/crece-la-preferencia-de-consumidores-a-marcas-comprometidas-con-la-sostenibilidad\/","name":"Crece la preferencia de consumidores a marcas comprometidas con la sostenibilidad - Ecuador | Noti-America.com","isPartOf":{"@id":"https:\/\/noti-america.com\/site\/ecuador\/#website"},"primaryImageOfPage":{"@id":"https:\/\/noti-america.com\/site\/ecuador\/2024\/06\/25\/crece-la-preferencia-de-consumidores-a-marcas-comprometidas-con-la-sostenibilidad\/#primaryimage"},"image":{"@id":"https:\/\/noti-america.com\/site\/ecuador\/2024\/06\/25\/crece-la-preferencia-de-consumidores-a-marcas-comprometidas-con-la-sostenibilidad\/#primaryimage"},"thumbnailUrl":"https:\/\/noti-america.com\/site\/ecuador\/wp-content\/uploads\/sites\/18\/2024\/06\/WhatsApp-Image-2024-06-25-at-10.58.42.jpeg","datePublished":"2024-06-25T15:59:56+00:00","dateModified":"2024-06-25T16:03:26+00:00","breadcrumb":{"@id":"https:\/\/noti-america.com\/site\/ecuador\/2024\/06\/25\/crece-la-preferencia-de-consumidores-a-marcas-comprometidas-con-la-sostenibilidad\/#breadcrumb"},"inLanguage":"es","potentialAction":[{"@type":"ReadAction","target":["https:\/\/noti-america.com\/site\/ecuador\/2024\/06\/25\/crece-la-preferencia-de-consumidores-a-marcas-comprometidas-con-la-sostenibilidad\/"]}]},{"@type":"ImageObject","inLanguage":"es","@id":"https:\/\/noti-america.com\/site\/ecuador\/2024\/06\/25\/crece-la-preferencia-de-consumidores-a-marcas-comprometidas-con-la-sostenibilidad\/#primaryimage","url":"https:\/\/noti-america.com\/site\/ecuador\/wp-content\/uploads\/sites\/18\/2024\/06\/WhatsApp-Image-2024-06-25-at-10.58.42.jpeg","contentUrl":"https:\/\/noti-america.com\/site\/ecuador\/wp-content\/uploads\/sites\/18\/2024\/06\/WhatsApp-Image-2024-06-25-at-10.58.42.jpeg","width":792,"height":547},{"@type":"BreadcrumbList","@id":"https:\/\/noti-america.com\/site\/ecuador\/2024\/06\/25\/crece-la-preferencia-de-consumidores-a-marcas-comprometidas-con-la-sostenibilidad\/#breadcrumb","itemListElement":[{"@type":"ListItem","position":1,"name":"Portada","item":"https:\/\/noti-america.com\/site\/ecuador\/"},{"@type":"ListItem","position":2,"name":"Crece la preferencia de consumidores a marcas comprometidas con la sostenibilidad"}]},{"@type":"WebSite","@id":"https:\/\/noti-america.com\/site\/ecuador\/#website","url":"https:\/\/noti-america.com\/site\/ecuador\/","name":"Ecuador | Noti-America.com","description":"","publisher":{"@id":"https:\/\/noti-america.com\/site\/ecuador\/#organization"},"potentialAction":[{"@type":"SearchAction","target":{"@type":"EntryPoint","urlTemplate":"https:\/\/noti-america.com\/site\/ecuador\/?s={search_term_string}"},"query-input":{"@type":"PropertyValueSpecification","valueRequired":true,"valueName":"search_term_string"}}],"inLanguage":"es"},{"@type":"Organization","@id":"https:\/\/noti-america.com\/site\/ecuador\/#organization","name":"Noti-America LLC | Ecuador","url":"https:\/\/noti-america.com\/site\/ecuador\/","logo":{"@type":"ImageObject","inLanguage":"es","@id":"https:\/\/noti-america.com\/site\/ecuador\/#\/schema\/logo\/image\/","url":"https:\/\/noti-america.com\/site\/ecuador\/wp-content\/uploads\/sites\/18\/2020\/07\/LogoNA-4x3-1.jpg","contentUrl":"https:\/\/noti-america.com\/site\/ecuador\/wp-content\/uploads\/sites\/18\/2020\/07\/LogoNA-4x3-1.jpg","width":1236,"height":1080,"caption":"Noti-America LLC | Ecuador"},"image":{"@id":"https:\/\/noti-america.com\/site\/ecuador\/#\/schema\/logo\/image\/"},"sameAs":["https:\/\/x.com\/notiamerica"]},{"@type":"Person","@id":"https:\/\/noti-america.com\/site\/ecuador\/#\/schema\/person\/b9d1630cc6598af759d45c790a347283","name":"Henry Ortiz","image":{"@type":"ImageObject","inLanguage":"es","@id":"https:\/\/secure.gravatar.com\/avatar\/0b5407b5b302fbb6a578e625dca512ac2983ee5fa9ea941d581b83c40212e4c8?s=96&d=mm&r=g","url":"https:\/\/secure.gravatar.com\/avatar\/0b5407b5b302fbb6a578e625dca512ac2983ee5fa9ea941d581b83c40212e4c8?s=96&d=mm&r=g","contentUrl":"https:\/\/secure.gravatar.com\/avatar\/0b5407b5b302fbb6a578e625dca512ac2983ee5fa9ea941d581b83c40212e4c8?s=96&d=mm&r=g","caption":"Henry Ortiz"},"url":"https:\/\/noti-america.com\/site\/ecuador\/author\/hortiz\/"}]}},"_links":{"self":[{"href":"https:\/\/noti-america.com\/site\/ecuador\/wp-json\/wp\/v2\/posts\/30842","targetHints":{"allow":["GET"]}}],"collection":[{"href":"https:\/\/noti-america.com\/site\/ecuador\/wp-json\/wp\/v2\/posts"}],"about":[{"href":"https:\/\/noti-america.com\/site\/ecuador\/wp-json\/wp\/v2\/types\/post"}],"author":[{"embeddable":true,"href":"https:\/\/noti-america.com\/site\/ecuador\/wp-json\/wp\/v2\/users\/113"}],"replies":[{"embeddable":true,"href":"https:\/\/noti-america.com\/site\/ecuador\/wp-json\/wp\/v2\/comments?post=30842"}],"version-history":[{"count":3,"href":"https:\/\/noti-america.com\/site\/ecuador\/wp-json\/wp\/v2\/posts\/30842\/revisions"}],"predecessor-version":[{"id":30847,"href":"https:\/\/noti-america.com\/site\/ecuador\/wp-json\/wp\/v2\/posts\/30842\/revisions\/30847"}],"wp:featuredmedia":[{"embeddable":true,"href":"https:\/\/noti-america.com\/site\/ecuador\/wp-json\/wp\/v2\/media\/30845"}],"wp:attachment":[{"href":"https:\/\/noti-america.com\/site\/ecuador\/wp-json\/wp\/v2\/media?parent=30842"}],"wp:term":[{"taxonomy":"category","embeddable":true,"href":"https:\/\/noti-america.com\/site\/ecuador\/wp-json\/wp\/v2\/categories?post=30842"},{"taxonomy":"post_tag","embeddable":true,"href":"https:\/\/noti-america.com\/site\/ecuador\/wp-json\/wp\/v2\/tags?post=30842"}],"curies":[{"name":"wp","href":"https:\/\/api.w.org\/{rel}","templated":true}]}}