{"id":30245,"date":"2024-05-21T00:02:53","date_gmt":"2024-05-21T00:02:53","guid":{"rendered":"https:\/\/noti-america.com\/site\/ecuador\/2024\/05\/21\/30245\/"},"modified":"2024-05-21T00:11:49","modified_gmt":"2024-05-21T00:11:49","slug":"30245","status":"publish","type":"post","link":"https:\/\/noti-america.com\/site\/ecuador\/2024\/05\/21\/30245\/","title":{"rendered":"Universidad de Guayaquil cuenta con comit\u00e9 de \u00e9tica para avalar la calidad en sus investigaciones"},"content":{"rendered":"<p style=\"text-align: justify\">REDACCI\u00d3N NOTI-AM\u00c9RICA\u00a0<strong>(ECUADOR).<\/strong><\/p>\n<div id=\"attachment_30244\" style=\"width: 2570px\" class=\"wp-caption aligncenter\"><img loading=\"lazy\" decoding=\"async\" aria-describedby=\"caption-attachment-30244\" class=\"wp-image-30244 size-full\" src=\"https:\/\/noti-america.com\/site\/ecuador\/wp-content\/uploads\/sites\/18\/2024\/05\/7118aefc-d395-49f0-a2fd-563384a355f0-2-scaled.jpeg\" alt=\"El ministro Franklin Encalada entregando el certificado al rector Francisco Mor\u00e1n (derecha).\" width=\"2560\" height=\"1707\" srcset=\"https:\/\/noti-america.com\/site\/ecuador\/wp-content\/uploads\/sites\/18\/2024\/05\/7118aefc-d395-49f0-a2fd-563384a355f0-2-scaled.jpeg 2560w, https:\/\/noti-america.com\/site\/ecuador\/wp-content\/uploads\/sites\/18\/2024\/05\/7118aefc-d395-49f0-a2fd-563384a355f0-2-300x200.jpeg 300w, https:\/\/noti-america.com\/site\/ecuador\/wp-content\/uploads\/sites\/18\/2024\/05\/7118aefc-d395-49f0-a2fd-563384a355f0-2-1024x683.jpeg 1024w, https:\/\/noti-america.com\/site\/ecuador\/wp-content\/uploads\/sites\/18\/2024\/05\/7118aefc-d395-49f0-a2fd-563384a355f0-2-768x512.jpeg 768w, https:\/\/noti-america.com\/site\/ecuador\/wp-content\/uploads\/sites\/18\/2024\/05\/7118aefc-d395-49f0-a2fd-563384a355f0-2-1536x1024.jpeg 1536w, https:\/\/noti-america.com\/site\/ecuador\/wp-content\/uploads\/sites\/18\/2024\/05\/7118aefc-d395-49f0-a2fd-563384a355f0-2-2048x1366.jpeg 2048w, https:\/\/noti-america.com\/site\/ecuador\/wp-content\/uploads\/sites\/18\/2024\/05\/7118aefc-d395-49f0-a2fd-563384a355f0-2-272x182.jpeg 272w\" sizes=\"auto, (max-width: 2560px) 100vw, 2560px\" \/><p id=\"caption-attachment-30244\" class=\"wp-caption-text\">El ministro Franklin Encalada entregando el certificado al rector Francisco Mor\u00e1n<\/p><\/div>\n<p style=\"text-align: justify\">La Universidad de Guayaquil contar\u00e1 con un Comit\u00e9 de \u00c9tica e Investigaci\u00f3n en Seres Humanos (CEISH) que proteger\u00e1 la dignidad, derechos, integridad, seguridad y bienestar de los participantes en investigaciones.<\/p>\n<p style=\"text-align: justify\">En un acto desarrollado en la plazoleta de la Facultad de Ciencias M\u00e9dicas, el Ministro de Salud P\u00fablica, Dr. Franklin Encalada, entreg\u00f3 al rector, Francisco Mor\u00e1n Pe\u00f1a, el certificado de aprobaci\u00f3n del Comit\u00e9 de \u00c9tica de Investigaci\u00f3n en Seres Humanos de la Universidad de Guayaquil (CEISH-UG), con el c\u00f3digo \u00fanico DNIVS-CEISH-09-UG-33.<\/p>\n<p style=\"text-align: justify\">El Ministro expres\u00f3 su honor al entregar este certificado a su alma mater, avalando la operatividad del CEISH, el cual estar\u00e1 presidido por el docente investigador Jorge Daher Nader. El comit\u00e9 tambi\u00e9n incluir\u00e1 a los destacados m\u00e9dicos Ada Hern\u00e1ndez, Carmen S\u00e1nchez como secretaria, Jos\u00e9 Apolo, Geovana Alb\u00e1n, y la representante de la sociedad civil, Moida Castellano de Alb\u00e1n.<\/p>\n<p style=\"text-align: justify\">El presidente del CEISH-UG, Jorge Daher Nader, indic\u00f3 que ya tienen cinco proyectos de investigaci\u00f3n listos para ser evaluados por la comisi\u00f3n. Estos proyectos ser\u00e1n supervisados rigurosamente para asegurar que cumplan con los est\u00e1ndares \u00e9ticos y cient\u00edficos desde su inicio hasta su finalizaci\u00f3n.<\/p>\n<p style=\"text-align: justify\">El rector, Francisco Mor\u00e1n Pe\u00f1a, destac\u00f3 que la implementaci\u00f3n del CEISH-UG demuestra el compromiso de la Facultad de Ciencias M\u00e9dicas de la Universidad de Guayaquil con la \u00e9tica y la calidad en sus investigaciones.<\/p>\n<p style=\"text-align: justify\">El CEISH-UG evaluar\u00e1 y aprobar\u00e1 investigaciones observacionales, intervenciones y ensayos cl\u00ednicos que involucren a personas, incluyendo el uso de muestras biol\u00f3gicas y la recopilaci\u00f3n de informaci\u00f3n proveniente de seres humanos.<\/p>\n","protected":false},"excerpt":{"rendered":"<p>REDACCI\u00d3N NOTI-AM\u00c9RICA\u00a0(ECUADOR). La Universidad de Guayaquil contar\u00e1 con un Comit\u00e9 de \u00c9tica e Investigaci\u00f3n en Seres Humanos (CEISH) que proteger\u00e1 la dignidad, derechos, integridad, seguridad y bienestar de los participantes en investigaciones. En un&#46;&#46;&#46;<\/p>\n","protected":false},"author":81,"featured_media":30246,"comment_status":"open","ping_status":"open","sticky":false,"template":"","format":"standard","meta":{"_acf_changed":false,"om_disable_all_campaigns":false,"rop_custom_images_group":[],"rop_custom_messages_group":[],"rop_publish_now":"initial","rop_publish_now_accounts":{"twitter_242054905_242054905":""},"rop_publish_now_history":[],"rop_publish_now_status":"pending","_uf_show_specific_survey":0,"_uf_disable_surveys":false,"footnotes":""},"categories":[103,35],"tags":[],"class_list":["post-30245","post","type-post","status-publish","format-standard","has-post-thumbnail","hentry","category-educacion","category-salud"],"acf":[],"aioseo_notices":[],"yoast_head":"<!-- This site is optimized with the Yoast SEO Premium plugin v24.9 (Yoast SEO v27.2) - https:\/\/yoast.com\/product\/yoast-seo-premium-wordpress\/ -->\n<title>Universidad de Guayaquil cuenta con comit\u00e9 de \u00e9tica para avalar la calidad en sus investigaciones - Ecuador | Noti-America.com<\/title>\n<meta name=\"robots\" content=\"index, follow, max-snippet:-1, max-image-preview:large, max-video-preview:-1\" \/>\n<link rel=\"canonical\" href=\"https:\/\/noti-america.com\/site\/ecuador\/2024\/05\/21\/30245\/\" \/>\n<meta property=\"og:locale\" content=\"es_ES\" \/>\n<meta property=\"og:type\" content=\"article\" \/>\n<meta property=\"og:title\" content=\"Universidad de Guayaquil cuenta con comit\u00e9 de \u00e9tica para avalar la calidad en sus investigaciones\" \/>\n<meta property=\"og:description\" content=\"REDACCI\u00d3N NOTI-AM\u00c9RICA\u00a0(ECUADOR). La Universidad de Guayaquil contar\u00e1 con un Comit\u00e9 de \u00c9tica e Investigaci\u00f3n en Seres Humanos (CEISH) que proteger\u00e1 la dignidad, derechos, integridad, seguridad y bienestar de los participantes en investigaciones. En un&#046;&#046;&#046;\" \/>\n<meta property=\"og:url\" content=\"https:\/\/noti-america.com\/site\/ecuador\/2024\/05\/21\/30245\/\" \/>\n<meta property=\"og:site_name\" content=\"Ecuador | Noti-America.com\" \/>\n<meta property=\"article:published_time\" content=\"2024-05-21T00:02:53+00:00\" \/>\n<meta property=\"article:modified_time\" content=\"2024-05-21T00:11:49+00:00\" \/>\n<meta property=\"og:image\" content=\"https:\/\/noti-america.com\/site\/ecuador\/wp-content\/uploads\/sites\/18\/2024\/05\/7118aefc-d395-49f0-a2fd-563384a355f0-2-scaled.jpeg\" \/>\n\t<meta property=\"og:image:width\" content=\"2560\" \/>\n\t<meta property=\"og:image:height\" content=\"1707\" \/>\n\t<meta property=\"og:image:type\" content=\"image\/jpeg\" \/>\n<meta name=\"author\" content=\"Boris Moyano\" \/>\n<meta name=\"twitter:card\" content=\"summary_large_image\" \/>\n<meta name=\"twitter:creator\" content=\"@notiamerica\" \/>\n<meta name=\"twitter:site\" content=\"@notiamerica\" \/>\n<meta name=\"twitter:label1\" content=\"Escrito por\" \/>\n\t<meta name=\"twitter:data1\" content=\"Boris Moyano\" \/>\n\t<meta name=\"twitter:label2\" content=\"Tiempo estimado de lectura\" \/>\n\t<meta name=\"twitter:data2\" content=\"2 minutos\" \/>\n<script type=\"application\/ld+json\" class=\"yoast-schema-graph\">{\"@context\":\"https:\/\/schema.org\",\"@graph\":[{\"@type\":\"Article\",\"@id\":\"https:\/\/noti-america.com\/site\/ecuador\/2024\/05\/21\/30245\/#article\",\"isPartOf\":{\"@id\":\"https:\/\/noti-america.com\/site\/ecuador\/2024\/05\/21\/30245\/\"},\"author\":{\"name\":\"Boris Moyano\",\"@id\":\"https:\/\/noti-america.com\/site\/ecuador\/#\/schema\/person\/063740b70e1baad7ce400b3b8bd8b8e3\"},\"headline\":\"Universidad de Guayaquil cuenta con comit\u00e9 de \u00e9tica para avalar la calidad en sus investigaciones\",\"datePublished\":\"2024-05-21T00:02:53+00:00\",\"dateModified\":\"2024-05-21T00:11:49+00:00\",\"mainEntityOfPage\":{\"@id\":\"https:\/\/noti-america.com\/site\/ecuador\/2024\/05\/21\/30245\/\"},\"wordCount\":314,\"commentCount\":0,\"publisher\":{\"@id\":\"https:\/\/noti-america.com\/site\/ecuador\/#organization\"},\"image\":{\"@id\":\"https:\/\/noti-america.com\/site\/ecuador\/2024\/05\/21\/30245\/#primaryimage\"},\"thumbnailUrl\":\"https:\/\/noti-america.com\/site\/ecuador\/wp-content\/uploads\/sites\/18\/2024\/05\/7118aefc-d395-49f0-a2fd-563384a355f0-2-scaled.jpeg\",\"articleSection\":[\"Educaci\u00f3n\",\"Salud\"],\"inLanguage\":\"es\",\"potentialAction\":[{\"@type\":\"CommentAction\",\"name\":\"Comment\",\"target\":[\"https:\/\/noti-america.com\/site\/ecuador\/2024\/05\/21\/30245\/#respond\"]}]},{\"@type\":\"WebPage\",\"@id\":\"https:\/\/noti-america.com\/site\/ecuador\/2024\/05\/21\/30245\/\",\"url\":\"https:\/\/noti-america.com\/site\/ecuador\/2024\/05\/21\/30245\/\",\"name\":\"Universidad de Guayaquil cuenta con comit\u00e9 de \u00e9tica para avalar la calidad en sus investigaciones - Ecuador | Noti-America.com\",\"isPartOf\":{\"@id\":\"https:\/\/noti-america.com\/site\/ecuador\/#website\"},\"primaryImageOfPage\":{\"@id\":\"https:\/\/noti-america.com\/site\/ecuador\/2024\/05\/21\/30245\/#primaryimage\"},\"image\":{\"@id\":\"https:\/\/noti-america.com\/site\/ecuador\/2024\/05\/21\/30245\/#primaryimage\"},\"thumbnailUrl\":\"https:\/\/noti-america.com\/site\/ecuador\/wp-content\/uploads\/sites\/18\/2024\/05\/7118aefc-d395-49f0-a2fd-563384a355f0-2-scaled.jpeg\",\"datePublished\":\"2024-05-21T00:02:53+00:00\",\"dateModified\":\"2024-05-21T00:11:49+00:00\",\"breadcrumb\":{\"@id\":\"https:\/\/noti-america.com\/site\/ecuador\/2024\/05\/21\/30245\/#breadcrumb\"},\"inLanguage\":\"es\",\"potentialAction\":[{\"@type\":\"ReadAction\",\"target\":[\"https:\/\/noti-america.com\/site\/ecuador\/2024\/05\/21\/30245\/\"]}]},{\"@type\":\"ImageObject\",\"inLanguage\":\"es\",\"@id\":\"https:\/\/noti-america.com\/site\/ecuador\/2024\/05\/21\/30245\/#primaryimage\",\"url\":\"https:\/\/noti-america.com\/site\/ecuador\/wp-content\/uploads\/sites\/18\/2024\/05\/7118aefc-d395-49f0-a2fd-563384a355f0-2-scaled.jpeg\",\"contentUrl\":\"https:\/\/noti-america.com\/site\/ecuador\/wp-content\/uploads\/sites\/18\/2024\/05\/7118aefc-d395-49f0-a2fd-563384a355f0-2-scaled.jpeg\",\"width\":2560,\"height\":1707,\"caption\":\"El ministro Franklin Encalada entregando el certificado al rector Francisco Mor\u00e1n (derecha).\"},{\"@type\":\"BreadcrumbList\",\"@id\":\"https:\/\/noti-america.com\/site\/ecuador\/2024\/05\/21\/30245\/#breadcrumb\",\"itemListElement\":[{\"@type\":\"ListItem\",\"position\":1,\"name\":\"Portada\",\"item\":\"https:\/\/noti-america.com\/site\/ecuador\/\"},{\"@type\":\"ListItem\",\"position\":2,\"name\":\"Universidad de Guayaquil cuenta con comit\u00e9 de \u00e9tica para avalar la calidad en sus investigaciones\"}]},{\"@type\":\"WebSite\",\"@id\":\"https:\/\/noti-america.com\/site\/ecuador\/#website\",\"url\":\"https:\/\/noti-america.com\/site\/ecuador\/\",\"name\":\"Ecuador | Noti-America.com\",\"description\":\"\",\"publisher\":{\"@id\":\"https:\/\/noti-america.com\/site\/ecuador\/#organization\"},\"potentialAction\":[{\"@type\":\"SearchAction\",\"target\":{\"@type\":\"EntryPoint\",\"urlTemplate\":\"https:\/\/noti-america.com\/site\/ecuador\/?s={search_term_string}\"},\"query-input\":{\"@type\":\"PropertyValueSpecification\",\"valueRequired\":true,\"valueName\":\"search_term_string\"}}],\"inLanguage\":\"es\"},{\"@type\":\"Organization\",\"@id\":\"https:\/\/noti-america.com\/site\/ecuador\/#organization\",\"name\":\"Noti-America LLC | Ecuador\",\"url\":\"https:\/\/noti-america.com\/site\/ecuador\/\",\"logo\":{\"@type\":\"ImageObject\",\"inLanguage\":\"es\",\"@id\":\"https:\/\/noti-america.com\/site\/ecuador\/#\/schema\/logo\/image\/\",\"url\":\"https:\/\/noti-america.com\/site\/ecuador\/wp-content\/uploads\/sites\/18\/2020\/07\/LogoNA-4x3-1.jpg\",\"contentUrl\":\"https:\/\/noti-america.com\/site\/ecuador\/wp-content\/uploads\/sites\/18\/2020\/07\/LogoNA-4x3-1.jpg\",\"width\":1236,\"height\":1080,\"caption\":\"Noti-America LLC | Ecuador\"},\"image\":{\"@id\":\"https:\/\/noti-america.com\/site\/ecuador\/#\/schema\/logo\/image\/\"},\"sameAs\":[\"https:\/\/x.com\/notiamerica\"]},{\"@type\":\"Person\",\"@id\":\"https:\/\/noti-america.com\/site\/ecuador\/#\/schema\/person\/063740b70e1baad7ce400b3b8bd8b8e3\",\"name\":\"Boris Moyano\",\"image\":{\"@type\":\"ImageObject\",\"inLanguage\":\"es\",\"@id\":\"https:\/\/secure.gravatar.com\/avatar\/1635fd8d206bae736e855dfe91602736d1ea92af1a7f3fa7f62c848f245a1404?s=96&d=mm&r=g\",\"url\":\"https:\/\/secure.gravatar.com\/avatar\/1635fd8d206bae736e855dfe91602736d1ea92af1a7f3fa7f62c848f245a1404?s=96&d=mm&r=g\",\"contentUrl\":\"https:\/\/secure.gravatar.com\/avatar\/1635fd8d206bae736e855dfe91602736d1ea92af1a7f3fa7f62c848f245a1404?s=96&d=mm&r=g\",\"caption\":\"Boris Moyano\"},\"url\":\"https:\/\/noti-america.com\/site\/ecuador\/author\/bmoyano\/\"}]}<\/script>\n<!-- \/ Yoast SEO Premium plugin. -->","yoast_head_json":{"title":"Universidad de Guayaquil cuenta con comit\u00e9 de \u00e9tica para avalar la calidad en sus investigaciones - Ecuador | Noti-America.com","robots":{"index":"index","follow":"follow","max-snippet":"max-snippet:-1","max-image-preview":"max-image-preview:large","max-video-preview":"max-video-preview:-1"},"canonical":"https:\/\/noti-america.com\/site\/ecuador\/2024\/05\/21\/30245\/","og_locale":"es_ES","og_type":"article","og_title":"Universidad de Guayaquil cuenta con comit\u00e9 de \u00e9tica para avalar la calidad en sus investigaciones","og_description":"REDACCI\u00d3N NOTI-AM\u00c9RICA\u00a0(ECUADOR). La Universidad de Guayaquil contar\u00e1 con un Comit\u00e9 de \u00c9tica e Investigaci\u00f3n en Seres Humanos (CEISH) que proteger\u00e1 la dignidad, derechos, integridad, seguridad y bienestar de los participantes en investigaciones. En un&#46;&#46;&#46;","og_url":"https:\/\/noti-america.com\/site\/ecuador\/2024\/05\/21\/30245\/","og_site_name":"Ecuador | Noti-America.com","article_published_time":"2024-05-21T00:02:53+00:00","article_modified_time":"2024-05-21T00:11:49+00:00","og_image":[{"width":2560,"height":1707,"url":"https:\/\/noti-america.com\/site\/ecuador\/wp-content\/uploads\/sites\/18\/2024\/05\/7118aefc-d395-49f0-a2fd-563384a355f0-2-scaled.jpeg","type":"image\/jpeg"}],"author":"Boris Moyano","twitter_card":"summary_large_image","twitter_creator":"@notiamerica","twitter_site":"@notiamerica","twitter_misc":{"Escrito por":"Boris Moyano","Tiempo estimado de lectura":"2 minutos"},"schema":{"@context":"https:\/\/schema.org","@graph":[{"@type":"Article","@id":"https:\/\/noti-america.com\/site\/ecuador\/2024\/05\/21\/30245\/#article","isPartOf":{"@id":"https:\/\/noti-america.com\/site\/ecuador\/2024\/05\/21\/30245\/"},"author":{"name":"Boris Moyano","@id":"https:\/\/noti-america.com\/site\/ecuador\/#\/schema\/person\/063740b70e1baad7ce400b3b8bd8b8e3"},"headline":"Universidad de Guayaquil cuenta con comit\u00e9 de \u00e9tica para avalar la calidad en sus investigaciones","datePublished":"2024-05-21T00:02:53+00:00","dateModified":"2024-05-21T00:11:49+00:00","mainEntityOfPage":{"@id":"https:\/\/noti-america.com\/site\/ecuador\/2024\/05\/21\/30245\/"},"wordCount":314,"commentCount":0,"publisher":{"@id":"https:\/\/noti-america.com\/site\/ecuador\/#organization"},"image":{"@id":"https:\/\/noti-america.com\/site\/ecuador\/2024\/05\/21\/30245\/#primaryimage"},"thumbnailUrl":"https:\/\/noti-america.com\/site\/ecuador\/wp-content\/uploads\/sites\/18\/2024\/05\/7118aefc-d395-49f0-a2fd-563384a355f0-2-scaled.jpeg","articleSection":["Educaci\u00f3n","Salud"],"inLanguage":"es","potentialAction":[{"@type":"CommentAction","name":"Comment","target":["https:\/\/noti-america.com\/site\/ecuador\/2024\/05\/21\/30245\/#respond"]}]},{"@type":"WebPage","@id":"https:\/\/noti-america.com\/site\/ecuador\/2024\/05\/21\/30245\/","url":"https:\/\/noti-america.com\/site\/ecuador\/2024\/05\/21\/30245\/","name":"Universidad de Guayaquil cuenta con comit\u00e9 de \u00e9tica para avalar la calidad en sus investigaciones - Ecuador | Noti-America.com","isPartOf":{"@id":"https:\/\/noti-america.com\/site\/ecuador\/#website"},"primaryImageOfPage":{"@id":"https:\/\/noti-america.com\/site\/ecuador\/2024\/05\/21\/30245\/#primaryimage"},"image":{"@id":"https:\/\/noti-america.com\/site\/ecuador\/2024\/05\/21\/30245\/#primaryimage"},"thumbnailUrl":"https:\/\/noti-america.com\/site\/ecuador\/wp-content\/uploads\/sites\/18\/2024\/05\/7118aefc-d395-49f0-a2fd-563384a355f0-2-scaled.jpeg","datePublished":"2024-05-21T00:02:53+00:00","dateModified":"2024-05-21T00:11:49+00:00","breadcrumb":{"@id":"https:\/\/noti-america.com\/site\/ecuador\/2024\/05\/21\/30245\/#breadcrumb"},"inLanguage":"es","potentialAction":[{"@type":"ReadAction","target":["https:\/\/noti-america.com\/site\/ecuador\/2024\/05\/21\/30245\/"]}]},{"@type":"ImageObject","inLanguage":"es","@id":"https:\/\/noti-america.com\/site\/ecuador\/2024\/05\/21\/30245\/#primaryimage","url":"https:\/\/noti-america.com\/site\/ecuador\/wp-content\/uploads\/sites\/18\/2024\/05\/7118aefc-d395-49f0-a2fd-563384a355f0-2-scaled.jpeg","contentUrl":"https:\/\/noti-america.com\/site\/ecuador\/wp-content\/uploads\/sites\/18\/2024\/05\/7118aefc-d395-49f0-a2fd-563384a355f0-2-scaled.jpeg","width":2560,"height":1707,"caption":"El ministro Franklin Encalada entregando el certificado al rector Francisco Mor\u00e1n (derecha)."},{"@type":"BreadcrumbList","@id":"https:\/\/noti-america.com\/site\/ecuador\/2024\/05\/21\/30245\/#breadcrumb","itemListElement":[{"@type":"ListItem","position":1,"name":"Portada","item":"https:\/\/noti-america.com\/site\/ecuador\/"},{"@type":"ListItem","position":2,"name":"Universidad de Guayaquil cuenta con comit\u00e9 de \u00e9tica para avalar la calidad en sus investigaciones"}]},{"@type":"WebSite","@id":"https:\/\/noti-america.com\/site\/ecuador\/#website","url":"https:\/\/noti-america.com\/site\/ecuador\/","name":"Ecuador | Noti-America.com","description":"","publisher":{"@id":"https:\/\/noti-america.com\/site\/ecuador\/#organization"},"potentialAction":[{"@type":"SearchAction","target":{"@type":"EntryPoint","urlTemplate":"https:\/\/noti-america.com\/site\/ecuador\/?s={search_term_string}"},"query-input":{"@type":"PropertyValueSpecification","valueRequired":true,"valueName":"search_term_string"}}],"inLanguage":"es"},{"@type":"Organization","@id":"https:\/\/noti-america.com\/site\/ecuador\/#organization","name":"Noti-America LLC | Ecuador","url":"https:\/\/noti-america.com\/site\/ecuador\/","logo":{"@type":"ImageObject","inLanguage":"es","@id":"https:\/\/noti-america.com\/site\/ecuador\/#\/schema\/logo\/image\/","url":"https:\/\/noti-america.com\/site\/ecuador\/wp-content\/uploads\/sites\/18\/2020\/07\/LogoNA-4x3-1.jpg","contentUrl":"https:\/\/noti-america.com\/site\/ecuador\/wp-content\/uploads\/sites\/18\/2020\/07\/LogoNA-4x3-1.jpg","width":1236,"height":1080,"caption":"Noti-America LLC | Ecuador"},"image":{"@id":"https:\/\/noti-america.com\/site\/ecuador\/#\/schema\/logo\/image\/"},"sameAs":["https:\/\/x.com\/notiamerica"]},{"@type":"Person","@id":"https:\/\/noti-america.com\/site\/ecuador\/#\/schema\/person\/063740b70e1baad7ce400b3b8bd8b8e3","name":"Boris Moyano","image":{"@type":"ImageObject","inLanguage":"es","@id":"https:\/\/secure.gravatar.com\/avatar\/1635fd8d206bae736e855dfe91602736d1ea92af1a7f3fa7f62c848f245a1404?s=96&d=mm&r=g","url":"https:\/\/secure.gravatar.com\/avatar\/1635fd8d206bae736e855dfe91602736d1ea92af1a7f3fa7f62c848f245a1404?s=96&d=mm&r=g","contentUrl":"https:\/\/secure.gravatar.com\/avatar\/1635fd8d206bae736e855dfe91602736d1ea92af1a7f3fa7f62c848f245a1404?s=96&d=mm&r=g","caption":"Boris Moyano"},"url":"https:\/\/noti-america.com\/site\/ecuador\/author\/bmoyano\/"}]}},"_links":{"self":[{"href":"https:\/\/noti-america.com\/site\/ecuador\/wp-json\/wp\/v2\/posts\/30245","targetHints":{"allow":["GET"]}}],"collection":[{"href":"https:\/\/noti-america.com\/site\/ecuador\/wp-json\/wp\/v2\/posts"}],"about":[{"href":"https:\/\/noti-america.com\/site\/ecuador\/wp-json\/wp\/v2\/types\/post"}],"author":[{"embeddable":true,"href":"https:\/\/noti-america.com\/site\/ecuador\/wp-json\/wp\/v2\/users\/81"}],"replies":[{"embeddable":true,"href":"https:\/\/noti-america.com\/site\/ecuador\/wp-json\/wp\/v2\/comments?post=30245"}],"version-history":[{"count":2,"href":"https:\/\/noti-america.com\/site\/ecuador\/wp-json\/wp\/v2\/posts\/30245\/revisions"}],"predecessor-version":[{"id":30250,"href":"https:\/\/noti-america.com\/site\/ecuador\/wp-json\/wp\/v2\/posts\/30245\/revisions\/30250"}],"wp:featuredmedia":[{"embeddable":true,"href":"https:\/\/noti-america.com\/site\/ecuador\/wp-json\/wp\/v2\/media\/30246"}],"wp:attachment":[{"href":"https:\/\/noti-america.com\/site\/ecuador\/wp-json\/wp\/v2\/media?parent=30245"}],"wp:term":[{"taxonomy":"category","embeddable":true,"href":"https:\/\/noti-america.com\/site\/ecuador\/wp-json\/wp\/v2\/categories?post=30245"},{"taxonomy":"post_tag","embeddable":true,"href":"https:\/\/noti-america.com\/site\/ecuador\/wp-json\/wp\/v2\/tags?post=30245"}],"curies":[{"name":"wp","href":"https:\/\/api.w.org\/{rel}","templated":true}]}}