{"id":3014,"date":"2019-01-09T19:30:46","date_gmt":"2019-01-09T19:30:46","guid":{"rendered":"http:\/\/noti-america.com\/site\/ecuador\/?p=3014"},"modified":"2019-01-09T19:30:46","modified_gmt":"2019-01-09T19:30:46","slug":"la-pesadilla-de-los-envases-desechables-para-comida-rapida","status":"publish","type":"post","link":"https:\/\/noti-america.com\/site\/ecuador\/2019\/01\/09\/la-pesadilla-de-los-envases-desechables-para-comida-rapida\/","title":{"rendered":"La pesadilla de los envases desechables para comida r\u00e1pida"},"content":{"rendered":"<p>REDACCI\u00d3N NOTI-AM\u00c9RICA (ECUADOR)<\/p>\n<p style=\"text-align: justify\">Se estima que cada a\u00f1o se utilizan en la Uni\u00f3n Europea\u00a0<strong>2.025 millones de envases desechables para comida r\u00e1pida<\/strong>, un sector en auge y que crece r\u00e1pidamente, con un valor de mercado proyectado en m\u00e1s de 80.000 millones de d\u00f3lares para 2020. Si la mitad de estos envases fuesen reciclados, los investigadores aseguran que se reducir\u00edan las emisiones equivalentes de gases de efecto invernadero generadas anualmente por 55.000 autom\u00f3viles.<\/p>\n<p style=\"text-align: justify\">La Universidad de Manchester ha llevado a cabo el primer estudio exhaustivo sobre los impactos ambientales que tienen estos recipientes, analizando\u00a0<em>los propios de los envases de aluminio<\/em>, poliestireno y polipropileno. Si bien concluy\u00f3 que los de espuma de poliestireno tienen unha huella de carbono m\u00e1s baja (50% menos que los de aluminio y tres veces m\u00e1s que los de pl\u00e1stico debido a la menor cantidad de materiales utilizados en su fabricaci\u00f3n y a la menor cantidad de energ\u00eda consumida en la producci\u00f3n de espuma de poliestieron), se encuentran con m\u00e1s limitaciones a la hora de ser reciclados.<\/p>\n<p style=\"text-align: justify\"><img loading=\"lazy\" decoding=\"async\" class=\"imagenin img-fluid pull-left mr-40 mb-15 alignleft\" src=\"https:\/\/www.ecoticias.com\/userfiles\/2019\/Jan_08\/246__96_original.jpg\" alt=\"La pesadilla de los envases desechables para comida r\u00e1pida\" width=\"260\" height=\"347\" \/><\/p>\n<p style=\"text-align: justify\">A trav\u00e9s del an\u00e1lisis del ciclo de vida (ACV) de estos envases, contemplando su fabricaci\u00f3n, uso y\u00a0<strong>gesti\u00f3n de residuos al final de su vida \u00fatil<\/strong>, el equipo de cient\u00edficos encontr\u00f3 12 impactos ambientales diferentes, incluyendo el propio de cambio clim\u00e1tico u el de agotamiento de los recursos naturales. De ah\u00ed que la reutilizaci\u00f3n de los envases constituya una importante medida con la que minimizar sus impactos a lo largo del tiempo.<\/p>\n<p style=\"text-align: justify\">Por su parte, el estudio tambi\u00e9n concluy\u00f3 que los recipientes tipo Tupperware reutilizables ten\u00edan una huella menor que la espuma de poliestireno\u00a0<em>desechable cuando se reutilizan m\u00e1s de 18 veces<\/em>, y ello a pesar de la energ\u00eda y el agua utilizada para su limpieza.<\/p>\n<p style=\"text-align: justify\">Si la mitad de estos envases fuesen reciclados, los investigadores aseguran que se reducir\u00edan las emisiones equivalentes de gases de efecto invernadero generadas anualmente por 55.000 autom\u00f3viles.<\/p>\n<p>&nbsp;<\/p>\n<p>Fuente: Ecoticias.<\/p>\n","protected":false},"excerpt":{"rendered":"<p>REDACCI\u00d3N NOTI-AM\u00c9RICA (ECUADOR) Se estima que cada a\u00f1o se utilizan en la Uni\u00f3n Europea\u00a02.025 millones de envases desechables para comida r\u00e1pida, un sector en auge y que crece r\u00e1pidamente, con un valor de mercado&#46;&#46;&#46;<\/p>\n","protected":false},"author":17,"featured_media":3015,"comment_status":"open","ping_status":"open","sticky":false,"template":"","format":"standard","meta":{"_acf_changed":false,"om_disable_all_campaigns":false,"rop_custom_images_group":[],"rop_custom_messages_group":[],"rop_publish_now":"initial","rop_publish_now_accounts":{"twitter_242054905_242054905":""},"rop_publish_now_history":[],"rop_publish_now_status":"pending","_uf_show_specific_survey":0,"_uf_disable_surveys":false,"footnotes":""},"categories":[79],"tags":[],"class_list":["post-3014","post","type-post","status-publish","format-standard","has-post-thumbnail","hentry","category-ambiental"],"acf":[],"aioseo_notices":[],"yoast_head":"<!-- This site is optimized with the Yoast SEO Premium plugin v24.9 (Yoast SEO v27.2) - https:\/\/yoast.com\/product\/yoast-seo-premium-wordpress\/ -->\n<title>La pesadilla de los envases desechables para comida r\u00e1pida - Ecuador | Noti-America.com<\/title>\n<meta name=\"robots\" content=\"index, follow, max-snippet:-1, max-image-preview:large, max-video-preview:-1\" \/>\n<link rel=\"canonical\" href=\"https:\/\/noti-america.com\/site\/ecuador\/2019\/01\/09\/la-pesadilla-de-los-envases-desechables-para-comida-rapida\/\" \/>\n<meta property=\"og:locale\" content=\"es_ES\" \/>\n<meta property=\"og:type\" content=\"article\" \/>\n<meta property=\"og:title\" content=\"La pesadilla de los envases desechables para comida r\u00e1pida\" \/>\n<meta property=\"og:description\" content=\"REDACCI\u00d3N NOTI-AM\u00c9RICA (ECUADOR) Se estima que cada a\u00f1o se utilizan en la Uni\u00f3n Europea\u00a02.025 millones de envases desechables para comida r\u00e1pida, un sector en auge y que crece r\u00e1pidamente, con un valor de mercado&#046;&#046;&#046;\" \/>\n<meta property=\"og:url\" content=\"https:\/\/noti-america.com\/site\/ecuador\/2019\/01\/09\/la-pesadilla-de-los-envases-desechables-para-comida-rapida\/\" \/>\n<meta property=\"og:site_name\" content=\"Ecuador | Noti-America.com\" \/>\n<meta property=\"article:published_time\" content=\"2019-01-09T19:30:46+00:00\" \/>\n<meta property=\"og:image\" content=\"https:\/\/noti-america.com\/site\/ecuador\/wp-content\/uploads\/sites\/18\/2019\/01\/DA\u00d1O-AMBIENTAL-POR-UTELSILLOS-DESECHABLES.jpg\" \/>\n\t<meta property=\"og:image:width\" content=\"730\" \/>\n\t<meta property=\"og:image:height\" content=\"524\" \/>\n\t<meta property=\"og:image:type\" content=\"image\/jpeg\" \/>\n<meta name=\"author\" content=\"Gregory Quintana Montiel\" \/>\n<meta name=\"twitter:card\" content=\"summary_large_image\" \/>\n<meta name=\"twitter:creator\" content=\"@gdgregori1\" \/>\n<meta name=\"twitter:site\" content=\"@notiamerica\" \/>\n<meta name=\"twitter:label1\" content=\"Escrito por\" \/>\n\t<meta name=\"twitter:data1\" content=\"Gregory Quintana Montiel\" \/>\n\t<meta name=\"twitter:label2\" content=\"Tiempo estimado de lectura\" \/>\n\t<meta name=\"twitter:data2\" content=\"2 minutos\" \/>\n<script type=\"application\/ld+json\" class=\"yoast-schema-graph\">{\"@context\":\"https:\/\/schema.org\",\"@graph\":[{\"@type\":\"Article\",\"@id\":\"https:\/\/noti-america.com\/site\/ecuador\/2019\/01\/09\/la-pesadilla-de-los-envases-desechables-para-comida-rapida\/#article\",\"isPartOf\":{\"@id\":\"https:\/\/noti-america.com\/site\/ecuador\/2019\/01\/09\/la-pesadilla-de-los-envases-desechables-para-comida-rapida\/\"},\"author\":{\"name\":\"Gregory Quintana Montiel\",\"@id\":\"https:\/\/noti-america.com\/site\/ecuador\/#\/schema\/person\/3b975e42f15abfe64bfe3abdd916efda\"},\"headline\":\"La pesadilla de los envases desechables para comida r\u00e1pida\",\"datePublished\":\"2019-01-09T19:30:46+00:00\",\"mainEntityOfPage\":{\"@id\":\"https:\/\/noti-america.com\/site\/ecuador\/2019\/01\/09\/la-pesadilla-de-los-envases-desechables-para-comida-rapida\/\"},\"wordCount\":348,\"commentCount\":0,\"publisher\":{\"@id\":\"https:\/\/noti-america.com\/site\/ecuador\/#organization\"},\"image\":{\"@id\":\"https:\/\/noti-america.com\/site\/ecuador\/2019\/01\/09\/la-pesadilla-de-los-envases-desechables-para-comida-rapida\/#primaryimage\"},\"thumbnailUrl\":\"https:\/\/noti-america.com\/site\/ecuador\/wp-content\/uploads\/sites\/18\/2019\/01\/DA\u00d1O-AMBIENTAL-POR-UTELSILLOS-DESECHABLES.jpg\",\"articleSection\":[\"Ambiental\"],\"inLanguage\":\"es\",\"potentialAction\":[{\"@type\":\"CommentAction\",\"name\":\"Comment\",\"target\":[\"https:\/\/noti-america.com\/site\/ecuador\/2019\/01\/09\/la-pesadilla-de-los-envases-desechables-para-comida-rapida\/#respond\"]}]},{\"@type\":\"WebPage\",\"@id\":\"https:\/\/noti-america.com\/site\/ecuador\/2019\/01\/09\/la-pesadilla-de-los-envases-desechables-para-comida-rapida\/\",\"url\":\"https:\/\/noti-america.com\/site\/ecuador\/2019\/01\/09\/la-pesadilla-de-los-envases-desechables-para-comida-rapida\/\",\"name\":\"La pesadilla de los envases desechables para comida r\u00e1pida - Ecuador | Noti-America.com\",\"isPartOf\":{\"@id\":\"https:\/\/noti-america.com\/site\/ecuador\/#website\"},\"primaryImageOfPage\":{\"@id\":\"https:\/\/noti-america.com\/site\/ecuador\/2019\/01\/09\/la-pesadilla-de-los-envases-desechables-para-comida-rapida\/#primaryimage\"},\"image\":{\"@id\":\"https:\/\/noti-america.com\/site\/ecuador\/2019\/01\/09\/la-pesadilla-de-los-envases-desechables-para-comida-rapida\/#primaryimage\"},\"thumbnailUrl\":\"https:\/\/noti-america.com\/site\/ecuador\/wp-content\/uploads\/sites\/18\/2019\/01\/DA\u00d1O-AMBIENTAL-POR-UTELSILLOS-DESECHABLES.jpg\",\"datePublished\":\"2019-01-09T19:30:46+00:00\",\"breadcrumb\":{\"@id\":\"https:\/\/noti-america.com\/site\/ecuador\/2019\/01\/09\/la-pesadilla-de-los-envases-desechables-para-comida-rapida\/#breadcrumb\"},\"inLanguage\":\"es\",\"potentialAction\":[{\"@type\":\"ReadAction\",\"target\":[\"https:\/\/noti-america.com\/site\/ecuador\/2019\/01\/09\/la-pesadilla-de-los-envases-desechables-para-comida-rapida\/\"]}]},{\"@type\":\"ImageObject\",\"inLanguage\":\"es\",\"@id\":\"https:\/\/noti-america.com\/site\/ecuador\/2019\/01\/09\/la-pesadilla-de-los-envases-desechables-para-comida-rapida\/#primaryimage\",\"url\":\"https:\/\/noti-america.com\/site\/ecuador\/wp-content\/uploads\/sites\/18\/2019\/01\/DA\u00d1O-AMBIENTAL-POR-UTELSILLOS-DESECHABLES.jpg\",\"contentUrl\":\"https:\/\/noti-america.com\/site\/ecuador\/wp-content\/uploads\/sites\/18\/2019\/01\/DA\u00d1O-AMBIENTAL-POR-UTELSILLOS-DESECHABLES.jpg\",\"width\":730,\"height\":524,\"caption\":\"Se estima que cada a\u00f1o se utilizan en la UE 2.025 millones de envases desechables\"},{\"@type\":\"BreadcrumbList\",\"@id\":\"https:\/\/noti-america.com\/site\/ecuador\/2019\/01\/09\/la-pesadilla-de-los-envases-desechables-para-comida-rapida\/#breadcrumb\",\"itemListElement\":[{\"@type\":\"ListItem\",\"position\":1,\"name\":\"Portada\",\"item\":\"https:\/\/noti-america.com\/site\/ecuador\/\"},{\"@type\":\"ListItem\",\"position\":2,\"name\":\"La pesadilla de los envases desechables para comida r\u00e1pida\"}]},{\"@type\":\"WebSite\",\"@id\":\"https:\/\/noti-america.com\/site\/ecuador\/#website\",\"url\":\"https:\/\/noti-america.com\/site\/ecuador\/\",\"name\":\"Ecuador | Noti-America.com\",\"description\":\"\",\"publisher\":{\"@id\":\"https:\/\/noti-america.com\/site\/ecuador\/#organization\"},\"potentialAction\":[{\"@type\":\"SearchAction\",\"target\":{\"@type\":\"EntryPoint\",\"urlTemplate\":\"https:\/\/noti-america.com\/site\/ecuador\/?s={search_term_string}\"},\"query-input\":{\"@type\":\"PropertyValueSpecification\",\"valueRequired\":true,\"valueName\":\"search_term_string\"}}],\"inLanguage\":\"es\"},{\"@type\":\"Organization\",\"@id\":\"https:\/\/noti-america.com\/site\/ecuador\/#organization\",\"name\":\"Noti-America LLC | Ecuador\",\"url\":\"https:\/\/noti-america.com\/site\/ecuador\/\",\"logo\":{\"@type\":\"ImageObject\",\"inLanguage\":\"es\",\"@id\":\"https:\/\/noti-america.com\/site\/ecuador\/#\/schema\/logo\/image\/\",\"url\":\"https:\/\/noti-america.com\/site\/ecuador\/wp-content\/uploads\/sites\/18\/2020\/07\/LogoNA-4x3-1.jpg\",\"contentUrl\":\"https:\/\/noti-america.com\/site\/ecuador\/wp-content\/uploads\/sites\/18\/2020\/07\/LogoNA-4x3-1.jpg\",\"width\":1236,\"height\":1080,\"caption\":\"Noti-America LLC | Ecuador\"},\"image\":{\"@id\":\"https:\/\/noti-america.com\/site\/ecuador\/#\/schema\/logo\/image\/\"},\"sameAs\":[\"https:\/\/x.com\/notiamerica\"]},{\"@type\":\"Person\",\"@id\":\"https:\/\/noti-america.com\/site\/ecuador\/#\/schema\/person\/3b975e42f15abfe64bfe3abdd916efda\",\"name\":\"Gregory Quintana Montiel\",\"image\":{\"@type\":\"ImageObject\",\"inLanguage\":\"es\",\"@id\":\"https:\/\/secure.gravatar.com\/avatar\/2d6b802f7720c2ec7744dcbe608cc2f3417aeb964d58b443c6d612b77531de1d?s=96&d=mm&r=g\",\"url\":\"https:\/\/secure.gravatar.com\/avatar\/2d6b802f7720c2ec7744dcbe608cc2f3417aeb964d58b443c6d612b77531de1d?s=96&d=mm&r=g\",\"contentUrl\":\"https:\/\/secure.gravatar.com\/avatar\/2d6b802f7720c2ec7744dcbe608cc2f3417aeb964d58b443c6d612b77531de1d?s=96&d=mm&r=g\",\"caption\":\"Gregory Quintana Montiel\"},\"description\":\"Licenciatura en Ciencias de la Comunicaci\u00f3n Social, egresado en la Especializaci\u00f3n Derecho Ambiental Desarrollo Sostenible y Sustentable, Miembro de la Comunidad de profesionales y experto para Latinoam\u00e9rica y el Caribe en Gesti\u00f3n por Resultado en el Desarrollo (COPLAC - GpRD) del Banco Interamericano de Desarrollo, experiencia en medios radiales y escritos.\",\"sameAs\":[\"https:\/\/x.com\/gdgregori1\",\"gquintana\"],\"url\":\"https:\/\/noti-america.com\/site\/ecuador\/author\/gquintana\/\"}]}<\/script>\n<!-- \/ Yoast SEO Premium plugin. -->","yoast_head_json":{"title":"La pesadilla de los envases desechables para comida r\u00e1pida - Ecuador | Noti-America.com","robots":{"index":"index","follow":"follow","max-snippet":"max-snippet:-1","max-image-preview":"max-image-preview:large","max-video-preview":"max-video-preview:-1"},"canonical":"https:\/\/noti-america.com\/site\/ecuador\/2019\/01\/09\/la-pesadilla-de-los-envases-desechables-para-comida-rapida\/","og_locale":"es_ES","og_type":"article","og_title":"La pesadilla de los envases desechables para comida r\u00e1pida","og_description":"REDACCI\u00d3N NOTI-AM\u00c9RICA (ECUADOR) Se estima que cada a\u00f1o se utilizan en la Uni\u00f3n Europea\u00a02.025 millones de envases desechables para comida r\u00e1pida, un sector en auge y que crece r\u00e1pidamente, con un valor de mercado&#46;&#46;&#46;","og_url":"https:\/\/noti-america.com\/site\/ecuador\/2019\/01\/09\/la-pesadilla-de-los-envases-desechables-para-comida-rapida\/","og_site_name":"Ecuador | Noti-America.com","article_published_time":"2019-01-09T19:30:46+00:00","og_image":[{"width":730,"height":524,"url":"https:\/\/noti-america.com\/site\/ecuador\/wp-content\/uploads\/sites\/18\/2019\/01\/DA\u00d1O-AMBIENTAL-POR-UTELSILLOS-DESECHABLES.jpg","type":"image\/jpeg"}],"author":"Gregory Quintana Montiel","twitter_card":"summary_large_image","twitter_creator":"@gdgregori1","twitter_site":"@notiamerica","twitter_misc":{"Escrito por":"Gregory Quintana Montiel","Tiempo estimado de lectura":"2 minutos"},"schema":{"@context":"https:\/\/schema.org","@graph":[{"@type":"Article","@id":"https:\/\/noti-america.com\/site\/ecuador\/2019\/01\/09\/la-pesadilla-de-los-envases-desechables-para-comida-rapida\/#article","isPartOf":{"@id":"https:\/\/noti-america.com\/site\/ecuador\/2019\/01\/09\/la-pesadilla-de-los-envases-desechables-para-comida-rapida\/"},"author":{"name":"Gregory Quintana Montiel","@id":"https:\/\/noti-america.com\/site\/ecuador\/#\/schema\/person\/3b975e42f15abfe64bfe3abdd916efda"},"headline":"La pesadilla de los envases desechables para comida r\u00e1pida","datePublished":"2019-01-09T19:30:46+00:00","mainEntityOfPage":{"@id":"https:\/\/noti-america.com\/site\/ecuador\/2019\/01\/09\/la-pesadilla-de-los-envases-desechables-para-comida-rapida\/"},"wordCount":348,"commentCount":0,"publisher":{"@id":"https:\/\/noti-america.com\/site\/ecuador\/#organization"},"image":{"@id":"https:\/\/noti-america.com\/site\/ecuador\/2019\/01\/09\/la-pesadilla-de-los-envases-desechables-para-comida-rapida\/#primaryimage"},"thumbnailUrl":"https:\/\/noti-america.com\/site\/ecuador\/wp-content\/uploads\/sites\/18\/2019\/01\/DA\u00d1O-AMBIENTAL-POR-UTELSILLOS-DESECHABLES.jpg","articleSection":["Ambiental"],"inLanguage":"es","potentialAction":[{"@type":"CommentAction","name":"Comment","target":["https:\/\/noti-america.com\/site\/ecuador\/2019\/01\/09\/la-pesadilla-de-los-envases-desechables-para-comida-rapida\/#respond"]}]},{"@type":"WebPage","@id":"https:\/\/noti-america.com\/site\/ecuador\/2019\/01\/09\/la-pesadilla-de-los-envases-desechables-para-comida-rapida\/","url":"https:\/\/noti-america.com\/site\/ecuador\/2019\/01\/09\/la-pesadilla-de-los-envases-desechables-para-comida-rapida\/","name":"La pesadilla de los envases desechables para comida r\u00e1pida - Ecuador | Noti-America.com","isPartOf":{"@id":"https:\/\/noti-america.com\/site\/ecuador\/#website"},"primaryImageOfPage":{"@id":"https:\/\/noti-america.com\/site\/ecuador\/2019\/01\/09\/la-pesadilla-de-los-envases-desechables-para-comida-rapida\/#primaryimage"},"image":{"@id":"https:\/\/noti-america.com\/site\/ecuador\/2019\/01\/09\/la-pesadilla-de-los-envases-desechables-para-comida-rapida\/#primaryimage"},"thumbnailUrl":"https:\/\/noti-america.com\/site\/ecuador\/wp-content\/uploads\/sites\/18\/2019\/01\/DA\u00d1O-AMBIENTAL-POR-UTELSILLOS-DESECHABLES.jpg","datePublished":"2019-01-09T19:30:46+00:00","breadcrumb":{"@id":"https:\/\/noti-america.com\/site\/ecuador\/2019\/01\/09\/la-pesadilla-de-los-envases-desechables-para-comida-rapida\/#breadcrumb"},"inLanguage":"es","potentialAction":[{"@type":"ReadAction","target":["https:\/\/noti-america.com\/site\/ecuador\/2019\/01\/09\/la-pesadilla-de-los-envases-desechables-para-comida-rapida\/"]}]},{"@type":"ImageObject","inLanguage":"es","@id":"https:\/\/noti-america.com\/site\/ecuador\/2019\/01\/09\/la-pesadilla-de-los-envases-desechables-para-comida-rapida\/#primaryimage","url":"https:\/\/noti-america.com\/site\/ecuador\/wp-content\/uploads\/sites\/18\/2019\/01\/DA\u00d1O-AMBIENTAL-POR-UTELSILLOS-DESECHABLES.jpg","contentUrl":"https:\/\/noti-america.com\/site\/ecuador\/wp-content\/uploads\/sites\/18\/2019\/01\/DA\u00d1O-AMBIENTAL-POR-UTELSILLOS-DESECHABLES.jpg","width":730,"height":524,"caption":"Se estima que cada a\u00f1o se utilizan en la UE 2.025 millones de envases desechables"},{"@type":"BreadcrumbList","@id":"https:\/\/noti-america.com\/site\/ecuador\/2019\/01\/09\/la-pesadilla-de-los-envases-desechables-para-comida-rapida\/#breadcrumb","itemListElement":[{"@type":"ListItem","position":1,"name":"Portada","item":"https:\/\/noti-america.com\/site\/ecuador\/"},{"@type":"ListItem","position":2,"name":"La pesadilla de los envases desechables para comida r\u00e1pida"}]},{"@type":"WebSite","@id":"https:\/\/noti-america.com\/site\/ecuador\/#website","url":"https:\/\/noti-america.com\/site\/ecuador\/","name":"Ecuador | Noti-America.com","description":"","publisher":{"@id":"https:\/\/noti-america.com\/site\/ecuador\/#organization"},"potentialAction":[{"@type":"SearchAction","target":{"@type":"EntryPoint","urlTemplate":"https:\/\/noti-america.com\/site\/ecuador\/?s={search_term_string}"},"query-input":{"@type":"PropertyValueSpecification","valueRequired":true,"valueName":"search_term_string"}}],"inLanguage":"es"},{"@type":"Organization","@id":"https:\/\/noti-america.com\/site\/ecuador\/#organization","name":"Noti-America LLC | Ecuador","url":"https:\/\/noti-america.com\/site\/ecuador\/","logo":{"@type":"ImageObject","inLanguage":"es","@id":"https:\/\/noti-america.com\/site\/ecuador\/#\/schema\/logo\/image\/","url":"https:\/\/noti-america.com\/site\/ecuador\/wp-content\/uploads\/sites\/18\/2020\/07\/LogoNA-4x3-1.jpg","contentUrl":"https:\/\/noti-america.com\/site\/ecuador\/wp-content\/uploads\/sites\/18\/2020\/07\/LogoNA-4x3-1.jpg","width":1236,"height":1080,"caption":"Noti-America LLC | Ecuador"},"image":{"@id":"https:\/\/noti-america.com\/site\/ecuador\/#\/schema\/logo\/image\/"},"sameAs":["https:\/\/x.com\/notiamerica"]},{"@type":"Person","@id":"https:\/\/noti-america.com\/site\/ecuador\/#\/schema\/person\/3b975e42f15abfe64bfe3abdd916efda","name":"Gregory Quintana Montiel","image":{"@type":"ImageObject","inLanguage":"es","@id":"https:\/\/secure.gravatar.com\/avatar\/2d6b802f7720c2ec7744dcbe608cc2f3417aeb964d58b443c6d612b77531de1d?s=96&d=mm&r=g","url":"https:\/\/secure.gravatar.com\/avatar\/2d6b802f7720c2ec7744dcbe608cc2f3417aeb964d58b443c6d612b77531de1d?s=96&d=mm&r=g","contentUrl":"https:\/\/secure.gravatar.com\/avatar\/2d6b802f7720c2ec7744dcbe608cc2f3417aeb964d58b443c6d612b77531de1d?s=96&d=mm&r=g","caption":"Gregory Quintana Montiel"},"description":"Licenciatura en Ciencias de la Comunicaci\u00f3n Social, egresado en la Especializaci\u00f3n Derecho Ambiental Desarrollo Sostenible y Sustentable, Miembro de la Comunidad de profesionales y experto para Latinoam\u00e9rica y el Caribe en Gesti\u00f3n por Resultado en el Desarrollo (COPLAC - GpRD) del Banco Interamericano de Desarrollo, experiencia en medios radiales y escritos.","sameAs":["https:\/\/x.com\/gdgregori1","gquintana"],"url":"https:\/\/noti-america.com\/site\/ecuador\/author\/gquintana\/"}]}},"_links":{"self":[{"href":"https:\/\/noti-america.com\/site\/ecuador\/wp-json\/wp\/v2\/posts\/3014","targetHints":{"allow":["GET"]}}],"collection":[{"href":"https:\/\/noti-america.com\/site\/ecuador\/wp-json\/wp\/v2\/posts"}],"about":[{"href":"https:\/\/noti-america.com\/site\/ecuador\/wp-json\/wp\/v2\/types\/post"}],"author":[{"embeddable":true,"href":"https:\/\/noti-america.com\/site\/ecuador\/wp-json\/wp\/v2\/users\/17"}],"replies":[{"embeddable":true,"href":"https:\/\/noti-america.com\/site\/ecuador\/wp-json\/wp\/v2\/comments?post=3014"}],"version-history":[{"count":1,"href":"https:\/\/noti-america.com\/site\/ecuador\/wp-json\/wp\/v2\/posts\/3014\/revisions"}],"predecessor-version":[{"id":3016,"href":"https:\/\/noti-america.com\/site\/ecuador\/wp-json\/wp\/v2\/posts\/3014\/revisions\/3016"}],"wp:featuredmedia":[{"embeddable":true,"href":"https:\/\/noti-america.com\/site\/ecuador\/wp-json\/wp\/v2\/media\/3015"}],"wp:attachment":[{"href":"https:\/\/noti-america.com\/site\/ecuador\/wp-json\/wp\/v2\/media?parent=3014"}],"wp:term":[{"taxonomy":"category","embeddable":true,"href":"https:\/\/noti-america.com\/site\/ecuador\/wp-json\/wp\/v2\/categories?post=3014"},{"taxonomy":"post_tag","embeddable":true,"href":"https:\/\/noti-america.com\/site\/ecuador\/wp-json\/wp\/v2\/tags?post=3014"}],"curies":[{"name":"wp","href":"https:\/\/api.w.org\/{rel}","templated":true}]}}