{"id":29641,"date":"2024-04-09T02:08:56","date_gmt":"2024-04-09T02:08:56","guid":{"rendered":"https:\/\/noti-america.com\/site\/ecuador\/?p=29641"},"modified":"2024-04-09T02:08:56","modified_gmt":"2024-04-09T02:08:56","slug":"el-ataque-contra-las-instalaciones-nucleares-en-ucrania-aumentan-significativamente-el-riesgo-de-un-accidente-grave-onu","status":"publish","type":"post","link":"https:\/\/noti-america.com\/site\/ecuador\/2024\/04\/09\/el-ataque-contra-las-instalaciones-nucleares-en-ucrania-aumentan-significativamente-el-riesgo-de-un-accidente-grave-onu\/","title":{"rendered":"El ataque contra las instalaciones nucleares en Ucrania aumentan significativamente el riesgo de un accidente grave: ONU"},"content":{"rendered":"<p><span style=\"color: #000000\"><strong>REDACCI\u00d3N NOTI-AM\u00c9RICA (ECUADOR)<\/strong><\/span><\/p>\n<p style=\"text-align: justify\"><em><span lang=\"ES\" style=\"color: #ff0000\" xml:lang=\"ES\">La central nuclear de Zaporiyia ha sido atacada como un objetivo directo desde el comienzo de la invasi\u00f3n rusa de Ucrania en febrero de 2022. Rusia, que ocupa la central, ha acusado a Ucrania del ataque, mientras que Kyiv niega la autor\u00eda.<\/span><\/em><\/p>\n<section class=\"region region-before-content\">\n<div id=\"block-views-block-story-photo-block-image\" class=\"views-element-container block block-views block-views-block-story-photo-block-image\">\n<div class=\"block-content block__content\">\n<div class=\"view view-story-photo view-id-story_photo view-display-id-block_image js-view-dom-id-fe7982d87ab854a07c886815ad5a27350125a29a596ff90dbd2eabf0e6d9d6e5\">\n<div class=\"view-content\">\n<div class=\"views-row\">\n<div class=\"node node--type-news-story node--view-mode-top-image clearfix container\">\n<div class=\"story-media\">\n<div class=\"media-image\">\n<div class=\"field field--name-field-news-story-photo field--type-entity-reference field--label-hidden field__item\">\n<div style=\"width: 1180px\" class=\"wp-caption alignnone\"><img loading=\"lazy\" decoding=\"async\" title=\"Central nuclear de Zaporiyia en Ucrania\" src=\"https:\/\/global.unitednations.entermediadb.net\/assets\/mediadb\/services\/module\/asset\/downloads\/preset\/Libraries\/Production%20Library\/02-09-2022-IAEA-Ukraine-Zaporizhzhya-02.jpg\/image1170x530cropped.jpg\" alt=\"Central nuclear de Zaporiyia en Ucrania\" width=\"1170\" height=\"530\" \/><p class=\"wp-caption-text\">OIEA. Central nuclear de Zaporiyia en Ucrania<\/p><\/div>\n<\/div>\n<\/div>\n<\/div>\n<\/div>\n<\/div>\n<\/div>\n<\/div>\n<\/div>\n<\/div>\n<\/section>\n<div id=\"main-wrapper\" class=\"layout-main-wrapper clearfix\">\n<div id=\"main-container\" class=\"container layout-main-container\">\n<div class=\"row row-offcanvas row-offcanvas-left clearfix\"><main id=\"content\" class=\"main-content col-lg-9\" role=\"main\"><\/p>\n<section class=\"section\">\n<div id=\"block-views-block-content-fields-block-body\" class=\"views-element-container block block-views block-views-block-content-fields-block-body\">\n<div class=\"block-content block__content\">\n<div>\n<div class=\"view view-content-fields view-id-content_fields view-display-id-block_body js-view-dom-id-057e42793e084e44b54cfb500636440b2330ac15df26711b6b798b3f5ea6b3b1\">\n<div class=\"view-content\">\n<div class=\"views-row\">\n<div class=\"views-field views-field-field-news-story\">\n<div class=\"field-content\">\n<div class=\"paragraph paragraph--type--one-column-text paragraph--view-mode--default\">\n<div class=\"_none\">\n<div class=\"w-100\">\n<div class=\"layout row layout-builder__layout\">\n<div class=\"col-12\">\n<div class=\"_none block block-layout-builder block-field-block-paragraph-one-column-text-field-text-column\">\n<div class=\"block-content block__content\">\n<div class=\"clearfix text-formatted field field--name-field-text-column field--type-text-long field--label-hidden field__item\">\n<p style=\"text-align: justify\">El\u00a0<a href=\"https:\/\/www.20minutos.es\/minuteca\/rusia\/\" target=\"_blank\" rel=\"noopener noreferrer\">Organismo Internacional de la Energ\u00eda At\u00f3mica (OIEA)\u00a0<\/a>ha denunciado un\u00a0ataque con drones\u00a0contra la central nuclear de Zaporiyia (<a href=\"https:\/\/www.20minutos.es\/minuteca\/ucrania\/\" target=\"_blank\" rel=\"noopener noreferrer\">Ucrania<\/a>) que han alcanzado a uno de sus seis reactores.<\/p>\n<p style=\"text-align: justify\">\u201cLos da\u00f1os en la unidad 6 no han comprometido la seguridad nuclear, pero se trata de un incidente grave con potencial para socavar la integridad del sistema de contenci\u00f3n del reactor\u201d, dijo el Organismo.<\/p>\n<p style=\"text-align: justify\">\u00abSe trata de una clara violaci\u00f3n de los principios b\u00e1sicos de protecci\u00f3n de la\u00a0<strong>mayor central nuclear de Europa.\u00a0<\/strong>Estos ataques imprudentes aumentan significativamente el riesgo de un accidente nuclear grave y deben cesar inmediatamente\u00bb, sostuvo el director del OIEA, Rafael Mariano Grossi, en un mensaje en su cuenta de X.<\/p>\n<p style=\"text-align: justify\">Rusia, que ocupa la central, ha acusado a Ucrania del ataque, mientras que Kyiv niega la autor\u00eda.<\/p>\n<p style=\"text-align: justify\">Se trata de la primera vez que la central de Zaporiyia, la mayor planta nuclear de Europa, es un objetivo directo de un ataque con drones desde la invasi\u00f3n a gran escala de Ucrania por Rusia en febrero de 2022. La central ha estado ocupada por fuerzas rusas desde las primeras semanas de los combates.<\/p>\n<p style=\"text-align: justify\">Reiterando que nadie puede \u00abbeneficiarse concebiblemente\u00bb ni obtener ninguna ventaja militar o pol\u00edtica de los ataques contra instalaciones nucleares, subray\u00f3 que tales ataques son \u00abin\u00fatiles\u00bb.<\/p>\n<p style=\"text-align: justify\">\u00ab<strong>Hago un firme llamamiento a los responsables militares para que se abstengan de cualquier acci\u00f3n<\/strong>\u00a0que viole los principios b\u00e1sicos que protegen las instalaciones nucleares\u00bb.<\/p>\n<p style=\"text-align: justify\"><span style=\"color: #000000\"><strong>Al menos un herido<\/strong><\/span><\/p>\n<p style=\"text-align: justify\">Seg\u00fan el OIEA, tras recibir informaci\u00f3n de la citada central sobre los ataques de drones, sus expertos destacados en el emplazamiento se desplazaron a los tres lugares afectados y pudieron confirmar el impacto f\u00edsico de las detonaciones, incluso en uno de los seis edificios del reactor, donde los equipos de vigilancia y comunicaci\u00f3n parec\u00edan haber sido el objetivo.<\/p>\n<p style=\"text-align: justify\"><strong>Mientras se encontraban en el tejado del reactor, tropas rusas se enfrentaron a lo que parec\u00eda ser un avi\u00f3n no tripulado<\/strong>\u00a0que se acercaba, dijo la agencia, a\u00f1adiendo que esto fue seguido por una explosi\u00f3n cerca del edificio del reactor.<\/p>\n<p style=\"text-align: justify\">\u00abEl equipo del OIEA inform\u00f3 que observ\u00f3 restos de drones en este y otros dos lugares de impacto en el sitio. En uno de ellos, fuera de un laboratorio, vieron manchas de sangre junto a un veh\u00edculo de log\u00edstica militar da\u00f1ado, lo que indica al menos una v\u00edctima\u00bb, dijo.<\/p>\n<p style=\"text-align: justify\">Los expertos del OIEA informaron adem\u00e1s de que hab\u00edan o\u00eddo explosiones y disparos de fusil en el lugar durante todo el d\u00eda. El equipo tambi\u00e9n escuch\u00f3 varias rondas de fuego de artiller\u00eda saliente desde las proximidades de la planta.<\/p>\n<\/div>\n<\/div>\n<\/div>\n<\/div>\n<\/div>\n<\/div>\n<\/div>\n<\/div>\n<\/div>\n<\/div>\n<\/div>\n<\/div>\n<\/div>\n<\/div>\n<\/div>\n<\/div>\n<\/section>\n<p><\/main><\/div>\n<\/div>\n<\/div>\n","protected":false},"excerpt":{"rendered":"<p>REDACCI\u00d3N NOTI-AM\u00c9RICA (ECUADOR) La central nuclear de Zaporiyia ha sido atacada como un objetivo directo desde el comienzo de la invasi\u00f3n rusa de Ucrania en febrero de 2022. Rusia, que ocupa la central, ha&#46;&#46;&#46;<\/p>\n","protected":false},"author":17,"featured_media":29642,"comment_status":"open","ping_status":"open","sticky":false,"template":"","format":"standard","meta":{"_acf_changed":false,"om_disable_all_campaigns":false,"rop_custom_images_group":[],"rop_custom_messages_group":[],"rop_publish_now":"initial","rop_publish_now_accounts":{"twitter_242054905_242054905":""},"rop_publish_now_history":[],"rop_publish_now_status":"pending","_uf_show_specific_survey":0,"_uf_disable_surveys":false,"footnotes":""},"categories":[4,109],"tags":[],"class_list":["post-29641","post","type-post","status-publish","format-standard","has-post-thumbnail","hentry","category-internacionales","category-seguridad"],"acf":[],"aioseo_notices":[],"yoast_head":"<!-- This site is optimized with the Yoast SEO Premium plugin v24.9 (Yoast SEO v27.2) - https:\/\/yoast.com\/product\/yoast-seo-premium-wordpress\/ -->\n<title>El ataque contra las instalaciones nucleares en Ucrania aumentan significativamente el riesgo de un accidente grave: ONU - Ecuador | Noti-America.com<\/title>\n<meta name=\"robots\" content=\"index, follow, max-snippet:-1, max-image-preview:large, max-video-preview:-1\" \/>\n<link rel=\"canonical\" href=\"https:\/\/noti-america.com\/site\/ecuador\/2024\/04\/09\/el-ataque-contra-las-instalaciones-nucleares-en-ucrania-aumentan-significativamente-el-riesgo-de-un-accidente-grave-onu\/\" \/>\n<meta property=\"og:locale\" content=\"es_ES\" \/>\n<meta property=\"og:type\" content=\"article\" \/>\n<meta property=\"og:title\" content=\"El ataque contra las instalaciones nucleares en Ucrania aumentan significativamente el riesgo de un accidente grave: ONU\" \/>\n<meta property=\"og:description\" content=\"REDACCI\u00d3N NOTI-AM\u00c9RICA (ECUADOR) La central nuclear de Zaporiyia ha sido atacada como un objetivo directo desde el comienzo de la invasi\u00f3n rusa de Ucrania en febrero de 2022. Rusia, que ocupa la central, ha&#046;&#046;&#046;\" \/>\n<meta property=\"og:url\" content=\"https:\/\/noti-america.com\/site\/ecuador\/2024\/04\/09\/el-ataque-contra-las-instalaciones-nucleares-en-ucrania-aumentan-significativamente-el-riesgo-de-un-accidente-grave-onu\/\" \/>\n<meta property=\"og:site_name\" content=\"Ecuador | Noti-America.com\" \/>\n<meta property=\"article:published_time\" content=\"2024-04-09T02:08:56+00:00\" \/>\n<meta property=\"og:image\" content=\"https:\/\/noti-america.com\/site\/ecuador\/wp-content\/uploads\/sites\/18\/2024\/04\/OIEA.jpg\" \/>\n\t<meta property=\"og:image:width\" content=\"1170\" \/>\n\t<meta property=\"og:image:height\" content=\"530\" \/>\n\t<meta property=\"og:image:type\" content=\"image\/jpeg\" \/>\n<meta name=\"author\" content=\"Gregory Quintana Montiel\" \/>\n<meta name=\"twitter:card\" content=\"summary_large_image\" \/>\n<meta name=\"twitter:creator\" content=\"@gdgregori1\" \/>\n<meta name=\"twitter:site\" content=\"@notiamerica\" \/>\n<meta name=\"twitter:label1\" content=\"Escrito por\" \/>\n\t<meta name=\"twitter:data1\" content=\"Gregory Quintana Montiel\" \/>\n\t<meta name=\"twitter:label2\" content=\"Tiempo estimado de lectura\" \/>\n\t<meta name=\"twitter:data2\" content=\"3 minutos\" \/>\n<script type=\"application\/ld+json\" class=\"yoast-schema-graph\">{\"@context\":\"https:\/\/schema.org\",\"@graph\":[{\"@type\":\"Article\",\"@id\":\"https:\/\/noti-america.com\/site\/ecuador\/2024\/04\/09\/el-ataque-contra-las-instalaciones-nucleares-en-ucrania-aumentan-significativamente-el-riesgo-de-un-accidente-grave-onu\/#article\",\"isPartOf\":{\"@id\":\"https:\/\/noti-america.com\/site\/ecuador\/2024\/04\/09\/el-ataque-contra-las-instalaciones-nucleares-en-ucrania-aumentan-significativamente-el-riesgo-de-un-accidente-grave-onu\/\"},\"author\":{\"name\":\"Gregory Quintana Montiel\",\"@id\":\"https:\/\/noti-america.com\/site\/ecuador\/#\/schema\/person\/3b975e42f15abfe64bfe3abdd916efda\"},\"headline\":\"El ataque contra las instalaciones nucleares en Ucrania aumentan significativamente el riesgo de un accidente grave: ONU\",\"datePublished\":\"2024-04-09T02:08:56+00:00\",\"mainEntityOfPage\":{\"@id\":\"https:\/\/noti-america.com\/site\/ecuador\/2024\/04\/09\/el-ataque-contra-las-instalaciones-nucleares-en-ucrania-aumentan-significativamente-el-riesgo-de-un-accidente-grave-onu\/\"},\"wordCount\":535,\"commentCount\":0,\"publisher\":{\"@id\":\"https:\/\/noti-america.com\/site\/ecuador\/#organization\"},\"image\":{\"@id\":\"https:\/\/noti-america.com\/site\/ecuador\/2024\/04\/09\/el-ataque-contra-las-instalaciones-nucleares-en-ucrania-aumentan-significativamente-el-riesgo-de-un-accidente-grave-onu\/#primaryimage\"},\"thumbnailUrl\":\"https:\/\/noti-america.com\/site\/ecuador\/wp-content\/uploads\/sites\/18\/2024\/04\/OIEA.jpg\",\"articleSection\":[\"Internacionales\",\"Seguridad\"],\"inLanguage\":\"es\",\"potentialAction\":[{\"@type\":\"CommentAction\",\"name\":\"Comment\",\"target\":[\"https:\/\/noti-america.com\/site\/ecuador\/2024\/04\/09\/el-ataque-contra-las-instalaciones-nucleares-en-ucrania-aumentan-significativamente-el-riesgo-de-un-accidente-grave-onu\/#respond\"]}]},{\"@type\":\"WebPage\",\"@id\":\"https:\/\/noti-america.com\/site\/ecuador\/2024\/04\/09\/el-ataque-contra-las-instalaciones-nucleares-en-ucrania-aumentan-significativamente-el-riesgo-de-un-accidente-grave-onu\/\",\"url\":\"https:\/\/noti-america.com\/site\/ecuador\/2024\/04\/09\/el-ataque-contra-las-instalaciones-nucleares-en-ucrania-aumentan-significativamente-el-riesgo-de-un-accidente-grave-onu\/\",\"name\":\"El ataque contra las instalaciones nucleares en Ucrania aumentan significativamente el riesgo de un accidente grave: ONU - Ecuador | Noti-America.com\",\"isPartOf\":{\"@id\":\"https:\/\/noti-america.com\/site\/ecuador\/#website\"},\"primaryImageOfPage\":{\"@id\":\"https:\/\/noti-america.com\/site\/ecuador\/2024\/04\/09\/el-ataque-contra-las-instalaciones-nucleares-en-ucrania-aumentan-significativamente-el-riesgo-de-un-accidente-grave-onu\/#primaryimage\"},\"image\":{\"@id\":\"https:\/\/noti-america.com\/site\/ecuador\/2024\/04\/09\/el-ataque-contra-las-instalaciones-nucleares-en-ucrania-aumentan-significativamente-el-riesgo-de-un-accidente-grave-onu\/#primaryimage\"},\"thumbnailUrl\":\"https:\/\/noti-america.com\/site\/ecuador\/wp-content\/uploads\/sites\/18\/2024\/04\/OIEA.jpg\",\"datePublished\":\"2024-04-09T02:08:56+00:00\",\"breadcrumb\":{\"@id\":\"https:\/\/noti-america.com\/site\/ecuador\/2024\/04\/09\/el-ataque-contra-las-instalaciones-nucleares-en-ucrania-aumentan-significativamente-el-riesgo-de-un-accidente-grave-onu\/#breadcrumb\"},\"inLanguage\":\"es\",\"potentialAction\":[{\"@type\":\"ReadAction\",\"target\":[\"https:\/\/noti-america.com\/site\/ecuador\/2024\/04\/09\/el-ataque-contra-las-instalaciones-nucleares-en-ucrania-aumentan-significativamente-el-riesgo-de-un-accidente-grave-onu\/\"]}]},{\"@type\":\"ImageObject\",\"inLanguage\":\"es\",\"@id\":\"https:\/\/noti-america.com\/site\/ecuador\/2024\/04\/09\/el-ataque-contra-las-instalaciones-nucleares-en-ucrania-aumentan-significativamente-el-riesgo-de-un-accidente-grave-onu\/#primaryimage\",\"url\":\"https:\/\/noti-america.com\/site\/ecuador\/wp-content\/uploads\/sites\/18\/2024\/04\/OIEA.jpg\",\"contentUrl\":\"https:\/\/noti-america.com\/site\/ecuador\/wp-content\/uploads\/sites\/18\/2024\/04\/OIEA.jpg\",\"width\":1170,\"height\":530},{\"@type\":\"BreadcrumbList\",\"@id\":\"https:\/\/noti-america.com\/site\/ecuador\/2024\/04\/09\/el-ataque-contra-las-instalaciones-nucleares-en-ucrania-aumentan-significativamente-el-riesgo-de-un-accidente-grave-onu\/#breadcrumb\",\"itemListElement\":[{\"@type\":\"ListItem\",\"position\":1,\"name\":\"Portada\",\"item\":\"https:\/\/noti-america.com\/site\/ecuador\/\"},{\"@type\":\"ListItem\",\"position\":2,\"name\":\"El ataque contra las instalaciones nucleares en Ucrania aumentan significativamente el riesgo de un accidente grave: ONU\"}]},{\"@type\":\"WebSite\",\"@id\":\"https:\/\/noti-america.com\/site\/ecuador\/#website\",\"url\":\"https:\/\/noti-america.com\/site\/ecuador\/\",\"name\":\"Ecuador | Noti-America.com\",\"description\":\"\",\"publisher\":{\"@id\":\"https:\/\/noti-america.com\/site\/ecuador\/#organization\"},\"potentialAction\":[{\"@type\":\"SearchAction\",\"target\":{\"@type\":\"EntryPoint\",\"urlTemplate\":\"https:\/\/noti-america.com\/site\/ecuador\/?s={search_term_string}\"},\"query-input\":{\"@type\":\"PropertyValueSpecification\",\"valueRequired\":true,\"valueName\":\"search_term_string\"}}],\"inLanguage\":\"es\"},{\"@type\":\"Organization\",\"@id\":\"https:\/\/noti-america.com\/site\/ecuador\/#organization\",\"name\":\"Noti-America LLC | Ecuador\",\"url\":\"https:\/\/noti-america.com\/site\/ecuador\/\",\"logo\":{\"@type\":\"ImageObject\",\"inLanguage\":\"es\",\"@id\":\"https:\/\/noti-america.com\/site\/ecuador\/#\/schema\/logo\/image\/\",\"url\":\"https:\/\/noti-america.com\/site\/ecuador\/wp-content\/uploads\/sites\/18\/2020\/07\/LogoNA-4x3-1.jpg\",\"contentUrl\":\"https:\/\/noti-america.com\/site\/ecuador\/wp-content\/uploads\/sites\/18\/2020\/07\/LogoNA-4x3-1.jpg\",\"width\":1236,\"height\":1080,\"caption\":\"Noti-America LLC | Ecuador\"},\"image\":{\"@id\":\"https:\/\/noti-america.com\/site\/ecuador\/#\/schema\/logo\/image\/\"},\"sameAs\":[\"https:\/\/x.com\/notiamerica\"]},{\"@type\":\"Person\",\"@id\":\"https:\/\/noti-america.com\/site\/ecuador\/#\/schema\/person\/3b975e42f15abfe64bfe3abdd916efda\",\"name\":\"Gregory Quintana Montiel\",\"image\":{\"@type\":\"ImageObject\",\"inLanguage\":\"es\",\"@id\":\"https:\/\/secure.gravatar.com\/avatar\/2d6b802f7720c2ec7744dcbe608cc2f3417aeb964d58b443c6d612b77531de1d?s=96&d=mm&r=g\",\"url\":\"https:\/\/secure.gravatar.com\/avatar\/2d6b802f7720c2ec7744dcbe608cc2f3417aeb964d58b443c6d612b77531de1d?s=96&d=mm&r=g\",\"contentUrl\":\"https:\/\/secure.gravatar.com\/avatar\/2d6b802f7720c2ec7744dcbe608cc2f3417aeb964d58b443c6d612b77531de1d?s=96&d=mm&r=g\",\"caption\":\"Gregory Quintana Montiel\"},\"description\":\"Licenciatura en Ciencias de la Comunicaci\u00f3n Social, egresado en la Especializaci\u00f3n Derecho Ambiental Desarrollo Sostenible y Sustentable, Miembro de la Comunidad de profesionales y experto para Latinoam\u00e9rica y el Caribe en Gesti\u00f3n por Resultado en el Desarrollo (COPLAC - GpRD) del Banco Interamericano de Desarrollo, experiencia en medios radiales y escritos.\",\"sameAs\":[\"https:\/\/x.com\/gdgregori1\",\"gquintana\"],\"url\":\"https:\/\/noti-america.com\/site\/ecuador\/author\/gquintana\/\"}]}<\/script>\n<!-- \/ Yoast SEO Premium plugin. -->","yoast_head_json":{"title":"El ataque contra las instalaciones nucleares en Ucrania aumentan significativamente el riesgo de un accidente grave: ONU - Ecuador | Noti-America.com","robots":{"index":"index","follow":"follow","max-snippet":"max-snippet:-1","max-image-preview":"max-image-preview:large","max-video-preview":"max-video-preview:-1"},"canonical":"https:\/\/noti-america.com\/site\/ecuador\/2024\/04\/09\/el-ataque-contra-las-instalaciones-nucleares-en-ucrania-aumentan-significativamente-el-riesgo-de-un-accidente-grave-onu\/","og_locale":"es_ES","og_type":"article","og_title":"El ataque contra las instalaciones nucleares en Ucrania aumentan significativamente el riesgo de un accidente grave: ONU","og_description":"REDACCI\u00d3N NOTI-AM\u00c9RICA (ECUADOR) La central nuclear de Zaporiyia ha sido atacada como un objetivo directo desde el comienzo de la invasi\u00f3n rusa de Ucrania en febrero de 2022. Rusia, que ocupa la central, ha&#46;&#46;&#46;","og_url":"https:\/\/noti-america.com\/site\/ecuador\/2024\/04\/09\/el-ataque-contra-las-instalaciones-nucleares-en-ucrania-aumentan-significativamente-el-riesgo-de-un-accidente-grave-onu\/","og_site_name":"Ecuador | Noti-America.com","article_published_time":"2024-04-09T02:08:56+00:00","og_image":[{"width":1170,"height":530,"url":"https:\/\/noti-america.com\/site\/ecuador\/wp-content\/uploads\/sites\/18\/2024\/04\/OIEA.jpg","type":"image\/jpeg"}],"author":"Gregory Quintana Montiel","twitter_card":"summary_large_image","twitter_creator":"@gdgregori1","twitter_site":"@notiamerica","twitter_misc":{"Escrito por":"Gregory Quintana Montiel","Tiempo estimado de lectura":"3 minutos"},"schema":{"@context":"https:\/\/schema.org","@graph":[{"@type":"Article","@id":"https:\/\/noti-america.com\/site\/ecuador\/2024\/04\/09\/el-ataque-contra-las-instalaciones-nucleares-en-ucrania-aumentan-significativamente-el-riesgo-de-un-accidente-grave-onu\/#article","isPartOf":{"@id":"https:\/\/noti-america.com\/site\/ecuador\/2024\/04\/09\/el-ataque-contra-las-instalaciones-nucleares-en-ucrania-aumentan-significativamente-el-riesgo-de-un-accidente-grave-onu\/"},"author":{"name":"Gregory Quintana Montiel","@id":"https:\/\/noti-america.com\/site\/ecuador\/#\/schema\/person\/3b975e42f15abfe64bfe3abdd916efda"},"headline":"El ataque contra las instalaciones nucleares en Ucrania aumentan significativamente el riesgo de un accidente grave: ONU","datePublished":"2024-04-09T02:08:56+00:00","mainEntityOfPage":{"@id":"https:\/\/noti-america.com\/site\/ecuador\/2024\/04\/09\/el-ataque-contra-las-instalaciones-nucleares-en-ucrania-aumentan-significativamente-el-riesgo-de-un-accidente-grave-onu\/"},"wordCount":535,"commentCount":0,"publisher":{"@id":"https:\/\/noti-america.com\/site\/ecuador\/#organization"},"image":{"@id":"https:\/\/noti-america.com\/site\/ecuador\/2024\/04\/09\/el-ataque-contra-las-instalaciones-nucleares-en-ucrania-aumentan-significativamente-el-riesgo-de-un-accidente-grave-onu\/#primaryimage"},"thumbnailUrl":"https:\/\/noti-america.com\/site\/ecuador\/wp-content\/uploads\/sites\/18\/2024\/04\/OIEA.jpg","articleSection":["Internacionales","Seguridad"],"inLanguage":"es","potentialAction":[{"@type":"CommentAction","name":"Comment","target":["https:\/\/noti-america.com\/site\/ecuador\/2024\/04\/09\/el-ataque-contra-las-instalaciones-nucleares-en-ucrania-aumentan-significativamente-el-riesgo-de-un-accidente-grave-onu\/#respond"]}]},{"@type":"WebPage","@id":"https:\/\/noti-america.com\/site\/ecuador\/2024\/04\/09\/el-ataque-contra-las-instalaciones-nucleares-en-ucrania-aumentan-significativamente-el-riesgo-de-un-accidente-grave-onu\/","url":"https:\/\/noti-america.com\/site\/ecuador\/2024\/04\/09\/el-ataque-contra-las-instalaciones-nucleares-en-ucrania-aumentan-significativamente-el-riesgo-de-un-accidente-grave-onu\/","name":"El ataque contra las instalaciones nucleares en Ucrania aumentan significativamente el riesgo de un accidente grave: ONU - Ecuador | Noti-America.com","isPartOf":{"@id":"https:\/\/noti-america.com\/site\/ecuador\/#website"},"primaryImageOfPage":{"@id":"https:\/\/noti-america.com\/site\/ecuador\/2024\/04\/09\/el-ataque-contra-las-instalaciones-nucleares-en-ucrania-aumentan-significativamente-el-riesgo-de-un-accidente-grave-onu\/#primaryimage"},"image":{"@id":"https:\/\/noti-america.com\/site\/ecuador\/2024\/04\/09\/el-ataque-contra-las-instalaciones-nucleares-en-ucrania-aumentan-significativamente-el-riesgo-de-un-accidente-grave-onu\/#primaryimage"},"thumbnailUrl":"https:\/\/noti-america.com\/site\/ecuador\/wp-content\/uploads\/sites\/18\/2024\/04\/OIEA.jpg","datePublished":"2024-04-09T02:08:56+00:00","breadcrumb":{"@id":"https:\/\/noti-america.com\/site\/ecuador\/2024\/04\/09\/el-ataque-contra-las-instalaciones-nucleares-en-ucrania-aumentan-significativamente-el-riesgo-de-un-accidente-grave-onu\/#breadcrumb"},"inLanguage":"es","potentialAction":[{"@type":"ReadAction","target":["https:\/\/noti-america.com\/site\/ecuador\/2024\/04\/09\/el-ataque-contra-las-instalaciones-nucleares-en-ucrania-aumentan-significativamente-el-riesgo-de-un-accidente-grave-onu\/"]}]},{"@type":"ImageObject","inLanguage":"es","@id":"https:\/\/noti-america.com\/site\/ecuador\/2024\/04\/09\/el-ataque-contra-las-instalaciones-nucleares-en-ucrania-aumentan-significativamente-el-riesgo-de-un-accidente-grave-onu\/#primaryimage","url":"https:\/\/noti-america.com\/site\/ecuador\/wp-content\/uploads\/sites\/18\/2024\/04\/OIEA.jpg","contentUrl":"https:\/\/noti-america.com\/site\/ecuador\/wp-content\/uploads\/sites\/18\/2024\/04\/OIEA.jpg","width":1170,"height":530},{"@type":"BreadcrumbList","@id":"https:\/\/noti-america.com\/site\/ecuador\/2024\/04\/09\/el-ataque-contra-las-instalaciones-nucleares-en-ucrania-aumentan-significativamente-el-riesgo-de-un-accidente-grave-onu\/#breadcrumb","itemListElement":[{"@type":"ListItem","position":1,"name":"Portada","item":"https:\/\/noti-america.com\/site\/ecuador\/"},{"@type":"ListItem","position":2,"name":"El ataque contra las instalaciones nucleares en Ucrania aumentan significativamente el riesgo de un accidente grave: ONU"}]},{"@type":"WebSite","@id":"https:\/\/noti-america.com\/site\/ecuador\/#website","url":"https:\/\/noti-america.com\/site\/ecuador\/","name":"Ecuador | Noti-America.com","description":"","publisher":{"@id":"https:\/\/noti-america.com\/site\/ecuador\/#organization"},"potentialAction":[{"@type":"SearchAction","target":{"@type":"EntryPoint","urlTemplate":"https:\/\/noti-america.com\/site\/ecuador\/?s={search_term_string}"},"query-input":{"@type":"PropertyValueSpecification","valueRequired":true,"valueName":"search_term_string"}}],"inLanguage":"es"},{"@type":"Organization","@id":"https:\/\/noti-america.com\/site\/ecuador\/#organization","name":"Noti-America LLC | Ecuador","url":"https:\/\/noti-america.com\/site\/ecuador\/","logo":{"@type":"ImageObject","inLanguage":"es","@id":"https:\/\/noti-america.com\/site\/ecuador\/#\/schema\/logo\/image\/","url":"https:\/\/noti-america.com\/site\/ecuador\/wp-content\/uploads\/sites\/18\/2020\/07\/LogoNA-4x3-1.jpg","contentUrl":"https:\/\/noti-america.com\/site\/ecuador\/wp-content\/uploads\/sites\/18\/2020\/07\/LogoNA-4x3-1.jpg","width":1236,"height":1080,"caption":"Noti-America LLC | Ecuador"},"image":{"@id":"https:\/\/noti-america.com\/site\/ecuador\/#\/schema\/logo\/image\/"},"sameAs":["https:\/\/x.com\/notiamerica"]},{"@type":"Person","@id":"https:\/\/noti-america.com\/site\/ecuador\/#\/schema\/person\/3b975e42f15abfe64bfe3abdd916efda","name":"Gregory Quintana Montiel","image":{"@type":"ImageObject","inLanguage":"es","@id":"https:\/\/secure.gravatar.com\/avatar\/2d6b802f7720c2ec7744dcbe608cc2f3417aeb964d58b443c6d612b77531de1d?s=96&d=mm&r=g","url":"https:\/\/secure.gravatar.com\/avatar\/2d6b802f7720c2ec7744dcbe608cc2f3417aeb964d58b443c6d612b77531de1d?s=96&d=mm&r=g","contentUrl":"https:\/\/secure.gravatar.com\/avatar\/2d6b802f7720c2ec7744dcbe608cc2f3417aeb964d58b443c6d612b77531de1d?s=96&d=mm&r=g","caption":"Gregory Quintana Montiel"},"description":"Licenciatura en Ciencias de la Comunicaci\u00f3n Social, egresado en la Especializaci\u00f3n Derecho Ambiental Desarrollo Sostenible y Sustentable, Miembro de la Comunidad de profesionales y experto para Latinoam\u00e9rica y el Caribe en Gesti\u00f3n por Resultado en el Desarrollo (COPLAC - GpRD) del Banco Interamericano de Desarrollo, experiencia en medios radiales y escritos.","sameAs":["https:\/\/x.com\/gdgregori1","gquintana"],"url":"https:\/\/noti-america.com\/site\/ecuador\/author\/gquintana\/"}]}},"_links":{"self":[{"href":"https:\/\/noti-america.com\/site\/ecuador\/wp-json\/wp\/v2\/posts\/29641","targetHints":{"allow":["GET"]}}],"collection":[{"href":"https:\/\/noti-america.com\/site\/ecuador\/wp-json\/wp\/v2\/posts"}],"about":[{"href":"https:\/\/noti-america.com\/site\/ecuador\/wp-json\/wp\/v2\/types\/post"}],"author":[{"embeddable":true,"href":"https:\/\/noti-america.com\/site\/ecuador\/wp-json\/wp\/v2\/users\/17"}],"replies":[{"embeddable":true,"href":"https:\/\/noti-america.com\/site\/ecuador\/wp-json\/wp\/v2\/comments?post=29641"}],"version-history":[{"count":1,"href":"https:\/\/noti-america.com\/site\/ecuador\/wp-json\/wp\/v2\/posts\/29641\/revisions"}],"predecessor-version":[{"id":29643,"href":"https:\/\/noti-america.com\/site\/ecuador\/wp-json\/wp\/v2\/posts\/29641\/revisions\/29643"}],"wp:featuredmedia":[{"embeddable":true,"href":"https:\/\/noti-america.com\/site\/ecuador\/wp-json\/wp\/v2\/media\/29642"}],"wp:attachment":[{"href":"https:\/\/noti-america.com\/site\/ecuador\/wp-json\/wp\/v2\/media?parent=29641"}],"wp:term":[{"taxonomy":"category","embeddable":true,"href":"https:\/\/noti-america.com\/site\/ecuador\/wp-json\/wp\/v2\/categories?post=29641"},{"taxonomy":"post_tag","embeddable":true,"href":"https:\/\/noti-america.com\/site\/ecuador\/wp-json\/wp\/v2\/tags?post=29641"}],"curies":[{"name":"wp","href":"https:\/\/api.w.org\/{rel}","templated":true}]}}