{"id":29523,"date":"2024-03-31T21:55:01","date_gmt":"2024-03-31T21:55:01","guid":{"rendered":"https:\/\/noti-america.com\/site\/ecuador\/?p=29523"},"modified":"2024-03-31T21:55:01","modified_gmt":"2024-03-31T21:55:01","slug":"teniamos-que-evitar-pisar-los-cadaveres-en-las-calles-de-darfur-onu","status":"publish","type":"post","link":"https:\/\/noti-america.com\/site\/ecuador\/2024\/03\/31\/teniamos-que-evitar-pisar-los-cadaveres-en-las-calles-de-darfur-onu\/","title":{"rendered":"\u00abTen\u00edamos que evitar pisar los cad\u00e1veres en las calles\u00bb de Darfur: ONU"},"content":{"rendered":"<p><span style=\"color: #000000\"><strong>REDACCI\u00d3N NOTI-AM\u00c9RICA (ECUADOR)<\/strong><\/span><\/p>\n<p style=\"text-align: justify\"><span style=\"color: #000000\"><em><strong>Sud\u00e1n, y Darfur en particular, se enfrentan a una crisis humanitaria y de seguridad tras el estallido de una guerra en abril de 2023 entre el ej\u00e9rcito sudan\u00e9s y las Fuerzas de Apoyo R\u00e1pido (FDR). Los conflictos \u00e9tnicos en Darfur se remontan a hace m\u00e1s de dos d\u00e9cadas y muchas personas recurren a cruzar la frontera hacia Chad, con la esperanza de mejorar su condici\u00f3n de vida, si no mueren en el intento.<\/strong><\/em><\/span><\/p>\n<section class=\"region region-before-content\">\n<div id=\"block-views-block-story-photo-block-image\" class=\"views-element-container block block-views block-views-block-story-photo-block-image\">\n<div class=\"block-content block__content\">\n<div class=\"view view-story-photo view-id-story_photo view-display-id-block_image js-view-dom-id-f17405abc82348f87379786d4a9150e92d4d7be4c6a47e5780cfa998594f24f2\">\n<div class=\"view-content\">\n<div class=\"views-row\">\n<div class=\"node node--type-interview node--promoted node--view-mode-top-image clearfix container\">\n<div class=\"story-media\">\n<div class=\"media-image\">\n<div class=\"field field--name-field-interview-photo field--type-entity-reference field--label-hidden field__item\">\n<div style=\"width: 1180px\" class=\"wp-caption alignnone\"><img loading=\"lazy\" decoding=\"async\" title=\"\u00a9 PMA\/ Jacques David\" src=\"https:\/\/global.unitednations.entermediadb.net\/assets\/mediadb\/services\/module\/asset\/downloads\/preset\/Collections\/Embargoed\/12-03-2024-WFP-Chad-02.jpg\/image1170x530cropped.jpg\" alt=\"\u00a9 PMA\/ Jacques David. Se distribuyen alimentos a refugiados sudaneses en Koufron, Chad.\" width=\"1170\" height=\"530\" \/><p class=\"wp-caption-text\">\u00a9 PMA\/ Jacques David. Se distribuyen alimentos a refugiados sudaneses en Koufron, Chad.<\/p><\/div>\n<\/div>\n<\/div>\n<div class=\"quote-wrapper\">\n<div class=\"quote-text\">\n<blockquote>\n<p class=\"quote\">\u00a0He perdido todo lo que alguna vez tuve. Las milicias saquearon nuestra casa y se llevaron todo, incluso las puertas. Fatima (nombre ficticio), periodista y ex funcionaria de la ONU<\/p>\n<\/blockquote>\n<\/div>\n<\/div>\n<\/div>\n<\/div>\n<\/div>\n<\/div>\n<\/div>\n<\/div>\n<\/div>\n<\/section>\n<div id=\"main-wrapper\" class=\"layout-main-wrapper clearfix\">\n<div id=\"main-container\" class=\"container layout-main-container\">\n<div class=\"row row-offcanvas row-offcanvas-left clearfix\"><main id=\"content\" class=\"main-content col-lg-9\" role=\"main\"><\/p>\n<section class=\"section\">\n<div id=\"block-views-block-content-fields-block-body\" class=\"views-element-container block block-views block-views-block-content-fields-block-body\">\n<div class=\"block-content block__content\">\n<div class=\"view view-content-fields view-id-content_fields view-display-id-block_body js-view-dom-id-40d5f0333c69d9643188a167171e37d364b5de3d59f93509fcba2b9d8b619aad\">\n<div class=\"view-content\">\n<div class=\"views-row\">\n<div class=\"views-field views-field-field-interview-content\">\n<div class=\"field-content\">\n<div class=\"paragraph paragraph--type--one-column-text paragraph--view-mode--default\">\n<div class=\"_none\">\n<div class=\"w-100\">\n<div class=\"layout row layout-builder__layout\">\n<div class=\"col-12\">\n<div class=\"_none block block-layout-builder block-field-block-paragraph-one-column-text-field-text-column\">\n<div class=\"block-content block__content\">\n<div class=\"clearfix text-formatted field field--name-field-text-column field--type-text-long field--label-hidden field__item\">\n<p style=\"text-align: justify\">Una ex funcionaria de la ONU que trabaj\u00f3 durante una d\u00e9cada en la regi\u00f3n sudanesa de Darfur para la Misi\u00f3n de la Uni\u00f3n Africana y las Naciones Unidas,\u00a0<a href=\"https:\/\/unamid.unmissions.org\/\" target=\"_blank\" rel=\"noopener noreferrer\">UNAMID<\/a>, ha relatado a Noticias ONU c\u00f3mo tuvo que \u00abevitar pisar los cad\u00e1veres en las calles\u00bb cuando hu\u00eda hacia Chad para salvar su vida.<\/p>\n<p style=\"text-align: justify\">F\u00e1tima*, residente en la ciudad de El Geneina, en el estado de Darfur Occidental, donde al parecer han muerto miles de personas, escap\u00f3 con su familia al otro lado de la frontera mientras las milicias rivales luchaban por el control de su ciudad. \u00abEstuvimos atrapados en nuestra casa m\u00e1s de 57 d\u00edas mientras las milicias persegu\u00edan y mataban sistem\u00e1ticamente a la gente por su origen \u00e9tnico. No perdonaron a mujeres, ni\u00f1os ni ancianos.<\/p>\n<p style=\"text-align: justify\">Por m\u00e1s de 20 a\u00f1os de conflicto en Darfur miles de personas se desplazan regularmente entre los campos y El Geneina, especialmente a principios de a\u00f1o o durante el Ramad\u00e1n, cuando se producen matanzas, desplazamientos y destrucci\u00f3n. La vida se interrumpe durante este periodo, y los mercados, escuelas e instituciones gubernamentales permanecen cerrados. Despu\u00e9s, cuando cesan los ataques, la gente intenta reanudar su vida normal. Cuando estall\u00f3 la \u00faltima guerra el pasado mes de abril, pensamos que ser\u00eda igual, pero, por desgracia, fue distinto.<\/p>\n<div class=\"context-un_news_large_credit type-entermedia_image media media--type-entermedia-image media--view-mode-un-news-large-credit\" style=\"text-align: justify\">\n<div class=\"field field--name-thumbnail field--type-image field--label-hidden field__item\">\n<div style=\"width: 780px\" class=\"wp-caption alignnone\"><img loading=\"lazy\" decoding=\"async\" title=\"El 27 de abril de 2023, la escuela Al-Imam Al-Kadhim en la ciudad de Al-Geneina, estado de Darfur occidental, que hab\u00eda servido como refugio para personas desplazadas, fue incendiada en medio de la crisis actual en Sud\u00e1n.\" src=\"https:\/\/global.unitednations.entermediadb.net\/assets\/mediadb\/services\/module\/asset\/downloads\/preset\/Libraries\/Production%20Library\/30-04-2023_Genaina3.jpg\/image770x420cropped.jpg\" alt=\"El 27 de abril de 2023, la escuela Al-Imam Al-Kadhim en la ciudad de Al-Geneina, estado de Darfur occidental, que hab\u00eda servido como refugio para personas desplazadas, fue incendiada en medio de la crisis actual en Sud\u00e1n.\" width=\"770\" height=\"420\" \/><p class=\"wp-caption-text\">\u00a9 Mohamed Khalil. El 27 de abril de 2023, la escuela Al-Imam Al-Kadhim en la ciudad de Al-Geneina, estado de Darfur occidental, que hab\u00eda servido como refugio para personas desplazadas, fue incendiada en medio de la crisis actual en Sud\u00e1n.<\/p><\/div>\n<\/div>\n<\/div>\n<p style=\"text-align: justify\"><span style=\"color: #000000\"><strong>Destrucci\u00f3n y muerte<\/strong><\/span><\/p>\n<blockquote><p><strong>Los francotiradores tambi\u00e9n se escond\u00edan en los tejados y atacaban a todo el que ve\u00edan.<\/strong><\/p><\/blockquote>\n<p style=\"text-align: justify\">Vi a hombres armados, algunos de ellos extranjeros, que rodeaban la ciudad por los cuatro costados. Como periodista, me acerqu\u00e9 a una zona elevada para hacer fotograf\u00edas y todos los vecinos miraban a trav\u00e9s de sus ventanas. Los milicianos disparaban y gritaban sobre el d\u00eda del juicio final, diciendo que\u00a0<strong>traer\u00edan la\u00a0<\/strong><a><strong>destrucci\u00f3n y la muerte\u00a0<\/strong><\/a><strong>a la Tierra.<\/strong><\/p>\n<p style=\"text-align: justify\">Est\u00e1bamos atrapados dentro de las casas y ten\u00edamos que escondernos debajo de las camas; hab\u00eda munici\u00f3n perdida por todas partes y pod\u00eda o\u00edr a la gente gritar en las calles e intercambiar disparos.<\/p>\n<p style=\"text-align: justify\">La guerra dur\u00f3 57 d\u00edas en la parte sur de El Geneina, y barrios enteros fueron arrasados. Los milicianos\u00a0<strong>trabajaban de forma sistem\u00e1tica, yendo de casa en casa matando a la gente<\/strong>. Los francotiradores tambi\u00e9n se escond\u00edan en los tejados y atacaban a todo el que ve\u00edan.\u00a0<strong>Es dif\u00edcil describir tal muertes.<\/strong><\/p>\n<p style=\"text-align: justify\"><strong>Hab\u00eda dos equipos, uno matando y otro saqueando<\/strong><\/p>\n<p style=\"text-align: justify\">Los milicianos trabajaban en dos equipos, uno centrado en matar a la gente y el otro en saquear sus propiedades. Algunos de los pistoleros no hablaban \u00e1rabe y nos amenazaban con matarnos si no les d\u00e1bamos oro y dinero.<\/p>\n<p style=\"text-align: justify\">Unos enmascarados entraron en mi casa y uno de ellos, que parec\u00eda conocerme, me dijo &#8216;t\u00fa eres periodista; antes escrib\u00edas reportajes, pero ahora no puedes&#8217;. Me quitaron el tel\u00e9fono y el ordenador y los destrozaron delante de mis ojos, dici\u00e9ndome que\u00a0<strong>vigilaban todos mis movimientos y que, si escrib\u00eda algo, me matar\u00edan.<\/strong><\/p>\n<p style=\"text-align: justify\">Mi marido me dijo que saliera de casa y me dirigiera a los barrios del norte. Cog\u00ed a mi beb\u00e9 y me fui con mi vecina, que hab\u00eda dado a luz dos d\u00edas antes. Llev\u00f3 al beb\u00e9 envuelto en un pa\u00f1o y trajo al resto de sus hijos.<\/p>\n<p style=\"text-align: justify\">En el camino nos encontramos con cad\u00e1veres tirados por las calles, incluyendo los de una familia entera, mujeres y ni\u00f1os, descansaba frente a su casa.\u00a0<strong>Hab\u00eda tantos cad\u00e1veres en las calles que era dif\u00edcil caminar y ten\u00edamos que evitar pisar los cuerpos.<\/strong><\/p>\n<div class=\"context-un_news_large_credit type-entermedia_image media media--type-entermedia-image media--view-mode-un-news-large-credit\" style=\"text-align: justify\">\n<div class=\"field field--name-thumbnail field--type-image field--label-hidden field__item\">\n<div style=\"width: 780px\" class=\"wp-caption alignnone\"><img loading=\"lazy\" decoding=\"async\" title=\"Una mujer sostiene proyectiles disparados durante los combates en Darfur Occidental.\" src=\"https:\/\/global.unitednations.entermediadb.net\/assets\/mediadb\/services\/module\/asset\/downloads\/preset\/Libraries\/Production%20Library\/29-08-2024-OCHA-Darfur-01.jpg\/image770x420cropped.jpg\" alt=\"Una mujer sostiene proyectiles disparados durante los combates en Darfur Occidental.\" width=\"770\" height=\"420\" \/><p class=\"wp-caption-text\">\u00a9 UNOCHA\/Mohamed Khalil. Una mujer sostiene proyectiles disparados durante los combates en Darfur Occidental.<\/p><\/div>\n<\/div>\n<\/div>\n<p style=\"text-align: justify\"><span style=\"color: #000000\"><strong>Preparaci\u00f3n para la muerte<\/strong><\/span><\/p>\n<blockquote>\n<p style=\"text-align: center\"><strong>Nos pareci\u00f3 oler una barbacoa, pero descubrimos que se trataba de cientos de cad\u00e1veres quemados.<\/strong><\/p>\n<\/blockquote>\n<p style=\"text-align: justify\">Llegamos a un lugar tranquilo y pensamos que era seguro. Nos pareci\u00f3 oler una barbacoa, pero descubrimos que se trataba de cientos de cad\u00e1veres quemados. Uno de los pistoleros fumaba un cigarrillo mientras observaba los cuerpos humeantes.<\/p>\n<p style=\"text-align: justify\">Est\u00e1bamos asustados y m\u00e1s tarde pudimos o\u00edr a los vecinos repitiendo en voz alta la\u00a0<em>shahada<\/em>\u00a0[declaraci\u00f3n isl\u00e1mica de fe en Dios] como preparaci\u00f3n para la muerte. O\u00ed a un hombre gritar pidiendo ayuda, y poco despu\u00e9s o\u00ed el sonido de disparos y luego su voz desapareci\u00f3.<\/p>\n<p style=\"text-align: justify\">En El Geneina hay un \u00e1rbol al que los militantes llamaban el\u00a0<em>\u00e1rbol de los muertos<\/em>, al que sol\u00edan llevar a la gente para ejecutarla en un pelot\u00f3n de fusilamiento. Los hombres se negaban a enterrar los cad\u00e1veres, y a nadie m\u00e1s se le permit\u00eda hacerlo, ni siquiera preguntar por los desaparecidos. Cuando la situaci\u00f3n se calmaba y la gente empezaba a buscar a sus familiares desaparecidos, les dec\u00edan que fueran al \u00e1rbol. A las mujeres no se les permit\u00eda ir; s\u00f3lo a los hombres.<\/p>\n<div class=\"context-un_news_large_credit type-entermedia_image media media--type-entermedia-image media--view-mode-un-news-large-credit\" style=\"text-align: justify\">\n<div class=\"field field--name-thumbnail field--type-image field--label-hidden field__item\">\n<div style=\"width: 780px\" class=\"wp-caption alignnone\"><img loading=\"lazy\" decoding=\"async\" title=\"Familia sudanesa refugiada en un pueblo de Chad cercano a la frontera con Darfur.\" src=\"https:\/\/global.unitednations.entermediadb.net\/assets\/mediadb\/services\/module\/asset\/downloads\/preset\/Collections\/Embargoed\/07-12-2023-UNICEF-Sudan-Chad.jpg\/image770x420cropped.jpg\" alt=\"Familia sudanesa refugiada en un pueblo de Chad cercano a la frontera con Darfur.\" width=\"770\" height=\"420\" \/><p class=\"wp-caption-text\">\u00a9 UNICEF\/Annadjib Ramadane Maha. Familia sudanesa refugiada en un pueblo de Chad cercano a la frontera con Darfur.<\/p><\/div>\n<\/div>\n<\/div>\n<p style=\"text-align: justify\"><span style=\"color: #000000\"><strong>Huida a Chad<\/strong><\/span><\/p>\n<p style=\"text-align: justify\">Hui de casa a toda prisa y dej\u00e9 todo mi dinero, objetos de valor y oro, as\u00ed que ped\u00ed prestado dinero y alquil\u00e9 un coche para llevar a mi hijo y a mis familiares a Adr\u00e9, una ciudad de Chad. El primer d\u00eda dimos media vuelta porque era demasiado peligroso, y al d\u00eda siguiente, cuando volvimos a intentar el viaje, unos hombres armados pararon el coche y nos robaron nuestras pertenencias.<\/p>\n<p style=\"text-align: justify\">Finalmente llegamos al campo de refugiados de Adr\u00e9, pero muchas personas murieron por el camino; muchos ni\u00f1os perdieron a sus padres. El Ej\u00e9rcito chadiano ayud\u00f3 a transportar a muchos de los refugiados y a algunos de los heridos de El Geneina a los campos y les proporcion\u00f3 agua y alimentos.<\/p>\n<p style=\"text-align: justify\"><strong>El sufrimiento en los campos de Chad es grande, pero es menor que el que experimentamos en la guerra.<\/strong>\u00a0Estaba en muy malas condiciones psicol\u00f3gicas. No pod\u00eda concentrarme en qui\u00e9n me hablaba y perd\u00ed la noci\u00f3n de los d\u00edas y del tiempo, pero ahora me he recuperado gracias a Dios.<\/p>\n<p style=\"text-align: justify\">Mi marido, que se hab\u00eda quedado en El Geneina, lleg\u00f3 al campamento hace dos semanas.<\/p>\n<p style=\"text-align: justify\">He perdido todo lo que alguna vez tuve. Las milicias saquearon nuestra casa y\u00a0<strong>se llevaron todo, incluso las puertas<\/strong>. Hemos o\u00eddo que empezaron a demolerlo y a quitarle los ladrillos, y me temo que cuando volvamos no encontraremos nada m\u00e1s que tierra bald\u00eda\u00bb.<\/p>\n<p style=\"text-align: justify\"><em>* No es su nombre real para proteger su identidad.<\/em><\/p>\n<\/div>\n<\/div>\n<\/div>\n<\/div>\n<\/div>\n<\/div>\n<\/div>\n<\/div>\n<\/div>\n<\/div>\n<\/div>\n<\/div>\n<\/div>\n<\/div>\n<\/div>\n<\/section>\n<p><\/main><\/div>\n<\/div>\n<\/div>\n","protected":false},"excerpt":{"rendered":"<p>REDACCI\u00d3N NOTI-AM\u00c9RICA (ECUADOR) Sud\u00e1n, y Darfur en particular, se enfrentan a una crisis humanitaria y de seguridad tras el estallido de una guerra en abril de 2023 entre el ej\u00e9rcito sudan\u00e9s y las Fuerzas&#46;&#46;&#46;<\/p>\n","protected":false},"author":17,"featured_media":29524,"comment_status":"open","ping_status":"open","sticky":false,"template":"","format":"standard","meta":{"_acf_changed":false,"om_disable_all_campaigns":false,"rop_custom_images_group":[],"rop_custom_messages_group":[],"rop_publish_now":"initial","rop_publish_now_accounts":{"twitter_242054905_242054905":""},"rop_publish_now_history":[],"rop_publish_now_status":"pending","_uf_show_specific_survey":0,"_uf_disable_surveys":false,"footnotes":""},"categories":[4,109],"tags":[],"class_list":["post-29523","post","type-post","status-publish","format-standard","has-post-thumbnail","hentry","category-internacionales","category-seguridad"],"acf":[],"aioseo_notices":[],"yoast_head":"<!-- This site is optimized with the Yoast SEO Premium plugin v24.9 (Yoast SEO v27.2) - https:\/\/yoast.com\/product\/yoast-seo-premium-wordpress\/ -->\n<title>&quot;Ten\u00edamos que evitar pisar los cad\u00e1veres en las calles&quot; de Darfur: ONU - Ecuador | Noti-America.com<\/title>\n<meta name=\"robots\" content=\"index, follow, max-snippet:-1, max-image-preview:large, max-video-preview:-1\" \/>\n<link rel=\"canonical\" href=\"https:\/\/noti-america.com\/site\/ecuador\/2024\/03\/31\/teniamos-que-evitar-pisar-los-cadaveres-en-las-calles-de-darfur-onu\/\" \/>\n<meta property=\"og:locale\" content=\"es_ES\" \/>\n<meta property=\"og:type\" content=\"article\" \/>\n<meta property=\"og:title\" content=\"&quot;Ten\u00edamos que evitar pisar los cad\u00e1veres en las calles&quot; de Darfur: ONU\" \/>\n<meta property=\"og:description\" content=\"REDACCI\u00d3N NOTI-AM\u00c9RICA (ECUADOR) Sud\u00e1n, y Darfur en particular, se enfrentan a una crisis humanitaria y de seguridad tras el estallido de una guerra en abril de 2023 entre el ej\u00e9rcito sudan\u00e9s y las Fuerzas&#046;&#046;&#046;\" \/>\n<meta property=\"og:url\" content=\"https:\/\/noti-america.com\/site\/ecuador\/2024\/03\/31\/teniamos-que-evitar-pisar-los-cadaveres-en-las-calles-de-darfur-onu\/\" \/>\n<meta property=\"og:site_name\" content=\"Ecuador | Noti-America.com\" \/>\n<meta property=\"article:published_time\" content=\"2024-03-31T21:55:01+00:00\" \/>\n<meta property=\"og:image\" content=\"https:\/\/noti-america.com\/site\/ecuador\/wp-content\/uploads\/sites\/18\/2024\/03\/\u00a9-PMA-Jacques-David.jpg\" \/>\n\t<meta property=\"og:image:width\" content=\"1171\" \/>\n\t<meta property=\"og:image:height\" content=\"530\" \/>\n\t<meta property=\"og:image:type\" content=\"image\/jpeg\" \/>\n<meta name=\"author\" content=\"Gregory Quintana Montiel\" \/>\n<meta name=\"twitter:card\" content=\"summary_large_image\" \/>\n<meta name=\"twitter:creator\" content=\"@gdgregori1\" \/>\n<meta name=\"twitter:site\" content=\"@notiamerica\" \/>\n<meta name=\"twitter:label1\" content=\"Escrito por\" \/>\n\t<meta name=\"twitter:data1\" content=\"Gregory Quintana Montiel\" \/>\n\t<meta name=\"twitter:label2\" content=\"Tiempo estimado de lectura\" \/>\n\t<meta name=\"twitter:data2\" content=\"7 minutos\" \/>\n<script type=\"application\/ld+json\" class=\"yoast-schema-graph\">{\"@context\":\"https:\/\/schema.org\",\"@graph\":[{\"@type\":\"Article\",\"@id\":\"https:\/\/noti-america.com\/site\/ecuador\/2024\/03\/31\/teniamos-que-evitar-pisar-los-cadaveres-en-las-calles-de-darfur-onu\/#article\",\"isPartOf\":{\"@id\":\"https:\/\/noti-america.com\/site\/ecuador\/2024\/03\/31\/teniamos-que-evitar-pisar-los-cadaveres-en-las-calles-de-darfur-onu\/\"},\"author\":{\"name\":\"Gregory Quintana Montiel\",\"@id\":\"https:\/\/noti-america.com\/site\/ecuador\/#\/schema\/person\/3b975e42f15abfe64bfe3abdd916efda\"},\"headline\":\"\u00abTen\u00edamos que evitar pisar los cad\u00e1veres en las calles\u00bb de Darfur: ONU\",\"datePublished\":\"2024-03-31T21:55:01+00:00\",\"mainEntityOfPage\":{\"@id\":\"https:\/\/noti-america.com\/site\/ecuador\/2024\/03\/31\/teniamos-que-evitar-pisar-los-cadaveres-en-las-calles-de-darfur-onu\/\"},\"wordCount\":1312,\"commentCount\":0,\"publisher\":{\"@id\":\"https:\/\/noti-america.com\/site\/ecuador\/#organization\"},\"image\":{\"@id\":\"https:\/\/noti-america.com\/site\/ecuador\/2024\/03\/31\/teniamos-que-evitar-pisar-los-cadaveres-en-las-calles-de-darfur-onu\/#primaryimage\"},\"thumbnailUrl\":\"https:\/\/noti-america.com\/site\/ecuador\/wp-content\/uploads\/sites\/18\/2024\/03\/\u00a9-PMA-Jacques-David.jpg\",\"articleSection\":[\"Internacionales\",\"Seguridad\"],\"inLanguage\":\"es\",\"potentialAction\":[{\"@type\":\"CommentAction\",\"name\":\"Comment\",\"target\":[\"https:\/\/noti-america.com\/site\/ecuador\/2024\/03\/31\/teniamos-que-evitar-pisar-los-cadaveres-en-las-calles-de-darfur-onu\/#respond\"]}]},{\"@type\":\"WebPage\",\"@id\":\"https:\/\/noti-america.com\/site\/ecuador\/2024\/03\/31\/teniamos-que-evitar-pisar-los-cadaveres-en-las-calles-de-darfur-onu\/\",\"url\":\"https:\/\/noti-america.com\/site\/ecuador\/2024\/03\/31\/teniamos-que-evitar-pisar-los-cadaveres-en-las-calles-de-darfur-onu\/\",\"name\":\"\\\"Ten\u00edamos que evitar pisar los cad\u00e1veres en las calles\\\" de Darfur: ONU - Ecuador | Noti-America.com\",\"isPartOf\":{\"@id\":\"https:\/\/noti-america.com\/site\/ecuador\/#website\"},\"primaryImageOfPage\":{\"@id\":\"https:\/\/noti-america.com\/site\/ecuador\/2024\/03\/31\/teniamos-que-evitar-pisar-los-cadaveres-en-las-calles-de-darfur-onu\/#primaryimage\"},\"image\":{\"@id\":\"https:\/\/noti-america.com\/site\/ecuador\/2024\/03\/31\/teniamos-que-evitar-pisar-los-cadaveres-en-las-calles-de-darfur-onu\/#primaryimage\"},\"thumbnailUrl\":\"https:\/\/noti-america.com\/site\/ecuador\/wp-content\/uploads\/sites\/18\/2024\/03\/\u00a9-PMA-Jacques-David.jpg\",\"datePublished\":\"2024-03-31T21:55:01+00:00\",\"breadcrumb\":{\"@id\":\"https:\/\/noti-america.com\/site\/ecuador\/2024\/03\/31\/teniamos-que-evitar-pisar-los-cadaveres-en-las-calles-de-darfur-onu\/#breadcrumb\"},\"inLanguage\":\"es\",\"potentialAction\":[{\"@type\":\"ReadAction\",\"target\":[\"https:\/\/noti-america.com\/site\/ecuador\/2024\/03\/31\/teniamos-que-evitar-pisar-los-cadaveres-en-las-calles-de-darfur-onu\/\"]}]},{\"@type\":\"ImageObject\",\"inLanguage\":\"es\",\"@id\":\"https:\/\/noti-america.com\/site\/ecuador\/2024\/03\/31\/teniamos-que-evitar-pisar-los-cadaveres-en-las-calles-de-darfur-onu\/#primaryimage\",\"url\":\"https:\/\/noti-america.com\/site\/ecuador\/wp-content\/uploads\/sites\/18\/2024\/03\/\u00a9-PMA-Jacques-David.jpg\",\"contentUrl\":\"https:\/\/noti-america.com\/site\/ecuador\/wp-content\/uploads\/sites\/18\/2024\/03\/\u00a9-PMA-Jacques-David.jpg\",\"width\":1171,\"height\":530},{\"@type\":\"BreadcrumbList\",\"@id\":\"https:\/\/noti-america.com\/site\/ecuador\/2024\/03\/31\/teniamos-que-evitar-pisar-los-cadaveres-en-las-calles-de-darfur-onu\/#breadcrumb\",\"itemListElement\":[{\"@type\":\"ListItem\",\"position\":1,\"name\":\"Portada\",\"item\":\"https:\/\/noti-america.com\/site\/ecuador\/\"},{\"@type\":\"ListItem\",\"position\":2,\"name\":\"&#8220;Ten\u00edamos que evitar pisar los cad\u00e1veres en las calles&#8221; de Darfur: ONU\"}]},{\"@type\":\"WebSite\",\"@id\":\"https:\/\/noti-america.com\/site\/ecuador\/#website\",\"url\":\"https:\/\/noti-america.com\/site\/ecuador\/\",\"name\":\"Ecuador | Noti-America.com\",\"description\":\"\",\"publisher\":{\"@id\":\"https:\/\/noti-america.com\/site\/ecuador\/#organization\"},\"potentialAction\":[{\"@type\":\"SearchAction\",\"target\":{\"@type\":\"EntryPoint\",\"urlTemplate\":\"https:\/\/noti-america.com\/site\/ecuador\/?s={search_term_string}\"},\"query-input\":{\"@type\":\"PropertyValueSpecification\",\"valueRequired\":true,\"valueName\":\"search_term_string\"}}],\"inLanguage\":\"es\"},{\"@type\":\"Organization\",\"@id\":\"https:\/\/noti-america.com\/site\/ecuador\/#organization\",\"name\":\"Noti-America LLC | Ecuador\",\"url\":\"https:\/\/noti-america.com\/site\/ecuador\/\",\"logo\":{\"@type\":\"ImageObject\",\"inLanguage\":\"es\",\"@id\":\"https:\/\/noti-america.com\/site\/ecuador\/#\/schema\/logo\/image\/\",\"url\":\"https:\/\/noti-america.com\/site\/ecuador\/wp-content\/uploads\/sites\/18\/2020\/07\/LogoNA-4x3-1.jpg\",\"contentUrl\":\"https:\/\/noti-america.com\/site\/ecuador\/wp-content\/uploads\/sites\/18\/2020\/07\/LogoNA-4x3-1.jpg\",\"width\":1236,\"height\":1080,\"caption\":\"Noti-America LLC | Ecuador\"},\"image\":{\"@id\":\"https:\/\/noti-america.com\/site\/ecuador\/#\/schema\/logo\/image\/\"},\"sameAs\":[\"https:\/\/x.com\/notiamerica\"]},{\"@type\":\"Person\",\"@id\":\"https:\/\/noti-america.com\/site\/ecuador\/#\/schema\/person\/3b975e42f15abfe64bfe3abdd916efda\",\"name\":\"Gregory Quintana Montiel\",\"image\":{\"@type\":\"ImageObject\",\"inLanguage\":\"es\",\"@id\":\"https:\/\/secure.gravatar.com\/avatar\/2d6b802f7720c2ec7744dcbe608cc2f3417aeb964d58b443c6d612b77531de1d?s=96&d=mm&r=g\",\"url\":\"https:\/\/secure.gravatar.com\/avatar\/2d6b802f7720c2ec7744dcbe608cc2f3417aeb964d58b443c6d612b77531de1d?s=96&d=mm&r=g\",\"contentUrl\":\"https:\/\/secure.gravatar.com\/avatar\/2d6b802f7720c2ec7744dcbe608cc2f3417aeb964d58b443c6d612b77531de1d?s=96&d=mm&r=g\",\"caption\":\"Gregory Quintana Montiel\"},\"description\":\"Licenciatura en Ciencias de la Comunicaci\u00f3n Social, egresado en la Especializaci\u00f3n Derecho Ambiental Desarrollo Sostenible y Sustentable, Miembro de la Comunidad de profesionales y experto para Latinoam\u00e9rica y el Caribe en Gesti\u00f3n por Resultado en el Desarrollo (COPLAC - GpRD) del Banco Interamericano de Desarrollo, experiencia en medios radiales y escritos.\",\"sameAs\":[\"https:\/\/x.com\/gdgregori1\",\"gquintana\"],\"url\":\"https:\/\/noti-america.com\/site\/ecuador\/author\/gquintana\/\"}]}<\/script>\n<!-- \/ Yoast SEO Premium plugin. -->","yoast_head_json":{"title":"\"Ten\u00edamos que evitar pisar los cad\u00e1veres en las calles\" de Darfur: ONU - Ecuador | Noti-America.com","robots":{"index":"index","follow":"follow","max-snippet":"max-snippet:-1","max-image-preview":"max-image-preview:large","max-video-preview":"max-video-preview:-1"},"canonical":"https:\/\/noti-america.com\/site\/ecuador\/2024\/03\/31\/teniamos-que-evitar-pisar-los-cadaveres-en-las-calles-de-darfur-onu\/","og_locale":"es_ES","og_type":"article","og_title":"\"Ten\u00edamos que evitar pisar los cad\u00e1veres en las calles\" de Darfur: ONU","og_description":"REDACCI\u00d3N NOTI-AM\u00c9RICA (ECUADOR) Sud\u00e1n, y Darfur en particular, se enfrentan a una crisis humanitaria y de seguridad tras el estallido de una guerra en abril de 2023 entre el ej\u00e9rcito sudan\u00e9s y las Fuerzas&#46;&#46;&#46;","og_url":"https:\/\/noti-america.com\/site\/ecuador\/2024\/03\/31\/teniamos-que-evitar-pisar-los-cadaveres-en-las-calles-de-darfur-onu\/","og_site_name":"Ecuador | Noti-America.com","article_published_time":"2024-03-31T21:55:01+00:00","og_image":[{"width":1171,"height":530,"url":"https:\/\/noti-america.com\/site\/ecuador\/wp-content\/uploads\/sites\/18\/2024\/03\/\u00a9-PMA-Jacques-David.jpg","type":"image\/jpeg"}],"author":"Gregory Quintana Montiel","twitter_card":"summary_large_image","twitter_creator":"@gdgregori1","twitter_site":"@notiamerica","twitter_misc":{"Escrito por":"Gregory Quintana Montiel","Tiempo estimado de lectura":"7 minutos"},"schema":{"@context":"https:\/\/schema.org","@graph":[{"@type":"Article","@id":"https:\/\/noti-america.com\/site\/ecuador\/2024\/03\/31\/teniamos-que-evitar-pisar-los-cadaveres-en-las-calles-de-darfur-onu\/#article","isPartOf":{"@id":"https:\/\/noti-america.com\/site\/ecuador\/2024\/03\/31\/teniamos-que-evitar-pisar-los-cadaveres-en-las-calles-de-darfur-onu\/"},"author":{"name":"Gregory Quintana Montiel","@id":"https:\/\/noti-america.com\/site\/ecuador\/#\/schema\/person\/3b975e42f15abfe64bfe3abdd916efda"},"headline":"\u00abTen\u00edamos que evitar pisar los cad\u00e1veres en las calles\u00bb de Darfur: ONU","datePublished":"2024-03-31T21:55:01+00:00","mainEntityOfPage":{"@id":"https:\/\/noti-america.com\/site\/ecuador\/2024\/03\/31\/teniamos-que-evitar-pisar-los-cadaveres-en-las-calles-de-darfur-onu\/"},"wordCount":1312,"commentCount":0,"publisher":{"@id":"https:\/\/noti-america.com\/site\/ecuador\/#organization"},"image":{"@id":"https:\/\/noti-america.com\/site\/ecuador\/2024\/03\/31\/teniamos-que-evitar-pisar-los-cadaveres-en-las-calles-de-darfur-onu\/#primaryimage"},"thumbnailUrl":"https:\/\/noti-america.com\/site\/ecuador\/wp-content\/uploads\/sites\/18\/2024\/03\/\u00a9-PMA-Jacques-David.jpg","articleSection":["Internacionales","Seguridad"],"inLanguage":"es","potentialAction":[{"@type":"CommentAction","name":"Comment","target":["https:\/\/noti-america.com\/site\/ecuador\/2024\/03\/31\/teniamos-que-evitar-pisar-los-cadaveres-en-las-calles-de-darfur-onu\/#respond"]}]},{"@type":"WebPage","@id":"https:\/\/noti-america.com\/site\/ecuador\/2024\/03\/31\/teniamos-que-evitar-pisar-los-cadaveres-en-las-calles-de-darfur-onu\/","url":"https:\/\/noti-america.com\/site\/ecuador\/2024\/03\/31\/teniamos-que-evitar-pisar-los-cadaveres-en-las-calles-de-darfur-onu\/","name":"\"Ten\u00edamos que evitar pisar los cad\u00e1veres en las calles\" de Darfur: ONU - Ecuador | Noti-America.com","isPartOf":{"@id":"https:\/\/noti-america.com\/site\/ecuador\/#website"},"primaryImageOfPage":{"@id":"https:\/\/noti-america.com\/site\/ecuador\/2024\/03\/31\/teniamos-que-evitar-pisar-los-cadaveres-en-las-calles-de-darfur-onu\/#primaryimage"},"image":{"@id":"https:\/\/noti-america.com\/site\/ecuador\/2024\/03\/31\/teniamos-que-evitar-pisar-los-cadaveres-en-las-calles-de-darfur-onu\/#primaryimage"},"thumbnailUrl":"https:\/\/noti-america.com\/site\/ecuador\/wp-content\/uploads\/sites\/18\/2024\/03\/\u00a9-PMA-Jacques-David.jpg","datePublished":"2024-03-31T21:55:01+00:00","breadcrumb":{"@id":"https:\/\/noti-america.com\/site\/ecuador\/2024\/03\/31\/teniamos-que-evitar-pisar-los-cadaveres-en-las-calles-de-darfur-onu\/#breadcrumb"},"inLanguage":"es","potentialAction":[{"@type":"ReadAction","target":["https:\/\/noti-america.com\/site\/ecuador\/2024\/03\/31\/teniamos-que-evitar-pisar-los-cadaveres-en-las-calles-de-darfur-onu\/"]}]},{"@type":"ImageObject","inLanguage":"es","@id":"https:\/\/noti-america.com\/site\/ecuador\/2024\/03\/31\/teniamos-que-evitar-pisar-los-cadaveres-en-las-calles-de-darfur-onu\/#primaryimage","url":"https:\/\/noti-america.com\/site\/ecuador\/wp-content\/uploads\/sites\/18\/2024\/03\/\u00a9-PMA-Jacques-David.jpg","contentUrl":"https:\/\/noti-america.com\/site\/ecuador\/wp-content\/uploads\/sites\/18\/2024\/03\/\u00a9-PMA-Jacques-David.jpg","width":1171,"height":530},{"@type":"BreadcrumbList","@id":"https:\/\/noti-america.com\/site\/ecuador\/2024\/03\/31\/teniamos-que-evitar-pisar-los-cadaveres-en-las-calles-de-darfur-onu\/#breadcrumb","itemListElement":[{"@type":"ListItem","position":1,"name":"Portada","item":"https:\/\/noti-america.com\/site\/ecuador\/"},{"@type":"ListItem","position":2,"name":"&#8220;Ten\u00edamos que evitar pisar los cad\u00e1veres en las calles&#8221; de Darfur: ONU"}]},{"@type":"WebSite","@id":"https:\/\/noti-america.com\/site\/ecuador\/#website","url":"https:\/\/noti-america.com\/site\/ecuador\/","name":"Ecuador | Noti-America.com","description":"","publisher":{"@id":"https:\/\/noti-america.com\/site\/ecuador\/#organization"},"potentialAction":[{"@type":"SearchAction","target":{"@type":"EntryPoint","urlTemplate":"https:\/\/noti-america.com\/site\/ecuador\/?s={search_term_string}"},"query-input":{"@type":"PropertyValueSpecification","valueRequired":true,"valueName":"search_term_string"}}],"inLanguage":"es"},{"@type":"Organization","@id":"https:\/\/noti-america.com\/site\/ecuador\/#organization","name":"Noti-America LLC | Ecuador","url":"https:\/\/noti-america.com\/site\/ecuador\/","logo":{"@type":"ImageObject","inLanguage":"es","@id":"https:\/\/noti-america.com\/site\/ecuador\/#\/schema\/logo\/image\/","url":"https:\/\/noti-america.com\/site\/ecuador\/wp-content\/uploads\/sites\/18\/2020\/07\/LogoNA-4x3-1.jpg","contentUrl":"https:\/\/noti-america.com\/site\/ecuador\/wp-content\/uploads\/sites\/18\/2020\/07\/LogoNA-4x3-1.jpg","width":1236,"height":1080,"caption":"Noti-America LLC | Ecuador"},"image":{"@id":"https:\/\/noti-america.com\/site\/ecuador\/#\/schema\/logo\/image\/"},"sameAs":["https:\/\/x.com\/notiamerica"]},{"@type":"Person","@id":"https:\/\/noti-america.com\/site\/ecuador\/#\/schema\/person\/3b975e42f15abfe64bfe3abdd916efda","name":"Gregory Quintana Montiel","image":{"@type":"ImageObject","inLanguage":"es","@id":"https:\/\/secure.gravatar.com\/avatar\/2d6b802f7720c2ec7744dcbe608cc2f3417aeb964d58b443c6d612b77531de1d?s=96&d=mm&r=g","url":"https:\/\/secure.gravatar.com\/avatar\/2d6b802f7720c2ec7744dcbe608cc2f3417aeb964d58b443c6d612b77531de1d?s=96&d=mm&r=g","contentUrl":"https:\/\/secure.gravatar.com\/avatar\/2d6b802f7720c2ec7744dcbe608cc2f3417aeb964d58b443c6d612b77531de1d?s=96&d=mm&r=g","caption":"Gregory Quintana Montiel"},"description":"Licenciatura en Ciencias de la Comunicaci\u00f3n Social, egresado en la Especializaci\u00f3n Derecho Ambiental Desarrollo Sostenible y Sustentable, Miembro de la Comunidad de profesionales y experto para Latinoam\u00e9rica y el Caribe en Gesti\u00f3n por Resultado en el Desarrollo (COPLAC - GpRD) del Banco Interamericano de Desarrollo, experiencia en medios radiales y escritos.","sameAs":["https:\/\/x.com\/gdgregori1","gquintana"],"url":"https:\/\/noti-america.com\/site\/ecuador\/author\/gquintana\/"}]}},"_links":{"self":[{"href":"https:\/\/noti-america.com\/site\/ecuador\/wp-json\/wp\/v2\/posts\/29523","targetHints":{"allow":["GET"]}}],"collection":[{"href":"https:\/\/noti-america.com\/site\/ecuador\/wp-json\/wp\/v2\/posts"}],"about":[{"href":"https:\/\/noti-america.com\/site\/ecuador\/wp-json\/wp\/v2\/types\/post"}],"author":[{"embeddable":true,"href":"https:\/\/noti-america.com\/site\/ecuador\/wp-json\/wp\/v2\/users\/17"}],"replies":[{"embeddable":true,"href":"https:\/\/noti-america.com\/site\/ecuador\/wp-json\/wp\/v2\/comments?post=29523"}],"version-history":[{"count":1,"href":"https:\/\/noti-america.com\/site\/ecuador\/wp-json\/wp\/v2\/posts\/29523\/revisions"}],"predecessor-version":[{"id":29525,"href":"https:\/\/noti-america.com\/site\/ecuador\/wp-json\/wp\/v2\/posts\/29523\/revisions\/29525"}],"wp:featuredmedia":[{"embeddable":true,"href":"https:\/\/noti-america.com\/site\/ecuador\/wp-json\/wp\/v2\/media\/29524"}],"wp:attachment":[{"href":"https:\/\/noti-america.com\/site\/ecuador\/wp-json\/wp\/v2\/media?parent=29523"}],"wp:term":[{"taxonomy":"category","embeddable":true,"href":"https:\/\/noti-america.com\/site\/ecuador\/wp-json\/wp\/v2\/categories?post=29523"},{"taxonomy":"post_tag","embeddable":true,"href":"https:\/\/noti-america.com\/site\/ecuador\/wp-json\/wp\/v2\/tags?post=29523"}],"curies":[{"name":"wp","href":"https:\/\/api.w.org\/{rel}","templated":true}]}}