{"id":2944,"date":"2018-12-30T18:03:03","date_gmt":"2018-12-30T18:03:03","guid":{"rendered":"http:\/\/noti-america.com\/site\/ecuador\/?p=2944"},"modified":"2018-12-30T18:03:03","modified_gmt":"2018-12-30T18:03:03","slug":"declaracion-de-bandung-2018-unidos-por-los-derechos-a-la-tierra-la-paz-y-la-justicia","status":"publish","type":"post","link":"https:\/\/noti-america.com\/site\/ecuador\/2018\/12\/30\/declaracion-de-bandung-2018-unidos-por-los-derechos-a-la-tierra-la-paz-y-la-justicia\/","title":{"rendered":"DECLARACI\u00d3N DE BANDUNG 2018, UNIDOS POR LOS DERECHOS A LA TIERRA, LA PAZ Y LA JUSTICIA"},"content":{"rendered":"<p>REDACCI\u00d3N NOTI-AM\u00c9RICA (ECUADOR)<\/p>\n<p>UNIDOS POR LOS DERECHOS A LA TIERRA, LA PAZ Y LA JUSTICIA<\/p>\n<p style=\"text-align: justify\">Unirse en torno a la construcci\u00f3n de una gobernanza de la tierra centrada en las personas es la misi\u00f3n de los miembros de la Coalici\u00f3n Internacional para el Acceso a la Tierra (ILC), que recientemente y tras el Foro Global de la Tierra celebrado con la cordial en Indonesia emiti\u00f3 la\u00a0Declaraci\u00f3n de Bandung 2018.<\/p>\n<p style=\"text-align: justify\">La declaraci\u00f3n fue firmada por representantes de m\u00e1s de 250 organizaciones multilaterales y de la sociedad civil procedentes de 77 pa\u00edses de \u00c1frica, Asia, Europa, Oriente Medio, Am\u00e9rica del Norte, Am\u00e9rica Latina y el Caribe, entre los que se cuenta el Instituto de Investigaci\u00f3n y Desarrollo Nitlapan .<\/p>\n<p style=\"text-align: justify\">El documento resalta que en los \u00faltimos tres a\u00f1os hemos visto que la desigualdad socio-econ\u00f3mica se ha vuelto m\u00e1s aguda. Los niveles alcanzados en muchos de los pa\u00edses de nuestra Coalici\u00f3n son injustos e insostenibles. La riqueza y el poder en t\u00e9rminos de control sobre la tierra y otros recursos naturales, a menudo se concentran en las manos de unos pocos a expensas de muchos. Tambi\u00e9n\u00a0 hace \u00e9nfasis en la protecci\u00f3n de los defensores de la tierra y el medio ambiente, as\u00ed como la necesidad de que la reforma agraria sea un tema que regrese a las agendas pol\u00edticas nacionales.<\/p>\n<p>DECLARACI\u00d3N:<\/p>\n<p style=\"text-align: justify\">1. Nosotros, miembros de la Coalici\u00f3n Internacional para el Acceso a la Tierra (ILC), nos reunimos en Bandung, Indonesia, el 27 de septiembre de 2018, con motivo de nuestra Asamblea de Miembros, despu\u00e9s del Foro Global de la Tierra celebrado con la cordial acogida del Gobierno de la Rep\u00fablica de Indonesia y el Comit\u00e9 Organizador Nacional.Representamos a m\u00e1s de 250 organizaciones multilaterales y de la sociedad civil procedentes de 77 pa\u00edses de \u00c1frica, Asia, Europa, Oriente Medio, Am\u00e9rica del Norte, Am\u00e9rica Latina y el Caribe.<\/p>\n<p style=\"text-align: justify\">2. A pesar de nuestra diversidad y de los muy diferentes enfoques, hemos elegido unirnos en torno a una misi\u00f3n compartida para construir una gobernanza de la tierra centrada en las personas como elemento fundamental para lograr un mundo justo, equitativo e inclusivo. La materializaci\u00f3n de nuestros 10 compromisos para lograr una gobernanza de la tierra centrada en las personas gu\u00eda e impulsa nuestras acciones conjuntas como coalici\u00f3n.<\/p>\n<p>3. Con la aprobaci\u00f3n de los Objetivos de Desarrollo Sostenible, los l\u00edderes de los Estados Miembros de las Naciones Unidas reconocieron por primera vez en la historia la importancia que revisten los derechos a la tierra. Sin embargo, desde el \u00faltimo Foro Global de la Tierra en Dakar, Senegal, en 2015, hemos observado tendencias que amenazan seriamente nuestro objetivo compartido de no dejar a nadie atr\u00e1s.<\/p>\n<p style=\"text-align: justify\">4. En los \u00faltimos tres a\u00f1os, hemos visto que la desigualdad socio-econ\u00f3mica extrema se ha vuelto m\u00e1s aguda. Los niveles alcanzados en muchos de los pa\u00edses de nuestra Coalici\u00f3n son injustos e insostenibles. La riqueza y el poder, en t\u00e9rminos de control sobre la tierra y otros recursos naturales, a menudo se concentran en las manos de unos pocos a expensas de muchos. Adem\u00e1s, los impactos del cambio clim\u00e1tico son cada vez m\u00e1s visibles, lo cual exacerba los conflictos sobre la tierra, los bosques, los pastizales, el agua y otros recursos naturales, aumentando el sufrimiento humano y forzando a la migraci\u00f3n. La degradaci\u00f3n\u00a0de la tierra, que est\u00e1 estrechamente relacionada con la inseguridad legal de tenencia, sigue siendo un gran desaf\u00edo que necesita de acci\u00f3n tanto en zonas rurales como urbanas. La corrupci\u00f3n y la falta de transparencia y de rendici\u00f3n de cuentas contin\u00faan alimentando la desposesi\u00f3n y los conflictos. La justicia y los valores democr\u00e1ticos se ven desafiados y muchos de nuestros miembros est\u00e1n constre\u00f1idos por un espacio para la sociedad civil cada vez m\u00e1s reducido, incluyendo en el contexto de la ocupaci\u00f3n y del conflicto armado, que precisa especial consideraci\u00f3n. Por su parte, 2017 ha sido el a\u00f1o m\u00e1s mort\u00edfero jam\u00e1s registrado para los defensores de la tierra y del medio ambiente. El racismo y la discriminaci\u00f3n contra los pueblos ind\u00edgenas persiste. A pesar del aumento de s\u00f3lidos movimientos dirigidos por mujeres que han desafiado el statu quo y han empezado a cambiar las mentalidades y las normas en muchos pa\u00edses, las leyes y pr\u00e1cticas patriarcales y discriminatorias persisten, impidiendo la igualdad de derechos a la tierra de las mujeres, particularmente de las pertenecientes a las comunidades m\u00e1s marginadas.<\/p>\n<p style=\"text-align: justify\">5 Contribuir a la consecuci\u00f3n de los Objetivos de Desarrollo Sostenible depender\u00e1 de nuestra\u00a0voluntad de transformar radicalmente los sistemas que promueven la desigualdad y la\u00a0injusticia y alimentan el conflicto y la exclusi\u00f3n. Los derechos a la tierra ejemplifican este\u00a0desaf\u00edo, as\u00ed como la oportunidad de lograr un cambio real. En este contexto, nuestra misi\u00f3n para una gobernanza de la tierra centrada en las personas es m\u00e1s imperativa que nunca a fin de avanzar verdaderamente hacia la consecuci\u00f3n de los ODS. Es un objetivo ambicioso, pero el poder de nuestra red y los progresos alcanzados gracias al trabajo conjunto construyendo procesos democr\u00e1ticos en la toma de decisiones y el control de la tierra y los recursos naturales, impulsan el optimismo y la confianza en nuestro \u00e9xito.<\/p>\n<p style=\"text-align: justify\">6 Trabajamos en muchos frentes para asegurar el progreso, pero hoy llamamos la atenci\u00f3n mundial sobre dos cuestiones particularmente cr\u00edticas en nuestro contexto actual:<\/p>\n<p>7 LA PROTECCI\u00d3N DE LOS DEFENSORES DE LA TIERRA Y DEL MEDIO AMBIENTE.<\/p>\n<p style=\"text-align: justify\">7.1. Es preciso acabar con la creciente, dram\u00e1tica e inaceptable tendencia de homicidios, ataques y criminalizaci\u00f3n de las\u00a0 comunidades y los individuos que act\u00faan como Defensores de la Tierra y el Medio Ambiente. La situaci\u00f3n actual ha alcanzado niveles de crisis en muchos pa\u00edses y afecta directamente a nuestras organizaciones miembro, en particular a las organizaciones de campesinos y pueblos ind\u00edgenas. Los recientes informes de los Relatores Especiales sobre la Situaci\u00f3n de los Defensores de Derechos Humanos, sobre los Derechos Humanos y el Medio Ambiente y sobre los Derechos de los Pueblos Ind\u00edgenas se\u00f1alaron una creciente \u201ccrisis mundial\u201d de ataques contra los defensores del medio ambiente y de derechos humanos, destacando que muchos de ellos pertenecen a pueblos ind\u00edgenas.<\/p>\n<p>7.2. Rendimos homenaje a la memoria de aquellos integrantes de nuestra red que, desde nuestra reuni\u00f3n en 2015, han perdido sus vidas por desempe\u00f1ar una labor heroica como Defensores de la Tierra y el Medio Ambiente, defendiendo los derechos a la tierra de sus comunidades. Por ejemplo, observamos que durante la \u00faltima d\u00e9cada en Indonesia, el Consorcio para la Reforma Agraria (KPA) ha informado el desalojo por acaparamiento de tierras de 3,5 millones de personas, la detenci\u00f3n de 1.617 Defensores de la Tierra y del Medio Ambiente y el asesinato de 122 Defensores de la Tierra y el Medio Ambiente.<\/p>\n<p style=\"text-align: justify\">7.3. Teniendo en cuenta que la mayor\u00eda de los abusos contra los Defensores de los Derechos Humanos est\u00e1n relacionados con los derechos a la tierra, es fundamental fortalecer el reconocimiento de los derechos a la tierra en los marcos, instituciones e instrumentos de derechos humanos, como por ejemplo, en el proceso en curso del Consejo<\/p>\n<p style=\"text-align: justify\">7.4. Hacemos un llamado a los gobiernos para que cumplan inmediatamente con sus obligaciones de proteger a los Defensores de la Tierra y el Medio Ambiente, para que apliquen plenamente la Declaraci\u00f3n de las Naciones Unidas sobre los Defensores de los Derechos Humanos adoptada hace 20 a\u00f1os y para que garanticen que empresas e inversores respeten los derechos de los Defensores de la Tierra y del Medio Ambiente en sus actividades y cadenas de suministro.<\/p>\n<p style=\"text-align: justify\">Somos conscientes de que para algunos gobiernos, la persecuci\u00f3n, los ataques y la criminalizaci\u00f3n de los Defensores de la Tierra y el Medio Ambiente forman parte de una estrategia deliberada. Hacemos un llamado a dichos gobiernos para que pongan fin a la represi\u00f3n y a la criminalizaci\u00f3n, y haremos todo lo que est\u00e9 a nuestro alcance como coalici\u00f3n para promover la rendici\u00f3n de cuentas y el derecho a la justicia, y para respaldar directamente la protecci\u00f3n de los Defensores de la Tierra y el Medio Ambiente y de sus comunidades amenazadas.<\/p>\n<p style=\"text-align: justify\">8 REFORMA AGRARIA.<\/p>\n<p style=\"text-align: justify\">8.1. La reforma agraria debe volver a las agendas pol\u00edticas nacionales como medida necesaria para corregir las desigualdades en las sociedades rurales. Lejos de ser un enfoque obsoleto, la reforma agraria redistributiva, sostenible y paritaria es un recorrido esencial para alcanzar un futuro con menos conflictos y un intercambio justo de riqueza y oportunidades. Para tener \u00e9xito, es fundamental que la reforma agraria: 1) se base en pol\u00edticas coherentes y sostenibles de agricultura, tenencia, inversi\u00f3n y uso de la tierra; 2) est\u00e9 respaldada por recursos adecuados e infraestructura social; 3) est\u00e9 dise\u00f1ada e implementada con la participaci\u00f3n significativa de las organizaciones que representan a propietarios a peque\u00f1a escala, pueblos ind\u00edgenas, pastores y comunidades locales afectadas; 4) reconozca la relaci\u00f3n intr\u00ednseca de los pueblos ind\u00edgenas con sus tierras, territorios y recursos naturales, y respalde todas las formas de derechos comunitarios a la tierra y los derechos consuetudinarios de tenencia de la tierra como una ruta para abordar los conflictos de tierras; 5) no est\u00e9 financiada por ning\u00fan pr\u00e9stamo o cualquier otro apoyo financiero externo que contradiga los principios de gobernanza de la tierra centrada en las personas.<br \/>\n8.2. Los beneficios de la reforma agraria pueden verse gravemente socavados o despilfarrarse debido a modelos de inversi\u00f3n basados en la adquisici\u00f3n de tierras a gran escala por parte de inversores nacionales y extranjeros. Nuestra experiencia nos ha ense\u00f1ado que las adquisiciones de tierra a gran escala a menudo causan despojos, desplazamientos forzados, concentraci\u00f3n de la riqueza y las oportunidades fuera de las comunidades, as\u00ed como actos de criminalizaci\u00f3n. Hacemos una llamada al sector privado y a los gobiernos para que detengan las inversiones que implican transferencias de<br \/>\ntierras a gran escala y desalojan a comunidades locales o pueblos ind\u00edgenas. Todas las inversiones deben basarse en la asociaci\u00f3n en lugar de en la exclusi\u00f3n, incluidas aquellas relacionadas con el turismo y que afectan a las comunidades costeras. Las inversiones deber\u00edan proponerse, dise\u00f1arse e implementarse de manera que prioricen la participaci\u00f3n y los intereses de las comunidades afectadas y llevarse a cabo \u00fanicamente cuando se cuente con el consentimiento libre, previo e informado de las comunidades, tal y como se establece en la Declaraci\u00f3n de las Naciones Unidas sobre los Derechos de los Pueblos Ind\u00edgenas.<br \/>\n8.3. La D\u00e9cada de la Agricultura Familiar de las Naciones Unidas proporciona un contexto positivo para la reforma agraria; un componente cr\u00edtico en un paquete m\u00e1s amplio en el que los gobiernos brindan un apoyo muy necesario para garantizar que los agricultores familiares, los pastores y los pueblos ind\u00edgenas puedan desempe\u00f1ar\u00a0plenamente su papel de actores clave en econom\u00edas rurales din\u00e1micas, frecuentemente sociales, y de guardianes de territorios y ecosistemas saludables.<\/p>\n<p style=\"text-align: justify\">9 Para que podamos cumplir mejor con nuestra misi\u00f3n conjunta, nos hemos damos cuenta de que, como coalici\u00f3n, hay aspectos en los que debemos trabajar de forma diferente. Por ello, nos comprometemos a:<\/p>\n<p style=\"text-align: justify\">9.1. Avanzar hacia convertirnos en una red que responde mejor a las necesidades, preocupaciones e intereses de los j\u00f3venes de las zonas rurales. Como organizaciones individuales y, conjuntamente, como coalici\u00f3n, abogaremos a todos los niveles para que haya un mayor di\u00e1logo intergeneracional y una mayor transferencia de liderazgo, incluyendo para facilitar el acceso de los j\u00f3venes, y en especial de las mujeres j\u00f3venes, a la tierra y el control de esta.<br \/>\n9.2. Asegurar que todas nuestras acciones est\u00e9n conformadas por los principios de la justicia de g\u00e9nero, ya que este es un compromiso central para nuestra coalici\u00f3n. Reconocemos que nuestras propias acciones no han desafiado adecuadamente las normas discriminatorias. Nos comprometemos a actuar de acuerdo a los principios de justicia de g\u00e9nero en nuestras organizaciones y coalici\u00f3n, del mismo modo que trabajaremos para un mundo m\u00e1s paritario. Nos aseguraremos de que las mujeres participen y decidan en igual medida que los hombres, y trabajaremos activamente para desafiar y superar las pr\u00e1cticas discriminatorias y las estructuras de poder desiguales que las facilitan. Hacemos un llamamiento a todas las partes interesadas para que tomen medidas urgentes a fin de superar la discriminaci\u00f3n estructural, las barreras institucionales y culturales y el desequilibrio de poder generalizados que perpet\u00faan la desigualdad de g\u00e9nero y obstaculizan el progreso hacia la justicia de g\u00e9nero en cuestiones relacionadas con las tierras y los territorios y, en consecuencia, afectan los derechos de las mujeres de forma m\u00e1s amplia, incluidos todos los tipos de violencia contra las mujeres, su empoderamiento econ\u00f3mico y sus voces. plenamente su papel de actores clave en econom\u00edas rurales din\u00e1micas, frecuentemente sociales, y de guardianes de territorios y ecosistemas saludables.<\/p>\n<p style=\"text-align: justify\">9.3. Fortalecer una verdadera colaboraci\u00f3n entre las diversas organizaciones nacionales e internacionales de la sociedad civil y las organizaciones intergubernamentales de nuestra coalici\u00f3n, incorporando plenamente su naturaleza a la realidad de nuestro trabajo. Reconocemos que en algunos casos esto significar\u00e1 superar diferencias en perspectivas, experiencias, recursos y capacidades entre miembros. Nosotros, como miembros de la ILC, facilitamos y apoyamos el di\u00e1logo y la asociaci\u00f3n entre miembros como una coalici\u00f3n de iguales, desafiando la divisi\u00f3n Norte-Sur. Donde sea que identifiquemos acuerdos, complementariedades y sinergias, construiremos sobre la base de tales oportunidades. Cuando existen diferencias las respetaremos. Trabajaremos para mejorar la coordinaci\u00f3n, en particular a nivel de pa\u00eds, implementando las DVGT, demostrando el valor de dichas asociaciones para lograr una gobernanza de la tierra centrada en las personas. Juntos, en l\u00ednea con las DVGT, continuaremos haciendo llamados a los gobiernos para que involucren plenamente a las organizaciones de la sociedad civil en los sistemas de gobernanza territorial. importantes hechos ante el Foro Global de la Tierra: la suspensi\u00f3n de la expansi\u00f3n de los cultivos de aceite de palma y la firma del decreto presidencial sobre la reforma agraria. Tambi\u00e9n aguardamos con inter\u00e9s la aprobaci\u00f3n de la Ley sobre los Derechos Ind\u00edgenas..<\/p>\n<p style=\"text-align: justify\">10. Nos vamos de Bandung inspirados por la fuerte memoria del Encuentro Asia-\u00c1frica en Bandung de 1955 y por el gran trabajo de nuestros miembros nacionales por promover una reforma agraria aut\u00e9ntica y el reconocimiento de los derechos territoriales de los pueblos ind\u00edgenas como pasos hacia una gobernanza de la tierra centrada en las personas en Indonesia. Felicitamos al Gobierno de Indonesia por haber fijado unas metas ambiciosas de reforma agraria y gesti\u00f3n forestal sostenible. Felicitamos al Gobierno por dos anuncios.<\/p>\n<p style=\"text-align: justify\">11. Respaldamos la declaraci\u00f3n del Presidente de la Rep\u00fablica que menciona que tambi\u00e9n se tiene que redistribuir la tierra si se pretende construir justicia con la reforma agraria. Hacemos un llamado al Gobierno para que trabaje conjuntamente con organizaciones de campesinos, pueblos ind\u00edgenas, pescadores, agricultores y comunidades locales para apoyar un proceso de reforma agraria genuina construido desde abajo. Alentamos al Gobierno para que resuelva los conflictos de la tierra adoptando las 444 \u00e1reas prioritarias de redistribuci\u00f3n de la tierra presentadas por el Consorcio para la Reforma Agraria (KPA) al Ministro de Coordinaci\u00f3n de Asuntos Econ\u00f3micos en el Foro Global de la Tierra. El indicador m\u00e1s importante<br \/>\npara evaluar el \u00e9xito del Gobierno ser\u00e1 el haber satisfecho las grandes aspiraciones de los pueblos para una reforma agraria genuina y una resoluci\u00f3n de los conflictos de tierras.<\/p>\n<p style=\"text-align: justify\"><em><strong>El Comit\u00e9 Organizador Nacional est\u00e1 compuesto por el Consorcio para la reforma agraria (KPA), el Instituto indonesio de bosques y medio ambiente (RMI), la Red de mapeo participativo (JKPP), el Instituto Sajogyo (SAINS), el Foro indonesio para elmedio ambiente (WALHI Indonesia), la Alianza de los pueblos ind\u00edgenas en el archipi\u00e9lago indonesio (AMAN), la Uni\u00f3n campesina Pasundan (SPP), la Uni\u00f3n campesina Indramayu (STI), la Alianza de campesinos indonesios (API), la Comunidad y Sociedad ecol\u00f3gica para la reforma legislativa (HuMa), el Instituto Epistema y el Comit\u00e9 de derechos humanos de Indonesia para la justicia social (IHCS). <\/strong><\/em><\/p>\n","protected":false},"excerpt":{"rendered":"<p>REDACCI\u00d3N NOTI-AM\u00c9RICA (ECUADOR) UNIDOS POR LOS DERECHOS A LA TIERRA, LA PAZ Y LA JUSTICIA Unirse en torno a la construcci\u00f3n de una gobernanza de la tierra centrada en las personas es la misi\u00f3n&#46;&#46;&#46;<\/p>\n","protected":false},"author":17,"featured_media":2945,"comment_status":"open","ping_status":"open","sticky":false,"template":"","format":"standard","meta":{"_acf_changed":false,"om_disable_all_campaigns":false,"rop_custom_images_group":[],"rop_custom_messages_group":[],"rop_publish_now":"initial","rop_publish_now_accounts":{"twitter_242054905_242054905":""},"rop_publish_now_history":[],"rop_publish_now_status":"pending","_uf_show_specific_survey":0,"_uf_disable_surveys":false,"footnotes":""},"categories":[79],"tags":[],"class_list":["post-2944","post","type-post","status-publish","format-standard","has-post-thumbnail","hentry","category-ambiental"],"acf":[],"aioseo_notices":[],"yoast_head":"<!-- This site is optimized with the Yoast SEO Premium plugin v24.9 (Yoast SEO v27.2) - https:\/\/yoast.com\/product\/yoast-seo-premium-wordpress\/ -->\n<title>DECLARACI\u00d3N DE BANDUNG 2018, UNIDOS POR LOS DERECHOS A LA TIERRA, LA PAZ Y LA JUSTICIA - Ecuador | Noti-America.com<\/title>\n<meta name=\"robots\" content=\"index, follow, max-snippet:-1, max-image-preview:large, max-video-preview:-1\" \/>\n<link rel=\"canonical\" href=\"https:\/\/noti-america.com\/site\/ecuador\/2018\/12\/30\/declaracion-de-bandung-2018-unidos-por-los-derechos-a-la-tierra-la-paz-y-la-justicia\/\" \/>\n<meta property=\"og:locale\" content=\"es_ES\" \/>\n<meta property=\"og:type\" content=\"article\" \/>\n<meta property=\"og:title\" content=\"DECLARACI\u00d3N DE BANDUNG 2018, UNIDOS POR LOS DERECHOS A LA TIERRA, LA PAZ Y LA JUSTICIA\" \/>\n<meta property=\"og:description\" content=\"REDACCI\u00d3N NOTI-AM\u00c9RICA (ECUADOR) UNIDOS POR LOS DERECHOS A LA TIERRA, LA PAZ Y LA JUSTICIA Unirse en torno a la construcci\u00f3n de una gobernanza de la tierra centrada en las personas es la misi\u00f3n&#046;&#046;&#046;\" \/>\n<meta property=\"og:url\" content=\"https:\/\/noti-america.com\/site\/ecuador\/2018\/12\/30\/declaracion-de-bandung-2018-unidos-por-los-derechos-a-la-tierra-la-paz-y-la-justicia\/\" \/>\n<meta property=\"og:site_name\" content=\"Ecuador | Noti-America.com\" \/>\n<meta property=\"article:published_time\" content=\"2018-12-30T18:03:03+00:00\" \/>\n<meta property=\"og:image\" content=\"https:\/\/noti-america.com\/site\/ecuador\/wp-content\/uploads\/sites\/18\/2018\/12\/Foro-de-la-tierra-2018.jpg\" \/>\n\t<meta property=\"og:image:width\" content=\"615\" \/>\n\t<meta property=\"og:image:height\" content=\"196\" \/>\n\t<meta property=\"og:image:type\" content=\"image\/jpeg\" \/>\n<meta name=\"author\" content=\"Gregory Quintana Montiel\" \/>\n<meta name=\"twitter:card\" content=\"summary_large_image\" \/>\n<meta name=\"twitter:creator\" content=\"@gdgregori1\" \/>\n<meta name=\"twitter:site\" content=\"@notiamerica\" \/>\n<meta name=\"twitter:label1\" content=\"Escrito por\" \/>\n\t<meta name=\"twitter:data1\" content=\"Gregory Quintana Montiel\" \/>\n\t<meta name=\"twitter:label2\" content=\"Tiempo estimado de lectura\" \/>\n\t<meta name=\"twitter:data2\" content=\"14 minutos\" \/>\n<script type=\"application\/ld+json\" class=\"yoast-schema-graph\">{\"@context\":\"https:\/\/schema.org\",\"@graph\":[{\"@type\":\"Article\",\"@id\":\"https:\/\/noti-america.com\/site\/ecuador\/2018\/12\/30\/declaracion-de-bandung-2018-unidos-por-los-derechos-a-la-tierra-la-paz-y-la-justicia\/#article\",\"isPartOf\":{\"@id\":\"https:\/\/noti-america.com\/site\/ecuador\/2018\/12\/30\/declaracion-de-bandung-2018-unidos-por-los-derechos-a-la-tierra-la-paz-y-la-justicia\/\"},\"author\":{\"name\":\"Gregory Quintana Montiel\",\"@id\":\"https:\/\/noti-america.com\/site\/ecuador\/#\/schema\/person\/3b975e42f15abfe64bfe3abdd916efda\"},\"headline\":\"DECLARACI\u00d3N DE BANDUNG 2018, UNIDOS POR LOS DERECHOS A LA TIERRA, LA PAZ Y LA JUSTICIA\",\"datePublished\":\"2018-12-30T18:03:03+00:00\",\"mainEntityOfPage\":{\"@id\":\"https:\/\/noti-america.com\/site\/ecuador\/2018\/12\/30\/declaracion-de-bandung-2018-unidos-por-los-derechos-a-la-tierra-la-paz-y-la-justicia\/\"},\"wordCount\":2748,\"commentCount\":0,\"publisher\":{\"@id\":\"https:\/\/noti-america.com\/site\/ecuador\/#organization\"},\"image\":{\"@id\":\"https:\/\/noti-america.com\/site\/ecuador\/2018\/12\/30\/declaracion-de-bandung-2018-unidos-por-los-derechos-a-la-tierra-la-paz-y-la-justicia\/#primaryimage\"},\"thumbnailUrl\":\"https:\/\/noti-america.com\/site\/ecuador\/wp-content\/uploads\/sites\/18\/2018\/12\/Foro-de-la-tierra-2018.jpg\",\"articleSection\":[\"Ambiental\"],\"inLanguage\":\"es\",\"potentialAction\":[{\"@type\":\"CommentAction\",\"name\":\"Comment\",\"target\":[\"https:\/\/noti-america.com\/site\/ecuador\/2018\/12\/30\/declaracion-de-bandung-2018-unidos-por-los-derechos-a-la-tierra-la-paz-y-la-justicia\/#respond\"]}]},{\"@type\":\"WebPage\",\"@id\":\"https:\/\/noti-america.com\/site\/ecuador\/2018\/12\/30\/declaracion-de-bandung-2018-unidos-por-los-derechos-a-la-tierra-la-paz-y-la-justicia\/\",\"url\":\"https:\/\/noti-america.com\/site\/ecuador\/2018\/12\/30\/declaracion-de-bandung-2018-unidos-por-los-derechos-a-la-tierra-la-paz-y-la-justicia\/\",\"name\":\"DECLARACI\u00d3N DE BANDUNG 2018, UNIDOS POR LOS DERECHOS A LA TIERRA, LA PAZ Y LA JUSTICIA - Ecuador | Noti-America.com\",\"isPartOf\":{\"@id\":\"https:\/\/noti-america.com\/site\/ecuador\/#website\"},\"primaryImageOfPage\":{\"@id\":\"https:\/\/noti-america.com\/site\/ecuador\/2018\/12\/30\/declaracion-de-bandung-2018-unidos-por-los-derechos-a-la-tierra-la-paz-y-la-justicia\/#primaryimage\"},\"image\":{\"@id\":\"https:\/\/noti-america.com\/site\/ecuador\/2018\/12\/30\/declaracion-de-bandung-2018-unidos-por-los-derechos-a-la-tierra-la-paz-y-la-justicia\/#primaryimage\"},\"thumbnailUrl\":\"https:\/\/noti-america.com\/site\/ecuador\/wp-content\/uploads\/sites\/18\/2018\/12\/Foro-de-la-tierra-2018.jpg\",\"datePublished\":\"2018-12-30T18:03:03+00:00\",\"breadcrumb\":{\"@id\":\"https:\/\/noti-america.com\/site\/ecuador\/2018\/12\/30\/declaracion-de-bandung-2018-unidos-por-los-derechos-a-la-tierra-la-paz-y-la-justicia\/#breadcrumb\"},\"inLanguage\":\"es\",\"potentialAction\":[{\"@type\":\"ReadAction\",\"target\":[\"https:\/\/noti-america.com\/site\/ecuador\/2018\/12\/30\/declaracion-de-bandung-2018-unidos-por-los-derechos-a-la-tierra-la-paz-y-la-justicia\/\"]}]},{\"@type\":\"ImageObject\",\"inLanguage\":\"es\",\"@id\":\"https:\/\/noti-america.com\/site\/ecuador\/2018\/12\/30\/declaracion-de-bandung-2018-unidos-por-los-derechos-a-la-tierra-la-paz-y-la-justicia\/#primaryimage\",\"url\":\"https:\/\/noti-america.com\/site\/ecuador\/wp-content\/uploads\/sites\/18\/2018\/12\/Foro-de-la-tierra-2018.jpg\",\"contentUrl\":\"https:\/\/noti-america.com\/site\/ecuador\/wp-content\/uploads\/sites\/18\/2018\/12\/Foro-de-la-tierra-2018.jpg\",\"width\":615,\"height\":196,\"caption\":\"UNIDOS POR LOS DERECHOS A LA TIERRA, LA PAZ Y LA JUSTICIA\"},{\"@type\":\"BreadcrumbList\",\"@id\":\"https:\/\/noti-america.com\/site\/ecuador\/2018\/12\/30\/declaracion-de-bandung-2018-unidos-por-los-derechos-a-la-tierra-la-paz-y-la-justicia\/#breadcrumb\",\"itemListElement\":[{\"@type\":\"ListItem\",\"position\":1,\"name\":\"Portada\",\"item\":\"https:\/\/noti-america.com\/site\/ecuador\/\"},{\"@type\":\"ListItem\",\"position\":2,\"name\":\"DECLARACI\u00d3N DE BANDUNG 2018, UNIDOS POR LOS DERECHOS A LA TIERRA, LA PAZ Y LA JUSTICIA\"}]},{\"@type\":\"WebSite\",\"@id\":\"https:\/\/noti-america.com\/site\/ecuador\/#website\",\"url\":\"https:\/\/noti-america.com\/site\/ecuador\/\",\"name\":\"Ecuador | Noti-America.com\",\"description\":\"\",\"publisher\":{\"@id\":\"https:\/\/noti-america.com\/site\/ecuador\/#organization\"},\"potentialAction\":[{\"@type\":\"SearchAction\",\"target\":{\"@type\":\"EntryPoint\",\"urlTemplate\":\"https:\/\/noti-america.com\/site\/ecuador\/?s={search_term_string}\"},\"query-input\":{\"@type\":\"PropertyValueSpecification\",\"valueRequired\":true,\"valueName\":\"search_term_string\"}}],\"inLanguage\":\"es\"},{\"@type\":\"Organization\",\"@id\":\"https:\/\/noti-america.com\/site\/ecuador\/#organization\",\"name\":\"Noti-America LLC | Ecuador\",\"url\":\"https:\/\/noti-america.com\/site\/ecuador\/\",\"logo\":{\"@type\":\"ImageObject\",\"inLanguage\":\"es\",\"@id\":\"https:\/\/noti-america.com\/site\/ecuador\/#\/schema\/logo\/image\/\",\"url\":\"https:\/\/noti-america.com\/site\/ecuador\/wp-content\/uploads\/sites\/18\/2020\/07\/LogoNA-4x3-1.jpg\",\"contentUrl\":\"https:\/\/noti-america.com\/site\/ecuador\/wp-content\/uploads\/sites\/18\/2020\/07\/LogoNA-4x3-1.jpg\",\"width\":1236,\"height\":1080,\"caption\":\"Noti-America LLC | Ecuador\"},\"image\":{\"@id\":\"https:\/\/noti-america.com\/site\/ecuador\/#\/schema\/logo\/image\/\"},\"sameAs\":[\"https:\/\/x.com\/notiamerica\"]},{\"@type\":\"Person\",\"@id\":\"https:\/\/noti-america.com\/site\/ecuador\/#\/schema\/person\/3b975e42f15abfe64bfe3abdd916efda\",\"name\":\"Gregory Quintana Montiel\",\"image\":{\"@type\":\"ImageObject\",\"inLanguage\":\"es\",\"@id\":\"https:\/\/secure.gravatar.com\/avatar\/2d6b802f7720c2ec7744dcbe608cc2f3417aeb964d58b443c6d612b77531de1d?s=96&d=mm&r=g\",\"url\":\"https:\/\/secure.gravatar.com\/avatar\/2d6b802f7720c2ec7744dcbe608cc2f3417aeb964d58b443c6d612b77531de1d?s=96&d=mm&r=g\",\"contentUrl\":\"https:\/\/secure.gravatar.com\/avatar\/2d6b802f7720c2ec7744dcbe608cc2f3417aeb964d58b443c6d612b77531de1d?s=96&d=mm&r=g\",\"caption\":\"Gregory Quintana Montiel\"},\"description\":\"Licenciatura en Ciencias de la Comunicaci\u00f3n Social, egresado en la Especializaci\u00f3n Derecho Ambiental Desarrollo Sostenible y Sustentable, Miembro de la Comunidad de profesionales y experto para Latinoam\u00e9rica y el Caribe en Gesti\u00f3n por Resultado en el Desarrollo (COPLAC - GpRD) del Banco Interamericano de Desarrollo, experiencia en medios radiales y escritos.\",\"sameAs\":[\"https:\/\/x.com\/gdgregori1\",\"gquintana\"],\"url\":\"https:\/\/noti-america.com\/site\/ecuador\/author\/gquintana\/\"}]}<\/script>\n<!-- \/ Yoast SEO Premium plugin. -->","yoast_head_json":{"title":"DECLARACI\u00d3N DE BANDUNG 2018, UNIDOS POR LOS DERECHOS A LA TIERRA, LA PAZ Y LA JUSTICIA - Ecuador | Noti-America.com","robots":{"index":"index","follow":"follow","max-snippet":"max-snippet:-1","max-image-preview":"max-image-preview:large","max-video-preview":"max-video-preview:-1"},"canonical":"https:\/\/noti-america.com\/site\/ecuador\/2018\/12\/30\/declaracion-de-bandung-2018-unidos-por-los-derechos-a-la-tierra-la-paz-y-la-justicia\/","og_locale":"es_ES","og_type":"article","og_title":"DECLARACI\u00d3N DE BANDUNG 2018, UNIDOS POR LOS DERECHOS A LA TIERRA, LA PAZ Y LA JUSTICIA","og_description":"REDACCI\u00d3N NOTI-AM\u00c9RICA (ECUADOR) UNIDOS POR LOS DERECHOS A LA TIERRA, LA PAZ Y LA JUSTICIA Unirse en torno a la construcci\u00f3n de una gobernanza de la tierra centrada en las personas es la misi\u00f3n&#46;&#46;&#46;","og_url":"https:\/\/noti-america.com\/site\/ecuador\/2018\/12\/30\/declaracion-de-bandung-2018-unidos-por-los-derechos-a-la-tierra-la-paz-y-la-justicia\/","og_site_name":"Ecuador | Noti-America.com","article_published_time":"2018-12-30T18:03:03+00:00","og_image":[{"width":615,"height":196,"url":"https:\/\/noti-america.com\/site\/ecuador\/wp-content\/uploads\/sites\/18\/2018\/12\/Foro-de-la-tierra-2018.jpg","type":"image\/jpeg"}],"author":"Gregory Quintana Montiel","twitter_card":"summary_large_image","twitter_creator":"@gdgregori1","twitter_site":"@notiamerica","twitter_misc":{"Escrito por":"Gregory Quintana Montiel","Tiempo estimado de lectura":"14 minutos"},"schema":{"@context":"https:\/\/schema.org","@graph":[{"@type":"Article","@id":"https:\/\/noti-america.com\/site\/ecuador\/2018\/12\/30\/declaracion-de-bandung-2018-unidos-por-los-derechos-a-la-tierra-la-paz-y-la-justicia\/#article","isPartOf":{"@id":"https:\/\/noti-america.com\/site\/ecuador\/2018\/12\/30\/declaracion-de-bandung-2018-unidos-por-los-derechos-a-la-tierra-la-paz-y-la-justicia\/"},"author":{"name":"Gregory Quintana Montiel","@id":"https:\/\/noti-america.com\/site\/ecuador\/#\/schema\/person\/3b975e42f15abfe64bfe3abdd916efda"},"headline":"DECLARACI\u00d3N DE BANDUNG 2018, UNIDOS POR LOS DERECHOS A LA TIERRA, LA PAZ Y LA JUSTICIA","datePublished":"2018-12-30T18:03:03+00:00","mainEntityOfPage":{"@id":"https:\/\/noti-america.com\/site\/ecuador\/2018\/12\/30\/declaracion-de-bandung-2018-unidos-por-los-derechos-a-la-tierra-la-paz-y-la-justicia\/"},"wordCount":2748,"commentCount":0,"publisher":{"@id":"https:\/\/noti-america.com\/site\/ecuador\/#organization"},"image":{"@id":"https:\/\/noti-america.com\/site\/ecuador\/2018\/12\/30\/declaracion-de-bandung-2018-unidos-por-los-derechos-a-la-tierra-la-paz-y-la-justicia\/#primaryimage"},"thumbnailUrl":"https:\/\/noti-america.com\/site\/ecuador\/wp-content\/uploads\/sites\/18\/2018\/12\/Foro-de-la-tierra-2018.jpg","articleSection":["Ambiental"],"inLanguage":"es","potentialAction":[{"@type":"CommentAction","name":"Comment","target":["https:\/\/noti-america.com\/site\/ecuador\/2018\/12\/30\/declaracion-de-bandung-2018-unidos-por-los-derechos-a-la-tierra-la-paz-y-la-justicia\/#respond"]}]},{"@type":"WebPage","@id":"https:\/\/noti-america.com\/site\/ecuador\/2018\/12\/30\/declaracion-de-bandung-2018-unidos-por-los-derechos-a-la-tierra-la-paz-y-la-justicia\/","url":"https:\/\/noti-america.com\/site\/ecuador\/2018\/12\/30\/declaracion-de-bandung-2018-unidos-por-los-derechos-a-la-tierra-la-paz-y-la-justicia\/","name":"DECLARACI\u00d3N DE BANDUNG 2018, UNIDOS POR LOS DERECHOS A LA TIERRA, LA PAZ Y LA JUSTICIA - Ecuador | Noti-America.com","isPartOf":{"@id":"https:\/\/noti-america.com\/site\/ecuador\/#website"},"primaryImageOfPage":{"@id":"https:\/\/noti-america.com\/site\/ecuador\/2018\/12\/30\/declaracion-de-bandung-2018-unidos-por-los-derechos-a-la-tierra-la-paz-y-la-justicia\/#primaryimage"},"image":{"@id":"https:\/\/noti-america.com\/site\/ecuador\/2018\/12\/30\/declaracion-de-bandung-2018-unidos-por-los-derechos-a-la-tierra-la-paz-y-la-justicia\/#primaryimage"},"thumbnailUrl":"https:\/\/noti-america.com\/site\/ecuador\/wp-content\/uploads\/sites\/18\/2018\/12\/Foro-de-la-tierra-2018.jpg","datePublished":"2018-12-30T18:03:03+00:00","breadcrumb":{"@id":"https:\/\/noti-america.com\/site\/ecuador\/2018\/12\/30\/declaracion-de-bandung-2018-unidos-por-los-derechos-a-la-tierra-la-paz-y-la-justicia\/#breadcrumb"},"inLanguage":"es","potentialAction":[{"@type":"ReadAction","target":["https:\/\/noti-america.com\/site\/ecuador\/2018\/12\/30\/declaracion-de-bandung-2018-unidos-por-los-derechos-a-la-tierra-la-paz-y-la-justicia\/"]}]},{"@type":"ImageObject","inLanguage":"es","@id":"https:\/\/noti-america.com\/site\/ecuador\/2018\/12\/30\/declaracion-de-bandung-2018-unidos-por-los-derechos-a-la-tierra-la-paz-y-la-justicia\/#primaryimage","url":"https:\/\/noti-america.com\/site\/ecuador\/wp-content\/uploads\/sites\/18\/2018\/12\/Foro-de-la-tierra-2018.jpg","contentUrl":"https:\/\/noti-america.com\/site\/ecuador\/wp-content\/uploads\/sites\/18\/2018\/12\/Foro-de-la-tierra-2018.jpg","width":615,"height":196,"caption":"UNIDOS POR LOS DERECHOS A LA TIERRA, LA PAZ Y LA JUSTICIA"},{"@type":"BreadcrumbList","@id":"https:\/\/noti-america.com\/site\/ecuador\/2018\/12\/30\/declaracion-de-bandung-2018-unidos-por-los-derechos-a-la-tierra-la-paz-y-la-justicia\/#breadcrumb","itemListElement":[{"@type":"ListItem","position":1,"name":"Portada","item":"https:\/\/noti-america.com\/site\/ecuador\/"},{"@type":"ListItem","position":2,"name":"DECLARACI\u00d3N DE BANDUNG 2018, UNIDOS POR LOS DERECHOS A LA TIERRA, LA PAZ Y LA JUSTICIA"}]},{"@type":"WebSite","@id":"https:\/\/noti-america.com\/site\/ecuador\/#website","url":"https:\/\/noti-america.com\/site\/ecuador\/","name":"Ecuador | Noti-America.com","description":"","publisher":{"@id":"https:\/\/noti-america.com\/site\/ecuador\/#organization"},"potentialAction":[{"@type":"SearchAction","target":{"@type":"EntryPoint","urlTemplate":"https:\/\/noti-america.com\/site\/ecuador\/?s={search_term_string}"},"query-input":{"@type":"PropertyValueSpecification","valueRequired":true,"valueName":"search_term_string"}}],"inLanguage":"es"},{"@type":"Organization","@id":"https:\/\/noti-america.com\/site\/ecuador\/#organization","name":"Noti-America LLC | Ecuador","url":"https:\/\/noti-america.com\/site\/ecuador\/","logo":{"@type":"ImageObject","inLanguage":"es","@id":"https:\/\/noti-america.com\/site\/ecuador\/#\/schema\/logo\/image\/","url":"https:\/\/noti-america.com\/site\/ecuador\/wp-content\/uploads\/sites\/18\/2020\/07\/LogoNA-4x3-1.jpg","contentUrl":"https:\/\/noti-america.com\/site\/ecuador\/wp-content\/uploads\/sites\/18\/2020\/07\/LogoNA-4x3-1.jpg","width":1236,"height":1080,"caption":"Noti-America LLC | Ecuador"},"image":{"@id":"https:\/\/noti-america.com\/site\/ecuador\/#\/schema\/logo\/image\/"},"sameAs":["https:\/\/x.com\/notiamerica"]},{"@type":"Person","@id":"https:\/\/noti-america.com\/site\/ecuador\/#\/schema\/person\/3b975e42f15abfe64bfe3abdd916efda","name":"Gregory Quintana Montiel","image":{"@type":"ImageObject","inLanguage":"es","@id":"https:\/\/secure.gravatar.com\/avatar\/2d6b802f7720c2ec7744dcbe608cc2f3417aeb964d58b443c6d612b77531de1d?s=96&d=mm&r=g","url":"https:\/\/secure.gravatar.com\/avatar\/2d6b802f7720c2ec7744dcbe608cc2f3417aeb964d58b443c6d612b77531de1d?s=96&d=mm&r=g","contentUrl":"https:\/\/secure.gravatar.com\/avatar\/2d6b802f7720c2ec7744dcbe608cc2f3417aeb964d58b443c6d612b77531de1d?s=96&d=mm&r=g","caption":"Gregory Quintana Montiel"},"description":"Licenciatura en Ciencias de la Comunicaci\u00f3n Social, egresado en la Especializaci\u00f3n Derecho Ambiental Desarrollo Sostenible y Sustentable, Miembro de la Comunidad de profesionales y experto para Latinoam\u00e9rica y el Caribe en Gesti\u00f3n por Resultado en el Desarrollo (COPLAC - GpRD) del Banco Interamericano de Desarrollo, experiencia en medios radiales y escritos.","sameAs":["https:\/\/x.com\/gdgregori1","gquintana"],"url":"https:\/\/noti-america.com\/site\/ecuador\/author\/gquintana\/"}]}},"_links":{"self":[{"href":"https:\/\/noti-america.com\/site\/ecuador\/wp-json\/wp\/v2\/posts\/2944","targetHints":{"allow":["GET"]}}],"collection":[{"href":"https:\/\/noti-america.com\/site\/ecuador\/wp-json\/wp\/v2\/posts"}],"about":[{"href":"https:\/\/noti-america.com\/site\/ecuador\/wp-json\/wp\/v2\/types\/post"}],"author":[{"embeddable":true,"href":"https:\/\/noti-america.com\/site\/ecuador\/wp-json\/wp\/v2\/users\/17"}],"replies":[{"embeddable":true,"href":"https:\/\/noti-america.com\/site\/ecuador\/wp-json\/wp\/v2\/comments?post=2944"}],"version-history":[{"count":1,"href":"https:\/\/noti-america.com\/site\/ecuador\/wp-json\/wp\/v2\/posts\/2944\/revisions"}],"predecessor-version":[{"id":2946,"href":"https:\/\/noti-america.com\/site\/ecuador\/wp-json\/wp\/v2\/posts\/2944\/revisions\/2946"}],"wp:featuredmedia":[{"embeddable":true,"href":"https:\/\/noti-america.com\/site\/ecuador\/wp-json\/wp\/v2\/media\/2945"}],"wp:attachment":[{"href":"https:\/\/noti-america.com\/site\/ecuador\/wp-json\/wp\/v2\/media?parent=2944"}],"wp:term":[{"taxonomy":"category","embeddable":true,"href":"https:\/\/noti-america.com\/site\/ecuador\/wp-json\/wp\/v2\/categories?post=2944"},{"taxonomy":"post_tag","embeddable":true,"href":"https:\/\/noti-america.com\/site\/ecuador\/wp-json\/wp\/v2\/tags?post=2944"}],"curies":[{"name":"wp","href":"https:\/\/api.w.org\/{rel}","templated":true}]}}