{"id":29369,"date":"2024-03-19T17:39:31","date_gmt":"2024-03-19T17:39:31","guid":{"rendered":"https:\/\/noti-america.com\/site\/ecuador\/?p=29369"},"modified":"2024-03-19T17:39:31","modified_gmt":"2024-03-19T17:39:31","slug":"las-altas-temperaturas-impulsan-el-mercado-de-la-ventilacion-en-el-pais","status":"publish","type":"post","link":"https:\/\/noti-america.com\/site\/ecuador\/2024\/03\/19\/las-altas-temperaturas-impulsan-el-mercado-de-la-ventilacion-en-el-pais\/","title":{"rendered":"Las altas temperaturas impulsan el mercado de la ventilaci\u00f3n en el pa\u00eds"},"content":{"rendered":"<p><strong>REDACCI\u00d3N NOTI-AM\u00c9RICA (ECUADOR).<\/strong><\/p>\n<p style=\"text-align: justify\"><img loading=\"lazy\" decoding=\"async\" class=\"size-medium wp-image-29370 aligncenter\" src=\"https:\/\/noti-america.com\/site\/ecuador\/wp-content\/uploads\/sites\/18\/2024\/03\/IMG_20240319_122355-300x195.jpg\" alt=\"\" width=\"300\" height=\"195\" srcset=\"https:\/\/noti-america.com\/site\/ecuador\/wp-content\/uploads\/sites\/18\/2024\/03\/IMG_20240319_122355-300x195.jpg 300w, https:\/\/noti-america.com\/site\/ecuador\/wp-content\/uploads\/sites\/18\/2024\/03\/IMG_20240319_122355.jpg 720w\" sizes=\"auto, (max-width: 300px) 100vw, 300px\" \/>La ola de calor registrada desde finales de enero pasado, y que a\u00fan se extiende en la Costa y Amazon\u00eda ecuatoriana, ha ocasionado temperaturas que superan los 34 grados cent\u00edgrados, seg\u00fan el Instituto Nacional de Hidrolog\u00eda y Meteorolog\u00eda (Inamhi).<\/p>\n<p style=\"text-align: justify\">Esa variabilidad clim\u00e1tica, sumada a los cambios que implica el fen\u00f3meno de El Ni\u00f1o, no solamente impacta en la rutina diaria, sino tambi\u00e9n en la econom\u00eda del pa\u00eds. Seg\u00fan la investigadora de mercados Sicex, en 2023 el mercado de la ventilaci\u00f3n en Ecuador creci\u00f3 un 72%.<\/p>\n<p style=\"text-align: justify\">En los \u00faltimos 5 a\u00f1os, la categor\u00eda de ventiladores ha experimentado un crecimiento constante en el pa\u00eds. Su portabilidad, eficiencia energ\u00e9tica y bajo costo los convierten en una alternativa ideal para combatir el calor, explica Luz \u00c1ngela Alzate, gerente de la marca Samurai.<\/p>\n<p style=\"text-align: justify\">Las principales razones que impulsan la preferencia de los ventiladores desde la perspectiva de ejecutiva, son:<\/p>\n<ul style=\"text-align: justify\">\n<li><strong>Portabilidad<\/strong>: Se pueden usar en cualquier habitaci\u00f3n de la casa o incluso al aire libre.<\/li>\n<li><strong> Eficiencia energ\u00e9tica:<\/strong> Consumen menos energ\u00eda que otros sistemas de climatizaci\u00f3n.<\/li>\n<li><strong> Bajo costo:<\/strong> Son una opci\u00f3n econ\u00f3mica y accesible para todos los presupuestos.<\/li>\n<li><strong>Sostenibilidad:<\/strong> Contribuyen a la preservaci\u00f3n del medio ambiente.<\/li>\n<\/ul>\n<p style=\"text-align: justify\">En el caso de Samurai, de acuerdo con los datos de SICEX, la marca lider\u00f3 la importaci\u00f3n de ventiladores a trav\u00e9s de Groupe SEB Andean, con una participaci\u00f3n del 40% sobre el total de importaciones.<\/p>\n<p style=\"text-align: justify\">La tecnolog\u00eda detr\u00e1s de los ventiladores es uno de los factores que impulsa el liderazgo de Samurai, al combinar las materias primas con altos est\u00e1ndares de calidad como mallas, aspas y motores, con un dise\u00f1o que logra un desempe\u00f1o superior y un m\u00ednimo nivel de ruido.<\/p>\n<p style=\"text-align: justify\">Samurai es un producto de origen colombiano, que se fabrica en la planta de Cajic\u00e1, ubicada cerca de Bogot\u00e1.<\/p>\n","protected":false},"excerpt":{"rendered":"<p>REDACCI\u00d3N NOTI-AM\u00c9RICA (ECUADOR). La ola de calor registrada desde finales de enero pasado, y que a\u00fan se extiende en la Costa y Amazon\u00eda ecuatoriana, ha ocasionado temperaturas que superan los 34 grados cent\u00edgrados, seg\u00fan&#46;&#46;&#46;<\/p>\n","protected":false},"author":144,"featured_media":29370,"comment_status":"open","ping_status":"open","sticky":false,"template":"","format":"standard","meta":{"_acf_changed":false,"om_disable_all_campaigns":false,"rop_custom_images_group":[],"rop_custom_messages_group":[],"rop_publish_now":"initial","rop_publish_now_accounts":{"twitter_242054905_242054905":""},"rop_publish_now_history":[],"rop_publish_now_status":"pending","_uf_show_specific_survey":0,"_uf_disable_surveys":false,"footnotes":""},"categories":[42],"tags":[],"class_list":["post-29369","post","type-post","status-publish","format-standard","has-post-thumbnail","hentry","category-noticias"],"acf":[],"aioseo_notices":[],"yoast_head":"<!-- This site is optimized with the Yoast SEO Premium plugin v24.9 (Yoast SEO v27.2) - https:\/\/yoast.com\/product\/yoast-seo-premium-wordpress\/ -->\n<title>Las altas temperaturas impulsan el mercado de la ventilaci\u00f3n en el pa\u00eds - Ecuador | Noti-America.com<\/title>\n<meta name=\"robots\" content=\"index, follow, max-snippet:-1, max-image-preview:large, max-video-preview:-1\" \/>\n<link rel=\"canonical\" href=\"https:\/\/noti-america.com\/site\/ecuador\/2024\/03\/19\/las-altas-temperaturas-impulsan-el-mercado-de-la-ventilacion-en-el-pais\/\" \/>\n<meta property=\"og:locale\" content=\"es_ES\" \/>\n<meta property=\"og:type\" content=\"article\" \/>\n<meta property=\"og:title\" content=\"Las altas temperaturas impulsan el mercado de la ventilaci\u00f3n en el pa\u00eds\" \/>\n<meta property=\"og:description\" content=\"REDACCI\u00d3N NOTI-AM\u00c9RICA (ECUADOR). La ola de calor registrada desde finales de enero pasado, y que a\u00fan se extiende en la Costa y Amazon\u00eda ecuatoriana, ha ocasionado temperaturas que superan los 34 grados cent\u00edgrados, seg\u00fan&#046;&#046;&#046;\" \/>\n<meta property=\"og:url\" content=\"https:\/\/noti-america.com\/site\/ecuador\/2024\/03\/19\/las-altas-temperaturas-impulsan-el-mercado-de-la-ventilacion-en-el-pais\/\" \/>\n<meta property=\"og:site_name\" content=\"Ecuador | Noti-America.com\" \/>\n<meta property=\"article:published_time\" content=\"2024-03-19T17:39:31+00:00\" \/>\n<meta property=\"og:image\" content=\"https:\/\/noti-america.com\/site\/ecuador\/wp-content\/uploads\/sites\/18\/2024\/03\/IMG_20240319_122355.jpg\" \/>\n\t<meta property=\"og:image:width\" content=\"720\" \/>\n\t<meta property=\"og:image:height\" content=\"468\" \/>\n\t<meta property=\"og:image:type\" content=\"image\/jpeg\" \/>\n<meta name=\"author\" content=\"Henry Garrido\" \/>\n<meta name=\"twitter:card\" content=\"summary_large_image\" \/>\n<meta name=\"twitter:creator\" content=\"@notiamerica\" \/>\n<meta name=\"twitter:site\" content=\"@notiamerica\" \/>\n<meta name=\"twitter:label1\" content=\"Escrito por\" \/>\n\t<meta name=\"twitter:data1\" content=\"Henry Garrido\" \/>\n\t<meta name=\"twitter:label2\" content=\"Tiempo estimado de lectura\" \/>\n\t<meta name=\"twitter:data2\" content=\"2 minutos\" \/>\n<script type=\"application\/ld+json\" class=\"yoast-schema-graph\">{\"@context\":\"https:\/\/schema.org\",\"@graph\":[{\"@type\":\"Article\",\"@id\":\"https:\/\/noti-america.com\/site\/ecuador\/2024\/03\/19\/las-altas-temperaturas-impulsan-el-mercado-de-la-ventilacion-en-el-pais\/#article\",\"isPartOf\":{\"@id\":\"https:\/\/noti-america.com\/site\/ecuador\/2024\/03\/19\/las-altas-temperaturas-impulsan-el-mercado-de-la-ventilacion-en-el-pais\/\"},\"author\":{\"name\":\"Henry Garrido\",\"@id\":\"https:\/\/noti-america.com\/site\/ecuador\/#\/schema\/person\/00042412cfa9ecf98077f847ffadda4a\"},\"headline\":\"Las altas temperaturas impulsan el mercado de la ventilaci\u00f3n en el pa\u00eds\",\"datePublished\":\"2024-03-19T17:39:31+00:00\",\"mainEntityOfPage\":{\"@id\":\"https:\/\/noti-america.com\/site\/ecuador\/2024\/03\/19\/las-altas-temperaturas-impulsan-el-mercado-de-la-ventilacion-en-el-pais\/\"},\"wordCount\":337,\"commentCount\":0,\"publisher\":{\"@id\":\"https:\/\/noti-america.com\/site\/ecuador\/#organization\"},\"image\":{\"@id\":\"https:\/\/noti-america.com\/site\/ecuador\/2024\/03\/19\/las-altas-temperaturas-impulsan-el-mercado-de-la-ventilacion-en-el-pais\/#primaryimage\"},\"thumbnailUrl\":\"https:\/\/noti-america.com\/site\/ecuador\/wp-content\/uploads\/sites\/18\/2024\/03\/IMG_20240319_122355.jpg\",\"articleSection\":[\"Noticias\"],\"inLanguage\":\"es\",\"potentialAction\":[{\"@type\":\"CommentAction\",\"name\":\"Comment\",\"target\":[\"https:\/\/noti-america.com\/site\/ecuador\/2024\/03\/19\/las-altas-temperaturas-impulsan-el-mercado-de-la-ventilacion-en-el-pais\/#respond\"]}]},{\"@type\":\"WebPage\",\"@id\":\"https:\/\/noti-america.com\/site\/ecuador\/2024\/03\/19\/las-altas-temperaturas-impulsan-el-mercado-de-la-ventilacion-en-el-pais\/\",\"url\":\"https:\/\/noti-america.com\/site\/ecuador\/2024\/03\/19\/las-altas-temperaturas-impulsan-el-mercado-de-la-ventilacion-en-el-pais\/\",\"name\":\"Las altas temperaturas impulsan el mercado de la ventilaci\u00f3n en el pa\u00eds - Ecuador | Noti-America.com\",\"isPartOf\":{\"@id\":\"https:\/\/noti-america.com\/site\/ecuador\/#website\"},\"primaryImageOfPage\":{\"@id\":\"https:\/\/noti-america.com\/site\/ecuador\/2024\/03\/19\/las-altas-temperaturas-impulsan-el-mercado-de-la-ventilacion-en-el-pais\/#primaryimage\"},\"image\":{\"@id\":\"https:\/\/noti-america.com\/site\/ecuador\/2024\/03\/19\/las-altas-temperaturas-impulsan-el-mercado-de-la-ventilacion-en-el-pais\/#primaryimage\"},\"thumbnailUrl\":\"https:\/\/noti-america.com\/site\/ecuador\/wp-content\/uploads\/sites\/18\/2024\/03\/IMG_20240319_122355.jpg\",\"datePublished\":\"2024-03-19T17:39:31+00:00\",\"breadcrumb\":{\"@id\":\"https:\/\/noti-america.com\/site\/ecuador\/2024\/03\/19\/las-altas-temperaturas-impulsan-el-mercado-de-la-ventilacion-en-el-pais\/#breadcrumb\"},\"inLanguage\":\"es\",\"potentialAction\":[{\"@type\":\"ReadAction\",\"target\":[\"https:\/\/noti-america.com\/site\/ecuador\/2024\/03\/19\/las-altas-temperaturas-impulsan-el-mercado-de-la-ventilacion-en-el-pais\/\"]}]},{\"@type\":\"ImageObject\",\"inLanguage\":\"es\",\"@id\":\"https:\/\/noti-america.com\/site\/ecuador\/2024\/03\/19\/las-altas-temperaturas-impulsan-el-mercado-de-la-ventilacion-en-el-pais\/#primaryimage\",\"url\":\"https:\/\/noti-america.com\/site\/ecuador\/wp-content\/uploads\/sites\/18\/2024\/03\/IMG_20240319_122355.jpg\",\"contentUrl\":\"https:\/\/noti-america.com\/site\/ecuador\/wp-content\/uploads\/sites\/18\/2024\/03\/IMG_20240319_122355.jpg\",\"width\":720,\"height\":468},{\"@type\":\"BreadcrumbList\",\"@id\":\"https:\/\/noti-america.com\/site\/ecuador\/2024\/03\/19\/las-altas-temperaturas-impulsan-el-mercado-de-la-ventilacion-en-el-pais\/#breadcrumb\",\"itemListElement\":[{\"@type\":\"ListItem\",\"position\":1,\"name\":\"Portada\",\"item\":\"https:\/\/noti-america.com\/site\/ecuador\/\"},{\"@type\":\"ListItem\",\"position\":2,\"name\":\"Las altas temperaturas impulsan el mercado de la ventilaci\u00f3n en el pa\u00eds\"}]},{\"@type\":\"WebSite\",\"@id\":\"https:\/\/noti-america.com\/site\/ecuador\/#website\",\"url\":\"https:\/\/noti-america.com\/site\/ecuador\/\",\"name\":\"Ecuador | Noti-America.com\",\"description\":\"\",\"publisher\":{\"@id\":\"https:\/\/noti-america.com\/site\/ecuador\/#organization\"},\"potentialAction\":[{\"@type\":\"SearchAction\",\"target\":{\"@type\":\"EntryPoint\",\"urlTemplate\":\"https:\/\/noti-america.com\/site\/ecuador\/?s={search_term_string}\"},\"query-input\":{\"@type\":\"PropertyValueSpecification\",\"valueRequired\":true,\"valueName\":\"search_term_string\"}}],\"inLanguage\":\"es\"},{\"@type\":\"Organization\",\"@id\":\"https:\/\/noti-america.com\/site\/ecuador\/#organization\",\"name\":\"Noti-America LLC | Ecuador\",\"url\":\"https:\/\/noti-america.com\/site\/ecuador\/\",\"logo\":{\"@type\":\"ImageObject\",\"inLanguage\":\"es\",\"@id\":\"https:\/\/noti-america.com\/site\/ecuador\/#\/schema\/logo\/image\/\",\"url\":\"https:\/\/noti-america.com\/site\/ecuador\/wp-content\/uploads\/sites\/18\/2020\/07\/LogoNA-4x3-1.jpg\",\"contentUrl\":\"https:\/\/noti-america.com\/site\/ecuador\/wp-content\/uploads\/sites\/18\/2020\/07\/LogoNA-4x3-1.jpg\",\"width\":1236,\"height\":1080,\"caption\":\"Noti-America LLC | Ecuador\"},\"image\":{\"@id\":\"https:\/\/noti-america.com\/site\/ecuador\/#\/schema\/logo\/image\/\"},\"sameAs\":[\"https:\/\/x.com\/notiamerica\"]},{\"@type\":\"Person\",\"@id\":\"https:\/\/noti-america.com\/site\/ecuador\/#\/schema\/person\/00042412cfa9ecf98077f847ffadda4a\",\"name\":\"Henry Garrido\",\"image\":{\"@type\":\"ImageObject\",\"inLanguage\":\"es\",\"@id\":\"https:\/\/secure.gravatar.com\/avatar\/749ae5a1e6f22cf042f04b9f3f0a22732ae36970ccfd5c54a0a2ac3c4e1166ed?s=96&d=mm&r=g\",\"url\":\"https:\/\/secure.gravatar.com\/avatar\/749ae5a1e6f22cf042f04b9f3f0a22732ae36970ccfd5c54a0a2ac3c4e1166ed?s=96&d=mm&r=g\",\"contentUrl\":\"https:\/\/secure.gravatar.com\/avatar\/749ae5a1e6f22cf042f04b9f3f0a22732ae36970ccfd5c54a0a2ac3c4e1166ed?s=96&d=mm&r=g\",\"caption\":\"Henry Garrido\"},\"url\":\"https:\/\/noti-america.com\/site\/ecuador\/author\/hgarrido\/\"}]}<\/script>\n<!-- \/ Yoast SEO Premium plugin. -->","yoast_head_json":{"title":"Las altas temperaturas impulsan el mercado de la ventilaci\u00f3n en el pa\u00eds - Ecuador | Noti-America.com","robots":{"index":"index","follow":"follow","max-snippet":"max-snippet:-1","max-image-preview":"max-image-preview:large","max-video-preview":"max-video-preview:-1"},"canonical":"https:\/\/noti-america.com\/site\/ecuador\/2024\/03\/19\/las-altas-temperaturas-impulsan-el-mercado-de-la-ventilacion-en-el-pais\/","og_locale":"es_ES","og_type":"article","og_title":"Las altas temperaturas impulsan el mercado de la ventilaci\u00f3n en el pa\u00eds","og_description":"REDACCI\u00d3N NOTI-AM\u00c9RICA (ECUADOR). La ola de calor registrada desde finales de enero pasado, y que a\u00fan se extiende en la Costa y Amazon\u00eda ecuatoriana, ha ocasionado temperaturas que superan los 34 grados cent\u00edgrados, seg\u00fan&#46;&#46;&#46;","og_url":"https:\/\/noti-america.com\/site\/ecuador\/2024\/03\/19\/las-altas-temperaturas-impulsan-el-mercado-de-la-ventilacion-en-el-pais\/","og_site_name":"Ecuador | Noti-America.com","article_published_time":"2024-03-19T17:39:31+00:00","og_image":[{"width":720,"height":468,"url":"https:\/\/noti-america.com\/site\/ecuador\/wp-content\/uploads\/sites\/18\/2024\/03\/IMG_20240319_122355.jpg","type":"image\/jpeg"}],"author":"Henry Garrido","twitter_card":"summary_large_image","twitter_creator":"@notiamerica","twitter_site":"@notiamerica","twitter_misc":{"Escrito por":"Henry Garrido","Tiempo estimado de lectura":"2 minutos"},"schema":{"@context":"https:\/\/schema.org","@graph":[{"@type":"Article","@id":"https:\/\/noti-america.com\/site\/ecuador\/2024\/03\/19\/las-altas-temperaturas-impulsan-el-mercado-de-la-ventilacion-en-el-pais\/#article","isPartOf":{"@id":"https:\/\/noti-america.com\/site\/ecuador\/2024\/03\/19\/las-altas-temperaturas-impulsan-el-mercado-de-la-ventilacion-en-el-pais\/"},"author":{"name":"Henry Garrido","@id":"https:\/\/noti-america.com\/site\/ecuador\/#\/schema\/person\/00042412cfa9ecf98077f847ffadda4a"},"headline":"Las altas temperaturas impulsan el mercado de la ventilaci\u00f3n en el pa\u00eds","datePublished":"2024-03-19T17:39:31+00:00","mainEntityOfPage":{"@id":"https:\/\/noti-america.com\/site\/ecuador\/2024\/03\/19\/las-altas-temperaturas-impulsan-el-mercado-de-la-ventilacion-en-el-pais\/"},"wordCount":337,"commentCount":0,"publisher":{"@id":"https:\/\/noti-america.com\/site\/ecuador\/#organization"},"image":{"@id":"https:\/\/noti-america.com\/site\/ecuador\/2024\/03\/19\/las-altas-temperaturas-impulsan-el-mercado-de-la-ventilacion-en-el-pais\/#primaryimage"},"thumbnailUrl":"https:\/\/noti-america.com\/site\/ecuador\/wp-content\/uploads\/sites\/18\/2024\/03\/IMG_20240319_122355.jpg","articleSection":["Noticias"],"inLanguage":"es","potentialAction":[{"@type":"CommentAction","name":"Comment","target":["https:\/\/noti-america.com\/site\/ecuador\/2024\/03\/19\/las-altas-temperaturas-impulsan-el-mercado-de-la-ventilacion-en-el-pais\/#respond"]}]},{"@type":"WebPage","@id":"https:\/\/noti-america.com\/site\/ecuador\/2024\/03\/19\/las-altas-temperaturas-impulsan-el-mercado-de-la-ventilacion-en-el-pais\/","url":"https:\/\/noti-america.com\/site\/ecuador\/2024\/03\/19\/las-altas-temperaturas-impulsan-el-mercado-de-la-ventilacion-en-el-pais\/","name":"Las altas temperaturas impulsan el mercado de la ventilaci\u00f3n en el pa\u00eds - Ecuador | Noti-America.com","isPartOf":{"@id":"https:\/\/noti-america.com\/site\/ecuador\/#website"},"primaryImageOfPage":{"@id":"https:\/\/noti-america.com\/site\/ecuador\/2024\/03\/19\/las-altas-temperaturas-impulsan-el-mercado-de-la-ventilacion-en-el-pais\/#primaryimage"},"image":{"@id":"https:\/\/noti-america.com\/site\/ecuador\/2024\/03\/19\/las-altas-temperaturas-impulsan-el-mercado-de-la-ventilacion-en-el-pais\/#primaryimage"},"thumbnailUrl":"https:\/\/noti-america.com\/site\/ecuador\/wp-content\/uploads\/sites\/18\/2024\/03\/IMG_20240319_122355.jpg","datePublished":"2024-03-19T17:39:31+00:00","breadcrumb":{"@id":"https:\/\/noti-america.com\/site\/ecuador\/2024\/03\/19\/las-altas-temperaturas-impulsan-el-mercado-de-la-ventilacion-en-el-pais\/#breadcrumb"},"inLanguage":"es","potentialAction":[{"@type":"ReadAction","target":["https:\/\/noti-america.com\/site\/ecuador\/2024\/03\/19\/las-altas-temperaturas-impulsan-el-mercado-de-la-ventilacion-en-el-pais\/"]}]},{"@type":"ImageObject","inLanguage":"es","@id":"https:\/\/noti-america.com\/site\/ecuador\/2024\/03\/19\/las-altas-temperaturas-impulsan-el-mercado-de-la-ventilacion-en-el-pais\/#primaryimage","url":"https:\/\/noti-america.com\/site\/ecuador\/wp-content\/uploads\/sites\/18\/2024\/03\/IMG_20240319_122355.jpg","contentUrl":"https:\/\/noti-america.com\/site\/ecuador\/wp-content\/uploads\/sites\/18\/2024\/03\/IMG_20240319_122355.jpg","width":720,"height":468},{"@type":"BreadcrumbList","@id":"https:\/\/noti-america.com\/site\/ecuador\/2024\/03\/19\/las-altas-temperaturas-impulsan-el-mercado-de-la-ventilacion-en-el-pais\/#breadcrumb","itemListElement":[{"@type":"ListItem","position":1,"name":"Portada","item":"https:\/\/noti-america.com\/site\/ecuador\/"},{"@type":"ListItem","position":2,"name":"Las altas temperaturas impulsan el mercado de la ventilaci\u00f3n en el pa\u00eds"}]},{"@type":"WebSite","@id":"https:\/\/noti-america.com\/site\/ecuador\/#website","url":"https:\/\/noti-america.com\/site\/ecuador\/","name":"Ecuador | Noti-America.com","description":"","publisher":{"@id":"https:\/\/noti-america.com\/site\/ecuador\/#organization"},"potentialAction":[{"@type":"SearchAction","target":{"@type":"EntryPoint","urlTemplate":"https:\/\/noti-america.com\/site\/ecuador\/?s={search_term_string}"},"query-input":{"@type":"PropertyValueSpecification","valueRequired":true,"valueName":"search_term_string"}}],"inLanguage":"es"},{"@type":"Organization","@id":"https:\/\/noti-america.com\/site\/ecuador\/#organization","name":"Noti-America LLC | Ecuador","url":"https:\/\/noti-america.com\/site\/ecuador\/","logo":{"@type":"ImageObject","inLanguage":"es","@id":"https:\/\/noti-america.com\/site\/ecuador\/#\/schema\/logo\/image\/","url":"https:\/\/noti-america.com\/site\/ecuador\/wp-content\/uploads\/sites\/18\/2020\/07\/LogoNA-4x3-1.jpg","contentUrl":"https:\/\/noti-america.com\/site\/ecuador\/wp-content\/uploads\/sites\/18\/2020\/07\/LogoNA-4x3-1.jpg","width":1236,"height":1080,"caption":"Noti-America LLC | Ecuador"},"image":{"@id":"https:\/\/noti-america.com\/site\/ecuador\/#\/schema\/logo\/image\/"},"sameAs":["https:\/\/x.com\/notiamerica"]},{"@type":"Person","@id":"https:\/\/noti-america.com\/site\/ecuador\/#\/schema\/person\/00042412cfa9ecf98077f847ffadda4a","name":"Henry Garrido","image":{"@type":"ImageObject","inLanguage":"es","@id":"https:\/\/secure.gravatar.com\/avatar\/749ae5a1e6f22cf042f04b9f3f0a22732ae36970ccfd5c54a0a2ac3c4e1166ed?s=96&d=mm&r=g","url":"https:\/\/secure.gravatar.com\/avatar\/749ae5a1e6f22cf042f04b9f3f0a22732ae36970ccfd5c54a0a2ac3c4e1166ed?s=96&d=mm&r=g","contentUrl":"https:\/\/secure.gravatar.com\/avatar\/749ae5a1e6f22cf042f04b9f3f0a22732ae36970ccfd5c54a0a2ac3c4e1166ed?s=96&d=mm&r=g","caption":"Henry Garrido"},"url":"https:\/\/noti-america.com\/site\/ecuador\/author\/hgarrido\/"}]}},"_links":{"self":[{"href":"https:\/\/noti-america.com\/site\/ecuador\/wp-json\/wp\/v2\/posts\/29369","targetHints":{"allow":["GET"]}}],"collection":[{"href":"https:\/\/noti-america.com\/site\/ecuador\/wp-json\/wp\/v2\/posts"}],"about":[{"href":"https:\/\/noti-america.com\/site\/ecuador\/wp-json\/wp\/v2\/types\/post"}],"author":[{"embeddable":true,"href":"https:\/\/noti-america.com\/site\/ecuador\/wp-json\/wp\/v2\/users\/144"}],"replies":[{"embeddable":true,"href":"https:\/\/noti-america.com\/site\/ecuador\/wp-json\/wp\/v2\/comments?post=29369"}],"version-history":[{"count":1,"href":"https:\/\/noti-america.com\/site\/ecuador\/wp-json\/wp\/v2\/posts\/29369\/revisions"}],"predecessor-version":[{"id":29371,"href":"https:\/\/noti-america.com\/site\/ecuador\/wp-json\/wp\/v2\/posts\/29369\/revisions\/29371"}],"wp:featuredmedia":[{"embeddable":true,"href":"https:\/\/noti-america.com\/site\/ecuador\/wp-json\/wp\/v2\/media\/29370"}],"wp:attachment":[{"href":"https:\/\/noti-america.com\/site\/ecuador\/wp-json\/wp\/v2\/media?parent=29369"}],"wp:term":[{"taxonomy":"category","embeddable":true,"href":"https:\/\/noti-america.com\/site\/ecuador\/wp-json\/wp\/v2\/categories?post=29369"},{"taxonomy":"post_tag","embeddable":true,"href":"https:\/\/noti-america.com\/site\/ecuador\/wp-json\/wp\/v2\/tags?post=29369"}],"curies":[{"name":"wp","href":"https:\/\/api.w.org\/{rel}","templated":true}]}}