{"id":29256,"date":"2024-03-07T15:59:12","date_gmt":"2024-03-07T15:59:12","guid":{"rendered":"https:\/\/noti-america.com\/site\/ecuador\/?p=29256"},"modified":"2024-03-07T15:59:12","modified_gmt":"2024-03-07T15:59:12","slug":"ninos-y-adolescentes-despiertan-su-creatividad-en-cursos-vacacionales","status":"publish","type":"post","link":"https:\/\/noti-america.com\/site\/ecuador\/2024\/03\/07\/ninos-y-adolescentes-despiertan-su-creatividad-en-cursos-vacacionales\/","title":{"rendered":"Ni\u00f1os y adolescentes despiertan su creatividad en cursos vacacionales"},"content":{"rendered":"<p><strong>REDACCI\u00d3N NOTI AM\u00c9RICA (ECUADOR)<\/strong><\/p>\n<div id=\"attachment_29257\" style=\"width: 537px\" class=\"wp-caption alignleft\"><img loading=\"lazy\" decoding=\"async\" aria-describedby=\"caption-attachment-29257\" class=\"wp-image-29257\" src=\"https:\/\/noti-america.com\/site\/ecuador\/wp-content\/uploads\/sites\/18\/2024\/03\/WhatsApp-Image-2024-03-06-at-21.53.09-300x169.jpeg\" alt=\"\" width=\"527\" height=\"297\" srcset=\"https:\/\/noti-america.com\/site\/ecuador\/wp-content\/uploads\/sites\/18\/2024\/03\/WhatsApp-Image-2024-03-06-at-21.53.09-300x169.jpeg 300w, https:\/\/noti-america.com\/site\/ecuador\/wp-content\/uploads\/sites\/18\/2024\/03\/WhatsApp-Image-2024-03-06-at-21.53.09-1024x577.jpeg 1024w, https:\/\/noti-america.com\/site\/ecuador\/wp-content\/uploads\/sites\/18\/2024\/03\/WhatsApp-Image-2024-03-06-at-21.53.09-768x433.jpeg 768w, https:\/\/noti-america.com\/site\/ecuador\/wp-content\/uploads\/sites\/18\/2024\/03\/WhatsApp-Image-2024-03-06-at-21.53.09-1536x866.jpeg 1536w, https:\/\/noti-america.com\/site\/ecuador\/wp-content\/uploads\/sites\/18\/2024\/03\/WhatsApp-Image-2024-03-06-at-21.53.09.jpeg 1600w\" sizes=\"auto, (max-width: 527px) 100vw, 527px\" \/><p id=\"caption-attachment-29257\" class=\"wp-caption-text\">Las actividades ayudan al desarrollo cognitico de los estudiantes.<\/p><\/div>\n<p style=\"text-align: justify\">Llegaron las vacaciones para los alumnos del R\u00e9gimen Costa y los padres de familia buscan que sus hijos aprovechen su tiempo libre con actividades recreativas.<\/p>\n<p style=\"text-align: justify\">Desde el 1 de marzo en la Unidad Educativa Miraflores se abri\u00f3 el \u201cVacacional 2024\u201d dirigido a ni\u00f1os y adolescentes desde los 3 hasta 14 a\u00f1os donde se imparten disciplinas como futbol, v\u00f3ley, nataci\u00f3n, bailoterapia y ajedrez.<\/p>\n<p style=\"text-align: justify\">Como innovaci\u00f3n para este a\u00f1o, los ni\u00f1os y j\u00f3venes despiertan su creatividad y las ideas de emprendimiento a trav\u00e9s de los talleres de Arte, Master Chef, Rob\u00f3tica, Mini Reporteros y Creaci\u00f3n de Contenidos.\u00a0 El objetivo es motivar la\u00a0 investigaci\u00f3n, el aprendizaje por descubrimiento y el trabajo en equipo.<\/p>\n<p style=\"text-align: justify\">Gustavo Peralta de 11 a\u00f1os, explora las t\u00e9cnicas de la entrevista para usar sus redes sociales para contar las historias de su curso. Los estudiantes aprenden sobre el uso educativo de las plataformas en l\u00ednea y el internet.<\/p>\n<p style=\"text-align: justify\">Teresa Toledo, rectora del plantel destaca la motivaci\u00f3n de los participantes por adquirir nuevas destrezas enfocadas en ideas de emprendimientos: \u201cEn los vacacionales se despiertan aquellas habilidades l\u00fadicas y creativas; pero adem\u00e1s, se brinda la posibilidad de modelar algunas iniciativas de emprendimiento \u201d.<\/p>\n<p style=\"text-align: justify\">De igual manera, los peque\u00f1os se muestran interesados en el mundo gastron\u00f3mico y en aprender a cocinar en forma did\u00e1ctica y divertida. Gabriel Araujo de 12 a\u00f1os busca aprender t\u00e9cnicas de pasteler\u00eda para elaborar cup cake y poder comercializarlos en el futuro.<\/p>\n<p style=\"text-align: justify\">\u201cNos basamos en formar a estudiantes lideres, empoderados de sus capacidades, con metas y objetivos para aportar hacia un mejor futuro para el mundo\u201d, indic\u00f3 la rectora.<\/p>\n<p style=\"text-align: justify\">Los vacacionales de la Unidad Educativa Miraflores se extender\u00e1n hasta el 5 de abril.<\/p>\n","protected":false},"excerpt":{"rendered":"<p>REDACCI\u00d3N NOTI AM\u00c9RICA (ECUADOR) Llegaron las vacaciones para los alumnos del R\u00e9gimen Costa y los padres de familia buscan que sus hijos aprovechen su tiempo libre con actividades recreativas. Desde el 1 de marzo&#46;&#46;&#46;<\/p>\n","protected":false},"author":113,"featured_media":29257,"comment_status":"open","ping_status":"open","sticky":false,"template":"","format":"standard","meta":{"_acf_changed":false,"om_disable_all_campaigns":false,"rop_custom_images_group":[],"rop_custom_messages_group":[],"rop_publish_now":"initial","rop_publish_now_accounts":{"twitter_242054905_242054905":""},"rop_publish_now_history":[],"rop_publish_now_status":"pending","_uf_show_specific_survey":0,"_uf_disable_surveys":false,"footnotes":""},"categories":[103],"tags":[],"class_list":["post-29256","post","type-post","status-publish","format-standard","has-post-thumbnail","hentry","category-educacion"],"acf":[],"aioseo_notices":[],"yoast_head":"<!-- This site is optimized with the Yoast SEO Premium plugin v24.9 (Yoast SEO v27.2) - https:\/\/yoast.com\/product\/yoast-seo-premium-wordpress\/ -->\n<title>Ni\u00f1os y adolescentes despiertan su creatividad en cursos vacacionales - Ecuador | Noti-America.com<\/title>\n<meta name=\"robots\" content=\"index, follow, max-snippet:-1, max-image-preview:large, max-video-preview:-1\" \/>\n<link rel=\"canonical\" href=\"https:\/\/noti-america.com\/site\/ecuador\/2024\/03\/07\/ninos-y-adolescentes-despiertan-su-creatividad-en-cursos-vacacionales\/\" \/>\n<meta property=\"og:locale\" content=\"es_ES\" \/>\n<meta property=\"og:type\" content=\"article\" \/>\n<meta property=\"og:title\" content=\"Ni\u00f1os y adolescentes despiertan su creatividad en cursos vacacionales\" \/>\n<meta property=\"og:description\" content=\"REDACCI\u00d3N NOTI AM\u00c9RICA (ECUADOR) Llegaron las vacaciones para los alumnos del R\u00e9gimen Costa y los padres de familia buscan que sus hijos aprovechen su tiempo libre con actividades recreativas. Desde el 1 de marzo&#046;&#046;&#046;\" \/>\n<meta property=\"og:url\" content=\"https:\/\/noti-america.com\/site\/ecuador\/2024\/03\/07\/ninos-y-adolescentes-despiertan-su-creatividad-en-cursos-vacacionales\/\" \/>\n<meta property=\"og:site_name\" content=\"Ecuador | Noti-America.com\" \/>\n<meta property=\"article:published_time\" content=\"2024-03-07T15:59:12+00:00\" \/>\n<meta property=\"og:image\" content=\"https:\/\/noti-america.com\/site\/ecuador\/wp-content\/uploads\/sites\/18\/2024\/03\/WhatsApp-Image-2024-03-06-at-21.53.09.jpeg\" \/>\n\t<meta property=\"og:image:width\" content=\"1600\" \/>\n\t<meta property=\"og:image:height\" content=\"902\" \/>\n\t<meta property=\"og:image:type\" content=\"image\/jpeg\" \/>\n<meta name=\"author\" content=\"Henry Ortiz\" \/>\n<meta name=\"twitter:card\" content=\"summary_large_image\" \/>\n<meta name=\"twitter:creator\" content=\"@notiamerica\" \/>\n<meta name=\"twitter:site\" content=\"@notiamerica\" \/>\n<meta name=\"twitter:label1\" content=\"Escrito por\" \/>\n\t<meta name=\"twitter:data1\" content=\"Henry Ortiz\" \/>\n\t<meta name=\"twitter:label2\" content=\"Tiempo estimado de lectura\" \/>\n\t<meta name=\"twitter:data2\" content=\"2 minutos\" \/>\n<script type=\"application\/ld+json\" class=\"yoast-schema-graph\">{\"@context\":\"https:\/\/schema.org\",\"@graph\":[{\"@type\":\"Article\",\"@id\":\"https:\/\/noti-america.com\/site\/ecuador\/2024\/03\/07\/ninos-y-adolescentes-despiertan-su-creatividad-en-cursos-vacacionales\/#article\",\"isPartOf\":{\"@id\":\"https:\/\/noti-america.com\/site\/ecuador\/2024\/03\/07\/ninos-y-adolescentes-despiertan-su-creatividad-en-cursos-vacacionales\/\"},\"author\":{\"name\":\"Henry Ortiz\",\"@id\":\"https:\/\/noti-america.com\/site\/ecuador\/#\/schema\/person\/b9d1630cc6598af759d45c790a347283\"},\"headline\":\"Ni\u00f1os y adolescentes despiertan su creatividad en cursos vacacionales\",\"datePublished\":\"2024-03-07T15:59:12+00:00\",\"mainEntityOfPage\":{\"@id\":\"https:\/\/noti-america.com\/site\/ecuador\/2024\/03\/07\/ninos-y-adolescentes-despiertan-su-creatividad-en-cursos-vacacionales\/\"},\"wordCount\":324,\"commentCount\":0,\"publisher\":{\"@id\":\"https:\/\/noti-america.com\/site\/ecuador\/#organization\"},\"image\":{\"@id\":\"https:\/\/noti-america.com\/site\/ecuador\/2024\/03\/07\/ninos-y-adolescentes-despiertan-su-creatividad-en-cursos-vacacionales\/#primaryimage\"},\"thumbnailUrl\":\"https:\/\/noti-america.com\/site\/ecuador\/wp-content\/uploads\/sites\/18\/2024\/03\/WhatsApp-Image-2024-03-06-at-21.53.09.jpeg\",\"articleSection\":[\"Educaci\u00f3n\"],\"inLanguage\":\"es\",\"potentialAction\":[{\"@type\":\"CommentAction\",\"name\":\"Comment\",\"target\":[\"https:\/\/noti-america.com\/site\/ecuador\/2024\/03\/07\/ninos-y-adolescentes-despiertan-su-creatividad-en-cursos-vacacionales\/#respond\"]}]},{\"@type\":\"WebPage\",\"@id\":\"https:\/\/noti-america.com\/site\/ecuador\/2024\/03\/07\/ninos-y-adolescentes-despiertan-su-creatividad-en-cursos-vacacionales\/\",\"url\":\"https:\/\/noti-america.com\/site\/ecuador\/2024\/03\/07\/ninos-y-adolescentes-despiertan-su-creatividad-en-cursos-vacacionales\/\",\"name\":\"Ni\u00f1os y adolescentes despiertan su creatividad en cursos vacacionales - Ecuador | Noti-America.com\",\"isPartOf\":{\"@id\":\"https:\/\/noti-america.com\/site\/ecuador\/#website\"},\"primaryImageOfPage\":{\"@id\":\"https:\/\/noti-america.com\/site\/ecuador\/2024\/03\/07\/ninos-y-adolescentes-despiertan-su-creatividad-en-cursos-vacacionales\/#primaryimage\"},\"image\":{\"@id\":\"https:\/\/noti-america.com\/site\/ecuador\/2024\/03\/07\/ninos-y-adolescentes-despiertan-su-creatividad-en-cursos-vacacionales\/#primaryimage\"},\"thumbnailUrl\":\"https:\/\/noti-america.com\/site\/ecuador\/wp-content\/uploads\/sites\/18\/2024\/03\/WhatsApp-Image-2024-03-06-at-21.53.09.jpeg\",\"datePublished\":\"2024-03-07T15:59:12+00:00\",\"breadcrumb\":{\"@id\":\"https:\/\/noti-america.com\/site\/ecuador\/2024\/03\/07\/ninos-y-adolescentes-despiertan-su-creatividad-en-cursos-vacacionales\/#breadcrumb\"},\"inLanguage\":\"es\",\"potentialAction\":[{\"@type\":\"ReadAction\",\"target\":[\"https:\/\/noti-america.com\/site\/ecuador\/2024\/03\/07\/ninos-y-adolescentes-despiertan-su-creatividad-en-cursos-vacacionales\/\"]}]},{\"@type\":\"ImageObject\",\"inLanguage\":\"es\",\"@id\":\"https:\/\/noti-america.com\/site\/ecuador\/2024\/03\/07\/ninos-y-adolescentes-despiertan-su-creatividad-en-cursos-vacacionales\/#primaryimage\",\"url\":\"https:\/\/noti-america.com\/site\/ecuador\/wp-content\/uploads\/sites\/18\/2024\/03\/WhatsApp-Image-2024-03-06-at-21.53.09.jpeg\",\"contentUrl\":\"https:\/\/noti-america.com\/site\/ecuador\/wp-content\/uploads\/sites\/18\/2024\/03\/WhatsApp-Image-2024-03-06-at-21.53.09.jpeg\",\"width\":1600,\"height\":902},{\"@type\":\"BreadcrumbList\",\"@id\":\"https:\/\/noti-america.com\/site\/ecuador\/2024\/03\/07\/ninos-y-adolescentes-despiertan-su-creatividad-en-cursos-vacacionales\/#breadcrumb\",\"itemListElement\":[{\"@type\":\"ListItem\",\"position\":1,\"name\":\"Portada\",\"item\":\"https:\/\/noti-america.com\/site\/ecuador\/\"},{\"@type\":\"ListItem\",\"position\":2,\"name\":\"Ni\u00f1os y adolescentes despiertan su creatividad en cursos vacacionales\"}]},{\"@type\":\"WebSite\",\"@id\":\"https:\/\/noti-america.com\/site\/ecuador\/#website\",\"url\":\"https:\/\/noti-america.com\/site\/ecuador\/\",\"name\":\"Ecuador | Noti-America.com\",\"description\":\"\",\"publisher\":{\"@id\":\"https:\/\/noti-america.com\/site\/ecuador\/#organization\"},\"potentialAction\":[{\"@type\":\"SearchAction\",\"target\":{\"@type\":\"EntryPoint\",\"urlTemplate\":\"https:\/\/noti-america.com\/site\/ecuador\/?s={search_term_string}\"},\"query-input\":{\"@type\":\"PropertyValueSpecification\",\"valueRequired\":true,\"valueName\":\"search_term_string\"}}],\"inLanguage\":\"es\"},{\"@type\":\"Organization\",\"@id\":\"https:\/\/noti-america.com\/site\/ecuador\/#organization\",\"name\":\"Noti-America LLC | Ecuador\",\"url\":\"https:\/\/noti-america.com\/site\/ecuador\/\",\"logo\":{\"@type\":\"ImageObject\",\"inLanguage\":\"es\",\"@id\":\"https:\/\/noti-america.com\/site\/ecuador\/#\/schema\/logo\/image\/\",\"url\":\"https:\/\/noti-america.com\/site\/ecuador\/wp-content\/uploads\/sites\/18\/2020\/07\/LogoNA-4x3-1.jpg\",\"contentUrl\":\"https:\/\/noti-america.com\/site\/ecuador\/wp-content\/uploads\/sites\/18\/2020\/07\/LogoNA-4x3-1.jpg\",\"width\":1236,\"height\":1080,\"caption\":\"Noti-America LLC | Ecuador\"},\"image\":{\"@id\":\"https:\/\/noti-america.com\/site\/ecuador\/#\/schema\/logo\/image\/\"},\"sameAs\":[\"https:\/\/x.com\/notiamerica\"]},{\"@type\":\"Person\",\"@id\":\"https:\/\/noti-america.com\/site\/ecuador\/#\/schema\/person\/b9d1630cc6598af759d45c790a347283\",\"name\":\"Henry Ortiz\",\"image\":{\"@type\":\"ImageObject\",\"inLanguage\":\"es\",\"@id\":\"https:\/\/secure.gravatar.com\/avatar\/0b5407b5b302fbb6a578e625dca512ac2983ee5fa9ea941d581b83c40212e4c8?s=96&d=mm&r=g\",\"url\":\"https:\/\/secure.gravatar.com\/avatar\/0b5407b5b302fbb6a578e625dca512ac2983ee5fa9ea941d581b83c40212e4c8?s=96&d=mm&r=g\",\"contentUrl\":\"https:\/\/secure.gravatar.com\/avatar\/0b5407b5b302fbb6a578e625dca512ac2983ee5fa9ea941d581b83c40212e4c8?s=96&d=mm&r=g\",\"caption\":\"Henry Ortiz\"},\"url\":\"https:\/\/noti-america.com\/site\/ecuador\/author\/hortiz\/\"}]}<\/script>\n<!-- \/ Yoast SEO Premium plugin. -->","yoast_head_json":{"title":"Ni\u00f1os y adolescentes despiertan su creatividad en cursos vacacionales - Ecuador | Noti-America.com","robots":{"index":"index","follow":"follow","max-snippet":"max-snippet:-1","max-image-preview":"max-image-preview:large","max-video-preview":"max-video-preview:-1"},"canonical":"https:\/\/noti-america.com\/site\/ecuador\/2024\/03\/07\/ninos-y-adolescentes-despiertan-su-creatividad-en-cursos-vacacionales\/","og_locale":"es_ES","og_type":"article","og_title":"Ni\u00f1os y adolescentes despiertan su creatividad en cursos vacacionales","og_description":"REDACCI\u00d3N NOTI AM\u00c9RICA (ECUADOR) Llegaron las vacaciones para los alumnos del R\u00e9gimen Costa y los padres de familia buscan que sus hijos aprovechen su tiempo libre con actividades recreativas. Desde el 1 de marzo&#46;&#46;&#46;","og_url":"https:\/\/noti-america.com\/site\/ecuador\/2024\/03\/07\/ninos-y-adolescentes-despiertan-su-creatividad-en-cursos-vacacionales\/","og_site_name":"Ecuador | Noti-America.com","article_published_time":"2024-03-07T15:59:12+00:00","og_image":[{"width":1600,"height":902,"url":"https:\/\/noti-america.com\/site\/ecuador\/wp-content\/uploads\/sites\/18\/2024\/03\/WhatsApp-Image-2024-03-06-at-21.53.09.jpeg","type":"image\/jpeg"}],"author":"Henry Ortiz","twitter_card":"summary_large_image","twitter_creator":"@notiamerica","twitter_site":"@notiamerica","twitter_misc":{"Escrito por":"Henry Ortiz","Tiempo estimado de lectura":"2 minutos"},"schema":{"@context":"https:\/\/schema.org","@graph":[{"@type":"Article","@id":"https:\/\/noti-america.com\/site\/ecuador\/2024\/03\/07\/ninos-y-adolescentes-despiertan-su-creatividad-en-cursos-vacacionales\/#article","isPartOf":{"@id":"https:\/\/noti-america.com\/site\/ecuador\/2024\/03\/07\/ninos-y-adolescentes-despiertan-su-creatividad-en-cursos-vacacionales\/"},"author":{"name":"Henry Ortiz","@id":"https:\/\/noti-america.com\/site\/ecuador\/#\/schema\/person\/b9d1630cc6598af759d45c790a347283"},"headline":"Ni\u00f1os y adolescentes despiertan su creatividad en cursos vacacionales","datePublished":"2024-03-07T15:59:12+00:00","mainEntityOfPage":{"@id":"https:\/\/noti-america.com\/site\/ecuador\/2024\/03\/07\/ninos-y-adolescentes-despiertan-su-creatividad-en-cursos-vacacionales\/"},"wordCount":324,"commentCount":0,"publisher":{"@id":"https:\/\/noti-america.com\/site\/ecuador\/#organization"},"image":{"@id":"https:\/\/noti-america.com\/site\/ecuador\/2024\/03\/07\/ninos-y-adolescentes-despiertan-su-creatividad-en-cursos-vacacionales\/#primaryimage"},"thumbnailUrl":"https:\/\/noti-america.com\/site\/ecuador\/wp-content\/uploads\/sites\/18\/2024\/03\/WhatsApp-Image-2024-03-06-at-21.53.09.jpeg","articleSection":["Educaci\u00f3n"],"inLanguage":"es","potentialAction":[{"@type":"CommentAction","name":"Comment","target":["https:\/\/noti-america.com\/site\/ecuador\/2024\/03\/07\/ninos-y-adolescentes-despiertan-su-creatividad-en-cursos-vacacionales\/#respond"]}]},{"@type":"WebPage","@id":"https:\/\/noti-america.com\/site\/ecuador\/2024\/03\/07\/ninos-y-adolescentes-despiertan-su-creatividad-en-cursos-vacacionales\/","url":"https:\/\/noti-america.com\/site\/ecuador\/2024\/03\/07\/ninos-y-adolescentes-despiertan-su-creatividad-en-cursos-vacacionales\/","name":"Ni\u00f1os y adolescentes despiertan su creatividad en cursos vacacionales - Ecuador | Noti-America.com","isPartOf":{"@id":"https:\/\/noti-america.com\/site\/ecuador\/#website"},"primaryImageOfPage":{"@id":"https:\/\/noti-america.com\/site\/ecuador\/2024\/03\/07\/ninos-y-adolescentes-despiertan-su-creatividad-en-cursos-vacacionales\/#primaryimage"},"image":{"@id":"https:\/\/noti-america.com\/site\/ecuador\/2024\/03\/07\/ninos-y-adolescentes-despiertan-su-creatividad-en-cursos-vacacionales\/#primaryimage"},"thumbnailUrl":"https:\/\/noti-america.com\/site\/ecuador\/wp-content\/uploads\/sites\/18\/2024\/03\/WhatsApp-Image-2024-03-06-at-21.53.09.jpeg","datePublished":"2024-03-07T15:59:12+00:00","breadcrumb":{"@id":"https:\/\/noti-america.com\/site\/ecuador\/2024\/03\/07\/ninos-y-adolescentes-despiertan-su-creatividad-en-cursos-vacacionales\/#breadcrumb"},"inLanguage":"es","potentialAction":[{"@type":"ReadAction","target":["https:\/\/noti-america.com\/site\/ecuador\/2024\/03\/07\/ninos-y-adolescentes-despiertan-su-creatividad-en-cursos-vacacionales\/"]}]},{"@type":"ImageObject","inLanguage":"es","@id":"https:\/\/noti-america.com\/site\/ecuador\/2024\/03\/07\/ninos-y-adolescentes-despiertan-su-creatividad-en-cursos-vacacionales\/#primaryimage","url":"https:\/\/noti-america.com\/site\/ecuador\/wp-content\/uploads\/sites\/18\/2024\/03\/WhatsApp-Image-2024-03-06-at-21.53.09.jpeg","contentUrl":"https:\/\/noti-america.com\/site\/ecuador\/wp-content\/uploads\/sites\/18\/2024\/03\/WhatsApp-Image-2024-03-06-at-21.53.09.jpeg","width":1600,"height":902},{"@type":"BreadcrumbList","@id":"https:\/\/noti-america.com\/site\/ecuador\/2024\/03\/07\/ninos-y-adolescentes-despiertan-su-creatividad-en-cursos-vacacionales\/#breadcrumb","itemListElement":[{"@type":"ListItem","position":1,"name":"Portada","item":"https:\/\/noti-america.com\/site\/ecuador\/"},{"@type":"ListItem","position":2,"name":"Ni\u00f1os y adolescentes despiertan su creatividad en cursos vacacionales"}]},{"@type":"WebSite","@id":"https:\/\/noti-america.com\/site\/ecuador\/#website","url":"https:\/\/noti-america.com\/site\/ecuador\/","name":"Ecuador | Noti-America.com","description":"","publisher":{"@id":"https:\/\/noti-america.com\/site\/ecuador\/#organization"},"potentialAction":[{"@type":"SearchAction","target":{"@type":"EntryPoint","urlTemplate":"https:\/\/noti-america.com\/site\/ecuador\/?s={search_term_string}"},"query-input":{"@type":"PropertyValueSpecification","valueRequired":true,"valueName":"search_term_string"}}],"inLanguage":"es"},{"@type":"Organization","@id":"https:\/\/noti-america.com\/site\/ecuador\/#organization","name":"Noti-America LLC | Ecuador","url":"https:\/\/noti-america.com\/site\/ecuador\/","logo":{"@type":"ImageObject","inLanguage":"es","@id":"https:\/\/noti-america.com\/site\/ecuador\/#\/schema\/logo\/image\/","url":"https:\/\/noti-america.com\/site\/ecuador\/wp-content\/uploads\/sites\/18\/2020\/07\/LogoNA-4x3-1.jpg","contentUrl":"https:\/\/noti-america.com\/site\/ecuador\/wp-content\/uploads\/sites\/18\/2020\/07\/LogoNA-4x3-1.jpg","width":1236,"height":1080,"caption":"Noti-America LLC | Ecuador"},"image":{"@id":"https:\/\/noti-america.com\/site\/ecuador\/#\/schema\/logo\/image\/"},"sameAs":["https:\/\/x.com\/notiamerica"]},{"@type":"Person","@id":"https:\/\/noti-america.com\/site\/ecuador\/#\/schema\/person\/b9d1630cc6598af759d45c790a347283","name":"Henry Ortiz","image":{"@type":"ImageObject","inLanguage":"es","@id":"https:\/\/secure.gravatar.com\/avatar\/0b5407b5b302fbb6a578e625dca512ac2983ee5fa9ea941d581b83c40212e4c8?s=96&d=mm&r=g","url":"https:\/\/secure.gravatar.com\/avatar\/0b5407b5b302fbb6a578e625dca512ac2983ee5fa9ea941d581b83c40212e4c8?s=96&d=mm&r=g","contentUrl":"https:\/\/secure.gravatar.com\/avatar\/0b5407b5b302fbb6a578e625dca512ac2983ee5fa9ea941d581b83c40212e4c8?s=96&d=mm&r=g","caption":"Henry Ortiz"},"url":"https:\/\/noti-america.com\/site\/ecuador\/author\/hortiz\/"}]}},"_links":{"self":[{"href":"https:\/\/noti-america.com\/site\/ecuador\/wp-json\/wp\/v2\/posts\/29256","targetHints":{"allow":["GET"]}}],"collection":[{"href":"https:\/\/noti-america.com\/site\/ecuador\/wp-json\/wp\/v2\/posts"}],"about":[{"href":"https:\/\/noti-america.com\/site\/ecuador\/wp-json\/wp\/v2\/types\/post"}],"author":[{"embeddable":true,"href":"https:\/\/noti-america.com\/site\/ecuador\/wp-json\/wp\/v2\/users\/113"}],"replies":[{"embeddable":true,"href":"https:\/\/noti-america.com\/site\/ecuador\/wp-json\/wp\/v2\/comments?post=29256"}],"version-history":[{"count":1,"href":"https:\/\/noti-america.com\/site\/ecuador\/wp-json\/wp\/v2\/posts\/29256\/revisions"}],"predecessor-version":[{"id":29258,"href":"https:\/\/noti-america.com\/site\/ecuador\/wp-json\/wp\/v2\/posts\/29256\/revisions\/29258"}],"wp:featuredmedia":[{"embeddable":true,"href":"https:\/\/noti-america.com\/site\/ecuador\/wp-json\/wp\/v2\/media\/29257"}],"wp:attachment":[{"href":"https:\/\/noti-america.com\/site\/ecuador\/wp-json\/wp\/v2\/media?parent=29256"}],"wp:term":[{"taxonomy":"category","embeddable":true,"href":"https:\/\/noti-america.com\/site\/ecuador\/wp-json\/wp\/v2\/categories?post=29256"},{"taxonomy":"post_tag","embeddable":true,"href":"https:\/\/noti-america.com\/site\/ecuador\/wp-json\/wp\/v2\/tags?post=29256"}],"curies":[{"name":"wp","href":"https:\/\/api.w.org\/{rel}","templated":true}]}}