{"id":29240,"date":"2024-03-06T02:13:32","date_gmt":"2024-03-06T02:13:32","guid":{"rendered":"https:\/\/noti-america.com\/site\/ecuador\/?p=29240"},"modified":"2024-03-06T02:15:51","modified_gmt":"2024-03-06T02:15:51","slug":"municipio-recibe-300-kits-de-asistencia-para-afectados-de-la-temporada-invernal","status":"publish","type":"post","link":"https:\/\/noti-america.com\/site\/ecuador\/2024\/03\/06\/municipio-recibe-300-kits-de-asistencia-para-afectados-de-la-temporada-invernal\/","title":{"rendered":"Municipio recibe 300 kits de asistencia para afectados de la temporada invernal"},"content":{"rendered":"<p><strong>REDACCI\u00d3N NOTI-AM\u00c9RICA\u00a0(ECUADOR).<\/strong><\/p>\n<p style=\"text-align: justify\"><img loading=\"lazy\" decoding=\"async\" class=\"size-medium wp-image-29245 aligncenter\" src=\"https:\/\/noti-america.com\/site\/ecuador\/wp-content\/uploads\/sites\/18\/2024\/03\/image00010-300x200.jpeg\" alt=\"\" width=\"300\" height=\"200\" srcset=\"https:\/\/noti-america.com\/site\/ecuador\/wp-content\/uploads\/sites\/18\/2024\/03\/image00010-300x200.jpeg 300w, https:\/\/noti-america.com\/site\/ecuador\/wp-content\/uploads\/sites\/18\/2024\/03\/image00010-1024x683.jpeg 1024w, https:\/\/noti-america.com\/site\/ecuador\/wp-content\/uploads\/sites\/18\/2024\/03\/image00010-768x512.jpeg 768w, https:\/\/noti-america.com\/site\/ecuador\/wp-content\/uploads\/sites\/18\/2024\/03\/image00010-1536x1024.jpeg 1536w, https:\/\/noti-america.com\/site\/ecuador\/wp-content\/uploads\/sites\/18\/2024\/03\/image00010-2048x1365.jpeg 2048w, https:\/\/noti-america.com\/site\/ecuador\/wp-content\/uploads\/sites\/18\/2024\/03\/image00010-272x182.jpeg 272w\" sizes=\"auto, (max-width: 300px) 100vw, 300px\" \/>La oficina de Asistencia Humanitaria de la Agencia de Estados Unidos para el Desarrollo Internacional en Ecuador (Usaid), entreg\u00f3 300 kits de dormitorio a la empresa P\u00fablica Municipal para la Gesti\u00f3n de Riesgos y Control de Seguridad de Guayaquil Segura EP, los mismos que ser\u00e1n entregados a familias afectadas por el temporal invernal en el cant\u00f3n.<\/p>\n<p style=\"text-align: justify\">Cada kit contiene 1 colch\u00f3n, s\u00e1banas, cobija, almohadas, mosquitero y elementos de higiene como jab\u00f3n y shampoo.<\/p>\n<p style=\"text-align: justify\">Daniel S\u00e1nchez, director en Ecuador de Usaid, destac\u00f3 que la agencia tiene una larga historia de trabajo y cooperaci\u00f3n en Guayaquil. \u201cTenemos una larga data de trabajar en esta ciudad y en la zona de Guayas, tenemos buenas relaciones con los guayaquile\u00f1os, con el sector privado, con la academia, con las organizaciones de base y obviamente con el Municipio\u201d<i>,<\/i> sostuvo.<\/p>\n<p style=\"text-align: justify\">Por su parte, \u00c1lex Anchundia, gerente de Gesti\u00f3n de Riesgos, afirm\u00f3 que la ayuda confirma las buenas relaciones y lazos, adem\u00e1s de la confianza, hacia la administraci\u00f3n municipal. \u00abUna vez que identificamos familias que han sido afectadas, las cuales no tienen un lugar donde dormir y no quieren asistir a los alojamientos temporales, nosotros colaboramos con estos kits de dormir que son de mucha ayuda\u201d, acot\u00f3.<\/p>\n<p style=\"text-align: justify\">De igual forma, Andr\u00e9s Sandoval, gerente de SEGURA EP, indic\u00f3 que la actual administraci\u00f3n trabaja con enfoques de seguridad. Por ello, asegur\u00f3 que los cooperantes internacionales son parte de los actores estrat\u00e9gicos. \u201cEstos recursos van a ser administrados de la mejor manera porque somos una administraci\u00f3n transparente, que los recursos los focalizamos y atendemos a los que realmente lo necesitan\u201d, concluy\u00f3.<\/p>\n<p style=\"text-align: justify\">El Municipio de Guayaquil est\u00e1 enfocada en la asistencia a los afectados por las lluvias y trabaja en diversos frentes para mitigar las consecuencias del invierno.<\/p>\n","protected":false},"excerpt":{"rendered":"<p>REDACCI\u00d3N NOTI-AM\u00c9RICA\u00a0(ECUADOR). La oficina de Asistencia Humanitaria de la Agencia de Estados Unidos para el Desarrollo Internacional en Ecuador (Usaid), entreg\u00f3 300 kits de dormitorio a la empresa P\u00fablica Municipal para la Gesti\u00f3n de&#46;&#46;&#46;<\/p>\n","protected":false},"author":144,"featured_media":29245,"comment_status":"open","ping_status":"open","sticky":false,"template":"","format":"standard","meta":{"_acf_changed":false,"om_disable_all_campaigns":false,"rop_custom_images_group":[],"rop_custom_messages_group":[],"rop_publish_now":"initial","rop_publish_now_accounts":{"twitter_242054905_242054905":""},"rop_publish_now_history":[],"rop_publish_now_status":"pending","_uf_show_specific_survey":0,"_uf_disable_surveys":false,"footnotes":""},"categories":[125],"tags":[],"class_list":["post-29240","post","type-post","status-publish","format-standard","has-post-thumbnail","hentry","category-actualidad"],"acf":[],"aioseo_notices":[],"yoast_head":"<!-- This site is optimized with the Yoast SEO Premium plugin v24.9 (Yoast SEO v27.2) - https:\/\/yoast.com\/product\/yoast-seo-premium-wordpress\/ -->\n<title>Municipio recibe 300 kits de asistencia para afectados de la temporada invernal - Ecuador | Noti-America.com<\/title>\n<meta name=\"robots\" content=\"index, follow, max-snippet:-1, max-image-preview:large, max-video-preview:-1\" \/>\n<link rel=\"canonical\" href=\"https:\/\/noti-america.com\/site\/ecuador\/2024\/03\/06\/municipio-recibe-300-kits-de-asistencia-para-afectados-de-la-temporada-invernal\/\" \/>\n<meta property=\"og:locale\" content=\"es_ES\" \/>\n<meta property=\"og:type\" content=\"article\" \/>\n<meta property=\"og:title\" content=\"Municipio recibe 300 kits de asistencia para afectados de la temporada invernal\" \/>\n<meta property=\"og:description\" content=\"REDACCI\u00d3N NOTI-AM\u00c9RICA\u00a0(ECUADOR). La oficina de Asistencia Humanitaria de la Agencia de Estados Unidos para el Desarrollo Internacional en Ecuador (Usaid), entreg\u00f3 300 kits de dormitorio a la empresa P\u00fablica Municipal para la Gesti\u00f3n de&#046;&#046;&#046;\" \/>\n<meta property=\"og:url\" content=\"https:\/\/noti-america.com\/site\/ecuador\/2024\/03\/06\/municipio-recibe-300-kits-de-asistencia-para-afectados-de-la-temporada-invernal\/\" \/>\n<meta property=\"og:site_name\" content=\"Ecuador | Noti-America.com\" \/>\n<meta property=\"article:published_time\" content=\"2024-03-06T02:13:32+00:00\" \/>\n<meta property=\"article:modified_time\" content=\"2024-03-06T02:15:51+00:00\" \/>\n<meta property=\"og:image\" content=\"https:\/\/noti-america.com\/site\/ecuador\/wp-content\/uploads\/sites\/18\/2024\/03\/image00010-scaled.jpeg\" \/>\n\t<meta property=\"og:image:width\" content=\"2560\" \/>\n\t<meta property=\"og:image:height\" content=\"1707\" \/>\n\t<meta property=\"og:image:type\" content=\"image\/jpeg\" \/>\n<meta name=\"author\" content=\"Henry Garrido\" \/>\n<meta name=\"twitter:card\" content=\"summary_large_image\" \/>\n<meta name=\"twitter:creator\" content=\"@notiamerica\" \/>\n<meta name=\"twitter:site\" content=\"@notiamerica\" \/>\n<meta name=\"twitter:label1\" content=\"Escrito por\" \/>\n\t<meta name=\"twitter:data1\" content=\"Henry Garrido\" \/>\n\t<meta name=\"twitter:label2\" content=\"Tiempo estimado de lectura\" \/>\n\t<meta name=\"twitter:data2\" content=\"2 minutos\" \/>\n<script type=\"application\/ld+json\" class=\"yoast-schema-graph\">{\"@context\":\"https:\/\/schema.org\",\"@graph\":[{\"@type\":\"Article\",\"@id\":\"https:\/\/noti-america.com\/site\/ecuador\/2024\/03\/06\/municipio-recibe-300-kits-de-asistencia-para-afectados-de-la-temporada-invernal\/#article\",\"isPartOf\":{\"@id\":\"https:\/\/noti-america.com\/site\/ecuador\/2024\/03\/06\/municipio-recibe-300-kits-de-asistencia-para-afectados-de-la-temporada-invernal\/\"},\"author\":{\"name\":\"Henry Garrido\",\"@id\":\"https:\/\/noti-america.com\/site\/ecuador\/#\/schema\/person\/00042412cfa9ecf98077f847ffadda4a\"},\"headline\":\"Municipio recibe 300 kits de asistencia para afectados de la temporada invernal\",\"datePublished\":\"2024-03-06T02:13:32+00:00\",\"dateModified\":\"2024-03-06T02:15:51+00:00\",\"mainEntityOfPage\":{\"@id\":\"https:\/\/noti-america.com\/site\/ecuador\/2024\/03\/06\/municipio-recibe-300-kits-de-asistencia-para-afectados-de-la-temporada-invernal\/\"},\"wordCount\":317,\"commentCount\":0,\"publisher\":{\"@id\":\"https:\/\/noti-america.com\/site\/ecuador\/#organization\"},\"image\":{\"@id\":\"https:\/\/noti-america.com\/site\/ecuador\/2024\/03\/06\/municipio-recibe-300-kits-de-asistencia-para-afectados-de-la-temporada-invernal\/#primaryimage\"},\"thumbnailUrl\":\"https:\/\/noti-america.com\/site\/ecuador\/wp-content\/uploads\/sites\/18\/2024\/03\/image00010-scaled.jpeg\",\"articleSection\":[\"Actualidad\"],\"inLanguage\":\"es\",\"potentialAction\":[{\"@type\":\"CommentAction\",\"name\":\"Comment\",\"target\":[\"https:\/\/noti-america.com\/site\/ecuador\/2024\/03\/06\/municipio-recibe-300-kits-de-asistencia-para-afectados-de-la-temporada-invernal\/#respond\"]}]},{\"@type\":\"WebPage\",\"@id\":\"https:\/\/noti-america.com\/site\/ecuador\/2024\/03\/06\/municipio-recibe-300-kits-de-asistencia-para-afectados-de-la-temporada-invernal\/\",\"url\":\"https:\/\/noti-america.com\/site\/ecuador\/2024\/03\/06\/municipio-recibe-300-kits-de-asistencia-para-afectados-de-la-temporada-invernal\/\",\"name\":\"Municipio recibe 300 kits de asistencia para afectados de la temporada invernal - Ecuador | Noti-America.com\",\"isPartOf\":{\"@id\":\"https:\/\/noti-america.com\/site\/ecuador\/#website\"},\"primaryImageOfPage\":{\"@id\":\"https:\/\/noti-america.com\/site\/ecuador\/2024\/03\/06\/municipio-recibe-300-kits-de-asistencia-para-afectados-de-la-temporada-invernal\/#primaryimage\"},\"image\":{\"@id\":\"https:\/\/noti-america.com\/site\/ecuador\/2024\/03\/06\/municipio-recibe-300-kits-de-asistencia-para-afectados-de-la-temporada-invernal\/#primaryimage\"},\"thumbnailUrl\":\"https:\/\/noti-america.com\/site\/ecuador\/wp-content\/uploads\/sites\/18\/2024\/03\/image00010-scaled.jpeg\",\"datePublished\":\"2024-03-06T02:13:32+00:00\",\"dateModified\":\"2024-03-06T02:15:51+00:00\",\"breadcrumb\":{\"@id\":\"https:\/\/noti-america.com\/site\/ecuador\/2024\/03\/06\/municipio-recibe-300-kits-de-asistencia-para-afectados-de-la-temporada-invernal\/#breadcrumb\"},\"inLanguage\":\"es\",\"potentialAction\":[{\"@type\":\"ReadAction\",\"target\":[\"https:\/\/noti-america.com\/site\/ecuador\/2024\/03\/06\/municipio-recibe-300-kits-de-asistencia-para-afectados-de-la-temporada-invernal\/\"]}]},{\"@type\":\"ImageObject\",\"inLanguage\":\"es\",\"@id\":\"https:\/\/noti-america.com\/site\/ecuador\/2024\/03\/06\/municipio-recibe-300-kits-de-asistencia-para-afectados-de-la-temporada-invernal\/#primaryimage\",\"url\":\"https:\/\/noti-america.com\/site\/ecuador\/wp-content\/uploads\/sites\/18\/2024\/03\/image00010-scaled.jpeg\",\"contentUrl\":\"https:\/\/noti-america.com\/site\/ecuador\/wp-content\/uploads\/sites\/18\/2024\/03\/image00010-scaled.jpeg\",\"width\":2560,\"height\":1707},{\"@type\":\"BreadcrumbList\",\"@id\":\"https:\/\/noti-america.com\/site\/ecuador\/2024\/03\/06\/municipio-recibe-300-kits-de-asistencia-para-afectados-de-la-temporada-invernal\/#breadcrumb\",\"itemListElement\":[{\"@type\":\"ListItem\",\"position\":1,\"name\":\"Portada\",\"item\":\"https:\/\/noti-america.com\/site\/ecuador\/\"},{\"@type\":\"ListItem\",\"position\":2,\"name\":\"Municipio recibe 300 kits de asistencia para afectados de la temporada invernal\"}]},{\"@type\":\"WebSite\",\"@id\":\"https:\/\/noti-america.com\/site\/ecuador\/#website\",\"url\":\"https:\/\/noti-america.com\/site\/ecuador\/\",\"name\":\"Ecuador | Noti-America.com\",\"description\":\"\",\"publisher\":{\"@id\":\"https:\/\/noti-america.com\/site\/ecuador\/#organization\"},\"potentialAction\":[{\"@type\":\"SearchAction\",\"target\":{\"@type\":\"EntryPoint\",\"urlTemplate\":\"https:\/\/noti-america.com\/site\/ecuador\/?s={search_term_string}\"},\"query-input\":{\"@type\":\"PropertyValueSpecification\",\"valueRequired\":true,\"valueName\":\"search_term_string\"}}],\"inLanguage\":\"es\"},{\"@type\":\"Organization\",\"@id\":\"https:\/\/noti-america.com\/site\/ecuador\/#organization\",\"name\":\"Noti-America LLC | Ecuador\",\"url\":\"https:\/\/noti-america.com\/site\/ecuador\/\",\"logo\":{\"@type\":\"ImageObject\",\"inLanguage\":\"es\",\"@id\":\"https:\/\/noti-america.com\/site\/ecuador\/#\/schema\/logo\/image\/\",\"url\":\"https:\/\/noti-america.com\/site\/ecuador\/wp-content\/uploads\/sites\/18\/2020\/07\/LogoNA-4x3-1.jpg\",\"contentUrl\":\"https:\/\/noti-america.com\/site\/ecuador\/wp-content\/uploads\/sites\/18\/2020\/07\/LogoNA-4x3-1.jpg\",\"width\":1236,\"height\":1080,\"caption\":\"Noti-America LLC | Ecuador\"},\"image\":{\"@id\":\"https:\/\/noti-america.com\/site\/ecuador\/#\/schema\/logo\/image\/\"},\"sameAs\":[\"https:\/\/x.com\/notiamerica\"]},{\"@type\":\"Person\",\"@id\":\"https:\/\/noti-america.com\/site\/ecuador\/#\/schema\/person\/00042412cfa9ecf98077f847ffadda4a\",\"name\":\"Henry Garrido\",\"image\":{\"@type\":\"ImageObject\",\"inLanguage\":\"es\",\"@id\":\"https:\/\/secure.gravatar.com\/avatar\/749ae5a1e6f22cf042f04b9f3f0a22732ae36970ccfd5c54a0a2ac3c4e1166ed?s=96&d=mm&r=g\",\"url\":\"https:\/\/secure.gravatar.com\/avatar\/749ae5a1e6f22cf042f04b9f3f0a22732ae36970ccfd5c54a0a2ac3c4e1166ed?s=96&d=mm&r=g\",\"contentUrl\":\"https:\/\/secure.gravatar.com\/avatar\/749ae5a1e6f22cf042f04b9f3f0a22732ae36970ccfd5c54a0a2ac3c4e1166ed?s=96&d=mm&r=g\",\"caption\":\"Henry Garrido\"},\"url\":\"https:\/\/noti-america.com\/site\/ecuador\/author\/hgarrido\/\"}]}<\/script>\n<!-- \/ Yoast SEO Premium plugin. -->","yoast_head_json":{"title":"Municipio recibe 300 kits de asistencia para afectados de la temporada invernal - Ecuador | Noti-America.com","robots":{"index":"index","follow":"follow","max-snippet":"max-snippet:-1","max-image-preview":"max-image-preview:large","max-video-preview":"max-video-preview:-1"},"canonical":"https:\/\/noti-america.com\/site\/ecuador\/2024\/03\/06\/municipio-recibe-300-kits-de-asistencia-para-afectados-de-la-temporada-invernal\/","og_locale":"es_ES","og_type":"article","og_title":"Municipio recibe 300 kits de asistencia para afectados de la temporada invernal","og_description":"REDACCI\u00d3N NOTI-AM\u00c9RICA\u00a0(ECUADOR). La oficina de Asistencia Humanitaria de la Agencia de Estados Unidos para el Desarrollo Internacional en Ecuador (Usaid), entreg\u00f3 300 kits de dormitorio a la empresa P\u00fablica Municipal para la Gesti\u00f3n de&#46;&#46;&#46;","og_url":"https:\/\/noti-america.com\/site\/ecuador\/2024\/03\/06\/municipio-recibe-300-kits-de-asistencia-para-afectados-de-la-temporada-invernal\/","og_site_name":"Ecuador | Noti-America.com","article_published_time":"2024-03-06T02:13:32+00:00","article_modified_time":"2024-03-06T02:15:51+00:00","og_image":[{"width":2560,"height":1707,"url":"https:\/\/noti-america.com\/site\/ecuador\/wp-content\/uploads\/sites\/18\/2024\/03\/image00010-scaled.jpeg","type":"image\/jpeg"}],"author":"Henry Garrido","twitter_card":"summary_large_image","twitter_creator":"@notiamerica","twitter_site":"@notiamerica","twitter_misc":{"Escrito por":"Henry Garrido","Tiempo estimado de lectura":"2 minutos"},"schema":{"@context":"https:\/\/schema.org","@graph":[{"@type":"Article","@id":"https:\/\/noti-america.com\/site\/ecuador\/2024\/03\/06\/municipio-recibe-300-kits-de-asistencia-para-afectados-de-la-temporada-invernal\/#article","isPartOf":{"@id":"https:\/\/noti-america.com\/site\/ecuador\/2024\/03\/06\/municipio-recibe-300-kits-de-asistencia-para-afectados-de-la-temporada-invernal\/"},"author":{"name":"Henry Garrido","@id":"https:\/\/noti-america.com\/site\/ecuador\/#\/schema\/person\/00042412cfa9ecf98077f847ffadda4a"},"headline":"Municipio recibe 300 kits de asistencia para afectados de la temporada invernal","datePublished":"2024-03-06T02:13:32+00:00","dateModified":"2024-03-06T02:15:51+00:00","mainEntityOfPage":{"@id":"https:\/\/noti-america.com\/site\/ecuador\/2024\/03\/06\/municipio-recibe-300-kits-de-asistencia-para-afectados-de-la-temporada-invernal\/"},"wordCount":317,"commentCount":0,"publisher":{"@id":"https:\/\/noti-america.com\/site\/ecuador\/#organization"},"image":{"@id":"https:\/\/noti-america.com\/site\/ecuador\/2024\/03\/06\/municipio-recibe-300-kits-de-asistencia-para-afectados-de-la-temporada-invernal\/#primaryimage"},"thumbnailUrl":"https:\/\/noti-america.com\/site\/ecuador\/wp-content\/uploads\/sites\/18\/2024\/03\/image00010-scaled.jpeg","articleSection":["Actualidad"],"inLanguage":"es","potentialAction":[{"@type":"CommentAction","name":"Comment","target":["https:\/\/noti-america.com\/site\/ecuador\/2024\/03\/06\/municipio-recibe-300-kits-de-asistencia-para-afectados-de-la-temporada-invernal\/#respond"]}]},{"@type":"WebPage","@id":"https:\/\/noti-america.com\/site\/ecuador\/2024\/03\/06\/municipio-recibe-300-kits-de-asistencia-para-afectados-de-la-temporada-invernal\/","url":"https:\/\/noti-america.com\/site\/ecuador\/2024\/03\/06\/municipio-recibe-300-kits-de-asistencia-para-afectados-de-la-temporada-invernal\/","name":"Municipio recibe 300 kits de asistencia para afectados de la temporada invernal - Ecuador | Noti-America.com","isPartOf":{"@id":"https:\/\/noti-america.com\/site\/ecuador\/#website"},"primaryImageOfPage":{"@id":"https:\/\/noti-america.com\/site\/ecuador\/2024\/03\/06\/municipio-recibe-300-kits-de-asistencia-para-afectados-de-la-temporada-invernal\/#primaryimage"},"image":{"@id":"https:\/\/noti-america.com\/site\/ecuador\/2024\/03\/06\/municipio-recibe-300-kits-de-asistencia-para-afectados-de-la-temporada-invernal\/#primaryimage"},"thumbnailUrl":"https:\/\/noti-america.com\/site\/ecuador\/wp-content\/uploads\/sites\/18\/2024\/03\/image00010-scaled.jpeg","datePublished":"2024-03-06T02:13:32+00:00","dateModified":"2024-03-06T02:15:51+00:00","breadcrumb":{"@id":"https:\/\/noti-america.com\/site\/ecuador\/2024\/03\/06\/municipio-recibe-300-kits-de-asistencia-para-afectados-de-la-temporada-invernal\/#breadcrumb"},"inLanguage":"es","potentialAction":[{"@type":"ReadAction","target":["https:\/\/noti-america.com\/site\/ecuador\/2024\/03\/06\/municipio-recibe-300-kits-de-asistencia-para-afectados-de-la-temporada-invernal\/"]}]},{"@type":"ImageObject","inLanguage":"es","@id":"https:\/\/noti-america.com\/site\/ecuador\/2024\/03\/06\/municipio-recibe-300-kits-de-asistencia-para-afectados-de-la-temporada-invernal\/#primaryimage","url":"https:\/\/noti-america.com\/site\/ecuador\/wp-content\/uploads\/sites\/18\/2024\/03\/image00010-scaled.jpeg","contentUrl":"https:\/\/noti-america.com\/site\/ecuador\/wp-content\/uploads\/sites\/18\/2024\/03\/image00010-scaled.jpeg","width":2560,"height":1707},{"@type":"BreadcrumbList","@id":"https:\/\/noti-america.com\/site\/ecuador\/2024\/03\/06\/municipio-recibe-300-kits-de-asistencia-para-afectados-de-la-temporada-invernal\/#breadcrumb","itemListElement":[{"@type":"ListItem","position":1,"name":"Portada","item":"https:\/\/noti-america.com\/site\/ecuador\/"},{"@type":"ListItem","position":2,"name":"Municipio recibe 300 kits de asistencia para afectados de la temporada invernal"}]},{"@type":"WebSite","@id":"https:\/\/noti-america.com\/site\/ecuador\/#website","url":"https:\/\/noti-america.com\/site\/ecuador\/","name":"Ecuador | Noti-America.com","description":"","publisher":{"@id":"https:\/\/noti-america.com\/site\/ecuador\/#organization"},"potentialAction":[{"@type":"SearchAction","target":{"@type":"EntryPoint","urlTemplate":"https:\/\/noti-america.com\/site\/ecuador\/?s={search_term_string}"},"query-input":{"@type":"PropertyValueSpecification","valueRequired":true,"valueName":"search_term_string"}}],"inLanguage":"es"},{"@type":"Organization","@id":"https:\/\/noti-america.com\/site\/ecuador\/#organization","name":"Noti-America LLC | Ecuador","url":"https:\/\/noti-america.com\/site\/ecuador\/","logo":{"@type":"ImageObject","inLanguage":"es","@id":"https:\/\/noti-america.com\/site\/ecuador\/#\/schema\/logo\/image\/","url":"https:\/\/noti-america.com\/site\/ecuador\/wp-content\/uploads\/sites\/18\/2020\/07\/LogoNA-4x3-1.jpg","contentUrl":"https:\/\/noti-america.com\/site\/ecuador\/wp-content\/uploads\/sites\/18\/2020\/07\/LogoNA-4x3-1.jpg","width":1236,"height":1080,"caption":"Noti-America LLC | Ecuador"},"image":{"@id":"https:\/\/noti-america.com\/site\/ecuador\/#\/schema\/logo\/image\/"},"sameAs":["https:\/\/x.com\/notiamerica"]},{"@type":"Person","@id":"https:\/\/noti-america.com\/site\/ecuador\/#\/schema\/person\/00042412cfa9ecf98077f847ffadda4a","name":"Henry Garrido","image":{"@type":"ImageObject","inLanguage":"es","@id":"https:\/\/secure.gravatar.com\/avatar\/749ae5a1e6f22cf042f04b9f3f0a22732ae36970ccfd5c54a0a2ac3c4e1166ed?s=96&d=mm&r=g","url":"https:\/\/secure.gravatar.com\/avatar\/749ae5a1e6f22cf042f04b9f3f0a22732ae36970ccfd5c54a0a2ac3c4e1166ed?s=96&d=mm&r=g","contentUrl":"https:\/\/secure.gravatar.com\/avatar\/749ae5a1e6f22cf042f04b9f3f0a22732ae36970ccfd5c54a0a2ac3c4e1166ed?s=96&d=mm&r=g","caption":"Henry Garrido"},"url":"https:\/\/noti-america.com\/site\/ecuador\/author\/hgarrido\/"}]}},"_links":{"self":[{"href":"https:\/\/noti-america.com\/site\/ecuador\/wp-json\/wp\/v2\/posts\/29240","targetHints":{"allow":["GET"]}}],"collection":[{"href":"https:\/\/noti-america.com\/site\/ecuador\/wp-json\/wp\/v2\/posts"}],"about":[{"href":"https:\/\/noti-america.com\/site\/ecuador\/wp-json\/wp\/v2\/types\/post"}],"author":[{"embeddable":true,"href":"https:\/\/noti-america.com\/site\/ecuador\/wp-json\/wp\/v2\/users\/144"}],"replies":[{"embeddable":true,"href":"https:\/\/noti-america.com\/site\/ecuador\/wp-json\/wp\/v2\/comments?post=29240"}],"version-history":[{"count":2,"href":"https:\/\/noti-america.com\/site\/ecuador\/wp-json\/wp\/v2\/posts\/29240\/revisions"}],"predecessor-version":[{"id":29247,"href":"https:\/\/noti-america.com\/site\/ecuador\/wp-json\/wp\/v2\/posts\/29240\/revisions\/29247"}],"wp:featuredmedia":[{"embeddable":true,"href":"https:\/\/noti-america.com\/site\/ecuador\/wp-json\/wp\/v2\/media\/29245"}],"wp:attachment":[{"href":"https:\/\/noti-america.com\/site\/ecuador\/wp-json\/wp\/v2\/media?parent=29240"}],"wp:term":[{"taxonomy":"category","embeddable":true,"href":"https:\/\/noti-america.com\/site\/ecuador\/wp-json\/wp\/v2\/categories?post=29240"},{"taxonomy":"post_tag","embeddable":true,"href":"https:\/\/noti-america.com\/site\/ecuador\/wp-json\/wp\/v2\/tags?post=29240"}],"curies":[{"name":"wp","href":"https:\/\/api.w.org\/{rel}","templated":true}]}}