{"id":29160,"date":"2024-02-28T19:16:33","date_gmt":"2024-02-28T19:16:33","guid":{"rendered":"https:\/\/noti-america.com\/site\/ecuador\/?p=29160"},"modified":"2024-02-28T19:28:07","modified_gmt":"2024-02-28T19:28:07","slug":"defensa-hernandez-desmiente-acusacion-de-lavado-de-activo","status":"publish","type":"post","link":"https:\/\/noti-america.com\/site\/ecuador\/2024\/02\/28\/defensa-hernandez-desmiente-acusacion-de-lavado-de-activo\/","title":{"rendered":"Defensa de Hern\u00e1ndez desmiente acusaci\u00f3n por lavado de activo"},"content":{"rendered":"<p><strong>REDACCI\u00d3N NOTI-AM\u00c9RICA (ECUADOR).<\/strong><\/p>\n<p style=\"text-align: justify\"><img loading=\"lazy\" decoding=\"async\" class=\"size-medium wp-image-29164 aligncenter\" src=\"https:\/\/noti-america.com\/site\/ecuador\/wp-content\/uploads\/sites\/18\/2024\/02\/IMG_20240228_141140-300x208.jpg\" alt=\"\" width=\"300\" height=\"208\" srcset=\"https:\/\/noti-america.com\/site\/ecuador\/wp-content\/uploads\/sites\/18\/2024\/02\/IMG_20240228_141140-300x208.jpg 300w, https:\/\/noti-america.com\/site\/ecuador\/wp-content\/uploads\/sites\/18\/2024\/02\/IMG_20240228_141140-1024x711.jpg 1024w, https:\/\/noti-america.com\/site\/ecuador\/wp-content\/uploads\/sites\/18\/2024\/02\/IMG_20240228_141140-768x533.jpg 768w, https:\/\/noti-america.com\/site\/ecuador\/wp-content\/uploads\/sites\/18\/2024\/02\/IMG_20240228_141140-1536x1067.jpg 1536w\" sizes=\"auto, (max-width: 300px) 100vw, 300px\" \/>La ma\u00f1ana de este mi\u00e9rcoles, 28 de febrero, el jurista Alfonso Zambrano Pasquel, abogado de la ex operadora pol\u00edtica de Rafael Correa, Bibian Hern\u00e1ndez, sali\u00f3 en su defensa por el presunto delito de lavado de activos que investiga la Fiscal\u00eda.<\/p>\n<p style=\"text-align: justify\">Durante una rueda de prensa, Zambrano rest\u00f3 importancia, a las acusaciones sobre los ingresos de Hern\u00e1ndez, quien gener\u00f3 USD 15 millones entre 2011 y 2023, a pesar de que obtuvo su t\u00edtulo de abogada reci\u00e9n en el 2021.<\/p>\n<p style=\"text-align: justify\">La defensa asegur\u00f3 que la ex colaboradora del entonces presidente de la Rep\u00fablica, Rafael Correa, no est\u00e1 ocultando ni negando lo que ha ganado y que los recursos que ha recibido los factur\u00f3 y tribut\u00f3. \u00abNo hay nada oculto, no hay nada chueco para ser m\u00e1s gr\u00e1fico. Por eso no hay lavado de activos\u00bb, afirm\u00f3.<\/p>\n<p style=\"text-align: justify\">El nombre de Hern\u00e1ndez aparece citado en dos chats del caso Met\u00e1stasis, en el contexto de las gestiones a favor de la agenda de impunidad del narcotraficante Leandro Norero.<\/p>\n<p style=\"text-align: justify\">\u00abSe trata de una vinculaci\u00f3n no contrastada que afecta y lesiona la honra la dignidad y el prestigio profesional y empresarial de la abogada Hern\u00e1ndez Velastegui, pues se trata de una profesional reconocida por su actividad como asesora empresarial y que jam\u00e1s ha ejercido la profesi\u00f3n como abogada sin tener el t\u00edtulo\u00bb, sostuvo el jurista.<\/p>\n<p style=\"text-align: justify\">Seg\u00fan Zambrano, lo que ha motivado el caso de lavado activos es la creencia \u201cfalsa\u201d de que Hern\u00e1ndez est\u00e1 detr\u00e1s o es la mente maestra que busca el retorno del ex mandatario Correa, sentenciado por el caso Sobornos.<\/p>\n<p id=\"m165-164-166\" class=\"paragraph \" style=\"text-align: justify\">El jurista, adelant\u00f3 que se presentar\u00e1n (sin especificar si Hern\u00e1ndez tambi\u00e9n lo har\u00e1) a la audiencia de formulaci\u00f3n de cargos por el caso de lavado de activos prevista para el 4 de marzo de 2024.<\/p>\n","protected":false},"excerpt":{"rendered":"<p>REDACCI\u00d3N NOTI-AM\u00c9RICA (ECUADOR). La ma\u00f1ana de este mi\u00e9rcoles, 28 de febrero, el jurista Alfonso Zambrano Pasquel, abogado de la ex operadora pol\u00edtica de Rafael Correa, Bibian Hern\u00e1ndez, sali\u00f3 en su defensa por el presunto&#46;&#46;&#46;<\/p>\n","protected":false},"author":144,"featured_media":29165,"comment_status":"open","ping_status":"open","sticky":false,"template":"","format":"standard","meta":{"_acf_changed":false,"om_disable_all_campaigns":false,"rop_custom_images_group":[],"rop_custom_messages_group":[],"rop_publish_now":"initial","rop_publish_now_accounts":{"twitter_242054905_242054905":""},"rop_publish_now_history":[],"rop_publish_now_status":"pending","_uf_show_specific_survey":0,"_uf_disable_surveys":false,"footnotes":""},"categories":[125,1],"tags":[],"class_list":["post-29160","post","type-post","status-publish","format-standard","has-post-thumbnail","hentry","category-actualidad","category-uncategorized"],"acf":[],"aioseo_notices":[],"yoast_head":"<!-- This site is optimized with the Yoast SEO Premium plugin v24.9 (Yoast SEO v27.2) - https:\/\/yoast.com\/product\/yoast-seo-premium-wordpress\/ -->\n<title>Defensa de Hern\u00e1ndez desmiente acusaci\u00f3n por lavado de activo - Ecuador | Noti-America.com<\/title>\n<meta name=\"robots\" content=\"index, follow, max-snippet:-1, max-image-preview:large, max-video-preview:-1\" \/>\n<link rel=\"canonical\" href=\"https:\/\/noti-america.com\/site\/ecuador\/2024\/02\/28\/defensa-hernandez-desmiente-acusacion-de-lavado-de-activo\/\" \/>\n<meta property=\"og:locale\" content=\"es_ES\" \/>\n<meta property=\"og:type\" content=\"article\" \/>\n<meta property=\"og:title\" content=\"Defensa de Hern\u00e1ndez desmiente acusaci\u00f3n por lavado de activo\" \/>\n<meta property=\"og:description\" content=\"REDACCI\u00d3N NOTI-AM\u00c9RICA (ECUADOR). La ma\u00f1ana de este mi\u00e9rcoles, 28 de febrero, el jurista Alfonso Zambrano Pasquel, abogado de la ex operadora pol\u00edtica de Rafael Correa, Bibian Hern\u00e1ndez, sali\u00f3 en su defensa por el presunto&#046;&#046;&#046;\" \/>\n<meta property=\"og:url\" content=\"https:\/\/noti-america.com\/site\/ecuador\/2024\/02\/28\/defensa-hernandez-desmiente-acusacion-de-lavado-de-activo\/\" \/>\n<meta property=\"og:site_name\" content=\"Ecuador | Noti-America.com\" \/>\n<meta property=\"article:published_time\" content=\"2024-02-28T19:16:33+00:00\" \/>\n<meta property=\"article:modified_time\" content=\"2024-02-28T19:28:07+00:00\" \/>\n<meta property=\"og:image\" content=\"https:\/\/noti-america.com\/site\/ecuador\/wp-content\/uploads\/sites\/18\/2024\/02\/IMG_20240228_141140-1-scaled.jpg\" \/>\n\t<meta property=\"og:image:width\" content=\"2560\" \/>\n\t<meta property=\"og:image:height\" content=\"1778\" \/>\n\t<meta property=\"og:image:type\" content=\"image\/jpeg\" \/>\n<meta name=\"author\" content=\"Henry Garrido\" \/>\n<meta name=\"twitter:card\" content=\"summary_large_image\" \/>\n<meta name=\"twitter:creator\" content=\"@notiamerica\" \/>\n<meta name=\"twitter:site\" content=\"@notiamerica\" \/>\n<meta name=\"twitter:label1\" content=\"Escrito por\" \/>\n\t<meta name=\"twitter:data1\" content=\"Henry Garrido\" \/>\n\t<meta name=\"twitter:label2\" content=\"Tiempo estimado de lectura\" \/>\n\t<meta name=\"twitter:data2\" content=\"2 minutos\" \/>\n<script type=\"application\/ld+json\" class=\"yoast-schema-graph\">{\"@context\":\"https:\/\/schema.org\",\"@graph\":[{\"@type\":\"Article\",\"@id\":\"https:\/\/noti-america.com\/site\/ecuador\/2024\/02\/28\/defensa-hernandez-desmiente-acusacion-de-lavado-de-activo\/#article\",\"isPartOf\":{\"@id\":\"https:\/\/noti-america.com\/site\/ecuador\/2024\/02\/28\/defensa-hernandez-desmiente-acusacion-de-lavado-de-activo\/\"},\"author\":{\"name\":\"Henry Garrido\",\"@id\":\"https:\/\/noti-america.com\/site\/ecuador\/#\/schema\/person\/00042412cfa9ecf98077f847ffadda4a\"},\"headline\":\"Defensa de Hern\u00e1ndez desmiente acusaci\u00f3n por lavado de activo\",\"datePublished\":\"2024-02-28T19:16:33+00:00\",\"dateModified\":\"2024-02-28T19:28:07+00:00\",\"mainEntityOfPage\":{\"@id\":\"https:\/\/noti-america.com\/site\/ecuador\/2024\/02\/28\/defensa-hernandez-desmiente-acusacion-de-lavado-de-activo\/\"},\"wordCount\":324,\"commentCount\":0,\"publisher\":{\"@id\":\"https:\/\/noti-america.com\/site\/ecuador\/#organization\"},\"image\":{\"@id\":\"https:\/\/noti-america.com\/site\/ecuador\/2024\/02\/28\/defensa-hernandez-desmiente-acusacion-de-lavado-de-activo\/#primaryimage\"},\"thumbnailUrl\":\"https:\/\/noti-america.com\/site\/ecuador\/wp-content\/uploads\/sites\/18\/2024\/02\/IMG_20240228_141140-1-scaled.jpg\",\"articleSection\":[\"Actualidad\",\"Uncategorized\"],\"inLanguage\":\"es\",\"potentialAction\":[{\"@type\":\"CommentAction\",\"name\":\"Comment\",\"target\":[\"https:\/\/noti-america.com\/site\/ecuador\/2024\/02\/28\/defensa-hernandez-desmiente-acusacion-de-lavado-de-activo\/#respond\"]}]},{\"@type\":\"WebPage\",\"@id\":\"https:\/\/noti-america.com\/site\/ecuador\/2024\/02\/28\/defensa-hernandez-desmiente-acusacion-de-lavado-de-activo\/\",\"url\":\"https:\/\/noti-america.com\/site\/ecuador\/2024\/02\/28\/defensa-hernandez-desmiente-acusacion-de-lavado-de-activo\/\",\"name\":\"Defensa de Hern\u00e1ndez desmiente acusaci\u00f3n por lavado de activo - Ecuador | Noti-America.com\",\"isPartOf\":{\"@id\":\"https:\/\/noti-america.com\/site\/ecuador\/#website\"},\"primaryImageOfPage\":{\"@id\":\"https:\/\/noti-america.com\/site\/ecuador\/2024\/02\/28\/defensa-hernandez-desmiente-acusacion-de-lavado-de-activo\/#primaryimage\"},\"image\":{\"@id\":\"https:\/\/noti-america.com\/site\/ecuador\/2024\/02\/28\/defensa-hernandez-desmiente-acusacion-de-lavado-de-activo\/#primaryimage\"},\"thumbnailUrl\":\"https:\/\/noti-america.com\/site\/ecuador\/wp-content\/uploads\/sites\/18\/2024\/02\/IMG_20240228_141140-1-scaled.jpg\",\"datePublished\":\"2024-02-28T19:16:33+00:00\",\"dateModified\":\"2024-02-28T19:28:07+00:00\",\"breadcrumb\":{\"@id\":\"https:\/\/noti-america.com\/site\/ecuador\/2024\/02\/28\/defensa-hernandez-desmiente-acusacion-de-lavado-de-activo\/#breadcrumb\"},\"inLanguage\":\"es\",\"potentialAction\":[{\"@type\":\"ReadAction\",\"target\":[\"https:\/\/noti-america.com\/site\/ecuador\/2024\/02\/28\/defensa-hernandez-desmiente-acusacion-de-lavado-de-activo\/\"]}]},{\"@type\":\"ImageObject\",\"inLanguage\":\"es\",\"@id\":\"https:\/\/noti-america.com\/site\/ecuador\/2024\/02\/28\/defensa-hernandez-desmiente-acusacion-de-lavado-de-activo\/#primaryimage\",\"url\":\"https:\/\/noti-america.com\/site\/ecuador\/wp-content\/uploads\/sites\/18\/2024\/02\/IMG_20240228_141140-1-scaled.jpg\",\"contentUrl\":\"https:\/\/noti-america.com\/site\/ecuador\/wp-content\/uploads\/sites\/18\/2024\/02\/IMG_20240228_141140-1-scaled.jpg\",\"width\":2560,\"height\":1778},{\"@type\":\"BreadcrumbList\",\"@id\":\"https:\/\/noti-america.com\/site\/ecuador\/2024\/02\/28\/defensa-hernandez-desmiente-acusacion-de-lavado-de-activo\/#breadcrumb\",\"itemListElement\":[{\"@type\":\"ListItem\",\"position\":1,\"name\":\"Portada\",\"item\":\"https:\/\/noti-america.com\/site\/ecuador\/\"},{\"@type\":\"ListItem\",\"position\":2,\"name\":\"Defensa de Hern\u00e1ndez desmiente acusaci\u00f3n por lavado de activo\"}]},{\"@type\":\"WebSite\",\"@id\":\"https:\/\/noti-america.com\/site\/ecuador\/#website\",\"url\":\"https:\/\/noti-america.com\/site\/ecuador\/\",\"name\":\"Ecuador | Noti-America.com\",\"description\":\"\",\"publisher\":{\"@id\":\"https:\/\/noti-america.com\/site\/ecuador\/#organization\"},\"potentialAction\":[{\"@type\":\"SearchAction\",\"target\":{\"@type\":\"EntryPoint\",\"urlTemplate\":\"https:\/\/noti-america.com\/site\/ecuador\/?s={search_term_string}\"},\"query-input\":{\"@type\":\"PropertyValueSpecification\",\"valueRequired\":true,\"valueName\":\"search_term_string\"}}],\"inLanguage\":\"es\"},{\"@type\":\"Organization\",\"@id\":\"https:\/\/noti-america.com\/site\/ecuador\/#organization\",\"name\":\"Noti-America LLC | Ecuador\",\"url\":\"https:\/\/noti-america.com\/site\/ecuador\/\",\"logo\":{\"@type\":\"ImageObject\",\"inLanguage\":\"es\",\"@id\":\"https:\/\/noti-america.com\/site\/ecuador\/#\/schema\/logo\/image\/\",\"url\":\"https:\/\/noti-america.com\/site\/ecuador\/wp-content\/uploads\/sites\/18\/2020\/07\/LogoNA-4x3-1.jpg\",\"contentUrl\":\"https:\/\/noti-america.com\/site\/ecuador\/wp-content\/uploads\/sites\/18\/2020\/07\/LogoNA-4x3-1.jpg\",\"width\":1236,\"height\":1080,\"caption\":\"Noti-America LLC | Ecuador\"},\"image\":{\"@id\":\"https:\/\/noti-america.com\/site\/ecuador\/#\/schema\/logo\/image\/\"},\"sameAs\":[\"https:\/\/x.com\/notiamerica\"]},{\"@type\":\"Person\",\"@id\":\"https:\/\/noti-america.com\/site\/ecuador\/#\/schema\/person\/00042412cfa9ecf98077f847ffadda4a\",\"name\":\"Henry Garrido\",\"image\":{\"@type\":\"ImageObject\",\"inLanguage\":\"es\",\"@id\":\"https:\/\/secure.gravatar.com\/avatar\/749ae5a1e6f22cf042f04b9f3f0a22732ae36970ccfd5c54a0a2ac3c4e1166ed?s=96&d=mm&r=g\",\"url\":\"https:\/\/secure.gravatar.com\/avatar\/749ae5a1e6f22cf042f04b9f3f0a22732ae36970ccfd5c54a0a2ac3c4e1166ed?s=96&d=mm&r=g\",\"contentUrl\":\"https:\/\/secure.gravatar.com\/avatar\/749ae5a1e6f22cf042f04b9f3f0a22732ae36970ccfd5c54a0a2ac3c4e1166ed?s=96&d=mm&r=g\",\"caption\":\"Henry Garrido\"},\"url\":\"https:\/\/noti-america.com\/site\/ecuador\/author\/hgarrido\/\"}]}<\/script>\n<!-- \/ Yoast SEO Premium plugin. -->","yoast_head_json":{"title":"Defensa de Hern\u00e1ndez desmiente acusaci\u00f3n por lavado de activo - Ecuador | Noti-America.com","robots":{"index":"index","follow":"follow","max-snippet":"max-snippet:-1","max-image-preview":"max-image-preview:large","max-video-preview":"max-video-preview:-1"},"canonical":"https:\/\/noti-america.com\/site\/ecuador\/2024\/02\/28\/defensa-hernandez-desmiente-acusacion-de-lavado-de-activo\/","og_locale":"es_ES","og_type":"article","og_title":"Defensa de Hern\u00e1ndez desmiente acusaci\u00f3n por lavado de activo","og_description":"REDACCI\u00d3N NOTI-AM\u00c9RICA (ECUADOR). La ma\u00f1ana de este mi\u00e9rcoles, 28 de febrero, el jurista Alfonso Zambrano Pasquel, abogado de la ex operadora pol\u00edtica de Rafael Correa, Bibian Hern\u00e1ndez, sali\u00f3 en su defensa por el presunto&#46;&#46;&#46;","og_url":"https:\/\/noti-america.com\/site\/ecuador\/2024\/02\/28\/defensa-hernandez-desmiente-acusacion-de-lavado-de-activo\/","og_site_name":"Ecuador | Noti-America.com","article_published_time":"2024-02-28T19:16:33+00:00","article_modified_time":"2024-02-28T19:28:07+00:00","og_image":[{"width":2560,"height":1778,"url":"https:\/\/noti-america.com\/site\/ecuador\/wp-content\/uploads\/sites\/18\/2024\/02\/IMG_20240228_141140-1-scaled.jpg","type":"image\/jpeg"}],"author":"Henry Garrido","twitter_card":"summary_large_image","twitter_creator":"@notiamerica","twitter_site":"@notiamerica","twitter_misc":{"Escrito por":"Henry Garrido","Tiempo estimado de lectura":"2 minutos"},"schema":{"@context":"https:\/\/schema.org","@graph":[{"@type":"Article","@id":"https:\/\/noti-america.com\/site\/ecuador\/2024\/02\/28\/defensa-hernandez-desmiente-acusacion-de-lavado-de-activo\/#article","isPartOf":{"@id":"https:\/\/noti-america.com\/site\/ecuador\/2024\/02\/28\/defensa-hernandez-desmiente-acusacion-de-lavado-de-activo\/"},"author":{"name":"Henry Garrido","@id":"https:\/\/noti-america.com\/site\/ecuador\/#\/schema\/person\/00042412cfa9ecf98077f847ffadda4a"},"headline":"Defensa de Hern\u00e1ndez desmiente acusaci\u00f3n por lavado de activo","datePublished":"2024-02-28T19:16:33+00:00","dateModified":"2024-02-28T19:28:07+00:00","mainEntityOfPage":{"@id":"https:\/\/noti-america.com\/site\/ecuador\/2024\/02\/28\/defensa-hernandez-desmiente-acusacion-de-lavado-de-activo\/"},"wordCount":324,"commentCount":0,"publisher":{"@id":"https:\/\/noti-america.com\/site\/ecuador\/#organization"},"image":{"@id":"https:\/\/noti-america.com\/site\/ecuador\/2024\/02\/28\/defensa-hernandez-desmiente-acusacion-de-lavado-de-activo\/#primaryimage"},"thumbnailUrl":"https:\/\/noti-america.com\/site\/ecuador\/wp-content\/uploads\/sites\/18\/2024\/02\/IMG_20240228_141140-1-scaled.jpg","articleSection":["Actualidad","Uncategorized"],"inLanguage":"es","potentialAction":[{"@type":"CommentAction","name":"Comment","target":["https:\/\/noti-america.com\/site\/ecuador\/2024\/02\/28\/defensa-hernandez-desmiente-acusacion-de-lavado-de-activo\/#respond"]}]},{"@type":"WebPage","@id":"https:\/\/noti-america.com\/site\/ecuador\/2024\/02\/28\/defensa-hernandez-desmiente-acusacion-de-lavado-de-activo\/","url":"https:\/\/noti-america.com\/site\/ecuador\/2024\/02\/28\/defensa-hernandez-desmiente-acusacion-de-lavado-de-activo\/","name":"Defensa de Hern\u00e1ndez desmiente acusaci\u00f3n por lavado de activo - Ecuador | Noti-America.com","isPartOf":{"@id":"https:\/\/noti-america.com\/site\/ecuador\/#website"},"primaryImageOfPage":{"@id":"https:\/\/noti-america.com\/site\/ecuador\/2024\/02\/28\/defensa-hernandez-desmiente-acusacion-de-lavado-de-activo\/#primaryimage"},"image":{"@id":"https:\/\/noti-america.com\/site\/ecuador\/2024\/02\/28\/defensa-hernandez-desmiente-acusacion-de-lavado-de-activo\/#primaryimage"},"thumbnailUrl":"https:\/\/noti-america.com\/site\/ecuador\/wp-content\/uploads\/sites\/18\/2024\/02\/IMG_20240228_141140-1-scaled.jpg","datePublished":"2024-02-28T19:16:33+00:00","dateModified":"2024-02-28T19:28:07+00:00","breadcrumb":{"@id":"https:\/\/noti-america.com\/site\/ecuador\/2024\/02\/28\/defensa-hernandez-desmiente-acusacion-de-lavado-de-activo\/#breadcrumb"},"inLanguage":"es","potentialAction":[{"@type":"ReadAction","target":["https:\/\/noti-america.com\/site\/ecuador\/2024\/02\/28\/defensa-hernandez-desmiente-acusacion-de-lavado-de-activo\/"]}]},{"@type":"ImageObject","inLanguage":"es","@id":"https:\/\/noti-america.com\/site\/ecuador\/2024\/02\/28\/defensa-hernandez-desmiente-acusacion-de-lavado-de-activo\/#primaryimage","url":"https:\/\/noti-america.com\/site\/ecuador\/wp-content\/uploads\/sites\/18\/2024\/02\/IMG_20240228_141140-1-scaled.jpg","contentUrl":"https:\/\/noti-america.com\/site\/ecuador\/wp-content\/uploads\/sites\/18\/2024\/02\/IMG_20240228_141140-1-scaled.jpg","width":2560,"height":1778},{"@type":"BreadcrumbList","@id":"https:\/\/noti-america.com\/site\/ecuador\/2024\/02\/28\/defensa-hernandez-desmiente-acusacion-de-lavado-de-activo\/#breadcrumb","itemListElement":[{"@type":"ListItem","position":1,"name":"Portada","item":"https:\/\/noti-america.com\/site\/ecuador\/"},{"@type":"ListItem","position":2,"name":"Defensa de Hern\u00e1ndez desmiente acusaci\u00f3n por lavado de activo"}]},{"@type":"WebSite","@id":"https:\/\/noti-america.com\/site\/ecuador\/#website","url":"https:\/\/noti-america.com\/site\/ecuador\/","name":"Ecuador | Noti-America.com","description":"","publisher":{"@id":"https:\/\/noti-america.com\/site\/ecuador\/#organization"},"potentialAction":[{"@type":"SearchAction","target":{"@type":"EntryPoint","urlTemplate":"https:\/\/noti-america.com\/site\/ecuador\/?s={search_term_string}"},"query-input":{"@type":"PropertyValueSpecification","valueRequired":true,"valueName":"search_term_string"}}],"inLanguage":"es"},{"@type":"Organization","@id":"https:\/\/noti-america.com\/site\/ecuador\/#organization","name":"Noti-America LLC | Ecuador","url":"https:\/\/noti-america.com\/site\/ecuador\/","logo":{"@type":"ImageObject","inLanguage":"es","@id":"https:\/\/noti-america.com\/site\/ecuador\/#\/schema\/logo\/image\/","url":"https:\/\/noti-america.com\/site\/ecuador\/wp-content\/uploads\/sites\/18\/2020\/07\/LogoNA-4x3-1.jpg","contentUrl":"https:\/\/noti-america.com\/site\/ecuador\/wp-content\/uploads\/sites\/18\/2020\/07\/LogoNA-4x3-1.jpg","width":1236,"height":1080,"caption":"Noti-America LLC | Ecuador"},"image":{"@id":"https:\/\/noti-america.com\/site\/ecuador\/#\/schema\/logo\/image\/"},"sameAs":["https:\/\/x.com\/notiamerica"]},{"@type":"Person","@id":"https:\/\/noti-america.com\/site\/ecuador\/#\/schema\/person\/00042412cfa9ecf98077f847ffadda4a","name":"Henry Garrido","image":{"@type":"ImageObject","inLanguage":"es","@id":"https:\/\/secure.gravatar.com\/avatar\/749ae5a1e6f22cf042f04b9f3f0a22732ae36970ccfd5c54a0a2ac3c4e1166ed?s=96&d=mm&r=g","url":"https:\/\/secure.gravatar.com\/avatar\/749ae5a1e6f22cf042f04b9f3f0a22732ae36970ccfd5c54a0a2ac3c4e1166ed?s=96&d=mm&r=g","contentUrl":"https:\/\/secure.gravatar.com\/avatar\/749ae5a1e6f22cf042f04b9f3f0a22732ae36970ccfd5c54a0a2ac3c4e1166ed?s=96&d=mm&r=g","caption":"Henry Garrido"},"url":"https:\/\/noti-america.com\/site\/ecuador\/author\/hgarrido\/"}]}},"_links":{"self":[{"href":"https:\/\/noti-america.com\/site\/ecuador\/wp-json\/wp\/v2\/posts\/29160","targetHints":{"allow":["GET"]}}],"collection":[{"href":"https:\/\/noti-america.com\/site\/ecuador\/wp-json\/wp\/v2\/posts"}],"about":[{"href":"https:\/\/noti-america.com\/site\/ecuador\/wp-json\/wp\/v2\/types\/post"}],"author":[{"embeddable":true,"href":"https:\/\/noti-america.com\/site\/ecuador\/wp-json\/wp\/v2\/users\/144"}],"replies":[{"embeddable":true,"href":"https:\/\/noti-america.com\/site\/ecuador\/wp-json\/wp\/v2\/comments?post=29160"}],"version-history":[{"count":4,"href":"https:\/\/noti-america.com\/site\/ecuador\/wp-json\/wp\/v2\/posts\/29160\/revisions"}],"predecessor-version":[{"id":29171,"href":"https:\/\/noti-america.com\/site\/ecuador\/wp-json\/wp\/v2\/posts\/29160\/revisions\/29171"}],"wp:featuredmedia":[{"embeddable":true,"href":"https:\/\/noti-america.com\/site\/ecuador\/wp-json\/wp\/v2\/media\/29165"}],"wp:attachment":[{"href":"https:\/\/noti-america.com\/site\/ecuador\/wp-json\/wp\/v2\/media?parent=29160"}],"wp:term":[{"taxonomy":"category","embeddable":true,"href":"https:\/\/noti-america.com\/site\/ecuador\/wp-json\/wp\/v2\/categories?post=29160"},{"taxonomy":"post_tag","embeddable":true,"href":"https:\/\/noti-america.com\/site\/ecuador\/wp-json\/wp\/v2\/tags?post=29160"}],"curies":[{"name":"wp","href":"https:\/\/api.w.org\/{rel}","templated":true}]}}