{"id":28845,"date":"2024-01-30T01:12:26","date_gmt":"2024-01-30T01:12:26","guid":{"rendered":"https:\/\/noti-america.com\/site\/ecuador\/?p=28845"},"modified":"2024-01-30T01:39:51","modified_gmt":"2024-01-30T01:39:51","slug":"comision-de-transito-del-ecuador-celebra-76-anos","status":"publish","type":"post","link":"https:\/\/noti-america.com\/site\/ecuador\/2024\/01\/30\/comision-de-transito-del-ecuador-celebra-76-anos\/","title":{"rendered":"Comisi\u00f3n de Tr\u00e1nsito del Ecuador celebra 76 a\u00f1os"},"content":{"rendered":"<p><strong>REDACCI\u00d3N NOTI-AM\u00c9RICA\u00a0(ECUADOR).<\/strong><\/p>\n<div id=\"attachment_28848\" style=\"width: 358px\" class=\"wp-caption aligncenter\"><img loading=\"lazy\" decoding=\"async\" aria-describedby=\"caption-attachment-28848\" class=\" wp-image-28848\" src=\"https:\/\/noti-america.com\/site\/ecuador\/wp-content\/uploads\/sites\/18\/2024\/01\/aa9984a8-e6df-44eb-a466-45cfd33bf9c9-300x225.jpg\" alt=\"\" width=\"348\" height=\"261\" srcset=\"https:\/\/noti-america.com\/site\/ecuador\/wp-content\/uploads\/sites\/18\/2024\/01\/aa9984a8-e6df-44eb-a466-45cfd33bf9c9-300x225.jpg 300w, https:\/\/noti-america.com\/site\/ecuador\/wp-content\/uploads\/sites\/18\/2024\/01\/aa9984a8-e6df-44eb-a466-45cfd33bf9c9-1024x768.jpg 1024w, https:\/\/noti-america.com\/site\/ecuador\/wp-content\/uploads\/sites\/18\/2024\/01\/aa9984a8-e6df-44eb-a466-45cfd33bf9c9-768x576.jpg 768w, https:\/\/noti-america.com\/site\/ecuador\/wp-content\/uploads\/sites\/18\/2024\/01\/aa9984a8-e6df-44eb-a466-45cfd33bf9c9-1536x1152.jpg 1536w, https:\/\/noti-america.com\/site\/ecuador\/wp-content\/uploads\/sites\/18\/2024\/01\/aa9984a8-e6df-44eb-a466-45cfd33bf9c9.jpg 1600w\" sizes=\"auto, (max-width: 348px) 100vw, 348px\" \/><p id=\"caption-attachment-28848\" class=\"wp-caption-text\">Rafael Orozco, comandante de la CTE.<\/p><\/div>\n<p style=\"text-align: justify\">En medio de una ceremonia castrense y sobre todo con gallard\u00eda, este lunes, 29 de enero del 2024, los vigilantes de la Comisi\u00f3n de Tr\u00e1nsito del Ecuador (CTE) recordaron el aniversario n\u00famero 76 de la instituci\u00f3n.<\/p>\n<p style=\"text-align: justify\">Una peque\u00f1a rese\u00f1a hist\u00f3rica fue punto de inicio del evento. En ella, se record\u00f3 que el organismo fue creado como Comisi\u00f3n de Tr\u00e1nsito del Guayas (CTG) 1948, mediante decreto ejecutivo, por el entonces presidente Carlos Julio Arosemena Tola.<\/p>\n<p style=\"text-align: justify\">La actividad se desarroll\u00f3 en los patios de la Comandancia Norte, ubicada en la avenida de Las Am\u00e9ricas, junto al Terminal Terrestre de Guayaquil, sitio donde sobresali\u00f3 el uniforme azul y blanco que diariamente usan para direccionar el flujo vehicular en los diferentes cantones y v\u00edas estatales donde tienen competencia.<\/p>\n<p style=\"text-align: justify\">En el evento particip\u00f3 el ministro de Transporte y Obras P\u00fablicas, Roberto Luque, quien resalt\u00f3 la labor de la entidad, que hasta 2011 funcion\u00f3 como Comisi\u00f3n de Tr\u00e1nsito del Guayas (CTG) para luego pasar a car\u00e1cter nacional y llamarse Comisi\u00f3n de Tr\u00e1nsito del Ecuador.<\/p>\n<p style=\"text-align: justify\">Por su lado, \u00e9l comandante del Cuerpo Uniformados, General Rafael Orozco, agradeci\u00f3 a los agentes por llevar con responsabilidad y carisma el orgullo de la vestimenta institucional. Adem\u00e1s, a la ciudadan\u00eda que permiten su trabajo en las v\u00edas.<\/p>\n<p style=\"text-align: justify\">Como parte del acto, delegaciones de las distintas unidades de la entidad hicieron un breve desfile en el patio de la Comandancia.<\/p>\n","protected":false},"excerpt":{"rendered":"<p>REDACCI\u00d3N NOTI-AM\u00c9RICA\u00a0(ECUADOR). En medio de una ceremonia castrense y sobre todo con gallard\u00eda, este lunes, 29 de enero del 2024, los vigilantes de la Comisi\u00f3n de Tr\u00e1nsito del Ecuador (CTE) recordaron el aniversario n\u00famero&#46;&#46;&#46;<\/p>\n","protected":false},"author":144,"featured_media":28848,"comment_status":"open","ping_status":"open","sticky":false,"template":"","format":"standard","meta":{"_acf_changed":false,"om_disable_all_campaigns":false,"rop_custom_images_group":[],"rop_custom_messages_group":[],"rop_publish_now":"initial","rop_publish_now_accounts":{"twitter_242054905_242054905":""},"rop_publish_now_history":[],"rop_publish_now_status":"pending","_uf_show_specific_survey":0,"_uf_disable_surveys":false,"footnotes":""},"categories":[1],"tags":[],"class_list":["post-28845","post","type-post","status-publish","format-standard","has-post-thumbnail","hentry","category-uncategorized"],"acf":[],"aioseo_notices":[],"yoast_head":"<!-- This site is optimized with the Yoast SEO Premium plugin v24.9 (Yoast SEO v27.2) - https:\/\/yoast.com\/product\/yoast-seo-premium-wordpress\/ -->\n<title>Comisi\u00f3n de Tr\u00e1nsito del Ecuador celebra 76 a\u00f1os - Ecuador | Noti-America.com<\/title>\n<meta name=\"robots\" content=\"index, follow, max-snippet:-1, max-image-preview:large, max-video-preview:-1\" \/>\n<link rel=\"canonical\" href=\"https:\/\/noti-america.com\/site\/ecuador\/2024\/01\/30\/comision-de-transito-del-ecuador-celebra-76-anos\/\" \/>\n<meta property=\"og:locale\" content=\"es_ES\" \/>\n<meta property=\"og:type\" content=\"article\" \/>\n<meta property=\"og:title\" content=\"Comisi\u00f3n de Tr\u00e1nsito del Ecuador celebra 76 a\u00f1os\" \/>\n<meta property=\"og:description\" content=\"REDACCI\u00d3N NOTI-AM\u00c9RICA\u00a0(ECUADOR). En medio de una ceremonia castrense y sobre todo con gallard\u00eda, este lunes, 29 de enero del 2024, los vigilantes de la Comisi\u00f3n de Tr\u00e1nsito del Ecuador (CTE) recordaron el aniversario n\u00famero&#046;&#046;&#046;\" \/>\n<meta property=\"og:url\" content=\"https:\/\/noti-america.com\/site\/ecuador\/2024\/01\/30\/comision-de-transito-del-ecuador-celebra-76-anos\/\" \/>\n<meta property=\"og:site_name\" content=\"Ecuador | Noti-America.com\" \/>\n<meta property=\"article:published_time\" content=\"2024-01-30T01:12:26+00:00\" \/>\n<meta property=\"article:modified_time\" content=\"2024-01-30T01:39:51+00:00\" \/>\n<meta property=\"og:image\" content=\"https:\/\/noti-america.com\/site\/ecuador\/wp-content\/uploads\/sites\/18\/2024\/01\/aa9984a8-e6df-44eb-a466-45cfd33bf9c9.jpg\" \/>\n\t<meta property=\"og:image:width\" content=\"1600\" \/>\n\t<meta property=\"og:image:height\" content=\"1200\" \/>\n\t<meta property=\"og:image:type\" content=\"image\/jpeg\" \/>\n<meta name=\"author\" content=\"Henry Garrido\" \/>\n<meta name=\"twitter:card\" content=\"summary_large_image\" \/>\n<meta name=\"twitter:creator\" content=\"@notiamerica\" \/>\n<meta name=\"twitter:site\" content=\"@notiamerica\" \/>\n<meta name=\"twitter:label1\" content=\"Escrito por\" \/>\n\t<meta name=\"twitter:data1\" content=\"Henry Garrido\" \/>\n\t<meta name=\"twitter:label2\" content=\"Tiempo estimado de lectura\" \/>\n\t<meta name=\"twitter:data2\" content=\"2 minutos\" \/>\n<script type=\"application\/ld+json\" class=\"yoast-schema-graph\">{\"@context\":\"https:\/\/schema.org\",\"@graph\":[{\"@type\":\"Article\",\"@id\":\"https:\/\/noti-america.com\/site\/ecuador\/2024\/01\/30\/comision-de-transito-del-ecuador-celebra-76-anos\/#article\",\"isPartOf\":{\"@id\":\"https:\/\/noti-america.com\/site\/ecuador\/2024\/01\/30\/comision-de-transito-del-ecuador-celebra-76-anos\/\"},\"author\":{\"name\":\"Henry Garrido\",\"@id\":\"https:\/\/noti-america.com\/site\/ecuador\/#\/schema\/person\/00042412cfa9ecf98077f847ffadda4a\"},\"headline\":\"Comisi\u00f3n de Tr\u00e1nsito del Ecuador celebra 76 a\u00f1os\",\"datePublished\":\"2024-01-30T01:12:26+00:00\",\"dateModified\":\"2024-01-30T01:39:51+00:00\",\"mainEntityOfPage\":{\"@id\":\"https:\/\/noti-america.com\/site\/ecuador\/2024\/01\/30\/comision-de-transito-del-ecuador-celebra-76-anos\/\"},\"wordCount\":272,\"commentCount\":0,\"publisher\":{\"@id\":\"https:\/\/noti-america.com\/site\/ecuador\/#organization\"},\"image\":{\"@id\":\"https:\/\/noti-america.com\/site\/ecuador\/2024\/01\/30\/comision-de-transito-del-ecuador-celebra-76-anos\/#primaryimage\"},\"thumbnailUrl\":\"https:\/\/noti-america.com\/site\/ecuador\/wp-content\/uploads\/sites\/18\/2024\/01\/aa9984a8-e6df-44eb-a466-45cfd33bf9c9.jpg\",\"articleSection\":[\"Uncategorized\"],\"inLanguage\":\"es\",\"potentialAction\":[{\"@type\":\"CommentAction\",\"name\":\"Comment\",\"target\":[\"https:\/\/noti-america.com\/site\/ecuador\/2024\/01\/30\/comision-de-transito-del-ecuador-celebra-76-anos\/#respond\"]}]},{\"@type\":\"WebPage\",\"@id\":\"https:\/\/noti-america.com\/site\/ecuador\/2024\/01\/30\/comision-de-transito-del-ecuador-celebra-76-anos\/\",\"url\":\"https:\/\/noti-america.com\/site\/ecuador\/2024\/01\/30\/comision-de-transito-del-ecuador-celebra-76-anos\/\",\"name\":\"Comisi\u00f3n de Tr\u00e1nsito del Ecuador celebra 76 a\u00f1os - Ecuador | Noti-America.com\",\"isPartOf\":{\"@id\":\"https:\/\/noti-america.com\/site\/ecuador\/#website\"},\"primaryImageOfPage\":{\"@id\":\"https:\/\/noti-america.com\/site\/ecuador\/2024\/01\/30\/comision-de-transito-del-ecuador-celebra-76-anos\/#primaryimage\"},\"image\":{\"@id\":\"https:\/\/noti-america.com\/site\/ecuador\/2024\/01\/30\/comision-de-transito-del-ecuador-celebra-76-anos\/#primaryimage\"},\"thumbnailUrl\":\"https:\/\/noti-america.com\/site\/ecuador\/wp-content\/uploads\/sites\/18\/2024\/01\/aa9984a8-e6df-44eb-a466-45cfd33bf9c9.jpg\",\"datePublished\":\"2024-01-30T01:12:26+00:00\",\"dateModified\":\"2024-01-30T01:39:51+00:00\",\"breadcrumb\":{\"@id\":\"https:\/\/noti-america.com\/site\/ecuador\/2024\/01\/30\/comision-de-transito-del-ecuador-celebra-76-anos\/#breadcrumb\"},\"inLanguage\":\"es\",\"potentialAction\":[{\"@type\":\"ReadAction\",\"target\":[\"https:\/\/noti-america.com\/site\/ecuador\/2024\/01\/30\/comision-de-transito-del-ecuador-celebra-76-anos\/\"]}]},{\"@type\":\"ImageObject\",\"inLanguage\":\"es\",\"@id\":\"https:\/\/noti-america.com\/site\/ecuador\/2024\/01\/30\/comision-de-transito-del-ecuador-celebra-76-anos\/#primaryimage\",\"url\":\"https:\/\/noti-america.com\/site\/ecuador\/wp-content\/uploads\/sites\/18\/2024\/01\/aa9984a8-e6df-44eb-a466-45cfd33bf9c9.jpg\",\"contentUrl\":\"https:\/\/noti-america.com\/site\/ecuador\/wp-content\/uploads\/sites\/18\/2024\/01\/aa9984a8-e6df-44eb-a466-45cfd33bf9c9.jpg\",\"width\":1600,\"height\":1200},{\"@type\":\"BreadcrumbList\",\"@id\":\"https:\/\/noti-america.com\/site\/ecuador\/2024\/01\/30\/comision-de-transito-del-ecuador-celebra-76-anos\/#breadcrumb\",\"itemListElement\":[{\"@type\":\"ListItem\",\"position\":1,\"name\":\"Portada\",\"item\":\"https:\/\/noti-america.com\/site\/ecuador\/\"},{\"@type\":\"ListItem\",\"position\":2,\"name\":\"Comisi\u00f3n de Tr\u00e1nsito del Ecuador celebra 76 a\u00f1os\"}]},{\"@type\":\"WebSite\",\"@id\":\"https:\/\/noti-america.com\/site\/ecuador\/#website\",\"url\":\"https:\/\/noti-america.com\/site\/ecuador\/\",\"name\":\"Ecuador | Noti-America.com\",\"description\":\"\",\"publisher\":{\"@id\":\"https:\/\/noti-america.com\/site\/ecuador\/#organization\"},\"potentialAction\":[{\"@type\":\"SearchAction\",\"target\":{\"@type\":\"EntryPoint\",\"urlTemplate\":\"https:\/\/noti-america.com\/site\/ecuador\/?s={search_term_string}\"},\"query-input\":{\"@type\":\"PropertyValueSpecification\",\"valueRequired\":true,\"valueName\":\"search_term_string\"}}],\"inLanguage\":\"es\"},{\"@type\":\"Organization\",\"@id\":\"https:\/\/noti-america.com\/site\/ecuador\/#organization\",\"name\":\"Noti-America LLC | Ecuador\",\"url\":\"https:\/\/noti-america.com\/site\/ecuador\/\",\"logo\":{\"@type\":\"ImageObject\",\"inLanguage\":\"es\",\"@id\":\"https:\/\/noti-america.com\/site\/ecuador\/#\/schema\/logo\/image\/\",\"url\":\"https:\/\/noti-america.com\/site\/ecuador\/wp-content\/uploads\/sites\/18\/2020\/07\/LogoNA-4x3-1.jpg\",\"contentUrl\":\"https:\/\/noti-america.com\/site\/ecuador\/wp-content\/uploads\/sites\/18\/2020\/07\/LogoNA-4x3-1.jpg\",\"width\":1236,\"height\":1080,\"caption\":\"Noti-America LLC | Ecuador\"},\"image\":{\"@id\":\"https:\/\/noti-america.com\/site\/ecuador\/#\/schema\/logo\/image\/\"},\"sameAs\":[\"https:\/\/x.com\/notiamerica\"]},{\"@type\":\"Person\",\"@id\":\"https:\/\/noti-america.com\/site\/ecuador\/#\/schema\/person\/00042412cfa9ecf98077f847ffadda4a\",\"name\":\"Henry Garrido\",\"image\":{\"@type\":\"ImageObject\",\"inLanguage\":\"es\",\"@id\":\"https:\/\/secure.gravatar.com\/avatar\/749ae5a1e6f22cf042f04b9f3f0a22732ae36970ccfd5c54a0a2ac3c4e1166ed?s=96&d=mm&r=g\",\"url\":\"https:\/\/secure.gravatar.com\/avatar\/749ae5a1e6f22cf042f04b9f3f0a22732ae36970ccfd5c54a0a2ac3c4e1166ed?s=96&d=mm&r=g\",\"contentUrl\":\"https:\/\/secure.gravatar.com\/avatar\/749ae5a1e6f22cf042f04b9f3f0a22732ae36970ccfd5c54a0a2ac3c4e1166ed?s=96&d=mm&r=g\",\"caption\":\"Henry Garrido\"},\"url\":\"https:\/\/noti-america.com\/site\/ecuador\/author\/hgarrido\/\"}]}<\/script>\n<!-- \/ Yoast SEO Premium plugin. -->","yoast_head_json":{"title":"Comisi\u00f3n de Tr\u00e1nsito del Ecuador celebra 76 a\u00f1os - Ecuador | Noti-America.com","robots":{"index":"index","follow":"follow","max-snippet":"max-snippet:-1","max-image-preview":"max-image-preview:large","max-video-preview":"max-video-preview:-1"},"canonical":"https:\/\/noti-america.com\/site\/ecuador\/2024\/01\/30\/comision-de-transito-del-ecuador-celebra-76-anos\/","og_locale":"es_ES","og_type":"article","og_title":"Comisi\u00f3n de Tr\u00e1nsito del Ecuador celebra 76 a\u00f1os","og_description":"REDACCI\u00d3N NOTI-AM\u00c9RICA\u00a0(ECUADOR). En medio de una ceremonia castrense y sobre todo con gallard\u00eda, este lunes, 29 de enero del 2024, los vigilantes de la Comisi\u00f3n de Tr\u00e1nsito del Ecuador (CTE) recordaron el aniversario n\u00famero&#46;&#46;&#46;","og_url":"https:\/\/noti-america.com\/site\/ecuador\/2024\/01\/30\/comision-de-transito-del-ecuador-celebra-76-anos\/","og_site_name":"Ecuador | Noti-America.com","article_published_time":"2024-01-30T01:12:26+00:00","article_modified_time":"2024-01-30T01:39:51+00:00","og_image":[{"width":1600,"height":1200,"url":"https:\/\/noti-america.com\/site\/ecuador\/wp-content\/uploads\/sites\/18\/2024\/01\/aa9984a8-e6df-44eb-a466-45cfd33bf9c9.jpg","type":"image\/jpeg"}],"author":"Henry Garrido","twitter_card":"summary_large_image","twitter_creator":"@notiamerica","twitter_site":"@notiamerica","twitter_misc":{"Escrito por":"Henry Garrido","Tiempo estimado de lectura":"2 minutos"},"schema":{"@context":"https:\/\/schema.org","@graph":[{"@type":"Article","@id":"https:\/\/noti-america.com\/site\/ecuador\/2024\/01\/30\/comision-de-transito-del-ecuador-celebra-76-anos\/#article","isPartOf":{"@id":"https:\/\/noti-america.com\/site\/ecuador\/2024\/01\/30\/comision-de-transito-del-ecuador-celebra-76-anos\/"},"author":{"name":"Henry Garrido","@id":"https:\/\/noti-america.com\/site\/ecuador\/#\/schema\/person\/00042412cfa9ecf98077f847ffadda4a"},"headline":"Comisi\u00f3n de Tr\u00e1nsito del Ecuador celebra 76 a\u00f1os","datePublished":"2024-01-30T01:12:26+00:00","dateModified":"2024-01-30T01:39:51+00:00","mainEntityOfPage":{"@id":"https:\/\/noti-america.com\/site\/ecuador\/2024\/01\/30\/comision-de-transito-del-ecuador-celebra-76-anos\/"},"wordCount":272,"commentCount":0,"publisher":{"@id":"https:\/\/noti-america.com\/site\/ecuador\/#organization"},"image":{"@id":"https:\/\/noti-america.com\/site\/ecuador\/2024\/01\/30\/comision-de-transito-del-ecuador-celebra-76-anos\/#primaryimage"},"thumbnailUrl":"https:\/\/noti-america.com\/site\/ecuador\/wp-content\/uploads\/sites\/18\/2024\/01\/aa9984a8-e6df-44eb-a466-45cfd33bf9c9.jpg","articleSection":["Uncategorized"],"inLanguage":"es","potentialAction":[{"@type":"CommentAction","name":"Comment","target":["https:\/\/noti-america.com\/site\/ecuador\/2024\/01\/30\/comision-de-transito-del-ecuador-celebra-76-anos\/#respond"]}]},{"@type":"WebPage","@id":"https:\/\/noti-america.com\/site\/ecuador\/2024\/01\/30\/comision-de-transito-del-ecuador-celebra-76-anos\/","url":"https:\/\/noti-america.com\/site\/ecuador\/2024\/01\/30\/comision-de-transito-del-ecuador-celebra-76-anos\/","name":"Comisi\u00f3n de Tr\u00e1nsito del Ecuador celebra 76 a\u00f1os - Ecuador | Noti-America.com","isPartOf":{"@id":"https:\/\/noti-america.com\/site\/ecuador\/#website"},"primaryImageOfPage":{"@id":"https:\/\/noti-america.com\/site\/ecuador\/2024\/01\/30\/comision-de-transito-del-ecuador-celebra-76-anos\/#primaryimage"},"image":{"@id":"https:\/\/noti-america.com\/site\/ecuador\/2024\/01\/30\/comision-de-transito-del-ecuador-celebra-76-anos\/#primaryimage"},"thumbnailUrl":"https:\/\/noti-america.com\/site\/ecuador\/wp-content\/uploads\/sites\/18\/2024\/01\/aa9984a8-e6df-44eb-a466-45cfd33bf9c9.jpg","datePublished":"2024-01-30T01:12:26+00:00","dateModified":"2024-01-30T01:39:51+00:00","breadcrumb":{"@id":"https:\/\/noti-america.com\/site\/ecuador\/2024\/01\/30\/comision-de-transito-del-ecuador-celebra-76-anos\/#breadcrumb"},"inLanguage":"es","potentialAction":[{"@type":"ReadAction","target":["https:\/\/noti-america.com\/site\/ecuador\/2024\/01\/30\/comision-de-transito-del-ecuador-celebra-76-anos\/"]}]},{"@type":"ImageObject","inLanguage":"es","@id":"https:\/\/noti-america.com\/site\/ecuador\/2024\/01\/30\/comision-de-transito-del-ecuador-celebra-76-anos\/#primaryimage","url":"https:\/\/noti-america.com\/site\/ecuador\/wp-content\/uploads\/sites\/18\/2024\/01\/aa9984a8-e6df-44eb-a466-45cfd33bf9c9.jpg","contentUrl":"https:\/\/noti-america.com\/site\/ecuador\/wp-content\/uploads\/sites\/18\/2024\/01\/aa9984a8-e6df-44eb-a466-45cfd33bf9c9.jpg","width":1600,"height":1200},{"@type":"BreadcrumbList","@id":"https:\/\/noti-america.com\/site\/ecuador\/2024\/01\/30\/comision-de-transito-del-ecuador-celebra-76-anos\/#breadcrumb","itemListElement":[{"@type":"ListItem","position":1,"name":"Portada","item":"https:\/\/noti-america.com\/site\/ecuador\/"},{"@type":"ListItem","position":2,"name":"Comisi\u00f3n de Tr\u00e1nsito del Ecuador celebra 76 a\u00f1os"}]},{"@type":"WebSite","@id":"https:\/\/noti-america.com\/site\/ecuador\/#website","url":"https:\/\/noti-america.com\/site\/ecuador\/","name":"Ecuador | Noti-America.com","description":"","publisher":{"@id":"https:\/\/noti-america.com\/site\/ecuador\/#organization"},"potentialAction":[{"@type":"SearchAction","target":{"@type":"EntryPoint","urlTemplate":"https:\/\/noti-america.com\/site\/ecuador\/?s={search_term_string}"},"query-input":{"@type":"PropertyValueSpecification","valueRequired":true,"valueName":"search_term_string"}}],"inLanguage":"es"},{"@type":"Organization","@id":"https:\/\/noti-america.com\/site\/ecuador\/#organization","name":"Noti-America LLC | Ecuador","url":"https:\/\/noti-america.com\/site\/ecuador\/","logo":{"@type":"ImageObject","inLanguage":"es","@id":"https:\/\/noti-america.com\/site\/ecuador\/#\/schema\/logo\/image\/","url":"https:\/\/noti-america.com\/site\/ecuador\/wp-content\/uploads\/sites\/18\/2020\/07\/LogoNA-4x3-1.jpg","contentUrl":"https:\/\/noti-america.com\/site\/ecuador\/wp-content\/uploads\/sites\/18\/2020\/07\/LogoNA-4x3-1.jpg","width":1236,"height":1080,"caption":"Noti-America LLC | Ecuador"},"image":{"@id":"https:\/\/noti-america.com\/site\/ecuador\/#\/schema\/logo\/image\/"},"sameAs":["https:\/\/x.com\/notiamerica"]},{"@type":"Person","@id":"https:\/\/noti-america.com\/site\/ecuador\/#\/schema\/person\/00042412cfa9ecf98077f847ffadda4a","name":"Henry Garrido","image":{"@type":"ImageObject","inLanguage":"es","@id":"https:\/\/secure.gravatar.com\/avatar\/749ae5a1e6f22cf042f04b9f3f0a22732ae36970ccfd5c54a0a2ac3c4e1166ed?s=96&d=mm&r=g","url":"https:\/\/secure.gravatar.com\/avatar\/749ae5a1e6f22cf042f04b9f3f0a22732ae36970ccfd5c54a0a2ac3c4e1166ed?s=96&d=mm&r=g","contentUrl":"https:\/\/secure.gravatar.com\/avatar\/749ae5a1e6f22cf042f04b9f3f0a22732ae36970ccfd5c54a0a2ac3c4e1166ed?s=96&d=mm&r=g","caption":"Henry Garrido"},"url":"https:\/\/noti-america.com\/site\/ecuador\/author\/hgarrido\/"}]}},"_links":{"self":[{"href":"https:\/\/noti-america.com\/site\/ecuador\/wp-json\/wp\/v2\/posts\/28845","targetHints":{"allow":["GET"]}}],"collection":[{"href":"https:\/\/noti-america.com\/site\/ecuador\/wp-json\/wp\/v2\/posts"}],"about":[{"href":"https:\/\/noti-america.com\/site\/ecuador\/wp-json\/wp\/v2\/types\/post"}],"author":[{"embeddable":true,"href":"https:\/\/noti-america.com\/site\/ecuador\/wp-json\/wp\/v2\/users\/144"}],"replies":[{"embeddable":true,"href":"https:\/\/noti-america.com\/site\/ecuador\/wp-json\/wp\/v2\/comments?post=28845"}],"version-history":[{"count":5,"href":"https:\/\/noti-america.com\/site\/ecuador\/wp-json\/wp\/v2\/posts\/28845\/revisions"}],"predecessor-version":[{"id":28856,"href":"https:\/\/noti-america.com\/site\/ecuador\/wp-json\/wp\/v2\/posts\/28845\/revisions\/28856"}],"wp:featuredmedia":[{"embeddable":true,"href":"https:\/\/noti-america.com\/site\/ecuador\/wp-json\/wp\/v2\/media\/28848"}],"wp:attachment":[{"href":"https:\/\/noti-america.com\/site\/ecuador\/wp-json\/wp\/v2\/media?parent=28845"}],"wp:term":[{"taxonomy":"category","embeddable":true,"href":"https:\/\/noti-america.com\/site\/ecuador\/wp-json\/wp\/v2\/categories?post=28845"},{"taxonomy":"post_tag","embeddable":true,"href":"https:\/\/noti-america.com\/site\/ecuador\/wp-json\/wp\/v2\/tags?post=28845"}],"curies":[{"name":"wp","href":"https:\/\/api.w.org\/{rel}","templated":true}]}}