{"id":28789,"date":"2024-01-26T02:02:10","date_gmt":"2024-01-26T02:02:10","guid":{"rendered":"https:\/\/noti-america.com\/site\/ecuador\/?p=28789"},"modified":"2024-01-26T02:20:18","modified_gmt":"2024-01-26T02:20:18","slug":"narcotraficante-ecuatoriano-fue-extraditado-a-ee-uu","status":"publish","type":"post","link":"https:\/\/noti-america.com\/site\/ecuador\/2024\/01\/26\/narcotraficante-ecuatoriano-fue-extraditado-a-ee-uu\/","title":{"rendered":"Narcotraficante ecuatoriano fue extraditado a EE.UU."},"content":{"rendered":"<p><strong>REDACCI\u00d3N NOTI-AM\u00c9RICA (ECUADOR).<\/strong><\/p>\n<div id=\"attachment_28790\" style=\"width: 310px\" class=\"wp-caption alignleft\"><img loading=\"lazy\" decoding=\"async\" aria-describedby=\"caption-attachment-28790\" class=\"wp-image-28790 size-medium\" src=\"https:\/\/noti-america.com\/site\/ecuador\/wp-content\/uploads\/sites\/18\/2024\/01\/el-gato-farfan-300x200.jpg\" alt=\"\" width=\"300\" height=\"200\" srcset=\"https:\/\/noti-america.com\/site\/ecuador\/wp-content\/uploads\/sites\/18\/2024\/01\/el-gato-farfan-300x200.jpg 300w, https:\/\/noti-america.com\/site\/ecuador\/wp-content\/uploads\/sites\/18\/2024\/01\/el-gato-farfan-272x182.jpg 272w, https:\/\/noti-america.com\/site\/ecuador\/wp-content\/uploads\/sites\/18\/2024\/01\/el-gato-farfan.jpg 478w\" sizes=\"auto, (max-width: 300px) 100vw, 300px\" \/><p id=\"caption-attachment-28790\" class=\"wp-caption-text\">Policia presenta al ppl extraditado a EE.UU<\/p><\/div>\n<p style=\"text-align: justify\">El gobierno colombiano confirm\u00f3 este jueves, 25 de enero 2024, la extradici\u00f3n a Estados Unidos de Wilder Emilio S\u00e1nchez, alias <strong>&#8216;Gato Farf\u00e1n&#8217;,<\/strong> un narcotraficante ecuatoriano que, seg\u00fan las autoridades, era el cabecilla de un c\u00e1rtel mexicano en Ecuador.<\/p>\n<p style=\"text-align: justify\">Casi un a\u00f1o despu\u00e9s de su captura, en la ciudad de Pasto, en Colombia, el narcotraficante fue extraditado junto con otras cinco personas requeridas por la Justicia de EE.UU., de las cuales dos son ecuatorianas, dos colombianas y una mexicana.<\/p>\n<p style=\"text-align: justify\">En el momento de la detenci\u00f3n, el entonces ministro ecuatoriano del Interior, Juan Zapata, asegur\u00f3 que el <b>&#8216;Gato Farf\u00e1n&#8217;, <\/b>era \u00abel blanco de m\u00e1s alto valor e importancia para el Estado\u00bb, ya que \u00abcoordinaba el env\u00edo de droga hacia Norteam\u00e9rica, mediante diferentes modalidades a trav\u00e9s de los principales puertos de Ecuador y M\u00e9xico\u00bb.<\/p>\n<p style=\"text-align: justify\">Las investigaciones determinaron que la estructura que lideraba pod\u00eda producir y transportar 5 toneladas de droga, mensualmente.<\/p>\n<p>&nbsp;<\/p>\n<p>&nbsp;<\/p>\n","protected":false},"excerpt":{"rendered":"<p>REDACCI\u00d3N NOTI-AM\u00c9RICA (ECUADOR). El gobierno colombiano confirm\u00f3 este jueves, 25 de enero 2024, la extradici\u00f3n a Estados Unidos de Wilder Emilio S\u00e1nchez, alias &#8216;Gato Farf\u00e1n&#8217;, un narcotraficante ecuatoriano que, seg\u00fan las autoridades, era el&#46;&#46;&#46;<\/p>\n","protected":false},"author":144,"featured_media":28790,"comment_status":"open","ping_status":"open","sticky":false,"template":"","format":"standard","meta":{"_acf_changed":false,"om_disable_all_campaigns":false,"rop_custom_images_group":[],"rop_custom_messages_group":[],"rop_publish_now":"initial","rop_publish_now_accounts":{"twitter_242054905_242054905":""},"rop_publish_now_history":[],"rop_publish_now_status":"pending","_uf_show_specific_survey":0,"_uf_disable_surveys":false,"footnotes":""},"categories":[1],"tags":[],"class_list":["post-28789","post","type-post","status-publish","format-standard","has-post-thumbnail","hentry","category-uncategorized"],"acf":[],"aioseo_notices":[],"yoast_head":"<!-- This site is optimized with the Yoast SEO Premium plugin v24.9 (Yoast SEO v27.2) - https:\/\/yoast.com\/product\/yoast-seo-premium-wordpress\/ -->\n<title>Narcotraficante ecuatoriano fue extraditado a EE.UU. - Ecuador | Noti-America.com<\/title>\n<meta name=\"robots\" content=\"index, follow, max-snippet:-1, max-image-preview:large, max-video-preview:-1\" \/>\n<link rel=\"canonical\" href=\"https:\/\/noti-america.com\/site\/ecuador\/2024\/01\/26\/narcotraficante-ecuatoriano-fue-extraditado-a-ee-uu\/\" \/>\n<meta property=\"og:locale\" content=\"es_ES\" \/>\n<meta property=\"og:type\" content=\"article\" \/>\n<meta property=\"og:title\" content=\"Narcotraficante ecuatoriano fue extraditado a EE.UU.\" \/>\n<meta property=\"og:description\" content=\"REDACCI\u00d3N NOTI-AM\u00c9RICA (ECUADOR). El gobierno colombiano confirm\u00f3 este jueves, 25 de enero 2024, la extradici\u00f3n a Estados Unidos de Wilder Emilio S\u00e1nchez, alias &#8216;Gato Farf\u00e1n&#8217;, un narcotraficante ecuatoriano que, seg\u00fan las autoridades, era el&#046;&#046;&#046;\" \/>\n<meta property=\"og:url\" content=\"https:\/\/noti-america.com\/site\/ecuador\/2024\/01\/26\/narcotraficante-ecuatoriano-fue-extraditado-a-ee-uu\/\" \/>\n<meta property=\"og:site_name\" content=\"Ecuador | Noti-America.com\" \/>\n<meta property=\"article:published_time\" content=\"2024-01-26T02:02:10+00:00\" \/>\n<meta property=\"article:modified_time\" content=\"2024-01-26T02:20:18+00:00\" \/>\n<meta property=\"og:image\" content=\"https:\/\/noti-america.com\/site\/ecuador\/wp-content\/uploads\/sites\/18\/2024\/01\/el-gato-farfan.jpg\" \/>\n\t<meta property=\"og:image:width\" content=\"478\" \/>\n\t<meta property=\"og:image:height\" content=\"319\" \/>\n\t<meta property=\"og:image:type\" content=\"image\/jpeg\" \/>\n<meta name=\"author\" content=\"Henry Garrido\" \/>\n<meta name=\"twitter:card\" content=\"summary_large_image\" \/>\n<meta name=\"twitter:creator\" content=\"@notiamerica\" \/>\n<meta name=\"twitter:site\" content=\"@notiamerica\" \/>\n<meta name=\"twitter:label1\" content=\"Escrito por\" \/>\n\t<meta name=\"twitter:data1\" content=\"Henry Garrido\" \/>\n\t<meta name=\"twitter:label2\" content=\"Tiempo estimado de lectura\" \/>\n\t<meta name=\"twitter:data2\" content=\"2 minutos\" \/>\n<script type=\"application\/ld+json\" class=\"yoast-schema-graph\">{\"@context\":\"https:\/\/schema.org\",\"@graph\":[{\"@type\":\"Article\",\"@id\":\"https:\/\/noti-america.com\/site\/ecuador\/2024\/01\/26\/narcotraficante-ecuatoriano-fue-extraditado-a-ee-uu\/#article\",\"isPartOf\":{\"@id\":\"https:\/\/noti-america.com\/site\/ecuador\/2024\/01\/26\/narcotraficante-ecuatoriano-fue-extraditado-a-ee-uu\/\"},\"author\":{\"name\":\"Henry Garrido\",\"@id\":\"https:\/\/noti-america.com\/site\/ecuador\/#\/schema\/person\/00042412cfa9ecf98077f847ffadda4a\"},\"headline\":\"Narcotraficante ecuatoriano fue extraditado a EE.UU.\",\"datePublished\":\"2024-01-26T02:02:10+00:00\",\"dateModified\":\"2024-01-26T02:20:18+00:00\",\"mainEntityOfPage\":{\"@id\":\"https:\/\/noti-america.com\/site\/ecuador\/2024\/01\/26\/narcotraficante-ecuatoriano-fue-extraditado-a-ee-uu\/\"},\"wordCount\":190,\"commentCount\":0,\"publisher\":{\"@id\":\"https:\/\/noti-america.com\/site\/ecuador\/#organization\"},\"image\":{\"@id\":\"https:\/\/noti-america.com\/site\/ecuador\/2024\/01\/26\/narcotraficante-ecuatoriano-fue-extraditado-a-ee-uu\/#primaryimage\"},\"thumbnailUrl\":\"https:\/\/noti-america.com\/site\/ecuador\/wp-content\/uploads\/sites\/18\/2024\/01\/el-gato-farfan.jpg\",\"articleSection\":[\"Uncategorized\"],\"inLanguage\":\"es\",\"potentialAction\":[{\"@type\":\"CommentAction\",\"name\":\"Comment\",\"target\":[\"https:\/\/noti-america.com\/site\/ecuador\/2024\/01\/26\/narcotraficante-ecuatoriano-fue-extraditado-a-ee-uu\/#respond\"]}]},{\"@type\":\"WebPage\",\"@id\":\"https:\/\/noti-america.com\/site\/ecuador\/2024\/01\/26\/narcotraficante-ecuatoriano-fue-extraditado-a-ee-uu\/\",\"url\":\"https:\/\/noti-america.com\/site\/ecuador\/2024\/01\/26\/narcotraficante-ecuatoriano-fue-extraditado-a-ee-uu\/\",\"name\":\"Narcotraficante ecuatoriano fue extraditado a EE.UU. - Ecuador | Noti-America.com\",\"isPartOf\":{\"@id\":\"https:\/\/noti-america.com\/site\/ecuador\/#website\"},\"primaryImageOfPage\":{\"@id\":\"https:\/\/noti-america.com\/site\/ecuador\/2024\/01\/26\/narcotraficante-ecuatoriano-fue-extraditado-a-ee-uu\/#primaryimage\"},\"image\":{\"@id\":\"https:\/\/noti-america.com\/site\/ecuador\/2024\/01\/26\/narcotraficante-ecuatoriano-fue-extraditado-a-ee-uu\/#primaryimage\"},\"thumbnailUrl\":\"https:\/\/noti-america.com\/site\/ecuador\/wp-content\/uploads\/sites\/18\/2024\/01\/el-gato-farfan.jpg\",\"datePublished\":\"2024-01-26T02:02:10+00:00\",\"dateModified\":\"2024-01-26T02:20:18+00:00\",\"breadcrumb\":{\"@id\":\"https:\/\/noti-america.com\/site\/ecuador\/2024\/01\/26\/narcotraficante-ecuatoriano-fue-extraditado-a-ee-uu\/#breadcrumb\"},\"inLanguage\":\"es\",\"potentialAction\":[{\"@type\":\"ReadAction\",\"target\":[\"https:\/\/noti-america.com\/site\/ecuador\/2024\/01\/26\/narcotraficante-ecuatoriano-fue-extraditado-a-ee-uu\/\"]}]},{\"@type\":\"ImageObject\",\"inLanguage\":\"es\",\"@id\":\"https:\/\/noti-america.com\/site\/ecuador\/2024\/01\/26\/narcotraficante-ecuatoriano-fue-extraditado-a-ee-uu\/#primaryimage\",\"url\":\"https:\/\/noti-america.com\/site\/ecuador\/wp-content\/uploads\/sites\/18\/2024\/01\/el-gato-farfan.jpg\",\"contentUrl\":\"https:\/\/noti-america.com\/site\/ecuador\/wp-content\/uploads\/sites\/18\/2024\/01\/el-gato-farfan.jpg\",\"width\":478,\"height\":319},{\"@type\":\"BreadcrumbList\",\"@id\":\"https:\/\/noti-america.com\/site\/ecuador\/2024\/01\/26\/narcotraficante-ecuatoriano-fue-extraditado-a-ee-uu\/#breadcrumb\",\"itemListElement\":[{\"@type\":\"ListItem\",\"position\":1,\"name\":\"Portada\",\"item\":\"https:\/\/noti-america.com\/site\/ecuador\/\"},{\"@type\":\"ListItem\",\"position\":2,\"name\":\"Narcotraficante ecuatoriano fue extraditado a EE.UU.\"}]},{\"@type\":\"WebSite\",\"@id\":\"https:\/\/noti-america.com\/site\/ecuador\/#website\",\"url\":\"https:\/\/noti-america.com\/site\/ecuador\/\",\"name\":\"Ecuador | Noti-America.com\",\"description\":\"\",\"publisher\":{\"@id\":\"https:\/\/noti-america.com\/site\/ecuador\/#organization\"},\"potentialAction\":[{\"@type\":\"SearchAction\",\"target\":{\"@type\":\"EntryPoint\",\"urlTemplate\":\"https:\/\/noti-america.com\/site\/ecuador\/?s={search_term_string}\"},\"query-input\":{\"@type\":\"PropertyValueSpecification\",\"valueRequired\":true,\"valueName\":\"search_term_string\"}}],\"inLanguage\":\"es\"},{\"@type\":\"Organization\",\"@id\":\"https:\/\/noti-america.com\/site\/ecuador\/#organization\",\"name\":\"Noti-America LLC | Ecuador\",\"url\":\"https:\/\/noti-america.com\/site\/ecuador\/\",\"logo\":{\"@type\":\"ImageObject\",\"inLanguage\":\"es\",\"@id\":\"https:\/\/noti-america.com\/site\/ecuador\/#\/schema\/logo\/image\/\",\"url\":\"https:\/\/noti-america.com\/site\/ecuador\/wp-content\/uploads\/sites\/18\/2020\/07\/LogoNA-4x3-1.jpg\",\"contentUrl\":\"https:\/\/noti-america.com\/site\/ecuador\/wp-content\/uploads\/sites\/18\/2020\/07\/LogoNA-4x3-1.jpg\",\"width\":1236,\"height\":1080,\"caption\":\"Noti-America LLC | Ecuador\"},\"image\":{\"@id\":\"https:\/\/noti-america.com\/site\/ecuador\/#\/schema\/logo\/image\/\"},\"sameAs\":[\"https:\/\/x.com\/notiamerica\"]},{\"@type\":\"Person\",\"@id\":\"https:\/\/noti-america.com\/site\/ecuador\/#\/schema\/person\/00042412cfa9ecf98077f847ffadda4a\",\"name\":\"Henry Garrido\",\"image\":{\"@type\":\"ImageObject\",\"inLanguage\":\"es\",\"@id\":\"https:\/\/secure.gravatar.com\/avatar\/749ae5a1e6f22cf042f04b9f3f0a22732ae36970ccfd5c54a0a2ac3c4e1166ed?s=96&d=mm&r=g\",\"url\":\"https:\/\/secure.gravatar.com\/avatar\/749ae5a1e6f22cf042f04b9f3f0a22732ae36970ccfd5c54a0a2ac3c4e1166ed?s=96&d=mm&r=g\",\"contentUrl\":\"https:\/\/secure.gravatar.com\/avatar\/749ae5a1e6f22cf042f04b9f3f0a22732ae36970ccfd5c54a0a2ac3c4e1166ed?s=96&d=mm&r=g\",\"caption\":\"Henry Garrido\"},\"url\":\"https:\/\/noti-america.com\/site\/ecuador\/author\/hgarrido\/\"}]}<\/script>\n<!-- \/ Yoast SEO Premium plugin. -->","yoast_head_json":{"title":"Narcotraficante ecuatoriano fue extraditado a EE.UU. - Ecuador | Noti-America.com","robots":{"index":"index","follow":"follow","max-snippet":"max-snippet:-1","max-image-preview":"max-image-preview:large","max-video-preview":"max-video-preview:-1"},"canonical":"https:\/\/noti-america.com\/site\/ecuador\/2024\/01\/26\/narcotraficante-ecuatoriano-fue-extraditado-a-ee-uu\/","og_locale":"es_ES","og_type":"article","og_title":"Narcotraficante ecuatoriano fue extraditado a EE.UU.","og_description":"REDACCI\u00d3N NOTI-AM\u00c9RICA (ECUADOR). El gobierno colombiano confirm\u00f3 este jueves, 25 de enero 2024, la extradici\u00f3n a Estados Unidos de Wilder Emilio S\u00e1nchez, alias &#8216;Gato Farf\u00e1n&#8217;, un narcotraficante ecuatoriano que, seg\u00fan las autoridades, era el&#46;&#46;&#46;","og_url":"https:\/\/noti-america.com\/site\/ecuador\/2024\/01\/26\/narcotraficante-ecuatoriano-fue-extraditado-a-ee-uu\/","og_site_name":"Ecuador | Noti-America.com","article_published_time":"2024-01-26T02:02:10+00:00","article_modified_time":"2024-01-26T02:20:18+00:00","og_image":[{"width":478,"height":319,"url":"https:\/\/noti-america.com\/site\/ecuador\/wp-content\/uploads\/sites\/18\/2024\/01\/el-gato-farfan.jpg","type":"image\/jpeg"}],"author":"Henry Garrido","twitter_card":"summary_large_image","twitter_creator":"@notiamerica","twitter_site":"@notiamerica","twitter_misc":{"Escrito por":"Henry Garrido","Tiempo estimado de lectura":"2 minutos"},"schema":{"@context":"https:\/\/schema.org","@graph":[{"@type":"Article","@id":"https:\/\/noti-america.com\/site\/ecuador\/2024\/01\/26\/narcotraficante-ecuatoriano-fue-extraditado-a-ee-uu\/#article","isPartOf":{"@id":"https:\/\/noti-america.com\/site\/ecuador\/2024\/01\/26\/narcotraficante-ecuatoriano-fue-extraditado-a-ee-uu\/"},"author":{"name":"Henry Garrido","@id":"https:\/\/noti-america.com\/site\/ecuador\/#\/schema\/person\/00042412cfa9ecf98077f847ffadda4a"},"headline":"Narcotraficante ecuatoriano fue extraditado a EE.UU.","datePublished":"2024-01-26T02:02:10+00:00","dateModified":"2024-01-26T02:20:18+00:00","mainEntityOfPage":{"@id":"https:\/\/noti-america.com\/site\/ecuador\/2024\/01\/26\/narcotraficante-ecuatoriano-fue-extraditado-a-ee-uu\/"},"wordCount":190,"commentCount":0,"publisher":{"@id":"https:\/\/noti-america.com\/site\/ecuador\/#organization"},"image":{"@id":"https:\/\/noti-america.com\/site\/ecuador\/2024\/01\/26\/narcotraficante-ecuatoriano-fue-extraditado-a-ee-uu\/#primaryimage"},"thumbnailUrl":"https:\/\/noti-america.com\/site\/ecuador\/wp-content\/uploads\/sites\/18\/2024\/01\/el-gato-farfan.jpg","articleSection":["Uncategorized"],"inLanguage":"es","potentialAction":[{"@type":"CommentAction","name":"Comment","target":["https:\/\/noti-america.com\/site\/ecuador\/2024\/01\/26\/narcotraficante-ecuatoriano-fue-extraditado-a-ee-uu\/#respond"]}]},{"@type":"WebPage","@id":"https:\/\/noti-america.com\/site\/ecuador\/2024\/01\/26\/narcotraficante-ecuatoriano-fue-extraditado-a-ee-uu\/","url":"https:\/\/noti-america.com\/site\/ecuador\/2024\/01\/26\/narcotraficante-ecuatoriano-fue-extraditado-a-ee-uu\/","name":"Narcotraficante ecuatoriano fue extraditado a EE.UU. - Ecuador | Noti-America.com","isPartOf":{"@id":"https:\/\/noti-america.com\/site\/ecuador\/#website"},"primaryImageOfPage":{"@id":"https:\/\/noti-america.com\/site\/ecuador\/2024\/01\/26\/narcotraficante-ecuatoriano-fue-extraditado-a-ee-uu\/#primaryimage"},"image":{"@id":"https:\/\/noti-america.com\/site\/ecuador\/2024\/01\/26\/narcotraficante-ecuatoriano-fue-extraditado-a-ee-uu\/#primaryimage"},"thumbnailUrl":"https:\/\/noti-america.com\/site\/ecuador\/wp-content\/uploads\/sites\/18\/2024\/01\/el-gato-farfan.jpg","datePublished":"2024-01-26T02:02:10+00:00","dateModified":"2024-01-26T02:20:18+00:00","breadcrumb":{"@id":"https:\/\/noti-america.com\/site\/ecuador\/2024\/01\/26\/narcotraficante-ecuatoriano-fue-extraditado-a-ee-uu\/#breadcrumb"},"inLanguage":"es","potentialAction":[{"@type":"ReadAction","target":["https:\/\/noti-america.com\/site\/ecuador\/2024\/01\/26\/narcotraficante-ecuatoriano-fue-extraditado-a-ee-uu\/"]}]},{"@type":"ImageObject","inLanguage":"es","@id":"https:\/\/noti-america.com\/site\/ecuador\/2024\/01\/26\/narcotraficante-ecuatoriano-fue-extraditado-a-ee-uu\/#primaryimage","url":"https:\/\/noti-america.com\/site\/ecuador\/wp-content\/uploads\/sites\/18\/2024\/01\/el-gato-farfan.jpg","contentUrl":"https:\/\/noti-america.com\/site\/ecuador\/wp-content\/uploads\/sites\/18\/2024\/01\/el-gato-farfan.jpg","width":478,"height":319},{"@type":"BreadcrumbList","@id":"https:\/\/noti-america.com\/site\/ecuador\/2024\/01\/26\/narcotraficante-ecuatoriano-fue-extraditado-a-ee-uu\/#breadcrumb","itemListElement":[{"@type":"ListItem","position":1,"name":"Portada","item":"https:\/\/noti-america.com\/site\/ecuador\/"},{"@type":"ListItem","position":2,"name":"Narcotraficante ecuatoriano fue extraditado a EE.UU."}]},{"@type":"WebSite","@id":"https:\/\/noti-america.com\/site\/ecuador\/#website","url":"https:\/\/noti-america.com\/site\/ecuador\/","name":"Ecuador | Noti-America.com","description":"","publisher":{"@id":"https:\/\/noti-america.com\/site\/ecuador\/#organization"},"potentialAction":[{"@type":"SearchAction","target":{"@type":"EntryPoint","urlTemplate":"https:\/\/noti-america.com\/site\/ecuador\/?s={search_term_string}"},"query-input":{"@type":"PropertyValueSpecification","valueRequired":true,"valueName":"search_term_string"}}],"inLanguage":"es"},{"@type":"Organization","@id":"https:\/\/noti-america.com\/site\/ecuador\/#organization","name":"Noti-America LLC | Ecuador","url":"https:\/\/noti-america.com\/site\/ecuador\/","logo":{"@type":"ImageObject","inLanguage":"es","@id":"https:\/\/noti-america.com\/site\/ecuador\/#\/schema\/logo\/image\/","url":"https:\/\/noti-america.com\/site\/ecuador\/wp-content\/uploads\/sites\/18\/2020\/07\/LogoNA-4x3-1.jpg","contentUrl":"https:\/\/noti-america.com\/site\/ecuador\/wp-content\/uploads\/sites\/18\/2020\/07\/LogoNA-4x3-1.jpg","width":1236,"height":1080,"caption":"Noti-America LLC | Ecuador"},"image":{"@id":"https:\/\/noti-america.com\/site\/ecuador\/#\/schema\/logo\/image\/"},"sameAs":["https:\/\/x.com\/notiamerica"]},{"@type":"Person","@id":"https:\/\/noti-america.com\/site\/ecuador\/#\/schema\/person\/00042412cfa9ecf98077f847ffadda4a","name":"Henry Garrido","image":{"@type":"ImageObject","inLanguage":"es","@id":"https:\/\/secure.gravatar.com\/avatar\/749ae5a1e6f22cf042f04b9f3f0a22732ae36970ccfd5c54a0a2ac3c4e1166ed?s=96&d=mm&r=g","url":"https:\/\/secure.gravatar.com\/avatar\/749ae5a1e6f22cf042f04b9f3f0a22732ae36970ccfd5c54a0a2ac3c4e1166ed?s=96&d=mm&r=g","contentUrl":"https:\/\/secure.gravatar.com\/avatar\/749ae5a1e6f22cf042f04b9f3f0a22732ae36970ccfd5c54a0a2ac3c4e1166ed?s=96&d=mm&r=g","caption":"Henry Garrido"},"url":"https:\/\/noti-america.com\/site\/ecuador\/author\/hgarrido\/"}]}},"_links":{"self":[{"href":"https:\/\/noti-america.com\/site\/ecuador\/wp-json\/wp\/v2\/posts\/28789","targetHints":{"allow":["GET"]}}],"collection":[{"href":"https:\/\/noti-america.com\/site\/ecuador\/wp-json\/wp\/v2\/posts"}],"about":[{"href":"https:\/\/noti-america.com\/site\/ecuador\/wp-json\/wp\/v2\/types\/post"}],"author":[{"embeddable":true,"href":"https:\/\/noti-america.com\/site\/ecuador\/wp-json\/wp\/v2\/users\/144"}],"replies":[{"embeddable":true,"href":"https:\/\/noti-america.com\/site\/ecuador\/wp-json\/wp\/v2\/comments?post=28789"}],"version-history":[{"count":3,"href":"https:\/\/noti-america.com\/site\/ecuador\/wp-json\/wp\/v2\/posts\/28789\/revisions"}],"predecessor-version":[{"id":28793,"href":"https:\/\/noti-america.com\/site\/ecuador\/wp-json\/wp\/v2\/posts\/28789\/revisions\/28793"}],"wp:featuredmedia":[{"embeddable":true,"href":"https:\/\/noti-america.com\/site\/ecuador\/wp-json\/wp\/v2\/media\/28790"}],"wp:attachment":[{"href":"https:\/\/noti-america.com\/site\/ecuador\/wp-json\/wp\/v2\/media?parent=28789"}],"wp:term":[{"taxonomy":"category","embeddable":true,"href":"https:\/\/noti-america.com\/site\/ecuador\/wp-json\/wp\/v2\/categories?post=28789"},{"taxonomy":"post_tag","embeddable":true,"href":"https:\/\/noti-america.com\/site\/ecuador\/wp-json\/wp\/v2\/tags?post=28789"}],"curies":[{"name":"wp","href":"https:\/\/api.w.org\/{rel}","templated":true}]}}