{"id":28678,"date":"2024-01-20T01:15:34","date_gmt":"2024-01-20T01:15:34","guid":{"rendered":"https:\/\/noti-america.com\/site\/ecuador\/?p=28678"},"modified":"2024-01-20T02:59:33","modified_gmt":"2024-01-20T02:59:33","slug":"seis-meses-de-plazo-para-regularizar-las-rejas-en-la-via-publica","status":"publish","type":"post","link":"https:\/\/noti-america.com\/site\/ecuador\/2024\/01\/20\/seis-meses-de-plazo-para-regularizar-las-rejas-en-la-via-publica\/","title":{"rendered":"Seis meses de plazo para regularizar las rejas en la v\u00eda p\u00fablica"},"content":{"rendered":"<p><strong>REDACCI\u00d3N NOTI-AM\u00c9RICA (ECUADOR).<\/strong><\/p>\n<div id=\"attachment_28680\" style=\"width: 310px\" class=\"wp-caption alignleft\"><img loading=\"lazy\" decoding=\"async\" aria-describedby=\"caption-attachment-28680\" class=\"wp-image-28680 size-medium\" src=\"https:\/\/noti-america.com\/site\/ecuador\/wp-content\/uploads\/sites\/18\/2024\/01\/GUAYAQUIL-1-300x200.jpg\" alt=\"\" width=\"300\" height=\"200\" srcset=\"https:\/\/noti-america.com\/site\/ecuador\/wp-content\/uploads\/sites\/18\/2024\/01\/GUAYAQUIL-1-300x200.jpg 300w, https:\/\/noti-america.com\/site\/ecuador\/wp-content\/uploads\/sites\/18\/2024\/01\/GUAYAQUIL-1-1024x684.jpg 1024w, https:\/\/noti-america.com\/site\/ecuador\/wp-content\/uploads\/sites\/18\/2024\/01\/GUAYAQUIL-1-768x513.jpg 768w, https:\/\/noti-america.com\/site\/ecuador\/wp-content\/uploads\/sites\/18\/2024\/01\/GUAYAQUIL-1-1536x1026.jpg 1536w, https:\/\/noti-america.com\/site\/ecuador\/wp-content\/uploads\/sites\/18\/2024\/01\/GUAYAQUIL-1-272x182.jpg 272w, https:\/\/noti-america.com\/site\/ecuador\/wp-content\/uploads\/sites\/18\/2024\/01\/GUAYAQUIL-1.jpg 1920w\" sizes=\"auto, (max-width: 300px) 100vw, 300px\" \/><p id=\"caption-attachment-28680\" class=\"wp-caption-text\">Rejas puestas por moradores<\/p><\/div>\n<p style=\"text-align: justify\">Desde este viernes, 19 de enero, entr\u00f3 en vigencia la ordenanza municipal que regula la ocupaci\u00f3n de la v\u00eda p\u00fablica mediante la instalaci\u00f3n de infraestructuras de seguridad en los vecindarios de Guayaquil.<\/p>\n<p style=\"text-align: justify\">Con ello, arranca un plazo de 6 meses m\u00e1ximo para que se regularicen los comunidades que hayan instalado rejas en su vecindario con anterioridad a la vigencia de la presente normativa.<\/p>\n<p style=\"text-align: justify\">De acuerdo con la ordenanza, la Direcci\u00f3n de Planificaci\u00f3n Urbana, Proyectos y Ordenamiento Territorial, analizar\u00e1, en estos casos, que dichas estructuras met\u00e1licas cumplan con las especificaciones t\u00e9cnicas determinadas en la ordenanza.<\/p>\n<p style=\"text-align: justify\">Es as\u00ed que, entre otros requisitos, se debe cumplir con que los portones sean met\u00e1licos en todo su conjunto y no deben poseer una viga superior fija que dificulte el ingreso vehicular. Las columnas de los portones no podr\u00e1n ser de hormig\u00f3n.<\/p>\n<p style=\"text-align: justify\">Adem\u00e1s, las estructuras deber\u00e1n ser de material resistente y pintados con pintura anticorrosiva de color blanco, negro o verde. No deben encontrarse deterioradas o en mal estado.<\/p>\n<p style=\"text-align: justify\">El 70% de los vecinos debe estar de acuerdo con la instalaci\u00f3n de estas rejas, tal y como se exige para quienes vayan a pedir por primera vez el permiso.<\/p>\n<p style=\"text-align: justify\">En tanto, aquellos casos de barrios que instalen por primera vez las estructuras deber\u00e1n cumplir con requisitos y procedimiento de admisibilidad para la solicitud del permiso temporal que ser\u00e1 por un a\u00f1o.<\/p>\n<p style=\"text-align: justify\">Cabe recordar que, en todos los casos, ya sea por primera vez o por regularizaci\u00f3n de rejas ya instaladas, se debe asegurar que los elementos de seguridad no obstaculicen el acceso de personas con movilidad reducida.<\/p>\n<p style=\"text-align: justify\">Tambi\u00e9n se debe garantizar la accesibilidad necesaria a las entidades p\u00fablicas y privadas vinculadas a la atenci\u00f3n de emergencias y servicios p\u00fablicos las 24 horas y el tr\u00e1nsito vehicular y peatonal en un horario comprendido desde las 6:00 hasta las 20:00, de lunes a domingo.<\/p>\n","protected":false},"excerpt":{"rendered":"<p>REDACCI\u00d3N NOTI-AM\u00c9RICA (ECUADOR). Desde este viernes, 19 de enero, entr\u00f3 en vigencia la ordenanza municipal que regula la ocupaci\u00f3n de la v\u00eda p\u00fablica mediante la instalaci\u00f3n de infraestructuras de seguridad en los vecindarios de&#46;&#46;&#46;<\/p>\n","protected":false},"author":144,"featured_media":28680,"comment_status":"open","ping_status":"open","sticky":false,"template":"","format":"standard","meta":{"_acf_changed":false,"om_disable_all_campaigns":false,"rop_custom_images_group":[],"rop_custom_messages_group":[],"rop_publish_now":"initial","rop_publish_now_accounts":{"twitter_242054905_242054905":""},"rop_publish_now_history":[],"rop_publish_now_status":"pending","_uf_show_specific_survey":0,"_uf_disable_surveys":false,"footnotes":""},"categories":[1],"tags":[],"class_list":["post-28678","post","type-post","status-publish","format-standard","has-post-thumbnail","hentry","category-uncategorized"],"acf":[],"aioseo_notices":[],"yoast_head":"<!-- This site is optimized with the Yoast SEO Premium plugin v24.9 (Yoast SEO v27.2) - https:\/\/yoast.com\/product\/yoast-seo-premium-wordpress\/ -->\n<title>Seis meses de plazo para regularizar las rejas en la v\u00eda p\u00fablica - Ecuador | Noti-America.com<\/title>\n<meta name=\"robots\" content=\"index, follow, max-snippet:-1, max-image-preview:large, max-video-preview:-1\" \/>\n<link rel=\"canonical\" href=\"https:\/\/noti-america.com\/site\/ecuador\/2024\/01\/20\/seis-meses-de-plazo-para-regularizar-las-rejas-en-la-via-publica\/\" \/>\n<meta property=\"og:locale\" content=\"es_ES\" \/>\n<meta property=\"og:type\" content=\"article\" \/>\n<meta property=\"og:title\" content=\"Seis meses de plazo para regularizar las rejas en la v\u00eda p\u00fablica\" \/>\n<meta property=\"og:description\" content=\"REDACCI\u00d3N NOTI-AM\u00c9RICA (ECUADOR). Desde este viernes, 19 de enero, entr\u00f3 en vigencia la ordenanza municipal que regula la ocupaci\u00f3n de la v\u00eda p\u00fablica mediante la instalaci\u00f3n de infraestructuras de seguridad en los vecindarios de&#046;&#046;&#046;\" \/>\n<meta property=\"og:url\" content=\"https:\/\/noti-america.com\/site\/ecuador\/2024\/01\/20\/seis-meses-de-plazo-para-regularizar-las-rejas-en-la-via-publica\/\" \/>\n<meta property=\"og:site_name\" content=\"Ecuador | Noti-America.com\" \/>\n<meta property=\"article:published_time\" content=\"2024-01-20T01:15:34+00:00\" \/>\n<meta property=\"article:modified_time\" content=\"2024-01-20T02:59:33+00:00\" \/>\n<meta property=\"og:image\" content=\"https:\/\/noti-america.com\/site\/ecuador\/wp-content\/uploads\/sites\/18\/2024\/01\/GUAYAQUIL-1.jpg\" \/>\n\t<meta property=\"og:image:width\" content=\"1920\" \/>\n\t<meta property=\"og:image:height\" content=\"1282\" \/>\n\t<meta property=\"og:image:type\" content=\"image\/jpeg\" \/>\n<meta name=\"author\" content=\"Henry Garrido\" \/>\n<meta name=\"twitter:card\" content=\"summary_large_image\" \/>\n<meta name=\"twitter:creator\" content=\"@notiamerica\" \/>\n<meta name=\"twitter:site\" content=\"@notiamerica\" \/>\n<meta name=\"twitter:label1\" content=\"Escrito por\" \/>\n\t<meta name=\"twitter:data1\" content=\"Henry Garrido\" \/>\n\t<meta name=\"twitter:label2\" content=\"Tiempo estimado de lectura\" \/>\n\t<meta name=\"twitter:data2\" content=\"2 minutos\" \/>\n<script type=\"application\/ld+json\" class=\"yoast-schema-graph\">{\"@context\":\"https:\/\/schema.org\",\"@graph\":[{\"@type\":\"Article\",\"@id\":\"https:\/\/noti-america.com\/site\/ecuador\/2024\/01\/20\/seis-meses-de-plazo-para-regularizar-las-rejas-en-la-via-publica\/#article\",\"isPartOf\":{\"@id\":\"https:\/\/noti-america.com\/site\/ecuador\/2024\/01\/20\/seis-meses-de-plazo-para-regularizar-las-rejas-en-la-via-publica\/\"},\"author\":{\"name\":\"Henry Garrido\",\"@id\":\"https:\/\/noti-america.com\/site\/ecuador\/#\/schema\/person\/00042412cfa9ecf98077f847ffadda4a\"},\"headline\":\"Seis meses de plazo para regularizar las rejas en la v\u00eda p\u00fablica\",\"datePublished\":\"2024-01-20T01:15:34+00:00\",\"dateModified\":\"2024-01-20T02:59:33+00:00\",\"mainEntityOfPage\":{\"@id\":\"https:\/\/noti-america.com\/site\/ecuador\/2024\/01\/20\/seis-meses-de-plazo-para-regularizar-las-rejas-en-la-via-publica\/\"},\"wordCount\":353,\"commentCount\":0,\"publisher\":{\"@id\":\"https:\/\/noti-america.com\/site\/ecuador\/#organization\"},\"image\":{\"@id\":\"https:\/\/noti-america.com\/site\/ecuador\/2024\/01\/20\/seis-meses-de-plazo-para-regularizar-las-rejas-en-la-via-publica\/#primaryimage\"},\"thumbnailUrl\":\"https:\/\/noti-america.com\/site\/ecuador\/wp-content\/uploads\/sites\/18\/2024\/01\/GUAYAQUIL-1.jpg\",\"articleSection\":[\"Uncategorized\"],\"inLanguage\":\"es\",\"potentialAction\":[{\"@type\":\"CommentAction\",\"name\":\"Comment\",\"target\":[\"https:\/\/noti-america.com\/site\/ecuador\/2024\/01\/20\/seis-meses-de-plazo-para-regularizar-las-rejas-en-la-via-publica\/#respond\"]}]},{\"@type\":\"WebPage\",\"@id\":\"https:\/\/noti-america.com\/site\/ecuador\/2024\/01\/20\/seis-meses-de-plazo-para-regularizar-las-rejas-en-la-via-publica\/\",\"url\":\"https:\/\/noti-america.com\/site\/ecuador\/2024\/01\/20\/seis-meses-de-plazo-para-regularizar-las-rejas-en-la-via-publica\/\",\"name\":\"Seis meses de plazo para regularizar las rejas en la v\u00eda p\u00fablica - Ecuador | Noti-America.com\",\"isPartOf\":{\"@id\":\"https:\/\/noti-america.com\/site\/ecuador\/#website\"},\"primaryImageOfPage\":{\"@id\":\"https:\/\/noti-america.com\/site\/ecuador\/2024\/01\/20\/seis-meses-de-plazo-para-regularizar-las-rejas-en-la-via-publica\/#primaryimage\"},\"image\":{\"@id\":\"https:\/\/noti-america.com\/site\/ecuador\/2024\/01\/20\/seis-meses-de-plazo-para-regularizar-las-rejas-en-la-via-publica\/#primaryimage\"},\"thumbnailUrl\":\"https:\/\/noti-america.com\/site\/ecuador\/wp-content\/uploads\/sites\/18\/2024\/01\/GUAYAQUIL-1.jpg\",\"datePublished\":\"2024-01-20T01:15:34+00:00\",\"dateModified\":\"2024-01-20T02:59:33+00:00\",\"breadcrumb\":{\"@id\":\"https:\/\/noti-america.com\/site\/ecuador\/2024\/01\/20\/seis-meses-de-plazo-para-regularizar-las-rejas-en-la-via-publica\/#breadcrumb\"},\"inLanguage\":\"es\",\"potentialAction\":[{\"@type\":\"ReadAction\",\"target\":[\"https:\/\/noti-america.com\/site\/ecuador\/2024\/01\/20\/seis-meses-de-plazo-para-regularizar-las-rejas-en-la-via-publica\/\"]}]},{\"@type\":\"ImageObject\",\"inLanguage\":\"es\",\"@id\":\"https:\/\/noti-america.com\/site\/ecuador\/2024\/01\/20\/seis-meses-de-plazo-para-regularizar-las-rejas-en-la-via-publica\/#primaryimage\",\"url\":\"https:\/\/noti-america.com\/site\/ecuador\/wp-content\/uploads\/sites\/18\/2024\/01\/GUAYAQUIL-1.jpg\",\"contentUrl\":\"https:\/\/noti-america.com\/site\/ecuador\/wp-content\/uploads\/sites\/18\/2024\/01\/GUAYAQUIL-1.jpg\",\"width\":1920,\"height\":1282},{\"@type\":\"BreadcrumbList\",\"@id\":\"https:\/\/noti-america.com\/site\/ecuador\/2024\/01\/20\/seis-meses-de-plazo-para-regularizar-las-rejas-en-la-via-publica\/#breadcrumb\",\"itemListElement\":[{\"@type\":\"ListItem\",\"position\":1,\"name\":\"Portada\",\"item\":\"https:\/\/noti-america.com\/site\/ecuador\/\"},{\"@type\":\"ListItem\",\"position\":2,\"name\":\"Seis meses de plazo para regularizar las rejas en la v\u00eda p\u00fablica\"}]},{\"@type\":\"WebSite\",\"@id\":\"https:\/\/noti-america.com\/site\/ecuador\/#website\",\"url\":\"https:\/\/noti-america.com\/site\/ecuador\/\",\"name\":\"Ecuador | Noti-America.com\",\"description\":\"\",\"publisher\":{\"@id\":\"https:\/\/noti-america.com\/site\/ecuador\/#organization\"},\"potentialAction\":[{\"@type\":\"SearchAction\",\"target\":{\"@type\":\"EntryPoint\",\"urlTemplate\":\"https:\/\/noti-america.com\/site\/ecuador\/?s={search_term_string}\"},\"query-input\":{\"@type\":\"PropertyValueSpecification\",\"valueRequired\":true,\"valueName\":\"search_term_string\"}}],\"inLanguage\":\"es\"},{\"@type\":\"Organization\",\"@id\":\"https:\/\/noti-america.com\/site\/ecuador\/#organization\",\"name\":\"Noti-America LLC | Ecuador\",\"url\":\"https:\/\/noti-america.com\/site\/ecuador\/\",\"logo\":{\"@type\":\"ImageObject\",\"inLanguage\":\"es\",\"@id\":\"https:\/\/noti-america.com\/site\/ecuador\/#\/schema\/logo\/image\/\",\"url\":\"https:\/\/noti-america.com\/site\/ecuador\/wp-content\/uploads\/sites\/18\/2020\/07\/LogoNA-4x3-1.jpg\",\"contentUrl\":\"https:\/\/noti-america.com\/site\/ecuador\/wp-content\/uploads\/sites\/18\/2020\/07\/LogoNA-4x3-1.jpg\",\"width\":1236,\"height\":1080,\"caption\":\"Noti-America LLC | Ecuador\"},\"image\":{\"@id\":\"https:\/\/noti-america.com\/site\/ecuador\/#\/schema\/logo\/image\/\"},\"sameAs\":[\"https:\/\/x.com\/notiamerica\"]},{\"@type\":\"Person\",\"@id\":\"https:\/\/noti-america.com\/site\/ecuador\/#\/schema\/person\/00042412cfa9ecf98077f847ffadda4a\",\"name\":\"Henry Garrido\",\"image\":{\"@type\":\"ImageObject\",\"inLanguage\":\"es\",\"@id\":\"https:\/\/secure.gravatar.com\/avatar\/749ae5a1e6f22cf042f04b9f3f0a22732ae36970ccfd5c54a0a2ac3c4e1166ed?s=96&d=mm&r=g\",\"url\":\"https:\/\/secure.gravatar.com\/avatar\/749ae5a1e6f22cf042f04b9f3f0a22732ae36970ccfd5c54a0a2ac3c4e1166ed?s=96&d=mm&r=g\",\"contentUrl\":\"https:\/\/secure.gravatar.com\/avatar\/749ae5a1e6f22cf042f04b9f3f0a22732ae36970ccfd5c54a0a2ac3c4e1166ed?s=96&d=mm&r=g\",\"caption\":\"Henry Garrido\"},\"url\":\"https:\/\/noti-america.com\/site\/ecuador\/author\/hgarrido\/\"}]}<\/script>\n<!-- \/ Yoast SEO Premium plugin. -->","yoast_head_json":{"title":"Seis meses de plazo para regularizar las rejas en la v\u00eda p\u00fablica - Ecuador | Noti-America.com","robots":{"index":"index","follow":"follow","max-snippet":"max-snippet:-1","max-image-preview":"max-image-preview:large","max-video-preview":"max-video-preview:-1"},"canonical":"https:\/\/noti-america.com\/site\/ecuador\/2024\/01\/20\/seis-meses-de-plazo-para-regularizar-las-rejas-en-la-via-publica\/","og_locale":"es_ES","og_type":"article","og_title":"Seis meses de plazo para regularizar las rejas en la v\u00eda p\u00fablica","og_description":"REDACCI\u00d3N NOTI-AM\u00c9RICA (ECUADOR). Desde este viernes, 19 de enero, entr\u00f3 en vigencia la ordenanza municipal que regula la ocupaci\u00f3n de la v\u00eda p\u00fablica mediante la instalaci\u00f3n de infraestructuras de seguridad en los vecindarios de&#46;&#46;&#46;","og_url":"https:\/\/noti-america.com\/site\/ecuador\/2024\/01\/20\/seis-meses-de-plazo-para-regularizar-las-rejas-en-la-via-publica\/","og_site_name":"Ecuador | Noti-America.com","article_published_time":"2024-01-20T01:15:34+00:00","article_modified_time":"2024-01-20T02:59:33+00:00","og_image":[{"width":1920,"height":1282,"url":"https:\/\/noti-america.com\/site\/ecuador\/wp-content\/uploads\/sites\/18\/2024\/01\/GUAYAQUIL-1.jpg","type":"image\/jpeg"}],"author":"Henry Garrido","twitter_card":"summary_large_image","twitter_creator":"@notiamerica","twitter_site":"@notiamerica","twitter_misc":{"Escrito por":"Henry Garrido","Tiempo estimado de lectura":"2 minutos"},"schema":{"@context":"https:\/\/schema.org","@graph":[{"@type":"Article","@id":"https:\/\/noti-america.com\/site\/ecuador\/2024\/01\/20\/seis-meses-de-plazo-para-regularizar-las-rejas-en-la-via-publica\/#article","isPartOf":{"@id":"https:\/\/noti-america.com\/site\/ecuador\/2024\/01\/20\/seis-meses-de-plazo-para-regularizar-las-rejas-en-la-via-publica\/"},"author":{"name":"Henry Garrido","@id":"https:\/\/noti-america.com\/site\/ecuador\/#\/schema\/person\/00042412cfa9ecf98077f847ffadda4a"},"headline":"Seis meses de plazo para regularizar las rejas en la v\u00eda p\u00fablica","datePublished":"2024-01-20T01:15:34+00:00","dateModified":"2024-01-20T02:59:33+00:00","mainEntityOfPage":{"@id":"https:\/\/noti-america.com\/site\/ecuador\/2024\/01\/20\/seis-meses-de-plazo-para-regularizar-las-rejas-en-la-via-publica\/"},"wordCount":353,"commentCount":0,"publisher":{"@id":"https:\/\/noti-america.com\/site\/ecuador\/#organization"},"image":{"@id":"https:\/\/noti-america.com\/site\/ecuador\/2024\/01\/20\/seis-meses-de-plazo-para-regularizar-las-rejas-en-la-via-publica\/#primaryimage"},"thumbnailUrl":"https:\/\/noti-america.com\/site\/ecuador\/wp-content\/uploads\/sites\/18\/2024\/01\/GUAYAQUIL-1.jpg","articleSection":["Uncategorized"],"inLanguage":"es","potentialAction":[{"@type":"CommentAction","name":"Comment","target":["https:\/\/noti-america.com\/site\/ecuador\/2024\/01\/20\/seis-meses-de-plazo-para-regularizar-las-rejas-en-la-via-publica\/#respond"]}]},{"@type":"WebPage","@id":"https:\/\/noti-america.com\/site\/ecuador\/2024\/01\/20\/seis-meses-de-plazo-para-regularizar-las-rejas-en-la-via-publica\/","url":"https:\/\/noti-america.com\/site\/ecuador\/2024\/01\/20\/seis-meses-de-plazo-para-regularizar-las-rejas-en-la-via-publica\/","name":"Seis meses de plazo para regularizar las rejas en la v\u00eda p\u00fablica - Ecuador | Noti-America.com","isPartOf":{"@id":"https:\/\/noti-america.com\/site\/ecuador\/#website"},"primaryImageOfPage":{"@id":"https:\/\/noti-america.com\/site\/ecuador\/2024\/01\/20\/seis-meses-de-plazo-para-regularizar-las-rejas-en-la-via-publica\/#primaryimage"},"image":{"@id":"https:\/\/noti-america.com\/site\/ecuador\/2024\/01\/20\/seis-meses-de-plazo-para-regularizar-las-rejas-en-la-via-publica\/#primaryimage"},"thumbnailUrl":"https:\/\/noti-america.com\/site\/ecuador\/wp-content\/uploads\/sites\/18\/2024\/01\/GUAYAQUIL-1.jpg","datePublished":"2024-01-20T01:15:34+00:00","dateModified":"2024-01-20T02:59:33+00:00","breadcrumb":{"@id":"https:\/\/noti-america.com\/site\/ecuador\/2024\/01\/20\/seis-meses-de-plazo-para-regularizar-las-rejas-en-la-via-publica\/#breadcrumb"},"inLanguage":"es","potentialAction":[{"@type":"ReadAction","target":["https:\/\/noti-america.com\/site\/ecuador\/2024\/01\/20\/seis-meses-de-plazo-para-regularizar-las-rejas-en-la-via-publica\/"]}]},{"@type":"ImageObject","inLanguage":"es","@id":"https:\/\/noti-america.com\/site\/ecuador\/2024\/01\/20\/seis-meses-de-plazo-para-regularizar-las-rejas-en-la-via-publica\/#primaryimage","url":"https:\/\/noti-america.com\/site\/ecuador\/wp-content\/uploads\/sites\/18\/2024\/01\/GUAYAQUIL-1.jpg","contentUrl":"https:\/\/noti-america.com\/site\/ecuador\/wp-content\/uploads\/sites\/18\/2024\/01\/GUAYAQUIL-1.jpg","width":1920,"height":1282},{"@type":"BreadcrumbList","@id":"https:\/\/noti-america.com\/site\/ecuador\/2024\/01\/20\/seis-meses-de-plazo-para-regularizar-las-rejas-en-la-via-publica\/#breadcrumb","itemListElement":[{"@type":"ListItem","position":1,"name":"Portada","item":"https:\/\/noti-america.com\/site\/ecuador\/"},{"@type":"ListItem","position":2,"name":"Seis meses de plazo para regularizar las rejas en la v\u00eda p\u00fablica"}]},{"@type":"WebSite","@id":"https:\/\/noti-america.com\/site\/ecuador\/#website","url":"https:\/\/noti-america.com\/site\/ecuador\/","name":"Ecuador | Noti-America.com","description":"","publisher":{"@id":"https:\/\/noti-america.com\/site\/ecuador\/#organization"},"potentialAction":[{"@type":"SearchAction","target":{"@type":"EntryPoint","urlTemplate":"https:\/\/noti-america.com\/site\/ecuador\/?s={search_term_string}"},"query-input":{"@type":"PropertyValueSpecification","valueRequired":true,"valueName":"search_term_string"}}],"inLanguage":"es"},{"@type":"Organization","@id":"https:\/\/noti-america.com\/site\/ecuador\/#organization","name":"Noti-America LLC | Ecuador","url":"https:\/\/noti-america.com\/site\/ecuador\/","logo":{"@type":"ImageObject","inLanguage":"es","@id":"https:\/\/noti-america.com\/site\/ecuador\/#\/schema\/logo\/image\/","url":"https:\/\/noti-america.com\/site\/ecuador\/wp-content\/uploads\/sites\/18\/2020\/07\/LogoNA-4x3-1.jpg","contentUrl":"https:\/\/noti-america.com\/site\/ecuador\/wp-content\/uploads\/sites\/18\/2020\/07\/LogoNA-4x3-1.jpg","width":1236,"height":1080,"caption":"Noti-America LLC | Ecuador"},"image":{"@id":"https:\/\/noti-america.com\/site\/ecuador\/#\/schema\/logo\/image\/"},"sameAs":["https:\/\/x.com\/notiamerica"]},{"@type":"Person","@id":"https:\/\/noti-america.com\/site\/ecuador\/#\/schema\/person\/00042412cfa9ecf98077f847ffadda4a","name":"Henry Garrido","image":{"@type":"ImageObject","inLanguage":"es","@id":"https:\/\/secure.gravatar.com\/avatar\/749ae5a1e6f22cf042f04b9f3f0a22732ae36970ccfd5c54a0a2ac3c4e1166ed?s=96&d=mm&r=g","url":"https:\/\/secure.gravatar.com\/avatar\/749ae5a1e6f22cf042f04b9f3f0a22732ae36970ccfd5c54a0a2ac3c4e1166ed?s=96&d=mm&r=g","contentUrl":"https:\/\/secure.gravatar.com\/avatar\/749ae5a1e6f22cf042f04b9f3f0a22732ae36970ccfd5c54a0a2ac3c4e1166ed?s=96&d=mm&r=g","caption":"Henry Garrido"},"url":"https:\/\/noti-america.com\/site\/ecuador\/author\/hgarrido\/"}]}},"_links":{"self":[{"href":"https:\/\/noti-america.com\/site\/ecuador\/wp-json\/wp\/v2\/posts\/28678","targetHints":{"allow":["GET"]}}],"collection":[{"href":"https:\/\/noti-america.com\/site\/ecuador\/wp-json\/wp\/v2\/posts"}],"about":[{"href":"https:\/\/noti-america.com\/site\/ecuador\/wp-json\/wp\/v2\/types\/post"}],"author":[{"embeddable":true,"href":"https:\/\/noti-america.com\/site\/ecuador\/wp-json\/wp\/v2\/users\/144"}],"replies":[{"embeddable":true,"href":"https:\/\/noti-america.com\/site\/ecuador\/wp-json\/wp\/v2\/comments?post=28678"}],"version-history":[{"count":3,"href":"https:\/\/noti-america.com\/site\/ecuador\/wp-json\/wp\/v2\/posts\/28678\/revisions"}],"predecessor-version":[{"id":28695,"href":"https:\/\/noti-america.com\/site\/ecuador\/wp-json\/wp\/v2\/posts\/28678\/revisions\/28695"}],"wp:featuredmedia":[{"embeddable":true,"href":"https:\/\/noti-america.com\/site\/ecuador\/wp-json\/wp\/v2\/media\/28680"}],"wp:attachment":[{"href":"https:\/\/noti-america.com\/site\/ecuador\/wp-json\/wp\/v2\/media?parent=28678"}],"wp:term":[{"taxonomy":"category","embeddable":true,"href":"https:\/\/noti-america.com\/site\/ecuador\/wp-json\/wp\/v2\/categories?post=28678"},{"taxonomy":"post_tag","embeddable":true,"href":"https:\/\/noti-america.com\/site\/ecuador\/wp-json\/wp\/v2\/tags?post=28678"}],"curies":[{"name":"wp","href":"https:\/\/api.w.org\/{rel}","templated":true}]}}