{"id":28193,"date":"2023-12-22T13:42:45","date_gmt":"2023-12-22T13:42:45","guid":{"rendered":"https:\/\/noti-america.com\/site\/ecuador\/?p=28193"},"modified":"2023-12-22T13:42:45","modified_gmt":"2023-12-22T13:42:45","slug":"profuturo-y-air-europa-se-alian-para-llevar-educacion-de-calidad-a-los-rincones-mas-vulnerables","status":"publish","type":"post","link":"https:\/\/noti-america.com\/site\/ecuador\/2023\/12\/22\/profuturo-y-air-europa-se-alian-para-llevar-educacion-de-calidad-a-los-rincones-mas-vulnerables\/","title":{"rendered":"ProFuturo y Air Europa se al\u00edan para llevar educaci\u00f3n de calidad a los rincones m\u00e1s vulnerables"},"content":{"rendered":"<p style=\"text-align: justify\"><strong>REDACCI\u00d3N NOTI AM\u00c9RICA (ECUADOR)<\/strong><\/p>\n<div id=\"attachment_28194\" style=\"width: 555px\" class=\"wp-caption alignleft\"><img loading=\"lazy\" decoding=\"async\" aria-describedby=\"caption-attachment-28194\" class=\"wp-image-28194\" src=\"https:\/\/noti-america.com\/site\/ecuador\/wp-content\/uploads\/sites\/18\/2023\/12\/WhatsApp-Image-2023-12-21-at-13.02.41-300x200.jpeg\" alt=\"\" width=\"545\" height=\"363\" srcset=\"https:\/\/noti-america.com\/site\/ecuador\/wp-content\/uploads\/sites\/18\/2023\/12\/WhatsApp-Image-2023-12-21-at-13.02.41-300x200.jpeg 300w, https:\/\/noti-america.com\/site\/ecuador\/wp-content\/uploads\/sites\/18\/2023\/12\/WhatsApp-Image-2023-12-21-at-13.02.41-1024x682.jpeg 1024w, https:\/\/noti-america.com\/site\/ecuador\/wp-content\/uploads\/sites\/18\/2023\/12\/WhatsApp-Image-2023-12-21-at-13.02.41-768x512.jpeg 768w, https:\/\/noti-america.com\/site\/ecuador\/wp-content\/uploads\/sites\/18\/2023\/12\/WhatsApp-Image-2023-12-21-at-13.02.41-1536x1023.jpeg 1536w, https:\/\/noti-america.com\/site\/ecuador\/wp-content\/uploads\/sites\/18\/2023\/12\/WhatsApp-Image-2023-12-21-at-13.02.41-272x182.jpeg 272w, https:\/\/noti-america.com\/site\/ecuador\/wp-content\/uploads\/sites\/18\/2023\/12\/WhatsApp-Image-2023-12-21-at-13.02.41.jpeg 1600w\" sizes=\"auto, (max-width: 545px) 100vw, 545px\" \/><p id=\"caption-attachment-28194\" class=\"wp-caption-text\">La compa\u00f1\u00eda a\u00e9rea se compromete, adem\u00e1s, a la difusi\u00f3n a trav\u00e9s de sus canales de comunicaci\u00f3n del programa ProFuturo, impulsado por Fundaci\u00f3n Telef\u00f3nica y la Fundaci\u00f3n \u201dla Caixa\u201d.<\/p><\/div>\n<p style=\"text-align: justify\">ProFuturo, el programa de educaci\u00f3n impulsado por Fundaci\u00f3n Telef\u00f3nica y la Fundaci\u00f3n \u00abla Caixa\u00bb, y Air Europa han firmado un acuerdo de colaboraci\u00f3n, que convierte a la compa\u00f1\u00eda a\u00e9rea en aliado de transporte del equipamiento tecnol\u00f3gico escolar necesario para que los ni\u00f1os y ni\u00f1as de los rincones m\u00e1s vulnerables de Am\u00e9rica Latina puedan recibir una educaci\u00f3n de calidad. En virtud del convenio, la aerol\u00ednea transportar\u00e1 m\u00e1s de cinco toneladas de material educativo a territorios de Colombia, Ecuador, M\u00e9xico, Per\u00fa y Uruguay.<\/p>\n<p style=\"text-align: justify\">Adem\u00e1s, la compa\u00f1\u00eda a\u00e9rea se compromete a la difusi\u00f3n del programa ProFuturo en sus canales de comunicaci\u00f3n, internos y externos, para dar a conocer a sus clientes, empleados, y proveedores, en las comunidades donde opera y poner en valor la importancia de aunar educaci\u00f3n con tecnolog\u00eda y metodolog\u00edas de ense\u00f1anza innovadoras para que docentes y alumnos de \u00e1mbitos vulnerables desarrollen las competencias necesarias que les permitan hacer frente a los retos del siglo XXI.<\/p>\n<p style=\"text-align: justify\">Air Europa se suma as\u00ed a los grandes aliados de ProFuturo, entre los que se encuentran Acnur, Unesco, el International Rescue Committee, la Organizaci\u00f3n de Estados Iberoamericanos (OEI), Save the Children o World Vision.<\/p>\n<p style=\"text-align: justify\">La aerol\u00ednea, como empresa social y medioambientalmente comprometida y responsable, suma su participaci\u00f3n con ProFuturo a las distintas acciones que lidera siguiendo los principios marcados por el Pacto Mundial y los Objetivos de Desarrollo Sostenible, y que le permiten contribuir a la reducci\u00f3n de la brecha social apostando por la innovaci\u00f3n, la igualdad de oportunidades, el crecimiento econ\u00f3mico y un trabajo digno.<\/p>\n<p style=\"text-align: justify\">Air Europa y ProFuturo han ido tambi\u00e9n de la mano para compartir su felicitaci\u00f3n navide\u00f1a, que permite mostrar en estas fechas el objetivo de su colaboraci\u00f3n. Para ver la felicitaci\u00f3n pulse en el siguiente enlace: <a href=\"https:\/\/youtu.be\/eg63qKh-dms\">https:\/\/youtu.be\/eg63qKh-dms<\/a><\/p>\n<p style=\"text-align: justify\"><strong>Sobre ProFuturo<\/strong><\/p>\n<p style=\"text-align: justify\">ProFuturo es un programa de educaci\u00f3n digital puesto en marcha por Fundaci\u00f3n Telef\u00f3nica y la Fundaci\u00f3n \u201cla Caixa\u201d para reducir la brecha educativa en el mundo proporcionando una educaci\u00f3n digital de calidad a ni\u00f1os y ni\u00f1as en entornos vulnerables de Latinoam\u00e9rica, el Caribe, \u00c1frica y Asia.<\/p>\n<p style=\"text-align: justify\">ProFuturo se apoya en la tecnolog\u00eda y en metodolog\u00edas innovadoras de ense\u00f1anza con las que se busca que docentes y alumnos desarrollen competencias para hacer frente a los retos del siglo XXI. El programa trabaja con otras instituciones y empresas y aspira a crear una gran red internacional de docentes que ense\u00f1an, aprenden y comparten conocimientos para lograr, entre todos, una educaci\u00f3n mejor en el mundo.<\/p>\n<p style=\"text-align: justify\"><strong>Sobre Fundaci\u00f3n Telef\u00f3nica Movistar Ecuador <\/strong><\/p>\n<p style=\"text-align: justify\">Fundaci\u00f3n Telef\u00f3nica, al ser el brazo social del grupo Telef\u00f3nica Movistar, dise\u00f1a e implementa proyectos educativos, culturales, de empleabilidad y voluntariado, que responden a los nuevos retos del mundo digital. Trabajamos como catalizador de la inclusi\u00f3n social en la era digital. Con esta visi\u00f3n, buscamos mejorar las oportunidades de desarrollo de las personas a trav\u00e9s de proyectos con ADN digital, con vocaci\u00f3n global, e inclusivos; utilizando la educaci\u00f3n, la formaci\u00f3n y la divulgaci\u00f3n del conocimiento como los veh\u00edculos fundamentales para la transformaci\u00f3n social.<\/p>\n<p style=\"text-align: justify\"><strong>Sobre Air Europa<\/strong><\/p>\n<p style=\"text-align: justify\">En el aire desde 1986, Air Europa es una aerol\u00ednea espa\u00f1ola miembro de la alianza SkyTeam. La flota de la compa\u00f1\u00eda, constituida por 50 aeronaves, es una de las m\u00e1s modernas y sostenibles del sector, integrada por modelos Boeing 787 Dreamliner y Boeing 737 que garantizan la m\u00e1xima eficiencia y comodidad para sus pasajeros. Air Europa vuela a m\u00e1s de 55 destinos en todo el mundo y cuenta con una posici\u00f3n estrat\u00e9gica en el hub del aeropuerto Adolfo Su\u00e1rez Madrid-Barajas, conectando Europa y Am\u00e9rica.<\/p>\n","protected":false},"excerpt":{"rendered":"<p>REDACCI\u00d3N NOTI AM\u00c9RICA (ECUADOR) ProFuturo, el programa de educaci\u00f3n impulsado por Fundaci\u00f3n Telef\u00f3nica y la Fundaci\u00f3n \u00abla Caixa\u00bb, y Air Europa han firmado un acuerdo de colaboraci\u00f3n, que convierte a la compa\u00f1\u00eda a\u00e9rea en&#46;&#46;&#46;<\/p>\n","protected":false},"author":113,"featured_media":28194,"comment_status":"open","ping_status":"open","sticky":false,"template":"","format":"standard","meta":{"_acf_changed":false,"om_disable_all_campaigns":false,"rop_custom_images_group":[],"rop_custom_messages_group":[],"rop_publish_now":"initial","rop_publish_now_accounts":{"twitter_242054905_242054905":""},"rop_publish_now_history":[],"rop_publish_now_status":"pending","_uf_show_specific_survey":0,"_uf_disable_surveys":false,"footnotes":""},"categories":[103],"tags":[],"class_list":["post-28193","post","type-post","status-publish","format-standard","has-post-thumbnail","hentry","category-educacion"],"acf":[],"aioseo_notices":[],"yoast_head":"<!-- This site is optimized with the Yoast SEO Premium plugin v24.9 (Yoast SEO v27.2) - https:\/\/yoast.com\/product\/yoast-seo-premium-wordpress\/ -->\n<title>ProFuturo y Air Europa se al\u00edan para llevar educaci\u00f3n de calidad a los rincones m\u00e1s vulnerables - Ecuador | Noti-America.com<\/title>\n<meta name=\"robots\" content=\"index, follow, max-snippet:-1, max-image-preview:large, max-video-preview:-1\" \/>\n<link rel=\"canonical\" href=\"https:\/\/noti-america.com\/site\/ecuador\/2023\/12\/22\/profuturo-y-air-europa-se-alian-para-llevar-educacion-de-calidad-a-los-rincones-mas-vulnerables\/\" \/>\n<meta property=\"og:locale\" content=\"es_ES\" \/>\n<meta property=\"og:type\" content=\"article\" \/>\n<meta property=\"og:title\" content=\"ProFuturo y Air Europa se al\u00edan para llevar educaci\u00f3n de calidad a los rincones m\u00e1s vulnerables\" \/>\n<meta property=\"og:description\" content=\"REDACCI\u00d3N NOTI AM\u00c9RICA (ECUADOR) ProFuturo, el programa de educaci\u00f3n impulsado por Fundaci\u00f3n Telef\u00f3nica y la Fundaci\u00f3n \u00abla Caixa\u00bb, y Air Europa han firmado un acuerdo de colaboraci\u00f3n, que convierte a la compa\u00f1\u00eda a\u00e9rea en&#046;&#046;&#046;\" \/>\n<meta property=\"og:url\" content=\"https:\/\/noti-america.com\/site\/ecuador\/2023\/12\/22\/profuturo-y-air-europa-se-alian-para-llevar-educacion-de-calidad-a-los-rincones-mas-vulnerables\/\" \/>\n<meta property=\"og:site_name\" content=\"Ecuador | Noti-America.com\" \/>\n<meta property=\"article:published_time\" content=\"2023-12-22T13:42:45+00:00\" \/>\n<meta property=\"og:image\" content=\"https:\/\/noti-america.com\/site\/ecuador\/wp-content\/uploads\/sites\/18\/2023\/12\/WhatsApp-Image-2023-12-21-at-13.02.41.jpeg\" \/>\n\t<meta property=\"og:image:width\" content=\"1600\" \/>\n\t<meta property=\"og:image:height\" content=\"1066\" \/>\n\t<meta property=\"og:image:type\" content=\"image\/jpeg\" \/>\n<meta name=\"author\" content=\"Henry Ortiz\" \/>\n<meta name=\"twitter:card\" content=\"summary_large_image\" \/>\n<meta name=\"twitter:creator\" content=\"@notiamerica\" \/>\n<meta name=\"twitter:site\" content=\"@notiamerica\" \/>\n<meta name=\"twitter:label1\" content=\"Escrito por\" \/>\n\t<meta name=\"twitter:data1\" content=\"Henry Ortiz\" \/>\n\t<meta name=\"twitter:label2\" content=\"Tiempo estimado de lectura\" \/>\n\t<meta name=\"twitter:data2\" content=\"4 minutos\" \/>\n<script type=\"application\/ld+json\" class=\"yoast-schema-graph\">{\"@context\":\"https:\/\/schema.org\",\"@graph\":[{\"@type\":\"Article\",\"@id\":\"https:\/\/noti-america.com\/site\/ecuador\/2023\/12\/22\/profuturo-y-air-europa-se-alian-para-llevar-educacion-de-calidad-a-los-rincones-mas-vulnerables\/#article\",\"isPartOf\":{\"@id\":\"https:\/\/noti-america.com\/site\/ecuador\/2023\/12\/22\/profuturo-y-air-europa-se-alian-para-llevar-educacion-de-calidad-a-los-rincones-mas-vulnerables\/\"},\"author\":{\"name\":\"Henry Ortiz\",\"@id\":\"https:\/\/noti-america.com\/site\/ecuador\/#\/schema\/person\/b9d1630cc6598af759d45c790a347283\"},\"headline\":\"ProFuturo y Air Europa se al\u00edan para llevar educaci\u00f3n de calidad a los rincones m\u00e1s vulnerables\",\"datePublished\":\"2023-12-22T13:42:45+00:00\",\"mainEntityOfPage\":{\"@id\":\"https:\/\/noti-america.com\/site\/ecuador\/2023\/12\/22\/profuturo-y-air-europa-se-alian-para-llevar-educacion-de-calidad-a-los-rincones-mas-vulnerables\/\"},\"wordCount\":718,\"commentCount\":0,\"publisher\":{\"@id\":\"https:\/\/noti-america.com\/site\/ecuador\/#organization\"},\"image\":{\"@id\":\"https:\/\/noti-america.com\/site\/ecuador\/2023\/12\/22\/profuturo-y-air-europa-se-alian-para-llevar-educacion-de-calidad-a-los-rincones-mas-vulnerables\/#primaryimage\"},\"thumbnailUrl\":\"https:\/\/noti-america.com\/site\/ecuador\/wp-content\/uploads\/sites\/18\/2023\/12\/WhatsApp-Image-2023-12-21-at-13.02.41.jpeg\",\"articleSection\":[\"Educaci\u00f3n\"],\"inLanguage\":\"es\",\"potentialAction\":[{\"@type\":\"CommentAction\",\"name\":\"Comment\",\"target\":[\"https:\/\/noti-america.com\/site\/ecuador\/2023\/12\/22\/profuturo-y-air-europa-se-alian-para-llevar-educacion-de-calidad-a-los-rincones-mas-vulnerables\/#respond\"]}]},{\"@type\":\"WebPage\",\"@id\":\"https:\/\/noti-america.com\/site\/ecuador\/2023\/12\/22\/profuturo-y-air-europa-se-alian-para-llevar-educacion-de-calidad-a-los-rincones-mas-vulnerables\/\",\"url\":\"https:\/\/noti-america.com\/site\/ecuador\/2023\/12\/22\/profuturo-y-air-europa-se-alian-para-llevar-educacion-de-calidad-a-los-rincones-mas-vulnerables\/\",\"name\":\"ProFuturo y Air Europa se al\u00edan para llevar educaci\u00f3n de calidad a los rincones m\u00e1s vulnerables - Ecuador | Noti-America.com\",\"isPartOf\":{\"@id\":\"https:\/\/noti-america.com\/site\/ecuador\/#website\"},\"primaryImageOfPage\":{\"@id\":\"https:\/\/noti-america.com\/site\/ecuador\/2023\/12\/22\/profuturo-y-air-europa-se-alian-para-llevar-educacion-de-calidad-a-los-rincones-mas-vulnerables\/#primaryimage\"},\"image\":{\"@id\":\"https:\/\/noti-america.com\/site\/ecuador\/2023\/12\/22\/profuturo-y-air-europa-se-alian-para-llevar-educacion-de-calidad-a-los-rincones-mas-vulnerables\/#primaryimage\"},\"thumbnailUrl\":\"https:\/\/noti-america.com\/site\/ecuador\/wp-content\/uploads\/sites\/18\/2023\/12\/WhatsApp-Image-2023-12-21-at-13.02.41.jpeg\",\"datePublished\":\"2023-12-22T13:42:45+00:00\",\"breadcrumb\":{\"@id\":\"https:\/\/noti-america.com\/site\/ecuador\/2023\/12\/22\/profuturo-y-air-europa-se-alian-para-llevar-educacion-de-calidad-a-los-rincones-mas-vulnerables\/#breadcrumb\"},\"inLanguage\":\"es\",\"potentialAction\":[{\"@type\":\"ReadAction\",\"target\":[\"https:\/\/noti-america.com\/site\/ecuador\/2023\/12\/22\/profuturo-y-air-europa-se-alian-para-llevar-educacion-de-calidad-a-los-rincones-mas-vulnerables\/\"]}]},{\"@type\":\"ImageObject\",\"inLanguage\":\"es\",\"@id\":\"https:\/\/noti-america.com\/site\/ecuador\/2023\/12\/22\/profuturo-y-air-europa-se-alian-para-llevar-educacion-de-calidad-a-los-rincones-mas-vulnerables\/#primaryimage\",\"url\":\"https:\/\/noti-america.com\/site\/ecuador\/wp-content\/uploads\/sites\/18\/2023\/12\/WhatsApp-Image-2023-12-21-at-13.02.41.jpeg\",\"contentUrl\":\"https:\/\/noti-america.com\/site\/ecuador\/wp-content\/uploads\/sites\/18\/2023\/12\/WhatsApp-Image-2023-12-21-at-13.02.41.jpeg\",\"width\":1600,\"height\":1066},{\"@type\":\"BreadcrumbList\",\"@id\":\"https:\/\/noti-america.com\/site\/ecuador\/2023\/12\/22\/profuturo-y-air-europa-se-alian-para-llevar-educacion-de-calidad-a-los-rincones-mas-vulnerables\/#breadcrumb\",\"itemListElement\":[{\"@type\":\"ListItem\",\"position\":1,\"name\":\"Portada\",\"item\":\"https:\/\/noti-america.com\/site\/ecuador\/\"},{\"@type\":\"ListItem\",\"position\":2,\"name\":\"ProFuturo y Air Europa se al\u00edan para llevar educaci\u00f3n de calidad a los rincones m\u00e1s vulnerables\"}]},{\"@type\":\"WebSite\",\"@id\":\"https:\/\/noti-america.com\/site\/ecuador\/#website\",\"url\":\"https:\/\/noti-america.com\/site\/ecuador\/\",\"name\":\"Ecuador | Noti-America.com\",\"description\":\"\",\"publisher\":{\"@id\":\"https:\/\/noti-america.com\/site\/ecuador\/#organization\"},\"potentialAction\":[{\"@type\":\"SearchAction\",\"target\":{\"@type\":\"EntryPoint\",\"urlTemplate\":\"https:\/\/noti-america.com\/site\/ecuador\/?s={search_term_string}\"},\"query-input\":{\"@type\":\"PropertyValueSpecification\",\"valueRequired\":true,\"valueName\":\"search_term_string\"}}],\"inLanguage\":\"es\"},{\"@type\":\"Organization\",\"@id\":\"https:\/\/noti-america.com\/site\/ecuador\/#organization\",\"name\":\"Noti-America LLC | Ecuador\",\"url\":\"https:\/\/noti-america.com\/site\/ecuador\/\",\"logo\":{\"@type\":\"ImageObject\",\"inLanguage\":\"es\",\"@id\":\"https:\/\/noti-america.com\/site\/ecuador\/#\/schema\/logo\/image\/\",\"url\":\"https:\/\/noti-america.com\/site\/ecuador\/wp-content\/uploads\/sites\/18\/2020\/07\/LogoNA-4x3-1.jpg\",\"contentUrl\":\"https:\/\/noti-america.com\/site\/ecuador\/wp-content\/uploads\/sites\/18\/2020\/07\/LogoNA-4x3-1.jpg\",\"width\":1236,\"height\":1080,\"caption\":\"Noti-America LLC | Ecuador\"},\"image\":{\"@id\":\"https:\/\/noti-america.com\/site\/ecuador\/#\/schema\/logo\/image\/\"},\"sameAs\":[\"https:\/\/x.com\/notiamerica\"]},{\"@type\":\"Person\",\"@id\":\"https:\/\/noti-america.com\/site\/ecuador\/#\/schema\/person\/b9d1630cc6598af759d45c790a347283\",\"name\":\"Henry Ortiz\",\"image\":{\"@type\":\"ImageObject\",\"inLanguage\":\"es\",\"@id\":\"https:\/\/secure.gravatar.com\/avatar\/0b5407b5b302fbb6a578e625dca512ac2983ee5fa9ea941d581b83c40212e4c8?s=96&d=mm&r=g\",\"url\":\"https:\/\/secure.gravatar.com\/avatar\/0b5407b5b302fbb6a578e625dca512ac2983ee5fa9ea941d581b83c40212e4c8?s=96&d=mm&r=g\",\"contentUrl\":\"https:\/\/secure.gravatar.com\/avatar\/0b5407b5b302fbb6a578e625dca512ac2983ee5fa9ea941d581b83c40212e4c8?s=96&d=mm&r=g\",\"caption\":\"Henry Ortiz\"},\"url\":\"https:\/\/noti-america.com\/site\/ecuador\/author\/hortiz\/\"}]}<\/script>\n<!-- \/ Yoast SEO Premium plugin. -->","yoast_head_json":{"title":"ProFuturo y Air Europa se al\u00edan para llevar educaci\u00f3n de calidad a los rincones m\u00e1s vulnerables - Ecuador | Noti-America.com","robots":{"index":"index","follow":"follow","max-snippet":"max-snippet:-1","max-image-preview":"max-image-preview:large","max-video-preview":"max-video-preview:-1"},"canonical":"https:\/\/noti-america.com\/site\/ecuador\/2023\/12\/22\/profuturo-y-air-europa-se-alian-para-llevar-educacion-de-calidad-a-los-rincones-mas-vulnerables\/","og_locale":"es_ES","og_type":"article","og_title":"ProFuturo y Air Europa se al\u00edan para llevar educaci\u00f3n de calidad a los rincones m\u00e1s vulnerables","og_description":"REDACCI\u00d3N NOTI AM\u00c9RICA (ECUADOR) ProFuturo, el programa de educaci\u00f3n impulsado por Fundaci\u00f3n Telef\u00f3nica y la Fundaci\u00f3n \u00abla Caixa\u00bb, y Air Europa han firmado un acuerdo de colaboraci\u00f3n, que convierte a la compa\u00f1\u00eda a\u00e9rea en&#46;&#46;&#46;","og_url":"https:\/\/noti-america.com\/site\/ecuador\/2023\/12\/22\/profuturo-y-air-europa-se-alian-para-llevar-educacion-de-calidad-a-los-rincones-mas-vulnerables\/","og_site_name":"Ecuador | Noti-America.com","article_published_time":"2023-12-22T13:42:45+00:00","og_image":[{"width":1600,"height":1066,"url":"https:\/\/noti-america.com\/site\/ecuador\/wp-content\/uploads\/sites\/18\/2023\/12\/WhatsApp-Image-2023-12-21-at-13.02.41.jpeg","type":"image\/jpeg"}],"author":"Henry Ortiz","twitter_card":"summary_large_image","twitter_creator":"@notiamerica","twitter_site":"@notiamerica","twitter_misc":{"Escrito por":"Henry Ortiz","Tiempo estimado de lectura":"4 minutos"},"schema":{"@context":"https:\/\/schema.org","@graph":[{"@type":"Article","@id":"https:\/\/noti-america.com\/site\/ecuador\/2023\/12\/22\/profuturo-y-air-europa-se-alian-para-llevar-educacion-de-calidad-a-los-rincones-mas-vulnerables\/#article","isPartOf":{"@id":"https:\/\/noti-america.com\/site\/ecuador\/2023\/12\/22\/profuturo-y-air-europa-se-alian-para-llevar-educacion-de-calidad-a-los-rincones-mas-vulnerables\/"},"author":{"name":"Henry Ortiz","@id":"https:\/\/noti-america.com\/site\/ecuador\/#\/schema\/person\/b9d1630cc6598af759d45c790a347283"},"headline":"ProFuturo y Air Europa se al\u00edan para llevar educaci\u00f3n de calidad a los rincones m\u00e1s vulnerables","datePublished":"2023-12-22T13:42:45+00:00","mainEntityOfPage":{"@id":"https:\/\/noti-america.com\/site\/ecuador\/2023\/12\/22\/profuturo-y-air-europa-se-alian-para-llevar-educacion-de-calidad-a-los-rincones-mas-vulnerables\/"},"wordCount":718,"commentCount":0,"publisher":{"@id":"https:\/\/noti-america.com\/site\/ecuador\/#organization"},"image":{"@id":"https:\/\/noti-america.com\/site\/ecuador\/2023\/12\/22\/profuturo-y-air-europa-se-alian-para-llevar-educacion-de-calidad-a-los-rincones-mas-vulnerables\/#primaryimage"},"thumbnailUrl":"https:\/\/noti-america.com\/site\/ecuador\/wp-content\/uploads\/sites\/18\/2023\/12\/WhatsApp-Image-2023-12-21-at-13.02.41.jpeg","articleSection":["Educaci\u00f3n"],"inLanguage":"es","potentialAction":[{"@type":"CommentAction","name":"Comment","target":["https:\/\/noti-america.com\/site\/ecuador\/2023\/12\/22\/profuturo-y-air-europa-se-alian-para-llevar-educacion-de-calidad-a-los-rincones-mas-vulnerables\/#respond"]}]},{"@type":"WebPage","@id":"https:\/\/noti-america.com\/site\/ecuador\/2023\/12\/22\/profuturo-y-air-europa-se-alian-para-llevar-educacion-de-calidad-a-los-rincones-mas-vulnerables\/","url":"https:\/\/noti-america.com\/site\/ecuador\/2023\/12\/22\/profuturo-y-air-europa-se-alian-para-llevar-educacion-de-calidad-a-los-rincones-mas-vulnerables\/","name":"ProFuturo y Air Europa se al\u00edan para llevar educaci\u00f3n de calidad a los rincones m\u00e1s vulnerables - Ecuador | Noti-America.com","isPartOf":{"@id":"https:\/\/noti-america.com\/site\/ecuador\/#website"},"primaryImageOfPage":{"@id":"https:\/\/noti-america.com\/site\/ecuador\/2023\/12\/22\/profuturo-y-air-europa-se-alian-para-llevar-educacion-de-calidad-a-los-rincones-mas-vulnerables\/#primaryimage"},"image":{"@id":"https:\/\/noti-america.com\/site\/ecuador\/2023\/12\/22\/profuturo-y-air-europa-se-alian-para-llevar-educacion-de-calidad-a-los-rincones-mas-vulnerables\/#primaryimage"},"thumbnailUrl":"https:\/\/noti-america.com\/site\/ecuador\/wp-content\/uploads\/sites\/18\/2023\/12\/WhatsApp-Image-2023-12-21-at-13.02.41.jpeg","datePublished":"2023-12-22T13:42:45+00:00","breadcrumb":{"@id":"https:\/\/noti-america.com\/site\/ecuador\/2023\/12\/22\/profuturo-y-air-europa-se-alian-para-llevar-educacion-de-calidad-a-los-rincones-mas-vulnerables\/#breadcrumb"},"inLanguage":"es","potentialAction":[{"@type":"ReadAction","target":["https:\/\/noti-america.com\/site\/ecuador\/2023\/12\/22\/profuturo-y-air-europa-se-alian-para-llevar-educacion-de-calidad-a-los-rincones-mas-vulnerables\/"]}]},{"@type":"ImageObject","inLanguage":"es","@id":"https:\/\/noti-america.com\/site\/ecuador\/2023\/12\/22\/profuturo-y-air-europa-se-alian-para-llevar-educacion-de-calidad-a-los-rincones-mas-vulnerables\/#primaryimage","url":"https:\/\/noti-america.com\/site\/ecuador\/wp-content\/uploads\/sites\/18\/2023\/12\/WhatsApp-Image-2023-12-21-at-13.02.41.jpeg","contentUrl":"https:\/\/noti-america.com\/site\/ecuador\/wp-content\/uploads\/sites\/18\/2023\/12\/WhatsApp-Image-2023-12-21-at-13.02.41.jpeg","width":1600,"height":1066},{"@type":"BreadcrumbList","@id":"https:\/\/noti-america.com\/site\/ecuador\/2023\/12\/22\/profuturo-y-air-europa-se-alian-para-llevar-educacion-de-calidad-a-los-rincones-mas-vulnerables\/#breadcrumb","itemListElement":[{"@type":"ListItem","position":1,"name":"Portada","item":"https:\/\/noti-america.com\/site\/ecuador\/"},{"@type":"ListItem","position":2,"name":"ProFuturo y Air Europa se al\u00edan para llevar educaci\u00f3n de calidad a los rincones m\u00e1s vulnerables"}]},{"@type":"WebSite","@id":"https:\/\/noti-america.com\/site\/ecuador\/#website","url":"https:\/\/noti-america.com\/site\/ecuador\/","name":"Ecuador | Noti-America.com","description":"","publisher":{"@id":"https:\/\/noti-america.com\/site\/ecuador\/#organization"},"potentialAction":[{"@type":"SearchAction","target":{"@type":"EntryPoint","urlTemplate":"https:\/\/noti-america.com\/site\/ecuador\/?s={search_term_string}"},"query-input":{"@type":"PropertyValueSpecification","valueRequired":true,"valueName":"search_term_string"}}],"inLanguage":"es"},{"@type":"Organization","@id":"https:\/\/noti-america.com\/site\/ecuador\/#organization","name":"Noti-America LLC | Ecuador","url":"https:\/\/noti-america.com\/site\/ecuador\/","logo":{"@type":"ImageObject","inLanguage":"es","@id":"https:\/\/noti-america.com\/site\/ecuador\/#\/schema\/logo\/image\/","url":"https:\/\/noti-america.com\/site\/ecuador\/wp-content\/uploads\/sites\/18\/2020\/07\/LogoNA-4x3-1.jpg","contentUrl":"https:\/\/noti-america.com\/site\/ecuador\/wp-content\/uploads\/sites\/18\/2020\/07\/LogoNA-4x3-1.jpg","width":1236,"height":1080,"caption":"Noti-America LLC | Ecuador"},"image":{"@id":"https:\/\/noti-america.com\/site\/ecuador\/#\/schema\/logo\/image\/"},"sameAs":["https:\/\/x.com\/notiamerica"]},{"@type":"Person","@id":"https:\/\/noti-america.com\/site\/ecuador\/#\/schema\/person\/b9d1630cc6598af759d45c790a347283","name":"Henry Ortiz","image":{"@type":"ImageObject","inLanguage":"es","@id":"https:\/\/secure.gravatar.com\/avatar\/0b5407b5b302fbb6a578e625dca512ac2983ee5fa9ea941d581b83c40212e4c8?s=96&d=mm&r=g","url":"https:\/\/secure.gravatar.com\/avatar\/0b5407b5b302fbb6a578e625dca512ac2983ee5fa9ea941d581b83c40212e4c8?s=96&d=mm&r=g","contentUrl":"https:\/\/secure.gravatar.com\/avatar\/0b5407b5b302fbb6a578e625dca512ac2983ee5fa9ea941d581b83c40212e4c8?s=96&d=mm&r=g","caption":"Henry Ortiz"},"url":"https:\/\/noti-america.com\/site\/ecuador\/author\/hortiz\/"}]}},"_links":{"self":[{"href":"https:\/\/noti-america.com\/site\/ecuador\/wp-json\/wp\/v2\/posts\/28193","targetHints":{"allow":["GET"]}}],"collection":[{"href":"https:\/\/noti-america.com\/site\/ecuador\/wp-json\/wp\/v2\/posts"}],"about":[{"href":"https:\/\/noti-america.com\/site\/ecuador\/wp-json\/wp\/v2\/types\/post"}],"author":[{"embeddable":true,"href":"https:\/\/noti-america.com\/site\/ecuador\/wp-json\/wp\/v2\/users\/113"}],"replies":[{"embeddable":true,"href":"https:\/\/noti-america.com\/site\/ecuador\/wp-json\/wp\/v2\/comments?post=28193"}],"version-history":[{"count":1,"href":"https:\/\/noti-america.com\/site\/ecuador\/wp-json\/wp\/v2\/posts\/28193\/revisions"}],"predecessor-version":[{"id":28195,"href":"https:\/\/noti-america.com\/site\/ecuador\/wp-json\/wp\/v2\/posts\/28193\/revisions\/28195"}],"wp:featuredmedia":[{"embeddable":true,"href":"https:\/\/noti-america.com\/site\/ecuador\/wp-json\/wp\/v2\/media\/28194"}],"wp:attachment":[{"href":"https:\/\/noti-america.com\/site\/ecuador\/wp-json\/wp\/v2\/media?parent=28193"}],"wp:term":[{"taxonomy":"category","embeddable":true,"href":"https:\/\/noti-america.com\/site\/ecuador\/wp-json\/wp\/v2\/categories?post=28193"},{"taxonomy":"post_tag","embeddable":true,"href":"https:\/\/noti-america.com\/site\/ecuador\/wp-json\/wp\/v2\/tags?post=28193"}],"curies":[{"name":"wp","href":"https:\/\/api.w.org\/{rel}","templated":true}]}}