{"id":28092,"date":"2023-12-16T16:00:47","date_gmt":"2023-12-16T16:00:47","guid":{"rendered":"https:\/\/noti-america.com\/site\/ecuador\/?p=28092"},"modified":"2023-12-16T16:00:47","modified_gmt":"2023-12-16T16:00:47","slug":"joven-talento-deportivo-gano-medallas-de-oro-en-intercolegial-de-karate","status":"publish","type":"post","link":"https:\/\/noti-america.com\/site\/ecuador\/2023\/12\/16\/joven-talento-deportivo-gano-medallas-de-oro-en-intercolegial-de-karate\/","title":{"rendered":"Joven talento deportivo gan\u00f3 medallas de oro en Intercolegial de Karate"},"content":{"rendered":"<p><strong>REDACCI\u00d3N NOTI AM\u00c9RICA (ECUADOR)<\/strong><\/p>\n<div id=\"attachment_28093\" style=\"width: 518px\" class=\"wp-caption alignleft\"><img loading=\"lazy\" decoding=\"async\" aria-describedby=\"caption-attachment-28093\" class=\"wp-image-28093\" src=\"https:\/\/noti-america.com\/site\/ecuador\/wp-content\/uploads\/sites\/18\/2023\/12\/WhatsApp-Image-2023-12-14-at-15.50.53-300x225.jpeg\" alt=\"\" width=\"508\" height=\"381\" srcset=\"https:\/\/noti-america.com\/site\/ecuador\/wp-content\/uploads\/sites\/18\/2023\/12\/WhatsApp-Image-2023-12-14-at-15.50.53-300x225.jpeg 300w, https:\/\/noti-america.com\/site\/ecuador\/wp-content\/uploads\/sites\/18\/2023\/12\/WhatsApp-Image-2023-12-14-at-15.50.53-1024x768.jpeg 1024w, https:\/\/noti-america.com\/site\/ecuador\/wp-content\/uploads\/sites\/18\/2023\/12\/WhatsApp-Image-2023-12-14-at-15.50.53-768x576.jpeg 768w, https:\/\/noti-america.com\/site\/ecuador\/wp-content\/uploads\/sites\/18\/2023\/12\/WhatsApp-Image-2023-12-14-at-15.50.53.jpeg 1280w\" sizes=\"auto, (max-width: 508px) 100vw, 508px\" \/><p id=\"caption-attachment-28093\" class=\"wp-caption-text\">El estudiante de 15 a\u00f1os se destaca por su t\u00e9cnica y se esfuerza en practicar para competencias internacionales.<\/p><\/div>\n<p style=\"text-align: justify\">Entusiasmo, t\u00e9cnica y concentraci\u00f3n es lo que demuestra Gabriel Sol\u00eds en cada competencia de karate, sus metas lo conducen a ser el mejor deportista de su categor\u00eda.<\/p>\n<p style=\"text-align: justify\">El domingo pasado, el estudiante de 10\u00b0 a\u00f1o de Educaci\u00f3n B\u00e1sica de la Unidad Educativa Sara Flor Jim\u00e9nez, obtuvo dos medallas de oro en el Intercolegial de Karate organizado por la Federaci\u00f3n del Guayas, llenando de gloria a su instituci\u00f3n.<\/p>\n<p style=\"text-align: justify\">No existe nada imposible para Gabriel, su perseverancia lo ha llevado a practicar el deporte desde los 5 a\u00f1os. Actualmente, pertenece al Club de Alto Rendimiento Hikarite &#8211; DO, donde ha cosechado diversos logros.<\/p>\n<p style=\"text-align: justify\">Su madre, Marilu Gallegos, es la responsable de llevarlo los d\u00edas martes, jueves y s\u00e1bado a los entrenamientos. La disciplina deportiva que practica tiene dos modalidades: kata y kumite, esta \u00faltima consiste en peleas de forma individual cuerpo a cuerpo donde el control de fuerza explosiva marca puntos; la otra se basa t\u00e9cnicas golpeando al vac\u00edo.<\/p>\n<p style=\"text-align: justify\">\u201cMi hijo est\u00e1 enfocado en sus metas; nosotros lo motivamos y le damos todo nuestro apoyo para que se supere tanto lo acad\u00e9mico como lo deportivo\u201d, indic\u00f3 Gallegos.<\/p>\n<p style=\"text-align: justify\">Gabriel considera el deporte como una experiencia que cambi\u00f3 su vida. Actualmente compite con el cintur\u00f3n verde y entre sus metas est\u00e1n seguir practicando y tener el cintur\u00f3n negro para mejorar su rendimiento.<\/p>\n<p style=\"text-align: justify\">\u201cEl karate me ha dado m\u00e1s fortaleza y seguridad en la forma de expresarme. Me he preparado para estas competencias desde hace alg\u00fan tiempo, y tengo que estar enfocado mental y f\u00edsicamente\u201d, expres\u00f3<\/p>\n<p style=\"text-align: justify\">El joven quiere seguir entrenado y participar en campeonatos nacionales e internacionales, para representar al Ecuador. \u201cA los j\u00f3venes que deseen escoger cualquier deporte les recomiendo que no se rindan cuando pierden una competencia, porque solo son experiencias importantes para continuar\u201d, puntualiz\u00f3 Gabriel.<\/p>\n<p style=\"text-align: justify\">Parte importante de la labor de los maestros es \u201cinculcar el desarrollo de habilidades y potencialidades de los estudiantes, garantizando una educaci\u00f3n integral\u201d, as\u00ed lo destac\u00f3 Jenny Cuellar, directora de la escuela Sara Flor. \u201cNos sentimos orgullos de sus logros, siempre incentivamos a los estudiantes a realizar deportes y tratamos de inscribirlos en competencias para que puedan participar en las categor\u00edas que ellos elijan\u201d, refiri\u00f3.<\/p>\n<p style=\"text-align: justify\">El Ministerio de Educaci\u00f3n promueve una educaci\u00f3n enfocada en el ser humano, donde se fortalecen las capacidades y habilidades personales de adolescentes y j\u00f3venes, mediante estrategias formativas integrales.<\/p>\n","protected":false},"excerpt":{"rendered":"<p>REDACCI\u00d3N NOTI AM\u00c9RICA (ECUADOR) Entusiasmo, t\u00e9cnica y concentraci\u00f3n es lo que demuestra Gabriel Sol\u00eds en cada competencia de karate, sus metas lo conducen a ser el mejor deportista de su categor\u00eda. El domingo pasado,&#46;&#46;&#46;<\/p>\n","protected":false},"author":113,"featured_media":28093,"comment_status":"open","ping_status":"open","sticky":false,"template":"","format":"standard","meta":{"_acf_changed":false,"om_disable_all_campaigns":false,"rop_custom_images_group":[],"rop_custom_messages_group":[],"rop_publish_now":"initial","rop_publish_now_accounts":{"twitter_242054905_242054905":""},"rop_publish_now_history":[],"rop_publish_now_status":"pending","_uf_show_specific_survey":0,"_uf_disable_surveys":false,"footnotes":""},"categories":[103],"tags":[],"class_list":["post-28092","post","type-post","status-publish","format-standard","has-post-thumbnail","hentry","category-educacion"],"acf":[],"aioseo_notices":[],"yoast_head":"<!-- This site is optimized with the Yoast SEO Premium plugin v24.9 (Yoast SEO v27.2) - https:\/\/yoast.com\/product\/yoast-seo-premium-wordpress\/ -->\n<title>Joven talento deportivo gan\u00f3 medallas de oro en Intercolegial de Karate - Ecuador | Noti-America.com<\/title>\n<meta name=\"robots\" content=\"index, follow, max-snippet:-1, max-image-preview:large, max-video-preview:-1\" \/>\n<link rel=\"canonical\" href=\"https:\/\/noti-america.com\/site\/ecuador\/2023\/12\/16\/joven-talento-deportivo-gano-medallas-de-oro-en-intercolegial-de-karate\/\" \/>\n<meta property=\"og:locale\" content=\"es_ES\" \/>\n<meta property=\"og:type\" content=\"article\" \/>\n<meta property=\"og:title\" content=\"Joven talento deportivo gan\u00f3 medallas de oro en Intercolegial de Karate\" \/>\n<meta property=\"og:description\" content=\"REDACCI\u00d3N NOTI AM\u00c9RICA (ECUADOR) Entusiasmo, t\u00e9cnica y concentraci\u00f3n es lo que demuestra Gabriel Sol\u00eds en cada competencia de karate, sus metas lo conducen a ser el mejor deportista de su categor\u00eda. El domingo pasado,&#046;&#046;&#046;\" \/>\n<meta property=\"og:url\" content=\"https:\/\/noti-america.com\/site\/ecuador\/2023\/12\/16\/joven-talento-deportivo-gano-medallas-de-oro-en-intercolegial-de-karate\/\" \/>\n<meta property=\"og:site_name\" content=\"Ecuador | Noti-America.com\" \/>\n<meta property=\"article:published_time\" content=\"2023-12-16T16:00:47+00:00\" \/>\n<meta property=\"og:image\" content=\"https:\/\/noti-america.com\/site\/ecuador\/wp-content\/uploads\/sites\/18\/2023\/12\/WhatsApp-Image-2023-12-14-at-15.50.53.jpeg\" \/>\n\t<meta property=\"og:image:width\" content=\"1280\" \/>\n\t<meta property=\"og:image:height\" content=\"960\" \/>\n\t<meta property=\"og:image:type\" content=\"image\/jpeg\" \/>\n<meta name=\"author\" content=\"Henry Ortiz\" \/>\n<meta name=\"twitter:card\" content=\"summary_large_image\" \/>\n<meta name=\"twitter:creator\" content=\"@notiamerica\" \/>\n<meta name=\"twitter:site\" content=\"@notiamerica\" \/>\n<meta name=\"twitter:label1\" content=\"Escrito por\" \/>\n\t<meta name=\"twitter:data1\" content=\"Henry Ortiz\" \/>\n\t<meta name=\"twitter:label2\" content=\"Tiempo estimado de lectura\" \/>\n\t<meta name=\"twitter:data2\" content=\"3 minutos\" \/>\n<script type=\"application\/ld+json\" class=\"yoast-schema-graph\">{\"@context\":\"https:\/\/schema.org\",\"@graph\":[{\"@type\":\"Article\",\"@id\":\"https:\/\/noti-america.com\/site\/ecuador\/2023\/12\/16\/joven-talento-deportivo-gano-medallas-de-oro-en-intercolegial-de-karate\/#article\",\"isPartOf\":{\"@id\":\"https:\/\/noti-america.com\/site\/ecuador\/2023\/12\/16\/joven-talento-deportivo-gano-medallas-de-oro-en-intercolegial-de-karate\/\"},\"author\":{\"name\":\"Henry Ortiz\",\"@id\":\"https:\/\/noti-america.com\/site\/ecuador\/#\/schema\/person\/b9d1630cc6598af759d45c790a347283\"},\"headline\":\"Joven talento deportivo gan\u00f3 medallas de oro en Intercolegial de Karate\",\"datePublished\":\"2023-12-16T16:00:47+00:00\",\"mainEntityOfPage\":{\"@id\":\"https:\/\/noti-america.com\/site\/ecuador\/2023\/12\/16\/joven-talento-deportivo-gano-medallas-de-oro-en-intercolegial-de-karate\/\"},\"wordCount\":456,\"commentCount\":0,\"publisher\":{\"@id\":\"https:\/\/noti-america.com\/site\/ecuador\/#organization\"},\"image\":{\"@id\":\"https:\/\/noti-america.com\/site\/ecuador\/2023\/12\/16\/joven-talento-deportivo-gano-medallas-de-oro-en-intercolegial-de-karate\/#primaryimage\"},\"thumbnailUrl\":\"https:\/\/noti-america.com\/site\/ecuador\/wp-content\/uploads\/sites\/18\/2023\/12\/WhatsApp-Image-2023-12-14-at-15.50.53.jpeg\",\"articleSection\":[\"Educaci\u00f3n\"],\"inLanguage\":\"es\",\"potentialAction\":[{\"@type\":\"CommentAction\",\"name\":\"Comment\",\"target\":[\"https:\/\/noti-america.com\/site\/ecuador\/2023\/12\/16\/joven-talento-deportivo-gano-medallas-de-oro-en-intercolegial-de-karate\/#respond\"]}]},{\"@type\":\"WebPage\",\"@id\":\"https:\/\/noti-america.com\/site\/ecuador\/2023\/12\/16\/joven-talento-deportivo-gano-medallas-de-oro-en-intercolegial-de-karate\/\",\"url\":\"https:\/\/noti-america.com\/site\/ecuador\/2023\/12\/16\/joven-talento-deportivo-gano-medallas-de-oro-en-intercolegial-de-karate\/\",\"name\":\"Joven talento deportivo gan\u00f3 medallas de oro en Intercolegial de Karate - Ecuador | Noti-America.com\",\"isPartOf\":{\"@id\":\"https:\/\/noti-america.com\/site\/ecuador\/#website\"},\"primaryImageOfPage\":{\"@id\":\"https:\/\/noti-america.com\/site\/ecuador\/2023\/12\/16\/joven-talento-deportivo-gano-medallas-de-oro-en-intercolegial-de-karate\/#primaryimage\"},\"image\":{\"@id\":\"https:\/\/noti-america.com\/site\/ecuador\/2023\/12\/16\/joven-talento-deportivo-gano-medallas-de-oro-en-intercolegial-de-karate\/#primaryimage\"},\"thumbnailUrl\":\"https:\/\/noti-america.com\/site\/ecuador\/wp-content\/uploads\/sites\/18\/2023\/12\/WhatsApp-Image-2023-12-14-at-15.50.53.jpeg\",\"datePublished\":\"2023-12-16T16:00:47+00:00\",\"breadcrumb\":{\"@id\":\"https:\/\/noti-america.com\/site\/ecuador\/2023\/12\/16\/joven-talento-deportivo-gano-medallas-de-oro-en-intercolegial-de-karate\/#breadcrumb\"},\"inLanguage\":\"es\",\"potentialAction\":[{\"@type\":\"ReadAction\",\"target\":[\"https:\/\/noti-america.com\/site\/ecuador\/2023\/12\/16\/joven-talento-deportivo-gano-medallas-de-oro-en-intercolegial-de-karate\/\"]}]},{\"@type\":\"ImageObject\",\"inLanguage\":\"es\",\"@id\":\"https:\/\/noti-america.com\/site\/ecuador\/2023\/12\/16\/joven-talento-deportivo-gano-medallas-de-oro-en-intercolegial-de-karate\/#primaryimage\",\"url\":\"https:\/\/noti-america.com\/site\/ecuador\/wp-content\/uploads\/sites\/18\/2023\/12\/WhatsApp-Image-2023-12-14-at-15.50.53.jpeg\",\"contentUrl\":\"https:\/\/noti-america.com\/site\/ecuador\/wp-content\/uploads\/sites\/18\/2023\/12\/WhatsApp-Image-2023-12-14-at-15.50.53.jpeg\",\"width\":1280,\"height\":960},{\"@type\":\"BreadcrumbList\",\"@id\":\"https:\/\/noti-america.com\/site\/ecuador\/2023\/12\/16\/joven-talento-deportivo-gano-medallas-de-oro-en-intercolegial-de-karate\/#breadcrumb\",\"itemListElement\":[{\"@type\":\"ListItem\",\"position\":1,\"name\":\"Portada\",\"item\":\"https:\/\/noti-america.com\/site\/ecuador\/\"},{\"@type\":\"ListItem\",\"position\":2,\"name\":\"Joven talento deportivo gan\u00f3 medallas de oro en Intercolegial de Karate\"}]},{\"@type\":\"WebSite\",\"@id\":\"https:\/\/noti-america.com\/site\/ecuador\/#website\",\"url\":\"https:\/\/noti-america.com\/site\/ecuador\/\",\"name\":\"Ecuador | Noti-America.com\",\"description\":\"\",\"publisher\":{\"@id\":\"https:\/\/noti-america.com\/site\/ecuador\/#organization\"},\"potentialAction\":[{\"@type\":\"SearchAction\",\"target\":{\"@type\":\"EntryPoint\",\"urlTemplate\":\"https:\/\/noti-america.com\/site\/ecuador\/?s={search_term_string}\"},\"query-input\":{\"@type\":\"PropertyValueSpecification\",\"valueRequired\":true,\"valueName\":\"search_term_string\"}}],\"inLanguage\":\"es\"},{\"@type\":\"Organization\",\"@id\":\"https:\/\/noti-america.com\/site\/ecuador\/#organization\",\"name\":\"Noti-America LLC | Ecuador\",\"url\":\"https:\/\/noti-america.com\/site\/ecuador\/\",\"logo\":{\"@type\":\"ImageObject\",\"inLanguage\":\"es\",\"@id\":\"https:\/\/noti-america.com\/site\/ecuador\/#\/schema\/logo\/image\/\",\"url\":\"https:\/\/noti-america.com\/site\/ecuador\/wp-content\/uploads\/sites\/18\/2020\/07\/LogoNA-4x3-1.jpg\",\"contentUrl\":\"https:\/\/noti-america.com\/site\/ecuador\/wp-content\/uploads\/sites\/18\/2020\/07\/LogoNA-4x3-1.jpg\",\"width\":1236,\"height\":1080,\"caption\":\"Noti-America LLC | Ecuador\"},\"image\":{\"@id\":\"https:\/\/noti-america.com\/site\/ecuador\/#\/schema\/logo\/image\/\"},\"sameAs\":[\"https:\/\/x.com\/notiamerica\"]},{\"@type\":\"Person\",\"@id\":\"https:\/\/noti-america.com\/site\/ecuador\/#\/schema\/person\/b9d1630cc6598af759d45c790a347283\",\"name\":\"Henry Ortiz\",\"image\":{\"@type\":\"ImageObject\",\"inLanguage\":\"es\",\"@id\":\"https:\/\/secure.gravatar.com\/avatar\/0b5407b5b302fbb6a578e625dca512ac2983ee5fa9ea941d581b83c40212e4c8?s=96&d=mm&r=g\",\"url\":\"https:\/\/secure.gravatar.com\/avatar\/0b5407b5b302fbb6a578e625dca512ac2983ee5fa9ea941d581b83c40212e4c8?s=96&d=mm&r=g\",\"contentUrl\":\"https:\/\/secure.gravatar.com\/avatar\/0b5407b5b302fbb6a578e625dca512ac2983ee5fa9ea941d581b83c40212e4c8?s=96&d=mm&r=g\",\"caption\":\"Henry Ortiz\"},\"url\":\"https:\/\/noti-america.com\/site\/ecuador\/author\/hortiz\/\"}]}<\/script>\n<!-- \/ Yoast SEO Premium plugin. -->","yoast_head_json":{"title":"Joven talento deportivo gan\u00f3 medallas de oro en Intercolegial de Karate - Ecuador | Noti-America.com","robots":{"index":"index","follow":"follow","max-snippet":"max-snippet:-1","max-image-preview":"max-image-preview:large","max-video-preview":"max-video-preview:-1"},"canonical":"https:\/\/noti-america.com\/site\/ecuador\/2023\/12\/16\/joven-talento-deportivo-gano-medallas-de-oro-en-intercolegial-de-karate\/","og_locale":"es_ES","og_type":"article","og_title":"Joven talento deportivo gan\u00f3 medallas de oro en Intercolegial de Karate","og_description":"REDACCI\u00d3N NOTI AM\u00c9RICA (ECUADOR) Entusiasmo, t\u00e9cnica y concentraci\u00f3n es lo que demuestra Gabriel Sol\u00eds en cada competencia de karate, sus metas lo conducen a ser el mejor deportista de su categor\u00eda. El domingo pasado,&#46;&#46;&#46;","og_url":"https:\/\/noti-america.com\/site\/ecuador\/2023\/12\/16\/joven-talento-deportivo-gano-medallas-de-oro-en-intercolegial-de-karate\/","og_site_name":"Ecuador | Noti-America.com","article_published_time":"2023-12-16T16:00:47+00:00","og_image":[{"width":1280,"height":960,"url":"https:\/\/noti-america.com\/site\/ecuador\/wp-content\/uploads\/sites\/18\/2023\/12\/WhatsApp-Image-2023-12-14-at-15.50.53.jpeg","type":"image\/jpeg"}],"author":"Henry Ortiz","twitter_card":"summary_large_image","twitter_creator":"@notiamerica","twitter_site":"@notiamerica","twitter_misc":{"Escrito por":"Henry Ortiz","Tiempo estimado de lectura":"3 minutos"},"schema":{"@context":"https:\/\/schema.org","@graph":[{"@type":"Article","@id":"https:\/\/noti-america.com\/site\/ecuador\/2023\/12\/16\/joven-talento-deportivo-gano-medallas-de-oro-en-intercolegial-de-karate\/#article","isPartOf":{"@id":"https:\/\/noti-america.com\/site\/ecuador\/2023\/12\/16\/joven-talento-deportivo-gano-medallas-de-oro-en-intercolegial-de-karate\/"},"author":{"name":"Henry Ortiz","@id":"https:\/\/noti-america.com\/site\/ecuador\/#\/schema\/person\/b9d1630cc6598af759d45c790a347283"},"headline":"Joven talento deportivo gan\u00f3 medallas de oro en Intercolegial de Karate","datePublished":"2023-12-16T16:00:47+00:00","mainEntityOfPage":{"@id":"https:\/\/noti-america.com\/site\/ecuador\/2023\/12\/16\/joven-talento-deportivo-gano-medallas-de-oro-en-intercolegial-de-karate\/"},"wordCount":456,"commentCount":0,"publisher":{"@id":"https:\/\/noti-america.com\/site\/ecuador\/#organization"},"image":{"@id":"https:\/\/noti-america.com\/site\/ecuador\/2023\/12\/16\/joven-talento-deportivo-gano-medallas-de-oro-en-intercolegial-de-karate\/#primaryimage"},"thumbnailUrl":"https:\/\/noti-america.com\/site\/ecuador\/wp-content\/uploads\/sites\/18\/2023\/12\/WhatsApp-Image-2023-12-14-at-15.50.53.jpeg","articleSection":["Educaci\u00f3n"],"inLanguage":"es","potentialAction":[{"@type":"CommentAction","name":"Comment","target":["https:\/\/noti-america.com\/site\/ecuador\/2023\/12\/16\/joven-talento-deportivo-gano-medallas-de-oro-en-intercolegial-de-karate\/#respond"]}]},{"@type":"WebPage","@id":"https:\/\/noti-america.com\/site\/ecuador\/2023\/12\/16\/joven-talento-deportivo-gano-medallas-de-oro-en-intercolegial-de-karate\/","url":"https:\/\/noti-america.com\/site\/ecuador\/2023\/12\/16\/joven-talento-deportivo-gano-medallas-de-oro-en-intercolegial-de-karate\/","name":"Joven talento deportivo gan\u00f3 medallas de oro en Intercolegial de Karate - Ecuador | Noti-America.com","isPartOf":{"@id":"https:\/\/noti-america.com\/site\/ecuador\/#website"},"primaryImageOfPage":{"@id":"https:\/\/noti-america.com\/site\/ecuador\/2023\/12\/16\/joven-talento-deportivo-gano-medallas-de-oro-en-intercolegial-de-karate\/#primaryimage"},"image":{"@id":"https:\/\/noti-america.com\/site\/ecuador\/2023\/12\/16\/joven-talento-deportivo-gano-medallas-de-oro-en-intercolegial-de-karate\/#primaryimage"},"thumbnailUrl":"https:\/\/noti-america.com\/site\/ecuador\/wp-content\/uploads\/sites\/18\/2023\/12\/WhatsApp-Image-2023-12-14-at-15.50.53.jpeg","datePublished":"2023-12-16T16:00:47+00:00","breadcrumb":{"@id":"https:\/\/noti-america.com\/site\/ecuador\/2023\/12\/16\/joven-talento-deportivo-gano-medallas-de-oro-en-intercolegial-de-karate\/#breadcrumb"},"inLanguage":"es","potentialAction":[{"@type":"ReadAction","target":["https:\/\/noti-america.com\/site\/ecuador\/2023\/12\/16\/joven-talento-deportivo-gano-medallas-de-oro-en-intercolegial-de-karate\/"]}]},{"@type":"ImageObject","inLanguage":"es","@id":"https:\/\/noti-america.com\/site\/ecuador\/2023\/12\/16\/joven-talento-deportivo-gano-medallas-de-oro-en-intercolegial-de-karate\/#primaryimage","url":"https:\/\/noti-america.com\/site\/ecuador\/wp-content\/uploads\/sites\/18\/2023\/12\/WhatsApp-Image-2023-12-14-at-15.50.53.jpeg","contentUrl":"https:\/\/noti-america.com\/site\/ecuador\/wp-content\/uploads\/sites\/18\/2023\/12\/WhatsApp-Image-2023-12-14-at-15.50.53.jpeg","width":1280,"height":960},{"@type":"BreadcrumbList","@id":"https:\/\/noti-america.com\/site\/ecuador\/2023\/12\/16\/joven-talento-deportivo-gano-medallas-de-oro-en-intercolegial-de-karate\/#breadcrumb","itemListElement":[{"@type":"ListItem","position":1,"name":"Portada","item":"https:\/\/noti-america.com\/site\/ecuador\/"},{"@type":"ListItem","position":2,"name":"Joven talento deportivo gan\u00f3 medallas de oro en Intercolegial de Karate"}]},{"@type":"WebSite","@id":"https:\/\/noti-america.com\/site\/ecuador\/#website","url":"https:\/\/noti-america.com\/site\/ecuador\/","name":"Ecuador | Noti-America.com","description":"","publisher":{"@id":"https:\/\/noti-america.com\/site\/ecuador\/#organization"},"potentialAction":[{"@type":"SearchAction","target":{"@type":"EntryPoint","urlTemplate":"https:\/\/noti-america.com\/site\/ecuador\/?s={search_term_string}"},"query-input":{"@type":"PropertyValueSpecification","valueRequired":true,"valueName":"search_term_string"}}],"inLanguage":"es"},{"@type":"Organization","@id":"https:\/\/noti-america.com\/site\/ecuador\/#organization","name":"Noti-America LLC | Ecuador","url":"https:\/\/noti-america.com\/site\/ecuador\/","logo":{"@type":"ImageObject","inLanguage":"es","@id":"https:\/\/noti-america.com\/site\/ecuador\/#\/schema\/logo\/image\/","url":"https:\/\/noti-america.com\/site\/ecuador\/wp-content\/uploads\/sites\/18\/2020\/07\/LogoNA-4x3-1.jpg","contentUrl":"https:\/\/noti-america.com\/site\/ecuador\/wp-content\/uploads\/sites\/18\/2020\/07\/LogoNA-4x3-1.jpg","width":1236,"height":1080,"caption":"Noti-America LLC | Ecuador"},"image":{"@id":"https:\/\/noti-america.com\/site\/ecuador\/#\/schema\/logo\/image\/"},"sameAs":["https:\/\/x.com\/notiamerica"]},{"@type":"Person","@id":"https:\/\/noti-america.com\/site\/ecuador\/#\/schema\/person\/b9d1630cc6598af759d45c790a347283","name":"Henry Ortiz","image":{"@type":"ImageObject","inLanguage":"es","@id":"https:\/\/secure.gravatar.com\/avatar\/0b5407b5b302fbb6a578e625dca512ac2983ee5fa9ea941d581b83c40212e4c8?s=96&d=mm&r=g","url":"https:\/\/secure.gravatar.com\/avatar\/0b5407b5b302fbb6a578e625dca512ac2983ee5fa9ea941d581b83c40212e4c8?s=96&d=mm&r=g","contentUrl":"https:\/\/secure.gravatar.com\/avatar\/0b5407b5b302fbb6a578e625dca512ac2983ee5fa9ea941d581b83c40212e4c8?s=96&d=mm&r=g","caption":"Henry Ortiz"},"url":"https:\/\/noti-america.com\/site\/ecuador\/author\/hortiz\/"}]}},"_links":{"self":[{"href":"https:\/\/noti-america.com\/site\/ecuador\/wp-json\/wp\/v2\/posts\/28092","targetHints":{"allow":["GET"]}}],"collection":[{"href":"https:\/\/noti-america.com\/site\/ecuador\/wp-json\/wp\/v2\/posts"}],"about":[{"href":"https:\/\/noti-america.com\/site\/ecuador\/wp-json\/wp\/v2\/types\/post"}],"author":[{"embeddable":true,"href":"https:\/\/noti-america.com\/site\/ecuador\/wp-json\/wp\/v2\/users\/113"}],"replies":[{"embeddable":true,"href":"https:\/\/noti-america.com\/site\/ecuador\/wp-json\/wp\/v2\/comments?post=28092"}],"version-history":[{"count":1,"href":"https:\/\/noti-america.com\/site\/ecuador\/wp-json\/wp\/v2\/posts\/28092\/revisions"}],"predecessor-version":[{"id":28094,"href":"https:\/\/noti-america.com\/site\/ecuador\/wp-json\/wp\/v2\/posts\/28092\/revisions\/28094"}],"wp:featuredmedia":[{"embeddable":true,"href":"https:\/\/noti-america.com\/site\/ecuador\/wp-json\/wp\/v2\/media\/28093"}],"wp:attachment":[{"href":"https:\/\/noti-america.com\/site\/ecuador\/wp-json\/wp\/v2\/media?parent=28092"}],"wp:term":[{"taxonomy":"category","embeddable":true,"href":"https:\/\/noti-america.com\/site\/ecuador\/wp-json\/wp\/v2\/categories?post=28092"},{"taxonomy":"post_tag","embeddable":true,"href":"https:\/\/noti-america.com\/site\/ecuador\/wp-json\/wp\/v2\/tags?post=28092"}],"curies":[{"name":"wp","href":"https:\/\/api.w.org\/{rel}","templated":true}]}}