{"id":27938,"date":"2023-12-06T15:58:10","date_gmt":"2023-12-06T15:58:10","guid":{"rendered":"https:\/\/noti-america.com\/site\/ecuador\/?p=27938"},"modified":"2023-12-06T15:58:10","modified_gmt":"2023-12-06T15:58:10","slug":"el-promover-la-lectura-permite-crear-estudiantes-minigenios","status":"publish","type":"post","link":"https:\/\/noti-america.com\/site\/ecuador\/2023\/12\/06\/el-promover-la-lectura-permite-crear-estudiantes-minigenios\/","title":{"rendered":"El promover la lectura permite crear estudiantes \u201cminigenios\u201d"},"content":{"rendered":"<p><strong>REDACCI\u00d3N NOTI AM\u00c9RICA (ECUADOR)<\/strong><\/p>\n<div id=\"attachment_27939\" style=\"width: 521px\" class=\"wp-caption alignleft\"><img loading=\"lazy\" decoding=\"async\" aria-describedby=\"caption-attachment-27939\" class=\"wp-image-27939\" src=\"https:\/\/noti-america.com\/site\/ecuador\/wp-content\/uploads\/sites\/18\/2023\/12\/WhatsApp-Image-2023-12-06-at-10.37.31-300x225.jpeg\" alt=\"\" width=\"511\" height=\"383\" srcset=\"https:\/\/noti-america.com\/site\/ecuador\/wp-content\/uploads\/sites\/18\/2023\/12\/WhatsApp-Image-2023-12-06-at-10.37.31-300x225.jpeg 300w, https:\/\/noti-america.com\/site\/ecuador\/wp-content\/uploads\/sites\/18\/2023\/12\/WhatsApp-Image-2023-12-06-at-10.37.31-1024x768.jpeg 1024w, https:\/\/noti-america.com\/site\/ecuador\/wp-content\/uploads\/sites\/18\/2023\/12\/WhatsApp-Image-2023-12-06-at-10.37.31-768x576.jpeg 768w, https:\/\/noti-america.com\/site\/ecuador\/wp-content\/uploads\/sites\/18\/2023\/12\/WhatsApp-Image-2023-12-06-at-10.37.31.jpeg 1280w\" sizes=\"auto, (max-width: 511px) 100vw, 511px\" \/><p id=\"caption-attachment-27939\" class=\"wp-caption-text\">El peque\u00f1o Dylan Zambrano de 8 a\u00f1os, estudiante de 3 \u00b0 de B\u00e1sica de la Unidad Educativa Rep\u00fablica del Salvador, es un gran lector. Luego de realizar sus tareas, prefiere dedicar unos minutos diarios a la lectura de cuentos y enciclopedias.<\/p><\/div>\n<p style=\"text-align: justify\">Dylan se destaca en los deportes, pero adem\u00e1s en lo acad\u00e9mico. El mes de agosto result\u00f3 ganador del Concurso Intercolegial Genios y MiniGenios de Diario El Universo, en la categor\u00eda Lenguaje. Su madre Romina Su\u00e1rez, motiva sus lecturas compr\u00e1ndole libros de cuentos y leyendas.<\/p>\n<p style=\"text-align: justify\">\u201cDesde que aprendi\u00f3 a leer he tratado de motivarlo para ser un buen estudiante. Le gusta mucho el lenguaje y la tecnolog\u00eda, tiene mucha facilidad para expresarse. Para la competencia preparamos un material de libro le\u00eddo en casa, para que lo narre\u201d, indic\u00f3 Su\u00e1rez.<\/p>\n<p style=\"text-align: justify\">Mejorar en su escritura y matem\u00e1ticas son las metas del estudiante, quien coment\u00f3 que su principal apoyo es su madre. \u201cMe ayuda en las tareas y siempre me dice que yo puedo lograrlo todo\u201d, expres\u00f3 el menor.<\/p>\n<p style=\"text-align: justify\">La idea de participar en el concurso fue una motivaci\u00f3n de su maestra tutora Norma Badillo, quien, al ver sus destrezas para narrar un cuento durante una actividad en el plantel, organiz\u00f3 un grupo de estudiantes para participar en la actividad.<\/p>\n<p style=\"text-align: justify\">\u201cA trav\u00e9s de actividades l\u00fadicas para promover la lectura ayudamos a desarrollar la imaginaci\u00f3n de los ni\u00f1os y ni\u00f1as, para que despierten su creatividad. La fiesta de la lectura en el mes de agosto nos dio la pauta para organizar estas din\u00e1micas. Dylan tiene mucha retentiva, es muy buen estudiante y por ello obtuvimos ese resultado\u201d, puntualiz\u00f3 la docente.<\/p>\n<p style=\"text-align: justify\">En este nuevo ciclo de competencias de Genios y Minigenios se cumplieron una serie de actividades correspondientes a las categor\u00edas de Literatura, Teatro, M\u00fasica, Spelling Bee, Reciclaje y Stem. La premiaci\u00f3n del concurso se realizar\u00e1 el 8 de diciembre.<\/p>\n<p style=\"text-align: justify\">Ricardo Rodr\u00edguez, director de la U.E. Rep\u00fablica del Salvador destac\u00f3 el aporte de este tipo de competencias, para los procesos educativos. \u201cNuestros estudiantes participaron en diferentes categor\u00edas como Lengua y Literatura, Mini Chefs y F\u00fatbol. Este es un proyecto innovador en el cual ellos se ven identificados, crean sociedad entre ellos y pueden conocer otros ambientes, y eso favorece a su desarrollo\u201d, indic\u00f3.<\/p>\n<p style=\"text-align: justify\">El Ministerio de Educaci\u00f3n destaca las habilidades y destrezas de los estudiantes, promoviendo la excelencia en todos los \u00e1mbitos.<\/p>\n","protected":false},"excerpt":{"rendered":"<p>REDACCI\u00d3N NOTI AM\u00c9RICA (ECUADOR) Dylan se destaca en los deportes, pero adem\u00e1s en lo acad\u00e9mico. El mes de agosto result\u00f3 ganador del Concurso Intercolegial Genios y MiniGenios de Diario El Universo, en la categor\u00eda&#46;&#46;&#46;<\/p>\n","protected":false},"author":113,"featured_media":27939,"comment_status":"open","ping_status":"open","sticky":false,"template":"","format":"standard","meta":{"_acf_changed":false,"om_disable_all_campaigns":false,"rop_custom_images_group":[],"rop_custom_messages_group":[],"rop_publish_now":"initial","rop_publish_now_accounts":{"twitter_242054905_242054905":""},"rop_publish_now_history":[],"rop_publish_now_status":"pending","_uf_show_specific_survey":0,"_uf_disable_surveys":false,"footnotes":""},"categories":[103],"tags":[],"class_list":["post-27938","post","type-post","status-publish","format-standard","has-post-thumbnail","hentry","category-educacion"],"acf":[],"aioseo_notices":[],"yoast_head":"<!-- This site is optimized with the Yoast SEO Premium plugin v24.9 (Yoast SEO v27.2) - https:\/\/yoast.com\/product\/yoast-seo-premium-wordpress\/ -->\n<title>El promover la lectura permite crear estudiantes \u201cminigenios\u201d - Ecuador | Noti-America.com<\/title>\n<meta name=\"robots\" content=\"index, follow, max-snippet:-1, max-image-preview:large, max-video-preview:-1\" \/>\n<link rel=\"canonical\" href=\"https:\/\/noti-america.com\/site\/ecuador\/2023\/12\/06\/el-promover-la-lectura-permite-crear-estudiantes-minigenios\/\" \/>\n<meta property=\"og:locale\" content=\"es_ES\" \/>\n<meta property=\"og:type\" content=\"article\" \/>\n<meta property=\"og:title\" content=\"El promover la lectura permite crear estudiantes \u201cminigenios\u201d\" \/>\n<meta property=\"og:description\" content=\"REDACCI\u00d3N NOTI AM\u00c9RICA (ECUADOR) Dylan se destaca en los deportes, pero adem\u00e1s en lo acad\u00e9mico. El mes de agosto result\u00f3 ganador del Concurso Intercolegial Genios y MiniGenios de Diario El Universo, en la categor\u00eda&#046;&#046;&#046;\" \/>\n<meta property=\"og:url\" content=\"https:\/\/noti-america.com\/site\/ecuador\/2023\/12\/06\/el-promover-la-lectura-permite-crear-estudiantes-minigenios\/\" \/>\n<meta property=\"og:site_name\" content=\"Ecuador | Noti-America.com\" \/>\n<meta property=\"article:published_time\" content=\"2023-12-06T15:58:10+00:00\" \/>\n<meta property=\"og:image\" content=\"https:\/\/noti-america.com\/site\/ecuador\/wp-content\/uploads\/sites\/18\/2023\/12\/WhatsApp-Image-2023-12-06-at-10.37.31.jpeg\" \/>\n\t<meta property=\"og:image:width\" content=\"1280\" \/>\n\t<meta property=\"og:image:height\" content=\"960\" \/>\n\t<meta property=\"og:image:type\" content=\"image\/jpeg\" \/>\n<meta name=\"author\" content=\"Henry Ortiz\" \/>\n<meta name=\"twitter:card\" content=\"summary_large_image\" \/>\n<meta name=\"twitter:creator\" content=\"@notiamerica\" \/>\n<meta name=\"twitter:site\" content=\"@notiamerica\" \/>\n<meta name=\"twitter:label1\" content=\"Escrito por\" \/>\n\t<meta name=\"twitter:data1\" content=\"Henry Ortiz\" \/>\n\t<meta name=\"twitter:label2\" content=\"Tiempo estimado de lectura\" \/>\n\t<meta name=\"twitter:data2\" content=\"3 minutos\" \/>\n<script type=\"application\/ld+json\" class=\"yoast-schema-graph\">{\"@context\":\"https:\/\/schema.org\",\"@graph\":[{\"@type\":\"Article\",\"@id\":\"https:\/\/noti-america.com\/site\/ecuador\/2023\/12\/06\/el-promover-la-lectura-permite-crear-estudiantes-minigenios\/#article\",\"isPartOf\":{\"@id\":\"https:\/\/noti-america.com\/site\/ecuador\/2023\/12\/06\/el-promover-la-lectura-permite-crear-estudiantes-minigenios\/\"},\"author\":{\"name\":\"Henry Ortiz\",\"@id\":\"https:\/\/noti-america.com\/site\/ecuador\/#\/schema\/person\/b9d1630cc6598af759d45c790a347283\"},\"headline\":\"El promover la lectura permite crear estudiantes \u201cminigenios\u201d\",\"datePublished\":\"2023-12-06T15:58:10+00:00\",\"mainEntityOfPage\":{\"@id\":\"https:\/\/noti-america.com\/site\/ecuador\/2023\/12\/06\/el-promover-la-lectura-permite-crear-estudiantes-minigenios\/\"},\"wordCount\":433,\"commentCount\":0,\"publisher\":{\"@id\":\"https:\/\/noti-america.com\/site\/ecuador\/#organization\"},\"image\":{\"@id\":\"https:\/\/noti-america.com\/site\/ecuador\/2023\/12\/06\/el-promover-la-lectura-permite-crear-estudiantes-minigenios\/#primaryimage\"},\"thumbnailUrl\":\"https:\/\/noti-america.com\/site\/ecuador\/wp-content\/uploads\/sites\/18\/2023\/12\/WhatsApp-Image-2023-12-06-at-10.37.31.jpeg\",\"articleSection\":[\"Educaci\u00f3n\"],\"inLanguage\":\"es\",\"potentialAction\":[{\"@type\":\"CommentAction\",\"name\":\"Comment\",\"target\":[\"https:\/\/noti-america.com\/site\/ecuador\/2023\/12\/06\/el-promover-la-lectura-permite-crear-estudiantes-minigenios\/#respond\"]}]},{\"@type\":\"WebPage\",\"@id\":\"https:\/\/noti-america.com\/site\/ecuador\/2023\/12\/06\/el-promover-la-lectura-permite-crear-estudiantes-minigenios\/\",\"url\":\"https:\/\/noti-america.com\/site\/ecuador\/2023\/12\/06\/el-promover-la-lectura-permite-crear-estudiantes-minigenios\/\",\"name\":\"El promover la lectura permite crear estudiantes \u201cminigenios\u201d - Ecuador | Noti-America.com\",\"isPartOf\":{\"@id\":\"https:\/\/noti-america.com\/site\/ecuador\/#website\"},\"primaryImageOfPage\":{\"@id\":\"https:\/\/noti-america.com\/site\/ecuador\/2023\/12\/06\/el-promover-la-lectura-permite-crear-estudiantes-minigenios\/#primaryimage\"},\"image\":{\"@id\":\"https:\/\/noti-america.com\/site\/ecuador\/2023\/12\/06\/el-promover-la-lectura-permite-crear-estudiantes-minigenios\/#primaryimage\"},\"thumbnailUrl\":\"https:\/\/noti-america.com\/site\/ecuador\/wp-content\/uploads\/sites\/18\/2023\/12\/WhatsApp-Image-2023-12-06-at-10.37.31.jpeg\",\"datePublished\":\"2023-12-06T15:58:10+00:00\",\"breadcrumb\":{\"@id\":\"https:\/\/noti-america.com\/site\/ecuador\/2023\/12\/06\/el-promover-la-lectura-permite-crear-estudiantes-minigenios\/#breadcrumb\"},\"inLanguage\":\"es\",\"potentialAction\":[{\"@type\":\"ReadAction\",\"target\":[\"https:\/\/noti-america.com\/site\/ecuador\/2023\/12\/06\/el-promover-la-lectura-permite-crear-estudiantes-minigenios\/\"]}]},{\"@type\":\"ImageObject\",\"inLanguage\":\"es\",\"@id\":\"https:\/\/noti-america.com\/site\/ecuador\/2023\/12\/06\/el-promover-la-lectura-permite-crear-estudiantes-minigenios\/#primaryimage\",\"url\":\"https:\/\/noti-america.com\/site\/ecuador\/wp-content\/uploads\/sites\/18\/2023\/12\/WhatsApp-Image-2023-12-06-at-10.37.31.jpeg\",\"contentUrl\":\"https:\/\/noti-america.com\/site\/ecuador\/wp-content\/uploads\/sites\/18\/2023\/12\/WhatsApp-Image-2023-12-06-at-10.37.31.jpeg\",\"width\":1280,\"height\":960},{\"@type\":\"BreadcrumbList\",\"@id\":\"https:\/\/noti-america.com\/site\/ecuador\/2023\/12\/06\/el-promover-la-lectura-permite-crear-estudiantes-minigenios\/#breadcrumb\",\"itemListElement\":[{\"@type\":\"ListItem\",\"position\":1,\"name\":\"Portada\",\"item\":\"https:\/\/noti-america.com\/site\/ecuador\/\"},{\"@type\":\"ListItem\",\"position\":2,\"name\":\"El promover la lectura permite crear estudiantes \u201cminigenios\u201d\"}]},{\"@type\":\"WebSite\",\"@id\":\"https:\/\/noti-america.com\/site\/ecuador\/#website\",\"url\":\"https:\/\/noti-america.com\/site\/ecuador\/\",\"name\":\"Ecuador | Noti-America.com\",\"description\":\"\",\"publisher\":{\"@id\":\"https:\/\/noti-america.com\/site\/ecuador\/#organization\"},\"potentialAction\":[{\"@type\":\"SearchAction\",\"target\":{\"@type\":\"EntryPoint\",\"urlTemplate\":\"https:\/\/noti-america.com\/site\/ecuador\/?s={search_term_string}\"},\"query-input\":{\"@type\":\"PropertyValueSpecification\",\"valueRequired\":true,\"valueName\":\"search_term_string\"}}],\"inLanguage\":\"es\"},{\"@type\":\"Organization\",\"@id\":\"https:\/\/noti-america.com\/site\/ecuador\/#organization\",\"name\":\"Noti-America LLC | Ecuador\",\"url\":\"https:\/\/noti-america.com\/site\/ecuador\/\",\"logo\":{\"@type\":\"ImageObject\",\"inLanguage\":\"es\",\"@id\":\"https:\/\/noti-america.com\/site\/ecuador\/#\/schema\/logo\/image\/\",\"url\":\"https:\/\/noti-america.com\/site\/ecuador\/wp-content\/uploads\/sites\/18\/2020\/07\/LogoNA-4x3-1.jpg\",\"contentUrl\":\"https:\/\/noti-america.com\/site\/ecuador\/wp-content\/uploads\/sites\/18\/2020\/07\/LogoNA-4x3-1.jpg\",\"width\":1236,\"height\":1080,\"caption\":\"Noti-America LLC | Ecuador\"},\"image\":{\"@id\":\"https:\/\/noti-america.com\/site\/ecuador\/#\/schema\/logo\/image\/\"},\"sameAs\":[\"https:\/\/x.com\/notiamerica\"]},{\"@type\":\"Person\",\"@id\":\"https:\/\/noti-america.com\/site\/ecuador\/#\/schema\/person\/b9d1630cc6598af759d45c790a347283\",\"name\":\"Henry Ortiz\",\"image\":{\"@type\":\"ImageObject\",\"inLanguage\":\"es\",\"@id\":\"https:\/\/secure.gravatar.com\/avatar\/0b5407b5b302fbb6a578e625dca512ac2983ee5fa9ea941d581b83c40212e4c8?s=96&d=mm&r=g\",\"url\":\"https:\/\/secure.gravatar.com\/avatar\/0b5407b5b302fbb6a578e625dca512ac2983ee5fa9ea941d581b83c40212e4c8?s=96&d=mm&r=g\",\"contentUrl\":\"https:\/\/secure.gravatar.com\/avatar\/0b5407b5b302fbb6a578e625dca512ac2983ee5fa9ea941d581b83c40212e4c8?s=96&d=mm&r=g\",\"caption\":\"Henry Ortiz\"},\"url\":\"https:\/\/noti-america.com\/site\/ecuador\/author\/hortiz\/\"}]}<\/script>\n<!-- \/ Yoast SEO Premium plugin. -->","yoast_head_json":{"title":"El promover la lectura permite crear estudiantes \u201cminigenios\u201d - Ecuador | Noti-America.com","robots":{"index":"index","follow":"follow","max-snippet":"max-snippet:-1","max-image-preview":"max-image-preview:large","max-video-preview":"max-video-preview:-1"},"canonical":"https:\/\/noti-america.com\/site\/ecuador\/2023\/12\/06\/el-promover-la-lectura-permite-crear-estudiantes-minigenios\/","og_locale":"es_ES","og_type":"article","og_title":"El promover la lectura permite crear estudiantes \u201cminigenios\u201d","og_description":"REDACCI\u00d3N NOTI AM\u00c9RICA (ECUADOR) Dylan se destaca en los deportes, pero adem\u00e1s en lo acad\u00e9mico. El mes de agosto result\u00f3 ganador del Concurso Intercolegial Genios y MiniGenios de Diario El Universo, en la categor\u00eda&#46;&#46;&#46;","og_url":"https:\/\/noti-america.com\/site\/ecuador\/2023\/12\/06\/el-promover-la-lectura-permite-crear-estudiantes-minigenios\/","og_site_name":"Ecuador | Noti-America.com","article_published_time":"2023-12-06T15:58:10+00:00","og_image":[{"width":1280,"height":960,"url":"https:\/\/noti-america.com\/site\/ecuador\/wp-content\/uploads\/sites\/18\/2023\/12\/WhatsApp-Image-2023-12-06-at-10.37.31.jpeg","type":"image\/jpeg"}],"author":"Henry Ortiz","twitter_card":"summary_large_image","twitter_creator":"@notiamerica","twitter_site":"@notiamerica","twitter_misc":{"Escrito por":"Henry Ortiz","Tiempo estimado de lectura":"3 minutos"},"schema":{"@context":"https:\/\/schema.org","@graph":[{"@type":"Article","@id":"https:\/\/noti-america.com\/site\/ecuador\/2023\/12\/06\/el-promover-la-lectura-permite-crear-estudiantes-minigenios\/#article","isPartOf":{"@id":"https:\/\/noti-america.com\/site\/ecuador\/2023\/12\/06\/el-promover-la-lectura-permite-crear-estudiantes-minigenios\/"},"author":{"name":"Henry Ortiz","@id":"https:\/\/noti-america.com\/site\/ecuador\/#\/schema\/person\/b9d1630cc6598af759d45c790a347283"},"headline":"El promover la lectura permite crear estudiantes \u201cminigenios\u201d","datePublished":"2023-12-06T15:58:10+00:00","mainEntityOfPage":{"@id":"https:\/\/noti-america.com\/site\/ecuador\/2023\/12\/06\/el-promover-la-lectura-permite-crear-estudiantes-minigenios\/"},"wordCount":433,"commentCount":0,"publisher":{"@id":"https:\/\/noti-america.com\/site\/ecuador\/#organization"},"image":{"@id":"https:\/\/noti-america.com\/site\/ecuador\/2023\/12\/06\/el-promover-la-lectura-permite-crear-estudiantes-minigenios\/#primaryimage"},"thumbnailUrl":"https:\/\/noti-america.com\/site\/ecuador\/wp-content\/uploads\/sites\/18\/2023\/12\/WhatsApp-Image-2023-12-06-at-10.37.31.jpeg","articleSection":["Educaci\u00f3n"],"inLanguage":"es","potentialAction":[{"@type":"CommentAction","name":"Comment","target":["https:\/\/noti-america.com\/site\/ecuador\/2023\/12\/06\/el-promover-la-lectura-permite-crear-estudiantes-minigenios\/#respond"]}]},{"@type":"WebPage","@id":"https:\/\/noti-america.com\/site\/ecuador\/2023\/12\/06\/el-promover-la-lectura-permite-crear-estudiantes-minigenios\/","url":"https:\/\/noti-america.com\/site\/ecuador\/2023\/12\/06\/el-promover-la-lectura-permite-crear-estudiantes-minigenios\/","name":"El promover la lectura permite crear estudiantes \u201cminigenios\u201d - Ecuador | Noti-America.com","isPartOf":{"@id":"https:\/\/noti-america.com\/site\/ecuador\/#website"},"primaryImageOfPage":{"@id":"https:\/\/noti-america.com\/site\/ecuador\/2023\/12\/06\/el-promover-la-lectura-permite-crear-estudiantes-minigenios\/#primaryimage"},"image":{"@id":"https:\/\/noti-america.com\/site\/ecuador\/2023\/12\/06\/el-promover-la-lectura-permite-crear-estudiantes-minigenios\/#primaryimage"},"thumbnailUrl":"https:\/\/noti-america.com\/site\/ecuador\/wp-content\/uploads\/sites\/18\/2023\/12\/WhatsApp-Image-2023-12-06-at-10.37.31.jpeg","datePublished":"2023-12-06T15:58:10+00:00","breadcrumb":{"@id":"https:\/\/noti-america.com\/site\/ecuador\/2023\/12\/06\/el-promover-la-lectura-permite-crear-estudiantes-minigenios\/#breadcrumb"},"inLanguage":"es","potentialAction":[{"@type":"ReadAction","target":["https:\/\/noti-america.com\/site\/ecuador\/2023\/12\/06\/el-promover-la-lectura-permite-crear-estudiantes-minigenios\/"]}]},{"@type":"ImageObject","inLanguage":"es","@id":"https:\/\/noti-america.com\/site\/ecuador\/2023\/12\/06\/el-promover-la-lectura-permite-crear-estudiantes-minigenios\/#primaryimage","url":"https:\/\/noti-america.com\/site\/ecuador\/wp-content\/uploads\/sites\/18\/2023\/12\/WhatsApp-Image-2023-12-06-at-10.37.31.jpeg","contentUrl":"https:\/\/noti-america.com\/site\/ecuador\/wp-content\/uploads\/sites\/18\/2023\/12\/WhatsApp-Image-2023-12-06-at-10.37.31.jpeg","width":1280,"height":960},{"@type":"BreadcrumbList","@id":"https:\/\/noti-america.com\/site\/ecuador\/2023\/12\/06\/el-promover-la-lectura-permite-crear-estudiantes-minigenios\/#breadcrumb","itemListElement":[{"@type":"ListItem","position":1,"name":"Portada","item":"https:\/\/noti-america.com\/site\/ecuador\/"},{"@type":"ListItem","position":2,"name":"El promover la lectura permite crear estudiantes \u201cminigenios\u201d"}]},{"@type":"WebSite","@id":"https:\/\/noti-america.com\/site\/ecuador\/#website","url":"https:\/\/noti-america.com\/site\/ecuador\/","name":"Ecuador | Noti-America.com","description":"","publisher":{"@id":"https:\/\/noti-america.com\/site\/ecuador\/#organization"},"potentialAction":[{"@type":"SearchAction","target":{"@type":"EntryPoint","urlTemplate":"https:\/\/noti-america.com\/site\/ecuador\/?s={search_term_string}"},"query-input":{"@type":"PropertyValueSpecification","valueRequired":true,"valueName":"search_term_string"}}],"inLanguage":"es"},{"@type":"Organization","@id":"https:\/\/noti-america.com\/site\/ecuador\/#organization","name":"Noti-America LLC | Ecuador","url":"https:\/\/noti-america.com\/site\/ecuador\/","logo":{"@type":"ImageObject","inLanguage":"es","@id":"https:\/\/noti-america.com\/site\/ecuador\/#\/schema\/logo\/image\/","url":"https:\/\/noti-america.com\/site\/ecuador\/wp-content\/uploads\/sites\/18\/2020\/07\/LogoNA-4x3-1.jpg","contentUrl":"https:\/\/noti-america.com\/site\/ecuador\/wp-content\/uploads\/sites\/18\/2020\/07\/LogoNA-4x3-1.jpg","width":1236,"height":1080,"caption":"Noti-America LLC | Ecuador"},"image":{"@id":"https:\/\/noti-america.com\/site\/ecuador\/#\/schema\/logo\/image\/"},"sameAs":["https:\/\/x.com\/notiamerica"]},{"@type":"Person","@id":"https:\/\/noti-america.com\/site\/ecuador\/#\/schema\/person\/b9d1630cc6598af759d45c790a347283","name":"Henry Ortiz","image":{"@type":"ImageObject","inLanguage":"es","@id":"https:\/\/secure.gravatar.com\/avatar\/0b5407b5b302fbb6a578e625dca512ac2983ee5fa9ea941d581b83c40212e4c8?s=96&d=mm&r=g","url":"https:\/\/secure.gravatar.com\/avatar\/0b5407b5b302fbb6a578e625dca512ac2983ee5fa9ea941d581b83c40212e4c8?s=96&d=mm&r=g","contentUrl":"https:\/\/secure.gravatar.com\/avatar\/0b5407b5b302fbb6a578e625dca512ac2983ee5fa9ea941d581b83c40212e4c8?s=96&d=mm&r=g","caption":"Henry Ortiz"},"url":"https:\/\/noti-america.com\/site\/ecuador\/author\/hortiz\/"}]}},"_links":{"self":[{"href":"https:\/\/noti-america.com\/site\/ecuador\/wp-json\/wp\/v2\/posts\/27938","targetHints":{"allow":["GET"]}}],"collection":[{"href":"https:\/\/noti-america.com\/site\/ecuador\/wp-json\/wp\/v2\/posts"}],"about":[{"href":"https:\/\/noti-america.com\/site\/ecuador\/wp-json\/wp\/v2\/types\/post"}],"author":[{"embeddable":true,"href":"https:\/\/noti-america.com\/site\/ecuador\/wp-json\/wp\/v2\/users\/113"}],"replies":[{"embeddable":true,"href":"https:\/\/noti-america.com\/site\/ecuador\/wp-json\/wp\/v2\/comments?post=27938"}],"version-history":[{"count":1,"href":"https:\/\/noti-america.com\/site\/ecuador\/wp-json\/wp\/v2\/posts\/27938\/revisions"}],"predecessor-version":[{"id":27940,"href":"https:\/\/noti-america.com\/site\/ecuador\/wp-json\/wp\/v2\/posts\/27938\/revisions\/27940"}],"wp:featuredmedia":[{"embeddable":true,"href":"https:\/\/noti-america.com\/site\/ecuador\/wp-json\/wp\/v2\/media\/27939"}],"wp:attachment":[{"href":"https:\/\/noti-america.com\/site\/ecuador\/wp-json\/wp\/v2\/media?parent=27938"}],"wp:term":[{"taxonomy":"category","embeddable":true,"href":"https:\/\/noti-america.com\/site\/ecuador\/wp-json\/wp\/v2\/categories?post=27938"},{"taxonomy":"post_tag","embeddable":true,"href":"https:\/\/noti-america.com\/site\/ecuador\/wp-json\/wp\/v2\/tags?post=27938"}],"curies":[{"name":"wp","href":"https:\/\/api.w.org\/{rel}","templated":true}]}}