{"id":27935,"date":"2023-12-06T15:52:57","date_gmt":"2023-12-06T15:52:57","guid":{"rendered":"https:\/\/noti-america.com\/site\/ecuador\/?p=27935"},"modified":"2023-12-06T15:52:57","modified_gmt":"2023-12-06T15:52:57","slug":"deuna-sera-parte-de-la-movilidad-del-metro-de-quito","status":"publish","type":"post","link":"https:\/\/noti-america.com\/site\/ecuador\/2023\/12\/06\/deuna-sera-parte-de-la-movilidad-del-metro-de-quito\/","title":{"rendered":"Deuna ser\u00e1 parte de la movilidad del Metro de Quito"},"content":{"rendered":"<p><strong>REDACCI\u00d3N NOTI AM\u00c9RICA (ECUADOR)<\/strong><\/p>\n<p><img loading=\"lazy\" decoding=\"async\" class=\"wp-image-27936 alignleft\" src=\"https:\/\/noti-america.com\/site\/ecuador\/wp-content\/uploads\/sites\/18\/2023\/12\/DSC2846-200x300.jpg\" alt=\"\" width=\"385\" height=\"578\" srcset=\"https:\/\/noti-america.com\/site\/ecuador\/wp-content\/uploads\/sites\/18\/2023\/12\/DSC2846-200x300.jpg 200w, https:\/\/noti-america.com\/site\/ecuador\/wp-content\/uploads\/sites\/18\/2023\/12\/DSC2846-683x1024.jpg 683w, https:\/\/noti-america.com\/site\/ecuador\/wp-content\/uploads\/sites\/18\/2023\/12\/DSC2846-768x1151.jpg 768w, https:\/\/noti-america.com\/site\/ecuador\/wp-content\/uploads\/sites\/18\/2023\/12\/DSC2846-1025x1536.jpg 1025w, https:\/\/noti-america.com\/site\/ecuador\/wp-content\/uploads\/sites\/18\/2023\/12\/DSC2846-1367x2048.jpg 1367w, https:\/\/noti-america.com\/site\/ecuador\/wp-content\/uploads\/sites\/18\/2023\/12\/DSC2846-scaled.jpg 1709w\" sizes=\"auto, (max-width: 385px) 100vw, 385px\" \/><\/p>\n<p style=\"text-align: justify\">La necesidad de transformar las ciudades y llevarlas a modelos eficientes y tecnol\u00f3gicos desde el punto de vista econ\u00f3mico, pasa por cambios, como es el modo de moverse de las personas en la ciudad. Se han dado pasos muy grandes en poner a disposici\u00f3n de los ciudadanos m\u00faltiples opciones de transporte que les permitan seleccionar la que ellos consideren mejor. Sin embargo, a\u00fan quedan muchos pasos que dar para conseguir el objetivo. En general, sigue resultando complicado moverse y una de las razones es el pago.<\/p>\n<p style=\"text-align: justify\">El auge creciente de la masificaci\u00f3n de los pagos digitales en Latinoam\u00e9rica pasa a romper barreras creadas por el efectivo en espacios de uso intensivo. Y Ecuador no es la excepci\u00f3n, es por esto que el servicio de transporte urbano espec\u00edficamente el Metro de Quito, podr\u00e1 ser pagado a trav\u00e9s de la aplicaci\u00f3n Deuna.<\/p>\n<p style=\"text-align: justify\">El Metro de Quito comenz\u00f3 a operar con cuatro m\u00e9todos de pago y al 100% de su capacidad desde el primer d\u00eda del mes de diciembre de 2023. Como parte del proceso de preparaci\u00f3n para este lanzamiento, el 26 de octubre de 2023 se realiz\u00f3 la \u00abmarcha en blanco\u00bb, que consisti\u00f3 en realizar las pruebas del metro, en esta fase se valid\u00f3 el correcto, seguro y efectivo funcionamiento de cada uno de los subsistemas del metro. Cada tren tiene una capacidad para transportar a 1.500 pasajeros, y las 15 estaciones que se ubican a lo largo de los 22,6 kil\u00f3metros de trazado abrir\u00e1n sus puertas.<\/p>\n<p style=\"text-align: justify\">Los usuarios que deseen usar al Metro de Quito tendr\u00e1n cuatro opciones para pagar el pasaje: c\u00f3digo QR impreso, c\u00f3digo QR digital, c\u00e9dula de identidad y Tarjeta Ciudad. Banco Pichincha realiz\u00f3 una alianza con Metro de Quito para incentivar la digitalizaci\u00f3n del transporte y los pagos \u00e1giles. Deuna, la billetera digital ser\u00e1 la \u00fanica aplicaci\u00f3n para venta directa de ticktes, que se podr\u00e1 realizar desde la \u00faltima versi\u00f3n de la aplicaci\u00f3n: Deuna 2.0. Adicional estar\u00e1n los canales de Banca M\u00f3vil y corresponsales no bancarios del banco para realizar recargas a la Tarjeta Ciudad, que es otro medio para comprar tickets.<\/p>\n<p style=\"text-align: justify\">Deuna, con su versi\u00f3n 2.0\u00a0 tiene beneficios exclusivos por el inicio de operaci\u00f3n del Metro de Quito, como: el reembolso de $0,45 ctvs correspondiente al primer ticket que los usuarios paguen con Deuna. Esto, con el objetivo de que precisamente en el sector del transporte y movilidad se logre una penetraci\u00f3n del pago digital en el Metro de Quito del 25% en el 2024.<\/p>\n<p style=\"text-align: justify\">Y es as\u00ed como Juan Ignacio Maturana CEO de Deuna establece que :\u201cPara Deuna es muy importante estar donde los Ecuatorianos est\u00e9n, y poder facilitar sus transacciones de pago en su d\u00eda a d\u00eda. Nuestra alianza con Metro de Quito responde justamente a esto, y por eso queremos invitarlos a todos a que se olviden del efectivo y prueben viajar con nuestra soluci\u00f3n. Tenemos beneficios muy convenientes en el Deunaverso y excelentes promociones de lanzamiento para los usuarios de Metro\u201d.<\/p>\n","protected":false},"excerpt":{"rendered":"<p>REDACCI\u00d3N NOTI AM\u00c9RICA (ECUADOR) La necesidad de transformar las ciudades y llevarlas a modelos eficientes y tecnol\u00f3gicos desde el punto de vista econ\u00f3mico, pasa por cambios, como es el modo de moverse de las&#46;&#46;&#46;<\/p>\n","protected":false},"author":113,"featured_media":27936,"comment_status":"open","ping_status":"open","sticky":false,"template":"","format":"standard","meta":{"_acf_changed":false,"om_disable_all_campaigns":false,"rop_custom_images_group":[],"rop_custom_messages_group":[],"rop_publish_now":"initial","rop_publish_now_accounts":{"twitter_242054905_242054905":""},"rop_publish_now_history":[],"rop_publish_now_status":"pending","_uf_show_specific_survey":0,"_uf_disable_surveys":false,"footnotes":""},"categories":[42],"tags":[],"class_list":["post-27935","post","type-post","status-publish","format-standard","has-post-thumbnail","hentry","category-noticias"],"acf":[],"aioseo_notices":[],"yoast_head":"<!-- This site is optimized with the Yoast SEO Premium plugin v24.9 (Yoast SEO v27.2) - https:\/\/yoast.com\/product\/yoast-seo-premium-wordpress\/ -->\n<title>Deuna ser\u00e1 parte de la movilidad del Metro de Quito - Ecuador | Noti-America.com<\/title>\n<meta name=\"robots\" content=\"index, follow, max-snippet:-1, max-image-preview:large, max-video-preview:-1\" \/>\n<link rel=\"canonical\" href=\"https:\/\/noti-america.com\/site\/ecuador\/2023\/12\/06\/deuna-sera-parte-de-la-movilidad-del-metro-de-quito\/\" \/>\n<meta property=\"og:locale\" content=\"es_ES\" \/>\n<meta property=\"og:type\" content=\"article\" \/>\n<meta property=\"og:title\" content=\"Deuna ser\u00e1 parte de la movilidad del Metro de Quito\" \/>\n<meta property=\"og:description\" content=\"REDACCI\u00d3N NOTI AM\u00c9RICA (ECUADOR) La necesidad de transformar las ciudades y llevarlas a modelos eficientes y tecnol\u00f3gicos desde el punto de vista econ\u00f3mico, pasa por cambios, como es el modo de moverse de las&#046;&#046;&#046;\" \/>\n<meta property=\"og:url\" content=\"https:\/\/noti-america.com\/site\/ecuador\/2023\/12\/06\/deuna-sera-parte-de-la-movilidad-del-metro-de-quito\/\" \/>\n<meta property=\"og:site_name\" content=\"Ecuador | Noti-America.com\" \/>\n<meta property=\"article:published_time\" content=\"2023-12-06T15:52:57+00:00\" \/>\n<meta property=\"og:image\" content=\"https:\/\/noti-america.com\/site\/ecuador\/wp-content\/uploads\/sites\/18\/2023\/12\/DSC2846-scaled.jpg\" \/>\n\t<meta property=\"og:image:width\" content=\"1709\" \/>\n\t<meta property=\"og:image:height\" content=\"2560\" \/>\n\t<meta property=\"og:image:type\" content=\"image\/jpeg\" \/>\n<meta name=\"author\" content=\"Henry Ortiz\" \/>\n<meta name=\"twitter:card\" content=\"summary_large_image\" \/>\n<meta name=\"twitter:creator\" content=\"@notiamerica\" \/>\n<meta name=\"twitter:site\" content=\"@notiamerica\" \/>\n<meta name=\"twitter:label1\" content=\"Escrito por\" \/>\n\t<meta name=\"twitter:data1\" content=\"Henry Ortiz\" \/>\n\t<meta name=\"twitter:label2\" content=\"Tiempo estimado de lectura\" \/>\n\t<meta name=\"twitter:data2\" content=\"3 minutos\" \/>\n<script type=\"application\/ld+json\" class=\"yoast-schema-graph\">{\"@context\":\"https:\/\/schema.org\",\"@graph\":[{\"@type\":\"Article\",\"@id\":\"https:\/\/noti-america.com\/site\/ecuador\/2023\/12\/06\/deuna-sera-parte-de-la-movilidad-del-metro-de-quito\/#article\",\"isPartOf\":{\"@id\":\"https:\/\/noti-america.com\/site\/ecuador\/2023\/12\/06\/deuna-sera-parte-de-la-movilidad-del-metro-de-quito\/\"},\"author\":{\"name\":\"Henry Ortiz\",\"@id\":\"https:\/\/noti-america.com\/site\/ecuador\/#\/schema\/person\/b9d1630cc6598af759d45c790a347283\"},\"headline\":\"Deuna ser\u00e1 parte de la movilidad del Metro de Quito\",\"datePublished\":\"2023-12-06T15:52:57+00:00\",\"mainEntityOfPage\":{\"@id\":\"https:\/\/noti-america.com\/site\/ecuador\/2023\/12\/06\/deuna-sera-parte-de-la-movilidad-del-metro-de-quito\/\"},\"wordCount\":526,\"commentCount\":0,\"publisher\":{\"@id\":\"https:\/\/noti-america.com\/site\/ecuador\/#organization\"},\"image\":{\"@id\":\"https:\/\/noti-america.com\/site\/ecuador\/2023\/12\/06\/deuna-sera-parte-de-la-movilidad-del-metro-de-quito\/#primaryimage\"},\"thumbnailUrl\":\"https:\/\/noti-america.com\/site\/ecuador\/wp-content\/uploads\/sites\/18\/2023\/12\/DSC2846-scaled.jpg\",\"articleSection\":[\"Noticias\"],\"inLanguage\":\"es\",\"potentialAction\":[{\"@type\":\"CommentAction\",\"name\":\"Comment\",\"target\":[\"https:\/\/noti-america.com\/site\/ecuador\/2023\/12\/06\/deuna-sera-parte-de-la-movilidad-del-metro-de-quito\/#respond\"]}]},{\"@type\":\"WebPage\",\"@id\":\"https:\/\/noti-america.com\/site\/ecuador\/2023\/12\/06\/deuna-sera-parte-de-la-movilidad-del-metro-de-quito\/\",\"url\":\"https:\/\/noti-america.com\/site\/ecuador\/2023\/12\/06\/deuna-sera-parte-de-la-movilidad-del-metro-de-quito\/\",\"name\":\"Deuna ser\u00e1 parte de la movilidad del Metro de Quito - Ecuador | Noti-America.com\",\"isPartOf\":{\"@id\":\"https:\/\/noti-america.com\/site\/ecuador\/#website\"},\"primaryImageOfPage\":{\"@id\":\"https:\/\/noti-america.com\/site\/ecuador\/2023\/12\/06\/deuna-sera-parte-de-la-movilidad-del-metro-de-quito\/#primaryimage\"},\"image\":{\"@id\":\"https:\/\/noti-america.com\/site\/ecuador\/2023\/12\/06\/deuna-sera-parte-de-la-movilidad-del-metro-de-quito\/#primaryimage\"},\"thumbnailUrl\":\"https:\/\/noti-america.com\/site\/ecuador\/wp-content\/uploads\/sites\/18\/2023\/12\/DSC2846-scaled.jpg\",\"datePublished\":\"2023-12-06T15:52:57+00:00\",\"breadcrumb\":{\"@id\":\"https:\/\/noti-america.com\/site\/ecuador\/2023\/12\/06\/deuna-sera-parte-de-la-movilidad-del-metro-de-quito\/#breadcrumb\"},\"inLanguage\":\"es\",\"potentialAction\":[{\"@type\":\"ReadAction\",\"target\":[\"https:\/\/noti-america.com\/site\/ecuador\/2023\/12\/06\/deuna-sera-parte-de-la-movilidad-del-metro-de-quito\/\"]}]},{\"@type\":\"ImageObject\",\"inLanguage\":\"es\",\"@id\":\"https:\/\/noti-america.com\/site\/ecuador\/2023\/12\/06\/deuna-sera-parte-de-la-movilidad-del-metro-de-quito\/#primaryimage\",\"url\":\"https:\/\/noti-america.com\/site\/ecuador\/wp-content\/uploads\/sites\/18\/2023\/12\/DSC2846-scaled.jpg\",\"contentUrl\":\"https:\/\/noti-america.com\/site\/ecuador\/wp-content\/uploads\/sites\/18\/2023\/12\/DSC2846-scaled.jpg\",\"width\":1709,\"height\":2560},{\"@type\":\"BreadcrumbList\",\"@id\":\"https:\/\/noti-america.com\/site\/ecuador\/2023\/12\/06\/deuna-sera-parte-de-la-movilidad-del-metro-de-quito\/#breadcrumb\",\"itemListElement\":[{\"@type\":\"ListItem\",\"position\":1,\"name\":\"Portada\",\"item\":\"https:\/\/noti-america.com\/site\/ecuador\/\"},{\"@type\":\"ListItem\",\"position\":2,\"name\":\"Deuna ser\u00e1 parte de la movilidad del Metro de Quito\"}]},{\"@type\":\"WebSite\",\"@id\":\"https:\/\/noti-america.com\/site\/ecuador\/#website\",\"url\":\"https:\/\/noti-america.com\/site\/ecuador\/\",\"name\":\"Ecuador | Noti-America.com\",\"description\":\"\",\"publisher\":{\"@id\":\"https:\/\/noti-america.com\/site\/ecuador\/#organization\"},\"potentialAction\":[{\"@type\":\"SearchAction\",\"target\":{\"@type\":\"EntryPoint\",\"urlTemplate\":\"https:\/\/noti-america.com\/site\/ecuador\/?s={search_term_string}\"},\"query-input\":{\"@type\":\"PropertyValueSpecification\",\"valueRequired\":true,\"valueName\":\"search_term_string\"}}],\"inLanguage\":\"es\"},{\"@type\":\"Organization\",\"@id\":\"https:\/\/noti-america.com\/site\/ecuador\/#organization\",\"name\":\"Noti-America LLC | Ecuador\",\"url\":\"https:\/\/noti-america.com\/site\/ecuador\/\",\"logo\":{\"@type\":\"ImageObject\",\"inLanguage\":\"es\",\"@id\":\"https:\/\/noti-america.com\/site\/ecuador\/#\/schema\/logo\/image\/\",\"url\":\"https:\/\/noti-america.com\/site\/ecuador\/wp-content\/uploads\/sites\/18\/2020\/07\/LogoNA-4x3-1.jpg\",\"contentUrl\":\"https:\/\/noti-america.com\/site\/ecuador\/wp-content\/uploads\/sites\/18\/2020\/07\/LogoNA-4x3-1.jpg\",\"width\":1236,\"height\":1080,\"caption\":\"Noti-America LLC | Ecuador\"},\"image\":{\"@id\":\"https:\/\/noti-america.com\/site\/ecuador\/#\/schema\/logo\/image\/\"},\"sameAs\":[\"https:\/\/x.com\/notiamerica\"]},{\"@type\":\"Person\",\"@id\":\"https:\/\/noti-america.com\/site\/ecuador\/#\/schema\/person\/b9d1630cc6598af759d45c790a347283\",\"name\":\"Henry Ortiz\",\"image\":{\"@type\":\"ImageObject\",\"inLanguage\":\"es\",\"@id\":\"https:\/\/secure.gravatar.com\/avatar\/0b5407b5b302fbb6a578e625dca512ac2983ee5fa9ea941d581b83c40212e4c8?s=96&d=mm&r=g\",\"url\":\"https:\/\/secure.gravatar.com\/avatar\/0b5407b5b302fbb6a578e625dca512ac2983ee5fa9ea941d581b83c40212e4c8?s=96&d=mm&r=g\",\"contentUrl\":\"https:\/\/secure.gravatar.com\/avatar\/0b5407b5b302fbb6a578e625dca512ac2983ee5fa9ea941d581b83c40212e4c8?s=96&d=mm&r=g\",\"caption\":\"Henry Ortiz\"},\"url\":\"https:\/\/noti-america.com\/site\/ecuador\/author\/hortiz\/\"}]}<\/script>\n<!-- \/ Yoast SEO Premium plugin. -->","yoast_head_json":{"title":"Deuna ser\u00e1 parte de la movilidad del Metro de Quito - Ecuador | Noti-America.com","robots":{"index":"index","follow":"follow","max-snippet":"max-snippet:-1","max-image-preview":"max-image-preview:large","max-video-preview":"max-video-preview:-1"},"canonical":"https:\/\/noti-america.com\/site\/ecuador\/2023\/12\/06\/deuna-sera-parte-de-la-movilidad-del-metro-de-quito\/","og_locale":"es_ES","og_type":"article","og_title":"Deuna ser\u00e1 parte de la movilidad del Metro de Quito","og_description":"REDACCI\u00d3N NOTI AM\u00c9RICA (ECUADOR) La necesidad de transformar las ciudades y llevarlas a modelos eficientes y tecnol\u00f3gicos desde el punto de vista econ\u00f3mico, pasa por cambios, como es el modo de moverse de las&#46;&#46;&#46;","og_url":"https:\/\/noti-america.com\/site\/ecuador\/2023\/12\/06\/deuna-sera-parte-de-la-movilidad-del-metro-de-quito\/","og_site_name":"Ecuador | Noti-America.com","article_published_time":"2023-12-06T15:52:57+00:00","og_image":[{"width":1709,"height":2560,"url":"https:\/\/noti-america.com\/site\/ecuador\/wp-content\/uploads\/sites\/18\/2023\/12\/DSC2846-scaled.jpg","type":"image\/jpeg"}],"author":"Henry Ortiz","twitter_card":"summary_large_image","twitter_creator":"@notiamerica","twitter_site":"@notiamerica","twitter_misc":{"Escrito por":"Henry Ortiz","Tiempo estimado de lectura":"3 minutos"},"schema":{"@context":"https:\/\/schema.org","@graph":[{"@type":"Article","@id":"https:\/\/noti-america.com\/site\/ecuador\/2023\/12\/06\/deuna-sera-parte-de-la-movilidad-del-metro-de-quito\/#article","isPartOf":{"@id":"https:\/\/noti-america.com\/site\/ecuador\/2023\/12\/06\/deuna-sera-parte-de-la-movilidad-del-metro-de-quito\/"},"author":{"name":"Henry Ortiz","@id":"https:\/\/noti-america.com\/site\/ecuador\/#\/schema\/person\/b9d1630cc6598af759d45c790a347283"},"headline":"Deuna ser\u00e1 parte de la movilidad del Metro de Quito","datePublished":"2023-12-06T15:52:57+00:00","mainEntityOfPage":{"@id":"https:\/\/noti-america.com\/site\/ecuador\/2023\/12\/06\/deuna-sera-parte-de-la-movilidad-del-metro-de-quito\/"},"wordCount":526,"commentCount":0,"publisher":{"@id":"https:\/\/noti-america.com\/site\/ecuador\/#organization"},"image":{"@id":"https:\/\/noti-america.com\/site\/ecuador\/2023\/12\/06\/deuna-sera-parte-de-la-movilidad-del-metro-de-quito\/#primaryimage"},"thumbnailUrl":"https:\/\/noti-america.com\/site\/ecuador\/wp-content\/uploads\/sites\/18\/2023\/12\/DSC2846-scaled.jpg","articleSection":["Noticias"],"inLanguage":"es","potentialAction":[{"@type":"CommentAction","name":"Comment","target":["https:\/\/noti-america.com\/site\/ecuador\/2023\/12\/06\/deuna-sera-parte-de-la-movilidad-del-metro-de-quito\/#respond"]}]},{"@type":"WebPage","@id":"https:\/\/noti-america.com\/site\/ecuador\/2023\/12\/06\/deuna-sera-parte-de-la-movilidad-del-metro-de-quito\/","url":"https:\/\/noti-america.com\/site\/ecuador\/2023\/12\/06\/deuna-sera-parte-de-la-movilidad-del-metro-de-quito\/","name":"Deuna ser\u00e1 parte de la movilidad del Metro de Quito - Ecuador | Noti-America.com","isPartOf":{"@id":"https:\/\/noti-america.com\/site\/ecuador\/#website"},"primaryImageOfPage":{"@id":"https:\/\/noti-america.com\/site\/ecuador\/2023\/12\/06\/deuna-sera-parte-de-la-movilidad-del-metro-de-quito\/#primaryimage"},"image":{"@id":"https:\/\/noti-america.com\/site\/ecuador\/2023\/12\/06\/deuna-sera-parte-de-la-movilidad-del-metro-de-quito\/#primaryimage"},"thumbnailUrl":"https:\/\/noti-america.com\/site\/ecuador\/wp-content\/uploads\/sites\/18\/2023\/12\/DSC2846-scaled.jpg","datePublished":"2023-12-06T15:52:57+00:00","breadcrumb":{"@id":"https:\/\/noti-america.com\/site\/ecuador\/2023\/12\/06\/deuna-sera-parte-de-la-movilidad-del-metro-de-quito\/#breadcrumb"},"inLanguage":"es","potentialAction":[{"@type":"ReadAction","target":["https:\/\/noti-america.com\/site\/ecuador\/2023\/12\/06\/deuna-sera-parte-de-la-movilidad-del-metro-de-quito\/"]}]},{"@type":"ImageObject","inLanguage":"es","@id":"https:\/\/noti-america.com\/site\/ecuador\/2023\/12\/06\/deuna-sera-parte-de-la-movilidad-del-metro-de-quito\/#primaryimage","url":"https:\/\/noti-america.com\/site\/ecuador\/wp-content\/uploads\/sites\/18\/2023\/12\/DSC2846-scaled.jpg","contentUrl":"https:\/\/noti-america.com\/site\/ecuador\/wp-content\/uploads\/sites\/18\/2023\/12\/DSC2846-scaled.jpg","width":1709,"height":2560},{"@type":"BreadcrumbList","@id":"https:\/\/noti-america.com\/site\/ecuador\/2023\/12\/06\/deuna-sera-parte-de-la-movilidad-del-metro-de-quito\/#breadcrumb","itemListElement":[{"@type":"ListItem","position":1,"name":"Portada","item":"https:\/\/noti-america.com\/site\/ecuador\/"},{"@type":"ListItem","position":2,"name":"Deuna ser\u00e1 parte de la movilidad del Metro de Quito"}]},{"@type":"WebSite","@id":"https:\/\/noti-america.com\/site\/ecuador\/#website","url":"https:\/\/noti-america.com\/site\/ecuador\/","name":"Ecuador | Noti-America.com","description":"","publisher":{"@id":"https:\/\/noti-america.com\/site\/ecuador\/#organization"},"potentialAction":[{"@type":"SearchAction","target":{"@type":"EntryPoint","urlTemplate":"https:\/\/noti-america.com\/site\/ecuador\/?s={search_term_string}"},"query-input":{"@type":"PropertyValueSpecification","valueRequired":true,"valueName":"search_term_string"}}],"inLanguage":"es"},{"@type":"Organization","@id":"https:\/\/noti-america.com\/site\/ecuador\/#organization","name":"Noti-America LLC | Ecuador","url":"https:\/\/noti-america.com\/site\/ecuador\/","logo":{"@type":"ImageObject","inLanguage":"es","@id":"https:\/\/noti-america.com\/site\/ecuador\/#\/schema\/logo\/image\/","url":"https:\/\/noti-america.com\/site\/ecuador\/wp-content\/uploads\/sites\/18\/2020\/07\/LogoNA-4x3-1.jpg","contentUrl":"https:\/\/noti-america.com\/site\/ecuador\/wp-content\/uploads\/sites\/18\/2020\/07\/LogoNA-4x3-1.jpg","width":1236,"height":1080,"caption":"Noti-America LLC | Ecuador"},"image":{"@id":"https:\/\/noti-america.com\/site\/ecuador\/#\/schema\/logo\/image\/"},"sameAs":["https:\/\/x.com\/notiamerica"]},{"@type":"Person","@id":"https:\/\/noti-america.com\/site\/ecuador\/#\/schema\/person\/b9d1630cc6598af759d45c790a347283","name":"Henry Ortiz","image":{"@type":"ImageObject","inLanguage":"es","@id":"https:\/\/secure.gravatar.com\/avatar\/0b5407b5b302fbb6a578e625dca512ac2983ee5fa9ea941d581b83c40212e4c8?s=96&d=mm&r=g","url":"https:\/\/secure.gravatar.com\/avatar\/0b5407b5b302fbb6a578e625dca512ac2983ee5fa9ea941d581b83c40212e4c8?s=96&d=mm&r=g","contentUrl":"https:\/\/secure.gravatar.com\/avatar\/0b5407b5b302fbb6a578e625dca512ac2983ee5fa9ea941d581b83c40212e4c8?s=96&d=mm&r=g","caption":"Henry Ortiz"},"url":"https:\/\/noti-america.com\/site\/ecuador\/author\/hortiz\/"}]}},"_links":{"self":[{"href":"https:\/\/noti-america.com\/site\/ecuador\/wp-json\/wp\/v2\/posts\/27935","targetHints":{"allow":["GET"]}}],"collection":[{"href":"https:\/\/noti-america.com\/site\/ecuador\/wp-json\/wp\/v2\/posts"}],"about":[{"href":"https:\/\/noti-america.com\/site\/ecuador\/wp-json\/wp\/v2\/types\/post"}],"author":[{"embeddable":true,"href":"https:\/\/noti-america.com\/site\/ecuador\/wp-json\/wp\/v2\/users\/113"}],"replies":[{"embeddable":true,"href":"https:\/\/noti-america.com\/site\/ecuador\/wp-json\/wp\/v2\/comments?post=27935"}],"version-history":[{"count":1,"href":"https:\/\/noti-america.com\/site\/ecuador\/wp-json\/wp\/v2\/posts\/27935\/revisions"}],"predecessor-version":[{"id":27937,"href":"https:\/\/noti-america.com\/site\/ecuador\/wp-json\/wp\/v2\/posts\/27935\/revisions\/27937"}],"wp:featuredmedia":[{"embeddable":true,"href":"https:\/\/noti-america.com\/site\/ecuador\/wp-json\/wp\/v2\/media\/27936"}],"wp:attachment":[{"href":"https:\/\/noti-america.com\/site\/ecuador\/wp-json\/wp\/v2\/media?parent=27935"}],"wp:term":[{"taxonomy":"category","embeddable":true,"href":"https:\/\/noti-america.com\/site\/ecuador\/wp-json\/wp\/v2\/categories?post=27935"},{"taxonomy":"post_tag","embeddable":true,"href":"https:\/\/noti-america.com\/site\/ecuador\/wp-json\/wp\/v2\/tags?post=27935"}],"curies":[{"name":"wp","href":"https:\/\/api.w.org\/{rel}","templated":true}]}}