{"id":27806,"date":"2023-11-30T07:01:53","date_gmt":"2023-11-30T07:01:53","guid":{"rendered":"https:\/\/noti-america.com\/site\/ecuador\/?p=27806"},"modified":"2023-11-30T07:01:53","modified_gmt":"2023-11-30T07:01:53","slug":"mediacion-no-violencia-en-acorvol","status":"publish","type":"post","link":"https:\/\/noti-america.com\/site\/ecuador\/2023\/11\/30\/mediacion-no-violencia-en-acorvol\/","title":{"rendered":"Mediaci\u00f3n No Violencia en Acorvol"},"content":{"rendered":"<p style=\"text-align: justify\"><strong>REDACCI\u00d3N NOTI-AM\u00c9RICA (ECUADOR)<\/strong><\/p>\n<div id=\"attachment_27807\" style=\"width: 790px\" class=\"wp-caption aligncenter\"><img loading=\"lazy\" decoding=\"async\" aria-describedby=\"caption-attachment-27807\" class=\" wp-image-27807\" src=\"https:\/\/noti-america.com\/site\/ecuador\/wp-content\/uploads\/sites\/18\/2023\/11\/WhatsApp-Image-2023-11-28-at-13.02.46-300x225.jpeg\" alt=\"\" width=\"780\" height=\"585\" srcset=\"https:\/\/noti-america.com\/site\/ecuador\/wp-content\/uploads\/sites\/18\/2023\/11\/WhatsApp-Image-2023-11-28-at-13.02.46-300x225.jpeg 300w, https:\/\/noti-america.com\/site\/ecuador\/wp-content\/uploads\/sites\/18\/2023\/11\/WhatsApp-Image-2023-11-28-at-13.02.46-1024x768.jpeg 1024w, https:\/\/noti-america.com\/site\/ecuador\/wp-content\/uploads\/sites\/18\/2023\/11\/WhatsApp-Image-2023-11-28-at-13.02.46-768x576.jpeg 768w, https:\/\/noti-america.com\/site\/ecuador\/wp-content\/uploads\/sites\/18\/2023\/11\/WhatsApp-Image-2023-11-28-at-13.02.46.jpeg 1152w\" sizes=\"auto, (max-width: 780px) 100vw, 780px\" \/><p id=\"caption-attachment-27807\" class=\"wp-caption-text\"><strong>Alrededor de 60 personas, representantes de diversos grupos sociales, se dieron cita en el taller.<\/strong><\/p><\/div>\n<p style=\"text-align: justify\">Con el fin de analizar la importancia de aplicar la mediaci\u00f3n como un camino para evitar cualquier acto violento hacia el ser humano, se realiz\u00f3 el taller \u2018Mediaci\u00f3n es No Violencia\u2019, el pasado martes 28 de noviembre de 2023 en Guayaquil.<\/p>\n<p style=\"text-align: justify\">En su discurso de bienvenida, la presidenta de la Asociaci\u00f3n Coordinadora del Voluntariado del Guayas, Mar\u00eda Delia Garc\u00eda, inst\u00f3 a los asistentes a buscar recursos que conlleven a la paz y contribuyan al desarrollo des ser humano.<\/p>\n<p style=\"text-align: justify\">\u201cEn conjunto debemos generar cambios sostenibles en una corriente de solidaridad que trascienda fronteras, credos e ideolog\u00edas\u201d, sugiri\u00f3.<\/p>\n<p style=\"text-align: justify\">En el encuentro, tambi\u00e9n presentaron sus ponencias: Juan Jos\u00e9 Jungbluth, quien actu\u00f3 como mediador; Priscilla Pincay, representante de la Direcci\u00f3n de Acci\u00f3n Social y Educaci\u00f3n (DASE) del Municipio de Guayaquil; y, V\u00edctor Huerta Jouvin, director Movimiento No Violencia.<\/p>\n<div id=\"attachment_27809\" style=\"width: 494px\" class=\"wp-caption alignright\"><img loading=\"lazy\" decoding=\"async\" aria-describedby=\"caption-attachment-27809\" class=\" wp-image-27809\" src=\"https:\/\/noti-america.com\/site\/ecuador\/wp-content\/uploads\/sites\/18\/2023\/11\/WhatsApp-Image-2023-11-28-at-13.02.15-1-300x209.jpeg\" alt=\"\" width=\"484\" height=\"338\" srcset=\"https:\/\/noti-america.com\/site\/ecuador\/wp-content\/uploads\/sites\/18\/2023\/11\/WhatsApp-Image-2023-11-28-at-13.02.15-1-300x209.jpeg 300w, https:\/\/noti-america.com\/site\/ecuador\/wp-content\/uploads\/sites\/18\/2023\/11\/WhatsApp-Image-2023-11-28-at-13.02.15-1.jpeg 585w\" sizes=\"auto, (max-width: 484px) 100vw, 484px\" \/><p id=\"caption-attachment-27809\" class=\"wp-caption-text\"><strong>V\u00edctor Huerta Jouvin, director Movimiento No Violencia Ecuador, asegur\u00f3 que estos talleres se replicar\u00e1n en otras ciudades del pa\u00eds.<\/strong><\/p><\/div>\n<p style=\"text-align: justify\">Este \u00faltimo, Huerta Jouvin, conocido activista social, indic\u00f3 que su fundaci\u00f3n se mantiene tratando sobre los diferentes tipos de violencia, en las diversas actividades que vienen participando a nivel nacional.<\/p>\n<p style=\"text-align: justify\">\u201cVenimos haciendo capacitaciones, marchas e intervenciones, en varias ciudades del Ecuador y ahora estamos haciendo talleres, con Acorvol nos toc\u00f3 Mediaci\u00f3n no es violencia, pero tambi\u00e9n hemos tenido no violencia ambiental, aminal, no violencia digital. Estamos abordando todas las tem\u00e1ticas de violencia\u201d, se\u00f1al\u00f3.<\/p>\n<p style=\"text-align: justify\">Se mostr\u00f3 consciente de la situaci\u00f3n de inseguridad que vive el pa\u00eds. \u201cEstamos viviendo una cultura muy dif\u00edcil en el pa\u00eds, estamos con m\u00e1s violencia que nunca, pero como sociedad civil, como fundaciones estamos poniendo un granito de arena para contribuir en un cambio. Es cuesti\u00f3n de que, con mucha fe y mucha pasi\u00f3n, pongamos de nuestra parte\u201d, concluy\u00f3 Huerta.<\/p>\n<p style=\"text-align: justify\">Finalmente, se establecieron mesas de trabajo, entre los aproximadamente 60 asistentes, con la finalidad de crear pol\u00edticas p\u00fablicas que ayuden a la gente a optar con la mediaci\u00f3n para la soluci\u00f3n de sus conflictos.<\/p>\n<p><img loading=\"lazy\" decoding=\"async\" class=\" wp-image-27811 aligncenter\" src=\"https:\/\/noti-america.com\/site\/ecuador\/wp-content\/uploads\/sites\/18\/2023\/11\/WhatsApp-Image-2023-11-28-at-14.08.55-300x208.jpeg\" alt=\"\" width=\"681\" height=\"472\" srcset=\"https:\/\/noti-america.com\/site\/ecuador\/wp-content\/uploads\/sites\/18\/2023\/11\/WhatsApp-Image-2023-11-28-at-14.08.55-300x208.jpeg 300w, https:\/\/noti-america.com\/site\/ecuador\/wp-content\/uploads\/sites\/18\/2023\/11\/WhatsApp-Image-2023-11-28-at-14.08.55-768x532.jpeg 768w, https:\/\/noti-america.com\/site\/ecuador\/wp-content\/uploads\/sites\/18\/2023\/11\/WhatsApp-Image-2023-11-28-at-14.08.55.jpeg 955w\" sizes=\"auto, (max-width: 681px) 100vw, 681px\" \/><\/p>\n","protected":false},"excerpt":{"rendered":"<p>REDACCI\u00d3N NOTI-AM\u00c9RICA (ECUADOR) Con el fin de analizar la importancia de aplicar la mediaci\u00f3n como un camino para evitar cualquier acto violento hacia el ser humano, se realiz\u00f3 el taller \u2018Mediaci\u00f3n es No Violencia\u2019,&#46;&#46;&#46;<\/p>\n","protected":false},"author":54,"featured_media":27811,"comment_status":"open","ping_status":"open","sticky":false,"template":"","format":"standard","meta":{"_acf_changed":false,"om_disable_all_campaigns":false,"rop_custom_images_group":[],"rop_custom_messages_group":[],"rop_publish_now":"initial","rop_publish_now_accounts":{"twitter_242054905_242054905":""},"rop_publish_now_history":[],"rop_publish_now_status":"pending","_uf_show_specific_survey":0,"_uf_disable_surveys":false,"footnotes":""},"categories":[1],"tags":[],"class_list":["post-27806","post","type-post","status-publish","format-standard","has-post-thumbnail","hentry","category-uncategorized"],"acf":[],"aioseo_notices":[],"yoast_head":"<!-- This site is optimized with the Yoast SEO Premium plugin v24.9 (Yoast SEO v27.2) - https:\/\/yoast.com\/product\/yoast-seo-premium-wordpress\/ -->\n<title>Mediaci\u00f3n No Violencia en Acorvol - Ecuador | Noti-America.com<\/title>\n<meta name=\"robots\" content=\"index, follow, max-snippet:-1, max-image-preview:large, max-video-preview:-1\" \/>\n<link rel=\"canonical\" href=\"https:\/\/noti-america.com\/site\/ecuador\/2023\/11\/30\/mediacion-no-violencia-en-acorvol\/\" \/>\n<meta property=\"og:locale\" content=\"es_ES\" \/>\n<meta property=\"og:type\" content=\"article\" \/>\n<meta property=\"og:title\" content=\"Mediaci\u00f3n No Violencia en Acorvol\" \/>\n<meta property=\"og:description\" content=\"REDACCI\u00d3N NOTI-AM\u00c9RICA (ECUADOR) Con el fin de analizar la importancia de aplicar la mediaci\u00f3n como un camino para evitar cualquier acto violento hacia el ser humano, se realiz\u00f3 el taller \u2018Mediaci\u00f3n es No Violencia\u2019,&#046;&#046;&#046;\" \/>\n<meta property=\"og:url\" content=\"https:\/\/noti-america.com\/site\/ecuador\/2023\/11\/30\/mediacion-no-violencia-en-acorvol\/\" \/>\n<meta property=\"og:site_name\" content=\"Ecuador | Noti-America.com\" \/>\n<meta property=\"article:author\" content=\"https:\/\/www.facebook.com\/geojuradopuente\" \/>\n<meta property=\"article:published_time\" content=\"2023-11-30T07:01:53+00:00\" \/>\n<meta property=\"og:image\" content=\"https:\/\/noti-america.com\/site\/ecuador\/wp-content\/uploads\/sites\/18\/2023\/11\/WhatsApp-Image-2023-11-28-at-14.08.55.jpeg\" \/>\n\t<meta property=\"og:image:width\" content=\"955\" \/>\n\t<meta property=\"og:image:height\" content=\"662\" \/>\n\t<meta property=\"og:image:type\" content=\"image\/jpeg\" \/>\n<meta name=\"author\" content=\"Mgtr. Geovanny Jurado Puente\" \/>\n<meta name=\"twitter:card\" content=\"summary_large_image\" \/>\n<meta name=\"twitter:creator\" content=\"@GeoJurado\" \/>\n<meta name=\"twitter:site\" content=\"@notiamerica\" \/>\n<meta name=\"twitter:label1\" content=\"Escrito por\" \/>\n\t<meta name=\"twitter:data1\" content=\"Mgtr. Geovanny Jurado Puente\" \/>\n\t<meta name=\"twitter:label2\" content=\"Tiempo estimado de lectura\" \/>\n\t<meta name=\"twitter:data2\" content=\"3 minutos\" \/>\n<script type=\"application\/ld+json\" class=\"yoast-schema-graph\">{\"@context\":\"https:\/\/schema.org\",\"@graph\":[{\"@type\":\"Article\",\"@id\":\"https:\/\/noti-america.com\/site\/ecuador\/2023\/11\/30\/mediacion-no-violencia-en-acorvol\/#article\",\"isPartOf\":{\"@id\":\"https:\/\/noti-america.com\/site\/ecuador\/2023\/11\/30\/mediacion-no-violencia-en-acorvol\/\"},\"author\":{\"name\":\"Mgtr. Geovanny Jurado Puente\",\"@id\":\"https:\/\/noti-america.com\/site\/ecuador\/#\/schema\/person\/eafaa0d78b886269707bbd67c79282d8\"},\"headline\":\"Mediaci\u00f3n No Violencia en Acorvol\",\"datePublished\":\"2023-11-30T07:01:53+00:00\",\"mainEntityOfPage\":{\"@id\":\"https:\/\/noti-america.com\/site\/ecuador\/2023\/11\/30\/mediacion-no-violencia-en-acorvol\/\"},\"wordCount\":386,\"commentCount\":0,\"publisher\":{\"@id\":\"https:\/\/noti-america.com\/site\/ecuador\/#organization\"},\"image\":{\"@id\":\"https:\/\/noti-america.com\/site\/ecuador\/2023\/11\/30\/mediacion-no-violencia-en-acorvol\/#primaryimage\"},\"thumbnailUrl\":\"https:\/\/noti-america.com\/site\/ecuador\/wp-content\/uploads\/sites\/18\/2023\/11\/WhatsApp-Image-2023-11-28-at-14.08.55.jpeg\",\"articleSection\":[\"Uncategorized\"],\"inLanguage\":\"es\",\"potentialAction\":[{\"@type\":\"CommentAction\",\"name\":\"Comment\",\"target\":[\"https:\/\/noti-america.com\/site\/ecuador\/2023\/11\/30\/mediacion-no-violencia-en-acorvol\/#respond\"]}]},{\"@type\":\"WebPage\",\"@id\":\"https:\/\/noti-america.com\/site\/ecuador\/2023\/11\/30\/mediacion-no-violencia-en-acorvol\/\",\"url\":\"https:\/\/noti-america.com\/site\/ecuador\/2023\/11\/30\/mediacion-no-violencia-en-acorvol\/\",\"name\":\"Mediaci\u00f3n No Violencia en Acorvol - Ecuador | Noti-America.com\",\"isPartOf\":{\"@id\":\"https:\/\/noti-america.com\/site\/ecuador\/#website\"},\"primaryImageOfPage\":{\"@id\":\"https:\/\/noti-america.com\/site\/ecuador\/2023\/11\/30\/mediacion-no-violencia-en-acorvol\/#primaryimage\"},\"image\":{\"@id\":\"https:\/\/noti-america.com\/site\/ecuador\/2023\/11\/30\/mediacion-no-violencia-en-acorvol\/#primaryimage\"},\"thumbnailUrl\":\"https:\/\/noti-america.com\/site\/ecuador\/wp-content\/uploads\/sites\/18\/2023\/11\/WhatsApp-Image-2023-11-28-at-14.08.55.jpeg\",\"datePublished\":\"2023-11-30T07:01:53+00:00\",\"breadcrumb\":{\"@id\":\"https:\/\/noti-america.com\/site\/ecuador\/2023\/11\/30\/mediacion-no-violencia-en-acorvol\/#breadcrumb\"},\"inLanguage\":\"es\",\"potentialAction\":[{\"@type\":\"ReadAction\",\"target\":[\"https:\/\/noti-america.com\/site\/ecuador\/2023\/11\/30\/mediacion-no-violencia-en-acorvol\/\"]}]},{\"@type\":\"ImageObject\",\"inLanguage\":\"es\",\"@id\":\"https:\/\/noti-america.com\/site\/ecuador\/2023\/11\/30\/mediacion-no-violencia-en-acorvol\/#primaryimage\",\"url\":\"https:\/\/noti-america.com\/site\/ecuador\/wp-content\/uploads\/sites\/18\/2023\/11\/WhatsApp-Image-2023-11-28-at-14.08.55.jpeg\",\"contentUrl\":\"https:\/\/noti-america.com\/site\/ecuador\/wp-content\/uploads\/sites\/18\/2023\/11\/WhatsApp-Image-2023-11-28-at-14.08.55.jpeg\",\"width\":955,\"height\":662},{\"@type\":\"BreadcrumbList\",\"@id\":\"https:\/\/noti-america.com\/site\/ecuador\/2023\/11\/30\/mediacion-no-violencia-en-acorvol\/#breadcrumb\",\"itemListElement\":[{\"@type\":\"ListItem\",\"position\":1,\"name\":\"Portada\",\"item\":\"https:\/\/noti-america.com\/site\/ecuador\/\"},{\"@type\":\"ListItem\",\"position\":2,\"name\":\"Mediaci\u00f3n No Violencia en Acorvol\"}]},{\"@type\":\"WebSite\",\"@id\":\"https:\/\/noti-america.com\/site\/ecuador\/#website\",\"url\":\"https:\/\/noti-america.com\/site\/ecuador\/\",\"name\":\"Ecuador | Noti-America.com\",\"description\":\"\",\"publisher\":{\"@id\":\"https:\/\/noti-america.com\/site\/ecuador\/#organization\"},\"potentialAction\":[{\"@type\":\"SearchAction\",\"target\":{\"@type\":\"EntryPoint\",\"urlTemplate\":\"https:\/\/noti-america.com\/site\/ecuador\/?s={search_term_string}\"},\"query-input\":{\"@type\":\"PropertyValueSpecification\",\"valueRequired\":true,\"valueName\":\"search_term_string\"}}],\"inLanguage\":\"es\"},{\"@type\":\"Organization\",\"@id\":\"https:\/\/noti-america.com\/site\/ecuador\/#organization\",\"name\":\"Noti-America LLC | Ecuador\",\"url\":\"https:\/\/noti-america.com\/site\/ecuador\/\",\"logo\":{\"@type\":\"ImageObject\",\"inLanguage\":\"es\",\"@id\":\"https:\/\/noti-america.com\/site\/ecuador\/#\/schema\/logo\/image\/\",\"url\":\"https:\/\/noti-america.com\/site\/ecuador\/wp-content\/uploads\/sites\/18\/2020\/07\/LogoNA-4x3-1.jpg\",\"contentUrl\":\"https:\/\/noti-america.com\/site\/ecuador\/wp-content\/uploads\/sites\/18\/2020\/07\/LogoNA-4x3-1.jpg\",\"width\":1236,\"height\":1080,\"caption\":\"Noti-America LLC | Ecuador\"},\"image\":{\"@id\":\"https:\/\/noti-america.com\/site\/ecuador\/#\/schema\/logo\/image\/\"},\"sameAs\":[\"https:\/\/x.com\/notiamerica\"]},{\"@type\":\"Person\",\"@id\":\"https:\/\/noti-america.com\/site\/ecuador\/#\/schema\/person\/eafaa0d78b886269707bbd67c79282d8\",\"name\":\"Mgtr. Geovanny Jurado Puente\",\"image\":{\"@type\":\"ImageObject\",\"inLanguage\":\"es\",\"@id\":\"https:\/\/secure.gravatar.com\/avatar\/f837d50a2ea0d7cba882939210fb03249c2d70cdea88235e685f1a91ced24905?s=96&d=mm&r=g\",\"url\":\"https:\/\/secure.gravatar.com\/avatar\/f837d50a2ea0d7cba882939210fb03249c2d70cdea88235e685f1a91ced24905?s=96&d=mm&r=g\",\"contentUrl\":\"https:\/\/secure.gravatar.com\/avatar\/f837d50a2ea0d7cba882939210fb03249c2d70cdea88235e685f1a91ced24905?s=96&d=mm&r=g\",\"caption\":\"Mgtr. Geovanny Jurado Puente\"},\"description\":\"Mag\u00edster en Comunicaci\u00f3n, Menci\u00f3n Pol\u00edticas de Desarrollo Social; Licenciado en Ciencias de la Comunicaci\u00f3n Social; Docente Universitario; Miembro de la Red de Investigadores en Comunicaci\u00f3n del Ecuador (RICE); Miembro Fundador de la Red de Editoriales Universitarias y Escuelas Polit\u00e9cnicas del Ecuador (Reupde); ecuatoriano de nacimiento, con residencia en Daule.\",\"sameAs\":[\"https:\/\/www.facebook.com\/geojuradopuente\",\"Geo Jurado\",\"https:\/\/x.com\/GeoJurado\"],\"url\":\"https:\/\/noti-america.com\/site\/ecuador\/author\/gjurado\/\"}]}<\/script>\n<!-- \/ Yoast SEO Premium plugin. -->","yoast_head_json":{"title":"Mediaci\u00f3n No Violencia en Acorvol - Ecuador | Noti-America.com","robots":{"index":"index","follow":"follow","max-snippet":"max-snippet:-1","max-image-preview":"max-image-preview:large","max-video-preview":"max-video-preview:-1"},"canonical":"https:\/\/noti-america.com\/site\/ecuador\/2023\/11\/30\/mediacion-no-violencia-en-acorvol\/","og_locale":"es_ES","og_type":"article","og_title":"Mediaci\u00f3n No Violencia en Acorvol","og_description":"REDACCI\u00d3N NOTI-AM\u00c9RICA (ECUADOR) Con el fin de analizar la importancia de aplicar la mediaci\u00f3n como un camino para evitar cualquier acto violento hacia el ser humano, se realiz\u00f3 el taller \u2018Mediaci\u00f3n es No Violencia\u2019,&#46;&#46;&#46;","og_url":"https:\/\/noti-america.com\/site\/ecuador\/2023\/11\/30\/mediacion-no-violencia-en-acorvol\/","og_site_name":"Ecuador | Noti-America.com","article_author":"https:\/\/www.facebook.com\/geojuradopuente","article_published_time":"2023-11-30T07:01:53+00:00","og_image":[{"width":955,"height":662,"url":"https:\/\/noti-america.com\/site\/ecuador\/wp-content\/uploads\/sites\/18\/2023\/11\/WhatsApp-Image-2023-11-28-at-14.08.55.jpeg","type":"image\/jpeg"}],"author":"Mgtr. Geovanny Jurado Puente","twitter_card":"summary_large_image","twitter_creator":"@GeoJurado","twitter_site":"@notiamerica","twitter_misc":{"Escrito por":"Mgtr. Geovanny Jurado Puente","Tiempo estimado de lectura":"3 minutos"},"schema":{"@context":"https:\/\/schema.org","@graph":[{"@type":"Article","@id":"https:\/\/noti-america.com\/site\/ecuador\/2023\/11\/30\/mediacion-no-violencia-en-acorvol\/#article","isPartOf":{"@id":"https:\/\/noti-america.com\/site\/ecuador\/2023\/11\/30\/mediacion-no-violencia-en-acorvol\/"},"author":{"name":"Mgtr. Geovanny Jurado Puente","@id":"https:\/\/noti-america.com\/site\/ecuador\/#\/schema\/person\/eafaa0d78b886269707bbd67c79282d8"},"headline":"Mediaci\u00f3n No Violencia en Acorvol","datePublished":"2023-11-30T07:01:53+00:00","mainEntityOfPage":{"@id":"https:\/\/noti-america.com\/site\/ecuador\/2023\/11\/30\/mediacion-no-violencia-en-acorvol\/"},"wordCount":386,"commentCount":0,"publisher":{"@id":"https:\/\/noti-america.com\/site\/ecuador\/#organization"},"image":{"@id":"https:\/\/noti-america.com\/site\/ecuador\/2023\/11\/30\/mediacion-no-violencia-en-acorvol\/#primaryimage"},"thumbnailUrl":"https:\/\/noti-america.com\/site\/ecuador\/wp-content\/uploads\/sites\/18\/2023\/11\/WhatsApp-Image-2023-11-28-at-14.08.55.jpeg","articleSection":["Uncategorized"],"inLanguage":"es","potentialAction":[{"@type":"CommentAction","name":"Comment","target":["https:\/\/noti-america.com\/site\/ecuador\/2023\/11\/30\/mediacion-no-violencia-en-acorvol\/#respond"]}]},{"@type":"WebPage","@id":"https:\/\/noti-america.com\/site\/ecuador\/2023\/11\/30\/mediacion-no-violencia-en-acorvol\/","url":"https:\/\/noti-america.com\/site\/ecuador\/2023\/11\/30\/mediacion-no-violencia-en-acorvol\/","name":"Mediaci\u00f3n No Violencia en Acorvol - Ecuador | Noti-America.com","isPartOf":{"@id":"https:\/\/noti-america.com\/site\/ecuador\/#website"},"primaryImageOfPage":{"@id":"https:\/\/noti-america.com\/site\/ecuador\/2023\/11\/30\/mediacion-no-violencia-en-acorvol\/#primaryimage"},"image":{"@id":"https:\/\/noti-america.com\/site\/ecuador\/2023\/11\/30\/mediacion-no-violencia-en-acorvol\/#primaryimage"},"thumbnailUrl":"https:\/\/noti-america.com\/site\/ecuador\/wp-content\/uploads\/sites\/18\/2023\/11\/WhatsApp-Image-2023-11-28-at-14.08.55.jpeg","datePublished":"2023-11-30T07:01:53+00:00","breadcrumb":{"@id":"https:\/\/noti-america.com\/site\/ecuador\/2023\/11\/30\/mediacion-no-violencia-en-acorvol\/#breadcrumb"},"inLanguage":"es","potentialAction":[{"@type":"ReadAction","target":["https:\/\/noti-america.com\/site\/ecuador\/2023\/11\/30\/mediacion-no-violencia-en-acorvol\/"]}]},{"@type":"ImageObject","inLanguage":"es","@id":"https:\/\/noti-america.com\/site\/ecuador\/2023\/11\/30\/mediacion-no-violencia-en-acorvol\/#primaryimage","url":"https:\/\/noti-america.com\/site\/ecuador\/wp-content\/uploads\/sites\/18\/2023\/11\/WhatsApp-Image-2023-11-28-at-14.08.55.jpeg","contentUrl":"https:\/\/noti-america.com\/site\/ecuador\/wp-content\/uploads\/sites\/18\/2023\/11\/WhatsApp-Image-2023-11-28-at-14.08.55.jpeg","width":955,"height":662},{"@type":"BreadcrumbList","@id":"https:\/\/noti-america.com\/site\/ecuador\/2023\/11\/30\/mediacion-no-violencia-en-acorvol\/#breadcrumb","itemListElement":[{"@type":"ListItem","position":1,"name":"Portada","item":"https:\/\/noti-america.com\/site\/ecuador\/"},{"@type":"ListItem","position":2,"name":"Mediaci\u00f3n No Violencia en Acorvol"}]},{"@type":"WebSite","@id":"https:\/\/noti-america.com\/site\/ecuador\/#website","url":"https:\/\/noti-america.com\/site\/ecuador\/","name":"Ecuador | Noti-America.com","description":"","publisher":{"@id":"https:\/\/noti-america.com\/site\/ecuador\/#organization"},"potentialAction":[{"@type":"SearchAction","target":{"@type":"EntryPoint","urlTemplate":"https:\/\/noti-america.com\/site\/ecuador\/?s={search_term_string}"},"query-input":{"@type":"PropertyValueSpecification","valueRequired":true,"valueName":"search_term_string"}}],"inLanguage":"es"},{"@type":"Organization","@id":"https:\/\/noti-america.com\/site\/ecuador\/#organization","name":"Noti-America LLC | Ecuador","url":"https:\/\/noti-america.com\/site\/ecuador\/","logo":{"@type":"ImageObject","inLanguage":"es","@id":"https:\/\/noti-america.com\/site\/ecuador\/#\/schema\/logo\/image\/","url":"https:\/\/noti-america.com\/site\/ecuador\/wp-content\/uploads\/sites\/18\/2020\/07\/LogoNA-4x3-1.jpg","contentUrl":"https:\/\/noti-america.com\/site\/ecuador\/wp-content\/uploads\/sites\/18\/2020\/07\/LogoNA-4x3-1.jpg","width":1236,"height":1080,"caption":"Noti-America LLC | Ecuador"},"image":{"@id":"https:\/\/noti-america.com\/site\/ecuador\/#\/schema\/logo\/image\/"},"sameAs":["https:\/\/x.com\/notiamerica"]},{"@type":"Person","@id":"https:\/\/noti-america.com\/site\/ecuador\/#\/schema\/person\/eafaa0d78b886269707bbd67c79282d8","name":"Mgtr. Geovanny Jurado Puente","image":{"@type":"ImageObject","inLanguage":"es","@id":"https:\/\/secure.gravatar.com\/avatar\/f837d50a2ea0d7cba882939210fb03249c2d70cdea88235e685f1a91ced24905?s=96&d=mm&r=g","url":"https:\/\/secure.gravatar.com\/avatar\/f837d50a2ea0d7cba882939210fb03249c2d70cdea88235e685f1a91ced24905?s=96&d=mm&r=g","contentUrl":"https:\/\/secure.gravatar.com\/avatar\/f837d50a2ea0d7cba882939210fb03249c2d70cdea88235e685f1a91ced24905?s=96&d=mm&r=g","caption":"Mgtr. Geovanny Jurado Puente"},"description":"Mag\u00edster en Comunicaci\u00f3n, Menci\u00f3n Pol\u00edticas de Desarrollo Social; Licenciado en Ciencias de la Comunicaci\u00f3n Social; Docente Universitario; Miembro de la Red de Investigadores en Comunicaci\u00f3n del Ecuador (RICE); Miembro Fundador de la Red de Editoriales Universitarias y Escuelas Polit\u00e9cnicas del Ecuador (Reupde); ecuatoriano de nacimiento, con residencia en Daule.","sameAs":["https:\/\/www.facebook.com\/geojuradopuente","Geo Jurado","https:\/\/x.com\/GeoJurado"],"url":"https:\/\/noti-america.com\/site\/ecuador\/author\/gjurado\/"}]}},"_links":{"self":[{"href":"https:\/\/noti-america.com\/site\/ecuador\/wp-json\/wp\/v2\/posts\/27806","targetHints":{"allow":["GET"]}}],"collection":[{"href":"https:\/\/noti-america.com\/site\/ecuador\/wp-json\/wp\/v2\/posts"}],"about":[{"href":"https:\/\/noti-america.com\/site\/ecuador\/wp-json\/wp\/v2\/types\/post"}],"author":[{"embeddable":true,"href":"https:\/\/noti-america.com\/site\/ecuador\/wp-json\/wp\/v2\/users\/54"}],"replies":[{"embeddable":true,"href":"https:\/\/noti-america.com\/site\/ecuador\/wp-json\/wp\/v2\/comments?post=27806"}],"version-history":[{"count":1,"href":"https:\/\/noti-america.com\/site\/ecuador\/wp-json\/wp\/v2\/posts\/27806\/revisions"}],"predecessor-version":[{"id":27815,"href":"https:\/\/noti-america.com\/site\/ecuador\/wp-json\/wp\/v2\/posts\/27806\/revisions\/27815"}],"wp:featuredmedia":[{"embeddable":true,"href":"https:\/\/noti-america.com\/site\/ecuador\/wp-json\/wp\/v2\/media\/27811"}],"wp:attachment":[{"href":"https:\/\/noti-america.com\/site\/ecuador\/wp-json\/wp\/v2\/media?parent=27806"}],"wp:term":[{"taxonomy":"category","embeddable":true,"href":"https:\/\/noti-america.com\/site\/ecuador\/wp-json\/wp\/v2\/categories?post=27806"},{"taxonomy":"post_tag","embeddable":true,"href":"https:\/\/noti-america.com\/site\/ecuador\/wp-json\/wp\/v2\/tags?post=27806"}],"curies":[{"name":"wp","href":"https:\/\/api.w.org\/{rel}","templated":true}]}}