{"id":27675,"date":"2023-11-22T17:19:03","date_gmt":"2023-11-22T17:19:03","guid":{"rendered":"https:\/\/noti-america.com\/site\/ecuador\/?p=27675"},"modified":"2023-11-22T17:19:03","modified_gmt":"2023-11-22T17:19:03","slug":"1-800-estudiantes-con-rezago-escolar-se-reinsertan-al-sistema-educativo","status":"publish","type":"post","link":"https:\/\/noti-america.com\/site\/ecuador\/2023\/11\/22\/1-800-estudiantes-con-rezago-escolar-se-reinsertan-al-sistema-educativo\/","title":{"rendered":"1.800 estudiantes con rezago escolar se reinsertan al sistema educativo"},"content":{"rendered":"<p><strong>REDACCI\u00d3N NOTI AM\u00c9RICA (ECUADOR)<\/strong><\/p>\n<div id=\"attachment_27676\" style=\"width: 529px\" class=\"wp-caption alignleft\"><img loading=\"lazy\" decoding=\"async\" aria-describedby=\"caption-attachment-27676\" class=\"wp-image-27676\" src=\"https:\/\/noti-america.com\/site\/ecuador\/wp-content\/uploads\/sites\/18\/2023\/11\/WhatsApp-Image-2023-11-22-at-10.50.24-300x225.jpeg\" alt=\"\" width=\"519\" height=\"389\" srcset=\"https:\/\/noti-america.com\/site\/ecuador\/wp-content\/uploads\/sites\/18\/2023\/11\/WhatsApp-Image-2023-11-22-at-10.50.24-300x225.jpeg 300w, https:\/\/noti-america.com\/site\/ecuador\/wp-content\/uploads\/sites\/18\/2023\/11\/WhatsApp-Image-2023-11-22-at-10.50.24-1024x768.jpeg 1024w, https:\/\/noti-america.com\/site\/ecuador\/wp-content\/uploads\/sites\/18\/2023\/11\/WhatsApp-Image-2023-11-22-at-10.50.24-768x576.jpeg 768w, https:\/\/noti-america.com\/site\/ecuador\/wp-content\/uploads\/sites\/18\/2023\/11\/WhatsApp-Image-2023-11-22-at-10.50.24-1536x1152.jpeg 1536w, https:\/\/noti-america.com\/site\/ecuador\/wp-content\/uploads\/sites\/18\/2023\/11\/WhatsApp-Image-2023-11-22-at-10.50.24.jpeg 1600w\" sizes=\"auto, (max-width: 519px) 100vw, 519px\" \/><p id=\"caption-attachment-27676\" class=\"wp-caption-text\">\u00a0El programa permite que los estudiantes se reinserten al sistema educativo en el nivel que les corresponde.<\/p><\/div>\n<p style=\"text-align: justify\">El peque\u00f1o Matheo Penafiel, de 10 a\u00f1os, hoy en d\u00eda asiste muy animado a la Unidad Educativa Eduardo Kingman, en el sector de Pascuales, para recibir sus clases como parte del programa de Nivelaci\u00f3n y Aceleraci\u00f3n Pedag\u00f3gica (NAP).<\/p>\n<p style=\"text-align: justify\">El menor tuvo que abandonar sus estudios durante la pandemia por problemas econ\u00f3micas, seg\u00fan relat\u00f3 su abuela Clara Espinoza: \u201cDurante 2 a\u00f1os no pudimos enviarlo a la escuela no hab\u00eda para los pasajes y el traslado. Este periodo lectivo me enter\u00e9 de este programa, lo inscribimos para que pueda continuar su educaci\u00f3n, ha mejorado su escritura y comprende muy bien las matem\u00e1ticas\u201d, indic\u00f3.<\/p>\n<p style=\"text-align: justify\">Motivaci\u00f3n y esfuerzo necesarios dentro de este proceso, que va de la mano con diferentes metodolog\u00edas, para fortalecer el aprendizaje. Leonor Mera docente de nivel elemental (2\u00b0,3\u00b0y 4\u00b0) de Educaci\u00f3n B\u00e1sica de la instituci\u00f3n, destac\u00f3 el apoyo a los estudiantes con fichas pedag\u00f3gicas. \u201cSe trabaja para reforzar sobre todo las \u00e1reas fundamentales como lecto escritura y matem\u00e1ticas; sin embargo, el apoyo de la familia desde el hogar es vital para seguir avanzando con las tareas y el proceso educativo\u201d.<\/p>\n<p style=\"text-align: justify\">La oferta extraordinaria NAP atiende a ni\u00f1os, ni\u00f1as y adolescentes de 8 a 18 a\u00f1os en condici\u00f3n de rezago educativo. El concepto de aceleraci\u00f3n pedag\u00f3gica contempla una intervenci\u00f3n educativa que permite desarrollar en los estudiantes de Educaci\u00f3n General B\u00e1sica \u2013 EGB, las destrezas imprescindibles, la complejidad y el ritmo del plan de estudios, en un lapso menor.\u00a0 Esto se consigue a trav\u00e9s de estrategias de aprendizaje efectivas y adaptaciones curriculares, de tal manera que los estudiantes puedan reinsertarse al sistema educativo, eliminando o atenuando la condici\u00f3n de rezago.<\/p>\n<p style=\"text-align: justify\">En la Zona 8, que comprende Guayaquil, Dur\u00e1n y Samborond\u00f3n, se han implementado 86 aulas de Nivelaci\u00f3n y Aceleraci\u00f3n Pedag\u00f3gica, en 44 instituciones educativas, para beneficio de 1800 estudiantes.<\/p>\n<p style=\"text-align: justify\">Para Jimmy Vargas, docente de nivel medio, los perfiles de los estudiantes que se inscriben en este programa se identifican como familias vulnerables: \u201cSabemos que son alumnos que vienen con dificultades econ\u00f3micas o de salud, pero el compromiso de la familia es fundamental ya que el beneficio es que logren adelantar dos a\u00f1os en uno; y, con este esfuerzo, pueden ir al nivel educativo que les corresponde\u201d, explic\u00f3.<\/p>\n<p style=\"text-align: justify\">\u201cLos estudiantes reciben un tronco com\u00fan de materias: Matem\u00e1ticas, Lengua Literatura, Estudios Sociales, Ciencias Naturales y las destrezas imprescindibles. Por medio de las estrategias del juego y din\u00e1micas l\u00fadicas logramos que los estudiantes aprendan de mejor forma\u201d, puntualiz\u00f3 Vargas.<\/p>\n<p style=\"text-align: justify\">La Unidad Educativa Eduardo Kingman, durante este periodo lectivo implement\u00f3 tres aulas de nivelaci\u00f3n, seg\u00fan lo inform\u00f3 Gisella Alc\u00edvar, rectora de instituci\u00f3n, en las cuales estudian 130 estudiantes de los niveles elemental, medio y superior.<\/p>\n<p style=\"text-align: justify\">El Ministerio de Educaci\u00f3n, a trav\u00e9s del eje de trabajo \u201cTodos\u201d, implementa ofertas educativas extraordinarias, garantizando el derecho a la educaci\u00f3n.<\/p>\n<p style=\"text-align: justify\">\n<p style=\"text-align: justify\">\n<p style=\"text-align: justify\">\n<p style=\"text-align: justify\">\n<p style=\"text-align: justify\">\n<p style=\"text-align: justify\">\n<p>&nbsp;<\/p>\n<p>&nbsp;<\/p>\n","protected":false},"excerpt":{"rendered":"<p>REDACCI\u00d3N NOTI AM\u00c9RICA (ECUADOR) El peque\u00f1o Matheo Penafiel, de 10 a\u00f1os, hoy en d\u00eda asiste muy animado a la Unidad Educativa Eduardo Kingman, en el sector de Pascuales, para recibir sus clases como parte&#46;&#46;&#46;<\/p>\n","protected":false},"author":113,"featured_media":27676,"comment_status":"open","ping_status":"open","sticky":false,"template":"","format":"standard","meta":{"_acf_changed":false,"om_disable_all_campaigns":false,"rop_custom_images_group":[],"rop_custom_messages_group":[],"rop_publish_now":"initial","rop_publish_now_accounts":{"twitter_242054905_242054905":""},"rop_publish_now_history":[],"rop_publish_now_status":"pending","_uf_show_specific_survey":0,"_uf_disable_surveys":false,"footnotes":""},"categories":[103],"tags":[],"class_list":["post-27675","post","type-post","status-publish","format-standard","has-post-thumbnail","hentry","category-educacion"],"acf":[],"aioseo_notices":[],"yoast_head":"<!-- This site is optimized with the Yoast SEO Premium plugin v24.9 (Yoast SEO v27.2) - https:\/\/yoast.com\/product\/yoast-seo-premium-wordpress\/ -->\n<title>1.800 estudiantes con rezago escolar se reinsertan al sistema educativo - Ecuador | Noti-America.com<\/title>\n<meta name=\"robots\" content=\"index, follow, max-snippet:-1, max-image-preview:large, max-video-preview:-1\" \/>\n<link rel=\"canonical\" href=\"https:\/\/noti-america.com\/site\/ecuador\/2023\/11\/22\/1-800-estudiantes-con-rezago-escolar-se-reinsertan-al-sistema-educativo\/\" \/>\n<meta property=\"og:locale\" content=\"es_ES\" \/>\n<meta property=\"og:type\" content=\"article\" \/>\n<meta property=\"og:title\" content=\"1.800 estudiantes con rezago escolar se reinsertan al sistema educativo\" \/>\n<meta property=\"og:description\" content=\"REDACCI\u00d3N NOTI AM\u00c9RICA (ECUADOR) El peque\u00f1o Matheo Penafiel, de 10 a\u00f1os, hoy en d\u00eda asiste muy animado a la Unidad Educativa Eduardo Kingman, en el sector de Pascuales, para recibir sus clases como parte&#046;&#046;&#046;\" \/>\n<meta property=\"og:url\" content=\"https:\/\/noti-america.com\/site\/ecuador\/2023\/11\/22\/1-800-estudiantes-con-rezago-escolar-se-reinsertan-al-sistema-educativo\/\" \/>\n<meta property=\"og:site_name\" content=\"Ecuador | Noti-America.com\" \/>\n<meta property=\"article:published_time\" content=\"2023-11-22T17:19:03+00:00\" \/>\n<meta property=\"og:image\" content=\"https:\/\/noti-america.com\/site\/ecuador\/wp-content\/uploads\/sites\/18\/2023\/11\/WhatsApp-Image-2023-11-22-at-10.50.24.jpeg\" \/>\n\t<meta property=\"og:image:width\" content=\"1600\" \/>\n\t<meta property=\"og:image:height\" content=\"1200\" \/>\n\t<meta property=\"og:image:type\" content=\"image\/jpeg\" \/>\n<meta name=\"author\" content=\"Henry Ortiz\" \/>\n<meta name=\"twitter:card\" content=\"summary_large_image\" \/>\n<meta name=\"twitter:creator\" content=\"@notiamerica\" \/>\n<meta name=\"twitter:site\" content=\"@notiamerica\" \/>\n<meta name=\"twitter:label1\" content=\"Escrito por\" \/>\n\t<meta name=\"twitter:data1\" content=\"Henry Ortiz\" \/>\n\t<meta name=\"twitter:label2\" content=\"Tiempo estimado de lectura\" \/>\n\t<meta name=\"twitter:data2\" content=\"3 minutos\" \/>\n<script type=\"application\/ld+json\" class=\"yoast-schema-graph\">{\"@context\":\"https:\/\/schema.org\",\"@graph\":[{\"@type\":\"Article\",\"@id\":\"https:\/\/noti-america.com\/site\/ecuador\/2023\/11\/22\/1-800-estudiantes-con-rezago-escolar-se-reinsertan-al-sistema-educativo\/#article\",\"isPartOf\":{\"@id\":\"https:\/\/noti-america.com\/site\/ecuador\/2023\/11\/22\/1-800-estudiantes-con-rezago-escolar-se-reinsertan-al-sistema-educativo\/\"},\"author\":{\"name\":\"Henry Ortiz\",\"@id\":\"https:\/\/noti-america.com\/site\/ecuador\/#\/schema\/person\/b9d1630cc6598af759d45c790a347283\"},\"headline\":\"1.800 estudiantes con rezago escolar se reinsertan al sistema educativo\",\"datePublished\":\"2023-11-22T17:19:03+00:00\",\"mainEntityOfPage\":{\"@id\":\"https:\/\/noti-america.com\/site\/ecuador\/2023\/11\/22\/1-800-estudiantes-con-rezago-escolar-se-reinsertan-al-sistema-educativo\/\"},\"wordCount\":538,\"commentCount\":0,\"publisher\":{\"@id\":\"https:\/\/noti-america.com\/site\/ecuador\/#organization\"},\"image\":{\"@id\":\"https:\/\/noti-america.com\/site\/ecuador\/2023\/11\/22\/1-800-estudiantes-con-rezago-escolar-se-reinsertan-al-sistema-educativo\/#primaryimage\"},\"thumbnailUrl\":\"https:\/\/noti-america.com\/site\/ecuador\/wp-content\/uploads\/sites\/18\/2023\/11\/WhatsApp-Image-2023-11-22-at-10.50.24.jpeg\",\"articleSection\":[\"Educaci\u00f3n\"],\"inLanguage\":\"es\",\"potentialAction\":[{\"@type\":\"CommentAction\",\"name\":\"Comment\",\"target\":[\"https:\/\/noti-america.com\/site\/ecuador\/2023\/11\/22\/1-800-estudiantes-con-rezago-escolar-se-reinsertan-al-sistema-educativo\/#respond\"]}]},{\"@type\":\"WebPage\",\"@id\":\"https:\/\/noti-america.com\/site\/ecuador\/2023\/11\/22\/1-800-estudiantes-con-rezago-escolar-se-reinsertan-al-sistema-educativo\/\",\"url\":\"https:\/\/noti-america.com\/site\/ecuador\/2023\/11\/22\/1-800-estudiantes-con-rezago-escolar-se-reinsertan-al-sistema-educativo\/\",\"name\":\"1.800 estudiantes con rezago escolar se reinsertan al sistema educativo - Ecuador | Noti-America.com\",\"isPartOf\":{\"@id\":\"https:\/\/noti-america.com\/site\/ecuador\/#website\"},\"primaryImageOfPage\":{\"@id\":\"https:\/\/noti-america.com\/site\/ecuador\/2023\/11\/22\/1-800-estudiantes-con-rezago-escolar-se-reinsertan-al-sistema-educativo\/#primaryimage\"},\"image\":{\"@id\":\"https:\/\/noti-america.com\/site\/ecuador\/2023\/11\/22\/1-800-estudiantes-con-rezago-escolar-se-reinsertan-al-sistema-educativo\/#primaryimage\"},\"thumbnailUrl\":\"https:\/\/noti-america.com\/site\/ecuador\/wp-content\/uploads\/sites\/18\/2023\/11\/WhatsApp-Image-2023-11-22-at-10.50.24.jpeg\",\"datePublished\":\"2023-11-22T17:19:03+00:00\",\"breadcrumb\":{\"@id\":\"https:\/\/noti-america.com\/site\/ecuador\/2023\/11\/22\/1-800-estudiantes-con-rezago-escolar-se-reinsertan-al-sistema-educativo\/#breadcrumb\"},\"inLanguage\":\"es\",\"potentialAction\":[{\"@type\":\"ReadAction\",\"target\":[\"https:\/\/noti-america.com\/site\/ecuador\/2023\/11\/22\/1-800-estudiantes-con-rezago-escolar-se-reinsertan-al-sistema-educativo\/\"]}]},{\"@type\":\"ImageObject\",\"inLanguage\":\"es\",\"@id\":\"https:\/\/noti-america.com\/site\/ecuador\/2023\/11\/22\/1-800-estudiantes-con-rezago-escolar-se-reinsertan-al-sistema-educativo\/#primaryimage\",\"url\":\"https:\/\/noti-america.com\/site\/ecuador\/wp-content\/uploads\/sites\/18\/2023\/11\/WhatsApp-Image-2023-11-22-at-10.50.24.jpeg\",\"contentUrl\":\"https:\/\/noti-america.com\/site\/ecuador\/wp-content\/uploads\/sites\/18\/2023\/11\/WhatsApp-Image-2023-11-22-at-10.50.24.jpeg\",\"width\":1600,\"height\":1200},{\"@type\":\"BreadcrumbList\",\"@id\":\"https:\/\/noti-america.com\/site\/ecuador\/2023\/11\/22\/1-800-estudiantes-con-rezago-escolar-se-reinsertan-al-sistema-educativo\/#breadcrumb\",\"itemListElement\":[{\"@type\":\"ListItem\",\"position\":1,\"name\":\"Portada\",\"item\":\"https:\/\/noti-america.com\/site\/ecuador\/\"},{\"@type\":\"ListItem\",\"position\":2,\"name\":\"1.800 estudiantes con rezago escolar se reinsertan al sistema educativo\"}]},{\"@type\":\"WebSite\",\"@id\":\"https:\/\/noti-america.com\/site\/ecuador\/#website\",\"url\":\"https:\/\/noti-america.com\/site\/ecuador\/\",\"name\":\"Ecuador | Noti-America.com\",\"description\":\"\",\"publisher\":{\"@id\":\"https:\/\/noti-america.com\/site\/ecuador\/#organization\"},\"potentialAction\":[{\"@type\":\"SearchAction\",\"target\":{\"@type\":\"EntryPoint\",\"urlTemplate\":\"https:\/\/noti-america.com\/site\/ecuador\/?s={search_term_string}\"},\"query-input\":{\"@type\":\"PropertyValueSpecification\",\"valueRequired\":true,\"valueName\":\"search_term_string\"}}],\"inLanguage\":\"es\"},{\"@type\":\"Organization\",\"@id\":\"https:\/\/noti-america.com\/site\/ecuador\/#organization\",\"name\":\"Noti-America LLC | Ecuador\",\"url\":\"https:\/\/noti-america.com\/site\/ecuador\/\",\"logo\":{\"@type\":\"ImageObject\",\"inLanguage\":\"es\",\"@id\":\"https:\/\/noti-america.com\/site\/ecuador\/#\/schema\/logo\/image\/\",\"url\":\"https:\/\/noti-america.com\/site\/ecuador\/wp-content\/uploads\/sites\/18\/2020\/07\/LogoNA-4x3-1.jpg\",\"contentUrl\":\"https:\/\/noti-america.com\/site\/ecuador\/wp-content\/uploads\/sites\/18\/2020\/07\/LogoNA-4x3-1.jpg\",\"width\":1236,\"height\":1080,\"caption\":\"Noti-America LLC | Ecuador\"},\"image\":{\"@id\":\"https:\/\/noti-america.com\/site\/ecuador\/#\/schema\/logo\/image\/\"},\"sameAs\":[\"https:\/\/x.com\/notiamerica\"]},{\"@type\":\"Person\",\"@id\":\"https:\/\/noti-america.com\/site\/ecuador\/#\/schema\/person\/b9d1630cc6598af759d45c790a347283\",\"name\":\"Henry Ortiz\",\"image\":{\"@type\":\"ImageObject\",\"inLanguage\":\"es\",\"@id\":\"https:\/\/secure.gravatar.com\/avatar\/0b5407b5b302fbb6a578e625dca512ac2983ee5fa9ea941d581b83c40212e4c8?s=96&d=mm&r=g\",\"url\":\"https:\/\/secure.gravatar.com\/avatar\/0b5407b5b302fbb6a578e625dca512ac2983ee5fa9ea941d581b83c40212e4c8?s=96&d=mm&r=g\",\"contentUrl\":\"https:\/\/secure.gravatar.com\/avatar\/0b5407b5b302fbb6a578e625dca512ac2983ee5fa9ea941d581b83c40212e4c8?s=96&d=mm&r=g\",\"caption\":\"Henry Ortiz\"},\"url\":\"https:\/\/noti-america.com\/site\/ecuador\/author\/hortiz\/\"}]}<\/script>\n<!-- \/ Yoast SEO Premium plugin. -->","yoast_head_json":{"title":"1.800 estudiantes con rezago escolar se reinsertan al sistema educativo - Ecuador | Noti-America.com","robots":{"index":"index","follow":"follow","max-snippet":"max-snippet:-1","max-image-preview":"max-image-preview:large","max-video-preview":"max-video-preview:-1"},"canonical":"https:\/\/noti-america.com\/site\/ecuador\/2023\/11\/22\/1-800-estudiantes-con-rezago-escolar-se-reinsertan-al-sistema-educativo\/","og_locale":"es_ES","og_type":"article","og_title":"1.800 estudiantes con rezago escolar se reinsertan al sistema educativo","og_description":"REDACCI\u00d3N NOTI AM\u00c9RICA (ECUADOR) El peque\u00f1o Matheo Penafiel, de 10 a\u00f1os, hoy en d\u00eda asiste muy animado a la Unidad Educativa Eduardo Kingman, en el sector de Pascuales, para recibir sus clases como parte&#46;&#46;&#46;","og_url":"https:\/\/noti-america.com\/site\/ecuador\/2023\/11\/22\/1-800-estudiantes-con-rezago-escolar-se-reinsertan-al-sistema-educativo\/","og_site_name":"Ecuador | Noti-America.com","article_published_time":"2023-11-22T17:19:03+00:00","og_image":[{"width":1600,"height":1200,"url":"https:\/\/noti-america.com\/site\/ecuador\/wp-content\/uploads\/sites\/18\/2023\/11\/WhatsApp-Image-2023-11-22-at-10.50.24.jpeg","type":"image\/jpeg"}],"author":"Henry Ortiz","twitter_card":"summary_large_image","twitter_creator":"@notiamerica","twitter_site":"@notiamerica","twitter_misc":{"Escrito por":"Henry Ortiz","Tiempo estimado de lectura":"3 minutos"},"schema":{"@context":"https:\/\/schema.org","@graph":[{"@type":"Article","@id":"https:\/\/noti-america.com\/site\/ecuador\/2023\/11\/22\/1-800-estudiantes-con-rezago-escolar-se-reinsertan-al-sistema-educativo\/#article","isPartOf":{"@id":"https:\/\/noti-america.com\/site\/ecuador\/2023\/11\/22\/1-800-estudiantes-con-rezago-escolar-se-reinsertan-al-sistema-educativo\/"},"author":{"name":"Henry Ortiz","@id":"https:\/\/noti-america.com\/site\/ecuador\/#\/schema\/person\/b9d1630cc6598af759d45c790a347283"},"headline":"1.800 estudiantes con rezago escolar se reinsertan al sistema educativo","datePublished":"2023-11-22T17:19:03+00:00","mainEntityOfPage":{"@id":"https:\/\/noti-america.com\/site\/ecuador\/2023\/11\/22\/1-800-estudiantes-con-rezago-escolar-se-reinsertan-al-sistema-educativo\/"},"wordCount":538,"commentCount":0,"publisher":{"@id":"https:\/\/noti-america.com\/site\/ecuador\/#organization"},"image":{"@id":"https:\/\/noti-america.com\/site\/ecuador\/2023\/11\/22\/1-800-estudiantes-con-rezago-escolar-se-reinsertan-al-sistema-educativo\/#primaryimage"},"thumbnailUrl":"https:\/\/noti-america.com\/site\/ecuador\/wp-content\/uploads\/sites\/18\/2023\/11\/WhatsApp-Image-2023-11-22-at-10.50.24.jpeg","articleSection":["Educaci\u00f3n"],"inLanguage":"es","potentialAction":[{"@type":"CommentAction","name":"Comment","target":["https:\/\/noti-america.com\/site\/ecuador\/2023\/11\/22\/1-800-estudiantes-con-rezago-escolar-se-reinsertan-al-sistema-educativo\/#respond"]}]},{"@type":"WebPage","@id":"https:\/\/noti-america.com\/site\/ecuador\/2023\/11\/22\/1-800-estudiantes-con-rezago-escolar-se-reinsertan-al-sistema-educativo\/","url":"https:\/\/noti-america.com\/site\/ecuador\/2023\/11\/22\/1-800-estudiantes-con-rezago-escolar-se-reinsertan-al-sistema-educativo\/","name":"1.800 estudiantes con rezago escolar se reinsertan al sistema educativo - Ecuador | Noti-America.com","isPartOf":{"@id":"https:\/\/noti-america.com\/site\/ecuador\/#website"},"primaryImageOfPage":{"@id":"https:\/\/noti-america.com\/site\/ecuador\/2023\/11\/22\/1-800-estudiantes-con-rezago-escolar-se-reinsertan-al-sistema-educativo\/#primaryimage"},"image":{"@id":"https:\/\/noti-america.com\/site\/ecuador\/2023\/11\/22\/1-800-estudiantes-con-rezago-escolar-se-reinsertan-al-sistema-educativo\/#primaryimage"},"thumbnailUrl":"https:\/\/noti-america.com\/site\/ecuador\/wp-content\/uploads\/sites\/18\/2023\/11\/WhatsApp-Image-2023-11-22-at-10.50.24.jpeg","datePublished":"2023-11-22T17:19:03+00:00","breadcrumb":{"@id":"https:\/\/noti-america.com\/site\/ecuador\/2023\/11\/22\/1-800-estudiantes-con-rezago-escolar-se-reinsertan-al-sistema-educativo\/#breadcrumb"},"inLanguage":"es","potentialAction":[{"@type":"ReadAction","target":["https:\/\/noti-america.com\/site\/ecuador\/2023\/11\/22\/1-800-estudiantes-con-rezago-escolar-se-reinsertan-al-sistema-educativo\/"]}]},{"@type":"ImageObject","inLanguage":"es","@id":"https:\/\/noti-america.com\/site\/ecuador\/2023\/11\/22\/1-800-estudiantes-con-rezago-escolar-se-reinsertan-al-sistema-educativo\/#primaryimage","url":"https:\/\/noti-america.com\/site\/ecuador\/wp-content\/uploads\/sites\/18\/2023\/11\/WhatsApp-Image-2023-11-22-at-10.50.24.jpeg","contentUrl":"https:\/\/noti-america.com\/site\/ecuador\/wp-content\/uploads\/sites\/18\/2023\/11\/WhatsApp-Image-2023-11-22-at-10.50.24.jpeg","width":1600,"height":1200},{"@type":"BreadcrumbList","@id":"https:\/\/noti-america.com\/site\/ecuador\/2023\/11\/22\/1-800-estudiantes-con-rezago-escolar-se-reinsertan-al-sistema-educativo\/#breadcrumb","itemListElement":[{"@type":"ListItem","position":1,"name":"Portada","item":"https:\/\/noti-america.com\/site\/ecuador\/"},{"@type":"ListItem","position":2,"name":"1.800 estudiantes con rezago escolar se reinsertan al sistema educativo"}]},{"@type":"WebSite","@id":"https:\/\/noti-america.com\/site\/ecuador\/#website","url":"https:\/\/noti-america.com\/site\/ecuador\/","name":"Ecuador | Noti-America.com","description":"","publisher":{"@id":"https:\/\/noti-america.com\/site\/ecuador\/#organization"},"potentialAction":[{"@type":"SearchAction","target":{"@type":"EntryPoint","urlTemplate":"https:\/\/noti-america.com\/site\/ecuador\/?s={search_term_string}"},"query-input":{"@type":"PropertyValueSpecification","valueRequired":true,"valueName":"search_term_string"}}],"inLanguage":"es"},{"@type":"Organization","@id":"https:\/\/noti-america.com\/site\/ecuador\/#organization","name":"Noti-America LLC | Ecuador","url":"https:\/\/noti-america.com\/site\/ecuador\/","logo":{"@type":"ImageObject","inLanguage":"es","@id":"https:\/\/noti-america.com\/site\/ecuador\/#\/schema\/logo\/image\/","url":"https:\/\/noti-america.com\/site\/ecuador\/wp-content\/uploads\/sites\/18\/2020\/07\/LogoNA-4x3-1.jpg","contentUrl":"https:\/\/noti-america.com\/site\/ecuador\/wp-content\/uploads\/sites\/18\/2020\/07\/LogoNA-4x3-1.jpg","width":1236,"height":1080,"caption":"Noti-America LLC | Ecuador"},"image":{"@id":"https:\/\/noti-america.com\/site\/ecuador\/#\/schema\/logo\/image\/"},"sameAs":["https:\/\/x.com\/notiamerica"]},{"@type":"Person","@id":"https:\/\/noti-america.com\/site\/ecuador\/#\/schema\/person\/b9d1630cc6598af759d45c790a347283","name":"Henry Ortiz","image":{"@type":"ImageObject","inLanguage":"es","@id":"https:\/\/secure.gravatar.com\/avatar\/0b5407b5b302fbb6a578e625dca512ac2983ee5fa9ea941d581b83c40212e4c8?s=96&d=mm&r=g","url":"https:\/\/secure.gravatar.com\/avatar\/0b5407b5b302fbb6a578e625dca512ac2983ee5fa9ea941d581b83c40212e4c8?s=96&d=mm&r=g","contentUrl":"https:\/\/secure.gravatar.com\/avatar\/0b5407b5b302fbb6a578e625dca512ac2983ee5fa9ea941d581b83c40212e4c8?s=96&d=mm&r=g","caption":"Henry Ortiz"},"url":"https:\/\/noti-america.com\/site\/ecuador\/author\/hortiz\/"}]}},"_links":{"self":[{"href":"https:\/\/noti-america.com\/site\/ecuador\/wp-json\/wp\/v2\/posts\/27675","targetHints":{"allow":["GET"]}}],"collection":[{"href":"https:\/\/noti-america.com\/site\/ecuador\/wp-json\/wp\/v2\/posts"}],"about":[{"href":"https:\/\/noti-america.com\/site\/ecuador\/wp-json\/wp\/v2\/types\/post"}],"author":[{"embeddable":true,"href":"https:\/\/noti-america.com\/site\/ecuador\/wp-json\/wp\/v2\/users\/113"}],"replies":[{"embeddable":true,"href":"https:\/\/noti-america.com\/site\/ecuador\/wp-json\/wp\/v2\/comments?post=27675"}],"version-history":[{"count":1,"href":"https:\/\/noti-america.com\/site\/ecuador\/wp-json\/wp\/v2\/posts\/27675\/revisions"}],"predecessor-version":[{"id":27677,"href":"https:\/\/noti-america.com\/site\/ecuador\/wp-json\/wp\/v2\/posts\/27675\/revisions\/27677"}],"wp:featuredmedia":[{"embeddable":true,"href":"https:\/\/noti-america.com\/site\/ecuador\/wp-json\/wp\/v2\/media\/27676"}],"wp:attachment":[{"href":"https:\/\/noti-america.com\/site\/ecuador\/wp-json\/wp\/v2\/media?parent=27675"}],"wp:term":[{"taxonomy":"category","embeddable":true,"href":"https:\/\/noti-america.com\/site\/ecuador\/wp-json\/wp\/v2\/categories?post=27675"},{"taxonomy":"post_tag","embeddable":true,"href":"https:\/\/noti-america.com\/site\/ecuador\/wp-json\/wp\/v2\/tags?post=27675"}],"curies":[{"name":"wp","href":"https:\/\/api.w.org\/{rel}","templated":true}]}}