{"id":27623,"date":"2023-11-21T01:22:37","date_gmt":"2023-11-21T01:22:37","guid":{"rendered":"https:\/\/noti-america.com\/site\/ecuador\/?p=27623"},"modified":"2023-11-21T01:24:40","modified_gmt":"2023-11-21T01:24:40","slug":"dipor-y-alimentos-polar-una-alianza-que-llegara-a-todo-el-ecuador","status":"publish","type":"post","link":"https:\/\/noti-america.com\/site\/ecuador\/2023\/11\/21\/dipor-y-alimentos-polar-una-alianza-que-llegara-a-todo-el-ecuador\/","title":{"rendered":"Dipor y Alimentos Polar, una alianza que llegar\u00e1 a todo el Ecuador"},"content":{"rendered":"<p><strong>REDACCI\u00d3N NOTI-AM\u00c9RICA (ECUADOR).<\/strong><\/p>\n<p style=\"text-align: justify\"><img loading=\"lazy\" decoding=\"async\" class=\"size-medium wp-image-27626 alignleft\" src=\"https:\/\/noti-america.com\/site\/ecuador\/wp-content\/uploads\/sites\/18\/2023\/11\/6d592d34-3e0b-4ac6-953b-97132ed6f1cc-300x175.jpg\" alt=\"\" width=\"300\" height=\"175\" srcset=\"https:\/\/noti-america.com\/site\/ecuador\/wp-content\/uploads\/sites\/18\/2023\/11\/6d592d34-3e0b-4ac6-953b-97132ed6f1cc-300x175.jpg 300w, https:\/\/noti-america.com\/site\/ecuador\/wp-content\/uploads\/sites\/18\/2023\/11\/6d592d34-3e0b-4ac6-953b-97132ed6f1cc-768x449.jpg 768w, https:\/\/noti-america.com\/site\/ecuador\/wp-content\/uploads\/sites\/18\/2023\/11\/6d592d34-3e0b-4ac6-953b-97132ed6f1cc.jpg 1024w\" sizes=\"auto, (max-width: 300px) 100vw, 300px\" \/>La harina de ma\u00edz es un componente que se utiliza para la preparaci\u00f3n de distintas recetas y es necesaria en la mesa de los ecuatorianos. Debido a esto, y con el objetivo de que este producto sea de f\u00e1cil acceso para toda la poblaci\u00f3n a escala nacional, Dipor y Alimentos Polar suscribieron una alianza estrat\u00e9gica para ampliar la red de distribuci\u00f3n de harina P.A.N. a m\u00e1s de 50.000 puntos de venta en Ecuador.<\/p>\n<p style=\"text-align: justify\">Dipor, una empresa de Tonicorp que pertenece a Arca Continental y The Coca- Cola Company, es un referente de abastecimiento log\u00edstico sostenible para peque\u00f1as y medianas industrias de alimentos y bebidas que trabajar\u00e1 de forma articulada con Alimentos Polar Ecuador, con el prop\u00f3sito de duplicar el alcance del negocio en un lapso de tres a\u00f1os, extendiendo la presencia de Harina P.A.N., marca pionera y l\u00edder mundial en la categor\u00eda de harina precocida de ma\u00edz, en todo el pa\u00eds.<\/p>\n<p style=\"text-align: justify\">Christian Robles, Gerente Comercial de Alimentos Polar Ecuador, resalta que, en este plan expansivo del negocio, Dipor se destaca como un socio esencial para alcanzar las metas en com\u00fan. \u201cEl principal objetivo de esta alianza estrat\u00e9gica est\u00e1 orientado al consumidor, apostando por simplificar la experiencia de compra para que los ecuatorianos puedan tener acceso a harina P.A.N. y otros productos del creciente portafolio de la empresa, en cualquier rinc\u00f3n del pa\u00eds\u201d.<\/p>\n<p style=\"text-align: justify\">La compa\u00f1\u00eda de abastecimiento log\u00edstico mantiene una extensa cobertura, en m\u00e1s de 120.000 tiendas de barrio a trav\u00e9s de 21 centros de distribuci\u00f3n, con ello, la compa\u00f1\u00eda conecta con un modelo sostenible a todo el Ecuador, en coordinaci\u00f3n con diversos socios estrat\u00e9gicos. <em>\u201cEstamos muy contentos de trabajar de la mano de un nuevo socio, que nos permite fortalecer nuestra <\/em><em>estrategia empresarial, que est\u00e1 enfocada en la comercializaci\u00f3n y distribuci\u00f3n de productos de consumo masivo, de esta manera continuamos proveyendo conexi\u00f3n productiva sostenible en el mercado ecuatoriano\u201d<\/em>, enfatiz\u00f3 Gerardo V\u00e1zquez, Director Comercial Tonicorp.<\/p>\n<p style=\"text-align: justify\">Con esta alianza estrat\u00e9gica, Dipor reafirma su compromiso de seguir conectando diferentes industrias con el canal tradicional y moderno, a trav\u00e9s de un sistema especializado en la entrega de productos de consumo masivo como: at\u00fan, sal, az\u00facar, pastas, pl\u00e1sticos, cereales, l\u00e1cteos, entre otros, que son marcas preferidas por los hogares ecuatorianos.<\/p>\n<p>&nbsp;<\/p>\n","protected":false},"excerpt":{"rendered":"<p>REDACCI\u00d3N NOTI-AM\u00c9RICA (ECUADOR). La harina de ma\u00edz es un componente que se utiliza para la preparaci\u00f3n de distintas recetas y es necesaria en la mesa de los ecuatorianos. Debido a esto, y con el&#46;&#46;&#46;<\/p>\n","protected":false},"author":144,"featured_media":27626,"comment_status":"open","ping_status":"open","sticky":false,"template":"","format":"standard","meta":{"_acf_changed":false,"om_disable_all_campaigns":false,"rop_custom_images_group":[],"rop_custom_messages_group":[],"rop_publish_now":"initial","rop_publish_now_accounts":{"twitter_242054905_242054905":""},"rop_publish_now_history":[],"rop_publish_now_status":"pending","_uf_show_specific_survey":0,"_uf_disable_surveys":false,"footnotes":""},"categories":[42],"tags":[],"class_list":["post-27623","post","type-post","status-publish","format-standard","has-post-thumbnail","hentry","category-noticias"],"acf":[],"aioseo_notices":[],"yoast_head":"<!-- This site is optimized with the Yoast SEO Premium plugin v24.9 (Yoast SEO v27.2) - https:\/\/yoast.com\/product\/yoast-seo-premium-wordpress\/ -->\n<title>Dipor y Alimentos Polar, una alianza que llegar\u00e1 a todo el Ecuador - Ecuador | Noti-America.com<\/title>\n<meta name=\"robots\" content=\"index, follow, max-snippet:-1, max-image-preview:large, max-video-preview:-1\" \/>\n<link rel=\"canonical\" href=\"https:\/\/noti-america.com\/site\/ecuador\/2023\/11\/21\/dipor-y-alimentos-polar-una-alianza-que-llegara-a-todo-el-ecuador\/\" \/>\n<meta property=\"og:locale\" content=\"es_ES\" \/>\n<meta property=\"og:type\" content=\"article\" \/>\n<meta property=\"og:title\" content=\"Dipor y Alimentos Polar, una alianza que llegar\u00e1 a todo el Ecuador\" \/>\n<meta property=\"og:description\" content=\"REDACCI\u00d3N NOTI-AM\u00c9RICA (ECUADOR). La harina de ma\u00edz es un componente que se utiliza para la preparaci\u00f3n de distintas recetas y es necesaria en la mesa de los ecuatorianos. Debido a esto, y con el&#046;&#046;&#046;\" \/>\n<meta property=\"og:url\" content=\"https:\/\/noti-america.com\/site\/ecuador\/2023\/11\/21\/dipor-y-alimentos-polar-una-alianza-que-llegara-a-todo-el-ecuador\/\" \/>\n<meta property=\"og:site_name\" content=\"Ecuador | Noti-America.com\" \/>\n<meta property=\"article:published_time\" content=\"2023-11-21T01:22:37+00:00\" \/>\n<meta property=\"article:modified_time\" content=\"2023-11-21T01:24:40+00:00\" \/>\n<meta property=\"og:image\" content=\"https:\/\/noti-america.com\/site\/ecuador\/wp-content\/uploads\/sites\/18\/2023\/11\/6d592d34-3e0b-4ac6-953b-97132ed6f1cc.jpg\" \/>\n\t<meta property=\"og:image:width\" content=\"1024\" \/>\n\t<meta property=\"og:image:height\" content=\"598\" \/>\n\t<meta property=\"og:image:type\" content=\"image\/jpeg\" \/>\n<meta name=\"author\" content=\"Henry Garrido\" \/>\n<meta name=\"twitter:card\" content=\"summary_large_image\" \/>\n<meta name=\"twitter:creator\" content=\"@notiamerica\" \/>\n<meta name=\"twitter:site\" content=\"@notiamerica\" \/>\n<meta name=\"twitter:label1\" content=\"Escrito por\" \/>\n\t<meta name=\"twitter:data1\" content=\"Henry Garrido\" \/>\n\t<meta name=\"twitter:label2\" content=\"Tiempo estimado de lectura\" \/>\n\t<meta name=\"twitter:data2\" content=\"2 minutos\" \/>\n<script type=\"application\/ld+json\" class=\"yoast-schema-graph\">{\"@context\":\"https:\/\/schema.org\",\"@graph\":[{\"@type\":\"Article\",\"@id\":\"https:\/\/noti-america.com\/site\/ecuador\/2023\/11\/21\/dipor-y-alimentos-polar-una-alianza-que-llegara-a-todo-el-ecuador\/#article\",\"isPartOf\":{\"@id\":\"https:\/\/noti-america.com\/site\/ecuador\/2023\/11\/21\/dipor-y-alimentos-polar-una-alianza-que-llegara-a-todo-el-ecuador\/\"},\"author\":{\"name\":\"Henry Garrido\",\"@id\":\"https:\/\/noti-america.com\/site\/ecuador\/#\/schema\/person\/00042412cfa9ecf98077f847ffadda4a\"},\"headline\":\"Dipor y Alimentos Polar, una alianza que llegar\u00e1 a todo el Ecuador\",\"datePublished\":\"2023-11-21T01:22:37+00:00\",\"dateModified\":\"2023-11-21T01:24:40+00:00\",\"mainEntityOfPage\":{\"@id\":\"https:\/\/noti-america.com\/site\/ecuador\/2023\/11\/21\/dipor-y-alimentos-polar-una-alianza-que-llegara-a-todo-el-ecuador\/\"},\"wordCount\":423,\"commentCount\":0,\"publisher\":{\"@id\":\"https:\/\/noti-america.com\/site\/ecuador\/#organization\"},\"image\":{\"@id\":\"https:\/\/noti-america.com\/site\/ecuador\/2023\/11\/21\/dipor-y-alimentos-polar-una-alianza-que-llegara-a-todo-el-ecuador\/#primaryimage\"},\"thumbnailUrl\":\"https:\/\/noti-america.com\/site\/ecuador\/wp-content\/uploads\/sites\/18\/2023\/11\/6d592d34-3e0b-4ac6-953b-97132ed6f1cc.jpg\",\"articleSection\":[\"Noticias\"],\"inLanguage\":\"es\",\"potentialAction\":[{\"@type\":\"CommentAction\",\"name\":\"Comment\",\"target\":[\"https:\/\/noti-america.com\/site\/ecuador\/2023\/11\/21\/dipor-y-alimentos-polar-una-alianza-que-llegara-a-todo-el-ecuador\/#respond\"]}]},{\"@type\":\"WebPage\",\"@id\":\"https:\/\/noti-america.com\/site\/ecuador\/2023\/11\/21\/dipor-y-alimentos-polar-una-alianza-que-llegara-a-todo-el-ecuador\/\",\"url\":\"https:\/\/noti-america.com\/site\/ecuador\/2023\/11\/21\/dipor-y-alimentos-polar-una-alianza-que-llegara-a-todo-el-ecuador\/\",\"name\":\"Dipor y Alimentos Polar, una alianza que llegar\u00e1 a todo el Ecuador - Ecuador | Noti-America.com\",\"isPartOf\":{\"@id\":\"https:\/\/noti-america.com\/site\/ecuador\/#website\"},\"primaryImageOfPage\":{\"@id\":\"https:\/\/noti-america.com\/site\/ecuador\/2023\/11\/21\/dipor-y-alimentos-polar-una-alianza-que-llegara-a-todo-el-ecuador\/#primaryimage\"},\"image\":{\"@id\":\"https:\/\/noti-america.com\/site\/ecuador\/2023\/11\/21\/dipor-y-alimentos-polar-una-alianza-que-llegara-a-todo-el-ecuador\/#primaryimage\"},\"thumbnailUrl\":\"https:\/\/noti-america.com\/site\/ecuador\/wp-content\/uploads\/sites\/18\/2023\/11\/6d592d34-3e0b-4ac6-953b-97132ed6f1cc.jpg\",\"datePublished\":\"2023-11-21T01:22:37+00:00\",\"dateModified\":\"2023-11-21T01:24:40+00:00\",\"breadcrumb\":{\"@id\":\"https:\/\/noti-america.com\/site\/ecuador\/2023\/11\/21\/dipor-y-alimentos-polar-una-alianza-que-llegara-a-todo-el-ecuador\/#breadcrumb\"},\"inLanguage\":\"es\",\"potentialAction\":[{\"@type\":\"ReadAction\",\"target\":[\"https:\/\/noti-america.com\/site\/ecuador\/2023\/11\/21\/dipor-y-alimentos-polar-una-alianza-que-llegara-a-todo-el-ecuador\/\"]}]},{\"@type\":\"ImageObject\",\"inLanguage\":\"es\",\"@id\":\"https:\/\/noti-america.com\/site\/ecuador\/2023\/11\/21\/dipor-y-alimentos-polar-una-alianza-que-llegara-a-todo-el-ecuador\/#primaryimage\",\"url\":\"https:\/\/noti-america.com\/site\/ecuador\/wp-content\/uploads\/sites\/18\/2023\/11\/6d592d34-3e0b-4ac6-953b-97132ed6f1cc.jpg\",\"contentUrl\":\"https:\/\/noti-america.com\/site\/ecuador\/wp-content\/uploads\/sites\/18\/2023\/11\/6d592d34-3e0b-4ac6-953b-97132ed6f1cc.jpg\",\"width\":1024,\"height\":598},{\"@type\":\"BreadcrumbList\",\"@id\":\"https:\/\/noti-america.com\/site\/ecuador\/2023\/11\/21\/dipor-y-alimentos-polar-una-alianza-que-llegara-a-todo-el-ecuador\/#breadcrumb\",\"itemListElement\":[{\"@type\":\"ListItem\",\"position\":1,\"name\":\"Portada\",\"item\":\"https:\/\/noti-america.com\/site\/ecuador\/\"},{\"@type\":\"ListItem\",\"position\":2,\"name\":\"Dipor y Alimentos Polar, una alianza que llegar\u00e1 a todo el Ecuador\"}]},{\"@type\":\"WebSite\",\"@id\":\"https:\/\/noti-america.com\/site\/ecuador\/#website\",\"url\":\"https:\/\/noti-america.com\/site\/ecuador\/\",\"name\":\"Ecuador | Noti-America.com\",\"description\":\"\",\"publisher\":{\"@id\":\"https:\/\/noti-america.com\/site\/ecuador\/#organization\"},\"potentialAction\":[{\"@type\":\"SearchAction\",\"target\":{\"@type\":\"EntryPoint\",\"urlTemplate\":\"https:\/\/noti-america.com\/site\/ecuador\/?s={search_term_string}\"},\"query-input\":{\"@type\":\"PropertyValueSpecification\",\"valueRequired\":true,\"valueName\":\"search_term_string\"}}],\"inLanguage\":\"es\"},{\"@type\":\"Organization\",\"@id\":\"https:\/\/noti-america.com\/site\/ecuador\/#organization\",\"name\":\"Noti-America LLC | Ecuador\",\"url\":\"https:\/\/noti-america.com\/site\/ecuador\/\",\"logo\":{\"@type\":\"ImageObject\",\"inLanguage\":\"es\",\"@id\":\"https:\/\/noti-america.com\/site\/ecuador\/#\/schema\/logo\/image\/\",\"url\":\"https:\/\/noti-america.com\/site\/ecuador\/wp-content\/uploads\/sites\/18\/2020\/07\/LogoNA-4x3-1.jpg\",\"contentUrl\":\"https:\/\/noti-america.com\/site\/ecuador\/wp-content\/uploads\/sites\/18\/2020\/07\/LogoNA-4x3-1.jpg\",\"width\":1236,\"height\":1080,\"caption\":\"Noti-America LLC | Ecuador\"},\"image\":{\"@id\":\"https:\/\/noti-america.com\/site\/ecuador\/#\/schema\/logo\/image\/\"},\"sameAs\":[\"https:\/\/x.com\/notiamerica\"]},{\"@type\":\"Person\",\"@id\":\"https:\/\/noti-america.com\/site\/ecuador\/#\/schema\/person\/00042412cfa9ecf98077f847ffadda4a\",\"name\":\"Henry Garrido\",\"image\":{\"@type\":\"ImageObject\",\"inLanguage\":\"es\",\"@id\":\"https:\/\/secure.gravatar.com\/avatar\/749ae5a1e6f22cf042f04b9f3f0a22732ae36970ccfd5c54a0a2ac3c4e1166ed?s=96&d=mm&r=g\",\"url\":\"https:\/\/secure.gravatar.com\/avatar\/749ae5a1e6f22cf042f04b9f3f0a22732ae36970ccfd5c54a0a2ac3c4e1166ed?s=96&d=mm&r=g\",\"contentUrl\":\"https:\/\/secure.gravatar.com\/avatar\/749ae5a1e6f22cf042f04b9f3f0a22732ae36970ccfd5c54a0a2ac3c4e1166ed?s=96&d=mm&r=g\",\"caption\":\"Henry Garrido\"},\"url\":\"https:\/\/noti-america.com\/site\/ecuador\/author\/hgarrido\/\"}]}<\/script>\n<!-- \/ Yoast SEO Premium plugin. -->","yoast_head_json":{"title":"Dipor y Alimentos Polar, una alianza que llegar\u00e1 a todo el Ecuador - Ecuador | Noti-America.com","robots":{"index":"index","follow":"follow","max-snippet":"max-snippet:-1","max-image-preview":"max-image-preview:large","max-video-preview":"max-video-preview:-1"},"canonical":"https:\/\/noti-america.com\/site\/ecuador\/2023\/11\/21\/dipor-y-alimentos-polar-una-alianza-que-llegara-a-todo-el-ecuador\/","og_locale":"es_ES","og_type":"article","og_title":"Dipor y Alimentos Polar, una alianza que llegar\u00e1 a todo el Ecuador","og_description":"REDACCI\u00d3N NOTI-AM\u00c9RICA (ECUADOR). La harina de ma\u00edz es un componente que se utiliza para la preparaci\u00f3n de distintas recetas y es necesaria en la mesa de los ecuatorianos. Debido a esto, y con el&#46;&#46;&#46;","og_url":"https:\/\/noti-america.com\/site\/ecuador\/2023\/11\/21\/dipor-y-alimentos-polar-una-alianza-que-llegara-a-todo-el-ecuador\/","og_site_name":"Ecuador | Noti-America.com","article_published_time":"2023-11-21T01:22:37+00:00","article_modified_time":"2023-11-21T01:24:40+00:00","og_image":[{"width":1024,"height":598,"url":"https:\/\/noti-america.com\/site\/ecuador\/wp-content\/uploads\/sites\/18\/2023\/11\/6d592d34-3e0b-4ac6-953b-97132ed6f1cc.jpg","type":"image\/jpeg"}],"author":"Henry Garrido","twitter_card":"summary_large_image","twitter_creator":"@notiamerica","twitter_site":"@notiamerica","twitter_misc":{"Escrito por":"Henry Garrido","Tiempo estimado de lectura":"2 minutos"},"schema":{"@context":"https:\/\/schema.org","@graph":[{"@type":"Article","@id":"https:\/\/noti-america.com\/site\/ecuador\/2023\/11\/21\/dipor-y-alimentos-polar-una-alianza-que-llegara-a-todo-el-ecuador\/#article","isPartOf":{"@id":"https:\/\/noti-america.com\/site\/ecuador\/2023\/11\/21\/dipor-y-alimentos-polar-una-alianza-que-llegara-a-todo-el-ecuador\/"},"author":{"name":"Henry Garrido","@id":"https:\/\/noti-america.com\/site\/ecuador\/#\/schema\/person\/00042412cfa9ecf98077f847ffadda4a"},"headline":"Dipor y Alimentos Polar, una alianza que llegar\u00e1 a todo el Ecuador","datePublished":"2023-11-21T01:22:37+00:00","dateModified":"2023-11-21T01:24:40+00:00","mainEntityOfPage":{"@id":"https:\/\/noti-america.com\/site\/ecuador\/2023\/11\/21\/dipor-y-alimentos-polar-una-alianza-que-llegara-a-todo-el-ecuador\/"},"wordCount":423,"commentCount":0,"publisher":{"@id":"https:\/\/noti-america.com\/site\/ecuador\/#organization"},"image":{"@id":"https:\/\/noti-america.com\/site\/ecuador\/2023\/11\/21\/dipor-y-alimentos-polar-una-alianza-que-llegara-a-todo-el-ecuador\/#primaryimage"},"thumbnailUrl":"https:\/\/noti-america.com\/site\/ecuador\/wp-content\/uploads\/sites\/18\/2023\/11\/6d592d34-3e0b-4ac6-953b-97132ed6f1cc.jpg","articleSection":["Noticias"],"inLanguage":"es","potentialAction":[{"@type":"CommentAction","name":"Comment","target":["https:\/\/noti-america.com\/site\/ecuador\/2023\/11\/21\/dipor-y-alimentos-polar-una-alianza-que-llegara-a-todo-el-ecuador\/#respond"]}]},{"@type":"WebPage","@id":"https:\/\/noti-america.com\/site\/ecuador\/2023\/11\/21\/dipor-y-alimentos-polar-una-alianza-que-llegara-a-todo-el-ecuador\/","url":"https:\/\/noti-america.com\/site\/ecuador\/2023\/11\/21\/dipor-y-alimentos-polar-una-alianza-que-llegara-a-todo-el-ecuador\/","name":"Dipor y Alimentos Polar, una alianza que llegar\u00e1 a todo el Ecuador - Ecuador | Noti-America.com","isPartOf":{"@id":"https:\/\/noti-america.com\/site\/ecuador\/#website"},"primaryImageOfPage":{"@id":"https:\/\/noti-america.com\/site\/ecuador\/2023\/11\/21\/dipor-y-alimentos-polar-una-alianza-que-llegara-a-todo-el-ecuador\/#primaryimage"},"image":{"@id":"https:\/\/noti-america.com\/site\/ecuador\/2023\/11\/21\/dipor-y-alimentos-polar-una-alianza-que-llegara-a-todo-el-ecuador\/#primaryimage"},"thumbnailUrl":"https:\/\/noti-america.com\/site\/ecuador\/wp-content\/uploads\/sites\/18\/2023\/11\/6d592d34-3e0b-4ac6-953b-97132ed6f1cc.jpg","datePublished":"2023-11-21T01:22:37+00:00","dateModified":"2023-11-21T01:24:40+00:00","breadcrumb":{"@id":"https:\/\/noti-america.com\/site\/ecuador\/2023\/11\/21\/dipor-y-alimentos-polar-una-alianza-que-llegara-a-todo-el-ecuador\/#breadcrumb"},"inLanguage":"es","potentialAction":[{"@type":"ReadAction","target":["https:\/\/noti-america.com\/site\/ecuador\/2023\/11\/21\/dipor-y-alimentos-polar-una-alianza-que-llegara-a-todo-el-ecuador\/"]}]},{"@type":"ImageObject","inLanguage":"es","@id":"https:\/\/noti-america.com\/site\/ecuador\/2023\/11\/21\/dipor-y-alimentos-polar-una-alianza-que-llegara-a-todo-el-ecuador\/#primaryimage","url":"https:\/\/noti-america.com\/site\/ecuador\/wp-content\/uploads\/sites\/18\/2023\/11\/6d592d34-3e0b-4ac6-953b-97132ed6f1cc.jpg","contentUrl":"https:\/\/noti-america.com\/site\/ecuador\/wp-content\/uploads\/sites\/18\/2023\/11\/6d592d34-3e0b-4ac6-953b-97132ed6f1cc.jpg","width":1024,"height":598},{"@type":"BreadcrumbList","@id":"https:\/\/noti-america.com\/site\/ecuador\/2023\/11\/21\/dipor-y-alimentos-polar-una-alianza-que-llegara-a-todo-el-ecuador\/#breadcrumb","itemListElement":[{"@type":"ListItem","position":1,"name":"Portada","item":"https:\/\/noti-america.com\/site\/ecuador\/"},{"@type":"ListItem","position":2,"name":"Dipor y Alimentos Polar, una alianza que llegar\u00e1 a todo el Ecuador"}]},{"@type":"WebSite","@id":"https:\/\/noti-america.com\/site\/ecuador\/#website","url":"https:\/\/noti-america.com\/site\/ecuador\/","name":"Ecuador | Noti-America.com","description":"","publisher":{"@id":"https:\/\/noti-america.com\/site\/ecuador\/#organization"},"potentialAction":[{"@type":"SearchAction","target":{"@type":"EntryPoint","urlTemplate":"https:\/\/noti-america.com\/site\/ecuador\/?s={search_term_string}"},"query-input":{"@type":"PropertyValueSpecification","valueRequired":true,"valueName":"search_term_string"}}],"inLanguage":"es"},{"@type":"Organization","@id":"https:\/\/noti-america.com\/site\/ecuador\/#organization","name":"Noti-America LLC | Ecuador","url":"https:\/\/noti-america.com\/site\/ecuador\/","logo":{"@type":"ImageObject","inLanguage":"es","@id":"https:\/\/noti-america.com\/site\/ecuador\/#\/schema\/logo\/image\/","url":"https:\/\/noti-america.com\/site\/ecuador\/wp-content\/uploads\/sites\/18\/2020\/07\/LogoNA-4x3-1.jpg","contentUrl":"https:\/\/noti-america.com\/site\/ecuador\/wp-content\/uploads\/sites\/18\/2020\/07\/LogoNA-4x3-1.jpg","width":1236,"height":1080,"caption":"Noti-America LLC | Ecuador"},"image":{"@id":"https:\/\/noti-america.com\/site\/ecuador\/#\/schema\/logo\/image\/"},"sameAs":["https:\/\/x.com\/notiamerica"]},{"@type":"Person","@id":"https:\/\/noti-america.com\/site\/ecuador\/#\/schema\/person\/00042412cfa9ecf98077f847ffadda4a","name":"Henry Garrido","image":{"@type":"ImageObject","inLanguage":"es","@id":"https:\/\/secure.gravatar.com\/avatar\/749ae5a1e6f22cf042f04b9f3f0a22732ae36970ccfd5c54a0a2ac3c4e1166ed?s=96&d=mm&r=g","url":"https:\/\/secure.gravatar.com\/avatar\/749ae5a1e6f22cf042f04b9f3f0a22732ae36970ccfd5c54a0a2ac3c4e1166ed?s=96&d=mm&r=g","contentUrl":"https:\/\/secure.gravatar.com\/avatar\/749ae5a1e6f22cf042f04b9f3f0a22732ae36970ccfd5c54a0a2ac3c4e1166ed?s=96&d=mm&r=g","caption":"Henry Garrido"},"url":"https:\/\/noti-america.com\/site\/ecuador\/author\/hgarrido\/"}]}},"_links":{"self":[{"href":"https:\/\/noti-america.com\/site\/ecuador\/wp-json\/wp\/v2\/posts\/27623","targetHints":{"allow":["GET"]}}],"collection":[{"href":"https:\/\/noti-america.com\/site\/ecuador\/wp-json\/wp\/v2\/posts"}],"about":[{"href":"https:\/\/noti-america.com\/site\/ecuador\/wp-json\/wp\/v2\/types\/post"}],"author":[{"embeddable":true,"href":"https:\/\/noti-america.com\/site\/ecuador\/wp-json\/wp\/v2\/users\/144"}],"replies":[{"embeddable":true,"href":"https:\/\/noti-america.com\/site\/ecuador\/wp-json\/wp\/v2\/comments?post=27623"}],"version-history":[{"count":2,"href":"https:\/\/noti-america.com\/site\/ecuador\/wp-json\/wp\/v2\/posts\/27623\/revisions"}],"predecessor-version":[{"id":27627,"href":"https:\/\/noti-america.com\/site\/ecuador\/wp-json\/wp\/v2\/posts\/27623\/revisions\/27627"}],"wp:featuredmedia":[{"embeddable":true,"href":"https:\/\/noti-america.com\/site\/ecuador\/wp-json\/wp\/v2\/media\/27626"}],"wp:attachment":[{"href":"https:\/\/noti-america.com\/site\/ecuador\/wp-json\/wp\/v2\/media?parent=27623"}],"wp:term":[{"taxonomy":"category","embeddable":true,"href":"https:\/\/noti-america.com\/site\/ecuador\/wp-json\/wp\/v2\/categories?post=27623"},{"taxonomy":"post_tag","embeddable":true,"href":"https:\/\/noti-america.com\/site\/ecuador\/wp-json\/wp\/v2\/tags?post=27623"}],"curies":[{"name":"wp","href":"https:\/\/api.w.org\/{rel}","templated":true}]}}