{"id":27508,"date":"2023-11-15T15:12:09","date_gmt":"2023-11-15T15:12:09","guid":{"rendered":"https:\/\/noti-america.com\/site\/ecuador\/?p=27508"},"modified":"2023-11-15T15:12:09","modified_gmt":"2023-11-15T15:12:09","slug":"cristofer-meneses-joven-promesa-musical","status":"publish","type":"post","link":"https:\/\/noti-america.com\/site\/ecuador\/2023\/11\/15\/cristofer-meneses-joven-promesa-musical\/","title":{"rendered":"Cristofer Meneses, joven promesa musical"},"content":{"rendered":"<p><strong>REDACCI\u00d3N NOTI AM\u00c9RICA (ECUADOR)<\/strong><\/p>\n<div id=\"attachment_27509\" style=\"width: 461px\" class=\"wp-caption alignleft\"><img loading=\"lazy\" decoding=\"async\" aria-describedby=\"caption-attachment-27509\" class=\"wp-image-27509 \" src=\"https:\/\/noti-america.com\/site\/ecuador\/wp-content\/uploads\/sites\/18\/2023\/11\/WhatsApp-Image-2023-11-15-at-07.43.25-300x225.jpeg\" alt=\"\" width=\"451\" height=\"338\" srcset=\"https:\/\/noti-america.com\/site\/ecuador\/wp-content\/uploads\/sites\/18\/2023\/11\/WhatsApp-Image-2023-11-15-at-07.43.25-300x225.jpeg 300w, https:\/\/noti-america.com\/site\/ecuador\/wp-content\/uploads\/sites\/18\/2023\/11\/WhatsApp-Image-2023-11-15-at-07.43.25-1024x768.jpeg 1024w, https:\/\/noti-america.com\/site\/ecuador\/wp-content\/uploads\/sites\/18\/2023\/11\/WhatsApp-Image-2023-11-15-at-07.43.25-768x576.jpeg 768w, https:\/\/noti-america.com\/site\/ecuador\/wp-content\/uploads\/sites\/18\/2023\/11\/WhatsApp-Image-2023-11-15-at-07.43.25.jpeg 1280w\" sizes=\"auto, (max-width: 451px) 100vw, 451px\" \/><p id=\"caption-attachment-27509\" class=\"wp-caption-text\">El estudiante ganador del concurso de pasillos \u201cCarlos Rubira Infante\u201d se prepara para una carrera musical.<\/p><\/div>\n<p style=\"text-align: justify\">Su voz melodiosa transmite alegr\u00eda, nostalgias, recuerdos y logra sensibilizar al p\u00fablico. Cristopher Meneses, de 17 a\u00f1os, estudiante de 3 ero de Bachillerato de la Unidad Educativa Juan Javier Espinosa, es un ejemplo de c\u00f3mo cultiva actualmente su carrera musical.<\/p>\n<p style=\"text-align: justify\">La m\u00fasica es un catalizador de emociones y una forma de expresar el mundo y el entorno. Para este joven cantante, la m\u00fasica es su motivaci\u00f3n para demostrar el talento y la capacidad de su comunidad.<\/p>\n<p style=\"text-align: justify\">El estudiante vive en el sector de Monte Sina\u00ed y a pesar de su juventud, quiere seguir el ejemplo de su padre Cristian Meneses, quien es cantante profesional.\u00a0 \u201c Me siento orgulloso de que se dedique a esta profesi\u00f3n, es un excelente estudiante, Ahora tenemos m\u00e1s tiempo para estar juntos cuando ensayamos y nos preparamos para las presentaciones\u201d, se\u00f1al\u00f3.<\/p>\n<p style=\"text-align: justify\">Seg\u00fan coment\u00f3 el joven talento, quiere adem\u00e1s escribir sus propias canciones: \u201cA los 13 a\u00f1os empec\u00e9 a practicar junto a mi padre tonos y melod\u00edas, poco a poco comenc\u00e9 a pulir mi voz y me interes\u00e9 por esta carrera. Mi sue\u00f1o es componer las letras y dedicarme a la m\u00fasica de manera profesional\u201d, indic\u00f3.<\/p>\n<p style=\"text-align: justify\">En julio de este a\u00f1o, el joven result\u00f3 el ganador del Concurso de Pasillos\u00a0 \u201cCarlos Rubira Infante\u201d, organizado por la Gobernaci\u00f3n del Guayas, en el cual participaron 8 colegios finalistas.<\/p>\n<p style=\"text-align: justify\">Con solo un micr\u00f3fono y un parlante, Meneses logra emocionar con su talento y ganas de representar a su plantel educativo. \u201cPara el concurso me prepar\u00e9 con muchos ensayos con mi padre y tambi\u00e9n con mi tutor del colegio Denis Sea, practicamos entonaciones y t\u00e9cnicas vocales\u201d, coment\u00f3.<\/p>\n<p style=\"text-align: justify\">Su talento y aptitudes para el arte sonoro no le impiden ser un buen estudiante y destacar en acad\u00e9mico, as\u00ed lo relat\u00f3 Flora Rom\u00e1n, rectora de la Unidad Educativa Juan Javier Espinoza donde se educan 2300 estudiantes en jornadas matutinas y vespertina. \u201cChristofer es un alumno con mucho \u00edmpetu y nos ha demostrado que no importa el lugar de donde vengas, si tienes las ganas de superaci\u00f3n puedes lograr tus metas. De este aqu\u00ed sali\u00f3 un estudiante con talento para cantar\u201d, puntualiz\u00f3 la autoridad.<\/p>\n<p style=\"text-align: justify\">Al preguntarle sobre lo que siente al interpretar un tema el joven responde con sutileza: \u201cQuiero expresar mis emociones a trav\u00e9s del cant\u00f3\u201d.<\/p>\n<p style=\"text-align: justify\">El Ministerio de Educaci\u00f3n destaca las habilidades y destrezas de los estudiantes promoviendo la excelencia en todos los \u00e1mbitos.<\/p>\n<p style=\"text-align: justify\">\n<p style=\"text-align: justify\">\n<p style=\"text-align: justify\">\n<p style=\"text-align: justify\">\n<p style=\"text-align: justify\">\n<p style=\"text-align: justify\">\n<p style=\"text-align: justify\">\n<p style=\"text-align: justify\">\n<p style=\"text-align: justify\">\n<p style=\"text-align: justify\">\n<p style=\"text-align: justify\">\n<p style=\"text-align: justify\">\n<p style=\"text-align: justify\">\n<p style=\"text-align: justify\">\n<p style=\"text-align: justify\">\n<p style=\"text-align: justify\">\n<p style=\"text-align: justify\">\n<p>&nbsp;<\/p>\n","protected":false},"excerpt":{"rendered":"<p>REDACCI\u00d3N NOTI AM\u00c9RICA (ECUADOR) Su voz melodiosa transmite alegr\u00eda, nostalgias, recuerdos y logra sensibilizar al p\u00fablico. Cristopher Meneses, de 17 a\u00f1os, estudiante de 3 ero de Bachillerato de la Unidad Educativa Juan Javier Espinosa,&#46;&#46;&#46;<\/p>\n","protected":false},"author":113,"featured_media":27509,"comment_status":"open","ping_status":"open","sticky":false,"template":"","format":"standard","meta":{"_acf_changed":false,"om_disable_all_campaigns":false,"rop_custom_images_group":[],"rop_custom_messages_group":[],"rop_publish_now":"initial","rop_publish_now_accounts":{"twitter_242054905_242054905":""},"rop_publish_now_history":[],"rop_publish_now_status":"pending","_uf_show_specific_survey":0,"_uf_disable_surveys":false,"footnotes":""},"categories":[103],"tags":[],"class_list":["post-27508","post","type-post","status-publish","format-standard","has-post-thumbnail","hentry","category-educacion"],"acf":[],"aioseo_notices":[],"yoast_head":"<!-- This site is optimized with the Yoast SEO Premium plugin v24.9 (Yoast SEO v27.2) - https:\/\/yoast.com\/product\/yoast-seo-premium-wordpress\/ -->\n<title>Cristofer Meneses, joven promesa musical - Ecuador | Noti-America.com<\/title>\n<meta name=\"robots\" content=\"index, follow, max-snippet:-1, max-image-preview:large, max-video-preview:-1\" \/>\n<link rel=\"canonical\" href=\"https:\/\/noti-america.com\/site\/ecuador\/2023\/11\/15\/cristofer-meneses-joven-promesa-musical\/\" \/>\n<meta property=\"og:locale\" content=\"es_ES\" \/>\n<meta property=\"og:type\" content=\"article\" \/>\n<meta property=\"og:title\" content=\"Cristofer Meneses, joven promesa musical\" \/>\n<meta property=\"og:description\" content=\"REDACCI\u00d3N NOTI AM\u00c9RICA (ECUADOR) Su voz melodiosa transmite alegr\u00eda, nostalgias, recuerdos y logra sensibilizar al p\u00fablico. Cristopher Meneses, de 17 a\u00f1os, estudiante de 3 ero de Bachillerato de la Unidad Educativa Juan Javier Espinosa,&#046;&#046;&#046;\" \/>\n<meta property=\"og:url\" content=\"https:\/\/noti-america.com\/site\/ecuador\/2023\/11\/15\/cristofer-meneses-joven-promesa-musical\/\" \/>\n<meta property=\"og:site_name\" content=\"Ecuador | Noti-America.com\" \/>\n<meta property=\"article:published_time\" content=\"2023-11-15T15:12:09+00:00\" \/>\n<meta property=\"og:image\" content=\"https:\/\/noti-america.com\/site\/ecuador\/wp-content\/uploads\/sites\/18\/2023\/11\/WhatsApp-Image-2023-11-15-at-07.43.25.jpeg\" \/>\n\t<meta property=\"og:image:width\" content=\"1280\" \/>\n\t<meta property=\"og:image:height\" content=\"960\" \/>\n\t<meta property=\"og:image:type\" content=\"image\/jpeg\" \/>\n<meta name=\"author\" content=\"Henry Ortiz\" \/>\n<meta name=\"twitter:card\" content=\"summary_large_image\" \/>\n<meta name=\"twitter:creator\" content=\"@notiamerica\" \/>\n<meta name=\"twitter:site\" content=\"@notiamerica\" \/>\n<meta name=\"twitter:label1\" content=\"Escrito por\" \/>\n\t<meta name=\"twitter:data1\" content=\"Henry Ortiz\" \/>\n\t<meta name=\"twitter:label2\" content=\"Tiempo estimado de lectura\" \/>\n\t<meta name=\"twitter:data2\" content=\"3 minutos\" \/>\n<script type=\"application\/ld+json\" class=\"yoast-schema-graph\">{\"@context\":\"https:\/\/schema.org\",\"@graph\":[{\"@type\":\"Article\",\"@id\":\"https:\/\/noti-america.com\/site\/ecuador\/2023\/11\/15\/cristofer-meneses-joven-promesa-musical\/#article\",\"isPartOf\":{\"@id\":\"https:\/\/noti-america.com\/site\/ecuador\/2023\/11\/15\/cristofer-meneses-joven-promesa-musical\/\"},\"author\":{\"name\":\"Henry Ortiz\",\"@id\":\"https:\/\/noti-america.com\/site\/ecuador\/#\/schema\/person\/b9d1630cc6598af759d45c790a347283\"},\"headline\":\"Cristofer Meneses, joven promesa musical\",\"datePublished\":\"2023-11-15T15:12:09+00:00\",\"mainEntityOfPage\":{\"@id\":\"https:\/\/noti-america.com\/site\/ecuador\/2023\/11\/15\/cristofer-meneses-joven-promesa-musical\/\"},\"wordCount\":447,\"commentCount\":0,\"publisher\":{\"@id\":\"https:\/\/noti-america.com\/site\/ecuador\/#organization\"},\"image\":{\"@id\":\"https:\/\/noti-america.com\/site\/ecuador\/2023\/11\/15\/cristofer-meneses-joven-promesa-musical\/#primaryimage\"},\"thumbnailUrl\":\"https:\/\/noti-america.com\/site\/ecuador\/wp-content\/uploads\/sites\/18\/2023\/11\/WhatsApp-Image-2023-11-15-at-07.43.25.jpeg\",\"articleSection\":[\"Educaci\u00f3n\"],\"inLanguage\":\"es\",\"potentialAction\":[{\"@type\":\"CommentAction\",\"name\":\"Comment\",\"target\":[\"https:\/\/noti-america.com\/site\/ecuador\/2023\/11\/15\/cristofer-meneses-joven-promesa-musical\/#respond\"]}]},{\"@type\":\"WebPage\",\"@id\":\"https:\/\/noti-america.com\/site\/ecuador\/2023\/11\/15\/cristofer-meneses-joven-promesa-musical\/\",\"url\":\"https:\/\/noti-america.com\/site\/ecuador\/2023\/11\/15\/cristofer-meneses-joven-promesa-musical\/\",\"name\":\"Cristofer Meneses, joven promesa musical - Ecuador | Noti-America.com\",\"isPartOf\":{\"@id\":\"https:\/\/noti-america.com\/site\/ecuador\/#website\"},\"primaryImageOfPage\":{\"@id\":\"https:\/\/noti-america.com\/site\/ecuador\/2023\/11\/15\/cristofer-meneses-joven-promesa-musical\/#primaryimage\"},\"image\":{\"@id\":\"https:\/\/noti-america.com\/site\/ecuador\/2023\/11\/15\/cristofer-meneses-joven-promesa-musical\/#primaryimage\"},\"thumbnailUrl\":\"https:\/\/noti-america.com\/site\/ecuador\/wp-content\/uploads\/sites\/18\/2023\/11\/WhatsApp-Image-2023-11-15-at-07.43.25.jpeg\",\"datePublished\":\"2023-11-15T15:12:09+00:00\",\"breadcrumb\":{\"@id\":\"https:\/\/noti-america.com\/site\/ecuador\/2023\/11\/15\/cristofer-meneses-joven-promesa-musical\/#breadcrumb\"},\"inLanguage\":\"es\",\"potentialAction\":[{\"@type\":\"ReadAction\",\"target\":[\"https:\/\/noti-america.com\/site\/ecuador\/2023\/11\/15\/cristofer-meneses-joven-promesa-musical\/\"]}]},{\"@type\":\"ImageObject\",\"inLanguage\":\"es\",\"@id\":\"https:\/\/noti-america.com\/site\/ecuador\/2023\/11\/15\/cristofer-meneses-joven-promesa-musical\/#primaryimage\",\"url\":\"https:\/\/noti-america.com\/site\/ecuador\/wp-content\/uploads\/sites\/18\/2023\/11\/WhatsApp-Image-2023-11-15-at-07.43.25.jpeg\",\"contentUrl\":\"https:\/\/noti-america.com\/site\/ecuador\/wp-content\/uploads\/sites\/18\/2023\/11\/WhatsApp-Image-2023-11-15-at-07.43.25.jpeg\",\"width\":1280,\"height\":960},{\"@type\":\"BreadcrumbList\",\"@id\":\"https:\/\/noti-america.com\/site\/ecuador\/2023\/11\/15\/cristofer-meneses-joven-promesa-musical\/#breadcrumb\",\"itemListElement\":[{\"@type\":\"ListItem\",\"position\":1,\"name\":\"Portada\",\"item\":\"https:\/\/noti-america.com\/site\/ecuador\/\"},{\"@type\":\"ListItem\",\"position\":2,\"name\":\"Cristofer Meneses, joven promesa musical\"}]},{\"@type\":\"WebSite\",\"@id\":\"https:\/\/noti-america.com\/site\/ecuador\/#website\",\"url\":\"https:\/\/noti-america.com\/site\/ecuador\/\",\"name\":\"Ecuador | Noti-America.com\",\"description\":\"\",\"publisher\":{\"@id\":\"https:\/\/noti-america.com\/site\/ecuador\/#organization\"},\"potentialAction\":[{\"@type\":\"SearchAction\",\"target\":{\"@type\":\"EntryPoint\",\"urlTemplate\":\"https:\/\/noti-america.com\/site\/ecuador\/?s={search_term_string}\"},\"query-input\":{\"@type\":\"PropertyValueSpecification\",\"valueRequired\":true,\"valueName\":\"search_term_string\"}}],\"inLanguage\":\"es\"},{\"@type\":\"Organization\",\"@id\":\"https:\/\/noti-america.com\/site\/ecuador\/#organization\",\"name\":\"Noti-America LLC | Ecuador\",\"url\":\"https:\/\/noti-america.com\/site\/ecuador\/\",\"logo\":{\"@type\":\"ImageObject\",\"inLanguage\":\"es\",\"@id\":\"https:\/\/noti-america.com\/site\/ecuador\/#\/schema\/logo\/image\/\",\"url\":\"https:\/\/noti-america.com\/site\/ecuador\/wp-content\/uploads\/sites\/18\/2020\/07\/LogoNA-4x3-1.jpg\",\"contentUrl\":\"https:\/\/noti-america.com\/site\/ecuador\/wp-content\/uploads\/sites\/18\/2020\/07\/LogoNA-4x3-1.jpg\",\"width\":1236,\"height\":1080,\"caption\":\"Noti-America LLC | Ecuador\"},\"image\":{\"@id\":\"https:\/\/noti-america.com\/site\/ecuador\/#\/schema\/logo\/image\/\"},\"sameAs\":[\"https:\/\/x.com\/notiamerica\"]},{\"@type\":\"Person\",\"@id\":\"https:\/\/noti-america.com\/site\/ecuador\/#\/schema\/person\/b9d1630cc6598af759d45c790a347283\",\"name\":\"Henry Ortiz\",\"image\":{\"@type\":\"ImageObject\",\"inLanguage\":\"es\",\"@id\":\"https:\/\/secure.gravatar.com\/avatar\/0b5407b5b302fbb6a578e625dca512ac2983ee5fa9ea941d581b83c40212e4c8?s=96&d=mm&r=g\",\"url\":\"https:\/\/secure.gravatar.com\/avatar\/0b5407b5b302fbb6a578e625dca512ac2983ee5fa9ea941d581b83c40212e4c8?s=96&d=mm&r=g\",\"contentUrl\":\"https:\/\/secure.gravatar.com\/avatar\/0b5407b5b302fbb6a578e625dca512ac2983ee5fa9ea941d581b83c40212e4c8?s=96&d=mm&r=g\",\"caption\":\"Henry Ortiz\"},\"url\":\"https:\/\/noti-america.com\/site\/ecuador\/author\/hortiz\/\"}]}<\/script>\n<!-- \/ Yoast SEO Premium plugin. -->","yoast_head_json":{"title":"Cristofer Meneses, joven promesa musical - Ecuador | Noti-America.com","robots":{"index":"index","follow":"follow","max-snippet":"max-snippet:-1","max-image-preview":"max-image-preview:large","max-video-preview":"max-video-preview:-1"},"canonical":"https:\/\/noti-america.com\/site\/ecuador\/2023\/11\/15\/cristofer-meneses-joven-promesa-musical\/","og_locale":"es_ES","og_type":"article","og_title":"Cristofer Meneses, joven promesa musical","og_description":"REDACCI\u00d3N NOTI AM\u00c9RICA (ECUADOR) Su voz melodiosa transmite alegr\u00eda, nostalgias, recuerdos y logra sensibilizar al p\u00fablico. Cristopher Meneses, de 17 a\u00f1os, estudiante de 3 ero de Bachillerato de la Unidad Educativa Juan Javier Espinosa,&#46;&#46;&#46;","og_url":"https:\/\/noti-america.com\/site\/ecuador\/2023\/11\/15\/cristofer-meneses-joven-promesa-musical\/","og_site_name":"Ecuador | Noti-America.com","article_published_time":"2023-11-15T15:12:09+00:00","og_image":[{"width":1280,"height":960,"url":"https:\/\/noti-america.com\/site\/ecuador\/wp-content\/uploads\/sites\/18\/2023\/11\/WhatsApp-Image-2023-11-15-at-07.43.25.jpeg","type":"image\/jpeg"}],"author":"Henry Ortiz","twitter_card":"summary_large_image","twitter_creator":"@notiamerica","twitter_site":"@notiamerica","twitter_misc":{"Escrito por":"Henry Ortiz","Tiempo estimado de lectura":"3 minutos"},"schema":{"@context":"https:\/\/schema.org","@graph":[{"@type":"Article","@id":"https:\/\/noti-america.com\/site\/ecuador\/2023\/11\/15\/cristofer-meneses-joven-promesa-musical\/#article","isPartOf":{"@id":"https:\/\/noti-america.com\/site\/ecuador\/2023\/11\/15\/cristofer-meneses-joven-promesa-musical\/"},"author":{"name":"Henry Ortiz","@id":"https:\/\/noti-america.com\/site\/ecuador\/#\/schema\/person\/b9d1630cc6598af759d45c790a347283"},"headline":"Cristofer Meneses, joven promesa musical","datePublished":"2023-11-15T15:12:09+00:00","mainEntityOfPage":{"@id":"https:\/\/noti-america.com\/site\/ecuador\/2023\/11\/15\/cristofer-meneses-joven-promesa-musical\/"},"wordCount":447,"commentCount":0,"publisher":{"@id":"https:\/\/noti-america.com\/site\/ecuador\/#organization"},"image":{"@id":"https:\/\/noti-america.com\/site\/ecuador\/2023\/11\/15\/cristofer-meneses-joven-promesa-musical\/#primaryimage"},"thumbnailUrl":"https:\/\/noti-america.com\/site\/ecuador\/wp-content\/uploads\/sites\/18\/2023\/11\/WhatsApp-Image-2023-11-15-at-07.43.25.jpeg","articleSection":["Educaci\u00f3n"],"inLanguage":"es","potentialAction":[{"@type":"CommentAction","name":"Comment","target":["https:\/\/noti-america.com\/site\/ecuador\/2023\/11\/15\/cristofer-meneses-joven-promesa-musical\/#respond"]}]},{"@type":"WebPage","@id":"https:\/\/noti-america.com\/site\/ecuador\/2023\/11\/15\/cristofer-meneses-joven-promesa-musical\/","url":"https:\/\/noti-america.com\/site\/ecuador\/2023\/11\/15\/cristofer-meneses-joven-promesa-musical\/","name":"Cristofer Meneses, joven promesa musical - Ecuador | Noti-America.com","isPartOf":{"@id":"https:\/\/noti-america.com\/site\/ecuador\/#website"},"primaryImageOfPage":{"@id":"https:\/\/noti-america.com\/site\/ecuador\/2023\/11\/15\/cristofer-meneses-joven-promesa-musical\/#primaryimage"},"image":{"@id":"https:\/\/noti-america.com\/site\/ecuador\/2023\/11\/15\/cristofer-meneses-joven-promesa-musical\/#primaryimage"},"thumbnailUrl":"https:\/\/noti-america.com\/site\/ecuador\/wp-content\/uploads\/sites\/18\/2023\/11\/WhatsApp-Image-2023-11-15-at-07.43.25.jpeg","datePublished":"2023-11-15T15:12:09+00:00","breadcrumb":{"@id":"https:\/\/noti-america.com\/site\/ecuador\/2023\/11\/15\/cristofer-meneses-joven-promesa-musical\/#breadcrumb"},"inLanguage":"es","potentialAction":[{"@type":"ReadAction","target":["https:\/\/noti-america.com\/site\/ecuador\/2023\/11\/15\/cristofer-meneses-joven-promesa-musical\/"]}]},{"@type":"ImageObject","inLanguage":"es","@id":"https:\/\/noti-america.com\/site\/ecuador\/2023\/11\/15\/cristofer-meneses-joven-promesa-musical\/#primaryimage","url":"https:\/\/noti-america.com\/site\/ecuador\/wp-content\/uploads\/sites\/18\/2023\/11\/WhatsApp-Image-2023-11-15-at-07.43.25.jpeg","contentUrl":"https:\/\/noti-america.com\/site\/ecuador\/wp-content\/uploads\/sites\/18\/2023\/11\/WhatsApp-Image-2023-11-15-at-07.43.25.jpeg","width":1280,"height":960},{"@type":"BreadcrumbList","@id":"https:\/\/noti-america.com\/site\/ecuador\/2023\/11\/15\/cristofer-meneses-joven-promesa-musical\/#breadcrumb","itemListElement":[{"@type":"ListItem","position":1,"name":"Portada","item":"https:\/\/noti-america.com\/site\/ecuador\/"},{"@type":"ListItem","position":2,"name":"Cristofer Meneses, joven promesa musical"}]},{"@type":"WebSite","@id":"https:\/\/noti-america.com\/site\/ecuador\/#website","url":"https:\/\/noti-america.com\/site\/ecuador\/","name":"Ecuador | Noti-America.com","description":"","publisher":{"@id":"https:\/\/noti-america.com\/site\/ecuador\/#organization"},"potentialAction":[{"@type":"SearchAction","target":{"@type":"EntryPoint","urlTemplate":"https:\/\/noti-america.com\/site\/ecuador\/?s={search_term_string}"},"query-input":{"@type":"PropertyValueSpecification","valueRequired":true,"valueName":"search_term_string"}}],"inLanguage":"es"},{"@type":"Organization","@id":"https:\/\/noti-america.com\/site\/ecuador\/#organization","name":"Noti-America LLC | Ecuador","url":"https:\/\/noti-america.com\/site\/ecuador\/","logo":{"@type":"ImageObject","inLanguage":"es","@id":"https:\/\/noti-america.com\/site\/ecuador\/#\/schema\/logo\/image\/","url":"https:\/\/noti-america.com\/site\/ecuador\/wp-content\/uploads\/sites\/18\/2020\/07\/LogoNA-4x3-1.jpg","contentUrl":"https:\/\/noti-america.com\/site\/ecuador\/wp-content\/uploads\/sites\/18\/2020\/07\/LogoNA-4x3-1.jpg","width":1236,"height":1080,"caption":"Noti-America LLC | Ecuador"},"image":{"@id":"https:\/\/noti-america.com\/site\/ecuador\/#\/schema\/logo\/image\/"},"sameAs":["https:\/\/x.com\/notiamerica"]},{"@type":"Person","@id":"https:\/\/noti-america.com\/site\/ecuador\/#\/schema\/person\/b9d1630cc6598af759d45c790a347283","name":"Henry Ortiz","image":{"@type":"ImageObject","inLanguage":"es","@id":"https:\/\/secure.gravatar.com\/avatar\/0b5407b5b302fbb6a578e625dca512ac2983ee5fa9ea941d581b83c40212e4c8?s=96&d=mm&r=g","url":"https:\/\/secure.gravatar.com\/avatar\/0b5407b5b302fbb6a578e625dca512ac2983ee5fa9ea941d581b83c40212e4c8?s=96&d=mm&r=g","contentUrl":"https:\/\/secure.gravatar.com\/avatar\/0b5407b5b302fbb6a578e625dca512ac2983ee5fa9ea941d581b83c40212e4c8?s=96&d=mm&r=g","caption":"Henry Ortiz"},"url":"https:\/\/noti-america.com\/site\/ecuador\/author\/hortiz\/"}]}},"_links":{"self":[{"href":"https:\/\/noti-america.com\/site\/ecuador\/wp-json\/wp\/v2\/posts\/27508","targetHints":{"allow":["GET"]}}],"collection":[{"href":"https:\/\/noti-america.com\/site\/ecuador\/wp-json\/wp\/v2\/posts"}],"about":[{"href":"https:\/\/noti-america.com\/site\/ecuador\/wp-json\/wp\/v2\/types\/post"}],"author":[{"embeddable":true,"href":"https:\/\/noti-america.com\/site\/ecuador\/wp-json\/wp\/v2\/users\/113"}],"replies":[{"embeddable":true,"href":"https:\/\/noti-america.com\/site\/ecuador\/wp-json\/wp\/v2\/comments?post=27508"}],"version-history":[{"count":1,"href":"https:\/\/noti-america.com\/site\/ecuador\/wp-json\/wp\/v2\/posts\/27508\/revisions"}],"predecessor-version":[{"id":27510,"href":"https:\/\/noti-america.com\/site\/ecuador\/wp-json\/wp\/v2\/posts\/27508\/revisions\/27510"}],"wp:featuredmedia":[{"embeddable":true,"href":"https:\/\/noti-america.com\/site\/ecuador\/wp-json\/wp\/v2\/media\/27509"}],"wp:attachment":[{"href":"https:\/\/noti-america.com\/site\/ecuador\/wp-json\/wp\/v2\/media?parent=27508"}],"wp:term":[{"taxonomy":"category","embeddable":true,"href":"https:\/\/noti-america.com\/site\/ecuador\/wp-json\/wp\/v2\/categories?post=27508"},{"taxonomy":"post_tag","embeddable":true,"href":"https:\/\/noti-america.com\/site\/ecuador\/wp-json\/wp\/v2\/tags?post=27508"}],"curies":[{"name":"wp","href":"https:\/\/api.w.org\/{rel}","templated":true}]}}