{"id":2685,"date":"2018-12-07T00:45:39","date_gmt":"2018-12-07T00:45:39","guid":{"rendered":"http:\/\/noti-america.com\/site\/ecuador\/?p=2685"},"modified":"2018-12-07T00:45:39","modified_gmt":"2018-12-07T00:45:39","slug":"ley-organica-de-la-defensoria-del-pueblo-aprobada-por-la-asamblea-nacional-con-81-votos","status":"publish","type":"post","link":"https:\/\/noti-america.com\/site\/ecuador\/2018\/12\/07\/ley-organica-de-la-defensoria-del-pueblo-aprobada-por-la-asamblea-nacional-con-81-votos\/","title":{"rendered":"LEY ORG\u00c1NICA DE LA DEFENSOR\u00cdA DEL PUEBLO APROBADA POR LA ASAMBLEA NACIONAL CON 81 VOTOS"},"content":{"rendered":"<p>REDACCI\u00d3N NOTI-AM\u00c9RICA (ECUADOR)<\/p>\n<p>En la sesi\u00f3n 556, del pasado mi\u00e9rcoles 5 de diciembre, con 107 asamble\u00edstas presentes se obtuvo un total de 81 votos a favor del proyecto de Ley Org\u00e1nica de la Defensor\u00eda del Pueblo de Ecuador (LODPE), que busca potenciar la gesti\u00f3n de la Instituci\u00f3n Nacional de Derechos Humanos (INDH) en la promoci\u00f3n y protecci\u00f3n de los derechos humanos y de la naturaleza en el territorio ecuatoriano.<\/p>\n<p>La discusi\u00f3n de este proyecto inici\u00f3 el 28 de noviembre con la lectura del informe para segundo debate. Luego de iniciado el mismo, fueron m\u00e1s de trece intervenciones de las y los asamble\u00edstas, en las que se realizaron varias observaciones y entregaron aportes al texto final del proyecto, que fueron recogidos, analizados e incorporados por el presidente de la Comisi\u00f3n de Participaci\u00f3n Ciudadana y Control Social de la Asamblea Nacional, H\u00e9ctor Y\u00e9pez.<\/p>\n<p>Gina Benavides, Defensora del Pueblo (E) compareci\u00f3 el martes 4 de diciembre ante el Pleno de la Asamblea Nacional, para recalcar la importancia de aprobar una nueva normativa para la Defensor\u00eda del Pueblo, y recomend\u00f3 a las y los Asamble\u00edstas que voten afirmativamente por los cambios determinados en el Informe entregado para segundo debate del Proyecto de Ley, que permitir\u00e1 actualizar la institucionalidad de acuerdo a los Principios de Par\u00eds y a la Constituci\u00f3n del 2008.<\/p>\n<p>En su intervenci\u00f3n, la Defensora del Pueblo (E) recalc\u00f3, adem\u00e1s, que \u201cno se habr\u00eda podido efectivizar la tarea de entregar la propuesta de Ley Org\u00e1nica de la Defensor\u00eda del Pueblo, sin el apoyo de las y los asamble\u00edstas de la Comisi\u00f3n, principalmente, de H\u00e9ctor Y\u00e9pez y de la titular del poder legislativo, Elizabeth Cabezas, quienes hicieron posible que se viabilice en el Pleno de la Asamblea\u201d.<\/p>\n<p>Benavides subray\u00f3 que \u201cpara la conformaci\u00f3n de la estructura organizacional de la Instituci\u00f3n Nacional de Derechos Humanos del Ecuador, en la LODPE se aplican tres principios b\u00e1sicos: autonom\u00eda, independencia y pluralismo, previstos en la Constituci\u00f3n de la Rep\u00fablica e instrumentos internacionales de derechos humanos que gu\u00edan el trabajo de las INDH, a nivel mundial.<\/p>\n<p>La titular de la Defensor\u00eda del Pueblo enfatiz\u00f3 que \u201cla Ley establece una nueva reforma legislativa para contar con una INDH desconcentrada, con el fin de garantizar su independencia y autonom\u00eda, ya que forma parte de la funci\u00f3n de transparencia y control social\u201d. Adem\u00e1s, indic\u00f3 que en la LODPE se sit\u00faan tres \u00e1reas misionales: protecci\u00f3n, promoci\u00f3n y gesti\u00f3n del conocimiento e investigaci\u00f3n, que permitir\u00e1n potenciar el trabajo en la promoci\u00f3n y protecci\u00f3n de los derechos de quienes habitan en el Ecuador y de ecuatorianas y ecuatorianos en el exterior\u201d.<\/p>\n<p>La ma\u00f1ana del 5 de diciembre, al concluir su exposici\u00f3n sobre el proyecto de Ley Org\u00e1nica de la Defensor\u00eda del Pueblo de Ecuador, H\u00e9ctor Y\u00e9pez subray\u00f3 que \u201ccon las observaciones incluidas de las y los Asamble\u00edstas que aportaron sus criterios y tambi\u00e9n de las organizaciones y sociedad civil, y en el marco de la conmemoraci\u00f3n de los 70 a\u00f1os de la Declaraci\u00f3n Universal de Derechos Humanos, tengo la certeza de que el Pleno de la Asamblea Nacional apruebe esta ley en beneficio de la sociedad ecuatoriana\u201d. Acto seguido, procedi\u00f3 a mocionar la votaci\u00f3n.<\/p>\n<p>Finalmente, el proyecto de LODPE fue aprobado en la Asamblea Nacional, el mismo que ser\u00e1 remitido al Ejecutivo para su an\u00e1lisis y posterior entrega al poder legislativo.<\/p>\n","protected":false},"excerpt":{"rendered":"<p>REDACCI\u00d3N NOTI-AM\u00c9RICA (ECUADOR) En la sesi\u00f3n 556, del pasado mi\u00e9rcoles 5 de diciembre, con 107 asamble\u00edstas presentes se obtuvo un total de 81 votos a favor del proyecto de Ley Org\u00e1nica de la Defensor\u00eda&#46;&#46;&#46;<\/p>\n","protected":false},"author":17,"featured_media":2686,"comment_status":"open","ping_status":"open","sticky":false,"template":"","format":"standard","meta":{"_acf_changed":false,"om_disable_all_campaigns":false,"rop_custom_images_group":[],"rop_custom_messages_group":[],"rop_publish_now":"initial","rop_publish_now_accounts":{"twitter_242054905_242054905":""},"rop_publish_now_history":[],"rop_publish_now_status":"pending","_uf_show_specific_survey":0,"_uf_disable_surveys":false,"footnotes":""},"categories":[34],"tags":[],"class_list":["post-2685","post","type-post","status-publish","format-standard","has-post-thumbnail","hentry","category-politica-opinion"],"acf":[],"aioseo_notices":[],"yoast_head":"<!-- This site is optimized with the Yoast SEO Premium plugin v24.9 (Yoast SEO v27.2) - https:\/\/yoast.com\/product\/yoast-seo-premium-wordpress\/ -->\n<title>LEY ORG\u00c1NICA DE LA DEFENSOR\u00cdA DEL PUEBLO APROBADA POR LA ASAMBLEA NACIONAL CON 81 VOTOS - Ecuador | Noti-America.com<\/title>\n<meta name=\"robots\" content=\"index, follow, max-snippet:-1, max-image-preview:large, max-video-preview:-1\" \/>\n<link rel=\"canonical\" href=\"https:\/\/noti-america.com\/site\/ecuador\/2018\/12\/07\/ley-organica-de-la-defensoria-del-pueblo-aprobada-por-la-asamblea-nacional-con-81-votos\/\" \/>\n<meta property=\"og:locale\" content=\"es_ES\" \/>\n<meta property=\"og:type\" content=\"article\" \/>\n<meta property=\"og:title\" content=\"LEY ORG\u00c1NICA DE LA DEFENSOR\u00cdA DEL PUEBLO APROBADA POR LA ASAMBLEA NACIONAL CON 81 VOTOS\" \/>\n<meta property=\"og:description\" content=\"REDACCI\u00d3N NOTI-AM\u00c9RICA (ECUADOR) En la sesi\u00f3n 556, del pasado mi\u00e9rcoles 5 de diciembre, con 107 asamble\u00edstas presentes se obtuvo un total de 81 votos a favor del proyecto de Ley Org\u00e1nica de la Defensor\u00eda&#046;&#046;&#046;\" \/>\n<meta property=\"og:url\" content=\"https:\/\/noti-america.com\/site\/ecuador\/2018\/12\/07\/ley-organica-de-la-defensoria-del-pueblo-aprobada-por-la-asamblea-nacional-con-81-votos\/\" \/>\n<meta property=\"og:site_name\" content=\"Ecuador | Noti-America.com\" \/>\n<meta property=\"article:published_time\" content=\"2018-12-07T00:45:39+00:00\" \/>\n<meta property=\"og:image\" content=\"https:\/\/noti-america.com\/site\/ecuador\/wp-content\/uploads\/sites\/18\/2018\/12\/ASAMBLEA-APRUEBA-LEY-ORGANICA-DE-LA-DEFENSORIA-DEL-PUEBLO.jpg\" \/>\n\t<meta property=\"og:image:width\" content=\"850\" \/>\n\t<meta property=\"og:image:height\" content=\"300\" \/>\n\t<meta property=\"og:image:type\" content=\"image\/jpeg\" \/>\n<meta name=\"author\" content=\"Gregory Quintana Montiel\" \/>\n<meta name=\"twitter:card\" content=\"summary_large_image\" \/>\n<meta name=\"twitter:creator\" content=\"@gdgregori1\" \/>\n<meta name=\"twitter:site\" content=\"@notiamerica\" \/>\n<meta name=\"twitter:label1\" content=\"Escrito por\" \/>\n\t<meta name=\"twitter:data1\" content=\"Gregory Quintana Montiel\" \/>\n\t<meta name=\"twitter:label2\" content=\"Tiempo estimado de lectura\" \/>\n\t<meta name=\"twitter:data2\" content=\"3 minutos\" \/>\n<script type=\"application\/ld+json\" class=\"yoast-schema-graph\">{\"@context\":\"https:\/\/schema.org\",\"@graph\":[{\"@type\":\"Article\",\"@id\":\"https:\/\/noti-america.com\/site\/ecuador\/2018\/12\/07\/ley-organica-de-la-defensoria-del-pueblo-aprobada-por-la-asamblea-nacional-con-81-votos\/#article\",\"isPartOf\":{\"@id\":\"https:\/\/noti-america.com\/site\/ecuador\/2018\/12\/07\/ley-organica-de-la-defensoria-del-pueblo-aprobada-por-la-asamblea-nacional-con-81-votos\/\"},\"author\":{\"name\":\"Gregory Quintana Montiel\",\"@id\":\"https:\/\/noti-america.com\/site\/ecuador\/#\/schema\/person\/3b975e42f15abfe64bfe3abdd916efda\"},\"headline\":\"LEY ORG\u00c1NICA DE LA DEFENSOR\u00cdA DEL PUEBLO APROBADA POR LA ASAMBLEA NACIONAL CON 81 VOTOS\",\"datePublished\":\"2018-12-07T00:45:39+00:00\",\"mainEntityOfPage\":{\"@id\":\"https:\/\/noti-america.com\/site\/ecuador\/2018\/12\/07\/ley-organica-de-la-defensoria-del-pueblo-aprobada-por-la-asamblea-nacional-con-81-votos\/\"},\"wordCount\":616,\"commentCount\":0,\"publisher\":{\"@id\":\"https:\/\/noti-america.com\/site\/ecuador\/#organization\"},\"image\":{\"@id\":\"https:\/\/noti-america.com\/site\/ecuador\/2018\/12\/07\/ley-organica-de-la-defensoria-del-pueblo-aprobada-por-la-asamblea-nacional-con-81-votos\/#primaryimage\"},\"thumbnailUrl\":\"https:\/\/noti-america.com\/site\/ecuador\/wp-content\/uploads\/sites\/18\/2018\/12\/ASAMBLEA-APRUEBA-LEY-ORGANICA-DE-LA-DEFENSORIA-DEL-PUEBLO.jpg\",\"articleSection\":[\"Pol\u00edtica\"],\"inLanguage\":\"es\",\"potentialAction\":[{\"@type\":\"CommentAction\",\"name\":\"Comment\",\"target\":[\"https:\/\/noti-america.com\/site\/ecuador\/2018\/12\/07\/ley-organica-de-la-defensoria-del-pueblo-aprobada-por-la-asamblea-nacional-con-81-votos\/#respond\"]}]},{\"@type\":\"WebPage\",\"@id\":\"https:\/\/noti-america.com\/site\/ecuador\/2018\/12\/07\/ley-organica-de-la-defensoria-del-pueblo-aprobada-por-la-asamblea-nacional-con-81-votos\/\",\"url\":\"https:\/\/noti-america.com\/site\/ecuador\/2018\/12\/07\/ley-organica-de-la-defensoria-del-pueblo-aprobada-por-la-asamblea-nacional-con-81-votos\/\",\"name\":\"LEY ORG\u00c1NICA DE LA DEFENSOR\u00cdA DEL PUEBLO APROBADA POR LA ASAMBLEA NACIONAL CON 81 VOTOS - Ecuador | Noti-America.com\",\"isPartOf\":{\"@id\":\"https:\/\/noti-america.com\/site\/ecuador\/#website\"},\"primaryImageOfPage\":{\"@id\":\"https:\/\/noti-america.com\/site\/ecuador\/2018\/12\/07\/ley-organica-de-la-defensoria-del-pueblo-aprobada-por-la-asamblea-nacional-con-81-votos\/#primaryimage\"},\"image\":{\"@id\":\"https:\/\/noti-america.com\/site\/ecuador\/2018\/12\/07\/ley-organica-de-la-defensoria-del-pueblo-aprobada-por-la-asamblea-nacional-con-81-votos\/#primaryimage\"},\"thumbnailUrl\":\"https:\/\/noti-america.com\/site\/ecuador\/wp-content\/uploads\/sites\/18\/2018\/12\/ASAMBLEA-APRUEBA-LEY-ORGANICA-DE-LA-DEFENSORIA-DEL-PUEBLO.jpg\",\"datePublished\":\"2018-12-07T00:45:39+00:00\",\"breadcrumb\":{\"@id\":\"https:\/\/noti-america.com\/site\/ecuador\/2018\/12\/07\/ley-organica-de-la-defensoria-del-pueblo-aprobada-por-la-asamblea-nacional-con-81-votos\/#breadcrumb\"},\"inLanguage\":\"es\",\"potentialAction\":[{\"@type\":\"ReadAction\",\"target\":[\"https:\/\/noti-america.com\/site\/ecuador\/2018\/12\/07\/ley-organica-de-la-defensoria-del-pueblo-aprobada-por-la-asamblea-nacional-con-81-votos\/\"]}]},{\"@type\":\"ImageObject\",\"inLanguage\":\"es\",\"@id\":\"https:\/\/noti-america.com\/site\/ecuador\/2018\/12\/07\/ley-organica-de-la-defensoria-del-pueblo-aprobada-por-la-asamblea-nacional-con-81-votos\/#primaryimage\",\"url\":\"https:\/\/noti-america.com\/site\/ecuador\/wp-content\/uploads\/sites\/18\/2018\/12\/ASAMBLEA-APRUEBA-LEY-ORGANICA-DE-LA-DEFENSORIA-DEL-PUEBLO.jpg\",\"contentUrl\":\"https:\/\/noti-america.com\/site\/ecuador\/wp-content\/uploads\/sites\/18\/2018\/12\/ASAMBLEA-APRUEBA-LEY-ORGANICA-DE-LA-DEFENSORIA-DEL-PUEBLO.jpg\",\"width\":850,\"height\":300,\"caption\":\"La discusi\u00f3n de este proyecto inici\u00f3 el 28 de noviembre con la lectura del informe para segundo debate. Luego de iniciado el mismo, fueron m\u00e1s de trece intervenciones de las y los asamble\u00edstas, en las que se realizaron varias observaciones y entregaron aportes al texto final del proyecto, que fueron recogidos, analizados e incorporados por el presidente de la Comisi\u00f3n de Participaci\u00f3n Ciudadana y Control Social de la Asamblea Nacional, H\u00e9ctor Y\u00e9pez.\"},{\"@type\":\"BreadcrumbList\",\"@id\":\"https:\/\/noti-america.com\/site\/ecuador\/2018\/12\/07\/ley-organica-de-la-defensoria-del-pueblo-aprobada-por-la-asamblea-nacional-con-81-votos\/#breadcrumb\",\"itemListElement\":[{\"@type\":\"ListItem\",\"position\":1,\"name\":\"Portada\",\"item\":\"https:\/\/noti-america.com\/site\/ecuador\/\"},{\"@type\":\"ListItem\",\"position\":2,\"name\":\"LEY ORG\u00c1NICA DE LA DEFENSOR\u00cdA DEL PUEBLO APROBADA POR LA ASAMBLEA NACIONAL CON 81 VOTOS\"}]},{\"@type\":\"WebSite\",\"@id\":\"https:\/\/noti-america.com\/site\/ecuador\/#website\",\"url\":\"https:\/\/noti-america.com\/site\/ecuador\/\",\"name\":\"Ecuador | Noti-America.com\",\"description\":\"\",\"publisher\":{\"@id\":\"https:\/\/noti-america.com\/site\/ecuador\/#organization\"},\"potentialAction\":[{\"@type\":\"SearchAction\",\"target\":{\"@type\":\"EntryPoint\",\"urlTemplate\":\"https:\/\/noti-america.com\/site\/ecuador\/?s={search_term_string}\"},\"query-input\":{\"@type\":\"PropertyValueSpecification\",\"valueRequired\":true,\"valueName\":\"search_term_string\"}}],\"inLanguage\":\"es\"},{\"@type\":\"Organization\",\"@id\":\"https:\/\/noti-america.com\/site\/ecuador\/#organization\",\"name\":\"Noti-America LLC | Ecuador\",\"url\":\"https:\/\/noti-america.com\/site\/ecuador\/\",\"logo\":{\"@type\":\"ImageObject\",\"inLanguage\":\"es\",\"@id\":\"https:\/\/noti-america.com\/site\/ecuador\/#\/schema\/logo\/image\/\",\"url\":\"https:\/\/noti-america.com\/site\/ecuador\/wp-content\/uploads\/sites\/18\/2020\/07\/LogoNA-4x3-1.jpg\",\"contentUrl\":\"https:\/\/noti-america.com\/site\/ecuador\/wp-content\/uploads\/sites\/18\/2020\/07\/LogoNA-4x3-1.jpg\",\"width\":1236,\"height\":1080,\"caption\":\"Noti-America LLC | Ecuador\"},\"image\":{\"@id\":\"https:\/\/noti-america.com\/site\/ecuador\/#\/schema\/logo\/image\/\"},\"sameAs\":[\"https:\/\/x.com\/notiamerica\"]},{\"@type\":\"Person\",\"@id\":\"https:\/\/noti-america.com\/site\/ecuador\/#\/schema\/person\/3b975e42f15abfe64bfe3abdd916efda\",\"name\":\"Gregory Quintana Montiel\",\"image\":{\"@type\":\"ImageObject\",\"inLanguage\":\"es\",\"@id\":\"https:\/\/secure.gravatar.com\/avatar\/2d6b802f7720c2ec7744dcbe608cc2f3417aeb964d58b443c6d612b77531de1d?s=96&d=mm&r=g\",\"url\":\"https:\/\/secure.gravatar.com\/avatar\/2d6b802f7720c2ec7744dcbe608cc2f3417aeb964d58b443c6d612b77531de1d?s=96&d=mm&r=g\",\"contentUrl\":\"https:\/\/secure.gravatar.com\/avatar\/2d6b802f7720c2ec7744dcbe608cc2f3417aeb964d58b443c6d612b77531de1d?s=96&d=mm&r=g\",\"caption\":\"Gregory Quintana Montiel\"},\"description\":\"Licenciatura en Ciencias de la Comunicaci\u00f3n Social, egresado en la Especializaci\u00f3n Derecho Ambiental Desarrollo Sostenible y Sustentable, Miembro de la Comunidad de profesionales y experto para Latinoam\u00e9rica y el Caribe en Gesti\u00f3n por Resultado en el Desarrollo (COPLAC - GpRD) del Banco Interamericano de Desarrollo, experiencia en medios radiales y escritos.\",\"sameAs\":[\"https:\/\/x.com\/gdgregori1\",\"gquintana\"],\"url\":\"https:\/\/noti-america.com\/site\/ecuador\/author\/gquintana\/\"}]}<\/script>\n<!-- \/ Yoast SEO Premium plugin. -->","yoast_head_json":{"title":"LEY ORG\u00c1NICA DE LA DEFENSOR\u00cdA DEL PUEBLO APROBADA POR LA ASAMBLEA NACIONAL CON 81 VOTOS - Ecuador | Noti-America.com","robots":{"index":"index","follow":"follow","max-snippet":"max-snippet:-1","max-image-preview":"max-image-preview:large","max-video-preview":"max-video-preview:-1"},"canonical":"https:\/\/noti-america.com\/site\/ecuador\/2018\/12\/07\/ley-organica-de-la-defensoria-del-pueblo-aprobada-por-la-asamblea-nacional-con-81-votos\/","og_locale":"es_ES","og_type":"article","og_title":"LEY ORG\u00c1NICA DE LA DEFENSOR\u00cdA DEL PUEBLO APROBADA POR LA ASAMBLEA NACIONAL CON 81 VOTOS","og_description":"REDACCI\u00d3N NOTI-AM\u00c9RICA (ECUADOR) En la sesi\u00f3n 556, del pasado mi\u00e9rcoles 5 de diciembre, con 107 asamble\u00edstas presentes se obtuvo un total de 81 votos a favor del proyecto de Ley Org\u00e1nica de la Defensor\u00eda&#46;&#46;&#46;","og_url":"https:\/\/noti-america.com\/site\/ecuador\/2018\/12\/07\/ley-organica-de-la-defensoria-del-pueblo-aprobada-por-la-asamblea-nacional-con-81-votos\/","og_site_name":"Ecuador | Noti-America.com","article_published_time":"2018-12-07T00:45:39+00:00","og_image":[{"width":850,"height":300,"url":"https:\/\/noti-america.com\/site\/ecuador\/wp-content\/uploads\/sites\/18\/2018\/12\/ASAMBLEA-APRUEBA-LEY-ORGANICA-DE-LA-DEFENSORIA-DEL-PUEBLO.jpg","type":"image\/jpeg"}],"author":"Gregory Quintana Montiel","twitter_card":"summary_large_image","twitter_creator":"@gdgregori1","twitter_site":"@notiamerica","twitter_misc":{"Escrito por":"Gregory Quintana Montiel","Tiempo estimado de lectura":"3 minutos"},"schema":{"@context":"https:\/\/schema.org","@graph":[{"@type":"Article","@id":"https:\/\/noti-america.com\/site\/ecuador\/2018\/12\/07\/ley-organica-de-la-defensoria-del-pueblo-aprobada-por-la-asamblea-nacional-con-81-votos\/#article","isPartOf":{"@id":"https:\/\/noti-america.com\/site\/ecuador\/2018\/12\/07\/ley-organica-de-la-defensoria-del-pueblo-aprobada-por-la-asamblea-nacional-con-81-votos\/"},"author":{"name":"Gregory Quintana Montiel","@id":"https:\/\/noti-america.com\/site\/ecuador\/#\/schema\/person\/3b975e42f15abfe64bfe3abdd916efda"},"headline":"LEY ORG\u00c1NICA DE LA DEFENSOR\u00cdA DEL PUEBLO APROBADA POR LA ASAMBLEA NACIONAL CON 81 VOTOS","datePublished":"2018-12-07T00:45:39+00:00","mainEntityOfPage":{"@id":"https:\/\/noti-america.com\/site\/ecuador\/2018\/12\/07\/ley-organica-de-la-defensoria-del-pueblo-aprobada-por-la-asamblea-nacional-con-81-votos\/"},"wordCount":616,"commentCount":0,"publisher":{"@id":"https:\/\/noti-america.com\/site\/ecuador\/#organization"},"image":{"@id":"https:\/\/noti-america.com\/site\/ecuador\/2018\/12\/07\/ley-organica-de-la-defensoria-del-pueblo-aprobada-por-la-asamblea-nacional-con-81-votos\/#primaryimage"},"thumbnailUrl":"https:\/\/noti-america.com\/site\/ecuador\/wp-content\/uploads\/sites\/18\/2018\/12\/ASAMBLEA-APRUEBA-LEY-ORGANICA-DE-LA-DEFENSORIA-DEL-PUEBLO.jpg","articleSection":["Pol\u00edtica"],"inLanguage":"es","potentialAction":[{"@type":"CommentAction","name":"Comment","target":["https:\/\/noti-america.com\/site\/ecuador\/2018\/12\/07\/ley-organica-de-la-defensoria-del-pueblo-aprobada-por-la-asamblea-nacional-con-81-votos\/#respond"]}]},{"@type":"WebPage","@id":"https:\/\/noti-america.com\/site\/ecuador\/2018\/12\/07\/ley-organica-de-la-defensoria-del-pueblo-aprobada-por-la-asamblea-nacional-con-81-votos\/","url":"https:\/\/noti-america.com\/site\/ecuador\/2018\/12\/07\/ley-organica-de-la-defensoria-del-pueblo-aprobada-por-la-asamblea-nacional-con-81-votos\/","name":"LEY ORG\u00c1NICA DE LA DEFENSOR\u00cdA DEL PUEBLO APROBADA POR LA ASAMBLEA NACIONAL CON 81 VOTOS - Ecuador | Noti-America.com","isPartOf":{"@id":"https:\/\/noti-america.com\/site\/ecuador\/#website"},"primaryImageOfPage":{"@id":"https:\/\/noti-america.com\/site\/ecuador\/2018\/12\/07\/ley-organica-de-la-defensoria-del-pueblo-aprobada-por-la-asamblea-nacional-con-81-votos\/#primaryimage"},"image":{"@id":"https:\/\/noti-america.com\/site\/ecuador\/2018\/12\/07\/ley-organica-de-la-defensoria-del-pueblo-aprobada-por-la-asamblea-nacional-con-81-votos\/#primaryimage"},"thumbnailUrl":"https:\/\/noti-america.com\/site\/ecuador\/wp-content\/uploads\/sites\/18\/2018\/12\/ASAMBLEA-APRUEBA-LEY-ORGANICA-DE-LA-DEFENSORIA-DEL-PUEBLO.jpg","datePublished":"2018-12-07T00:45:39+00:00","breadcrumb":{"@id":"https:\/\/noti-america.com\/site\/ecuador\/2018\/12\/07\/ley-organica-de-la-defensoria-del-pueblo-aprobada-por-la-asamblea-nacional-con-81-votos\/#breadcrumb"},"inLanguage":"es","potentialAction":[{"@type":"ReadAction","target":["https:\/\/noti-america.com\/site\/ecuador\/2018\/12\/07\/ley-organica-de-la-defensoria-del-pueblo-aprobada-por-la-asamblea-nacional-con-81-votos\/"]}]},{"@type":"ImageObject","inLanguage":"es","@id":"https:\/\/noti-america.com\/site\/ecuador\/2018\/12\/07\/ley-organica-de-la-defensoria-del-pueblo-aprobada-por-la-asamblea-nacional-con-81-votos\/#primaryimage","url":"https:\/\/noti-america.com\/site\/ecuador\/wp-content\/uploads\/sites\/18\/2018\/12\/ASAMBLEA-APRUEBA-LEY-ORGANICA-DE-LA-DEFENSORIA-DEL-PUEBLO.jpg","contentUrl":"https:\/\/noti-america.com\/site\/ecuador\/wp-content\/uploads\/sites\/18\/2018\/12\/ASAMBLEA-APRUEBA-LEY-ORGANICA-DE-LA-DEFENSORIA-DEL-PUEBLO.jpg","width":850,"height":300,"caption":"La discusi\u00f3n de este proyecto inici\u00f3 el 28 de noviembre con la lectura del informe para segundo debate. Luego de iniciado el mismo, fueron m\u00e1s de trece intervenciones de las y los asamble\u00edstas, en las que se realizaron varias observaciones y entregaron aportes al texto final del proyecto, que fueron recogidos, analizados e incorporados por el presidente de la Comisi\u00f3n de Participaci\u00f3n Ciudadana y Control Social de la Asamblea Nacional, H\u00e9ctor Y\u00e9pez."},{"@type":"BreadcrumbList","@id":"https:\/\/noti-america.com\/site\/ecuador\/2018\/12\/07\/ley-organica-de-la-defensoria-del-pueblo-aprobada-por-la-asamblea-nacional-con-81-votos\/#breadcrumb","itemListElement":[{"@type":"ListItem","position":1,"name":"Portada","item":"https:\/\/noti-america.com\/site\/ecuador\/"},{"@type":"ListItem","position":2,"name":"LEY ORG\u00c1NICA DE LA DEFENSOR\u00cdA DEL PUEBLO APROBADA POR LA ASAMBLEA NACIONAL CON 81 VOTOS"}]},{"@type":"WebSite","@id":"https:\/\/noti-america.com\/site\/ecuador\/#website","url":"https:\/\/noti-america.com\/site\/ecuador\/","name":"Ecuador | Noti-America.com","description":"","publisher":{"@id":"https:\/\/noti-america.com\/site\/ecuador\/#organization"},"potentialAction":[{"@type":"SearchAction","target":{"@type":"EntryPoint","urlTemplate":"https:\/\/noti-america.com\/site\/ecuador\/?s={search_term_string}"},"query-input":{"@type":"PropertyValueSpecification","valueRequired":true,"valueName":"search_term_string"}}],"inLanguage":"es"},{"@type":"Organization","@id":"https:\/\/noti-america.com\/site\/ecuador\/#organization","name":"Noti-America LLC | Ecuador","url":"https:\/\/noti-america.com\/site\/ecuador\/","logo":{"@type":"ImageObject","inLanguage":"es","@id":"https:\/\/noti-america.com\/site\/ecuador\/#\/schema\/logo\/image\/","url":"https:\/\/noti-america.com\/site\/ecuador\/wp-content\/uploads\/sites\/18\/2020\/07\/LogoNA-4x3-1.jpg","contentUrl":"https:\/\/noti-america.com\/site\/ecuador\/wp-content\/uploads\/sites\/18\/2020\/07\/LogoNA-4x3-1.jpg","width":1236,"height":1080,"caption":"Noti-America LLC | Ecuador"},"image":{"@id":"https:\/\/noti-america.com\/site\/ecuador\/#\/schema\/logo\/image\/"},"sameAs":["https:\/\/x.com\/notiamerica"]},{"@type":"Person","@id":"https:\/\/noti-america.com\/site\/ecuador\/#\/schema\/person\/3b975e42f15abfe64bfe3abdd916efda","name":"Gregory Quintana Montiel","image":{"@type":"ImageObject","inLanguage":"es","@id":"https:\/\/secure.gravatar.com\/avatar\/2d6b802f7720c2ec7744dcbe608cc2f3417aeb964d58b443c6d612b77531de1d?s=96&d=mm&r=g","url":"https:\/\/secure.gravatar.com\/avatar\/2d6b802f7720c2ec7744dcbe608cc2f3417aeb964d58b443c6d612b77531de1d?s=96&d=mm&r=g","contentUrl":"https:\/\/secure.gravatar.com\/avatar\/2d6b802f7720c2ec7744dcbe608cc2f3417aeb964d58b443c6d612b77531de1d?s=96&d=mm&r=g","caption":"Gregory Quintana Montiel"},"description":"Licenciatura en Ciencias de la Comunicaci\u00f3n Social, egresado en la Especializaci\u00f3n Derecho Ambiental Desarrollo Sostenible y Sustentable, Miembro de la Comunidad de profesionales y experto para Latinoam\u00e9rica y el Caribe en Gesti\u00f3n por Resultado en el Desarrollo (COPLAC - GpRD) del Banco Interamericano de Desarrollo, experiencia en medios radiales y escritos.","sameAs":["https:\/\/x.com\/gdgregori1","gquintana"],"url":"https:\/\/noti-america.com\/site\/ecuador\/author\/gquintana\/"}]}},"_links":{"self":[{"href":"https:\/\/noti-america.com\/site\/ecuador\/wp-json\/wp\/v2\/posts\/2685","targetHints":{"allow":["GET"]}}],"collection":[{"href":"https:\/\/noti-america.com\/site\/ecuador\/wp-json\/wp\/v2\/posts"}],"about":[{"href":"https:\/\/noti-america.com\/site\/ecuador\/wp-json\/wp\/v2\/types\/post"}],"author":[{"embeddable":true,"href":"https:\/\/noti-america.com\/site\/ecuador\/wp-json\/wp\/v2\/users\/17"}],"replies":[{"embeddable":true,"href":"https:\/\/noti-america.com\/site\/ecuador\/wp-json\/wp\/v2\/comments?post=2685"}],"version-history":[{"count":1,"href":"https:\/\/noti-america.com\/site\/ecuador\/wp-json\/wp\/v2\/posts\/2685\/revisions"}],"predecessor-version":[{"id":2687,"href":"https:\/\/noti-america.com\/site\/ecuador\/wp-json\/wp\/v2\/posts\/2685\/revisions\/2687"}],"wp:featuredmedia":[{"embeddable":true,"href":"https:\/\/noti-america.com\/site\/ecuador\/wp-json\/wp\/v2\/media\/2686"}],"wp:attachment":[{"href":"https:\/\/noti-america.com\/site\/ecuador\/wp-json\/wp\/v2\/media?parent=2685"}],"wp:term":[{"taxonomy":"category","embeddable":true,"href":"https:\/\/noti-america.com\/site\/ecuador\/wp-json\/wp\/v2\/categories?post=2685"},{"taxonomy":"post_tag","embeddable":true,"href":"https:\/\/noti-america.com\/site\/ecuador\/wp-json\/wp\/v2\/tags?post=2685"}],"curies":[{"name":"wp","href":"https:\/\/api.w.org\/{rel}","templated":true}]}}