{"id":26657,"date":"2023-09-18T15:06:37","date_gmt":"2023-09-18T15:06:37","guid":{"rendered":"https:\/\/noti-america.com\/site\/ecuador\/?p=26657"},"modified":"2023-09-18T15:06:37","modified_gmt":"2023-09-18T15:06:37","slug":"ame-califico-de-inconstitucionales-las-medidas-cautelares-que-suspende-elecciones","status":"publish","type":"post","link":"https:\/\/noti-america.com\/site\/ecuador\/2023\/09\/18\/ame-califico-de-inconstitucionales-las-medidas-cautelares-que-suspende-elecciones\/","title":{"rendered":"AME calific\u00f3 de inconstitucionales las medidas cautelares que suspende elecciones"},"content":{"rendered":"<p><strong>REDACCI\u00d3N NOTI AM\u00c9RICA (ECUADOR)<\/strong><\/p>\n<p><img loading=\"lazy\" decoding=\"async\" class=\"wp-image-26658 alignleft\" src=\"https:\/\/noti-america.com\/site\/ecuador\/wp-content\/uploads\/sites\/18\/2023\/09\/WhatsApp-Image-2023-09-18-at-08.58.14-300x169.jpeg\" alt=\"\" width=\"517\" height=\"291\" srcset=\"https:\/\/noti-america.com\/site\/ecuador\/wp-content\/uploads\/sites\/18\/2023\/09\/WhatsApp-Image-2023-09-18-at-08.58.14-300x169.jpeg 300w, https:\/\/noti-america.com\/site\/ecuador\/wp-content\/uploads\/sites\/18\/2023\/09\/WhatsApp-Image-2023-09-18-at-08.58.14-1024x576.jpeg 1024w, https:\/\/noti-america.com\/site\/ecuador\/wp-content\/uploads\/sites\/18\/2023\/09\/WhatsApp-Image-2023-09-18-at-08.58.14-768x432.jpeg 768w, https:\/\/noti-america.com\/site\/ecuador\/wp-content\/uploads\/sites\/18\/2023\/09\/WhatsApp-Image-2023-09-18-at-08.58.14-1536x864.jpeg 1536w, https:\/\/noti-america.com\/site\/ecuador\/wp-content\/uploads\/sites\/18\/2023\/09\/WhatsApp-Image-2023-09-18-at-08.58.14.jpeg 1600w\" sizes=\"auto, (max-width: 517px) 100vw, 517px\" \/><\/p>\n<p style=\"text-align: justify\">La Asociaci\u00f3n de Municipalidades Ecuatorianas (AME) tild\u00f3 de inconstitucionales las medidas cautelares dispuestas por la jueza multicompetente de Yaguachi (Guayas), Deida Verdezoto, quien suspendi\u00f3 la sede para la elecci\u00f3n de los representantes del organismo.<\/p>\n<p style=\"text-align: justify\">Esto imposibilit\u00f3 que la Asamblea General Ordinaria n\u00famero 44, elija a las nuevas autoridades del pr\u00f3ximo per\u00edodo legal, seg\u00fan lo dio a conocer la Asociaci\u00f3n.<\/p>\n<p style=\"text-align: justify\">La AME rechaz\u00f3 en un comunicado la intromisi\u00f3n de una autoridad judicial \u201cfuera de la competencia\u201d constitucional, en una decisi\u00f3n que implica \u201cvulneraci\u00f3n de derechos y legitimidades\u201d legales, se\u00f1al\u00f3.<\/p>\n<p style=\"text-align: justify\">Desde esta entidad le atribuyeron el inicio de la causa, del 5 de septiembre de 2023, a la \u201cconducta minoritaria de actores pol\u00edticos, que utilizan los procesos judiciales para debilitar la autonom\u00eda municipal\u201d. Tambi\u00e9n rechazaron que se pretenda discriminar a los municipios m\u00e1s peque\u00f1os, en especial a los amaz\u00f3nicos, pues la asamblea ten\u00eda previsto reunirse en Yantzaza, provincia de Zamora Chinchipe.<\/p>\n<p style=\"text-align: justify\">Adem\u00e1s, la Asociaci\u00f3n exige el cumplimiento de jurisprudencia vinculante de la Corte Constitucional. \u201cNinguna autoridad judicial, que no goce de competencia por el territorio, puede desnaturalizar las garant\u00edas jurisdiccionales, permitiendo el abuso de particulares con intereses ajenos a la democracia representativa\u201d, acota el comunicado.<\/p>\n<p style=\"text-align: justify\">De acuerdo a sus estatutos, y a los art\u00edculos 313 y 314 del C\u00f3digo Org\u00e1nico de Organizaci\u00f3n Territorial, Autonom\u00eda y Descentralizaci\u00f3n (Cootad) y al art\u00edculo 238 de la Constituci\u00f3n, la AME pidi\u00f3 a su Comit\u00e9 Ejecutivo que convoque nuevamente y de forma inmediata a la Asamblea.<\/p>\n","protected":false},"excerpt":{"rendered":"<p>REDACCI\u00d3N NOTI AM\u00c9RICA (ECUADOR) La Asociaci\u00f3n de Municipalidades Ecuatorianas (AME) tild\u00f3 de inconstitucionales las medidas cautelares dispuestas por la jueza multicompetente de Yaguachi (Guayas), Deida Verdezoto, quien suspendi\u00f3 la sede para la elecci\u00f3n de&#46;&#46;&#46;<\/p>\n","protected":false},"author":113,"featured_media":26658,"comment_status":"open","ping_status":"open","sticky":false,"template":"","format":"standard","meta":{"_acf_changed":false,"om_disable_all_campaigns":false,"rop_custom_images_group":[],"rop_custom_messages_group":[],"rop_publish_now":"initial","rop_publish_now_accounts":{"twitter_242054905_242054905":""},"rop_publish_now_history":[],"rop_publish_now_status":"pending","_uf_show_specific_survey":0,"_uf_disable_surveys":false,"footnotes":""},"categories":[42,1],"tags":[],"class_list":["post-26657","post","type-post","status-publish","format-standard","has-post-thumbnail","hentry","category-noticias","category-uncategorized"],"acf":[],"aioseo_notices":[],"yoast_head":"<!-- This site is optimized with the Yoast SEO Premium plugin v24.9 (Yoast SEO v27.2) - https:\/\/yoast.com\/product\/yoast-seo-premium-wordpress\/ -->\n<title>AME calific\u00f3 de inconstitucionales las medidas cautelares que suspende elecciones - Ecuador | Noti-America.com<\/title>\n<meta name=\"robots\" content=\"index, follow, max-snippet:-1, max-image-preview:large, max-video-preview:-1\" \/>\n<link rel=\"canonical\" href=\"https:\/\/noti-america.com\/site\/ecuador\/2023\/09\/18\/ame-califico-de-inconstitucionales-las-medidas-cautelares-que-suspende-elecciones\/\" \/>\n<meta property=\"og:locale\" content=\"es_ES\" \/>\n<meta property=\"og:type\" content=\"article\" \/>\n<meta property=\"og:title\" content=\"AME calific\u00f3 de inconstitucionales las medidas cautelares que suspende elecciones\" \/>\n<meta property=\"og:description\" content=\"REDACCI\u00d3N NOTI AM\u00c9RICA (ECUADOR) La Asociaci\u00f3n de Municipalidades Ecuatorianas (AME) tild\u00f3 de inconstitucionales las medidas cautelares dispuestas por la jueza multicompetente de Yaguachi (Guayas), Deida Verdezoto, quien suspendi\u00f3 la sede para la elecci\u00f3n de&#046;&#046;&#046;\" \/>\n<meta property=\"og:url\" content=\"https:\/\/noti-america.com\/site\/ecuador\/2023\/09\/18\/ame-califico-de-inconstitucionales-las-medidas-cautelares-que-suspende-elecciones\/\" \/>\n<meta property=\"og:site_name\" content=\"Ecuador | Noti-America.com\" \/>\n<meta property=\"article:published_time\" content=\"2023-09-18T15:06:37+00:00\" \/>\n<meta property=\"og:image\" content=\"https:\/\/noti-america.com\/site\/ecuador\/wp-content\/uploads\/sites\/18\/2023\/09\/WhatsApp-Image-2023-09-18-at-08.58.14.jpeg\" \/>\n\t<meta property=\"og:image:width\" content=\"1600\" \/>\n\t<meta property=\"og:image:height\" content=\"900\" \/>\n\t<meta property=\"og:image:type\" content=\"image\/jpeg\" \/>\n<meta name=\"author\" content=\"Henry Ortiz\" \/>\n<meta name=\"twitter:card\" content=\"summary_large_image\" \/>\n<meta name=\"twitter:creator\" content=\"@notiamerica\" \/>\n<meta name=\"twitter:site\" content=\"@notiamerica\" \/>\n<meta name=\"twitter:label1\" content=\"Escrito por\" \/>\n\t<meta name=\"twitter:data1\" content=\"Henry Ortiz\" \/>\n\t<meta name=\"twitter:label2\" content=\"Tiempo estimado de lectura\" \/>\n\t<meta name=\"twitter:data2\" content=\"2 minutos\" \/>\n<script type=\"application\/ld+json\" class=\"yoast-schema-graph\">{\"@context\":\"https:\/\/schema.org\",\"@graph\":[{\"@type\":\"Article\",\"@id\":\"https:\/\/noti-america.com\/site\/ecuador\/2023\/09\/18\/ame-califico-de-inconstitucionales-las-medidas-cautelares-que-suspende-elecciones\/#article\",\"isPartOf\":{\"@id\":\"https:\/\/noti-america.com\/site\/ecuador\/2023\/09\/18\/ame-califico-de-inconstitucionales-las-medidas-cautelares-que-suspende-elecciones\/\"},\"author\":{\"name\":\"Henry Ortiz\",\"@id\":\"https:\/\/noti-america.com\/site\/ecuador\/#\/schema\/person\/b9d1630cc6598af759d45c790a347283\"},\"headline\":\"AME calific\u00f3 de inconstitucionales las medidas cautelares que suspende elecciones\",\"datePublished\":\"2023-09-18T15:06:37+00:00\",\"mainEntityOfPage\":{\"@id\":\"https:\/\/noti-america.com\/site\/ecuador\/2023\/09\/18\/ame-califico-de-inconstitucionales-las-medidas-cautelares-que-suspende-elecciones\/\"},\"wordCount\":278,\"commentCount\":0,\"publisher\":{\"@id\":\"https:\/\/noti-america.com\/site\/ecuador\/#organization\"},\"image\":{\"@id\":\"https:\/\/noti-america.com\/site\/ecuador\/2023\/09\/18\/ame-califico-de-inconstitucionales-las-medidas-cautelares-que-suspende-elecciones\/#primaryimage\"},\"thumbnailUrl\":\"https:\/\/noti-america.com\/site\/ecuador\/wp-content\/uploads\/sites\/18\/2023\/09\/WhatsApp-Image-2023-09-18-at-08.58.14.jpeg\",\"articleSection\":[\"Noticias\",\"Uncategorized\"],\"inLanguage\":\"es\",\"potentialAction\":[{\"@type\":\"CommentAction\",\"name\":\"Comment\",\"target\":[\"https:\/\/noti-america.com\/site\/ecuador\/2023\/09\/18\/ame-califico-de-inconstitucionales-las-medidas-cautelares-que-suspende-elecciones\/#respond\"]}]},{\"@type\":\"WebPage\",\"@id\":\"https:\/\/noti-america.com\/site\/ecuador\/2023\/09\/18\/ame-califico-de-inconstitucionales-las-medidas-cautelares-que-suspende-elecciones\/\",\"url\":\"https:\/\/noti-america.com\/site\/ecuador\/2023\/09\/18\/ame-califico-de-inconstitucionales-las-medidas-cautelares-que-suspende-elecciones\/\",\"name\":\"AME calific\u00f3 de inconstitucionales las medidas cautelares que suspende elecciones - Ecuador | Noti-America.com\",\"isPartOf\":{\"@id\":\"https:\/\/noti-america.com\/site\/ecuador\/#website\"},\"primaryImageOfPage\":{\"@id\":\"https:\/\/noti-america.com\/site\/ecuador\/2023\/09\/18\/ame-califico-de-inconstitucionales-las-medidas-cautelares-que-suspende-elecciones\/#primaryimage\"},\"image\":{\"@id\":\"https:\/\/noti-america.com\/site\/ecuador\/2023\/09\/18\/ame-califico-de-inconstitucionales-las-medidas-cautelares-que-suspende-elecciones\/#primaryimage\"},\"thumbnailUrl\":\"https:\/\/noti-america.com\/site\/ecuador\/wp-content\/uploads\/sites\/18\/2023\/09\/WhatsApp-Image-2023-09-18-at-08.58.14.jpeg\",\"datePublished\":\"2023-09-18T15:06:37+00:00\",\"breadcrumb\":{\"@id\":\"https:\/\/noti-america.com\/site\/ecuador\/2023\/09\/18\/ame-califico-de-inconstitucionales-las-medidas-cautelares-que-suspende-elecciones\/#breadcrumb\"},\"inLanguage\":\"es\",\"potentialAction\":[{\"@type\":\"ReadAction\",\"target\":[\"https:\/\/noti-america.com\/site\/ecuador\/2023\/09\/18\/ame-califico-de-inconstitucionales-las-medidas-cautelares-que-suspende-elecciones\/\"]}]},{\"@type\":\"ImageObject\",\"inLanguage\":\"es\",\"@id\":\"https:\/\/noti-america.com\/site\/ecuador\/2023\/09\/18\/ame-califico-de-inconstitucionales-las-medidas-cautelares-que-suspende-elecciones\/#primaryimage\",\"url\":\"https:\/\/noti-america.com\/site\/ecuador\/wp-content\/uploads\/sites\/18\/2023\/09\/WhatsApp-Image-2023-09-18-at-08.58.14.jpeg\",\"contentUrl\":\"https:\/\/noti-america.com\/site\/ecuador\/wp-content\/uploads\/sites\/18\/2023\/09\/WhatsApp-Image-2023-09-18-at-08.58.14.jpeg\",\"width\":1600,\"height\":900},{\"@type\":\"BreadcrumbList\",\"@id\":\"https:\/\/noti-america.com\/site\/ecuador\/2023\/09\/18\/ame-califico-de-inconstitucionales-las-medidas-cautelares-que-suspende-elecciones\/#breadcrumb\",\"itemListElement\":[{\"@type\":\"ListItem\",\"position\":1,\"name\":\"Portada\",\"item\":\"https:\/\/noti-america.com\/site\/ecuador\/\"},{\"@type\":\"ListItem\",\"position\":2,\"name\":\"AME calific\u00f3 de inconstitucionales las medidas cautelares que suspende elecciones\"}]},{\"@type\":\"WebSite\",\"@id\":\"https:\/\/noti-america.com\/site\/ecuador\/#website\",\"url\":\"https:\/\/noti-america.com\/site\/ecuador\/\",\"name\":\"Ecuador | Noti-America.com\",\"description\":\"\",\"publisher\":{\"@id\":\"https:\/\/noti-america.com\/site\/ecuador\/#organization\"},\"potentialAction\":[{\"@type\":\"SearchAction\",\"target\":{\"@type\":\"EntryPoint\",\"urlTemplate\":\"https:\/\/noti-america.com\/site\/ecuador\/?s={search_term_string}\"},\"query-input\":{\"@type\":\"PropertyValueSpecification\",\"valueRequired\":true,\"valueName\":\"search_term_string\"}}],\"inLanguage\":\"es\"},{\"@type\":\"Organization\",\"@id\":\"https:\/\/noti-america.com\/site\/ecuador\/#organization\",\"name\":\"Noti-America LLC | Ecuador\",\"url\":\"https:\/\/noti-america.com\/site\/ecuador\/\",\"logo\":{\"@type\":\"ImageObject\",\"inLanguage\":\"es\",\"@id\":\"https:\/\/noti-america.com\/site\/ecuador\/#\/schema\/logo\/image\/\",\"url\":\"https:\/\/noti-america.com\/site\/ecuador\/wp-content\/uploads\/sites\/18\/2020\/07\/LogoNA-4x3-1.jpg\",\"contentUrl\":\"https:\/\/noti-america.com\/site\/ecuador\/wp-content\/uploads\/sites\/18\/2020\/07\/LogoNA-4x3-1.jpg\",\"width\":1236,\"height\":1080,\"caption\":\"Noti-America LLC | Ecuador\"},\"image\":{\"@id\":\"https:\/\/noti-america.com\/site\/ecuador\/#\/schema\/logo\/image\/\"},\"sameAs\":[\"https:\/\/x.com\/notiamerica\"]},{\"@type\":\"Person\",\"@id\":\"https:\/\/noti-america.com\/site\/ecuador\/#\/schema\/person\/b9d1630cc6598af759d45c790a347283\",\"name\":\"Henry Ortiz\",\"image\":{\"@type\":\"ImageObject\",\"inLanguage\":\"es\",\"@id\":\"https:\/\/secure.gravatar.com\/avatar\/0b5407b5b302fbb6a578e625dca512ac2983ee5fa9ea941d581b83c40212e4c8?s=96&d=mm&r=g\",\"url\":\"https:\/\/secure.gravatar.com\/avatar\/0b5407b5b302fbb6a578e625dca512ac2983ee5fa9ea941d581b83c40212e4c8?s=96&d=mm&r=g\",\"contentUrl\":\"https:\/\/secure.gravatar.com\/avatar\/0b5407b5b302fbb6a578e625dca512ac2983ee5fa9ea941d581b83c40212e4c8?s=96&d=mm&r=g\",\"caption\":\"Henry Ortiz\"},\"url\":\"https:\/\/noti-america.com\/site\/ecuador\/author\/hortiz\/\"}]}<\/script>\n<!-- \/ Yoast SEO Premium plugin. -->","yoast_head_json":{"title":"AME calific\u00f3 de inconstitucionales las medidas cautelares que suspende elecciones - Ecuador | Noti-America.com","robots":{"index":"index","follow":"follow","max-snippet":"max-snippet:-1","max-image-preview":"max-image-preview:large","max-video-preview":"max-video-preview:-1"},"canonical":"https:\/\/noti-america.com\/site\/ecuador\/2023\/09\/18\/ame-califico-de-inconstitucionales-las-medidas-cautelares-que-suspende-elecciones\/","og_locale":"es_ES","og_type":"article","og_title":"AME calific\u00f3 de inconstitucionales las medidas cautelares que suspende elecciones","og_description":"REDACCI\u00d3N NOTI AM\u00c9RICA (ECUADOR) La Asociaci\u00f3n de Municipalidades Ecuatorianas (AME) tild\u00f3 de inconstitucionales las medidas cautelares dispuestas por la jueza multicompetente de Yaguachi (Guayas), Deida Verdezoto, quien suspendi\u00f3 la sede para la elecci\u00f3n de&#46;&#46;&#46;","og_url":"https:\/\/noti-america.com\/site\/ecuador\/2023\/09\/18\/ame-califico-de-inconstitucionales-las-medidas-cautelares-que-suspende-elecciones\/","og_site_name":"Ecuador | Noti-America.com","article_published_time":"2023-09-18T15:06:37+00:00","og_image":[{"width":1600,"height":900,"url":"https:\/\/noti-america.com\/site\/ecuador\/wp-content\/uploads\/sites\/18\/2023\/09\/WhatsApp-Image-2023-09-18-at-08.58.14.jpeg","type":"image\/jpeg"}],"author":"Henry Ortiz","twitter_card":"summary_large_image","twitter_creator":"@notiamerica","twitter_site":"@notiamerica","twitter_misc":{"Escrito por":"Henry Ortiz","Tiempo estimado de lectura":"2 minutos"},"schema":{"@context":"https:\/\/schema.org","@graph":[{"@type":"Article","@id":"https:\/\/noti-america.com\/site\/ecuador\/2023\/09\/18\/ame-califico-de-inconstitucionales-las-medidas-cautelares-que-suspende-elecciones\/#article","isPartOf":{"@id":"https:\/\/noti-america.com\/site\/ecuador\/2023\/09\/18\/ame-califico-de-inconstitucionales-las-medidas-cautelares-que-suspende-elecciones\/"},"author":{"name":"Henry Ortiz","@id":"https:\/\/noti-america.com\/site\/ecuador\/#\/schema\/person\/b9d1630cc6598af759d45c790a347283"},"headline":"AME calific\u00f3 de inconstitucionales las medidas cautelares que suspende elecciones","datePublished":"2023-09-18T15:06:37+00:00","mainEntityOfPage":{"@id":"https:\/\/noti-america.com\/site\/ecuador\/2023\/09\/18\/ame-califico-de-inconstitucionales-las-medidas-cautelares-que-suspende-elecciones\/"},"wordCount":278,"commentCount":0,"publisher":{"@id":"https:\/\/noti-america.com\/site\/ecuador\/#organization"},"image":{"@id":"https:\/\/noti-america.com\/site\/ecuador\/2023\/09\/18\/ame-califico-de-inconstitucionales-las-medidas-cautelares-que-suspende-elecciones\/#primaryimage"},"thumbnailUrl":"https:\/\/noti-america.com\/site\/ecuador\/wp-content\/uploads\/sites\/18\/2023\/09\/WhatsApp-Image-2023-09-18-at-08.58.14.jpeg","articleSection":["Noticias","Uncategorized"],"inLanguage":"es","potentialAction":[{"@type":"CommentAction","name":"Comment","target":["https:\/\/noti-america.com\/site\/ecuador\/2023\/09\/18\/ame-califico-de-inconstitucionales-las-medidas-cautelares-que-suspende-elecciones\/#respond"]}]},{"@type":"WebPage","@id":"https:\/\/noti-america.com\/site\/ecuador\/2023\/09\/18\/ame-califico-de-inconstitucionales-las-medidas-cautelares-que-suspende-elecciones\/","url":"https:\/\/noti-america.com\/site\/ecuador\/2023\/09\/18\/ame-califico-de-inconstitucionales-las-medidas-cautelares-que-suspende-elecciones\/","name":"AME calific\u00f3 de inconstitucionales las medidas cautelares que suspende elecciones - Ecuador | Noti-America.com","isPartOf":{"@id":"https:\/\/noti-america.com\/site\/ecuador\/#website"},"primaryImageOfPage":{"@id":"https:\/\/noti-america.com\/site\/ecuador\/2023\/09\/18\/ame-califico-de-inconstitucionales-las-medidas-cautelares-que-suspende-elecciones\/#primaryimage"},"image":{"@id":"https:\/\/noti-america.com\/site\/ecuador\/2023\/09\/18\/ame-califico-de-inconstitucionales-las-medidas-cautelares-que-suspende-elecciones\/#primaryimage"},"thumbnailUrl":"https:\/\/noti-america.com\/site\/ecuador\/wp-content\/uploads\/sites\/18\/2023\/09\/WhatsApp-Image-2023-09-18-at-08.58.14.jpeg","datePublished":"2023-09-18T15:06:37+00:00","breadcrumb":{"@id":"https:\/\/noti-america.com\/site\/ecuador\/2023\/09\/18\/ame-califico-de-inconstitucionales-las-medidas-cautelares-que-suspende-elecciones\/#breadcrumb"},"inLanguage":"es","potentialAction":[{"@type":"ReadAction","target":["https:\/\/noti-america.com\/site\/ecuador\/2023\/09\/18\/ame-califico-de-inconstitucionales-las-medidas-cautelares-que-suspende-elecciones\/"]}]},{"@type":"ImageObject","inLanguage":"es","@id":"https:\/\/noti-america.com\/site\/ecuador\/2023\/09\/18\/ame-califico-de-inconstitucionales-las-medidas-cautelares-que-suspende-elecciones\/#primaryimage","url":"https:\/\/noti-america.com\/site\/ecuador\/wp-content\/uploads\/sites\/18\/2023\/09\/WhatsApp-Image-2023-09-18-at-08.58.14.jpeg","contentUrl":"https:\/\/noti-america.com\/site\/ecuador\/wp-content\/uploads\/sites\/18\/2023\/09\/WhatsApp-Image-2023-09-18-at-08.58.14.jpeg","width":1600,"height":900},{"@type":"BreadcrumbList","@id":"https:\/\/noti-america.com\/site\/ecuador\/2023\/09\/18\/ame-califico-de-inconstitucionales-las-medidas-cautelares-que-suspende-elecciones\/#breadcrumb","itemListElement":[{"@type":"ListItem","position":1,"name":"Portada","item":"https:\/\/noti-america.com\/site\/ecuador\/"},{"@type":"ListItem","position":2,"name":"AME calific\u00f3 de inconstitucionales las medidas cautelares que suspende elecciones"}]},{"@type":"WebSite","@id":"https:\/\/noti-america.com\/site\/ecuador\/#website","url":"https:\/\/noti-america.com\/site\/ecuador\/","name":"Ecuador | Noti-America.com","description":"","publisher":{"@id":"https:\/\/noti-america.com\/site\/ecuador\/#organization"},"potentialAction":[{"@type":"SearchAction","target":{"@type":"EntryPoint","urlTemplate":"https:\/\/noti-america.com\/site\/ecuador\/?s={search_term_string}"},"query-input":{"@type":"PropertyValueSpecification","valueRequired":true,"valueName":"search_term_string"}}],"inLanguage":"es"},{"@type":"Organization","@id":"https:\/\/noti-america.com\/site\/ecuador\/#organization","name":"Noti-America LLC | Ecuador","url":"https:\/\/noti-america.com\/site\/ecuador\/","logo":{"@type":"ImageObject","inLanguage":"es","@id":"https:\/\/noti-america.com\/site\/ecuador\/#\/schema\/logo\/image\/","url":"https:\/\/noti-america.com\/site\/ecuador\/wp-content\/uploads\/sites\/18\/2020\/07\/LogoNA-4x3-1.jpg","contentUrl":"https:\/\/noti-america.com\/site\/ecuador\/wp-content\/uploads\/sites\/18\/2020\/07\/LogoNA-4x3-1.jpg","width":1236,"height":1080,"caption":"Noti-America LLC | Ecuador"},"image":{"@id":"https:\/\/noti-america.com\/site\/ecuador\/#\/schema\/logo\/image\/"},"sameAs":["https:\/\/x.com\/notiamerica"]},{"@type":"Person","@id":"https:\/\/noti-america.com\/site\/ecuador\/#\/schema\/person\/b9d1630cc6598af759d45c790a347283","name":"Henry Ortiz","image":{"@type":"ImageObject","inLanguage":"es","@id":"https:\/\/secure.gravatar.com\/avatar\/0b5407b5b302fbb6a578e625dca512ac2983ee5fa9ea941d581b83c40212e4c8?s=96&d=mm&r=g","url":"https:\/\/secure.gravatar.com\/avatar\/0b5407b5b302fbb6a578e625dca512ac2983ee5fa9ea941d581b83c40212e4c8?s=96&d=mm&r=g","contentUrl":"https:\/\/secure.gravatar.com\/avatar\/0b5407b5b302fbb6a578e625dca512ac2983ee5fa9ea941d581b83c40212e4c8?s=96&d=mm&r=g","caption":"Henry Ortiz"},"url":"https:\/\/noti-america.com\/site\/ecuador\/author\/hortiz\/"}]}},"_links":{"self":[{"href":"https:\/\/noti-america.com\/site\/ecuador\/wp-json\/wp\/v2\/posts\/26657","targetHints":{"allow":["GET"]}}],"collection":[{"href":"https:\/\/noti-america.com\/site\/ecuador\/wp-json\/wp\/v2\/posts"}],"about":[{"href":"https:\/\/noti-america.com\/site\/ecuador\/wp-json\/wp\/v2\/types\/post"}],"author":[{"embeddable":true,"href":"https:\/\/noti-america.com\/site\/ecuador\/wp-json\/wp\/v2\/users\/113"}],"replies":[{"embeddable":true,"href":"https:\/\/noti-america.com\/site\/ecuador\/wp-json\/wp\/v2\/comments?post=26657"}],"version-history":[{"count":2,"href":"https:\/\/noti-america.com\/site\/ecuador\/wp-json\/wp\/v2\/posts\/26657\/revisions"}],"predecessor-version":[{"id":26660,"href":"https:\/\/noti-america.com\/site\/ecuador\/wp-json\/wp\/v2\/posts\/26657\/revisions\/26660"}],"wp:featuredmedia":[{"embeddable":true,"href":"https:\/\/noti-america.com\/site\/ecuador\/wp-json\/wp\/v2\/media\/26658"}],"wp:attachment":[{"href":"https:\/\/noti-america.com\/site\/ecuador\/wp-json\/wp\/v2\/media?parent=26657"}],"wp:term":[{"taxonomy":"category","embeddable":true,"href":"https:\/\/noti-america.com\/site\/ecuador\/wp-json\/wp\/v2\/categories?post=26657"},{"taxonomy":"post_tag","embeddable":true,"href":"https:\/\/noti-america.com\/site\/ecuador\/wp-json\/wp\/v2\/tags?post=26657"}],"curies":[{"name":"wp","href":"https:\/\/api.w.org\/{rel}","templated":true}]}}