{"id":2662,"date":"2018-12-06T00:51:45","date_gmt":"2018-12-06T00:51:45","guid":{"rendered":"http:\/\/noti-america.com\/site\/ecuador\/?p=2662"},"modified":"2018-12-06T00:51:45","modified_gmt":"2018-12-06T00:51:45","slug":"presidente-moreno-enviara-reforma-legal-para-fortalecer-la-institucionalidad-de-la-policia-nacional","status":"publish","type":"post","link":"https:\/\/noti-america.com\/site\/ecuador\/2018\/12\/06\/presidente-moreno-enviara-reforma-legal-para-fortalecer-la-institucionalidad-de-la-policia-nacional\/","title":{"rendered":"Presidente Moreno enviar\u00e1 reforma legal para fortalecer la institucionalidad de la Polic\u00eda Nacional"},"content":{"rendered":"<p>REDACCI\u00d3N NOTI-AM\u00c9RICA (ECUADOR)<\/p>\n<p>El presidente de la Rep\u00fablica, Len\u00edn Moreno, anunci\u00f3 el viernes pasado que enviar\u00e1 a la Asamblea Nacional el proyecto de reforma legal que permita recuperar la institucionalidad de la Polic\u00eda Nacional y su facultad de aplicar, \u201c<em>con eficiencia<\/em>\u201d, la disciplina interna.<\/p>\n<p>Este cambio busca apuntalar la imagen de la instituci\u00f3n y ser\u00e1 \u201c<em>una garant\u00eda para su integridad moral, un respaldo a su lealtad, y un escudo para proteger su honor y su buen nombre institucional<\/em>\u201d, puntualiz\u00f3 el Mandatario. La iniciativa obedece al pedido del Ministerio del Interior y el alto mando policial, seg\u00fan inform\u00f3.<\/p>\n<p>Su intervenci\u00f3n tuvo lugar en la ceremonia de ascensos y condecoraciones a servidores policiales directivos de conducci\u00f3n y mando, y servidores policiales t\u00e9cnico-operativos de la Polic\u00eda Nacional, que se realiz\u00f3 en Escuela Superior de Polic\u00eda Alberto Enr\u00edquez Gallo.<\/p>\n<p>\u201c<em>Como Presidente, s\u00e9 que los ecuatorianos esperan que sus polic\u00edas sean ciudadanos excepcionales. (\u2026) Ustedes son nuestra garant\u00eda de seguridad<\/em>\u201d, puntualiz\u00f3. Destac\u00f3 la gesti\u00f3n que ejecutan los uniformados y les agradeci\u00f3 por su trabajo esforzado y riesgoso para proteger y cuidar a la ciudadan\u00eda.<\/p>\n<p>Detall\u00f3 que el Gobierno Nacional ha destinado, este a\u00f1o, cerca de $ 1 400 millones para la instituci\u00f3n, e invertido $ 42 millones en potenciar su trabajo de campo. Tambi\u00e9n ha fortalecido el trabajo de las Unidades de Polic\u00eda Comunitaria, Unidades de Vigilancia y puestos de comando.<\/p>\n<p>En Esmeraldas y Manab\u00ed se recuperaron las infraestructuras de seguridad destruidas en el terremoto de 2016, y pr\u00f3ximamente se entregar\u00e1 el Comando Policial de San Lorenzo, en Esmeraldas, que est\u00e1 en proceso de reconstrucci\u00f3n, luego del atentado terrorista que sufr\u00edo, a inicios de este a\u00f1o.<\/p>\n<p>Resalt\u00f3 que, como parte de inter\u00e9s del Ejecutivo en la lucha\u00a0<em>\u201c<\/em><em>sin contemplaciones en contra de la corrupci\u00f3n<\/em>\u201d, dispuso la creaci\u00f3n de la unidad policial especializada en la lucha contra la corrupci\u00f3n. Con esta, se atacar\u00e1\u00a0<em>\u201cdesde todos los frentes a este cataclismo<\/em>\u201d.<\/p>\n<p>Felicit\u00f3 a quienes fueron ascendidos al grado de General Inspector, los oficiales Lenin Bola\u00f1os, Marcelo Tobar, Pablo Aguirre, Enrique Espinosa de los Monteros y Mar\u00eda Fernanda Tamayo.\u00a0<em>\u201c\u00a1Qu\u00e9 gusto tener a una dama en este grupo! Es la primera mujer, en la historia policial de Ecuador, en ocupar el tercer lugar en la l\u00ednea de mando institucional\u201d,<\/em>\u00a0resalt\u00f3.<\/p>\n<p>Tambi\u00e9n celebr\u00f3 a quienes se convirtieron en Generales de Distrito: David Proa\u00f1o, Byron Vallejo, Jos\u00e9 Ortiz, Marco Villegas y Nelson Ortega. Y al polic\u00eda Luis Riera Ram\u00edrez, que ascendi\u00f3 a Suboficial Mayor.<\/p>\n<p>La Polic\u00eda Nacional cuenta con alrededor de siete mil polic\u00edas mujeres, es decir un 13 % de su plantilla de 49 mil elementos. En el evento, tambi\u00e9n fueron condecorados con la Gran Cruz del Orden y Seguridad Nacional, Nelson Villegas y Len\u00edn Bola\u00f1os. Y Al Valor, el cabo Darwin Mora y el polic\u00eda Jefferson Sarmiento, quienes se enfrentaron con delincuentes para proteger la seguridad ciudadana.<\/p>\n","protected":false},"excerpt":{"rendered":"<p>REDACCI\u00d3N NOTI-AM\u00c9RICA (ECUADOR) El presidente de la Rep\u00fablica, Len\u00edn Moreno, anunci\u00f3 el viernes pasado que enviar\u00e1 a la Asamblea Nacional el proyecto de reforma legal que permita recuperar la institucionalidad de la Polic\u00eda Nacional&#46;&#46;&#46;<\/p>\n","protected":false},"author":17,"featured_media":2663,"comment_status":"open","ping_status":"open","sticky":false,"template":"","format":"standard","meta":{"_acf_changed":false,"om_disable_all_campaigns":false,"rop_custom_images_group":[],"rop_custom_messages_group":[],"rop_publish_now":"initial","rop_publish_now_accounts":{"twitter_242054905_242054905":""},"rop_publish_now_history":[],"rop_publish_now_status":"pending","_uf_show_specific_survey":0,"_uf_disable_surveys":false,"footnotes":""},"categories":[34],"tags":[],"class_list":["post-2662","post","type-post","status-publish","format-standard","has-post-thumbnail","hentry","category-politica-opinion"],"acf":[],"aioseo_notices":[],"yoast_head":"<!-- This site is optimized with the Yoast SEO Premium plugin v24.9 (Yoast SEO v27.2) - https:\/\/yoast.com\/product\/yoast-seo-premium-wordpress\/ -->\n<title>Presidente Moreno enviar\u00e1 reforma legal para fortalecer la institucionalidad de la Polic\u00eda Nacional - Ecuador | Noti-America.com<\/title>\n<meta name=\"robots\" content=\"index, follow, max-snippet:-1, max-image-preview:large, max-video-preview:-1\" \/>\n<link rel=\"canonical\" href=\"https:\/\/noti-america.com\/site\/ecuador\/2018\/12\/06\/presidente-moreno-enviara-reforma-legal-para-fortalecer-la-institucionalidad-de-la-policia-nacional\/\" \/>\n<meta property=\"og:locale\" content=\"es_ES\" \/>\n<meta property=\"og:type\" content=\"article\" \/>\n<meta property=\"og:title\" content=\"Presidente Moreno enviar\u00e1 reforma legal para fortalecer la institucionalidad de la Polic\u00eda Nacional\" \/>\n<meta property=\"og:description\" content=\"REDACCI\u00d3N NOTI-AM\u00c9RICA (ECUADOR) El presidente de la Rep\u00fablica, Len\u00edn Moreno, anunci\u00f3 el viernes pasado que enviar\u00e1 a la Asamblea Nacional el proyecto de reforma legal que permita recuperar la institucionalidad de la Polic\u00eda Nacional&#046;&#046;&#046;\" \/>\n<meta property=\"og:url\" content=\"https:\/\/noti-america.com\/site\/ecuador\/2018\/12\/06\/presidente-moreno-enviara-reforma-legal-para-fortalecer-la-institucionalidad-de-la-policia-nacional\/\" \/>\n<meta property=\"og:site_name\" content=\"Ecuador | Noti-America.com\" \/>\n<meta property=\"article:published_time\" content=\"2018-12-06T00:51:45+00:00\" \/>\n<meta property=\"og:image\" content=\"https:\/\/noti-america.com\/site\/ecuador\/wp-content\/uploads\/sites\/18\/2018\/12\/Presidente-anuncia-Reforma-legal-para-fortalecer-la-institucionalidad-de-la-Polic\u00eda-Nacional.png\" \/>\n\t<meta property=\"og:image:width\" content=\"470\" \/>\n\t<meta property=\"og:image:height\" content=\"309\" \/>\n\t<meta property=\"og:image:type\" content=\"image\/png\" \/>\n<meta name=\"author\" content=\"Gregory Quintana Montiel\" \/>\n<meta name=\"twitter:card\" content=\"summary_large_image\" \/>\n<meta name=\"twitter:creator\" content=\"@gdgregori1\" \/>\n<meta name=\"twitter:site\" content=\"@notiamerica\" \/>\n<meta name=\"twitter:label1\" content=\"Escrito por\" \/>\n\t<meta name=\"twitter:data1\" content=\"Gregory Quintana Montiel\" \/>\n\t<meta name=\"twitter:label2\" content=\"Tiempo estimado de lectura\" \/>\n\t<meta name=\"twitter:data2\" content=\"3 minutos\" \/>\n<script type=\"application\/ld+json\" class=\"yoast-schema-graph\">{\"@context\":\"https:\/\/schema.org\",\"@graph\":[{\"@type\":\"Article\",\"@id\":\"https:\/\/noti-america.com\/site\/ecuador\/2018\/12\/06\/presidente-moreno-enviara-reforma-legal-para-fortalecer-la-institucionalidad-de-la-policia-nacional\/#article\",\"isPartOf\":{\"@id\":\"https:\/\/noti-america.com\/site\/ecuador\/2018\/12\/06\/presidente-moreno-enviara-reforma-legal-para-fortalecer-la-institucionalidad-de-la-policia-nacional\/\"},\"author\":{\"name\":\"Gregory Quintana Montiel\",\"@id\":\"https:\/\/noti-america.com\/site\/ecuador\/#\/schema\/person\/3b975e42f15abfe64bfe3abdd916efda\"},\"headline\":\"Presidente Moreno enviar\u00e1 reforma legal para fortalecer la institucionalidad de la Polic\u00eda Nacional\",\"datePublished\":\"2018-12-06T00:51:45+00:00\",\"mainEntityOfPage\":{\"@id\":\"https:\/\/noti-america.com\/site\/ecuador\/2018\/12\/06\/presidente-moreno-enviara-reforma-legal-para-fortalecer-la-institucionalidad-de-la-policia-nacional\/\"},\"wordCount\":516,\"commentCount\":0,\"publisher\":{\"@id\":\"https:\/\/noti-america.com\/site\/ecuador\/#organization\"},\"image\":{\"@id\":\"https:\/\/noti-america.com\/site\/ecuador\/2018\/12\/06\/presidente-moreno-enviara-reforma-legal-para-fortalecer-la-institucionalidad-de-la-policia-nacional\/#primaryimage\"},\"thumbnailUrl\":\"https:\/\/noti-america.com\/site\/ecuador\/wp-content\/uploads\/sites\/18\/2018\/12\/Presidente-anuncia-Reforma-legal-para-fortalecer-la-institucionalidad-de-la-Polic\u00eda-Nacional.png\",\"articleSection\":[\"Pol\u00edtica\"],\"inLanguage\":\"es\",\"potentialAction\":[{\"@type\":\"CommentAction\",\"name\":\"Comment\",\"target\":[\"https:\/\/noti-america.com\/site\/ecuador\/2018\/12\/06\/presidente-moreno-enviara-reforma-legal-para-fortalecer-la-institucionalidad-de-la-policia-nacional\/#respond\"]}]},{\"@type\":\"WebPage\",\"@id\":\"https:\/\/noti-america.com\/site\/ecuador\/2018\/12\/06\/presidente-moreno-enviara-reforma-legal-para-fortalecer-la-institucionalidad-de-la-policia-nacional\/\",\"url\":\"https:\/\/noti-america.com\/site\/ecuador\/2018\/12\/06\/presidente-moreno-enviara-reforma-legal-para-fortalecer-la-institucionalidad-de-la-policia-nacional\/\",\"name\":\"Presidente Moreno enviar\u00e1 reforma legal para fortalecer la institucionalidad de la Polic\u00eda Nacional - Ecuador | Noti-America.com\",\"isPartOf\":{\"@id\":\"https:\/\/noti-america.com\/site\/ecuador\/#website\"},\"primaryImageOfPage\":{\"@id\":\"https:\/\/noti-america.com\/site\/ecuador\/2018\/12\/06\/presidente-moreno-enviara-reforma-legal-para-fortalecer-la-institucionalidad-de-la-policia-nacional\/#primaryimage\"},\"image\":{\"@id\":\"https:\/\/noti-america.com\/site\/ecuador\/2018\/12\/06\/presidente-moreno-enviara-reforma-legal-para-fortalecer-la-institucionalidad-de-la-policia-nacional\/#primaryimage\"},\"thumbnailUrl\":\"https:\/\/noti-america.com\/site\/ecuador\/wp-content\/uploads\/sites\/18\/2018\/12\/Presidente-anuncia-Reforma-legal-para-fortalecer-la-institucionalidad-de-la-Polic\u00eda-Nacional.png\",\"datePublished\":\"2018-12-06T00:51:45+00:00\",\"breadcrumb\":{\"@id\":\"https:\/\/noti-america.com\/site\/ecuador\/2018\/12\/06\/presidente-moreno-enviara-reforma-legal-para-fortalecer-la-institucionalidad-de-la-policia-nacional\/#breadcrumb\"},\"inLanguage\":\"es\",\"potentialAction\":[{\"@type\":\"ReadAction\",\"target\":[\"https:\/\/noti-america.com\/site\/ecuador\/2018\/12\/06\/presidente-moreno-enviara-reforma-legal-para-fortalecer-la-institucionalidad-de-la-policia-nacional\/\"]}]},{\"@type\":\"ImageObject\",\"inLanguage\":\"es\",\"@id\":\"https:\/\/noti-america.com\/site\/ecuador\/2018\/12\/06\/presidente-moreno-enviara-reforma-legal-para-fortalecer-la-institucionalidad-de-la-policia-nacional\/#primaryimage\",\"url\":\"https:\/\/noti-america.com\/site\/ecuador\/wp-content\/uploads\/sites\/18\/2018\/12\/Presidente-anuncia-Reforma-legal-para-fortalecer-la-institucionalidad-de-la-Polic\u00eda-Nacional.png\",\"contentUrl\":\"https:\/\/noti-america.com\/site\/ecuador\/wp-content\/uploads\/sites\/18\/2018\/12\/Presidente-anuncia-Reforma-legal-para-fortalecer-la-institucionalidad-de-la-Polic\u00eda-Nacional.png\",\"width\":470,\"height\":309,\"caption\":\"Este cambio busca apuntalar la imagen de la instituci\u00f3n y ser\u00e1 \u201cuna garant\u00eda para su integridad moral, un respaldo a su lealtad, y un escudo para proteger su honor y su buen nombre institucional\u201d\"},{\"@type\":\"BreadcrumbList\",\"@id\":\"https:\/\/noti-america.com\/site\/ecuador\/2018\/12\/06\/presidente-moreno-enviara-reforma-legal-para-fortalecer-la-institucionalidad-de-la-policia-nacional\/#breadcrumb\",\"itemListElement\":[{\"@type\":\"ListItem\",\"position\":1,\"name\":\"Portada\",\"item\":\"https:\/\/noti-america.com\/site\/ecuador\/\"},{\"@type\":\"ListItem\",\"position\":2,\"name\":\"Presidente Moreno enviar\u00e1 reforma legal para fortalecer la institucionalidad de la Polic\u00eda Nacional\"}]},{\"@type\":\"WebSite\",\"@id\":\"https:\/\/noti-america.com\/site\/ecuador\/#website\",\"url\":\"https:\/\/noti-america.com\/site\/ecuador\/\",\"name\":\"Ecuador | Noti-America.com\",\"description\":\"\",\"publisher\":{\"@id\":\"https:\/\/noti-america.com\/site\/ecuador\/#organization\"},\"potentialAction\":[{\"@type\":\"SearchAction\",\"target\":{\"@type\":\"EntryPoint\",\"urlTemplate\":\"https:\/\/noti-america.com\/site\/ecuador\/?s={search_term_string}\"},\"query-input\":{\"@type\":\"PropertyValueSpecification\",\"valueRequired\":true,\"valueName\":\"search_term_string\"}}],\"inLanguage\":\"es\"},{\"@type\":\"Organization\",\"@id\":\"https:\/\/noti-america.com\/site\/ecuador\/#organization\",\"name\":\"Noti-America LLC | Ecuador\",\"url\":\"https:\/\/noti-america.com\/site\/ecuador\/\",\"logo\":{\"@type\":\"ImageObject\",\"inLanguage\":\"es\",\"@id\":\"https:\/\/noti-america.com\/site\/ecuador\/#\/schema\/logo\/image\/\",\"url\":\"https:\/\/noti-america.com\/site\/ecuador\/wp-content\/uploads\/sites\/18\/2020\/07\/LogoNA-4x3-1.jpg\",\"contentUrl\":\"https:\/\/noti-america.com\/site\/ecuador\/wp-content\/uploads\/sites\/18\/2020\/07\/LogoNA-4x3-1.jpg\",\"width\":1236,\"height\":1080,\"caption\":\"Noti-America LLC | Ecuador\"},\"image\":{\"@id\":\"https:\/\/noti-america.com\/site\/ecuador\/#\/schema\/logo\/image\/\"},\"sameAs\":[\"https:\/\/x.com\/notiamerica\"]},{\"@type\":\"Person\",\"@id\":\"https:\/\/noti-america.com\/site\/ecuador\/#\/schema\/person\/3b975e42f15abfe64bfe3abdd916efda\",\"name\":\"Gregory Quintana Montiel\",\"image\":{\"@type\":\"ImageObject\",\"inLanguage\":\"es\",\"@id\":\"https:\/\/secure.gravatar.com\/avatar\/2d6b802f7720c2ec7744dcbe608cc2f3417aeb964d58b443c6d612b77531de1d?s=96&d=mm&r=g\",\"url\":\"https:\/\/secure.gravatar.com\/avatar\/2d6b802f7720c2ec7744dcbe608cc2f3417aeb964d58b443c6d612b77531de1d?s=96&d=mm&r=g\",\"contentUrl\":\"https:\/\/secure.gravatar.com\/avatar\/2d6b802f7720c2ec7744dcbe608cc2f3417aeb964d58b443c6d612b77531de1d?s=96&d=mm&r=g\",\"caption\":\"Gregory Quintana Montiel\"},\"description\":\"Licenciatura en Ciencias de la Comunicaci\u00f3n Social, egresado en la Especializaci\u00f3n Derecho Ambiental Desarrollo Sostenible y Sustentable, Miembro de la Comunidad de profesionales y experto para Latinoam\u00e9rica y el Caribe en Gesti\u00f3n por Resultado en el Desarrollo (COPLAC - GpRD) del Banco Interamericano de Desarrollo, experiencia en medios radiales y escritos.\",\"sameAs\":[\"https:\/\/x.com\/gdgregori1\",\"gquintana\"],\"url\":\"https:\/\/noti-america.com\/site\/ecuador\/author\/gquintana\/\"}]}<\/script>\n<!-- \/ Yoast SEO Premium plugin. -->","yoast_head_json":{"title":"Presidente Moreno enviar\u00e1 reforma legal para fortalecer la institucionalidad de la Polic\u00eda Nacional - Ecuador | Noti-America.com","robots":{"index":"index","follow":"follow","max-snippet":"max-snippet:-1","max-image-preview":"max-image-preview:large","max-video-preview":"max-video-preview:-1"},"canonical":"https:\/\/noti-america.com\/site\/ecuador\/2018\/12\/06\/presidente-moreno-enviara-reforma-legal-para-fortalecer-la-institucionalidad-de-la-policia-nacional\/","og_locale":"es_ES","og_type":"article","og_title":"Presidente Moreno enviar\u00e1 reforma legal para fortalecer la institucionalidad de la Polic\u00eda Nacional","og_description":"REDACCI\u00d3N NOTI-AM\u00c9RICA (ECUADOR) El presidente de la Rep\u00fablica, Len\u00edn Moreno, anunci\u00f3 el viernes pasado que enviar\u00e1 a la Asamblea Nacional el proyecto de reforma legal que permita recuperar la institucionalidad de la Polic\u00eda Nacional&#46;&#46;&#46;","og_url":"https:\/\/noti-america.com\/site\/ecuador\/2018\/12\/06\/presidente-moreno-enviara-reforma-legal-para-fortalecer-la-institucionalidad-de-la-policia-nacional\/","og_site_name":"Ecuador | Noti-America.com","article_published_time":"2018-12-06T00:51:45+00:00","og_image":[{"width":470,"height":309,"url":"https:\/\/noti-america.com\/site\/ecuador\/wp-content\/uploads\/sites\/18\/2018\/12\/Presidente-anuncia-Reforma-legal-para-fortalecer-la-institucionalidad-de-la-Polic\u00eda-Nacional.png","type":"image\/png"}],"author":"Gregory Quintana Montiel","twitter_card":"summary_large_image","twitter_creator":"@gdgregori1","twitter_site":"@notiamerica","twitter_misc":{"Escrito por":"Gregory Quintana Montiel","Tiempo estimado de lectura":"3 minutos"},"schema":{"@context":"https:\/\/schema.org","@graph":[{"@type":"Article","@id":"https:\/\/noti-america.com\/site\/ecuador\/2018\/12\/06\/presidente-moreno-enviara-reforma-legal-para-fortalecer-la-institucionalidad-de-la-policia-nacional\/#article","isPartOf":{"@id":"https:\/\/noti-america.com\/site\/ecuador\/2018\/12\/06\/presidente-moreno-enviara-reforma-legal-para-fortalecer-la-institucionalidad-de-la-policia-nacional\/"},"author":{"name":"Gregory Quintana Montiel","@id":"https:\/\/noti-america.com\/site\/ecuador\/#\/schema\/person\/3b975e42f15abfe64bfe3abdd916efda"},"headline":"Presidente Moreno enviar\u00e1 reforma legal para fortalecer la institucionalidad de la Polic\u00eda Nacional","datePublished":"2018-12-06T00:51:45+00:00","mainEntityOfPage":{"@id":"https:\/\/noti-america.com\/site\/ecuador\/2018\/12\/06\/presidente-moreno-enviara-reforma-legal-para-fortalecer-la-institucionalidad-de-la-policia-nacional\/"},"wordCount":516,"commentCount":0,"publisher":{"@id":"https:\/\/noti-america.com\/site\/ecuador\/#organization"},"image":{"@id":"https:\/\/noti-america.com\/site\/ecuador\/2018\/12\/06\/presidente-moreno-enviara-reforma-legal-para-fortalecer-la-institucionalidad-de-la-policia-nacional\/#primaryimage"},"thumbnailUrl":"https:\/\/noti-america.com\/site\/ecuador\/wp-content\/uploads\/sites\/18\/2018\/12\/Presidente-anuncia-Reforma-legal-para-fortalecer-la-institucionalidad-de-la-Polic\u00eda-Nacional.png","articleSection":["Pol\u00edtica"],"inLanguage":"es","potentialAction":[{"@type":"CommentAction","name":"Comment","target":["https:\/\/noti-america.com\/site\/ecuador\/2018\/12\/06\/presidente-moreno-enviara-reforma-legal-para-fortalecer-la-institucionalidad-de-la-policia-nacional\/#respond"]}]},{"@type":"WebPage","@id":"https:\/\/noti-america.com\/site\/ecuador\/2018\/12\/06\/presidente-moreno-enviara-reforma-legal-para-fortalecer-la-institucionalidad-de-la-policia-nacional\/","url":"https:\/\/noti-america.com\/site\/ecuador\/2018\/12\/06\/presidente-moreno-enviara-reforma-legal-para-fortalecer-la-institucionalidad-de-la-policia-nacional\/","name":"Presidente Moreno enviar\u00e1 reforma legal para fortalecer la institucionalidad de la Polic\u00eda Nacional - Ecuador | Noti-America.com","isPartOf":{"@id":"https:\/\/noti-america.com\/site\/ecuador\/#website"},"primaryImageOfPage":{"@id":"https:\/\/noti-america.com\/site\/ecuador\/2018\/12\/06\/presidente-moreno-enviara-reforma-legal-para-fortalecer-la-institucionalidad-de-la-policia-nacional\/#primaryimage"},"image":{"@id":"https:\/\/noti-america.com\/site\/ecuador\/2018\/12\/06\/presidente-moreno-enviara-reforma-legal-para-fortalecer-la-institucionalidad-de-la-policia-nacional\/#primaryimage"},"thumbnailUrl":"https:\/\/noti-america.com\/site\/ecuador\/wp-content\/uploads\/sites\/18\/2018\/12\/Presidente-anuncia-Reforma-legal-para-fortalecer-la-institucionalidad-de-la-Polic\u00eda-Nacional.png","datePublished":"2018-12-06T00:51:45+00:00","breadcrumb":{"@id":"https:\/\/noti-america.com\/site\/ecuador\/2018\/12\/06\/presidente-moreno-enviara-reforma-legal-para-fortalecer-la-institucionalidad-de-la-policia-nacional\/#breadcrumb"},"inLanguage":"es","potentialAction":[{"@type":"ReadAction","target":["https:\/\/noti-america.com\/site\/ecuador\/2018\/12\/06\/presidente-moreno-enviara-reforma-legal-para-fortalecer-la-institucionalidad-de-la-policia-nacional\/"]}]},{"@type":"ImageObject","inLanguage":"es","@id":"https:\/\/noti-america.com\/site\/ecuador\/2018\/12\/06\/presidente-moreno-enviara-reforma-legal-para-fortalecer-la-institucionalidad-de-la-policia-nacional\/#primaryimage","url":"https:\/\/noti-america.com\/site\/ecuador\/wp-content\/uploads\/sites\/18\/2018\/12\/Presidente-anuncia-Reforma-legal-para-fortalecer-la-institucionalidad-de-la-Polic\u00eda-Nacional.png","contentUrl":"https:\/\/noti-america.com\/site\/ecuador\/wp-content\/uploads\/sites\/18\/2018\/12\/Presidente-anuncia-Reforma-legal-para-fortalecer-la-institucionalidad-de-la-Polic\u00eda-Nacional.png","width":470,"height":309,"caption":"Este cambio busca apuntalar la imagen de la instituci\u00f3n y ser\u00e1 \u201cuna garant\u00eda para su integridad moral, un respaldo a su lealtad, y un escudo para proteger su honor y su buen nombre institucional\u201d"},{"@type":"BreadcrumbList","@id":"https:\/\/noti-america.com\/site\/ecuador\/2018\/12\/06\/presidente-moreno-enviara-reforma-legal-para-fortalecer-la-institucionalidad-de-la-policia-nacional\/#breadcrumb","itemListElement":[{"@type":"ListItem","position":1,"name":"Portada","item":"https:\/\/noti-america.com\/site\/ecuador\/"},{"@type":"ListItem","position":2,"name":"Presidente Moreno enviar\u00e1 reforma legal para fortalecer la institucionalidad de la Polic\u00eda Nacional"}]},{"@type":"WebSite","@id":"https:\/\/noti-america.com\/site\/ecuador\/#website","url":"https:\/\/noti-america.com\/site\/ecuador\/","name":"Ecuador | Noti-America.com","description":"","publisher":{"@id":"https:\/\/noti-america.com\/site\/ecuador\/#organization"},"potentialAction":[{"@type":"SearchAction","target":{"@type":"EntryPoint","urlTemplate":"https:\/\/noti-america.com\/site\/ecuador\/?s={search_term_string}"},"query-input":{"@type":"PropertyValueSpecification","valueRequired":true,"valueName":"search_term_string"}}],"inLanguage":"es"},{"@type":"Organization","@id":"https:\/\/noti-america.com\/site\/ecuador\/#organization","name":"Noti-America LLC | Ecuador","url":"https:\/\/noti-america.com\/site\/ecuador\/","logo":{"@type":"ImageObject","inLanguage":"es","@id":"https:\/\/noti-america.com\/site\/ecuador\/#\/schema\/logo\/image\/","url":"https:\/\/noti-america.com\/site\/ecuador\/wp-content\/uploads\/sites\/18\/2020\/07\/LogoNA-4x3-1.jpg","contentUrl":"https:\/\/noti-america.com\/site\/ecuador\/wp-content\/uploads\/sites\/18\/2020\/07\/LogoNA-4x3-1.jpg","width":1236,"height":1080,"caption":"Noti-America LLC | Ecuador"},"image":{"@id":"https:\/\/noti-america.com\/site\/ecuador\/#\/schema\/logo\/image\/"},"sameAs":["https:\/\/x.com\/notiamerica"]},{"@type":"Person","@id":"https:\/\/noti-america.com\/site\/ecuador\/#\/schema\/person\/3b975e42f15abfe64bfe3abdd916efda","name":"Gregory Quintana Montiel","image":{"@type":"ImageObject","inLanguage":"es","@id":"https:\/\/secure.gravatar.com\/avatar\/2d6b802f7720c2ec7744dcbe608cc2f3417aeb964d58b443c6d612b77531de1d?s=96&d=mm&r=g","url":"https:\/\/secure.gravatar.com\/avatar\/2d6b802f7720c2ec7744dcbe608cc2f3417aeb964d58b443c6d612b77531de1d?s=96&d=mm&r=g","contentUrl":"https:\/\/secure.gravatar.com\/avatar\/2d6b802f7720c2ec7744dcbe608cc2f3417aeb964d58b443c6d612b77531de1d?s=96&d=mm&r=g","caption":"Gregory Quintana Montiel"},"description":"Licenciatura en Ciencias de la Comunicaci\u00f3n Social, egresado en la Especializaci\u00f3n Derecho Ambiental Desarrollo Sostenible y Sustentable, Miembro de la Comunidad de profesionales y experto para Latinoam\u00e9rica y el Caribe en Gesti\u00f3n por Resultado en el Desarrollo (COPLAC - GpRD) del Banco Interamericano de Desarrollo, experiencia en medios radiales y escritos.","sameAs":["https:\/\/x.com\/gdgregori1","gquintana"],"url":"https:\/\/noti-america.com\/site\/ecuador\/author\/gquintana\/"}]}},"_links":{"self":[{"href":"https:\/\/noti-america.com\/site\/ecuador\/wp-json\/wp\/v2\/posts\/2662","targetHints":{"allow":["GET"]}}],"collection":[{"href":"https:\/\/noti-america.com\/site\/ecuador\/wp-json\/wp\/v2\/posts"}],"about":[{"href":"https:\/\/noti-america.com\/site\/ecuador\/wp-json\/wp\/v2\/types\/post"}],"author":[{"embeddable":true,"href":"https:\/\/noti-america.com\/site\/ecuador\/wp-json\/wp\/v2\/users\/17"}],"replies":[{"embeddable":true,"href":"https:\/\/noti-america.com\/site\/ecuador\/wp-json\/wp\/v2\/comments?post=2662"}],"version-history":[{"count":1,"href":"https:\/\/noti-america.com\/site\/ecuador\/wp-json\/wp\/v2\/posts\/2662\/revisions"}],"predecessor-version":[{"id":2664,"href":"https:\/\/noti-america.com\/site\/ecuador\/wp-json\/wp\/v2\/posts\/2662\/revisions\/2664"}],"wp:featuredmedia":[{"embeddable":true,"href":"https:\/\/noti-america.com\/site\/ecuador\/wp-json\/wp\/v2\/media\/2663"}],"wp:attachment":[{"href":"https:\/\/noti-america.com\/site\/ecuador\/wp-json\/wp\/v2\/media?parent=2662"}],"wp:term":[{"taxonomy":"category","embeddable":true,"href":"https:\/\/noti-america.com\/site\/ecuador\/wp-json\/wp\/v2\/categories?post=2662"},{"taxonomy":"post_tag","embeddable":true,"href":"https:\/\/noti-america.com\/site\/ecuador\/wp-json\/wp\/v2\/tags?post=2662"}],"curies":[{"name":"wp","href":"https:\/\/api.w.org\/{rel}","templated":true}]}}