{"id":26604,"date":"2023-09-13T14:13:25","date_gmt":"2023-09-13T14:13:25","guid":{"rendered":"https:\/\/noti-america.com\/site\/ecuador\/?p=26604"},"modified":"2023-09-13T14:13:25","modified_gmt":"2023-09-13T14:13:25","slug":"unidad-educativa-jose-peralta-estrena-nueva-infraestructura","status":"publish","type":"post","link":"https:\/\/noti-america.com\/site\/ecuador\/2023\/09\/13\/unidad-educativa-jose-peralta-estrena-nueva-infraestructura\/","title":{"rendered":"Unidad Educativa Jos\u00e9 Peralta estrena nueva infraestructura"},"content":{"rendered":"<p><strong>REDACCI\u00d3N NOTI AM\u00c9RICA (ECUADOR)<\/strong><\/p>\n<div id=\"attachment_26605\" style=\"width: 514px\" class=\"wp-caption alignleft\"><img loading=\"lazy\" decoding=\"async\" aria-describedby=\"caption-attachment-26605\" class=\"wp-image-26605 \" src=\"https:\/\/noti-america.com\/site\/ecuador\/wp-content\/uploads\/sites\/18\/2023\/09\/WhatsApp-Image-2023-09-08-at-17.41.56-300x169.jpeg\" alt=\"\" width=\"504\" height=\"284\" srcset=\"https:\/\/noti-america.com\/site\/ecuador\/wp-content\/uploads\/sites\/18\/2023\/09\/WhatsApp-Image-2023-09-08-at-17.41.56-300x169.jpeg 300w, https:\/\/noti-america.com\/site\/ecuador\/wp-content\/uploads\/sites\/18\/2023\/09\/WhatsApp-Image-2023-09-08-at-17.41.56-1024x576.jpeg 1024w, https:\/\/noti-america.com\/site\/ecuador\/wp-content\/uploads\/sites\/18\/2023\/09\/WhatsApp-Image-2023-09-08-at-17.41.56-768x432.jpeg 768w, https:\/\/noti-america.com\/site\/ecuador\/wp-content\/uploads\/sites\/18\/2023\/09\/WhatsApp-Image-2023-09-08-at-17.41.56.jpeg 1280w\" sizes=\"auto, (max-width: 504px) 100vw, 504px\" \/><p id=\"caption-attachment-26605\" class=\"wp-caption-text\">Se han destinado cerca de 4 millones de d\u00f3lares en esta renovada obra que hab\u00eda sido abandonada por administraciones anteriores durante m\u00e1s de cinco a\u00f1os.<\/p><\/div>\n<p style=\"text-align: justify\">El presidente de la Rep\u00fablica, Guillermo Lasso, y la ministra de Educaci\u00f3n, Mar\u00eda Brown P\u00e9rez, presidieron la ceremonia de inauguraci\u00f3n de la Unidad Educativa Jos\u00e9 Peralta en la ciudad de Guayaquil.<\/p>\n<p style=\"text-align: justify\">Los estudiantes mostraron rostros de alegr\u00eda y emoci\u00f3n al ver que su instituci\u00f3n educativa hab\u00eda sido mejorada en su totalidad en t\u00e9rminos de infraestructura y que ofrecer\u00e1 jornadas matutinas y vespertinas de clases.<\/p>\n<p style=\"text-align: justify\">La Unidad Educativa Jos\u00e9 Peralta ahora cuenta con instalaciones que incluyen un \u00e1rea de educaci\u00f3n inicial, laboratorios de f\u00edsica y qu\u00edmica, talleres t\u00e9cnicos, aulas, una biblioteca, canchas de f\u00fatbol y baloncesto, salones multiusos y una cancha sint\u00e9tica.<\/p>\n<p style=\"text-align: justify\">Durante su discurso, el presidente de la Rep\u00fablica, Guillermo Lasso, enfatiz\u00f3: \u00abLa transformaci\u00f3n educativa que promueve mi Gobierno pone un fuerte \u00e9nfasis en la formaci\u00f3n t\u00e9cnica. Las instalaciones que hoy entregamos en la Unidad Educativa Jos\u00e9 Peralta en Guayaquil ofrecen las mejores condiciones para estudiar mec\u00e1nica automotriz, electr\u00f3nica, estructuras met\u00e1licas, instalaci\u00f3n de equipos y m\u00e1quinas el\u00e9ctricas, entre otras especialidades\u00bb.<\/p>\n<p style=\"text-align: justify\">Adem\u00e1s, la ministra de Educaci\u00f3n, Mar\u00eda Brown P\u00e9rez, resalt\u00f3: \u00abHemos invertido cerca de 4 millones de d\u00f3lares en infraestructura, equipamiento y mobiliario con capacidad para albergar a 2.200 estudiantes en dos jornadas. En los \u00faltimos 28 meses, hemos entregado un total de 18 Unidades Educativas con caracter\u00edsticas similares, lo que representa un esfuerzo significativo en beneficio de la comunidad educativa. Actualmente, estamos trabajando arduamente para entregar otras diez unidades m\u00e1s antes de diciembre\u00bb.<\/p>\n<p style=\"text-align: justify\">Giuseppe Barreiro, estudiante de 3.\u00ba de Bachillerato, en nombre de sus compa\u00f1eros manifest\u00f3: \u00abEstamos realmente emocionados, se ha cumplido un sue\u00f1o que parec\u00eda inalcanzable. Prometemos aprovechar al m\u00e1ximo esta oportunidad en esta nueva instituci\u00f3n, en beneficio de cada uno de nosotros y de la comunidad Peraltina\u00bb.<\/p>\n<p style=\"text-align: justify\">El Gobierno Nacional, a trav\u00e9s del Ministerio de Educaci\u00f3n, reafirma su compromiso de continuar construyendo espacios de formaci\u00f3n seguros que garanticen el desarrollo pleno de la educaci\u00f3n en el pa\u00eds.<\/p>\n","protected":false},"excerpt":{"rendered":"<p>REDACCI\u00d3N NOTI AM\u00c9RICA (ECUADOR) El presidente de la Rep\u00fablica, Guillermo Lasso, y la ministra de Educaci\u00f3n, Mar\u00eda Brown P\u00e9rez, presidieron la ceremonia de inauguraci\u00f3n de la Unidad Educativa Jos\u00e9 Peralta en la ciudad de&#46;&#46;&#46;<\/p>\n","protected":false},"author":113,"featured_media":26605,"comment_status":"open","ping_status":"open","sticky":false,"template":"","format":"standard","meta":{"_acf_changed":false,"om_disable_all_campaigns":false,"rop_custom_images_group":[],"rop_custom_messages_group":[],"rop_publish_now":"initial","rop_publish_now_accounts":{"twitter_242054905_242054905":""},"rop_publish_now_history":[],"rop_publish_now_status":"pending","_uf_show_specific_survey":0,"_uf_disable_surveys":false,"footnotes":""},"categories":[103],"tags":[],"class_list":["post-26604","post","type-post","status-publish","format-standard","has-post-thumbnail","hentry","category-educacion"],"acf":[],"aioseo_notices":[],"yoast_head":"<!-- This site is optimized with the Yoast SEO Premium plugin v24.9 (Yoast SEO v27.2) - https:\/\/yoast.com\/product\/yoast-seo-premium-wordpress\/ -->\n<title>Unidad Educativa Jos\u00e9 Peralta estrena nueva infraestructura - Ecuador | Noti-America.com<\/title>\n<meta name=\"robots\" content=\"index, follow, max-snippet:-1, max-image-preview:large, max-video-preview:-1\" \/>\n<link rel=\"canonical\" href=\"https:\/\/noti-america.com\/site\/ecuador\/2023\/09\/13\/unidad-educativa-jose-peralta-estrena-nueva-infraestructura\/\" \/>\n<meta property=\"og:locale\" content=\"es_ES\" \/>\n<meta property=\"og:type\" content=\"article\" \/>\n<meta property=\"og:title\" content=\"Unidad Educativa Jos\u00e9 Peralta estrena nueva infraestructura\" \/>\n<meta property=\"og:description\" content=\"REDACCI\u00d3N NOTI AM\u00c9RICA (ECUADOR) El presidente de la Rep\u00fablica, Guillermo Lasso, y la ministra de Educaci\u00f3n, Mar\u00eda Brown P\u00e9rez, presidieron la ceremonia de inauguraci\u00f3n de la Unidad Educativa Jos\u00e9 Peralta en la ciudad de&#046;&#046;&#046;\" \/>\n<meta property=\"og:url\" content=\"https:\/\/noti-america.com\/site\/ecuador\/2023\/09\/13\/unidad-educativa-jose-peralta-estrena-nueva-infraestructura\/\" \/>\n<meta property=\"og:site_name\" content=\"Ecuador | Noti-America.com\" \/>\n<meta property=\"article:published_time\" content=\"2023-09-13T14:13:25+00:00\" \/>\n<meta property=\"og:image\" content=\"https:\/\/noti-america.com\/site\/ecuador\/wp-content\/uploads\/sites\/18\/2023\/09\/WhatsApp-Image-2023-09-08-at-17.41.56.jpeg\" \/>\n\t<meta property=\"og:image:width\" content=\"1280\" \/>\n\t<meta property=\"og:image:height\" content=\"720\" \/>\n\t<meta property=\"og:image:type\" content=\"image\/jpeg\" \/>\n<meta name=\"author\" content=\"Henry Ortiz\" \/>\n<meta name=\"twitter:card\" content=\"summary_large_image\" \/>\n<meta name=\"twitter:creator\" content=\"@notiamerica\" \/>\n<meta name=\"twitter:site\" content=\"@notiamerica\" \/>\n<meta name=\"twitter:label1\" content=\"Escrito por\" \/>\n\t<meta name=\"twitter:data1\" content=\"Henry Ortiz\" \/>\n\t<meta name=\"twitter:label2\" content=\"Tiempo estimado de lectura\" \/>\n\t<meta name=\"twitter:data2\" content=\"2 minutos\" \/>\n<script type=\"application\/ld+json\" class=\"yoast-schema-graph\">{\"@context\":\"https:\/\/schema.org\",\"@graph\":[{\"@type\":\"Article\",\"@id\":\"https:\/\/noti-america.com\/site\/ecuador\/2023\/09\/13\/unidad-educativa-jose-peralta-estrena-nueva-infraestructura\/#article\",\"isPartOf\":{\"@id\":\"https:\/\/noti-america.com\/site\/ecuador\/2023\/09\/13\/unidad-educativa-jose-peralta-estrena-nueva-infraestructura\/\"},\"author\":{\"name\":\"Henry Ortiz\",\"@id\":\"https:\/\/noti-america.com\/site\/ecuador\/#\/schema\/person\/b9d1630cc6598af759d45c790a347283\"},\"headline\":\"Unidad Educativa Jos\u00e9 Peralta estrena nueva infraestructura\",\"datePublished\":\"2023-09-13T14:13:25+00:00\",\"mainEntityOfPage\":{\"@id\":\"https:\/\/noti-america.com\/site\/ecuador\/2023\/09\/13\/unidad-educativa-jose-peralta-estrena-nueva-infraestructura\/\"},\"wordCount\":395,\"commentCount\":0,\"publisher\":{\"@id\":\"https:\/\/noti-america.com\/site\/ecuador\/#organization\"},\"image\":{\"@id\":\"https:\/\/noti-america.com\/site\/ecuador\/2023\/09\/13\/unidad-educativa-jose-peralta-estrena-nueva-infraestructura\/#primaryimage\"},\"thumbnailUrl\":\"https:\/\/noti-america.com\/site\/ecuador\/wp-content\/uploads\/sites\/18\/2023\/09\/WhatsApp-Image-2023-09-08-at-17.41.56.jpeg\",\"articleSection\":[\"Educaci\u00f3n\"],\"inLanguage\":\"es\",\"potentialAction\":[{\"@type\":\"CommentAction\",\"name\":\"Comment\",\"target\":[\"https:\/\/noti-america.com\/site\/ecuador\/2023\/09\/13\/unidad-educativa-jose-peralta-estrena-nueva-infraestructura\/#respond\"]}]},{\"@type\":\"WebPage\",\"@id\":\"https:\/\/noti-america.com\/site\/ecuador\/2023\/09\/13\/unidad-educativa-jose-peralta-estrena-nueva-infraestructura\/\",\"url\":\"https:\/\/noti-america.com\/site\/ecuador\/2023\/09\/13\/unidad-educativa-jose-peralta-estrena-nueva-infraestructura\/\",\"name\":\"Unidad Educativa Jos\u00e9 Peralta estrena nueva infraestructura - Ecuador | Noti-America.com\",\"isPartOf\":{\"@id\":\"https:\/\/noti-america.com\/site\/ecuador\/#website\"},\"primaryImageOfPage\":{\"@id\":\"https:\/\/noti-america.com\/site\/ecuador\/2023\/09\/13\/unidad-educativa-jose-peralta-estrena-nueva-infraestructura\/#primaryimage\"},\"image\":{\"@id\":\"https:\/\/noti-america.com\/site\/ecuador\/2023\/09\/13\/unidad-educativa-jose-peralta-estrena-nueva-infraestructura\/#primaryimage\"},\"thumbnailUrl\":\"https:\/\/noti-america.com\/site\/ecuador\/wp-content\/uploads\/sites\/18\/2023\/09\/WhatsApp-Image-2023-09-08-at-17.41.56.jpeg\",\"datePublished\":\"2023-09-13T14:13:25+00:00\",\"breadcrumb\":{\"@id\":\"https:\/\/noti-america.com\/site\/ecuador\/2023\/09\/13\/unidad-educativa-jose-peralta-estrena-nueva-infraestructura\/#breadcrumb\"},\"inLanguage\":\"es\",\"potentialAction\":[{\"@type\":\"ReadAction\",\"target\":[\"https:\/\/noti-america.com\/site\/ecuador\/2023\/09\/13\/unidad-educativa-jose-peralta-estrena-nueva-infraestructura\/\"]}]},{\"@type\":\"ImageObject\",\"inLanguage\":\"es\",\"@id\":\"https:\/\/noti-america.com\/site\/ecuador\/2023\/09\/13\/unidad-educativa-jose-peralta-estrena-nueva-infraestructura\/#primaryimage\",\"url\":\"https:\/\/noti-america.com\/site\/ecuador\/wp-content\/uploads\/sites\/18\/2023\/09\/WhatsApp-Image-2023-09-08-at-17.41.56.jpeg\",\"contentUrl\":\"https:\/\/noti-america.com\/site\/ecuador\/wp-content\/uploads\/sites\/18\/2023\/09\/WhatsApp-Image-2023-09-08-at-17.41.56.jpeg\",\"width\":1280,\"height\":720},{\"@type\":\"BreadcrumbList\",\"@id\":\"https:\/\/noti-america.com\/site\/ecuador\/2023\/09\/13\/unidad-educativa-jose-peralta-estrena-nueva-infraestructura\/#breadcrumb\",\"itemListElement\":[{\"@type\":\"ListItem\",\"position\":1,\"name\":\"Portada\",\"item\":\"https:\/\/noti-america.com\/site\/ecuador\/\"},{\"@type\":\"ListItem\",\"position\":2,\"name\":\"Unidad Educativa Jos\u00e9 Peralta estrena nueva infraestructura\"}]},{\"@type\":\"WebSite\",\"@id\":\"https:\/\/noti-america.com\/site\/ecuador\/#website\",\"url\":\"https:\/\/noti-america.com\/site\/ecuador\/\",\"name\":\"Ecuador | Noti-America.com\",\"description\":\"\",\"publisher\":{\"@id\":\"https:\/\/noti-america.com\/site\/ecuador\/#organization\"},\"potentialAction\":[{\"@type\":\"SearchAction\",\"target\":{\"@type\":\"EntryPoint\",\"urlTemplate\":\"https:\/\/noti-america.com\/site\/ecuador\/?s={search_term_string}\"},\"query-input\":{\"@type\":\"PropertyValueSpecification\",\"valueRequired\":true,\"valueName\":\"search_term_string\"}}],\"inLanguage\":\"es\"},{\"@type\":\"Organization\",\"@id\":\"https:\/\/noti-america.com\/site\/ecuador\/#organization\",\"name\":\"Noti-America LLC | Ecuador\",\"url\":\"https:\/\/noti-america.com\/site\/ecuador\/\",\"logo\":{\"@type\":\"ImageObject\",\"inLanguage\":\"es\",\"@id\":\"https:\/\/noti-america.com\/site\/ecuador\/#\/schema\/logo\/image\/\",\"url\":\"https:\/\/noti-america.com\/site\/ecuador\/wp-content\/uploads\/sites\/18\/2020\/07\/LogoNA-4x3-1.jpg\",\"contentUrl\":\"https:\/\/noti-america.com\/site\/ecuador\/wp-content\/uploads\/sites\/18\/2020\/07\/LogoNA-4x3-1.jpg\",\"width\":1236,\"height\":1080,\"caption\":\"Noti-America LLC | Ecuador\"},\"image\":{\"@id\":\"https:\/\/noti-america.com\/site\/ecuador\/#\/schema\/logo\/image\/\"},\"sameAs\":[\"https:\/\/x.com\/notiamerica\"]},{\"@type\":\"Person\",\"@id\":\"https:\/\/noti-america.com\/site\/ecuador\/#\/schema\/person\/b9d1630cc6598af759d45c790a347283\",\"name\":\"Henry Ortiz\",\"image\":{\"@type\":\"ImageObject\",\"inLanguage\":\"es\",\"@id\":\"https:\/\/secure.gravatar.com\/avatar\/0b5407b5b302fbb6a578e625dca512ac2983ee5fa9ea941d581b83c40212e4c8?s=96&d=mm&r=g\",\"url\":\"https:\/\/secure.gravatar.com\/avatar\/0b5407b5b302fbb6a578e625dca512ac2983ee5fa9ea941d581b83c40212e4c8?s=96&d=mm&r=g\",\"contentUrl\":\"https:\/\/secure.gravatar.com\/avatar\/0b5407b5b302fbb6a578e625dca512ac2983ee5fa9ea941d581b83c40212e4c8?s=96&d=mm&r=g\",\"caption\":\"Henry Ortiz\"},\"url\":\"https:\/\/noti-america.com\/site\/ecuador\/author\/hortiz\/\"}]}<\/script>\n<!-- \/ Yoast SEO Premium plugin. -->","yoast_head_json":{"title":"Unidad Educativa Jos\u00e9 Peralta estrena nueva infraestructura - Ecuador | Noti-America.com","robots":{"index":"index","follow":"follow","max-snippet":"max-snippet:-1","max-image-preview":"max-image-preview:large","max-video-preview":"max-video-preview:-1"},"canonical":"https:\/\/noti-america.com\/site\/ecuador\/2023\/09\/13\/unidad-educativa-jose-peralta-estrena-nueva-infraestructura\/","og_locale":"es_ES","og_type":"article","og_title":"Unidad Educativa Jos\u00e9 Peralta estrena nueva infraestructura","og_description":"REDACCI\u00d3N NOTI AM\u00c9RICA (ECUADOR) El presidente de la Rep\u00fablica, Guillermo Lasso, y la ministra de Educaci\u00f3n, Mar\u00eda Brown P\u00e9rez, presidieron la ceremonia de inauguraci\u00f3n de la Unidad Educativa Jos\u00e9 Peralta en la ciudad de&#46;&#46;&#46;","og_url":"https:\/\/noti-america.com\/site\/ecuador\/2023\/09\/13\/unidad-educativa-jose-peralta-estrena-nueva-infraestructura\/","og_site_name":"Ecuador | Noti-America.com","article_published_time":"2023-09-13T14:13:25+00:00","og_image":[{"width":1280,"height":720,"url":"https:\/\/noti-america.com\/site\/ecuador\/wp-content\/uploads\/sites\/18\/2023\/09\/WhatsApp-Image-2023-09-08-at-17.41.56.jpeg","type":"image\/jpeg"}],"author":"Henry Ortiz","twitter_card":"summary_large_image","twitter_creator":"@notiamerica","twitter_site":"@notiamerica","twitter_misc":{"Escrito por":"Henry Ortiz","Tiempo estimado de lectura":"2 minutos"},"schema":{"@context":"https:\/\/schema.org","@graph":[{"@type":"Article","@id":"https:\/\/noti-america.com\/site\/ecuador\/2023\/09\/13\/unidad-educativa-jose-peralta-estrena-nueva-infraestructura\/#article","isPartOf":{"@id":"https:\/\/noti-america.com\/site\/ecuador\/2023\/09\/13\/unidad-educativa-jose-peralta-estrena-nueva-infraestructura\/"},"author":{"name":"Henry Ortiz","@id":"https:\/\/noti-america.com\/site\/ecuador\/#\/schema\/person\/b9d1630cc6598af759d45c790a347283"},"headline":"Unidad Educativa Jos\u00e9 Peralta estrena nueva infraestructura","datePublished":"2023-09-13T14:13:25+00:00","mainEntityOfPage":{"@id":"https:\/\/noti-america.com\/site\/ecuador\/2023\/09\/13\/unidad-educativa-jose-peralta-estrena-nueva-infraestructura\/"},"wordCount":395,"commentCount":0,"publisher":{"@id":"https:\/\/noti-america.com\/site\/ecuador\/#organization"},"image":{"@id":"https:\/\/noti-america.com\/site\/ecuador\/2023\/09\/13\/unidad-educativa-jose-peralta-estrena-nueva-infraestructura\/#primaryimage"},"thumbnailUrl":"https:\/\/noti-america.com\/site\/ecuador\/wp-content\/uploads\/sites\/18\/2023\/09\/WhatsApp-Image-2023-09-08-at-17.41.56.jpeg","articleSection":["Educaci\u00f3n"],"inLanguage":"es","potentialAction":[{"@type":"CommentAction","name":"Comment","target":["https:\/\/noti-america.com\/site\/ecuador\/2023\/09\/13\/unidad-educativa-jose-peralta-estrena-nueva-infraestructura\/#respond"]}]},{"@type":"WebPage","@id":"https:\/\/noti-america.com\/site\/ecuador\/2023\/09\/13\/unidad-educativa-jose-peralta-estrena-nueva-infraestructura\/","url":"https:\/\/noti-america.com\/site\/ecuador\/2023\/09\/13\/unidad-educativa-jose-peralta-estrena-nueva-infraestructura\/","name":"Unidad Educativa Jos\u00e9 Peralta estrena nueva infraestructura - Ecuador | Noti-America.com","isPartOf":{"@id":"https:\/\/noti-america.com\/site\/ecuador\/#website"},"primaryImageOfPage":{"@id":"https:\/\/noti-america.com\/site\/ecuador\/2023\/09\/13\/unidad-educativa-jose-peralta-estrena-nueva-infraestructura\/#primaryimage"},"image":{"@id":"https:\/\/noti-america.com\/site\/ecuador\/2023\/09\/13\/unidad-educativa-jose-peralta-estrena-nueva-infraestructura\/#primaryimage"},"thumbnailUrl":"https:\/\/noti-america.com\/site\/ecuador\/wp-content\/uploads\/sites\/18\/2023\/09\/WhatsApp-Image-2023-09-08-at-17.41.56.jpeg","datePublished":"2023-09-13T14:13:25+00:00","breadcrumb":{"@id":"https:\/\/noti-america.com\/site\/ecuador\/2023\/09\/13\/unidad-educativa-jose-peralta-estrena-nueva-infraestructura\/#breadcrumb"},"inLanguage":"es","potentialAction":[{"@type":"ReadAction","target":["https:\/\/noti-america.com\/site\/ecuador\/2023\/09\/13\/unidad-educativa-jose-peralta-estrena-nueva-infraestructura\/"]}]},{"@type":"ImageObject","inLanguage":"es","@id":"https:\/\/noti-america.com\/site\/ecuador\/2023\/09\/13\/unidad-educativa-jose-peralta-estrena-nueva-infraestructura\/#primaryimage","url":"https:\/\/noti-america.com\/site\/ecuador\/wp-content\/uploads\/sites\/18\/2023\/09\/WhatsApp-Image-2023-09-08-at-17.41.56.jpeg","contentUrl":"https:\/\/noti-america.com\/site\/ecuador\/wp-content\/uploads\/sites\/18\/2023\/09\/WhatsApp-Image-2023-09-08-at-17.41.56.jpeg","width":1280,"height":720},{"@type":"BreadcrumbList","@id":"https:\/\/noti-america.com\/site\/ecuador\/2023\/09\/13\/unidad-educativa-jose-peralta-estrena-nueva-infraestructura\/#breadcrumb","itemListElement":[{"@type":"ListItem","position":1,"name":"Portada","item":"https:\/\/noti-america.com\/site\/ecuador\/"},{"@type":"ListItem","position":2,"name":"Unidad Educativa Jos\u00e9 Peralta estrena nueva infraestructura"}]},{"@type":"WebSite","@id":"https:\/\/noti-america.com\/site\/ecuador\/#website","url":"https:\/\/noti-america.com\/site\/ecuador\/","name":"Ecuador | Noti-America.com","description":"","publisher":{"@id":"https:\/\/noti-america.com\/site\/ecuador\/#organization"},"potentialAction":[{"@type":"SearchAction","target":{"@type":"EntryPoint","urlTemplate":"https:\/\/noti-america.com\/site\/ecuador\/?s={search_term_string}"},"query-input":{"@type":"PropertyValueSpecification","valueRequired":true,"valueName":"search_term_string"}}],"inLanguage":"es"},{"@type":"Organization","@id":"https:\/\/noti-america.com\/site\/ecuador\/#organization","name":"Noti-America LLC | Ecuador","url":"https:\/\/noti-america.com\/site\/ecuador\/","logo":{"@type":"ImageObject","inLanguage":"es","@id":"https:\/\/noti-america.com\/site\/ecuador\/#\/schema\/logo\/image\/","url":"https:\/\/noti-america.com\/site\/ecuador\/wp-content\/uploads\/sites\/18\/2020\/07\/LogoNA-4x3-1.jpg","contentUrl":"https:\/\/noti-america.com\/site\/ecuador\/wp-content\/uploads\/sites\/18\/2020\/07\/LogoNA-4x3-1.jpg","width":1236,"height":1080,"caption":"Noti-America LLC | Ecuador"},"image":{"@id":"https:\/\/noti-america.com\/site\/ecuador\/#\/schema\/logo\/image\/"},"sameAs":["https:\/\/x.com\/notiamerica"]},{"@type":"Person","@id":"https:\/\/noti-america.com\/site\/ecuador\/#\/schema\/person\/b9d1630cc6598af759d45c790a347283","name":"Henry Ortiz","image":{"@type":"ImageObject","inLanguage":"es","@id":"https:\/\/secure.gravatar.com\/avatar\/0b5407b5b302fbb6a578e625dca512ac2983ee5fa9ea941d581b83c40212e4c8?s=96&d=mm&r=g","url":"https:\/\/secure.gravatar.com\/avatar\/0b5407b5b302fbb6a578e625dca512ac2983ee5fa9ea941d581b83c40212e4c8?s=96&d=mm&r=g","contentUrl":"https:\/\/secure.gravatar.com\/avatar\/0b5407b5b302fbb6a578e625dca512ac2983ee5fa9ea941d581b83c40212e4c8?s=96&d=mm&r=g","caption":"Henry Ortiz"},"url":"https:\/\/noti-america.com\/site\/ecuador\/author\/hortiz\/"}]}},"_links":{"self":[{"href":"https:\/\/noti-america.com\/site\/ecuador\/wp-json\/wp\/v2\/posts\/26604","targetHints":{"allow":["GET"]}}],"collection":[{"href":"https:\/\/noti-america.com\/site\/ecuador\/wp-json\/wp\/v2\/posts"}],"about":[{"href":"https:\/\/noti-america.com\/site\/ecuador\/wp-json\/wp\/v2\/types\/post"}],"author":[{"embeddable":true,"href":"https:\/\/noti-america.com\/site\/ecuador\/wp-json\/wp\/v2\/users\/113"}],"replies":[{"embeddable":true,"href":"https:\/\/noti-america.com\/site\/ecuador\/wp-json\/wp\/v2\/comments?post=26604"}],"version-history":[{"count":1,"href":"https:\/\/noti-america.com\/site\/ecuador\/wp-json\/wp\/v2\/posts\/26604\/revisions"}],"predecessor-version":[{"id":26606,"href":"https:\/\/noti-america.com\/site\/ecuador\/wp-json\/wp\/v2\/posts\/26604\/revisions\/26606"}],"wp:featuredmedia":[{"embeddable":true,"href":"https:\/\/noti-america.com\/site\/ecuador\/wp-json\/wp\/v2\/media\/26605"}],"wp:attachment":[{"href":"https:\/\/noti-america.com\/site\/ecuador\/wp-json\/wp\/v2\/media?parent=26604"}],"wp:term":[{"taxonomy":"category","embeddable":true,"href":"https:\/\/noti-america.com\/site\/ecuador\/wp-json\/wp\/v2\/categories?post=26604"},{"taxonomy":"post_tag","embeddable":true,"href":"https:\/\/noti-america.com\/site\/ecuador\/wp-json\/wp\/v2\/tags?post=26604"}],"curies":[{"name":"wp","href":"https:\/\/api.w.org\/{rel}","templated":true}]}}