{"id":26106,"date":"2023-08-17T21:19:17","date_gmt":"2023-08-17T21:19:17","guid":{"rendered":"https:\/\/noti-america.com\/site\/ecuador\/?p=26106"},"modified":"2023-08-17T21:28:22","modified_gmt":"2023-08-17T21:28:22","slug":"finaliza-la-campana-electoral-en-ecuador","status":"publish","type":"post","link":"https:\/\/noti-america.com\/site\/ecuador\/2023\/08\/17\/finaliza-la-campana-electoral-en-ecuador\/","title":{"rendered":"Finaliza la campa\u00f1a electoral en Ecuador"},"content":{"rendered":"<p><strong>REDACCI\u00d3N NOTI-AM\u00c9RICA\u00a0(ECUADOR).\u00a0<\/strong><\/p>\n<div id=\"attachment_26108\" style=\"width: 289px\" class=\"wp-caption alignleft\"><img loading=\"lazy\" decoding=\"async\" aria-describedby=\"caption-attachment-26108\" class=\"wp-image-26108\" src=\"https:\/\/noti-america.com\/site\/ecuador\/wp-content\/uploads\/sites\/18\/2023\/08\/02e10f18-d4d6-4796-891f-054619502a07-300x225.jpg\" alt=\"\" width=\"279\" height=\"209\" \/><p id=\"caption-attachment-26108\" class=\"wp-caption-text\">Leonardo Quiroz, candidato asamble\u00edsta por Revoluci\u00f3n Ciudadana.<\/p><\/div>\n<p style=\"text-align: justify\">Ecuador ir\u00e1 a las urnas nuevamente el domingo 20 de agosto como resultado de la muerte cruzada decretada por el presidente Guillermo Lasso, el 17 de mayo anterior, por la cual se disolvi\u00f3 el Parlamento y se adelantaron los comicios presidenciales y legislativos.<\/p>\n<p style=\"text-align: justify\">A las 23:59 de este jueves, 17 de agosto, culminar\u00e1 oficialmente la campa\u00f1a electoral en todo el pa\u00eds; y en ese contexto, los candidatos asamble\u00edstas de la provincia del Guayas, de los distintos movimientos pol\u00edticos, han planificado los cierres de las actividades proselitistas; algunos con caminatas y otros con entrevistas en medios de comunicaci\u00f3n.<\/p>\n<p style=\"text-align: justify\">En el caso de los aspirantes al Legislativo por el movimiento Revoluci\u00f3n Ciudadana (RC), han planificado un mitin pol\u00edtico en las calles Lizardo Garc\u00eda y la A, en los exteriores de la iglesia Cristo del Consuelo, suroeste de Guayaquil. A las 15:00, en medio de una fuerte contingencia de seguridad policial para los postulantes.<\/p>\n<p style=\"text-align: justify\">Leonardo Quiroz, candidato a la Asamblea Nacional por RC que respalda la candidatura presidencial de Luisa Gonz\u00e1lez, sostiene que este es el momento de \u00ablevantar a Ecuador con dignidad, pese a las duras circunstancias que atraviesa\u201d. Vamos a hacer el esfuerzo para que la Asamblea se convierta en un equipo de trabajo que genere leyes en beneficio del pueblo\u00bb<\/p>\n<p style=\"text-align: justify\">El aspirante acot\u00f3 que propondr\u00e1 reformas y leyes con mano dura, \u00abs\u00ed contra la delincuencia, contra la violencia y las bandas delictivas, pero una mano solidaria para nuestro pueblo\u201d, dijo.<\/p>\n<p style=\"text-align: justify\">La entrega de las credenciales para los nuevos legisladores est\u00e1 prevista para el jueves 26 de octubre. Es decir que, al d\u00eda siguiente, la nueva Asamblea ya podr\u00e1 posesionarse y empezar a trabajar. La Asamblea tiene que estar instalada para la posesi\u00f3n del nuevo Presidente, sea en primera o segunda vuelta.<\/p>\n<p>&nbsp;<\/p>\n<p><small>\u00a0<\/small><\/p>\n<p>&nbsp;<\/p>\n","protected":false},"excerpt":{"rendered":"<p>REDACCI\u00d3N NOTI-AM\u00c9RICA\u00a0(ECUADOR).\u00a0 Ecuador ir\u00e1 a las urnas nuevamente el domingo 20 de agosto como resultado de la muerte cruzada decretada por el presidente Guillermo Lasso, el 17 de mayo anterior, por la cual se&#46;&#46;&#46;<\/p>\n","protected":false},"author":144,"featured_media":26108,"comment_status":"open","ping_status":"open","sticky":false,"template":"","format":"standard","meta":{"_acf_changed":false,"om_disable_all_campaigns":false,"rop_custom_images_group":[],"rop_custom_messages_group":[],"rop_publish_now":"initial","rop_publish_now_accounts":{"twitter_242054905_242054905":""},"rop_publish_now_history":[],"rop_publish_now_status":"pending","_uf_show_specific_survey":0,"_uf_disable_surveys":false,"footnotes":""},"categories":[125],"tags":[],"class_list":["post-26106","post","type-post","status-publish","format-standard","has-post-thumbnail","hentry","category-actualidad"],"acf":[],"aioseo_notices":[],"yoast_head":"<!-- This site is optimized with the Yoast SEO Premium plugin v24.9 (Yoast SEO v27.2) - https:\/\/yoast.com\/product\/yoast-seo-premium-wordpress\/ -->\n<title>Finaliza la campa\u00f1a electoral en Ecuador - Ecuador | Noti-America.com<\/title>\n<meta name=\"robots\" content=\"index, follow, max-snippet:-1, max-image-preview:large, max-video-preview:-1\" \/>\n<link rel=\"canonical\" href=\"https:\/\/noti-america.com\/site\/ecuador\/2023\/08\/17\/finaliza-la-campana-electoral-en-ecuador\/\" \/>\n<meta property=\"og:locale\" content=\"es_ES\" \/>\n<meta property=\"og:type\" content=\"article\" \/>\n<meta property=\"og:title\" content=\"Finaliza la campa\u00f1a electoral en Ecuador\" \/>\n<meta property=\"og:description\" content=\"REDACCI\u00d3N NOTI-AM\u00c9RICA\u00a0(ECUADOR).\u00a0 Ecuador ir\u00e1 a las urnas nuevamente el domingo 20 de agosto como resultado de la muerte cruzada decretada por el presidente Guillermo Lasso, el 17 de mayo anterior, por la cual se&#046;&#046;&#046;\" \/>\n<meta property=\"og:url\" content=\"https:\/\/noti-america.com\/site\/ecuador\/2023\/08\/17\/finaliza-la-campana-electoral-en-ecuador\/\" \/>\n<meta property=\"og:site_name\" content=\"Ecuador | Noti-America.com\" \/>\n<meta property=\"article:published_time\" content=\"2023-08-17T21:19:17+00:00\" \/>\n<meta property=\"article:modified_time\" content=\"2023-08-17T21:28:22+00:00\" \/>\n<meta property=\"og:image\" content=\"https:\/\/noti-america.com\/site\/ecuador\/wp-content\/uploads\/sites\/18\/2023\/08\/02e10f18-d4d6-4796-891f-054619502a07-e1692307206938.jpg\" \/>\n\t<meta property=\"og:image:width\" content=\"1152\" \/>\n\t<meta property=\"og:image:height\" content=\"687\" \/>\n\t<meta property=\"og:image:type\" content=\"image\/jpeg\" \/>\n<meta name=\"author\" content=\"Henry Garrido\" \/>\n<meta name=\"twitter:card\" content=\"summary_large_image\" \/>\n<meta name=\"twitter:creator\" content=\"@notiamerica\" \/>\n<meta name=\"twitter:site\" content=\"@notiamerica\" \/>\n<meta name=\"twitter:label1\" content=\"Escrito por\" \/>\n\t<meta name=\"twitter:data1\" content=\"Henry Garrido\" \/>\n\t<meta name=\"twitter:label2\" content=\"Tiempo estimado de lectura\" \/>\n\t<meta name=\"twitter:data2\" content=\"2 minutos\" \/>\n<script type=\"application\/ld+json\" class=\"yoast-schema-graph\">{\"@context\":\"https:\/\/schema.org\",\"@graph\":[{\"@type\":\"Article\",\"@id\":\"https:\/\/noti-america.com\/site\/ecuador\/2023\/08\/17\/finaliza-la-campana-electoral-en-ecuador\/#article\",\"isPartOf\":{\"@id\":\"https:\/\/noti-america.com\/site\/ecuador\/2023\/08\/17\/finaliza-la-campana-electoral-en-ecuador\/\"},\"author\":{\"name\":\"Henry Garrido\",\"@id\":\"https:\/\/noti-america.com\/site\/ecuador\/#\/schema\/person\/00042412cfa9ecf98077f847ffadda4a\"},\"headline\":\"Finaliza la campa\u00f1a electoral en Ecuador\",\"datePublished\":\"2023-08-17T21:19:17+00:00\",\"dateModified\":\"2023-08-17T21:28:22+00:00\",\"mainEntityOfPage\":{\"@id\":\"https:\/\/noti-america.com\/site\/ecuador\/2023\/08\/17\/finaliza-la-campana-electoral-en-ecuador\/\"},\"wordCount\":326,\"commentCount\":0,\"publisher\":{\"@id\":\"https:\/\/noti-america.com\/site\/ecuador\/#organization\"},\"image\":{\"@id\":\"https:\/\/noti-america.com\/site\/ecuador\/2023\/08\/17\/finaliza-la-campana-electoral-en-ecuador\/#primaryimage\"},\"thumbnailUrl\":\"https:\/\/noti-america.com\/site\/ecuador\/wp-content\/uploads\/sites\/18\/2023\/08\/02e10f18-d4d6-4796-891f-054619502a07-e1692307206938.jpg\",\"articleSection\":[\"Actualidad\"],\"inLanguage\":\"es\",\"potentialAction\":[{\"@type\":\"CommentAction\",\"name\":\"Comment\",\"target\":[\"https:\/\/noti-america.com\/site\/ecuador\/2023\/08\/17\/finaliza-la-campana-electoral-en-ecuador\/#respond\"]}]},{\"@type\":\"WebPage\",\"@id\":\"https:\/\/noti-america.com\/site\/ecuador\/2023\/08\/17\/finaliza-la-campana-electoral-en-ecuador\/\",\"url\":\"https:\/\/noti-america.com\/site\/ecuador\/2023\/08\/17\/finaliza-la-campana-electoral-en-ecuador\/\",\"name\":\"Finaliza la campa\u00f1a electoral en Ecuador - Ecuador | Noti-America.com\",\"isPartOf\":{\"@id\":\"https:\/\/noti-america.com\/site\/ecuador\/#website\"},\"primaryImageOfPage\":{\"@id\":\"https:\/\/noti-america.com\/site\/ecuador\/2023\/08\/17\/finaliza-la-campana-electoral-en-ecuador\/#primaryimage\"},\"image\":{\"@id\":\"https:\/\/noti-america.com\/site\/ecuador\/2023\/08\/17\/finaliza-la-campana-electoral-en-ecuador\/#primaryimage\"},\"thumbnailUrl\":\"https:\/\/noti-america.com\/site\/ecuador\/wp-content\/uploads\/sites\/18\/2023\/08\/02e10f18-d4d6-4796-891f-054619502a07-e1692307206938.jpg\",\"datePublished\":\"2023-08-17T21:19:17+00:00\",\"dateModified\":\"2023-08-17T21:28:22+00:00\",\"breadcrumb\":{\"@id\":\"https:\/\/noti-america.com\/site\/ecuador\/2023\/08\/17\/finaliza-la-campana-electoral-en-ecuador\/#breadcrumb\"},\"inLanguage\":\"es\",\"potentialAction\":[{\"@type\":\"ReadAction\",\"target\":[\"https:\/\/noti-america.com\/site\/ecuador\/2023\/08\/17\/finaliza-la-campana-electoral-en-ecuador\/\"]}]},{\"@type\":\"ImageObject\",\"inLanguage\":\"es\",\"@id\":\"https:\/\/noti-america.com\/site\/ecuador\/2023\/08\/17\/finaliza-la-campana-electoral-en-ecuador\/#primaryimage\",\"url\":\"https:\/\/noti-america.com\/site\/ecuador\/wp-content\/uploads\/sites\/18\/2023\/08\/02e10f18-d4d6-4796-891f-054619502a07-e1692307206938.jpg\",\"contentUrl\":\"https:\/\/noti-america.com\/site\/ecuador\/wp-content\/uploads\/sites\/18\/2023\/08\/02e10f18-d4d6-4796-891f-054619502a07-e1692307206938.jpg\",\"width\":1152,\"height\":687},{\"@type\":\"BreadcrumbList\",\"@id\":\"https:\/\/noti-america.com\/site\/ecuador\/2023\/08\/17\/finaliza-la-campana-electoral-en-ecuador\/#breadcrumb\",\"itemListElement\":[{\"@type\":\"ListItem\",\"position\":1,\"name\":\"Portada\",\"item\":\"https:\/\/noti-america.com\/site\/ecuador\/\"},{\"@type\":\"ListItem\",\"position\":2,\"name\":\"Finaliza la campa\u00f1a electoral en Ecuador\"}]},{\"@type\":\"WebSite\",\"@id\":\"https:\/\/noti-america.com\/site\/ecuador\/#website\",\"url\":\"https:\/\/noti-america.com\/site\/ecuador\/\",\"name\":\"Ecuador | Noti-America.com\",\"description\":\"\",\"publisher\":{\"@id\":\"https:\/\/noti-america.com\/site\/ecuador\/#organization\"},\"potentialAction\":[{\"@type\":\"SearchAction\",\"target\":{\"@type\":\"EntryPoint\",\"urlTemplate\":\"https:\/\/noti-america.com\/site\/ecuador\/?s={search_term_string}\"},\"query-input\":{\"@type\":\"PropertyValueSpecification\",\"valueRequired\":true,\"valueName\":\"search_term_string\"}}],\"inLanguage\":\"es\"},{\"@type\":\"Organization\",\"@id\":\"https:\/\/noti-america.com\/site\/ecuador\/#organization\",\"name\":\"Noti-America LLC | Ecuador\",\"url\":\"https:\/\/noti-america.com\/site\/ecuador\/\",\"logo\":{\"@type\":\"ImageObject\",\"inLanguage\":\"es\",\"@id\":\"https:\/\/noti-america.com\/site\/ecuador\/#\/schema\/logo\/image\/\",\"url\":\"https:\/\/noti-america.com\/site\/ecuador\/wp-content\/uploads\/sites\/18\/2020\/07\/LogoNA-4x3-1.jpg\",\"contentUrl\":\"https:\/\/noti-america.com\/site\/ecuador\/wp-content\/uploads\/sites\/18\/2020\/07\/LogoNA-4x3-1.jpg\",\"width\":1236,\"height\":1080,\"caption\":\"Noti-America LLC | Ecuador\"},\"image\":{\"@id\":\"https:\/\/noti-america.com\/site\/ecuador\/#\/schema\/logo\/image\/\"},\"sameAs\":[\"https:\/\/x.com\/notiamerica\"]},{\"@type\":\"Person\",\"@id\":\"https:\/\/noti-america.com\/site\/ecuador\/#\/schema\/person\/00042412cfa9ecf98077f847ffadda4a\",\"name\":\"Henry Garrido\",\"image\":{\"@type\":\"ImageObject\",\"inLanguage\":\"es\",\"@id\":\"https:\/\/secure.gravatar.com\/avatar\/749ae5a1e6f22cf042f04b9f3f0a22732ae36970ccfd5c54a0a2ac3c4e1166ed?s=96&d=mm&r=g\",\"url\":\"https:\/\/secure.gravatar.com\/avatar\/749ae5a1e6f22cf042f04b9f3f0a22732ae36970ccfd5c54a0a2ac3c4e1166ed?s=96&d=mm&r=g\",\"contentUrl\":\"https:\/\/secure.gravatar.com\/avatar\/749ae5a1e6f22cf042f04b9f3f0a22732ae36970ccfd5c54a0a2ac3c4e1166ed?s=96&d=mm&r=g\",\"caption\":\"Henry Garrido\"},\"url\":\"https:\/\/noti-america.com\/site\/ecuador\/author\/hgarrido\/\"}]}<\/script>\n<!-- \/ Yoast SEO Premium plugin. -->","yoast_head_json":{"title":"Finaliza la campa\u00f1a electoral en Ecuador - Ecuador | Noti-America.com","robots":{"index":"index","follow":"follow","max-snippet":"max-snippet:-1","max-image-preview":"max-image-preview:large","max-video-preview":"max-video-preview:-1"},"canonical":"https:\/\/noti-america.com\/site\/ecuador\/2023\/08\/17\/finaliza-la-campana-electoral-en-ecuador\/","og_locale":"es_ES","og_type":"article","og_title":"Finaliza la campa\u00f1a electoral en Ecuador","og_description":"REDACCI\u00d3N NOTI-AM\u00c9RICA\u00a0(ECUADOR).\u00a0 Ecuador ir\u00e1 a las urnas nuevamente el domingo 20 de agosto como resultado de la muerte cruzada decretada por el presidente Guillermo Lasso, el 17 de mayo anterior, por la cual se&#46;&#46;&#46;","og_url":"https:\/\/noti-america.com\/site\/ecuador\/2023\/08\/17\/finaliza-la-campana-electoral-en-ecuador\/","og_site_name":"Ecuador | Noti-America.com","article_published_time":"2023-08-17T21:19:17+00:00","article_modified_time":"2023-08-17T21:28:22+00:00","og_image":[{"width":1152,"height":687,"url":"https:\/\/noti-america.com\/site\/ecuador\/wp-content\/uploads\/sites\/18\/2023\/08\/02e10f18-d4d6-4796-891f-054619502a07-e1692307206938.jpg","type":"image\/jpeg"}],"author":"Henry Garrido","twitter_card":"summary_large_image","twitter_creator":"@notiamerica","twitter_site":"@notiamerica","twitter_misc":{"Escrito por":"Henry Garrido","Tiempo estimado de lectura":"2 minutos"},"schema":{"@context":"https:\/\/schema.org","@graph":[{"@type":"Article","@id":"https:\/\/noti-america.com\/site\/ecuador\/2023\/08\/17\/finaliza-la-campana-electoral-en-ecuador\/#article","isPartOf":{"@id":"https:\/\/noti-america.com\/site\/ecuador\/2023\/08\/17\/finaliza-la-campana-electoral-en-ecuador\/"},"author":{"name":"Henry Garrido","@id":"https:\/\/noti-america.com\/site\/ecuador\/#\/schema\/person\/00042412cfa9ecf98077f847ffadda4a"},"headline":"Finaliza la campa\u00f1a electoral en Ecuador","datePublished":"2023-08-17T21:19:17+00:00","dateModified":"2023-08-17T21:28:22+00:00","mainEntityOfPage":{"@id":"https:\/\/noti-america.com\/site\/ecuador\/2023\/08\/17\/finaliza-la-campana-electoral-en-ecuador\/"},"wordCount":326,"commentCount":0,"publisher":{"@id":"https:\/\/noti-america.com\/site\/ecuador\/#organization"},"image":{"@id":"https:\/\/noti-america.com\/site\/ecuador\/2023\/08\/17\/finaliza-la-campana-electoral-en-ecuador\/#primaryimage"},"thumbnailUrl":"https:\/\/noti-america.com\/site\/ecuador\/wp-content\/uploads\/sites\/18\/2023\/08\/02e10f18-d4d6-4796-891f-054619502a07-e1692307206938.jpg","articleSection":["Actualidad"],"inLanguage":"es","potentialAction":[{"@type":"CommentAction","name":"Comment","target":["https:\/\/noti-america.com\/site\/ecuador\/2023\/08\/17\/finaliza-la-campana-electoral-en-ecuador\/#respond"]}]},{"@type":"WebPage","@id":"https:\/\/noti-america.com\/site\/ecuador\/2023\/08\/17\/finaliza-la-campana-electoral-en-ecuador\/","url":"https:\/\/noti-america.com\/site\/ecuador\/2023\/08\/17\/finaliza-la-campana-electoral-en-ecuador\/","name":"Finaliza la campa\u00f1a electoral en Ecuador - Ecuador | Noti-America.com","isPartOf":{"@id":"https:\/\/noti-america.com\/site\/ecuador\/#website"},"primaryImageOfPage":{"@id":"https:\/\/noti-america.com\/site\/ecuador\/2023\/08\/17\/finaliza-la-campana-electoral-en-ecuador\/#primaryimage"},"image":{"@id":"https:\/\/noti-america.com\/site\/ecuador\/2023\/08\/17\/finaliza-la-campana-electoral-en-ecuador\/#primaryimage"},"thumbnailUrl":"https:\/\/noti-america.com\/site\/ecuador\/wp-content\/uploads\/sites\/18\/2023\/08\/02e10f18-d4d6-4796-891f-054619502a07-e1692307206938.jpg","datePublished":"2023-08-17T21:19:17+00:00","dateModified":"2023-08-17T21:28:22+00:00","breadcrumb":{"@id":"https:\/\/noti-america.com\/site\/ecuador\/2023\/08\/17\/finaliza-la-campana-electoral-en-ecuador\/#breadcrumb"},"inLanguage":"es","potentialAction":[{"@type":"ReadAction","target":["https:\/\/noti-america.com\/site\/ecuador\/2023\/08\/17\/finaliza-la-campana-electoral-en-ecuador\/"]}]},{"@type":"ImageObject","inLanguage":"es","@id":"https:\/\/noti-america.com\/site\/ecuador\/2023\/08\/17\/finaliza-la-campana-electoral-en-ecuador\/#primaryimage","url":"https:\/\/noti-america.com\/site\/ecuador\/wp-content\/uploads\/sites\/18\/2023\/08\/02e10f18-d4d6-4796-891f-054619502a07-e1692307206938.jpg","contentUrl":"https:\/\/noti-america.com\/site\/ecuador\/wp-content\/uploads\/sites\/18\/2023\/08\/02e10f18-d4d6-4796-891f-054619502a07-e1692307206938.jpg","width":1152,"height":687},{"@type":"BreadcrumbList","@id":"https:\/\/noti-america.com\/site\/ecuador\/2023\/08\/17\/finaliza-la-campana-electoral-en-ecuador\/#breadcrumb","itemListElement":[{"@type":"ListItem","position":1,"name":"Portada","item":"https:\/\/noti-america.com\/site\/ecuador\/"},{"@type":"ListItem","position":2,"name":"Finaliza la campa\u00f1a electoral en Ecuador"}]},{"@type":"WebSite","@id":"https:\/\/noti-america.com\/site\/ecuador\/#website","url":"https:\/\/noti-america.com\/site\/ecuador\/","name":"Ecuador | Noti-America.com","description":"","publisher":{"@id":"https:\/\/noti-america.com\/site\/ecuador\/#organization"},"potentialAction":[{"@type":"SearchAction","target":{"@type":"EntryPoint","urlTemplate":"https:\/\/noti-america.com\/site\/ecuador\/?s={search_term_string}"},"query-input":{"@type":"PropertyValueSpecification","valueRequired":true,"valueName":"search_term_string"}}],"inLanguage":"es"},{"@type":"Organization","@id":"https:\/\/noti-america.com\/site\/ecuador\/#organization","name":"Noti-America LLC | Ecuador","url":"https:\/\/noti-america.com\/site\/ecuador\/","logo":{"@type":"ImageObject","inLanguage":"es","@id":"https:\/\/noti-america.com\/site\/ecuador\/#\/schema\/logo\/image\/","url":"https:\/\/noti-america.com\/site\/ecuador\/wp-content\/uploads\/sites\/18\/2020\/07\/LogoNA-4x3-1.jpg","contentUrl":"https:\/\/noti-america.com\/site\/ecuador\/wp-content\/uploads\/sites\/18\/2020\/07\/LogoNA-4x3-1.jpg","width":1236,"height":1080,"caption":"Noti-America LLC | Ecuador"},"image":{"@id":"https:\/\/noti-america.com\/site\/ecuador\/#\/schema\/logo\/image\/"},"sameAs":["https:\/\/x.com\/notiamerica"]},{"@type":"Person","@id":"https:\/\/noti-america.com\/site\/ecuador\/#\/schema\/person\/00042412cfa9ecf98077f847ffadda4a","name":"Henry Garrido","image":{"@type":"ImageObject","inLanguage":"es","@id":"https:\/\/secure.gravatar.com\/avatar\/749ae5a1e6f22cf042f04b9f3f0a22732ae36970ccfd5c54a0a2ac3c4e1166ed?s=96&d=mm&r=g","url":"https:\/\/secure.gravatar.com\/avatar\/749ae5a1e6f22cf042f04b9f3f0a22732ae36970ccfd5c54a0a2ac3c4e1166ed?s=96&d=mm&r=g","contentUrl":"https:\/\/secure.gravatar.com\/avatar\/749ae5a1e6f22cf042f04b9f3f0a22732ae36970ccfd5c54a0a2ac3c4e1166ed?s=96&d=mm&r=g","caption":"Henry Garrido"},"url":"https:\/\/noti-america.com\/site\/ecuador\/author\/hgarrido\/"}]}},"_links":{"self":[{"href":"https:\/\/noti-america.com\/site\/ecuador\/wp-json\/wp\/v2\/posts\/26106","targetHints":{"allow":["GET"]}}],"collection":[{"href":"https:\/\/noti-america.com\/site\/ecuador\/wp-json\/wp\/v2\/posts"}],"about":[{"href":"https:\/\/noti-america.com\/site\/ecuador\/wp-json\/wp\/v2\/types\/post"}],"author":[{"embeddable":true,"href":"https:\/\/noti-america.com\/site\/ecuador\/wp-json\/wp\/v2\/users\/144"}],"replies":[{"embeddable":true,"href":"https:\/\/noti-america.com\/site\/ecuador\/wp-json\/wp\/v2\/comments?post=26106"}],"version-history":[{"count":4,"href":"https:\/\/noti-america.com\/site\/ecuador\/wp-json\/wp\/v2\/posts\/26106\/revisions"}],"predecessor-version":[{"id":26117,"href":"https:\/\/noti-america.com\/site\/ecuador\/wp-json\/wp\/v2\/posts\/26106\/revisions\/26117"}],"wp:featuredmedia":[{"embeddable":true,"href":"https:\/\/noti-america.com\/site\/ecuador\/wp-json\/wp\/v2\/media\/26108"}],"wp:attachment":[{"href":"https:\/\/noti-america.com\/site\/ecuador\/wp-json\/wp\/v2\/media?parent=26106"}],"wp:term":[{"taxonomy":"category","embeddable":true,"href":"https:\/\/noti-america.com\/site\/ecuador\/wp-json\/wp\/v2\/categories?post=26106"},{"taxonomy":"post_tag","embeddable":true,"href":"https:\/\/noti-america.com\/site\/ecuador\/wp-json\/wp\/v2\/tags?post=26106"}],"curies":[{"name":"wp","href":"https:\/\/api.w.org\/{rel}","templated":true}]}}