{"id":25800,"date":"2023-08-01T05:11:13","date_gmt":"2023-08-01T05:11:13","guid":{"rendered":"https:\/\/noti-america.com\/site\/ecuador\/?p=25800"},"modified":"2023-08-01T05:26:40","modified_gmt":"2023-08-01T05:26:40","slug":"presidenciable-jan-topic-utilizara-la-tecnologia-para-controlar-las-carceles-del-ecuador","status":"publish","type":"post","link":"https:\/\/noti-america.com\/site\/ecuador\/2023\/08\/01\/presidenciable-jan-topic-utilizara-la-tecnologia-para-controlar-las-carceles-del-ecuador\/","title":{"rendered":"Jan Topic: tengo la tecnolog\u00eda para controlar las c\u00e1rceles y que retorne la seguridad"},"content":{"rendered":"<p>REDACCI\u00d3N NOTI-AM\u00c9RICA\u00a0<strong>(ECUADOR).<\/strong><\/p>\n<div id=\"attachment_25801\" style=\"width: 196px\" class=\"wp-caption aligncenter\"><img loading=\"lazy\" decoding=\"async\" aria-describedby=\"caption-attachment-25801\" class=\"size-medium wp-image-25801\" src=\"https:\/\/noti-america.com\/site\/ecuador\/wp-content\/uploads\/sites\/18\/2023\/08\/IMG-20230801-WA0001-186x300.jpg\" alt=\"El presidenciable Jan Topic enfatiz\u00f3 en Guayaquil que la seguridad es fundamental para garantizar el derecho a la vida y prometi\u00f3 devolver la esperanza al Ecuador de ocupar la Primera Magistratura.\" width=\"186\" height=\"300\" srcset=\"https:\/\/noti-america.com\/site\/ecuador\/wp-content\/uploads\/sites\/18\/2023\/08\/IMG-20230801-WA0001-186x300.jpg 186w, https:\/\/noti-america.com\/site\/ecuador\/wp-content\/uploads\/sites\/18\/2023\/08\/IMG-20230801-WA0001-636x1024.jpg 636w, https:\/\/noti-america.com\/site\/ecuador\/wp-content\/uploads\/sites\/18\/2023\/08\/IMG-20230801-WA0001-768x1237.jpg 768w, https:\/\/noti-america.com\/site\/ecuador\/wp-content\/uploads\/sites\/18\/2023\/08\/IMG-20230801-WA0001.jpg 795w\" sizes=\"auto, (max-width: 186px) 100vw, 186px\" \/><p id=\"caption-attachment-25801\" class=\"wp-caption-text\">Jan Topic enfatiz\u00f3 que la seguridad es fundamental para garantizar el derecho a la vida y prometi\u00f3 devolver la esperanza al Ecuador de ocupar la Primera Magistratura.<\/p><\/div>\n<p style=\"text-align: justify\">El candidato a la Presidencia, Jan Topic, se comprometi\u00f3 hoy a impulsar un cambio en la seguridad y restaurar la paz en las c\u00e1rceles del Ecuador de ser elegido en las elecciones del 20 de agosto de 2023.<br \/>\nDijo que puede llegar a ello utilizando su experiencia en tecnolog\u00eda de punta, implementando antenas inhibidoras de se\u00f1al para evitar que los presos dirijan actividades criminales desde las c\u00e1rceles.<br \/>\nSu programa de seguridad incluye el control efectivo de las c\u00e1rceles y la reintegraci\u00f3n de los privados de libertad mediante programas de rehabilitaci\u00f3n \u00abporque desde las c\u00e1rceles se origina esta violencia de los cabecillas de bandas criminales\u00bb.<br \/>\nEl postulante rechaz\u00f3 adem\u00e1s cualquier tipo de negociaci\u00f3n con los criminales y prometi\u00f3 perseguir a los m\u00e1s buscados.<br \/>\nTopic, en su propuesta de trabajo, tiene otros temas para: lograr la generaci\u00f3n de empleo, mejorar la educaci\u00f3n, implementar la alimentaci\u00f3n escolar y el acceso a salud p\u00fablica gratuita a trav\u00e9s de telemedicina.<\/p>\n","protected":false},"excerpt":{"rendered":"<p>REDACCI\u00d3N NOTI-AM\u00c9RICA\u00a0(ECUADOR). El candidato a la Presidencia, Jan Topic, se comprometi\u00f3 hoy a impulsar un cambio en la seguridad y restaurar la paz en las c\u00e1rceles del Ecuador de ser elegido en las elecciones&#46;&#46;&#46;<\/p>\n","protected":false},"author":81,"featured_media":25801,"comment_status":"open","ping_status":"open","sticky":false,"template":"","format":"standard","meta":{"_acf_changed":false,"om_disable_all_campaigns":false,"rop_custom_images_group":[],"rop_custom_messages_group":[],"rop_publish_now":"initial","rop_publish_now_accounts":{"twitter_242054905_242054905":""},"rop_publish_now_history":[],"rop_publish_now_status":"pending","_uf_show_specific_survey":0,"_uf_disable_surveys":false,"footnotes":""},"categories":[31,42,109],"tags":[],"class_list":["post-25800","post","type-post","status-publish","format-standard","has-post-thumbnail","hentry","category-ciencia-y-tecnologia","category-noticias","category-seguridad"],"acf":[],"aioseo_notices":[],"yoast_head":"<!-- This site is optimized with the Yoast SEO Premium plugin v24.9 (Yoast SEO v27.2) - https:\/\/yoast.com\/product\/yoast-seo-premium-wordpress\/ -->\n<title>Jan Topic: tengo la tecnolog\u00eda para controlar las c\u00e1rceles y que retorne la seguridad - Ecuador | Noti-America.com<\/title>\n<meta name=\"robots\" content=\"index, follow, max-snippet:-1, max-image-preview:large, max-video-preview:-1\" \/>\n<link rel=\"canonical\" href=\"https:\/\/noti-america.com\/site\/ecuador\/2023\/08\/01\/presidenciable-jan-topic-utilizara-la-tecnologia-para-controlar-las-carceles-del-ecuador\/\" \/>\n<meta property=\"og:locale\" content=\"es_ES\" \/>\n<meta property=\"og:type\" content=\"article\" \/>\n<meta property=\"og:title\" content=\"Jan Topic: tengo la tecnolog\u00eda para controlar las c\u00e1rceles y que retorne la seguridad\" \/>\n<meta property=\"og:description\" content=\"REDACCI\u00d3N NOTI-AM\u00c9RICA\u00a0(ECUADOR). El candidato a la Presidencia, Jan Topic, se comprometi\u00f3 hoy a impulsar un cambio en la seguridad y restaurar la paz en las c\u00e1rceles del Ecuador de ser elegido en las elecciones&#046;&#046;&#046;\" \/>\n<meta property=\"og:url\" content=\"https:\/\/noti-america.com\/site\/ecuador\/2023\/08\/01\/presidenciable-jan-topic-utilizara-la-tecnologia-para-controlar-las-carceles-del-ecuador\/\" \/>\n<meta property=\"og:site_name\" content=\"Ecuador | Noti-America.com\" \/>\n<meta property=\"article:published_time\" content=\"2023-08-01T05:11:13+00:00\" \/>\n<meta property=\"article:modified_time\" content=\"2023-08-01T05:26:40+00:00\" \/>\n<meta property=\"og:image\" content=\"https:\/\/noti-america.com\/site\/ecuador\/wp-content\/uploads\/sites\/18\/2023\/08\/IMG-20230801-WA0001.jpg\" \/>\n\t<meta property=\"og:image:width\" content=\"795\" \/>\n\t<meta property=\"og:image:height\" content=\"1280\" \/>\n\t<meta property=\"og:image:type\" content=\"image\/jpeg\" \/>\n<meta name=\"author\" content=\"Boris Moyano\" \/>\n<meta name=\"twitter:card\" content=\"summary_large_image\" \/>\n<meta name=\"twitter:creator\" content=\"@notiamerica\" \/>\n<meta name=\"twitter:site\" content=\"@notiamerica\" \/>\n<meta name=\"twitter:label1\" content=\"Escrito por\" \/>\n\t<meta name=\"twitter:data1\" content=\"Boris Moyano\" \/>\n\t<meta name=\"twitter:label2\" content=\"Tiempo estimado de lectura\" \/>\n\t<meta name=\"twitter:data2\" content=\"2 minutos\" \/>\n<script type=\"application\/ld+json\" class=\"yoast-schema-graph\">{\"@context\":\"https:\/\/schema.org\",\"@graph\":[{\"@type\":\"Article\",\"@id\":\"https:\/\/noti-america.com\/site\/ecuador\/2023\/08\/01\/presidenciable-jan-topic-utilizara-la-tecnologia-para-controlar-las-carceles-del-ecuador\/#article\",\"isPartOf\":{\"@id\":\"https:\/\/noti-america.com\/site\/ecuador\/2023\/08\/01\/presidenciable-jan-topic-utilizara-la-tecnologia-para-controlar-las-carceles-del-ecuador\/\"},\"author\":{\"name\":\"Boris Moyano\",\"@id\":\"https:\/\/noti-america.com\/site\/ecuador\/#\/schema\/person\/063740b70e1baad7ce400b3b8bd8b8e3\"},\"headline\":\"Jan Topic: tengo la tecnolog\u00eda para controlar las c\u00e1rceles y que retorne la seguridad\",\"datePublished\":\"2023-08-01T05:11:13+00:00\",\"dateModified\":\"2023-08-01T05:26:40+00:00\",\"mainEntityOfPage\":{\"@id\":\"https:\/\/noti-america.com\/site\/ecuador\/2023\/08\/01\/presidenciable-jan-topic-utilizara-la-tecnologia-para-controlar-las-carceles-del-ecuador\/\"},\"wordCount\":224,\"commentCount\":0,\"publisher\":{\"@id\":\"https:\/\/noti-america.com\/site\/ecuador\/#organization\"},\"image\":{\"@id\":\"https:\/\/noti-america.com\/site\/ecuador\/2023\/08\/01\/presidenciable-jan-topic-utilizara-la-tecnologia-para-controlar-las-carceles-del-ecuador\/#primaryimage\"},\"thumbnailUrl\":\"https:\/\/noti-america.com\/site\/ecuador\/wp-content\/uploads\/sites\/18\/2023\/08\/IMG-20230801-WA0001.jpg\",\"articleSection\":[\"Ciencia y Tecnolog\u00eda\",\"Noticias\",\"Seguridad\"],\"inLanguage\":\"es\",\"potentialAction\":[{\"@type\":\"CommentAction\",\"name\":\"Comment\",\"target\":[\"https:\/\/noti-america.com\/site\/ecuador\/2023\/08\/01\/presidenciable-jan-topic-utilizara-la-tecnologia-para-controlar-las-carceles-del-ecuador\/#respond\"]}]},{\"@type\":\"WebPage\",\"@id\":\"https:\/\/noti-america.com\/site\/ecuador\/2023\/08\/01\/presidenciable-jan-topic-utilizara-la-tecnologia-para-controlar-las-carceles-del-ecuador\/\",\"url\":\"https:\/\/noti-america.com\/site\/ecuador\/2023\/08\/01\/presidenciable-jan-topic-utilizara-la-tecnologia-para-controlar-las-carceles-del-ecuador\/\",\"name\":\"Jan Topic: tengo la tecnolog\u00eda para controlar las c\u00e1rceles y que retorne la seguridad - Ecuador | Noti-America.com\",\"isPartOf\":{\"@id\":\"https:\/\/noti-america.com\/site\/ecuador\/#website\"},\"primaryImageOfPage\":{\"@id\":\"https:\/\/noti-america.com\/site\/ecuador\/2023\/08\/01\/presidenciable-jan-topic-utilizara-la-tecnologia-para-controlar-las-carceles-del-ecuador\/#primaryimage\"},\"image\":{\"@id\":\"https:\/\/noti-america.com\/site\/ecuador\/2023\/08\/01\/presidenciable-jan-topic-utilizara-la-tecnologia-para-controlar-las-carceles-del-ecuador\/#primaryimage\"},\"thumbnailUrl\":\"https:\/\/noti-america.com\/site\/ecuador\/wp-content\/uploads\/sites\/18\/2023\/08\/IMG-20230801-WA0001.jpg\",\"datePublished\":\"2023-08-01T05:11:13+00:00\",\"dateModified\":\"2023-08-01T05:26:40+00:00\",\"breadcrumb\":{\"@id\":\"https:\/\/noti-america.com\/site\/ecuador\/2023\/08\/01\/presidenciable-jan-topic-utilizara-la-tecnologia-para-controlar-las-carceles-del-ecuador\/#breadcrumb\"},\"inLanguage\":\"es\",\"potentialAction\":[{\"@type\":\"ReadAction\",\"target\":[\"https:\/\/noti-america.com\/site\/ecuador\/2023\/08\/01\/presidenciable-jan-topic-utilizara-la-tecnologia-para-controlar-las-carceles-del-ecuador\/\"]}]},{\"@type\":\"ImageObject\",\"inLanguage\":\"es\",\"@id\":\"https:\/\/noti-america.com\/site\/ecuador\/2023\/08\/01\/presidenciable-jan-topic-utilizara-la-tecnologia-para-controlar-las-carceles-del-ecuador\/#primaryimage\",\"url\":\"https:\/\/noti-america.com\/site\/ecuador\/wp-content\/uploads\/sites\/18\/2023\/08\/IMG-20230801-WA0001.jpg\",\"contentUrl\":\"https:\/\/noti-america.com\/site\/ecuador\/wp-content\/uploads\/sites\/18\/2023\/08\/IMG-20230801-WA0001.jpg\",\"width\":795,\"height\":1280,\"caption\":\"El presidenciable Jan Topic enfatiz\u00f3 en Guayaquil que la seguridad es fundamental para garantizar el derecho a la vida y prometi\u00f3 devolver la esperanza al Ecuador de ocupar la Primera Magistratura.\"},{\"@type\":\"BreadcrumbList\",\"@id\":\"https:\/\/noti-america.com\/site\/ecuador\/2023\/08\/01\/presidenciable-jan-topic-utilizara-la-tecnologia-para-controlar-las-carceles-del-ecuador\/#breadcrumb\",\"itemListElement\":[{\"@type\":\"ListItem\",\"position\":1,\"name\":\"Portada\",\"item\":\"https:\/\/noti-america.com\/site\/ecuador\/\"},{\"@type\":\"ListItem\",\"position\":2,\"name\":\"Jan Topic: tengo la tecnolog\u00eda para controlar las c\u00e1rceles y que retorne la seguridad\"}]},{\"@type\":\"WebSite\",\"@id\":\"https:\/\/noti-america.com\/site\/ecuador\/#website\",\"url\":\"https:\/\/noti-america.com\/site\/ecuador\/\",\"name\":\"Ecuador | Noti-America.com\",\"description\":\"\",\"publisher\":{\"@id\":\"https:\/\/noti-america.com\/site\/ecuador\/#organization\"},\"potentialAction\":[{\"@type\":\"SearchAction\",\"target\":{\"@type\":\"EntryPoint\",\"urlTemplate\":\"https:\/\/noti-america.com\/site\/ecuador\/?s={search_term_string}\"},\"query-input\":{\"@type\":\"PropertyValueSpecification\",\"valueRequired\":true,\"valueName\":\"search_term_string\"}}],\"inLanguage\":\"es\"},{\"@type\":\"Organization\",\"@id\":\"https:\/\/noti-america.com\/site\/ecuador\/#organization\",\"name\":\"Noti-America LLC | Ecuador\",\"url\":\"https:\/\/noti-america.com\/site\/ecuador\/\",\"logo\":{\"@type\":\"ImageObject\",\"inLanguage\":\"es\",\"@id\":\"https:\/\/noti-america.com\/site\/ecuador\/#\/schema\/logo\/image\/\",\"url\":\"https:\/\/noti-america.com\/site\/ecuador\/wp-content\/uploads\/sites\/18\/2020\/07\/LogoNA-4x3-1.jpg\",\"contentUrl\":\"https:\/\/noti-america.com\/site\/ecuador\/wp-content\/uploads\/sites\/18\/2020\/07\/LogoNA-4x3-1.jpg\",\"width\":1236,\"height\":1080,\"caption\":\"Noti-America LLC | Ecuador\"},\"image\":{\"@id\":\"https:\/\/noti-america.com\/site\/ecuador\/#\/schema\/logo\/image\/\"},\"sameAs\":[\"https:\/\/x.com\/notiamerica\"]},{\"@type\":\"Person\",\"@id\":\"https:\/\/noti-america.com\/site\/ecuador\/#\/schema\/person\/063740b70e1baad7ce400b3b8bd8b8e3\",\"name\":\"Boris Moyano\",\"image\":{\"@type\":\"ImageObject\",\"inLanguage\":\"es\",\"@id\":\"https:\/\/secure.gravatar.com\/avatar\/1635fd8d206bae736e855dfe91602736d1ea92af1a7f3fa7f62c848f245a1404?s=96&d=mm&r=g\",\"url\":\"https:\/\/secure.gravatar.com\/avatar\/1635fd8d206bae736e855dfe91602736d1ea92af1a7f3fa7f62c848f245a1404?s=96&d=mm&r=g\",\"contentUrl\":\"https:\/\/secure.gravatar.com\/avatar\/1635fd8d206bae736e855dfe91602736d1ea92af1a7f3fa7f62c848f245a1404?s=96&d=mm&r=g\",\"caption\":\"Boris Moyano\"},\"url\":\"https:\/\/noti-america.com\/site\/ecuador\/author\/bmoyano\/\"}]}<\/script>\n<!-- \/ Yoast SEO Premium plugin. -->","yoast_head_json":{"title":"Jan Topic: tengo la tecnolog\u00eda para controlar las c\u00e1rceles y que retorne la seguridad - Ecuador | Noti-America.com","robots":{"index":"index","follow":"follow","max-snippet":"max-snippet:-1","max-image-preview":"max-image-preview:large","max-video-preview":"max-video-preview:-1"},"canonical":"https:\/\/noti-america.com\/site\/ecuador\/2023\/08\/01\/presidenciable-jan-topic-utilizara-la-tecnologia-para-controlar-las-carceles-del-ecuador\/","og_locale":"es_ES","og_type":"article","og_title":"Jan Topic: tengo la tecnolog\u00eda para controlar las c\u00e1rceles y que retorne la seguridad","og_description":"REDACCI\u00d3N NOTI-AM\u00c9RICA\u00a0(ECUADOR). El candidato a la Presidencia, Jan Topic, se comprometi\u00f3 hoy a impulsar un cambio en la seguridad y restaurar la paz en las c\u00e1rceles del Ecuador de ser elegido en las elecciones&#46;&#46;&#46;","og_url":"https:\/\/noti-america.com\/site\/ecuador\/2023\/08\/01\/presidenciable-jan-topic-utilizara-la-tecnologia-para-controlar-las-carceles-del-ecuador\/","og_site_name":"Ecuador | Noti-America.com","article_published_time":"2023-08-01T05:11:13+00:00","article_modified_time":"2023-08-01T05:26:40+00:00","og_image":[{"width":795,"height":1280,"url":"https:\/\/noti-america.com\/site\/ecuador\/wp-content\/uploads\/sites\/18\/2023\/08\/IMG-20230801-WA0001.jpg","type":"image\/jpeg"}],"author":"Boris Moyano","twitter_card":"summary_large_image","twitter_creator":"@notiamerica","twitter_site":"@notiamerica","twitter_misc":{"Escrito por":"Boris Moyano","Tiempo estimado de lectura":"2 minutos"},"schema":{"@context":"https:\/\/schema.org","@graph":[{"@type":"Article","@id":"https:\/\/noti-america.com\/site\/ecuador\/2023\/08\/01\/presidenciable-jan-topic-utilizara-la-tecnologia-para-controlar-las-carceles-del-ecuador\/#article","isPartOf":{"@id":"https:\/\/noti-america.com\/site\/ecuador\/2023\/08\/01\/presidenciable-jan-topic-utilizara-la-tecnologia-para-controlar-las-carceles-del-ecuador\/"},"author":{"name":"Boris Moyano","@id":"https:\/\/noti-america.com\/site\/ecuador\/#\/schema\/person\/063740b70e1baad7ce400b3b8bd8b8e3"},"headline":"Jan Topic: tengo la tecnolog\u00eda para controlar las c\u00e1rceles y que retorne la seguridad","datePublished":"2023-08-01T05:11:13+00:00","dateModified":"2023-08-01T05:26:40+00:00","mainEntityOfPage":{"@id":"https:\/\/noti-america.com\/site\/ecuador\/2023\/08\/01\/presidenciable-jan-topic-utilizara-la-tecnologia-para-controlar-las-carceles-del-ecuador\/"},"wordCount":224,"commentCount":0,"publisher":{"@id":"https:\/\/noti-america.com\/site\/ecuador\/#organization"},"image":{"@id":"https:\/\/noti-america.com\/site\/ecuador\/2023\/08\/01\/presidenciable-jan-topic-utilizara-la-tecnologia-para-controlar-las-carceles-del-ecuador\/#primaryimage"},"thumbnailUrl":"https:\/\/noti-america.com\/site\/ecuador\/wp-content\/uploads\/sites\/18\/2023\/08\/IMG-20230801-WA0001.jpg","articleSection":["Ciencia y Tecnolog\u00eda","Noticias","Seguridad"],"inLanguage":"es","potentialAction":[{"@type":"CommentAction","name":"Comment","target":["https:\/\/noti-america.com\/site\/ecuador\/2023\/08\/01\/presidenciable-jan-topic-utilizara-la-tecnologia-para-controlar-las-carceles-del-ecuador\/#respond"]}]},{"@type":"WebPage","@id":"https:\/\/noti-america.com\/site\/ecuador\/2023\/08\/01\/presidenciable-jan-topic-utilizara-la-tecnologia-para-controlar-las-carceles-del-ecuador\/","url":"https:\/\/noti-america.com\/site\/ecuador\/2023\/08\/01\/presidenciable-jan-topic-utilizara-la-tecnologia-para-controlar-las-carceles-del-ecuador\/","name":"Jan Topic: tengo la tecnolog\u00eda para controlar las c\u00e1rceles y que retorne la seguridad - Ecuador | Noti-America.com","isPartOf":{"@id":"https:\/\/noti-america.com\/site\/ecuador\/#website"},"primaryImageOfPage":{"@id":"https:\/\/noti-america.com\/site\/ecuador\/2023\/08\/01\/presidenciable-jan-topic-utilizara-la-tecnologia-para-controlar-las-carceles-del-ecuador\/#primaryimage"},"image":{"@id":"https:\/\/noti-america.com\/site\/ecuador\/2023\/08\/01\/presidenciable-jan-topic-utilizara-la-tecnologia-para-controlar-las-carceles-del-ecuador\/#primaryimage"},"thumbnailUrl":"https:\/\/noti-america.com\/site\/ecuador\/wp-content\/uploads\/sites\/18\/2023\/08\/IMG-20230801-WA0001.jpg","datePublished":"2023-08-01T05:11:13+00:00","dateModified":"2023-08-01T05:26:40+00:00","breadcrumb":{"@id":"https:\/\/noti-america.com\/site\/ecuador\/2023\/08\/01\/presidenciable-jan-topic-utilizara-la-tecnologia-para-controlar-las-carceles-del-ecuador\/#breadcrumb"},"inLanguage":"es","potentialAction":[{"@type":"ReadAction","target":["https:\/\/noti-america.com\/site\/ecuador\/2023\/08\/01\/presidenciable-jan-topic-utilizara-la-tecnologia-para-controlar-las-carceles-del-ecuador\/"]}]},{"@type":"ImageObject","inLanguage":"es","@id":"https:\/\/noti-america.com\/site\/ecuador\/2023\/08\/01\/presidenciable-jan-topic-utilizara-la-tecnologia-para-controlar-las-carceles-del-ecuador\/#primaryimage","url":"https:\/\/noti-america.com\/site\/ecuador\/wp-content\/uploads\/sites\/18\/2023\/08\/IMG-20230801-WA0001.jpg","contentUrl":"https:\/\/noti-america.com\/site\/ecuador\/wp-content\/uploads\/sites\/18\/2023\/08\/IMG-20230801-WA0001.jpg","width":795,"height":1280,"caption":"El presidenciable Jan Topic enfatiz\u00f3 en Guayaquil que la seguridad es fundamental para garantizar el derecho a la vida y prometi\u00f3 devolver la esperanza al Ecuador de ocupar la Primera Magistratura."},{"@type":"BreadcrumbList","@id":"https:\/\/noti-america.com\/site\/ecuador\/2023\/08\/01\/presidenciable-jan-topic-utilizara-la-tecnologia-para-controlar-las-carceles-del-ecuador\/#breadcrumb","itemListElement":[{"@type":"ListItem","position":1,"name":"Portada","item":"https:\/\/noti-america.com\/site\/ecuador\/"},{"@type":"ListItem","position":2,"name":"Jan Topic: tengo la tecnolog\u00eda para controlar las c\u00e1rceles y que retorne la seguridad"}]},{"@type":"WebSite","@id":"https:\/\/noti-america.com\/site\/ecuador\/#website","url":"https:\/\/noti-america.com\/site\/ecuador\/","name":"Ecuador | Noti-America.com","description":"","publisher":{"@id":"https:\/\/noti-america.com\/site\/ecuador\/#organization"},"potentialAction":[{"@type":"SearchAction","target":{"@type":"EntryPoint","urlTemplate":"https:\/\/noti-america.com\/site\/ecuador\/?s={search_term_string}"},"query-input":{"@type":"PropertyValueSpecification","valueRequired":true,"valueName":"search_term_string"}}],"inLanguage":"es"},{"@type":"Organization","@id":"https:\/\/noti-america.com\/site\/ecuador\/#organization","name":"Noti-America LLC | Ecuador","url":"https:\/\/noti-america.com\/site\/ecuador\/","logo":{"@type":"ImageObject","inLanguage":"es","@id":"https:\/\/noti-america.com\/site\/ecuador\/#\/schema\/logo\/image\/","url":"https:\/\/noti-america.com\/site\/ecuador\/wp-content\/uploads\/sites\/18\/2020\/07\/LogoNA-4x3-1.jpg","contentUrl":"https:\/\/noti-america.com\/site\/ecuador\/wp-content\/uploads\/sites\/18\/2020\/07\/LogoNA-4x3-1.jpg","width":1236,"height":1080,"caption":"Noti-America LLC | Ecuador"},"image":{"@id":"https:\/\/noti-america.com\/site\/ecuador\/#\/schema\/logo\/image\/"},"sameAs":["https:\/\/x.com\/notiamerica"]},{"@type":"Person","@id":"https:\/\/noti-america.com\/site\/ecuador\/#\/schema\/person\/063740b70e1baad7ce400b3b8bd8b8e3","name":"Boris Moyano","image":{"@type":"ImageObject","inLanguage":"es","@id":"https:\/\/secure.gravatar.com\/avatar\/1635fd8d206bae736e855dfe91602736d1ea92af1a7f3fa7f62c848f245a1404?s=96&d=mm&r=g","url":"https:\/\/secure.gravatar.com\/avatar\/1635fd8d206bae736e855dfe91602736d1ea92af1a7f3fa7f62c848f245a1404?s=96&d=mm&r=g","contentUrl":"https:\/\/secure.gravatar.com\/avatar\/1635fd8d206bae736e855dfe91602736d1ea92af1a7f3fa7f62c848f245a1404?s=96&d=mm&r=g","caption":"Boris Moyano"},"url":"https:\/\/noti-america.com\/site\/ecuador\/author\/bmoyano\/"}]}},"_links":{"self":[{"href":"https:\/\/noti-america.com\/site\/ecuador\/wp-json\/wp\/v2\/posts\/25800","targetHints":{"allow":["GET"]}}],"collection":[{"href":"https:\/\/noti-america.com\/site\/ecuador\/wp-json\/wp\/v2\/posts"}],"about":[{"href":"https:\/\/noti-america.com\/site\/ecuador\/wp-json\/wp\/v2\/types\/post"}],"author":[{"embeddable":true,"href":"https:\/\/noti-america.com\/site\/ecuador\/wp-json\/wp\/v2\/users\/81"}],"replies":[{"embeddable":true,"href":"https:\/\/noti-america.com\/site\/ecuador\/wp-json\/wp\/v2\/comments?post=25800"}],"version-history":[{"count":5,"href":"https:\/\/noti-america.com\/site\/ecuador\/wp-json\/wp\/v2\/posts\/25800\/revisions"}],"predecessor-version":[{"id":25811,"href":"https:\/\/noti-america.com\/site\/ecuador\/wp-json\/wp\/v2\/posts\/25800\/revisions\/25811"}],"wp:featuredmedia":[{"embeddable":true,"href":"https:\/\/noti-america.com\/site\/ecuador\/wp-json\/wp\/v2\/media\/25801"}],"wp:attachment":[{"href":"https:\/\/noti-america.com\/site\/ecuador\/wp-json\/wp\/v2\/media?parent=25800"}],"wp:term":[{"taxonomy":"category","embeddable":true,"href":"https:\/\/noti-america.com\/site\/ecuador\/wp-json\/wp\/v2\/categories?post=25800"},{"taxonomy":"post_tag","embeddable":true,"href":"https:\/\/noti-america.com\/site\/ecuador\/wp-json\/wp\/v2\/tags?post=25800"}],"curies":[{"name":"wp","href":"https:\/\/api.w.org\/{rel}","templated":true}]}}