{"id":25791,"date":"2023-08-01T00:44:28","date_gmt":"2023-08-01T00:44:28","guid":{"rendered":"https:\/\/noti-america.com\/site\/ecuador\/?p=25791"},"modified":"2023-08-01T00:44:28","modified_gmt":"2023-08-01T00:44:28","slug":"pfizer-busca-talento-para-sus-equipos-en-america-latina","status":"publish","type":"post","link":"https:\/\/noti-america.com\/site\/ecuador\/2023\/08\/01\/pfizer-busca-talento-para-sus-equipos-en-america-latina\/","title":{"rendered":"Pfizer busca talento para sus equipos en Am\u00e9rica Latina"},"content":{"rendered":"<p>REDACCI\u00d3N NOTI-AM\u00c9RICA\u00a0<strong>(ECUADOR).<\/strong><\/p>\n<p style=\"text-align: justify\"><img loading=\"lazy\" decoding=\"async\" class=\"size-medium wp-image-25792 alignleft\" src=\"https:\/\/noti-america.com\/site\/ecuador\/wp-content\/uploads\/sites\/18\/2023\/08\/1605047127_685803_1605047332_noticia_normal_recorte1-300x169.jpg\" alt=\"\" width=\"300\" height=\"169\" srcset=\"https:\/\/noti-america.com\/site\/ecuador\/wp-content\/uploads\/sites\/18\/2023\/08\/1605047127_685803_1605047332_noticia_normal_recorte1-300x169.jpg 300w, https:\/\/noti-america.com\/site\/ecuador\/wp-content\/uploads\/sites\/18\/2023\/08\/1605047127_685803_1605047332_noticia_normal_recorte1.jpg 720w\" sizes=\"auto, (max-width: 300px) 100vw, 300px\" \/>Pfizer lanza su campa\u00f1a de reclutamiento \u201c<strong>El mismo talento, las mismas oportunidades<\/strong>\u201d, dirigida a personas de diversos grupos de origen e identidad para que puedan integrarse a los equipos de Pfizer en Am\u00e9rica Latina.<\/p>\n<p style=\"text-align: justify\">Esta campa\u00f1a tiene como objetivo generar m\u00e1s y mejores oportunidades laborales para todas las personas, sin importar su condici\u00f3n sexual, de g\u00e9nero, o discapacidad.<\/p>\n<p style=\"text-align: justify\">\u201cEn Pfizer buscamos fomentar el desarrollo de nuestros colaboradores, sin importar su condici\u00f3n\u00bb, coment\u00f3 Rodrigo P\u00e9rez, L\u00edder de Atracci\u00f3n de Talento de Pfizer. \u00abParte de nuestro ADN est\u00e1 en promover el talento en todas sus formas, ayudando a generar espacios seguros y trabajando con responsabilidad por un mundo con diversidad, equidad e inclusi\u00f3n\u201d.<\/p>\n<p style=\"text-align: justify\">A nivel mundial, las empresas l\u00edderes implementan cada vez m\u00e1s acciones para construir espacios de trabajo favorables para sus colaboradores, mediante diversas iniciativas con enfoques que favorecen a la diversidad, la inclusi\u00f3n y la equidad en las relaciones laborales. Todo esto repercute en la atracci\u00f3n y retenci\u00f3n del talento.<\/p>\n<p style=\"text-align: justify\">Esta es la primera vez que Pfizer lanza una convocatoria de atracci\u00f3n de talento enfocada particularmente en estos grupos diversos<\/p>\n<p style=\"text-align: justify\">La compa\u00f1\u00eda ha dispuesto un formulario con nueve preguntas <a href=\"https:\/\/www.pfi.sr\/deipfe\">https:\/\/www.pfi.sr\/deipfe<\/a> para que las personas se puedan inscribir, seg\u00fan el \u00e1rea profesional de desarrollo, pa\u00eds de residencia y sus habilidades t\u00e9cnicas y\/o profesionales. En esta inscripci\u00f3n, cada persona puede seleccionar el grupo con el que se auto-identifique.<\/p>\n<p style=\"text-align: justify\">Una vez que las personas env\u00eden el formulario ser\u00e1n contactados por un encargado de reclutamiento que les solicitar\u00e1 documentaci\u00f3n y antecedentes para sumarlas a futuras vacantes.<\/p>\n","protected":false},"excerpt":{"rendered":"<p>REDACCI\u00d3N NOTI-AM\u00c9RICA\u00a0(ECUADOR). Pfizer lanza su campa\u00f1a de reclutamiento \u201cEl mismo talento, las mismas oportunidades\u201d, dirigida a personas de diversos grupos de origen e identidad para que puedan integrarse a los equipos de Pfizer en&#46;&#46;&#46;<\/p>\n","protected":false},"author":144,"featured_media":25792,"comment_status":"open","ping_status":"open","sticky":false,"template":"","format":"standard","meta":{"_acf_changed":false,"om_disable_all_campaigns":false,"rop_custom_images_group":[],"rop_custom_messages_group":[],"rop_publish_now":"initial","rop_publish_now_accounts":{"twitter_242054905_242054905":""},"rop_publish_now_history":[],"rop_publish_now_status":"pending","_uf_show_specific_survey":0,"_uf_disable_surveys":false,"footnotes":""},"categories":[42],"tags":[],"class_list":["post-25791","post","type-post","status-publish","format-standard","has-post-thumbnail","hentry","category-noticias"],"acf":[],"aioseo_notices":[],"yoast_head":"<!-- This site is optimized with the Yoast SEO Premium plugin v24.9 (Yoast SEO v27.2) - https:\/\/yoast.com\/product\/yoast-seo-premium-wordpress\/ -->\n<title>Pfizer busca talento para sus equipos en Am\u00e9rica Latina - Ecuador | Noti-America.com<\/title>\n<meta name=\"robots\" content=\"index, follow, max-snippet:-1, max-image-preview:large, max-video-preview:-1\" \/>\n<link rel=\"canonical\" href=\"https:\/\/noti-america.com\/site\/ecuador\/2023\/08\/01\/pfizer-busca-talento-para-sus-equipos-en-america-latina\/\" \/>\n<meta property=\"og:locale\" content=\"es_ES\" \/>\n<meta property=\"og:type\" content=\"article\" \/>\n<meta property=\"og:title\" content=\"Pfizer busca talento para sus equipos en Am\u00e9rica Latina\" \/>\n<meta property=\"og:description\" content=\"REDACCI\u00d3N NOTI-AM\u00c9RICA\u00a0(ECUADOR). Pfizer lanza su campa\u00f1a de reclutamiento \u201cEl mismo talento, las mismas oportunidades\u201d, dirigida a personas de diversos grupos de origen e identidad para que puedan integrarse a los equipos de Pfizer en&#046;&#046;&#046;\" \/>\n<meta property=\"og:url\" content=\"https:\/\/noti-america.com\/site\/ecuador\/2023\/08\/01\/pfizer-busca-talento-para-sus-equipos-en-america-latina\/\" \/>\n<meta property=\"og:site_name\" content=\"Ecuador | Noti-America.com\" \/>\n<meta property=\"article:published_time\" content=\"2023-08-01T00:44:28+00:00\" \/>\n<meta property=\"og:image\" content=\"https:\/\/noti-america.com\/site\/ecuador\/wp-content\/uploads\/sites\/18\/2023\/08\/1605047127_685803_1605047332_noticia_normal_recorte1.jpg\" \/>\n\t<meta property=\"og:image:width\" content=\"720\" \/>\n\t<meta property=\"og:image:height\" content=\"405\" \/>\n\t<meta property=\"og:image:type\" content=\"image\/jpeg\" \/>\n<meta name=\"author\" content=\"Henry Garrido\" \/>\n<meta name=\"twitter:card\" content=\"summary_large_image\" \/>\n<meta name=\"twitter:creator\" content=\"@notiamerica\" \/>\n<meta name=\"twitter:site\" content=\"@notiamerica\" \/>\n<meta name=\"twitter:label1\" content=\"Escrito por\" \/>\n\t<meta name=\"twitter:data1\" content=\"Henry Garrido\" \/>\n\t<meta name=\"twitter:label2\" content=\"Tiempo estimado de lectura\" \/>\n\t<meta name=\"twitter:data2\" content=\"2 minutos\" \/>\n<script type=\"application\/ld+json\" class=\"yoast-schema-graph\">{\"@context\":\"https:\/\/schema.org\",\"@graph\":[{\"@type\":\"Article\",\"@id\":\"https:\/\/noti-america.com\/site\/ecuador\/2023\/08\/01\/pfizer-busca-talento-para-sus-equipos-en-america-latina\/#article\",\"isPartOf\":{\"@id\":\"https:\/\/noti-america.com\/site\/ecuador\/2023\/08\/01\/pfizer-busca-talento-para-sus-equipos-en-america-latina\/\"},\"author\":{\"name\":\"Henry Garrido\",\"@id\":\"https:\/\/noti-america.com\/site\/ecuador\/#\/schema\/person\/00042412cfa9ecf98077f847ffadda4a\"},\"headline\":\"Pfizer busca talento para sus equipos en Am\u00e9rica Latina\",\"datePublished\":\"2023-08-01T00:44:28+00:00\",\"mainEntityOfPage\":{\"@id\":\"https:\/\/noti-america.com\/site\/ecuador\/2023\/08\/01\/pfizer-busca-talento-para-sus-equipos-en-america-latina\/\"},\"wordCount\":297,\"commentCount\":0,\"publisher\":{\"@id\":\"https:\/\/noti-america.com\/site\/ecuador\/#organization\"},\"image\":{\"@id\":\"https:\/\/noti-america.com\/site\/ecuador\/2023\/08\/01\/pfizer-busca-talento-para-sus-equipos-en-america-latina\/#primaryimage\"},\"thumbnailUrl\":\"https:\/\/noti-america.com\/site\/ecuador\/wp-content\/uploads\/sites\/18\/2023\/08\/1605047127_685803_1605047332_noticia_normal_recorte1.jpg\",\"articleSection\":[\"Noticias\"],\"inLanguage\":\"es\",\"potentialAction\":[{\"@type\":\"CommentAction\",\"name\":\"Comment\",\"target\":[\"https:\/\/noti-america.com\/site\/ecuador\/2023\/08\/01\/pfizer-busca-talento-para-sus-equipos-en-america-latina\/#respond\"]}]},{\"@type\":\"WebPage\",\"@id\":\"https:\/\/noti-america.com\/site\/ecuador\/2023\/08\/01\/pfizer-busca-talento-para-sus-equipos-en-america-latina\/\",\"url\":\"https:\/\/noti-america.com\/site\/ecuador\/2023\/08\/01\/pfizer-busca-talento-para-sus-equipos-en-america-latina\/\",\"name\":\"Pfizer busca talento para sus equipos en Am\u00e9rica Latina - Ecuador | Noti-America.com\",\"isPartOf\":{\"@id\":\"https:\/\/noti-america.com\/site\/ecuador\/#website\"},\"primaryImageOfPage\":{\"@id\":\"https:\/\/noti-america.com\/site\/ecuador\/2023\/08\/01\/pfizer-busca-talento-para-sus-equipos-en-america-latina\/#primaryimage\"},\"image\":{\"@id\":\"https:\/\/noti-america.com\/site\/ecuador\/2023\/08\/01\/pfizer-busca-talento-para-sus-equipos-en-america-latina\/#primaryimage\"},\"thumbnailUrl\":\"https:\/\/noti-america.com\/site\/ecuador\/wp-content\/uploads\/sites\/18\/2023\/08\/1605047127_685803_1605047332_noticia_normal_recorte1.jpg\",\"datePublished\":\"2023-08-01T00:44:28+00:00\",\"breadcrumb\":{\"@id\":\"https:\/\/noti-america.com\/site\/ecuador\/2023\/08\/01\/pfizer-busca-talento-para-sus-equipos-en-america-latina\/#breadcrumb\"},\"inLanguage\":\"es\",\"potentialAction\":[{\"@type\":\"ReadAction\",\"target\":[\"https:\/\/noti-america.com\/site\/ecuador\/2023\/08\/01\/pfizer-busca-talento-para-sus-equipos-en-america-latina\/\"]}]},{\"@type\":\"ImageObject\",\"inLanguage\":\"es\",\"@id\":\"https:\/\/noti-america.com\/site\/ecuador\/2023\/08\/01\/pfizer-busca-talento-para-sus-equipos-en-america-latina\/#primaryimage\",\"url\":\"https:\/\/noti-america.com\/site\/ecuador\/wp-content\/uploads\/sites\/18\/2023\/08\/1605047127_685803_1605047332_noticia_normal_recorte1.jpg\",\"contentUrl\":\"https:\/\/noti-america.com\/site\/ecuador\/wp-content\/uploads\/sites\/18\/2023\/08\/1605047127_685803_1605047332_noticia_normal_recorte1.jpg\",\"width\":720,\"height\":405},{\"@type\":\"BreadcrumbList\",\"@id\":\"https:\/\/noti-america.com\/site\/ecuador\/2023\/08\/01\/pfizer-busca-talento-para-sus-equipos-en-america-latina\/#breadcrumb\",\"itemListElement\":[{\"@type\":\"ListItem\",\"position\":1,\"name\":\"Portada\",\"item\":\"https:\/\/noti-america.com\/site\/ecuador\/\"},{\"@type\":\"ListItem\",\"position\":2,\"name\":\"Pfizer busca talento para sus equipos en Am\u00e9rica Latina\"}]},{\"@type\":\"WebSite\",\"@id\":\"https:\/\/noti-america.com\/site\/ecuador\/#website\",\"url\":\"https:\/\/noti-america.com\/site\/ecuador\/\",\"name\":\"Ecuador | Noti-America.com\",\"description\":\"\",\"publisher\":{\"@id\":\"https:\/\/noti-america.com\/site\/ecuador\/#organization\"},\"potentialAction\":[{\"@type\":\"SearchAction\",\"target\":{\"@type\":\"EntryPoint\",\"urlTemplate\":\"https:\/\/noti-america.com\/site\/ecuador\/?s={search_term_string}\"},\"query-input\":{\"@type\":\"PropertyValueSpecification\",\"valueRequired\":true,\"valueName\":\"search_term_string\"}}],\"inLanguage\":\"es\"},{\"@type\":\"Organization\",\"@id\":\"https:\/\/noti-america.com\/site\/ecuador\/#organization\",\"name\":\"Noti-America LLC | Ecuador\",\"url\":\"https:\/\/noti-america.com\/site\/ecuador\/\",\"logo\":{\"@type\":\"ImageObject\",\"inLanguage\":\"es\",\"@id\":\"https:\/\/noti-america.com\/site\/ecuador\/#\/schema\/logo\/image\/\",\"url\":\"https:\/\/noti-america.com\/site\/ecuador\/wp-content\/uploads\/sites\/18\/2020\/07\/LogoNA-4x3-1.jpg\",\"contentUrl\":\"https:\/\/noti-america.com\/site\/ecuador\/wp-content\/uploads\/sites\/18\/2020\/07\/LogoNA-4x3-1.jpg\",\"width\":1236,\"height\":1080,\"caption\":\"Noti-America LLC | Ecuador\"},\"image\":{\"@id\":\"https:\/\/noti-america.com\/site\/ecuador\/#\/schema\/logo\/image\/\"},\"sameAs\":[\"https:\/\/x.com\/notiamerica\"]},{\"@type\":\"Person\",\"@id\":\"https:\/\/noti-america.com\/site\/ecuador\/#\/schema\/person\/00042412cfa9ecf98077f847ffadda4a\",\"name\":\"Henry Garrido\",\"image\":{\"@type\":\"ImageObject\",\"inLanguage\":\"es\",\"@id\":\"https:\/\/secure.gravatar.com\/avatar\/749ae5a1e6f22cf042f04b9f3f0a22732ae36970ccfd5c54a0a2ac3c4e1166ed?s=96&d=mm&r=g\",\"url\":\"https:\/\/secure.gravatar.com\/avatar\/749ae5a1e6f22cf042f04b9f3f0a22732ae36970ccfd5c54a0a2ac3c4e1166ed?s=96&d=mm&r=g\",\"contentUrl\":\"https:\/\/secure.gravatar.com\/avatar\/749ae5a1e6f22cf042f04b9f3f0a22732ae36970ccfd5c54a0a2ac3c4e1166ed?s=96&d=mm&r=g\",\"caption\":\"Henry Garrido\"},\"url\":\"https:\/\/noti-america.com\/site\/ecuador\/author\/hgarrido\/\"}]}<\/script>\n<!-- \/ Yoast SEO Premium plugin. -->","yoast_head_json":{"title":"Pfizer busca talento para sus equipos en Am\u00e9rica Latina - Ecuador | Noti-America.com","robots":{"index":"index","follow":"follow","max-snippet":"max-snippet:-1","max-image-preview":"max-image-preview:large","max-video-preview":"max-video-preview:-1"},"canonical":"https:\/\/noti-america.com\/site\/ecuador\/2023\/08\/01\/pfizer-busca-talento-para-sus-equipos-en-america-latina\/","og_locale":"es_ES","og_type":"article","og_title":"Pfizer busca talento para sus equipos en Am\u00e9rica Latina","og_description":"REDACCI\u00d3N NOTI-AM\u00c9RICA\u00a0(ECUADOR). Pfizer lanza su campa\u00f1a de reclutamiento \u201cEl mismo talento, las mismas oportunidades\u201d, dirigida a personas de diversos grupos de origen e identidad para que puedan integrarse a los equipos de Pfizer en&#46;&#46;&#46;","og_url":"https:\/\/noti-america.com\/site\/ecuador\/2023\/08\/01\/pfizer-busca-talento-para-sus-equipos-en-america-latina\/","og_site_name":"Ecuador | Noti-America.com","article_published_time":"2023-08-01T00:44:28+00:00","og_image":[{"width":720,"height":405,"url":"https:\/\/noti-america.com\/site\/ecuador\/wp-content\/uploads\/sites\/18\/2023\/08\/1605047127_685803_1605047332_noticia_normal_recorte1.jpg","type":"image\/jpeg"}],"author":"Henry Garrido","twitter_card":"summary_large_image","twitter_creator":"@notiamerica","twitter_site":"@notiamerica","twitter_misc":{"Escrito por":"Henry Garrido","Tiempo estimado de lectura":"2 minutos"},"schema":{"@context":"https:\/\/schema.org","@graph":[{"@type":"Article","@id":"https:\/\/noti-america.com\/site\/ecuador\/2023\/08\/01\/pfizer-busca-talento-para-sus-equipos-en-america-latina\/#article","isPartOf":{"@id":"https:\/\/noti-america.com\/site\/ecuador\/2023\/08\/01\/pfizer-busca-talento-para-sus-equipos-en-america-latina\/"},"author":{"name":"Henry Garrido","@id":"https:\/\/noti-america.com\/site\/ecuador\/#\/schema\/person\/00042412cfa9ecf98077f847ffadda4a"},"headline":"Pfizer busca talento para sus equipos en Am\u00e9rica Latina","datePublished":"2023-08-01T00:44:28+00:00","mainEntityOfPage":{"@id":"https:\/\/noti-america.com\/site\/ecuador\/2023\/08\/01\/pfizer-busca-talento-para-sus-equipos-en-america-latina\/"},"wordCount":297,"commentCount":0,"publisher":{"@id":"https:\/\/noti-america.com\/site\/ecuador\/#organization"},"image":{"@id":"https:\/\/noti-america.com\/site\/ecuador\/2023\/08\/01\/pfizer-busca-talento-para-sus-equipos-en-america-latina\/#primaryimage"},"thumbnailUrl":"https:\/\/noti-america.com\/site\/ecuador\/wp-content\/uploads\/sites\/18\/2023\/08\/1605047127_685803_1605047332_noticia_normal_recorte1.jpg","articleSection":["Noticias"],"inLanguage":"es","potentialAction":[{"@type":"CommentAction","name":"Comment","target":["https:\/\/noti-america.com\/site\/ecuador\/2023\/08\/01\/pfizer-busca-talento-para-sus-equipos-en-america-latina\/#respond"]}]},{"@type":"WebPage","@id":"https:\/\/noti-america.com\/site\/ecuador\/2023\/08\/01\/pfizer-busca-talento-para-sus-equipos-en-america-latina\/","url":"https:\/\/noti-america.com\/site\/ecuador\/2023\/08\/01\/pfizer-busca-talento-para-sus-equipos-en-america-latina\/","name":"Pfizer busca talento para sus equipos en Am\u00e9rica Latina - Ecuador | Noti-America.com","isPartOf":{"@id":"https:\/\/noti-america.com\/site\/ecuador\/#website"},"primaryImageOfPage":{"@id":"https:\/\/noti-america.com\/site\/ecuador\/2023\/08\/01\/pfizer-busca-talento-para-sus-equipos-en-america-latina\/#primaryimage"},"image":{"@id":"https:\/\/noti-america.com\/site\/ecuador\/2023\/08\/01\/pfizer-busca-talento-para-sus-equipos-en-america-latina\/#primaryimage"},"thumbnailUrl":"https:\/\/noti-america.com\/site\/ecuador\/wp-content\/uploads\/sites\/18\/2023\/08\/1605047127_685803_1605047332_noticia_normal_recorte1.jpg","datePublished":"2023-08-01T00:44:28+00:00","breadcrumb":{"@id":"https:\/\/noti-america.com\/site\/ecuador\/2023\/08\/01\/pfizer-busca-talento-para-sus-equipos-en-america-latina\/#breadcrumb"},"inLanguage":"es","potentialAction":[{"@type":"ReadAction","target":["https:\/\/noti-america.com\/site\/ecuador\/2023\/08\/01\/pfizer-busca-talento-para-sus-equipos-en-america-latina\/"]}]},{"@type":"ImageObject","inLanguage":"es","@id":"https:\/\/noti-america.com\/site\/ecuador\/2023\/08\/01\/pfizer-busca-talento-para-sus-equipos-en-america-latina\/#primaryimage","url":"https:\/\/noti-america.com\/site\/ecuador\/wp-content\/uploads\/sites\/18\/2023\/08\/1605047127_685803_1605047332_noticia_normal_recorte1.jpg","contentUrl":"https:\/\/noti-america.com\/site\/ecuador\/wp-content\/uploads\/sites\/18\/2023\/08\/1605047127_685803_1605047332_noticia_normal_recorte1.jpg","width":720,"height":405},{"@type":"BreadcrumbList","@id":"https:\/\/noti-america.com\/site\/ecuador\/2023\/08\/01\/pfizer-busca-talento-para-sus-equipos-en-america-latina\/#breadcrumb","itemListElement":[{"@type":"ListItem","position":1,"name":"Portada","item":"https:\/\/noti-america.com\/site\/ecuador\/"},{"@type":"ListItem","position":2,"name":"Pfizer busca talento para sus equipos en Am\u00e9rica Latina"}]},{"@type":"WebSite","@id":"https:\/\/noti-america.com\/site\/ecuador\/#website","url":"https:\/\/noti-america.com\/site\/ecuador\/","name":"Ecuador | Noti-America.com","description":"","publisher":{"@id":"https:\/\/noti-america.com\/site\/ecuador\/#organization"},"potentialAction":[{"@type":"SearchAction","target":{"@type":"EntryPoint","urlTemplate":"https:\/\/noti-america.com\/site\/ecuador\/?s={search_term_string}"},"query-input":{"@type":"PropertyValueSpecification","valueRequired":true,"valueName":"search_term_string"}}],"inLanguage":"es"},{"@type":"Organization","@id":"https:\/\/noti-america.com\/site\/ecuador\/#organization","name":"Noti-America LLC | Ecuador","url":"https:\/\/noti-america.com\/site\/ecuador\/","logo":{"@type":"ImageObject","inLanguage":"es","@id":"https:\/\/noti-america.com\/site\/ecuador\/#\/schema\/logo\/image\/","url":"https:\/\/noti-america.com\/site\/ecuador\/wp-content\/uploads\/sites\/18\/2020\/07\/LogoNA-4x3-1.jpg","contentUrl":"https:\/\/noti-america.com\/site\/ecuador\/wp-content\/uploads\/sites\/18\/2020\/07\/LogoNA-4x3-1.jpg","width":1236,"height":1080,"caption":"Noti-America LLC | Ecuador"},"image":{"@id":"https:\/\/noti-america.com\/site\/ecuador\/#\/schema\/logo\/image\/"},"sameAs":["https:\/\/x.com\/notiamerica"]},{"@type":"Person","@id":"https:\/\/noti-america.com\/site\/ecuador\/#\/schema\/person\/00042412cfa9ecf98077f847ffadda4a","name":"Henry Garrido","image":{"@type":"ImageObject","inLanguage":"es","@id":"https:\/\/secure.gravatar.com\/avatar\/749ae5a1e6f22cf042f04b9f3f0a22732ae36970ccfd5c54a0a2ac3c4e1166ed?s=96&d=mm&r=g","url":"https:\/\/secure.gravatar.com\/avatar\/749ae5a1e6f22cf042f04b9f3f0a22732ae36970ccfd5c54a0a2ac3c4e1166ed?s=96&d=mm&r=g","contentUrl":"https:\/\/secure.gravatar.com\/avatar\/749ae5a1e6f22cf042f04b9f3f0a22732ae36970ccfd5c54a0a2ac3c4e1166ed?s=96&d=mm&r=g","caption":"Henry Garrido"},"url":"https:\/\/noti-america.com\/site\/ecuador\/author\/hgarrido\/"}]}},"_links":{"self":[{"href":"https:\/\/noti-america.com\/site\/ecuador\/wp-json\/wp\/v2\/posts\/25791","targetHints":{"allow":["GET"]}}],"collection":[{"href":"https:\/\/noti-america.com\/site\/ecuador\/wp-json\/wp\/v2\/posts"}],"about":[{"href":"https:\/\/noti-america.com\/site\/ecuador\/wp-json\/wp\/v2\/types\/post"}],"author":[{"embeddable":true,"href":"https:\/\/noti-america.com\/site\/ecuador\/wp-json\/wp\/v2\/users\/144"}],"replies":[{"embeddable":true,"href":"https:\/\/noti-america.com\/site\/ecuador\/wp-json\/wp\/v2\/comments?post=25791"}],"version-history":[{"count":1,"href":"https:\/\/noti-america.com\/site\/ecuador\/wp-json\/wp\/v2\/posts\/25791\/revisions"}],"predecessor-version":[{"id":25793,"href":"https:\/\/noti-america.com\/site\/ecuador\/wp-json\/wp\/v2\/posts\/25791\/revisions\/25793"}],"wp:featuredmedia":[{"embeddable":true,"href":"https:\/\/noti-america.com\/site\/ecuador\/wp-json\/wp\/v2\/media\/25792"}],"wp:attachment":[{"href":"https:\/\/noti-america.com\/site\/ecuador\/wp-json\/wp\/v2\/media?parent=25791"}],"wp:term":[{"taxonomy":"category","embeddable":true,"href":"https:\/\/noti-america.com\/site\/ecuador\/wp-json\/wp\/v2\/categories?post=25791"},{"taxonomy":"post_tag","embeddable":true,"href":"https:\/\/noti-america.com\/site\/ecuador\/wp-json\/wp\/v2\/tags?post=25791"}],"curies":[{"name":"wp","href":"https:\/\/api.w.org\/{rel}","templated":true}]}}