{"id":25562,"date":"2023-07-14T14:05:08","date_gmt":"2023-07-14T14:05:08","guid":{"rendered":"https:\/\/noti-america.com\/site\/ecuador\/?p=25562"},"modified":"2023-07-14T14:05:08","modified_gmt":"2023-07-14T14:05:08","slug":"jovenes-motivan-a-la-lectura-y-escritura-en-club-de-periodismo","status":"publish","type":"post","link":"https:\/\/noti-america.com\/site\/ecuador\/2023\/07\/14\/jovenes-motivan-a-la-lectura-y-escritura-en-club-de-periodismo\/","title":{"rendered":"J\u00f3venes motivan a la lectura y escritura en Club de Periodismo"},"content":{"rendered":"<p style=\"text-align: justify\"><strong>REDACCI\u00d3N NOTI AM\u00c9RICA (ECUADOR)<\/strong><\/p>\n<p style=\"text-align: justify\"><img loading=\"lazy\" decoding=\"async\" class=\"wp-image-25564 alignleft\" src=\"https:\/\/noti-america.com\/site\/ecuador\/wp-content\/uploads\/sites\/18\/2023\/07\/WhatsApp-Image-2023-07-13-at-16.01.24-300x225.jpeg\" alt=\"\" width=\"551\" height=\"413\" srcset=\"https:\/\/noti-america.com\/site\/ecuador\/wp-content\/uploads\/sites\/18\/2023\/07\/WhatsApp-Image-2023-07-13-at-16.01.24-300x225.jpeg 300w, https:\/\/noti-america.com\/site\/ecuador\/wp-content\/uploads\/sites\/18\/2023\/07\/WhatsApp-Image-2023-07-13-at-16.01.24-1024x768.jpeg 1024w, https:\/\/noti-america.com\/site\/ecuador\/wp-content\/uploads\/sites\/18\/2023\/07\/WhatsApp-Image-2023-07-13-at-16.01.24-768x576.jpeg 768w, https:\/\/noti-america.com\/site\/ecuador\/wp-content\/uploads\/sites\/18\/2023\/07\/WhatsApp-Image-2023-07-13-at-16.01.24-1536x1152.jpeg 1536w, https:\/\/noti-america.com\/site\/ecuador\/wp-content\/uploads\/sites\/18\/2023\/07\/WhatsApp-Image-2023-07-13-at-16.01.24.jpeg 1600w\" sizes=\"auto, (max-width: 551px) 100vw, 551px\" \/>En Guayaquil, 40 estudiantes de la Unidad Educativa Fiscal Veintiocho de Mayo crearon el peri\u00f3dico escolar denominado \u201cVeintiochino\u201d y un libro de G\u00e9neros Narrativos, con el objetivo de motivar a los j\u00f3venes hacia la lectura y escritura.<\/p>\n<p style=\"text-align: justify\">Son alumnos de 3.\u00b0 de Bachillerato de la jornada vespertina del plantel, quienes bajo la gu\u00eda de su profesor de lenguaje se organizan semanalmente para destacar actividades educativas y realizar entrevista a personajes.<\/p>\n<p style=\"text-align: justify\">En el aula de clases, los estudiantes analizan los temas de inter\u00e9s y destacan los puntos positivos. Utilizan recursos propios para difundirlos a su comunidad educativa.<\/p>\n<p style=\"text-align: justify\">Henry Ortiz, docente de Lenguaje, coment\u00f3 que a trav\u00e9s de estas din\u00e1micas se impulsa la investigaci\u00f3n y la cr\u00edtica. \u201cEl peri\u00f3dico \u201cVeintiochino\u201d lo venimos desarrollando hace dos a\u00f1os con muy buena acogida de los j\u00f3venes y la comunidad educativa; actualmente, contamos con tres ediciones del peri\u00f3dico.\u00a0 Inicialmente utilic\u00e9 como estrategia con los estudiantes el ensayo, para que desarrollen los temas con razonamiento y objetividad. Este peri\u00f3dico es hecho por estudiantes y para estudiantes, por ello los temas son propuestos por ellos mismos\u201d.<\/p>\n<p><img loading=\"lazy\" decoding=\"async\" class=\" wp-image-25565 alignright\" src=\"https:\/\/noti-america.com\/site\/ecuador\/wp-content\/uploads\/sites\/18\/2023\/07\/WhatsApp-Image-2023-07-13-at-16.01.21-300x225.jpeg\" alt=\"\" width=\"433\" height=\"325\" srcset=\"https:\/\/noti-america.com\/site\/ecuador\/wp-content\/uploads\/sites\/18\/2023\/07\/WhatsApp-Image-2023-07-13-at-16.01.21-300x225.jpeg 300w, https:\/\/noti-america.com\/site\/ecuador\/wp-content\/uploads\/sites\/18\/2023\/07\/WhatsApp-Image-2023-07-13-at-16.01.21-1024x768.jpeg 1024w, https:\/\/noti-america.com\/site\/ecuador\/wp-content\/uploads\/sites\/18\/2023\/07\/WhatsApp-Image-2023-07-13-at-16.01.21-768x576.jpeg 768w, https:\/\/noti-america.com\/site\/ecuador\/wp-content\/uploads\/sites\/18\/2023\/07\/WhatsApp-Image-2023-07-13-at-16.01.21-1536x1152.jpeg 1536w, https:\/\/noti-america.com\/site\/ecuador\/wp-content\/uploads\/sites\/18\/2023\/07\/WhatsApp-Image-2023-07-13-at-16.01.21.jpeg 1600w\" sizes=\"auto, (max-width: 433px) 100vw, 433px\" \/><\/p>\n<p style=\"text-align: justify\">Alejandra Figueroa de 17 a\u00f1os de 3.\u00b0 de Bachillerato, destac\u00f3 la iniciativa impulsada junto a sus compa\u00f1eros para familiarizarse con los g\u00e9neros narrativos. \u201cAl inicio me interes\u00f3 el proyecto como una estrategia para acceder a una beca en la universidad, pero luego nos apasionamos por contar las historias, la inventiva, la narraci\u00f3n y temas que les interesan a nuestros compa\u00f1eros. Mi labor es revisar los temas y hacer las veces de editora del peri\u00f3dico. Nos repartimos los temas para poder redactar. Esto se enfoca en que tengamos una visi\u00f3n cr\u00edtica de lo que sucede y pongamos nuestro punto de vista\u201d, puntualiz\u00f3.<\/p>\n<p style=\"text-align: justify\">Al respecto, Boris Loor, estudiante de 17 a\u00f1os, indic\u00f3 sentirse parte importante para generar un cambio. \u201cNos parece incre\u00edble lo que hemos logrado, sobre todo porque esto puede motivar a m\u00e1s j\u00f3venes a la lectura. Los libros nos nutren con conocimiento y eso nos permite actuar de una mejor manera en nuestra vida cotidiana y estudiantil\u201d, indic\u00f3.<\/p>\n<p style=\"text-align: justify\">Para el mes de octubre, los alumnos se preparan para editar un libro de \u00abG\u00e9neros Narrativos\u00bb con cuentos, leyendas de ficci\u00f3n, fabulas y cr\u00f3nicas sobre la ciudad que han desarrollado durante sus horas de estudio.<\/p>\n<p style=\"text-align: justify\">\u201cLas personas piensan que los j\u00f3venes no leemos, pero nosotros estamos familiarizados con los e-books y plataformas digitales, donde podemos encontrar muchos libros. Con esta recopilaci\u00f3n de nuestras historias queremos demostrar nuestra creatividad\u201d, enfatiz\u00f3 por su parte Milena Escala \u00c1vila, miembro del club de periodismo.<\/p>\n<p><img loading=\"lazy\" decoding=\"async\" class=\"wp-image-25563 alignleft\" src=\"https:\/\/noti-america.com\/site\/ecuador\/wp-content\/uploads\/sites\/18\/2023\/07\/WhatsApp-Image-2023-07-13-at-16.01.23-300x225.jpeg\" alt=\"\" width=\"599\" height=\"449\" srcset=\"https:\/\/noti-america.com\/site\/ecuador\/wp-content\/uploads\/sites\/18\/2023\/07\/WhatsApp-Image-2023-07-13-at-16.01.23-300x225.jpeg 300w, https:\/\/noti-america.com\/site\/ecuador\/wp-content\/uploads\/sites\/18\/2023\/07\/WhatsApp-Image-2023-07-13-at-16.01.23-1024x768.jpeg 1024w, https:\/\/noti-america.com\/site\/ecuador\/wp-content\/uploads\/sites\/18\/2023\/07\/WhatsApp-Image-2023-07-13-at-16.01.23-768x576.jpeg 768w, https:\/\/noti-america.com\/site\/ecuador\/wp-content\/uploads\/sites\/18\/2023\/07\/WhatsApp-Image-2023-07-13-at-16.01.23-1536x1152.jpeg 1536w, https:\/\/noti-america.com\/site\/ecuador\/wp-content\/uploads\/sites\/18\/2023\/07\/WhatsApp-Image-2023-07-13-at-16.01.23.jpeg 1600w\" sizes=\"auto, (max-width: 599px) 100vw, 599px\" \/><\/p>\n<p style=\"text-align: justify\">El Ministerio de Educaci\u00f3n, a trav\u00e9s de su eje \u201cExcelencia\u201d, promueve una formaci\u00f3n integral como base de la transformaci\u00f3n educativa.<\/p>\n","protected":false},"excerpt":{"rendered":"<p>REDACCI\u00d3N NOTI AM\u00c9RICA (ECUADOR) En Guayaquil, 40 estudiantes de la Unidad Educativa Fiscal Veintiocho de Mayo crearon el peri\u00f3dico escolar denominado \u201cVeintiochino\u201d y un libro de G\u00e9neros Narrativos, con el objetivo de motivar a&#46;&#46;&#46;<\/p>\n","protected":false},"author":113,"featured_media":25563,"comment_status":"open","ping_status":"open","sticky":false,"template":"","format":"standard","meta":{"_acf_changed":false,"om_disable_all_campaigns":false,"rop_custom_images_group":[],"rop_custom_messages_group":[],"rop_publish_now":"initial","rop_publish_now_accounts":{"twitter_242054905_242054905":""},"rop_publish_now_history":[],"rop_publish_now_status":"pending","_uf_show_specific_survey":0,"_uf_disable_surveys":false,"footnotes":""},"categories":[103],"tags":[],"class_list":["post-25562","post","type-post","status-publish","format-standard","has-post-thumbnail","hentry","category-educacion"],"acf":[],"aioseo_notices":[],"yoast_head":"<!-- This site is optimized with the Yoast SEO Premium plugin v24.9 (Yoast SEO v27.2) - https:\/\/yoast.com\/product\/yoast-seo-premium-wordpress\/ -->\n<title>J\u00f3venes motivan a la lectura y escritura en Club de Periodismo - Ecuador | Noti-America.com<\/title>\n<meta name=\"robots\" content=\"index, follow, max-snippet:-1, max-image-preview:large, max-video-preview:-1\" \/>\n<link rel=\"canonical\" href=\"https:\/\/noti-america.com\/site\/ecuador\/2023\/07\/14\/jovenes-motivan-a-la-lectura-y-escritura-en-club-de-periodismo\/\" \/>\n<meta property=\"og:locale\" content=\"es_ES\" \/>\n<meta property=\"og:type\" content=\"article\" \/>\n<meta property=\"og:title\" content=\"J\u00f3venes motivan a la lectura y escritura en Club de Periodismo\" \/>\n<meta property=\"og:description\" content=\"REDACCI\u00d3N NOTI AM\u00c9RICA (ECUADOR) En Guayaquil, 40 estudiantes de la Unidad Educativa Fiscal Veintiocho de Mayo crearon el peri\u00f3dico escolar denominado \u201cVeintiochino\u201d y un libro de G\u00e9neros Narrativos, con el objetivo de motivar a&#046;&#046;&#046;\" \/>\n<meta property=\"og:url\" content=\"https:\/\/noti-america.com\/site\/ecuador\/2023\/07\/14\/jovenes-motivan-a-la-lectura-y-escritura-en-club-de-periodismo\/\" \/>\n<meta property=\"og:site_name\" content=\"Ecuador | Noti-America.com\" \/>\n<meta property=\"article:published_time\" content=\"2023-07-14T14:05:08+00:00\" \/>\n<meta property=\"og:image\" content=\"https:\/\/noti-america.com\/site\/ecuador\/wp-content\/uploads\/sites\/18\/2023\/07\/WhatsApp-Image-2023-07-13-at-16.01.23.jpeg\" \/>\n\t<meta property=\"og:image:width\" content=\"1600\" \/>\n\t<meta property=\"og:image:height\" content=\"1200\" \/>\n\t<meta property=\"og:image:type\" content=\"image\/jpeg\" \/>\n<meta name=\"author\" content=\"Henry Ortiz\" \/>\n<meta name=\"twitter:card\" content=\"summary_large_image\" \/>\n<meta name=\"twitter:creator\" content=\"@notiamerica\" \/>\n<meta name=\"twitter:site\" content=\"@notiamerica\" \/>\n<meta name=\"twitter:label1\" content=\"Escrito por\" \/>\n\t<meta name=\"twitter:data1\" content=\"Henry Ortiz\" \/>\n\t<meta name=\"twitter:label2\" content=\"Tiempo estimado de lectura\" \/>\n\t<meta name=\"twitter:data2\" content=\"3 minutos\" \/>\n<script type=\"application\/ld+json\" class=\"yoast-schema-graph\">{\"@context\":\"https:\/\/schema.org\",\"@graph\":[{\"@type\":\"Article\",\"@id\":\"https:\/\/noti-america.com\/site\/ecuador\/2023\/07\/14\/jovenes-motivan-a-la-lectura-y-escritura-en-club-de-periodismo\/#article\",\"isPartOf\":{\"@id\":\"https:\/\/noti-america.com\/site\/ecuador\/2023\/07\/14\/jovenes-motivan-a-la-lectura-y-escritura-en-club-de-periodismo\/\"},\"author\":{\"name\":\"Henry Ortiz\",\"@id\":\"https:\/\/noti-america.com\/site\/ecuador\/#\/schema\/person\/b9d1630cc6598af759d45c790a347283\"},\"headline\":\"J\u00f3venes motivan a la lectura y escritura en Club de Periodismo\",\"datePublished\":\"2023-07-14T14:05:08+00:00\",\"mainEntityOfPage\":{\"@id\":\"https:\/\/noti-america.com\/site\/ecuador\/2023\/07\/14\/jovenes-motivan-a-la-lectura-y-escritura-en-club-de-periodismo\/\"},\"wordCount\":484,\"commentCount\":0,\"publisher\":{\"@id\":\"https:\/\/noti-america.com\/site\/ecuador\/#organization\"},\"image\":{\"@id\":\"https:\/\/noti-america.com\/site\/ecuador\/2023\/07\/14\/jovenes-motivan-a-la-lectura-y-escritura-en-club-de-periodismo\/#primaryimage\"},\"thumbnailUrl\":\"https:\/\/noti-america.com\/site\/ecuador\/wp-content\/uploads\/sites\/18\/2023\/07\/WhatsApp-Image-2023-07-13-at-16.01.23.jpeg\",\"articleSection\":[\"Educaci\u00f3n\"],\"inLanguage\":\"es\",\"potentialAction\":[{\"@type\":\"CommentAction\",\"name\":\"Comment\",\"target\":[\"https:\/\/noti-america.com\/site\/ecuador\/2023\/07\/14\/jovenes-motivan-a-la-lectura-y-escritura-en-club-de-periodismo\/#respond\"]}]},{\"@type\":\"WebPage\",\"@id\":\"https:\/\/noti-america.com\/site\/ecuador\/2023\/07\/14\/jovenes-motivan-a-la-lectura-y-escritura-en-club-de-periodismo\/\",\"url\":\"https:\/\/noti-america.com\/site\/ecuador\/2023\/07\/14\/jovenes-motivan-a-la-lectura-y-escritura-en-club-de-periodismo\/\",\"name\":\"J\u00f3venes motivan a la lectura y escritura en Club de Periodismo - Ecuador | Noti-America.com\",\"isPartOf\":{\"@id\":\"https:\/\/noti-america.com\/site\/ecuador\/#website\"},\"primaryImageOfPage\":{\"@id\":\"https:\/\/noti-america.com\/site\/ecuador\/2023\/07\/14\/jovenes-motivan-a-la-lectura-y-escritura-en-club-de-periodismo\/#primaryimage\"},\"image\":{\"@id\":\"https:\/\/noti-america.com\/site\/ecuador\/2023\/07\/14\/jovenes-motivan-a-la-lectura-y-escritura-en-club-de-periodismo\/#primaryimage\"},\"thumbnailUrl\":\"https:\/\/noti-america.com\/site\/ecuador\/wp-content\/uploads\/sites\/18\/2023\/07\/WhatsApp-Image-2023-07-13-at-16.01.23.jpeg\",\"datePublished\":\"2023-07-14T14:05:08+00:00\",\"breadcrumb\":{\"@id\":\"https:\/\/noti-america.com\/site\/ecuador\/2023\/07\/14\/jovenes-motivan-a-la-lectura-y-escritura-en-club-de-periodismo\/#breadcrumb\"},\"inLanguage\":\"es\",\"potentialAction\":[{\"@type\":\"ReadAction\",\"target\":[\"https:\/\/noti-america.com\/site\/ecuador\/2023\/07\/14\/jovenes-motivan-a-la-lectura-y-escritura-en-club-de-periodismo\/\"]}]},{\"@type\":\"ImageObject\",\"inLanguage\":\"es\",\"@id\":\"https:\/\/noti-america.com\/site\/ecuador\/2023\/07\/14\/jovenes-motivan-a-la-lectura-y-escritura-en-club-de-periodismo\/#primaryimage\",\"url\":\"https:\/\/noti-america.com\/site\/ecuador\/wp-content\/uploads\/sites\/18\/2023\/07\/WhatsApp-Image-2023-07-13-at-16.01.23.jpeg\",\"contentUrl\":\"https:\/\/noti-america.com\/site\/ecuador\/wp-content\/uploads\/sites\/18\/2023\/07\/WhatsApp-Image-2023-07-13-at-16.01.23.jpeg\",\"width\":1600,\"height\":1200},{\"@type\":\"BreadcrumbList\",\"@id\":\"https:\/\/noti-america.com\/site\/ecuador\/2023\/07\/14\/jovenes-motivan-a-la-lectura-y-escritura-en-club-de-periodismo\/#breadcrumb\",\"itemListElement\":[{\"@type\":\"ListItem\",\"position\":1,\"name\":\"Portada\",\"item\":\"https:\/\/noti-america.com\/site\/ecuador\/\"},{\"@type\":\"ListItem\",\"position\":2,\"name\":\"J\u00f3venes motivan a la lectura y escritura en Club de Periodismo\"}]},{\"@type\":\"WebSite\",\"@id\":\"https:\/\/noti-america.com\/site\/ecuador\/#website\",\"url\":\"https:\/\/noti-america.com\/site\/ecuador\/\",\"name\":\"Ecuador | Noti-America.com\",\"description\":\"\",\"publisher\":{\"@id\":\"https:\/\/noti-america.com\/site\/ecuador\/#organization\"},\"potentialAction\":[{\"@type\":\"SearchAction\",\"target\":{\"@type\":\"EntryPoint\",\"urlTemplate\":\"https:\/\/noti-america.com\/site\/ecuador\/?s={search_term_string}\"},\"query-input\":{\"@type\":\"PropertyValueSpecification\",\"valueRequired\":true,\"valueName\":\"search_term_string\"}}],\"inLanguage\":\"es\"},{\"@type\":\"Organization\",\"@id\":\"https:\/\/noti-america.com\/site\/ecuador\/#organization\",\"name\":\"Noti-America LLC | Ecuador\",\"url\":\"https:\/\/noti-america.com\/site\/ecuador\/\",\"logo\":{\"@type\":\"ImageObject\",\"inLanguage\":\"es\",\"@id\":\"https:\/\/noti-america.com\/site\/ecuador\/#\/schema\/logo\/image\/\",\"url\":\"https:\/\/noti-america.com\/site\/ecuador\/wp-content\/uploads\/sites\/18\/2020\/07\/LogoNA-4x3-1.jpg\",\"contentUrl\":\"https:\/\/noti-america.com\/site\/ecuador\/wp-content\/uploads\/sites\/18\/2020\/07\/LogoNA-4x3-1.jpg\",\"width\":1236,\"height\":1080,\"caption\":\"Noti-America LLC | Ecuador\"},\"image\":{\"@id\":\"https:\/\/noti-america.com\/site\/ecuador\/#\/schema\/logo\/image\/\"},\"sameAs\":[\"https:\/\/x.com\/notiamerica\"]},{\"@type\":\"Person\",\"@id\":\"https:\/\/noti-america.com\/site\/ecuador\/#\/schema\/person\/b9d1630cc6598af759d45c790a347283\",\"name\":\"Henry Ortiz\",\"image\":{\"@type\":\"ImageObject\",\"inLanguage\":\"es\",\"@id\":\"https:\/\/secure.gravatar.com\/avatar\/0b5407b5b302fbb6a578e625dca512ac2983ee5fa9ea941d581b83c40212e4c8?s=96&d=mm&r=g\",\"url\":\"https:\/\/secure.gravatar.com\/avatar\/0b5407b5b302fbb6a578e625dca512ac2983ee5fa9ea941d581b83c40212e4c8?s=96&d=mm&r=g\",\"contentUrl\":\"https:\/\/secure.gravatar.com\/avatar\/0b5407b5b302fbb6a578e625dca512ac2983ee5fa9ea941d581b83c40212e4c8?s=96&d=mm&r=g\",\"caption\":\"Henry Ortiz\"},\"url\":\"https:\/\/noti-america.com\/site\/ecuador\/author\/hortiz\/\"}]}<\/script>\n<!-- \/ Yoast SEO Premium plugin. -->","yoast_head_json":{"title":"J\u00f3venes motivan a la lectura y escritura en Club de Periodismo - Ecuador | Noti-America.com","robots":{"index":"index","follow":"follow","max-snippet":"max-snippet:-1","max-image-preview":"max-image-preview:large","max-video-preview":"max-video-preview:-1"},"canonical":"https:\/\/noti-america.com\/site\/ecuador\/2023\/07\/14\/jovenes-motivan-a-la-lectura-y-escritura-en-club-de-periodismo\/","og_locale":"es_ES","og_type":"article","og_title":"J\u00f3venes motivan a la lectura y escritura en Club de Periodismo","og_description":"REDACCI\u00d3N NOTI AM\u00c9RICA (ECUADOR) En Guayaquil, 40 estudiantes de la Unidad Educativa Fiscal Veintiocho de Mayo crearon el peri\u00f3dico escolar denominado \u201cVeintiochino\u201d y un libro de G\u00e9neros Narrativos, con el objetivo de motivar a&#46;&#46;&#46;","og_url":"https:\/\/noti-america.com\/site\/ecuador\/2023\/07\/14\/jovenes-motivan-a-la-lectura-y-escritura-en-club-de-periodismo\/","og_site_name":"Ecuador | Noti-America.com","article_published_time":"2023-07-14T14:05:08+00:00","og_image":[{"width":1600,"height":1200,"url":"https:\/\/noti-america.com\/site\/ecuador\/wp-content\/uploads\/sites\/18\/2023\/07\/WhatsApp-Image-2023-07-13-at-16.01.23.jpeg","type":"image\/jpeg"}],"author":"Henry Ortiz","twitter_card":"summary_large_image","twitter_creator":"@notiamerica","twitter_site":"@notiamerica","twitter_misc":{"Escrito por":"Henry Ortiz","Tiempo estimado de lectura":"3 minutos"},"schema":{"@context":"https:\/\/schema.org","@graph":[{"@type":"Article","@id":"https:\/\/noti-america.com\/site\/ecuador\/2023\/07\/14\/jovenes-motivan-a-la-lectura-y-escritura-en-club-de-periodismo\/#article","isPartOf":{"@id":"https:\/\/noti-america.com\/site\/ecuador\/2023\/07\/14\/jovenes-motivan-a-la-lectura-y-escritura-en-club-de-periodismo\/"},"author":{"name":"Henry Ortiz","@id":"https:\/\/noti-america.com\/site\/ecuador\/#\/schema\/person\/b9d1630cc6598af759d45c790a347283"},"headline":"J\u00f3venes motivan a la lectura y escritura en Club de Periodismo","datePublished":"2023-07-14T14:05:08+00:00","mainEntityOfPage":{"@id":"https:\/\/noti-america.com\/site\/ecuador\/2023\/07\/14\/jovenes-motivan-a-la-lectura-y-escritura-en-club-de-periodismo\/"},"wordCount":484,"commentCount":0,"publisher":{"@id":"https:\/\/noti-america.com\/site\/ecuador\/#organization"},"image":{"@id":"https:\/\/noti-america.com\/site\/ecuador\/2023\/07\/14\/jovenes-motivan-a-la-lectura-y-escritura-en-club-de-periodismo\/#primaryimage"},"thumbnailUrl":"https:\/\/noti-america.com\/site\/ecuador\/wp-content\/uploads\/sites\/18\/2023\/07\/WhatsApp-Image-2023-07-13-at-16.01.23.jpeg","articleSection":["Educaci\u00f3n"],"inLanguage":"es","potentialAction":[{"@type":"CommentAction","name":"Comment","target":["https:\/\/noti-america.com\/site\/ecuador\/2023\/07\/14\/jovenes-motivan-a-la-lectura-y-escritura-en-club-de-periodismo\/#respond"]}]},{"@type":"WebPage","@id":"https:\/\/noti-america.com\/site\/ecuador\/2023\/07\/14\/jovenes-motivan-a-la-lectura-y-escritura-en-club-de-periodismo\/","url":"https:\/\/noti-america.com\/site\/ecuador\/2023\/07\/14\/jovenes-motivan-a-la-lectura-y-escritura-en-club-de-periodismo\/","name":"J\u00f3venes motivan a la lectura y escritura en Club de Periodismo - Ecuador | Noti-America.com","isPartOf":{"@id":"https:\/\/noti-america.com\/site\/ecuador\/#website"},"primaryImageOfPage":{"@id":"https:\/\/noti-america.com\/site\/ecuador\/2023\/07\/14\/jovenes-motivan-a-la-lectura-y-escritura-en-club-de-periodismo\/#primaryimage"},"image":{"@id":"https:\/\/noti-america.com\/site\/ecuador\/2023\/07\/14\/jovenes-motivan-a-la-lectura-y-escritura-en-club-de-periodismo\/#primaryimage"},"thumbnailUrl":"https:\/\/noti-america.com\/site\/ecuador\/wp-content\/uploads\/sites\/18\/2023\/07\/WhatsApp-Image-2023-07-13-at-16.01.23.jpeg","datePublished":"2023-07-14T14:05:08+00:00","breadcrumb":{"@id":"https:\/\/noti-america.com\/site\/ecuador\/2023\/07\/14\/jovenes-motivan-a-la-lectura-y-escritura-en-club-de-periodismo\/#breadcrumb"},"inLanguage":"es","potentialAction":[{"@type":"ReadAction","target":["https:\/\/noti-america.com\/site\/ecuador\/2023\/07\/14\/jovenes-motivan-a-la-lectura-y-escritura-en-club-de-periodismo\/"]}]},{"@type":"ImageObject","inLanguage":"es","@id":"https:\/\/noti-america.com\/site\/ecuador\/2023\/07\/14\/jovenes-motivan-a-la-lectura-y-escritura-en-club-de-periodismo\/#primaryimage","url":"https:\/\/noti-america.com\/site\/ecuador\/wp-content\/uploads\/sites\/18\/2023\/07\/WhatsApp-Image-2023-07-13-at-16.01.23.jpeg","contentUrl":"https:\/\/noti-america.com\/site\/ecuador\/wp-content\/uploads\/sites\/18\/2023\/07\/WhatsApp-Image-2023-07-13-at-16.01.23.jpeg","width":1600,"height":1200},{"@type":"BreadcrumbList","@id":"https:\/\/noti-america.com\/site\/ecuador\/2023\/07\/14\/jovenes-motivan-a-la-lectura-y-escritura-en-club-de-periodismo\/#breadcrumb","itemListElement":[{"@type":"ListItem","position":1,"name":"Portada","item":"https:\/\/noti-america.com\/site\/ecuador\/"},{"@type":"ListItem","position":2,"name":"J\u00f3venes motivan a la lectura y escritura en Club de Periodismo"}]},{"@type":"WebSite","@id":"https:\/\/noti-america.com\/site\/ecuador\/#website","url":"https:\/\/noti-america.com\/site\/ecuador\/","name":"Ecuador | Noti-America.com","description":"","publisher":{"@id":"https:\/\/noti-america.com\/site\/ecuador\/#organization"},"potentialAction":[{"@type":"SearchAction","target":{"@type":"EntryPoint","urlTemplate":"https:\/\/noti-america.com\/site\/ecuador\/?s={search_term_string}"},"query-input":{"@type":"PropertyValueSpecification","valueRequired":true,"valueName":"search_term_string"}}],"inLanguage":"es"},{"@type":"Organization","@id":"https:\/\/noti-america.com\/site\/ecuador\/#organization","name":"Noti-America LLC | Ecuador","url":"https:\/\/noti-america.com\/site\/ecuador\/","logo":{"@type":"ImageObject","inLanguage":"es","@id":"https:\/\/noti-america.com\/site\/ecuador\/#\/schema\/logo\/image\/","url":"https:\/\/noti-america.com\/site\/ecuador\/wp-content\/uploads\/sites\/18\/2020\/07\/LogoNA-4x3-1.jpg","contentUrl":"https:\/\/noti-america.com\/site\/ecuador\/wp-content\/uploads\/sites\/18\/2020\/07\/LogoNA-4x3-1.jpg","width":1236,"height":1080,"caption":"Noti-America LLC | Ecuador"},"image":{"@id":"https:\/\/noti-america.com\/site\/ecuador\/#\/schema\/logo\/image\/"},"sameAs":["https:\/\/x.com\/notiamerica"]},{"@type":"Person","@id":"https:\/\/noti-america.com\/site\/ecuador\/#\/schema\/person\/b9d1630cc6598af759d45c790a347283","name":"Henry Ortiz","image":{"@type":"ImageObject","inLanguage":"es","@id":"https:\/\/secure.gravatar.com\/avatar\/0b5407b5b302fbb6a578e625dca512ac2983ee5fa9ea941d581b83c40212e4c8?s=96&d=mm&r=g","url":"https:\/\/secure.gravatar.com\/avatar\/0b5407b5b302fbb6a578e625dca512ac2983ee5fa9ea941d581b83c40212e4c8?s=96&d=mm&r=g","contentUrl":"https:\/\/secure.gravatar.com\/avatar\/0b5407b5b302fbb6a578e625dca512ac2983ee5fa9ea941d581b83c40212e4c8?s=96&d=mm&r=g","caption":"Henry Ortiz"},"url":"https:\/\/noti-america.com\/site\/ecuador\/author\/hortiz\/"}]}},"_links":{"self":[{"href":"https:\/\/noti-america.com\/site\/ecuador\/wp-json\/wp\/v2\/posts\/25562","targetHints":{"allow":["GET"]}}],"collection":[{"href":"https:\/\/noti-america.com\/site\/ecuador\/wp-json\/wp\/v2\/posts"}],"about":[{"href":"https:\/\/noti-america.com\/site\/ecuador\/wp-json\/wp\/v2\/types\/post"}],"author":[{"embeddable":true,"href":"https:\/\/noti-america.com\/site\/ecuador\/wp-json\/wp\/v2\/users\/113"}],"replies":[{"embeddable":true,"href":"https:\/\/noti-america.com\/site\/ecuador\/wp-json\/wp\/v2\/comments?post=25562"}],"version-history":[{"count":1,"href":"https:\/\/noti-america.com\/site\/ecuador\/wp-json\/wp\/v2\/posts\/25562\/revisions"}],"predecessor-version":[{"id":25566,"href":"https:\/\/noti-america.com\/site\/ecuador\/wp-json\/wp\/v2\/posts\/25562\/revisions\/25566"}],"wp:featuredmedia":[{"embeddable":true,"href":"https:\/\/noti-america.com\/site\/ecuador\/wp-json\/wp\/v2\/media\/25563"}],"wp:attachment":[{"href":"https:\/\/noti-america.com\/site\/ecuador\/wp-json\/wp\/v2\/media?parent=25562"}],"wp:term":[{"taxonomy":"category","embeddable":true,"href":"https:\/\/noti-america.com\/site\/ecuador\/wp-json\/wp\/v2\/categories?post=25562"},{"taxonomy":"post_tag","embeddable":true,"href":"https:\/\/noti-america.com\/site\/ecuador\/wp-json\/wp\/v2\/tags?post=25562"}],"curies":[{"name":"wp","href":"https:\/\/api.w.org\/{rel}","templated":true}]}}