{"id":25270,"date":"2023-06-24T21:27:34","date_gmt":"2023-06-24T21:27:34","guid":{"rendered":"https:\/\/noti-america.com\/site\/ecuador\/?p=25270"},"modified":"2023-06-24T22:03:30","modified_gmt":"2023-06-24T22:03:30","slug":"estudiantes-promueven-tradiciones-ancestrales-y-el-cuidado-del-medio-ambiente","status":"publish","type":"post","link":"https:\/\/noti-america.com\/site\/ecuador\/2023\/06\/24\/estudiantes-promueven-tradiciones-ancestrales-y-el-cuidado-del-medio-ambiente\/","title":{"rendered":"Estudiantes promueven tradiciones ancestrales y el cuidado del medio ambiente"},"content":{"rendered":"<p style=\"text-align: justify\"><strong>REDACCI\u00d3N NOTI AM\u00c9RICA (ECUADOR)<\/strong><\/p>\n<div id=\"attachment_25271\" style=\"width: 499px\" class=\"wp-caption alignleft\"><img loading=\"lazy\" decoding=\"async\" aria-describedby=\"caption-attachment-25271\" class=\"wp-image-25271\" src=\"https:\/\/noti-america.com\/site\/ecuador\/wp-content\/uploads\/sites\/18\/2023\/06\/WhatsApp-Image-2023-06-23-at-15.38.50-300x135.jpeg\" alt=\"\" width=\"489\" height=\"220\" srcset=\"https:\/\/noti-america.com\/site\/ecuador\/wp-content\/uploads\/sites\/18\/2023\/06\/WhatsApp-Image-2023-06-23-at-15.38.50-300x135.jpeg 300w, https:\/\/noti-america.com\/site\/ecuador\/wp-content\/uploads\/sites\/18\/2023\/06\/WhatsApp-Image-2023-06-23-at-15.38.50-1024x461.jpeg 1024w, https:\/\/noti-america.com\/site\/ecuador\/wp-content\/uploads\/sites\/18\/2023\/06\/WhatsApp-Image-2023-06-23-at-15.38.50-768x346.jpeg 768w, https:\/\/noti-america.com\/site\/ecuador\/wp-content\/uploads\/sites\/18\/2023\/06\/WhatsApp-Image-2023-06-23-at-15.38.50-1536x692.jpeg 1536w, https:\/\/noti-america.com\/site\/ecuador\/wp-content\/uploads\/sites\/18\/2023\/06\/WhatsApp-Image-2023-06-23-at-15.38.50.jpeg 1600w\" sizes=\"auto, (max-width: 489px) 100vw, 489px\" \/><p id=\"caption-attachment-25271\" class=\"wp-caption-text\">Los ni\u00f1os y j\u00f3venes recordaron nuestras tradiciones y la importancia del cuidado de la naturaleza en la Unidad Educativa 28 de Mayo.<\/p><\/div>\n<p style=\"text-align: justify\">Din\u00e1micas art\u00edsticas, danzas y poes\u00edas formaron parte de la jornada desarrollada por estudiantes de las unidades educativas Veintiocho de Mayo y Modesto Ch\u00e1vez Franco, como recordatorio por el Inti Raymi y la importancia de los p\u00e1ramos.<\/p>\n<p style=\"text-align: justify\">El evento destac\u00f3 la importancia del recordatorio de la celebraci\u00f3n ancestral arraigada en los pueblos ind\u00edgenas, de agradecimiento al Taita Sol y por la cosecha.<\/p>\n<p style=\"text-align: justify\">Estudiantes ofrecieron bailes de la Sierra y folclore de la Costa con mucho colorido como parte de sus actividades. De igual manera, los alumnos expusieron mensajes sobre la importancia del cuidado de los p\u00e1ramos para preservar el agua de los r\u00edos y el ecosistema.<\/p>\n<p style=\"text-align: justify\">Sofia Alfaro, estudiante de cuarto de B\u00e1sica, se\u00f1al\u00f3 al respecto: \u201cTenemos que saber m\u00e1s sobre el medio ambiente para valorar lo que tenemos y cuidarlo\u201d, indic\u00f3.<\/p>\n<p style=\"text-align: justify\">Alumnos de diversas instituciones Fiscales de Guayaquil, Dur\u00e1n y Samborond\u00f3n se unieron a estas iniciativas. \u201cEs importante recordar estas fechas, ya que de esta manera ellos van conociendo nuestras tradiciones y fomentan la memoria hist\u00f3rica del pa\u00eds\u201d, expres\u00f3 Ingrid Figueroa, docente de 4to de B\u00e1sica.<\/p>\n<p style=\"text-align: justify\">Con trajes y m\u00e1scaras los j\u00f3venes revivieron el sentir de los pueblos ind\u00edgenas dando las gracias al Sol. \u201cMe parece una danza muy linda, de agradecimiento por todos los frutos de la naturaleza, me ayuda a conocer m\u00e1s sobre mi pa\u00eds y mi entorno\u201d, as\u00ed lo relat\u00f3 Feliz Rodr\u00edguez, estudiante de 9no de B\u00e1sica.<\/p>\n<p style=\"text-align: justify\">El Ministerio de Educaci\u00f3n promueve una educaci\u00f3n integral y el desarrollo de los estudiantes, tomando en cuenta las tradiciones y la interculturalidad de nuestro pa\u00eds.<\/p>\n","protected":false},"excerpt":{"rendered":"<p>REDACCI\u00d3N NOTI AM\u00c9RICA (ECUADOR) Din\u00e1micas art\u00edsticas, danzas y poes\u00edas formaron parte de la jornada desarrollada por estudiantes de las unidades educativas Veintiocho de Mayo y Modesto Ch\u00e1vez Franco, como recordatorio por el Inti Raymi&#46;&#46;&#46;<\/p>\n","protected":false},"author":17,"featured_media":25271,"comment_status":"open","ping_status":"open","sticky":false,"template":"","format":"standard","meta":{"_acf_changed":false,"om_disable_all_campaigns":false,"rop_custom_images_group":[],"rop_custom_messages_group":[],"rop_publish_now":"initial","rop_publish_now_accounts":{"twitter_242054905_242054905":""},"rop_publish_now_history":[],"rop_publish_now_status":"pending","_uf_show_specific_survey":0,"_uf_disable_surveys":false,"footnotes":""},"categories":[103],"tags":[],"class_list":["post-25270","post","type-post","status-publish","format-standard","has-post-thumbnail","hentry","category-educacion"],"acf":[],"aioseo_notices":[],"yoast_head":"<!-- This site is optimized with the Yoast SEO Premium plugin v24.9 (Yoast SEO v27.2) - https:\/\/yoast.com\/product\/yoast-seo-premium-wordpress\/ -->\n<title>Estudiantes promueven tradiciones ancestrales y el cuidado del medio ambiente - Ecuador | Noti-America.com<\/title>\n<meta name=\"robots\" content=\"index, follow, max-snippet:-1, max-image-preview:large, max-video-preview:-1\" \/>\n<link rel=\"canonical\" href=\"https:\/\/noti-america.com\/site\/ecuador\/2023\/06\/24\/estudiantes-promueven-tradiciones-ancestrales-y-el-cuidado-del-medio-ambiente\/\" \/>\n<meta property=\"og:locale\" content=\"es_ES\" \/>\n<meta property=\"og:type\" content=\"article\" \/>\n<meta property=\"og:title\" content=\"Estudiantes promueven tradiciones ancestrales y el cuidado del medio ambiente\" \/>\n<meta property=\"og:description\" content=\"REDACCI\u00d3N NOTI AM\u00c9RICA (ECUADOR) Din\u00e1micas art\u00edsticas, danzas y poes\u00edas formaron parte de la jornada desarrollada por estudiantes de las unidades educativas Veintiocho de Mayo y Modesto Ch\u00e1vez Franco, como recordatorio por el Inti Raymi&#046;&#046;&#046;\" \/>\n<meta property=\"og:url\" content=\"https:\/\/noti-america.com\/site\/ecuador\/2023\/06\/24\/estudiantes-promueven-tradiciones-ancestrales-y-el-cuidado-del-medio-ambiente\/\" \/>\n<meta property=\"og:site_name\" content=\"Ecuador | Noti-America.com\" \/>\n<meta property=\"article:published_time\" content=\"2023-06-24T21:27:34+00:00\" \/>\n<meta property=\"article:modified_time\" content=\"2023-06-24T22:03:30+00:00\" \/>\n<meta property=\"og:image\" content=\"https:\/\/noti-america.com\/site\/ecuador\/wp-content\/uploads\/sites\/18\/2023\/06\/WhatsApp-Image-2023-06-23-at-15.38.50.jpeg\" \/>\n\t<meta property=\"og:image:width\" content=\"1600\" \/>\n\t<meta property=\"og:image:height\" content=\"721\" \/>\n\t<meta property=\"og:image:type\" content=\"image\/jpeg\" \/>\n<meta name=\"author\" content=\"Gregory Quintana Montiel\" \/>\n<meta name=\"twitter:card\" content=\"summary_large_image\" \/>\n<meta name=\"twitter:creator\" content=\"@gdgregori1\" \/>\n<meta name=\"twitter:site\" content=\"@notiamerica\" \/>\n<meta name=\"twitter:label1\" content=\"Escrito por\" \/>\n\t<meta name=\"twitter:data1\" content=\"Gregory Quintana Montiel\" \/>\n\t<meta name=\"twitter:label2\" content=\"Tiempo estimado de lectura\" \/>\n\t<meta name=\"twitter:data2\" content=\"2 minutos\" \/>\n<script type=\"application\/ld+json\" class=\"yoast-schema-graph\">{\"@context\":\"https:\/\/schema.org\",\"@graph\":[{\"@type\":\"Article\",\"@id\":\"https:\/\/noti-america.com\/site\/ecuador\/2023\/06\/24\/estudiantes-promueven-tradiciones-ancestrales-y-el-cuidado-del-medio-ambiente\/#article\",\"isPartOf\":{\"@id\":\"https:\/\/noti-america.com\/site\/ecuador\/2023\/06\/24\/estudiantes-promueven-tradiciones-ancestrales-y-el-cuidado-del-medio-ambiente\/\"},\"author\":{\"name\":\"Gregory Quintana Montiel\",\"@id\":\"https:\/\/noti-america.com\/site\/ecuador\/#\/schema\/person\/3b975e42f15abfe64bfe3abdd916efda\"},\"headline\":\"Estudiantes promueven tradiciones ancestrales y el cuidado del medio ambiente\",\"datePublished\":\"2023-06-24T21:27:34+00:00\",\"dateModified\":\"2023-06-24T22:03:30+00:00\",\"mainEntityOfPage\":{\"@id\":\"https:\/\/noti-america.com\/site\/ecuador\/2023\/06\/24\/estudiantes-promueven-tradiciones-ancestrales-y-el-cuidado-del-medio-ambiente\/\"},\"wordCount\":328,\"commentCount\":0,\"publisher\":{\"@id\":\"https:\/\/noti-america.com\/site\/ecuador\/#organization\"},\"image\":{\"@id\":\"https:\/\/noti-america.com\/site\/ecuador\/2023\/06\/24\/estudiantes-promueven-tradiciones-ancestrales-y-el-cuidado-del-medio-ambiente\/#primaryimage\"},\"thumbnailUrl\":\"https:\/\/noti-america.com\/site\/ecuador\/wp-content\/uploads\/sites\/18\/2023\/06\/WhatsApp-Image-2023-06-23-at-15.38.50.jpeg\",\"articleSection\":[\"Educaci\u00f3n\"],\"inLanguage\":\"es\",\"potentialAction\":[{\"@type\":\"CommentAction\",\"name\":\"Comment\",\"target\":[\"https:\/\/noti-america.com\/site\/ecuador\/2023\/06\/24\/estudiantes-promueven-tradiciones-ancestrales-y-el-cuidado-del-medio-ambiente\/#respond\"]}]},{\"@type\":\"WebPage\",\"@id\":\"https:\/\/noti-america.com\/site\/ecuador\/2023\/06\/24\/estudiantes-promueven-tradiciones-ancestrales-y-el-cuidado-del-medio-ambiente\/\",\"url\":\"https:\/\/noti-america.com\/site\/ecuador\/2023\/06\/24\/estudiantes-promueven-tradiciones-ancestrales-y-el-cuidado-del-medio-ambiente\/\",\"name\":\"Estudiantes promueven tradiciones ancestrales y el cuidado del medio ambiente - Ecuador | Noti-America.com\",\"isPartOf\":{\"@id\":\"https:\/\/noti-america.com\/site\/ecuador\/#website\"},\"primaryImageOfPage\":{\"@id\":\"https:\/\/noti-america.com\/site\/ecuador\/2023\/06\/24\/estudiantes-promueven-tradiciones-ancestrales-y-el-cuidado-del-medio-ambiente\/#primaryimage\"},\"image\":{\"@id\":\"https:\/\/noti-america.com\/site\/ecuador\/2023\/06\/24\/estudiantes-promueven-tradiciones-ancestrales-y-el-cuidado-del-medio-ambiente\/#primaryimage\"},\"thumbnailUrl\":\"https:\/\/noti-america.com\/site\/ecuador\/wp-content\/uploads\/sites\/18\/2023\/06\/WhatsApp-Image-2023-06-23-at-15.38.50.jpeg\",\"datePublished\":\"2023-06-24T21:27:34+00:00\",\"dateModified\":\"2023-06-24T22:03:30+00:00\",\"breadcrumb\":{\"@id\":\"https:\/\/noti-america.com\/site\/ecuador\/2023\/06\/24\/estudiantes-promueven-tradiciones-ancestrales-y-el-cuidado-del-medio-ambiente\/#breadcrumb\"},\"inLanguage\":\"es\",\"potentialAction\":[{\"@type\":\"ReadAction\",\"target\":[\"https:\/\/noti-america.com\/site\/ecuador\/2023\/06\/24\/estudiantes-promueven-tradiciones-ancestrales-y-el-cuidado-del-medio-ambiente\/\"]}]},{\"@type\":\"ImageObject\",\"inLanguage\":\"es\",\"@id\":\"https:\/\/noti-america.com\/site\/ecuador\/2023\/06\/24\/estudiantes-promueven-tradiciones-ancestrales-y-el-cuidado-del-medio-ambiente\/#primaryimage\",\"url\":\"https:\/\/noti-america.com\/site\/ecuador\/wp-content\/uploads\/sites\/18\/2023\/06\/WhatsApp-Image-2023-06-23-at-15.38.50.jpeg\",\"contentUrl\":\"https:\/\/noti-america.com\/site\/ecuador\/wp-content\/uploads\/sites\/18\/2023\/06\/WhatsApp-Image-2023-06-23-at-15.38.50.jpeg\",\"width\":1600,\"height\":721},{\"@type\":\"BreadcrumbList\",\"@id\":\"https:\/\/noti-america.com\/site\/ecuador\/2023\/06\/24\/estudiantes-promueven-tradiciones-ancestrales-y-el-cuidado-del-medio-ambiente\/#breadcrumb\",\"itemListElement\":[{\"@type\":\"ListItem\",\"position\":1,\"name\":\"Portada\",\"item\":\"https:\/\/noti-america.com\/site\/ecuador\/\"},{\"@type\":\"ListItem\",\"position\":2,\"name\":\"Estudiantes promueven tradiciones ancestrales y el cuidado del medio ambiente\"}]},{\"@type\":\"WebSite\",\"@id\":\"https:\/\/noti-america.com\/site\/ecuador\/#website\",\"url\":\"https:\/\/noti-america.com\/site\/ecuador\/\",\"name\":\"Ecuador | Noti-America.com\",\"description\":\"\",\"publisher\":{\"@id\":\"https:\/\/noti-america.com\/site\/ecuador\/#organization\"},\"potentialAction\":[{\"@type\":\"SearchAction\",\"target\":{\"@type\":\"EntryPoint\",\"urlTemplate\":\"https:\/\/noti-america.com\/site\/ecuador\/?s={search_term_string}\"},\"query-input\":{\"@type\":\"PropertyValueSpecification\",\"valueRequired\":true,\"valueName\":\"search_term_string\"}}],\"inLanguage\":\"es\"},{\"@type\":\"Organization\",\"@id\":\"https:\/\/noti-america.com\/site\/ecuador\/#organization\",\"name\":\"Noti-America LLC | Ecuador\",\"url\":\"https:\/\/noti-america.com\/site\/ecuador\/\",\"logo\":{\"@type\":\"ImageObject\",\"inLanguage\":\"es\",\"@id\":\"https:\/\/noti-america.com\/site\/ecuador\/#\/schema\/logo\/image\/\",\"url\":\"https:\/\/noti-america.com\/site\/ecuador\/wp-content\/uploads\/sites\/18\/2020\/07\/LogoNA-4x3-1.jpg\",\"contentUrl\":\"https:\/\/noti-america.com\/site\/ecuador\/wp-content\/uploads\/sites\/18\/2020\/07\/LogoNA-4x3-1.jpg\",\"width\":1236,\"height\":1080,\"caption\":\"Noti-America LLC | Ecuador\"},\"image\":{\"@id\":\"https:\/\/noti-america.com\/site\/ecuador\/#\/schema\/logo\/image\/\"},\"sameAs\":[\"https:\/\/x.com\/notiamerica\"]},{\"@type\":\"Person\",\"@id\":\"https:\/\/noti-america.com\/site\/ecuador\/#\/schema\/person\/3b975e42f15abfe64bfe3abdd916efda\",\"name\":\"Gregory Quintana Montiel\",\"image\":{\"@type\":\"ImageObject\",\"inLanguage\":\"es\",\"@id\":\"https:\/\/secure.gravatar.com\/avatar\/2d6b802f7720c2ec7744dcbe608cc2f3417aeb964d58b443c6d612b77531de1d?s=96&d=mm&r=g\",\"url\":\"https:\/\/secure.gravatar.com\/avatar\/2d6b802f7720c2ec7744dcbe608cc2f3417aeb964d58b443c6d612b77531de1d?s=96&d=mm&r=g\",\"contentUrl\":\"https:\/\/secure.gravatar.com\/avatar\/2d6b802f7720c2ec7744dcbe608cc2f3417aeb964d58b443c6d612b77531de1d?s=96&d=mm&r=g\",\"caption\":\"Gregory Quintana Montiel\"},\"description\":\"Licenciatura en Ciencias de la Comunicaci\u00f3n Social, egresado en la Especializaci\u00f3n Derecho Ambiental Desarrollo Sostenible y Sustentable, Miembro de la Comunidad de profesionales y experto para Latinoam\u00e9rica y el Caribe en Gesti\u00f3n por Resultado en el Desarrollo (COPLAC - GpRD) del Banco Interamericano de Desarrollo, experiencia en medios radiales y escritos.\",\"sameAs\":[\"https:\/\/x.com\/gdgregori1\",\"gquintana\"],\"url\":\"https:\/\/noti-america.com\/site\/ecuador\/author\/gquintana\/\"}]}<\/script>\n<!-- \/ Yoast SEO Premium plugin. -->","yoast_head_json":{"title":"Estudiantes promueven tradiciones ancestrales y el cuidado del medio ambiente - Ecuador | Noti-America.com","robots":{"index":"index","follow":"follow","max-snippet":"max-snippet:-1","max-image-preview":"max-image-preview:large","max-video-preview":"max-video-preview:-1"},"canonical":"https:\/\/noti-america.com\/site\/ecuador\/2023\/06\/24\/estudiantes-promueven-tradiciones-ancestrales-y-el-cuidado-del-medio-ambiente\/","og_locale":"es_ES","og_type":"article","og_title":"Estudiantes promueven tradiciones ancestrales y el cuidado del medio ambiente","og_description":"REDACCI\u00d3N NOTI AM\u00c9RICA (ECUADOR) Din\u00e1micas art\u00edsticas, danzas y poes\u00edas formaron parte de la jornada desarrollada por estudiantes de las unidades educativas Veintiocho de Mayo y Modesto Ch\u00e1vez Franco, como recordatorio por el Inti Raymi&#46;&#46;&#46;","og_url":"https:\/\/noti-america.com\/site\/ecuador\/2023\/06\/24\/estudiantes-promueven-tradiciones-ancestrales-y-el-cuidado-del-medio-ambiente\/","og_site_name":"Ecuador | Noti-America.com","article_published_time":"2023-06-24T21:27:34+00:00","article_modified_time":"2023-06-24T22:03:30+00:00","og_image":[{"width":1600,"height":721,"url":"https:\/\/noti-america.com\/site\/ecuador\/wp-content\/uploads\/sites\/18\/2023\/06\/WhatsApp-Image-2023-06-23-at-15.38.50.jpeg","type":"image\/jpeg"}],"author":"Gregory Quintana Montiel","twitter_card":"summary_large_image","twitter_creator":"@gdgregori1","twitter_site":"@notiamerica","twitter_misc":{"Escrito por":"Gregory Quintana Montiel","Tiempo estimado de lectura":"2 minutos"},"schema":{"@context":"https:\/\/schema.org","@graph":[{"@type":"Article","@id":"https:\/\/noti-america.com\/site\/ecuador\/2023\/06\/24\/estudiantes-promueven-tradiciones-ancestrales-y-el-cuidado-del-medio-ambiente\/#article","isPartOf":{"@id":"https:\/\/noti-america.com\/site\/ecuador\/2023\/06\/24\/estudiantes-promueven-tradiciones-ancestrales-y-el-cuidado-del-medio-ambiente\/"},"author":{"name":"Gregory Quintana Montiel","@id":"https:\/\/noti-america.com\/site\/ecuador\/#\/schema\/person\/3b975e42f15abfe64bfe3abdd916efda"},"headline":"Estudiantes promueven tradiciones ancestrales y el cuidado del medio ambiente","datePublished":"2023-06-24T21:27:34+00:00","dateModified":"2023-06-24T22:03:30+00:00","mainEntityOfPage":{"@id":"https:\/\/noti-america.com\/site\/ecuador\/2023\/06\/24\/estudiantes-promueven-tradiciones-ancestrales-y-el-cuidado-del-medio-ambiente\/"},"wordCount":328,"commentCount":0,"publisher":{"@id":"https:\/\/noti-america.com\/site\/ecuador\/#organization"},"image":{"@id":"https:\/\/noti-america.com\/site\/ecuador\/2023\/06\/24\/estudiantes-promueven-tradiciones-ancestrales-y-el-cuidado-del-medio-ambiente\/#primaryimage"},"thumbnailUrl":"https:\/\/noti-america.com\/site\/ecuador\/wp-content\/uploads\/sites\/18\/2023\/06\/WhatsApp-Image-2023-06-23-at-15.38.50.jpeg","articleSection":["Educaci\u00f3n"],"inLanguage":"es","potentialAction":[{"@type":"CommentAction","name":"Comment","target":["https:\/\/noti-america.com\/site\/ecuador\/2023\/06\/24\/estudiantes-promueven-tradiciones-ancestrales-y-el-cuidado-del-medio-ambiente\/#respond"]}]},{"@type":"WebPage","@id":"https:\/\/noti-america.com\/site\/ecuador\/2023\/06\/24\/estudiantes-promueven-tradiciones-ancestrales-y-el-cuidado-del-medio-ambiente\/","url":"https:\/\/noti-america.com\/site\/ecuador\/2023\/06\/24\/estudiantes-promueven-tradiciones-ancestrales-y-el-cuidado-del-medio-ambiente\/","name":"Estudiantes promueven tradiciones ancestrales y el cuidado del medio ambiente - Ecuador | Noti-America.com","isPartOf":{"@id":"https:\/\/noti-america.com\/site\/ecuador\/#website"},"primaryImageOfPage":{"@id":"https:\/\/noti-america.com\/site\/ecuador\/2023\/06\/24\/estudiantes-promueven-tradiciones-ancestrales-y-el-cuidado-del-medio-ambiente\/#primaryimage"},"image":{"@id":"https:\/\/noti-america.com\/site\/ecuador\/2023\/06\/24\/estudiantes-promueven-tradiciones-ancestrales-y-el-cuidado-del-medio-ambiente\/#primaryimage"},"thumbnailUrl":"https:\/\/noti-america.com\/site\/ecuador\/wp-content\/uploads\/sites\/18\/2023\/06\/WhatsApp-Image-2023-06-23-at-15.38.50.jpeg","datePublished":"2023-06-24T21:27:34+00:00","dateModified":"2023-06-24T22:03:30+00:00","breadcrumb":{"@id":"https:\/\/noti-america.com\/site\/ecuador\/2023\/06\/24\/estudiantes-promueven-tradiciones-ancestrales-y-el-cuidado-del-medio-ambiente\/#breadcrumb"},"inLanguage":"es","potentialAction":[{"@type":"ReadAction","target":["https:\/\/noti-america.com\/site\/ecuador\/2023\/06\/24\/estudiantes-promueven-tradiciones-ancestrales-y-el-cuidado-del-medio-ambiente\/"]}]},{"@type":"ImageObject","inLanguage":"es","@id":"https:\/\/noti-america.com\/site\/ecuador\/2023\/06\/24\/estudiantes-promueven-tradiciones-ancestrales-y-el-cuidado-del-medio-ambiente\/#primaryimage","url":"https:\/\/noti-america.com\/site\/ecuador\/wp-content\/uploads\/sites\/18\/2023\/06\/WhatsApp-Image-2023-06-23-at-15.38.50.jpeg","contentUrl":"https:\/\/noti-america.com\/site\/ecuador\/wp-content\/uploads\/sites\/18\/2023\/06\/WhatsApp-Image-2023-06-23-at-15.38.50.jpeg","width":1600,"height":721},{"@type":"BreadcrumbList","@id":"https:\/\/noti-america.com\/site\/ecuador\/2023\/06\/24\/estudiantes-promueven-tradiciones-ancestrales-y-el-cuidado-del-medio-ambiente\/#breadcrumb","itemListElement":[{"@type":"ListItem","position":1,"name":"Portada","item":"https:\/\/noti-america.com\/site\/ecuador\/"},{"@type":"ListItem","position":2,"name":"Estudiantes promueven tradiciones ancestrales y el cuidado del medio ambiente"}]},{"@type":"WebSite","@id":"https:\/\/noti-america.com\/site\/ecuador\/#website","url":"https:\/\/noti-america.com\/site\/ecuador\/","name":"Ecuador | Noti-America.com","description":"","publisher":{"@id":"https:\/\/noti-america.com\/site\/ecuador\/#organization"},"potentialAction":[{"@type":"SearchAction","target":{"@type":"EntryPoint","urlTemplate":"https:\/\/noti-america.com\/site\/ecuador\/?s={search_term_string}"},"query-input":{"@type":"PropertyValueSpecification","valueRequired":true,"valueName":"search_term_string"}}],"inLanguage":"es"},{"@type":"Organization","@id":"https:\/\/noti-america.com\/site\/ecuador\/#organization","name":"Noti-America LLC | Ecuador","url":"https:\/\/noti-america.com\/site\/ecuador\/","logo":{"@type":"ImageObject","inLanguage":"es","@id":"https:\/\/noti-america.com\/site\/ecuador\/#\/schema\/logo\/image\/","url":"https:\/\/noti-america.com\/site\/ecuador\/wp-content\/uploads\/sites\/18\/2020\/07\/LogoNA-4x3-1.jpg","contentUrl":"https:\/\/noti-america.com\/site\/ecuador\/wp-content\/uploads\/sites\/18\/2020\/07\/LogoNA-4x3-1.jpg","width":1236,"height":1080,"caption":"Noti-America LLC | Ecuador"},"image":{"@id":"https:\/\/noti-america.com\/site\/ecuador\/#\/schema\/logo\/image\/"},"sameAs":["https:\/\/x.com\/notiamerica"]},{"@type":"Person","@id":"https:\/\/noti-america.com\/site\/ecuador\/#\/schema\/person\/3b975e42f15abfe64bfe3abdd916efda","name":"Gregory Quintana Montiel","image":{"@type":"ImageObject","inLanguage":"es","@id":"https:\/\/secure.gravatar.com\/avatar\/2d6b802f7720c2ec7744dcbe608cc2f3417aeb964d58b443c6d612b77531de1d?s=96&d=mm&r=g","url":"https:\/\/secure.gravatar.com\/avatar\/2d6b802f7720c2ec7744dcbe608cc2f3417aeb964d58b443c6d612b77531de1d?s=96&d=mm&r=g","contentUrl":"https:\/\/secure.gravatar.com\/avatar\/2d6b802f7720c2ec7744dcbe608cc2f3417aeb964d58b443c6d612b77531de1d?s=96&d=mm&r=g","caption":"Gregory Quintana Montiel"},"description":"Licenciatura en Ciencias de la Comunicaci\u00f3n Social, egresado en la Especializaci\u00f3n Derecho Ambiental Desarrollo Sostenible y Sustentable, Miembro de la Comunidad de profesionales y experto para Latinoam\u00e9rica y el Caribe en Gesti\u00f3n por Resultado en el Desarrollo (COPLAC - GpRD) del Banco Interamericano de Desarrollo, experiencia en medios radiales y escritos.","sameAs":["https:\/\/x.com\/gdgregori1","gquintana"],"url":"https:\/\/noti-america.com\/site\/ecuador\/author\/gquintana\/"}]}},"_links":{"self":[{"href":"https:\/\/noti-america.com\/site\/ecuador\/wp-json\/wp\/v2\/posts\/25270","targetHints":{"allow":["GET"]}}],"collection":[{"href":"https:\/\/noti-america.com\/site\/ecuador\/wp-json\/wp\/v2\/posts"}],"about":[{"href":"https:\/\/noti-america.com\/site\/ecuador\/wp-json\/wp\/v2\/types\/post"}],"author":[{"embeddable":true,"href":"https:\/\/noti-america.com\/site\/ecuador\/wp-json\/wp\/v2\/users\/17"}],"replies":[{"embeddable":true,"href":"https:\/\/noti-america.com\/site\/ecuador\/wp-json\/wp\/v2\/comments?post=25270"}],"version-history":[{"count":2,"href":"https:\/\/noti-america.com\/site\/ecuador\/wp-json\/wp\/v2\/posts\/25270\/revisions"}],"predecessor-version":[{"id":25279,"href":"https:\/\/noti-america.com\/site\/ecuador\/wp-json\/wp\/v2\/posts\/25270\/revisions\/25279"}],"wp:featuredmedia":[{"embeddable":true,"href":"https:\/\/noti-america.com\/site\/ecuador\/wp-json\/wp\/v2\/media\/25271"}],"wp:attachment":[{"href":"https:\/\/noti-america.com\/site\/ecuador\/wp-json\/wp\/v2\/media?parent=25270"}],"wp:term":[{"taxonomy":"category","embeddable":true,"href":"https:\/\/noti-america.com\/site\/ecuador\/wp-json\/wp\/v2\/categories?post=25270"},{"taxonomy":"post_tag","embeddable":true,"href":"https:\/\/noti-america.com\/site\/ecuador\/wp-json\/wp\/v2\/tags?post=25270"}],"curies":[{"name":"wp","href":"https:\/\/api.w.org\/{rel}","templated":true}]}}